{"id":17227,"date":"2015-08-12T03:42:13","date_gmt":"2015-08-12T03:42:13","guid":{"rendered":"https:\/\/pagina10.com\/web\/pasto-primera-ciudad-con-via-libre-para-implementacion-del-setp\/"},"modified":"2015-08-12T03:42:13","modified_gmt":"2015-08-12T03:42:13","slug":"pasto-primera-ciudad-con-via-libre-para-implementacion-del-setp","status":"publish","type":"post","link":"https:\/\/pagina10.com\/web\/pasto-primera-ciudad-con-via-libre-para-implementacion-del-setp\/","title":{"rendered":"Pasto, primera ciudad con v\u00eda libre para implementaci\u00f3n del SETP"},"content":{"rendered":"<p><img fetchpriority=\"high\" decoding=\"async\" class=\" size-full wp-image-17226\" src=\"https:\/\/pagina10.com\/web\/wp-content\/uploads\/2015\/08\/106879542ac3db90f1eb1c6ad7a6a9f9.jpg\" alt=\"\" width=\"837\" height=\"373\" srcset=\"https:\/\/pagina10.com\/web\/wp-content\/uploads\/2015\/08\/106879542ac3db90f1eb1c6ad7a6a9f9.jpg 837w, https:\/\/pagina10.com\/web\/wp-content\/uploads\/2015\/08\/106879542ac3db90f1eb1c6ad7a6a9f9-300x134.jpg 300w, https:\/\/pagina10.com\/web\/wp-content\/uploads\/2015\/08\/106879542ac3db90f1eb1c6ad7a6a9f9-768x342.jpg 768w\" sizes=\"(max-width: 837px) 100vw, 837px\" \/><\/p>\n<p style=\"text-align: justify;\">Con la validaci\u00f3n por parte del Departamento de Planeaci\u00f3n Nacional (DNP) de los estudios de Estructuraci\u00f3n T\u00e9cnica, Legal y Financiera del Sistema Estrat\u00e9gico de Transporte P\u00fablico de Pasajeros (SETP) presentados por Avante, Pasto se convierte en la primera ciudad en obtener esta autorizaci\u00f3n a nivel nacional.<\/p>\n<p style=\"text-align: justify;\">&#8220;De los ocho sistemas estrat\u00e9gicos que se est\u00e1n desarrollando en el pa\u00eds somos el \u00fanico que cuenta con esta validaci\u00f3n lo que permite que en los pr\u00f3ximos d\u00edas el se\u00f1or alcalde, Harold Guerrero L\u00f3pez, pueda expedir los decretos de implementaci\u00f3n del Sistema que ya generan compromisos para el municipio y los transportadores&#8221;, explic\u00f3 Jorge Hernando Cote, gerente de Avante, quien resalt\u00f3 la importancia de este avance porque es un reconocimiento del DNP sobre el cumplimiento de todos los requisitos previos para la puesta en marcha del SETP en la capital nari\u00f1ense.<\/p>\n<p style=\"text-align: justify;\">El funcionario inform\u00f3 que la entidad recibi\u00f3 un desembolso de $6.250 millones por parte del municipio y que en este mes la naci\u00f3n entregar\u00e1 casi 39 mil millones para asegurar la financiaci\u00f3n de los diferentes componentes que incluye el proyecto como infraestructura, compra de predios y la implementaci\u00f3n del Sistema como tal.<\/p>\n<p style=\"text-align: justify;\">La implementaci\u00f3n del Sistema incluye varias estrategias que buscan modernizar y mejorar la operaci\u00f3n sin afectar la tarifa. Patios y talleres para concentrar y hacer mantenimiento a los buses, formalizar la situaci\u00f3n laboral de los conductores, reposici\u00f3n de flota, control por GPS, son algunos de los elementos con los que contar\u00e1 el SETP de Pasto.<\/p>\n","protected":false},"excerpt":{"rendered":"<p>Con la validaci\u00f3n por parte del Departamento de Planeaci\u00f3n Nacional (DNP) de los estudios de Estructuraci\u00f3n T\u00e9cnica, Legal y Financiera del Sistema Estrat\u00e9gico de Transporte P\u00fablico de Pasajeros (SETP) presentados por Avante, Pasto se convierte en la primera ciudad en obtener esta autorizaci\u00f3n a nivel nacional. &#8220;De los ocho sistemas estrat\u00e9gicos que se est\u00e1n desarrollando [&hellip;]<\/p>\n","protected":false},"author":29,"featured_media":17226,"comment_status":"open","ping_status":"open","sticky":false,"template":"","format":"standard","meta":{"footnotes":""},"categories":[1],"tags":[],"class_list":["post-17227","post","type-post","status-publish","format-standard","has-post-thumbnail","hentry","category-sin-categoria"],"yoast_head":"<!-- This site is optimized with the Yoast SEO plugin v27.1.1 - https:\/\/yoast.com\/product\/yoast-seo-wordpress\/ -->\n<title>Pasto, primera ciudad con v\u00eda libre para implementaci\u00f3n del SETP | P\u00e1gina10<\/title>\n<meta name=\"robots\" content=\"index, follow, max-snippet:-1, max-image-preview:large, max-video-preview:-1\" \/>\n<link rel=\"canonical\" href=\"https:\/\/pagina10.com\/web\/pasto-primera-ciudad-con-via-libre-para-implementacion-del-setp\/\" \/>\n<meta property=\"og:locale\" content=\"es_ES\" \/>\n<meta property=\"og:type\" content=\"article\" \/>\n<meta property=\"og:title\" content=\"Pasto, primera ciudad con v\u00eda libre para implementaci\u00f3n del SETP | P\u00e1gina10\" \/>\n<meta property=\"og:description\" content=\"Con la validaci\u00f3n por parte del Departamento de Planeaci\u00f3n Nacional (DNP) de los estudios de Estructuraci\u00f3n T\u00e9cnica, Legal y Financiera del Sistema Estrat\u00e9gico de Transporte P\u00fablico de Pasajeros (SETP) presentados por Avante, Pasto se convierte en la primera ciudad en obtener esta autorizaci\u00f3n a nivel nacional. &#8220;De los ocho sistemas estrat\u00e9gicos que se est\u00e1n desarrollando [&hellip;]\" \/>\n<meta property=\"og:url\" content=\"https:\/\/pagina10.com\/web\/pasto-primera-ciudad-con-via-libre-para-implementacion-del-setp\/\" \/>\n<meta property=\"og:site_name\" content=\"P\u00e1gina10\" \/>\n<meta property=\"article:publisher\" content=\"https:\/\/www.facebook.com\/pag10com\" \/>\n<meta property=\"article:published_time\" content=\"2015-08-12T03:42:13+00:00\" \/>\n<meta property=\"og:image\" content=\"https:\/\/pagina10.com\/web\/wp-content\/uploads\/2015\/08\/106879542ac3db90f1eb1c6ad7a6a9f9.jpg\" \/>\n\t<meta property=\"og:image:width\" content=\"837\" \/>\n\t<meta property=\"og:image:height\" content=\"373\" \/>\n\t<meta property=\"og:image:type\" content=\"image\/jpeg\" \/>\n<meta name=\"author\" content=\"P\u00e1gina 10\" \/>\n<meta name=\"twitter:card\" content=\"summary_large_image\" \/>\n<meta name=\"twitter:creator\" content=\"@Pag10com\" \/>\n<meta name=\"twitter:site\" content=\"@Pag10com\" \/>\n<meta name=\"twitter:label1\" content=\"Escrito por\" \/>\n\t<meta name=\"twitter:data1\" content=\"P\u00e1gina 10\" \/>\n\t<meta name=\"twitter:label2\" content=\"Tiempo de lectura\" \/>\n\t<meta name=\"twitter:data2\" content=\"1 minuto\" \/>\n<script type=\"application\/ld+json\" class=\"yoast-schema-graph\">{\"@context\":\"https:\/\/schema.org\",\"@graph\":[{\"@type\":\"Article\",\"@id\":\"https:\/\/pagina10.com\/web\/pasto-primera-ciudad-con-via-libre-para-implementacion-del-setp\/#article\",\"isPartOf\":{\"@id\":\"https:\/\/pagina10.com\/web\/pasto-primera-ciudad-con-via-libre-para-implementacion-del-setp\/\"},\"author\":{\"name\":\"P\u00e1gina 10\",\"@id\":\"https:\/\/pagina10.com\/web\/#\/schema\/person\/a7a5d38f0629dfc107f619fbae4f6cc3\"},\"headline\":\"Pasto, primera ciudad con v\u00eda libre para implementaci\u00f3n del SETP\",\"datePublished\":\"2015-08-12T03:42:13+00:00\",\"mainEntityOfPage\":{\"@id\":\"https:\/\/pagina10.com\/web\/pasto-primera-ciudad-con-via-libre-para-implementacion-del-setp\/\"},\"wordCount\":278,\"commentCount\":0,\"publisher\":{\"@id\":\"https:\/\/pagina10.com\/web\/#organization\"},\"image\":{\"@id\":\"https:\/\/pagina10.com\/web\/pasto-primera-ciudad-con-via-libre-para-implementacion-del-setp\/#primaryimage\"},\"thumbnailUrl\":\"https:\/\/pagina10.com\/web\/wp-content\/uploads\/2015\/08\/106879542ac3db90f1eb1c6ad7a6a9f9.jpg\",\"inLanguage\":\"es\",\"potentialAction\":[{\"@type\":\"CommentAction\",\"name\":\"Comment\",\"target\":[\"https:\/\/pagina10.com\/web\/pasto-primera-ciudad-con-via-libre-para-implementacion-del-setp\/#respond\"]}]},{\"@type\":\"WebPage\",\"@id\":\"https:\/\/pagina10.com\/web\/pasto-primera-ciudad-con-via-libre-para-implementacion-del-setp\/\",\"url\":\"https:\/\/pagina10.com\/web\/pasto-primera-ciudad-con-via-libre-para-implementacion-del-setp\/\",\"name\":\"Pasto, primera ciudad con v\u00eda libre para implementaci\u00f3n del SETP | P\u00e1gina10\",\"isPartOf\":{\"@id\":\"https:\/\/pagina10.com\/web\/#website\"},\"primaryImageOfPage\":{\"@id\":\"https:\/\/pagina10.com\/web\/pasto-primera-ciudad-con-via-libre-para-implementacion-del-setp\/#primaryimage\"},\"image\":{\"@id\":\"https:\/\/pagina10.com\/web\/pasto-primera-ciudad-con-via-libre-para-implementacion-del-setp\/#primaryimage\"},\"thumbnailUrl\":\"https:\/\/pagina10.com\/web\/wp-content\/uploads\/2015\/08\/106879542ac3db90f1eb1c6ad7a6a9f9.jpg\",\"datePublished\":\"2015-08-12T03:42:13+00:00\",\"breadcrumb\":{\"@id\":\"https:\/\/pagina10.com\/web\/pasto-primera-ciudad-con-via-libre-para-implementacion-del-setp\/#breadcrumb\"},\"inLanguage\":\"es\",\"potentialAction\":[{\"@type\":\"ReadAction\",\"target\":[\"https:\/\/pagina10.com\/web\/pasto-primera-ciudad-con-via-libre-para-implementacion-del-setp\/\"]}]},{\"@type\":\"ImageObject\",\"inLanguage\":\"es\",\"@id\":\"https:\/\/pagina10.com\/web\/pasto-primera-ciudad-con-via-libre-para-implementacion-del-setp\/#primaryimage\",\"url\":\"https:\/\/pagina10.com\/web\/wp-content\/uploads\/2015\/08\/106879542ac3db90f1eb1c6ad7a6a9f9.jpg\",\"contentUrl\":\"https:\/\/pagina10.com\/web\/wp-content\/uploads\/2015\/08\/106879542ac3db90f1eb1c6ad7a6a9f9.jpg\",\"width\":837,\"height\":373},{\"@type\":\"BreadcrumbList\",\"@id\":\"https:\/\/pagina10.com\/web\/pasto-primera-ciudad-con-via-libre-para-implementacion-del-setp\/#breadcrumb\",\"itemListElement\":[{\"@type\":\"ListItem\",\"position\":1,\"name\":\"Portada\",\"item\":\"https:\/\/pagina10.com\/web\/\"},{\"@type\":\"ListItem\",\"position\":2,\"name\":\"Pasto, primera ciudad con v\u00eda libre para implementaci\u00f3n del SETP\"}]},{\"@type\":\"WebSite\",\"@id\":\"https:\/\/pagina10.com\/web\/#website\",\"url\":\"https:\/\/pagina10.com\/web\/\",\"name\":\"P\u00e1gina10\",\"description\":\"Peri\u00f3dico Regional\",\"publisher\":{\"@id\":\"https:\/\/pagina10.com\/web\/#organization\"},\"alternateName\":\"P\u00e1gina10 Peri\u00f3dico Regional\",\"potentialAction\":[{\"@type\":\"SearchAction\",\"target\":{\"@type\":\"EntryPoint\",\"urlTemplate\":\"https:\/\/pagina10.com\/web\/?s={search_term_string}\"},\"query-input\":{\"@type\":\"PropertyValueSpecification\",\"valueRequired\":true,\"valueName\":\"search_term_string\"}}],\"inLanguage\":\"es\"},{\"@type\":\"Organization\",\"@id\":\"https:\/\/pagina10.com\/web\/#organization\",\"name\":\"P\u00e1gina10\",\"alternateName\":\"P\u00e1gina10 Peri\u00f3dico Regional\",\"url\":\"https:\/\/pagina10.com\/web\/\",\"logo\":{\"@type\":\"ImageObject\",\"inLanguage\":\"es\",\"@id\":\"https:\/\/pagina10.com\/web\/#\/schema\/logo\/image\/\",\"url\":\"https:\/\/pagina10.com\/web\/wp-content\/uploads\/2024\/01\/40-pagina-10-periodico-regional-pasto.jpg\",\"contentUrl\":\"https:\/\/pagina10.com\/web\/wp-content\/uploads\/2024\/01\/40-pagina-10-periodico-regional-pasto.jpg\",\"width\":1280,\"height\":720,\"caption\":\"P\u00e1gina10\"},\"image\":{\"@id\":\"https:\/\/pagina10.com\/web\/#\/schema\/logo\/image\/\"},\"sameAs\":[\"https:\/\/www.facebook.com\/pag10com\",\"https:\/\/x.com\/Pag10com\",\"https:\/\/www.instagram.com\/pagina10col\/\",\"https:\/\/youtube.com\/channel\/pag10\",\"https:\/\/www.tiktok.com\/@p10col\"]},{\"@type\":\"Person\",\"@id\":\"https:\/\/pagina10.com\/web\/#\/schema\/person\/a7a5d38f0629dfc107f619fbae4f6cc3\",\"name\":\"P\u00e1gina 10\",\"description\":\"P\u00e1gina10.com es un peri\u00f3dico digital que nace en Colombia, en el departamento de Nari\u00f1o, con un enfoque global, fundamentado en cuatro pilares esenciales: la libertad, el pluralismo, la inclusi\u00f3n y la independencia. P\u00e1gina10.com hace referencia a Nari\u00f1o como el d\u00e9cimo departamento creado en Colombia, despu\u00e9s de un proceso pol\u00edtico liderado por actores y actrices regionales con el fin de obtener la independencia y autonom\u00eda de nuestros territorios. Con la creaci\u00f3n de P\u00e1gina10.com se pretende abrir un escenario para el dialogo, la reflexi\u00f3n y el debate que se extienda a otras geograf\u00edas de Am\u00e9rica Latina y del planeta, en una apuesta por transformar colectivamente los desaf\u00edos de un mundo contempor\u00e1neo, m\u00e1s all\u00e1 de las fronteras impuestas.\",\"url\":\"https:\/\/pagina10.com\/web\/author\/mcepeda\/\"}]}<\/script>\n<!-- \/ Yoast SEO plugin. -->","yoast_head_json":{"title":"Pasto, primera ciudad con v\u00eda libre para implementaci\u00f3n del SETP | P\u00e1gina10","robots":{"index":"index","follow":"follow","max-snippet":"max-snippet:-1","max-image-preview":"max-image-preview:large","max-video-preview":"max-video-preview:-1"},"canonical":"https:\/\/pagina10.com\/web\/pasto-primera-ciudad-con-via-libre-para-implementacion-del-setp\/","og_locale":"es_ES","og_type":"article","og_title":"Pasto, primera ciudad con v\u00eda libre para implementaci\u00f3n del SETP | P\u00e1gina10","og_description":"Con la validaci\u00f3n por parte del Departamento de Planeaci\u00f3n Nacional (DNP) de los estudios de Estructuraci\u00f3n T\u00e9cnica, Legal y Financiera del Sistema Estrat\u00e9gico de Transporte P\u00fablico de Pasajeros (SETP) presentados por Avante, Pasto se convierte en la primera ciudad en obtener esta autorizaci\u00f3n a nivel nacional. &#8220;De los ocho sistemas estrat\u00e9gicos que se est\u00e1n desarrollando [&hellip;]","og_url":"https:\/\/pagina10.com\/web\/pasto-primera-ciudad-con-via-libre-para-implementacion-del-setp\/","og_site_name":"P\u00e1gina10","article_publisher":"https:\/\/www.facebook.com\/pag10com","article_published_time":"2015-08-12T03:42:13+00:00","og_image":[{"width":837,"height":373,"url":"https:\/\/pagina10.com\/web\/wp-content\/uploads\/2015\/08\/106879542ac3db90f1eb1c6ad7a6a9f9.jpg","type":"image\/jpeg"}],"author":"P\u00e1gina 10","twitter_card":"summary_large_image","twitter_creator":"@Pag10com","twitter_site":"@Pag10com","twitter_misc":{"Escrito por":"P\u00e1gina 10","Tiempo de lectura":"1 minuto"},"schema":{"@context":"https:\/\/schema.org","@graph":[{"@type":"Article","@id":"https:\/\/pagina10.com\/web\/pasto-primera-ciudad-con-via-libre-para-implementacion-del-setp\/#article","isPartOf":{"@id":"https:\/\/pagina10.com\/web\/pasto-primera-ciudad-con-via-libre-para-implementacion-del-setp\/"},"author":{"name":"P\u00e1gina 10","@id":"https:\/\/pagina10.com\/web\/#\/schema\/person\/a7a5d38f0629dfc107f619fbae4f6cc3"},"headline":"Pasto, primera ciudad con v\u00eda libre para implementaci\u00f3n del SETP","datePublished":"2015-08-12T03:42:13+00:00","mainEntityOfPage":{"@id":"https:\/\/pagina10.com\/web\/pasto-primera-ciudad-con-via-libre-para-implementacion-del-setp\/"},"wordCount":278,"commentCount":0,"publisher":{"@id":"https:\/\/pagina10.com\/web\/#organization"},"image":{"@id":"https:\/\/pagina10.com\/web\/pasto-primera-ciudad-con-via-libre-para-implementacion-del-setp\/#primaryimage"},"thumbnailUrl":"https:\/\/pagina10.com\/web\/wp-content\/uploads\/2015\/08\/106879542ac3db90f1eb1c6ad7a6a9f9.jpg","inLanguage":"es","potentialAction":[{"@type":"CommentAction","name":"Comment","target":["https:\/\/pagina10.com\/web\/pasto-primera-ciudad-con-via-libre-para-implementacion-del-setp\/#respond"]}]},{"@type":"WebPage","@id":"https:\/\/pagina10.com\/web\/pasto-primera-ciudad-con-via-libre-para-implementacion-del-setp\/","url":"https:\/\/pagina10.com\/web\/pasto-primera-ciudad-con-via-libre-para-implementacion-del-setp\/","name":"Pasto, primera ciudad con v\u00eda libre para implementaci\u00f3n del SETP | P\u00e1gina10","isPartOf":{"@id":"https:\/\/pagina10.com\/web\/#website"},"primaryImageOfPage":{"@id":"https:\/\/pagina10.com\/web\/pasto-primera-ciudad-con-via-libre-para-implementacion-del-setp\/#primaryimage"},"image":{"@id":"https:\/\/pagina10.com\/web\/pasto-primera-ciudad-con-via-libre-para-implementacion-del-setp\/#primaryimage"},"thumbnailUrl":"https:\/\/pagina10.com\/web\/wp-content\/uploads\/2015\/08\/106879542ac3db90f1eb1c6ad7a6a9f9.jpg","datePublished":"2015-08-12T03:42:13+00:00","breadcrumb":{"@id":"https:\/\/pagina10.com\/web\/pasto-primera-ciudad-con-via-libre-para-implementacion-del-setp\/#breadcrumb"},"inLanguage":"es","potentialAction":[{"@type":"ReadAction","target":["https:\/\/pagina10.com\/web\/pasto-primera-ciudad-con-via-libre-para-implementacion-del-setp\/"]}]},{"@type":"ImageObject","inLanguage":"es","@id":"https:\/\/pagina10.com\/web\/pasto-primera-ciudad-con-via-libre-para-implementacion-del-setp\/#primaryimage","url":"https:\/\/pagina10.com\/web\/wp-content\/uploads\/2015\/08\/106879542ac3db90f1eb1c6ad7a6a9f9.jpg","contentUrl":"https:\/\/pagina10.com\/web\/wp-content\/uploads\/2015\/08\/106879542ac3db90f1eb1c6ad7a6a9f9.jpg","width":837,"height":373},{"@type":"BreadcrumbList","@id":"https:\/\/pagina10.com\/web\/pasto-primera-ciudad-con-via-libre-para-implementacion-del-setp\/#breadcrumb","itemListElement":[{"@type":"ListItem","position":1,"name":"Portada","item":"https:\/\/pagina10.com\/web\/"},{"@type":"ListItem","position":2,"name":"Pasto, primera ciudad con v\u00eda libre para implementaci\u00f3n del SETP"}]},{"@type":"WebSite","@id":"https:\/\/pagina10.com\/web\/#website","url":"https:\/\/pagina10.com\/web\/","name":"P\u00e1gina10","description":"Peri\u00f3dico Regional","publisher":{"@id":"https:\/\/pagina10.com\/web\/#organization"},"alternateName":"P\u00e1gina10 Peri\u00f3dico Regional","potentialAction":[{"@type":"SearchAction","target":{"@type":"EntryPoint","urlTemplate":"https:\/\/pagina10.com\/web\/?s={search_term_string}"},"query-input":{"@type":"PropertyValueSpecification","valueRequired":true,"valueName":"search_term_string"}}],"inLanguage":"es"},{"@type":"Organization","@id":"https:\/\/pagina10.com\/web\/#organization","name":"P\u00e1gina10","alternateName":"P\u00e1gina10 Peri\u00f3dico Regional","url":"https:\/\/pagina10.com\/web\/","logo":{"@type":"ImageObject","inLanguage":"es","@id":"https:\/\/pagina10.com\/web\/#\/schema\/logo\/image\/","url":"https:\/\/pagina10.com\/web\/wp-content\/uploads\/2024\/01\/40-pagina-10-periodico-regional-pasto.jpg","contentUrl":"https:\/\/pagina10.com\/web\/wp-content\/uploads\/2024\/01\/40-pagina-10-periodico-regional-pasto.jpg","width":1280,"height":720,"caption":"P\u00e1gina10"},"image":{"@id":"https:\/\/pagina10.com\/web\/#\/schema\/logo\/image\/"},"sameAs":["https:\/\/www.facebook.com\/pag10com","https:\/\/x.com\/Pag10com","https:\/\/www.instagram.com\/pagina10col\/","https:\/\/youtube.com\/channel\/pag10","https:\/\/www.tiktok.com\/@p10col"]},{"@type":"Person","@id":"https:\/\/pagina10.com\/web\/#\/schema\/person\/a7a5d38f0629dfc107f619fbae4f6cc3","name":"P\u00e1gina 10","description":"P\u00e1gina10.com es un peri\u00f3dico digital que nace en Colombia, en el departamento de Nari\u00f1o, con un enfoque global, fundamentado en cuatro pilares esenciales: la libertad, el pluralismo, la inclusi\u00f3n y la independencia. P\u00e1gina10.com hace referencia a Nari\u00f1o como el d\u00e9cimo departamento creado en Colombia, despu\u00e9s de un proceso pol\u00edtico liderado por actores y actrices regionales con el fin de obtener la independencia y autonom\u00eda de nuestros territorios. Con la creaci\u00f3n de P\u00e1gina10.com se pretende abrir un escenario para el dialogo, la reflexi\u00f3n y el debate que se extienda a otras geograf\u00edas de Am\u00e9rica Latina y del planeta, en una apuesta por transformar colectivamente los desaf\u00edos de un mundo contempor\u00e1neo, m\u00e1s all\u00e1 de las fronteras impuestas.","url":"https:\/\/pagina10.com\/web\/author\/mcepeda\/"}]}},"_links":{"self":[{"href":"https:\/\/pagina10.com\/web\/wp-json\/wp\/v2\/posts\/17227","targetHints":{"allow":["GET"]}}],"collection":[{"href":"https:\/\/pagina10.com\/web\/wp-json\/wp\/v2\/posts"}],"about":[{"href":"https:\/\/pagina10.com\/web\/wp-json\/wp\/v2\/types\/post"}],"author":[{"embeddable":true,"href":"https:\/\/pagina10.com\/web\/wp-json\/wp\/v2\/users\/29"}],"replies":[{"embeddable":true,"href":"https:\/\/pagina10.com\/web\/wp-json\/wp\/v2\/comments?post=17227"}],"version-history":[{"count":0,"href":"https:\/\/pagina10.com\/web\/wp-json\/wp\/v2\/posts\/17227\/revisions"}],"wp:featuredmedia":[{"embeddable":true,"href":"https:\/\/pagina10.com\/web\/wp-json\/wp\/v2\/media\/17226"}],"wp:attachment":[{"href":"https:\/\/pagina10.com\/web\/wp-json\/wp\/v2\/media?parent=17227"}],"wp:term":[{"taxonomy":"category","embeddable":true,"href":"https:\/\/pagina10.com\/web\/wp-json\/wp\/v2\/categories?post=17227"},{"taxonomy":"post_tag","embeddable":true,"href":"https:\/\/pagina10.com\/web\/wp-json\/wp\/v2\/tags?post=17227"}],"curies":[{"name":"wp","href":"https:\/\/api.w.org\/{rel}","templated":true}]}}