{"id":17229,"date":"2015-08-12T03:48:20","date_gmt":"2015-08-12T03:48:20","guid":{"rendered":"https:\/\/pagina10.com\/web\/resultados-finales-programa-superate-intercolegiados-narino-2015\/"},"modified":"2015-08-12T03:48:20","modified_gmt":"2015-08-12T03:48:20","slug":"resultados-finales-programa-superate-intercolegiados-narino-2015","status":"publish","type":"post","link":"https:\/\/pagina10.com\/web\/resultados-finales-programa-superate-intercolegiados-narino-2015\/","title":{"rendered":"Resultados finales programa sup\u00e9rate intercolegiados Nari\u00f1o 2015"},"content":{"rendered":"<p><img fetchpriority=\"high\" decoding=\"async\" class=\" size-full wp-image-17228\" src=\"https:\/\/pagina10.com\/web\/wp-content\/uploads\/2015\/08\/77feba163590a0fb57760dffc17dcd81.jpg\" alt=\"\" width=\"960\" height=\"720\" srcset=\"https:\/\/pagina10.com\/web\/wp-content\/uploads\/2015\/08\/77feba163590a0fb57760dffc17dcd81.jpg 960w, https:\/\/pagina10.com\/web\/wp-content\/uploads\/2015\/08\/77feba163590a0fb57760dffc17dcd81-300x225.jpg 300w, https:\/\/pagina10.com\/web\/wp-content\/uploads\/2015\/08\/77feba163590a0fb57760dffc17dcd81-768x576.jpg 768w, https:\/\/pagina10.com\/web\/wp-content\/uploads\/2015\/08\/77feba163590a0fb57760dffc17dcd81-86x64.jpg 86w\" sizes=\"(max-width: 960px) 100vw, 960px\" \/><\/p>\n<p style=\"text-align: justify;\">La secretaria de recreaci\u00f3n y deporte di\u00f3 a conocer los resultados finales del programa sup\u00e9rate intercolegiados 2015 en su fase zonal departamental, correspondientes a la primera semana de competencias en los zonales norte a, norte b y centro.<\/p>\n<p style=\"text-align: justify;\">El zonal norte a se adelant\u00f3 en los municipios del Tabl\u00f3n y la Uni\u00f3n y tuvo en acci\u00f3n los deportes de f\u00fatbol, baloncesto y voleibol.<br \/><strong><\/strong><\/p>\n<p style=\"text-align: justify;\"><strong><span style=\"line-height: 1.8;\">Cuadro de honor baloncesto masculino categor\u00edas a y b<\/span><\/strong><\/p>\n<p style=\"text-align: justify;\">Campe\u00f3n categor\u00eda a masculino &#8211; colon G\u00e9nova I.E Leopoldo L\u00f3pez \u00c1lvarez.<br \/>Campe\u00f3n categor\u00eda b masculino &#8211; San Pablo I.E Antonio Nari\u00f1o.<br \/>Campe\u00f3n categor\u00eda a femenino &#8211; municipio de la uni\u00f3n I.E Juanamb\u00fa<br \/>Campe\u00f3n categor\u00eda b femenino \u2013 municipio de col\u00f3n G\u00e9nova I.E Leopoldo L\u00f3pez \u00c1lvarez.<\/p>\n<p style=\"text-align: justify;\"><strong>Cuadro de honor f\u00fatbol categor\u00edas a y b<\/strong><br \/>Campe\u00f3n categor\u00eda a masculino &#8211; municipio de la uni\u00f3n \u2013 I.E Juanamb\u00fa.<br \/>Campe\u00f3n categor\u00eda b masculino &#8211; municipio de tabl\u00f3n de G\u00f3mez \u2013 I.E Las Mesas.<\/p>\n<p style=\"text-align: justify;\"><strong style=\"line-height: 1.8;\">La zona norte b se desarroll\u00f3 en los municipios de San Lorenzo y Policarpa en las disciplinas deportivas de f\u00fatbol, baloncesto, f\u00fatbol de sal\u00f3n y f\u00fatbol sala en las categor\u00edas a y b.<\/strong><\/p>\n<p style=\"text-align: justify;\">Campe\u00f3n futsala femenino &#8211; I.E. El Palmar municipio de Leiva.<br \/>Campe\u00f3n futsala masculino &#8211; I.E. nuestra se\u00f1ora de el rosario municipio de el rosario.<br \/>Campe\u00f3n futbol de sal\u00f3n femenino &#8211; I.E. San Genaro municipio de Leiva.<br \/>Campe\u00f3n futbol de sal\u00f3n masculino &#8211; I.E. El Manzano municipio de Taminango.<br \/>Campe\u00f3n baloncesto femenino categor\u00eda a &#8211; I.E. de desarrollo rural Berruecos.<br \/>Campe\u00f3n baloncesto femenino categor\u00eda b &#8211; I.E. Policarpa municipio de Policarpa.<br \/>Campe\u00f3n baloncesto masculino categor\u00eda b &#8211; I.E. Nuestra Se\u00f1ora de Bel\u00e9n.<\/p>\n<p style=\"text-align: justify;\"><strong>Una parte del zonal centro se llev\u00f3 a cabo en el municipio de Chachagu\u00ed, entregando los siguientes resultados en f\u00fatbol de sal\u00f3n y f\u00fatbol sala en las categor\u00edas a y b:<\/strong><br \/>Campe\u00f3n f\u00fatbol de sal\u00f3n femenino &#8211; municipio de Chachagu\u00ed.<br \/>Campe\u00f3n f\u00fatbol de sal\u00f3n masculino &#8211; municipio del Pe\u00f1ol.<br \/>Campe\u00f3n f\u00fatbol sala femenino &#8211; municipio de Chachagu\u00ed.<br \/>Campe\u00f3n f\u00fatbol sala masculino &#8211; municipio de La Florida.<\/p>\n","protected":false},"excerpt":{"rendered":"<p>La secretaria de recreaci\u00f3n y deporte di\u00f3 a conocer los resultados finales del programa sup\u00e9rate intercolegiados 2015 en su fase zonal departamental, correspondientes a la primera semana de competencias en los zonales norte a, norte b y centro. El zonal norte a se adelant\u00f3 en los municipios del Tabl\u00f3n y la Uni\u00f3n y tuvo en [&hellip;]<\/p>\n","protected":false},"author":29,"featured_media":17228,"comment_status":"open","ping_status":"open","sticky":false,"template":"","format":"standard","meta":{"footnotes":""},"categories":[1],"tags":[],"class_list":["post-17229","post","type-post","status-publish","format-standard","has-post-thumbnail","hentry","category-sin-categoria"],"yoast_head":"<!-- This site is optimized with the Yoast SEO plugin v27.1.1 - https:\/\/yoast.com\/product\/yoast-seo-wordpress\/ -->\n<title>Resultados finales programa sup\u00e9rate intercolegiados Nari\u00f1o 2015 | P\u00e1gina10<\/title>\n<meta name=\"robots\" content=\"index, follow, max-snippet:-1, max-image-preview:large, max-video-preview:-1\" \/>\n<link rel=\"canonical\" href=\"https:\/\/pagina10.com\/web\/resultados-finales-programa-superate-intercolegiados-narino-2015\/\" \/>\n<meta property=\"og:locale\" content=\"es_ES\" \/>\n<meta property=\"og:type\" content=\"article\" \/>\n<meta property=\"og:title\" content=\"Resultados finales programa sup\u00e9rate intercolegiados Nari\u00f1o 2015 | P\u00e1gina10\" \/>\n<meta property=\"og:description\" content=\"La secretaria de recreaci\u00f3n y deporte di\u00f3 a conocer los resultados finales del programa sup\u00e9rate intercolegiados 2015 en su fase zonal departamental, correspondientes a la primera semana de competencias en los zonales norte a, norte b y centro. El zonal norte a se adelant\u00f3 en los municipios del Tabl\u00f3n y la Uni\u00f3n y tuvo en [&hellip;]\" \/>\n<meta property=\"og:url\" content=\"https:\/\/pagina10.com\/web\/resultados-finales-programa-superate-intercolegiados-narino-2015\/\" \/>\n<meta property=\"og:site_name\" content=\"P\u00e1gina10\" \/>\n<meta property=\"article:publisher\" content=\"https:\/\/www.facebook.com\/pag10com\" \/>\n<meta property=\"article:published_time\" content=\"2015-08-12T03:48:20+00:00\" \/>\n<meta property=\"og:image\" content=\"https:\/\/pagina10.com\/web\/wp-content\/uploads\/2015\/08\/77feba163590a0fb57760dffc17dcd81.jpg\" \/>\n\t<meta property=\"og:image:width\" content=\"960\" \/>\n\t<meta property=\"og:image:height\" content=\"720\" \/>\n\t<meta property=\"og:image:type\" content=\"image\/jpeg\" \/>\n<meta name=\"author\" content=\"P\u00e1gina 10\" \/>\n<meta name=\"twitter:card\" content=\"summary_large_image\" \/>\n<meta name=\"twitter:creator\" content=\"@Pag10com\" \/>\n<meta name=\"twitter:site\" content=\"@Pag10com\" \/>\n<meta name=\"twitter:label1\" content=\"Escrito por\" \/>\n\t<meta name=\"twitter:data1\" content=\"P\u00e1gina 10\" \/>\n\t<meta name=\"twitter:label2\" content=\"Tiempo de lectura\" \/>\n\t<meta name=\"twitter:data2\" content=\"2 minutos\" \/>\n<script type=\"application\/ld+json\" class=\"yoast-schema-graph\">{\"@context\":\"https:\/\/schema.org\",\"@graph\":[{\"@type\":\"Article\",\"@id\":\"https:\/\/pagina10.com\/web\/resultados-finales-programa-superate-intercolegiados-narino-2015\/#article\",\"isPartOf\":{\"@id\":\"https:\/\/pagina10.com\/web\/resultados-finales-programa-superate-intercolegiados-narino-2015\/\"},\"author\":{\"name\":\"P\u00e1gina 10\",\"@id\":\"https:\/\/pagina10.com\/web\/#\/schema\/person\/a7a5d38f0629dfc107f619fbae4f6cc3\"},\"headline\":\"Resultados finales programa sup\u00e9rate intercolegiados Nari\u00f1o 2015\",\"datePublished\":\"2015-08-12T03:48:20+00:00\",\"mainEntityOfPage\":{\"@id\":\"https:\/\/pagina10.com\/web\/resultados-finales-programa-superate-intercolegiados-narino-2015\/\"},\"wordCount\":414,\"commentCount\":0,\"publisher\":{\"@id\":\"https:\/\/pagina10.com\/web\/#organization\"},\"image\":{\"@id\":\"https:\/\/pagina10.com\/web\/resultados-finales-programa-superate-intercolegiados-narino-2015\/#primaryimage\"},\"thumbnailUrl\":\"https:\/\/pagina10.com\/web\/wp-content\/uploads\/2015\/08\/77feba163590a0fb57760dffc17dcd81.jpg\",\"inLanguage\":\"es\",\"potentialAction\":[{\"@type\":\"CommentAction\",\"name\":\"Comment\",\"target\":[\"https:\/\/pagina10.com\/web\/resultados-finales-programa-superate-intercolegiados-narino-2015\/#respond\"]}]},{\"@type\":\"WebPage\",\"@id\":\"https:\/\/pagina10.com\/web\/resultados-finales-programa-superate-intercolegiados-narino-2015\/\",\"url\":\"https:\/\/pagina10.com\/web\/resultados-finales-programa-superate-intercolegiados-narino-2015\/\",\"name\":\"Resultados finales programa sup\u00e9rate intercolegiados Nari\u00f1o 2015 | P\u00e1gina10\",\"isPartOf\":{\"@id\":\"https:\/\/pagina10.com\/web\/#website\"},\"primaryImageOfPage\":{\"@id\":\"https:\/\/pagina10.com\/web\/resultados-finales-programa-superate-intercolegiados-narino-2015\/#primaryimage\"},\"image\":{\"@id\":\"https:\/\/pagina10.com\/web\/resultados-finales-programa-superate-intercolegiados-narino-2015\/#primaryimage\"},\"thumbnailUrl\":\"https:\/\/pagina10.com\/web\/wp-content\/uploads\/2015\/08\/77feba163590a0fb57760dffc17dcd81.jpg\",\"datePublished\":\"2015-08-12T03:48:20+00:00\",\"breadcrumb\":{\"@id\":\"https:\/\/pagina10.com\/web\/resultados-finales-programa-superate-intercolegiados-narino-2015\/#breadcrumb\"},\"inLanguage\":\"es\",\"potentialAction\":[{\"@type\":\"ReadAction\",\"target\":[\"https:\/\/pagina10.com\/web\/resultados-finales-programa-superate-intercolegiados-narino-2015\/\"]}]},{\"@type\":\"ImageObject\",\"inLanguage\":\"es\",\"@id\":\"https:\/\/pagina10.com\/web\/resultados-finales-programa-superate-intercolegiados-narino-2015\/#primaryimage\",\"url\":\"https:\/\/pagina10.com\/web\/wp-content\/uploads\/2015\/08\/77feba163590a0fb57760dffc17dcd81.jpg\",\"contentUrl\":\"https:\/\/pagina10.com\/web\/wp-content\/uploads\/2015\/08\/77feba163590a0fb57760dffc17dcd81.jpg\",\"width\":960,\"height\":720},{\"@type\":\"BreadcrumbList\",\"@id\":\"https:\/\/pagina10.com\/web\/resultados-finales-programa-superate-intercolegiados-narino-2015\/#breadcrumb\",\"itemListElement\":[{\"@type\":\"ListItem\",\"position\":1,\"name\":\"Portada\",\"item\":\"https:\/\/pagina10.com\/web\/\"},{\"@type\":\"ListItem\",\"position\":2,\"name\":\"Resultados finales programa sup\u00e9rate intercolegiados Nari\u00f1o 2015\"}]},{\"@type\":\"WebSite\",\"@id\":\"https:\/\/pagina10.com\/web\/#website\",\"url\":\"https:\/\/pagina10.com\/web\/\",\"name\":\"P\u00e1gina10\",\"description\":\"Peri\u00f3dico Regional\",\"publisher\":{\"@id\":\"https:\/\/pagina10.com\/web\/#organization\"},\"alternateName\":\"P\u00e1gina10 Peri\u00f3dico Regional\",\"potentialAction\":[{\"@type\":\"SearchAction\",\"target\":{\"@type\":\"EntryPoint\",\"urlTemplate\":\"https:\/\/pagina10.com\/web\/?s={search_term_string}\"},\"query-input\":{\"@type\":\"PropertyValueSpecification\",\"valueRequired\":true,\"valueName\":\"search_term_string\"}}],\"inLanguage\":\"es\"},{\"@type\":\"Organization\",\"@id\":\"https:\/\/pagina10.com\/web\/#organization\",\"name\":\"P\u00e1gina10\",\"alternateName\":\"P\u00e1gina10 Peri\u00f3dico Regional\",\"url\":\"https:\/\/pagina10.com\/web\/\",\"logo\":{\"@type\":\"ImageObject\",\"inLanguage\":\"es\",\"@id\":\"https:\/\/pagina10.com\/web\/#\/schema\/logo\/image\/\",\"url\":\"https:\/\/pagina10.com\/web\/wp-content\/uploads\/2024\/01\/40-pagina-10-periodico-regional-pasto.jpg\",\"contentUrl\":\"https:\/\/pagina10.com\/web\/wp-content\/uploads\/2024\/01\/40-pagina-10-periodico-regional-pasto.jpg\",\"width\":1280,\"height\":720,\"caption\":\"P\u00e1gina10\"},\"image\":{\"@id\":\"https:\/\/pagina10.com\/web\/#\/schema\/logo\/image\/\"},\"sameAs\":[\"https:\/\/www.facebook.com\/pag10com\",\"https:\/\/x.com\/Pag10com\",\"https:\/\/www.instagram.com\/pagina10col\/\",\"https:\/\/youtube.com\/channel\/pag10\",\"https:\/\/www.tiktok.com\/@p10col\"]},{\"@type\":\"Person\",\"@id\":\"https:\/\/pagina10.com\/web\/#\/schema\/person\/a7a5d38f0629dfc107f619fbae4f6cc3\",\"name\":\"P\u00e1gina 10\",\"description\":\"P\u00e1gina10.com es un peri\u00f3dico digital que nace en Colombia, en el departamento de Nari\u00f1o, con un enfoque global, fundamentado en cuatro pilares esenciales: la libertad, el pluralismo, la inclusi\u00f3n y la independencia. P\u00e1gina10.com hace referencia a Nari\u00f1o como el d\u00e9cimo departamento creado en Colombia, despu\u00e9s de un proceso pol\u00edtico liderado por actores y actrices regionales con el fin de obtener la independencia y autonom\u00eda de nuestros territorios. Con la creaci\u00f3n de P\u00e1gina10.com se pretende abrir un escenario para el dialogo, la reflexi\u00f3n y el debate que se extienda a otras geograf\u00edas de Am\u00e9rica Latina y del planeta, en una apuesta por transformar colectivamente los desaf\u00edos de un mundo contempor\u00e1neo, m\u00e1s all\u00e1 de las fronteras impuestas.\",\"url\":\"https:\/\/pagina10.com\/web\/author\/mcepeda\/\"}]}<\/script>\n<!-- \/ Yoast SEO plugin. -->","yoast_head_json":{"title":"Resultados finales programa sup\u00e9rate intercolegiados Nari\u00f1o 2015 | P\u00e1gina10","robots":{"index":"index","follow":"follow","max-snippet":"max-snippet:-1","max-image-preview":"max-image-preview:large","max-video-preview":"max-video-preview:-1"},"canonical":"https:\/\/pagina10.com\/web\/resultados-finales-programa-superate-intercolegiados-narino-2015\/","og_locale":"es_ES","og_type":"article","og_title":"Resultados finales programa sup\u00e9rate intercolegiados Nari\u00f1o 2015 | P\u00e1gina10","og_description":"La secretaria de recreaci\u00f3n y deporte di\u00f3 a conocer los resultados finales del programa sup\u00e9rate intercolegiados 2015 en su fase zonal departamental, correspondientes a la primera semana de competencias en los zonales norte a, norte b y centro. El zonal norte a se adelant\u00f3 en los municipios del Tabl\u00f3n y la Uni\u00f3n y tuvo en [&hellip;]","og_url":"https:\/\/pagina10.com\/web\/resultados-finales-programa-superate-intercolegiados-narino-2015\/","og_site_name":"P\u00e1gina10","article_publisher":"https:\/\/www.facebook.com\/pag10com","article_published_time":"2015-08-12T03:48:20+00:00","og_image":[{"width":960,"height":720,"url":"https:\/\/pagina10.com\/web\/wp-content\/uploads\/2015\/08\/77feba163590a0fb57760dffc17dcd81.jpg","type":"image\/jpeg"}],"author":"P\u00e1gina 10","twitter_card":"summary_large_image","twitter_creator":"@Pag10com","twitter_site":"@Pag10com","twitter_misc":{"Escrito por":"P\u00e1gina 10","Tiempo de lectura":"2 minutos"},"schema":{"@context":"https:\/\/schema.org","@graph":[{"@type":"Article","@id":"https:\/\/pagina10.com\/web\/resultados-finales-programa-superate-intercolegiados-narino-2015\/#article","isPartOf":{"@id":"https:\/\/pagina10.com\/web\/resultados-finales-programa-superate-intercolegiados-narino-2015\/"},"author":{"name":"P\u00e1gina 10","@id":"https:\/\/pagina10.com\/web\/#\/schema\/person\/a7a5d38f0629dfc107f619fbae4f6cc3"},"headline":"Resultados finales programa sup\u00e9rate intercolegiados Nari\u00f1o 2015","datePublished":"2015-08-12T03:48:20+00:00","mainEntityOfPage":{"@id":"https:\/\/pagina10.com\/web\/resultados-finales-programa-superate-intercolegiados-narino-2015\/"},"wordCount":414,"commentCount":0,"publisher":{"@id":"https:\/\/pagina10.com\/web\/#organization"},"image":{"@id":"https:\/\/pagina10.com\/web\/resultados-finales-programa-superate-intercolegiados-narino-2015\/#primaryimage"},"thumbnailUrl":"https:\/\/pagina10.com\/web\/wp-content\/uploads\/2015\/08\/77feba163590a0fb57760dffc17dcd81.jpg","inLanguage":"es","potentialAction":[{"@type":"CommentAction","name":"Comment","target":["https:\/\/pagina10.com\/web\/resultados-finales-programa-superate-intercolegiados-narino-2015\/#respond"]}]},{"@type":"WebPage","@id":"https:\/\/pagina10.com\/web\/resultados-finales-programa-superate-intercolegiados-narino-2015\/","url":"https:\/\/pagina10.com\/web\/resultados-finales-programa-superate-intercolegiados-narino-2015\/","name":"Resultados finales programa sup\u00e9rate intercolegiados Nari\u00f1o 2015 | P\u00e1gina10","isPartOf":{"@id":"https:\/\/pagina10.com\/web\/#website"},"primaryImageOfPage":{"@id":"https:\/\/pagina10.com\/web\/resultados-finales-programa-superate-intercolegiados-narino-2015\/#primaryimage"},"image":{"@id":"https:\/\/pagina10.com\/web\/resultados-finales-programa-superate-intercolegiados-narino-2015\/#primaryimage"},"thumbnailUrl":"https:\/\/pagina10.com\/web\/wp-content\/uploads\/2015\/08\/77feba163590a0fb57760dffc17dcd81.jpg","datePublished":"2015-08-12T03:48:20+00:00","breadcrumb":{"@id":"https:\/\/pagina10.com\/web\/resultados-finales-programa-superate-intercolegiados-narino-2015\/#breadcrumb"},"inLanguage":"es","potentialAction":[{"@type":"ReadAction","target":["https:\/\/pagina10.com\/web\/resultados-finales-programa-superate-intercolegiados-narino-2015\/"]}]},{"@type":"ImageObject","inLanguage":"es","@id":"https:\/\/pagina10.com\/web\/resultados-finales-programa-superate-intercolegiados-narino-2015\/#primaryimage","url":"https:\/\/pagina10.com\/web\/wp-content\/uploads\/2015\/08\/77feba163590a0fb57760dffc17dcd81.jpg","contentUrl":"https:\/\/pagina10.com\/web\/wp-content\/uploads\/2015\/08\/77feba163590a0fb57760dffc17dcd81.jpg","width":960,"height":720},{"@type":"BreadcrumbList","@id":"https:\/\/pagina10.com\/web\/resultados-finales-programa-superate-intercolegiados-narino-2015\/#breadcrumb","itemListElement":[{"@type":"ListItem","position":1,"name":"Portada","item":"https:\/\/pagina10.com\/web\/"},{"@type":"ListItem","position":2,"name":"Resultados finales programa sup\u00e9rate intercolegiados Nari\u00f1o 2015"}]},{"@type":"WebSite","@id":"https:\/\/pagina10.com\/web\/#website","url":"https:\/\/pagina10.com\/web\/","name":"P\u00e1gina10","description":"Peri\u00f3dico Regional","publisher":{"@id":"https:\/\/pagina10.com\/web\/#organization"},"alternateName":"P\u00e1gina10 Peri\u00f3dico Regional","potentialAction":[{"@type":"SearchAction","target":{"@type":"EntryPoint","urlTemplate":"https:\/\/pagina10.com\/web\/?s={search_term_string}"},"query-input":{"@type":"PropertyValueSpecification","valueRequired":true,"valueName":"search_term_string"}}],"inLanguage":"es"},{"@type":"Organization","@id":"https:\/\/pagina10.com\/web\/#organization","name":"P\u00e1gina10","alternateName":"P\u00e1gina10 Peri\u00f3dico Regional","url":"https:\/\/pagina10.com\/web\/","logo":{"@type":"ImageObject","inLanguage":"es","@id":"https:\/\/pagina10.com\/web\/#\/schema\/logo\/image\/","url":"https:\/\/pagina10.com\/web\/wp-content\/uploads\/2024\/01\/40-pagina-10-periodico-regional-pasto.jpg","contentUrl":"https:\/\/pagina10.com\/web\/wp-content\/uploads\/2024\/01\/40-pagina-10-periodico-regional-pasto.jpg","width":1280,"height":720,"caption":"P\u00e1gina10"},"image":{"@id":"https:\/\/pagina10.com\/web\/#\/schema\/logo\/image\/"},"sameAs":["https:\/\/www.facebook.com\/pag10com","https:\/\/x.com\/Pag10com","https:\/\/www.instagram.com\/pagina10col\/","https:\/\/youtube.com\/channel\/pag10","https:\/\/www.tiktok.com\/@p10col"]},{"@type":"Person","@id":"https:\/\/pagina10.com\/web\/#\/schema\/person\/a7a5d38f0629dfc107f619fbae4f6cc3","name":"P\u00e1gina 10","description":"P\u00e1gina10.com es un peri\u00f3dico digital que nace en Colombia, en el departamento de Nari\u00f1o, con un enfoque global, fundamentado en cuatro pilares esenciales: la libertad, el pluralismo, la inclusi\u00f3n y la independencia. P\u00e1gina10.com hace referencia a Nari\u00f1o como el d\u00e9cimo departamento creado en Colombia, despu\u00e9s de un proceso pol\u00edtico liderado por actores y actrices regionales con el fin de obtener la independencia y autonom\u00eda de nuestros territorios. Con la creaci\u00f3n de P\u00e1gina10.com se pretende abrir un escenario para el dialogo, la reflexi\u00f3n y el debate que se extienda a otras geograf\u00edas de Am\u00e9rica Latina y del planeta, en una apuesta por transformar colectivamente los desaf\u00edos de un mundo contempor\u00e1neo, m\u00e1s all\u00e1 de las fronteras impuestas.","url":"https:\/\/pagina10.com\/web\/author\/mcepeda\/"}]}},"_links":{"self":[{"href":"https:\/\/pagina10.com\/web\/wp-json\/wp\/v2\/posts\/17229","targetHints":{"allow":["GET"]}}],"collection":[{"href":"https:\/\/pagina10.com\/web\/wp-json\/wp\/v2\/posts"}],"about":[{"href":"https:\/\/pagina10.com\/web\/wp-json\/wp\/v2\/types\/post"}],"author":[{"embeddable":true,"href":"https:\/\/pagina10.com\/web\/wp-json\/wp\/v2\/users\/29"}],"replies":[{"embeddable":true,"href":"https:\/\/pagina10.com\/web\/wp-json\/wp\/v2\/comments?post=17229"}],"version-history":[{"count":0,"href":"https:\/\/pagina10.com\/web\/wp-json\/wp\/v2\/posts\/17229\/revisions"}],"wp:featuredmedia":[{"embeddable":true,"href":"https:\/\/pagina10.com\/web\/wp-json\/wp\/v2\/media\/17228"}],"wp:attachment":[{"href":"https:\/\/pagina10.com\/web\/wp-json\/wp\/v2\/media?parent=17229"}],"wp:term":[{"taxonomy":"category","embeddable":true,"href":"https:\/\/pagina10.com\/web\/wp-json\/wp\/v2\/categories?post=17229"},{"taxonomy":"post_tag","embeddable":true,"href":"https:\/\/pagina10.com\/web\/wp-json\/wp\/v2\/tags?post=17229"}],"curies":[{"name":"wp","href":"https:\/\/api.w.org\/{rel}","templated":true}]}}