{"id":17231,"date":"2015-08-12T04:08:03","date_gmt":"2015-08-12T04:08:03","guid":{"rendered":"https:\/\/pagina10.com\/web\/lo-importante-de-la-postura-a-la-hora-de-dormir\/"},"modified":"2015-08-12T04:08:03","modified_gmt":"2015-08-12T04:08:03","slug":"lo-importante-de-la-postura-a-la-hora-de-dormir","status":"publish","type":"post","link":"https:\/\/pagina10.com\/web\/lo-importante-de-la-postura-a-la-hora-de-dormir\/","title":{"rendered":"Lo importante de la postura a la hora de dormir"},"content":{"rendered":"<p><img fetchpriority=\"high\" decoding=\"async\" class=\" size-full wp-image-17230\" src=\"https:\/\/pagina10.com\/web\/wp-content\/uploads\/2015\/08\/241218a8576ea237cdbfb63c0d7b7e65.jpg\" alt=\"\" width=\"476\" height=\"290\" srcset=\"https:\/\/pagina10.com\/web\/wp-content\/uploads\/2015\/08\/241218a8576ea237cdbfb63c0d7b7e65.jpg 476w, https:\/\/pagina10.com\/web\/wp-content\/uploads\/2015\/08\/241218a8576ea237cdbfb63c0d7b7e65-300x183.jpg 300w\" sizes=\"(max-width: 476px) 100vw, 476px\" \/><\/p>\n<p style=\"text-align: justify;\">La importancia de la postura al dormir no ha de ser tomada a la ligera. Si bien ya estamos acostumbrados a escuchar que dormir boca abajo es lo menos recomendable porque nuestro cuello permanece girado durante horas para poder respirar, por lo que modificamos la curvatura cervical y somos m\u00e1s susceptibles de padecer cervicalgias, tendinitis, dolores de origen ligamentarios, u otros problemas m\u00fasculo-esquel\u00e9ticos, ahora, un nuevo estudio concluye que adem\u00e1s es vital para nuestro cerebro.<\/p>\n<p style=\"text-align: justify;\">As\u00ed, un equipo de investigadores de la Universidad de Stony Brook en Nueva York (EE.UU.) ha concluido que dormir en posici\u00f3n lateral, en comparaci\u00f3n con dormir boca arriba o boca abajo, puede ayudar a eliminar m\u00e1s eficazmente los residuos del cerebro cada d\u00eda durante el sue\u00f1o, reduciendo as\u00ed las posibilidades de desarrollar enfermedades de car\u00e1cter neurol\u00f3gico como el alzh\u00e9imer o el p\u00e1rkinson.<\/p>\n<p style=\"text-align: justify;\">&#8220;Es interesante que la posici\u00f3n lateral para dormir es de hecho la m\u00e1s popular en los humanos y en la mayor\u00eda de los animales, incluso en los salvajes. Parece que hemos adoptado la posici\u00f3n lateral del sue\u00f1o para limpiar m\u00e1s eficientemente nuestro cerebro de los desechos metab\u00f3licos que se acumulan mientras estamos despiertos&#8221;, explica Helene Benveniste, l\u00edder del estudio.<\/p>\n<p style=\"text-align: justify;\">Para llegar a esta conclusi\u00f3n, los cient\u00edficos utilizaron im\u00e1genes de resonancia magn\u00e9tica de contraste din\u00e1mico para captar el sistema glinf\u00e1tico del cerebro de un grupo de roedores, un complejo proceso que act\u00faa como motor de limpieza de desechos y otras soluciones qu\u00edmicas da\u00f1inas del cerebro (como las prote\u00ednas tau o beta amiloide). Por ello, tras revisar las posturas m\u00e1s comunes a la hora de dormir y compararlas con la efectividad del funcionamiento del sistema glinf\u00e1tico, descubrieron que la posici\u00f3n lateral, sea del lado que sea, era la que favorec\u00eda en mayor medida este proceso diario durante la etapa de reposo nocturno.<\/p>\n<p style=\"text-align: justify;\">&#8220;El an\u00e1lisis nos mostr\u00f3 consistentemente que el transporte glinf\u00e1tico fue m\u00e1s eficiente en la posici\u00f3n lateral en comparaci\u00f3n con las posiciones supina o prona&#8221;, finaliza Benveniste.<\/p>\n<p style=\"text-align: justify;\">El estudio ha sido publicado en la revista Journal of Neuroscience.<\/p>\n<p style=\"text-align: justify;\">&nbsp;<\/p>\n<p style=\"text-align: justify;\">Fuente: Muyinteresante<\/p>\n","protected":false},"excerpt":{"rendered":"<p>La importancia de la postura al dormir no ha de ser tomada a la ligera. Si bien ya estamos acostumbrados a escuchar que dormir boca abajo es lo menos recomendable porque nuestro cuello permanece girado durante horas para poder respirar, por lo que modificamos la curvatura cervical y somos m\u00e1s susceptibles de padecer cervicalgias, tendinitis, [&hellip;]<\/p>\n","protected":false},"author":29,"featured_media":17230,"comment_status":"open","ping_status":"open","sticky":false,"template":"","format":"standard","meta":{"footnotes":""},"categories":[1],"tags":[],"class_list":["post-17231","post","type-post","status-publish","format-standard","has-post-thumbnail","hentry","category-sin-categoria"],"yoast_head":"<!-- This site is optimized with the Yoast SEO plugin v27.1.1 - https:\/\/yoast.com\/product\/yoast-seo-wordpress\/ -->\n<title>Lo importante de la postura a la hora de dormir | P\u00e1gina10<\/title>\n<meta name=\"robots\" content=\"index, follow, max-snippet:-1, max-image-preview:large, max-video-preview:-1\" \/>\n<link rel=\"canonical\" href=\"https:\/\/pagina10.com\/web\/lo-importante-de-la-postura-a-la-hora-de-dormir\/\" \/>\n<meta property=\"og:locale\" content=\"es_ES\" \/>\n<meta property=\"og:type\" content=\"article\" \/>\n<meta property=\"og:title\" content=\"Lo importante de la postura a la hora de dormir | P\u00e1gina10\" \/>\n<meta property=\"og:description\" content=\"La importancia de la postura al dormir no ha de ser tomada a la ligera. Si bien ya estamos acostumbrados a escuchar que dormir boca abajo es lo menos recomendable porque nuestro cuello permanece girado durante horas para poder respirar, por lo que modificamos la curvatura cervical y somos m\u00e1s susceptibles de padecer cervicalgias, tendinitis, [&hellip;]\" \/>\n<meta property=\"og:url\" content=\"https:\/\/pagina10.com\/web\/lo-importante-de-la-postura-a-la-hora-de-dormir\/\" \/>\n<meta property=\"og:site_name\" content=\"P\u00e1gina10\" \/>\n<meta property=\"article:publisher\" content=\"https:\/\/www.facebook.com\/pag10com\" \/>\n<meta property=\"article:published_time\" content=\"2015-08-12T04:08:03+00:00\" \/>\n<meta property=\"og:image\" content=\"https:\/\/pagina10.com\/web\/wp-content\/uploads\/2015\/08\/241218a8576ea237cdbfb63c0d7b7e65.jpg\" \/>\n\t<meta property=\"og:image:width\" content=\"476\" \/>\n\t<meta property=\"og:image:height\" content=\"290\" \/>\n\t<meta property=\"og:image:type\" content=\"image\/jpeg\" \/>\n<meta name=\"author\" content=\"P\u00e1gina 10\" \/>\n<meta name=\"twitter:card\" content=\"summary_large_image\" \/>\n<meta name=\"twitter:creator\" content=\"@Pag10com\" \/>\n<meta name=\"twitter:site\" content=\"@Pag10com\" \/>\n<meta name=\"twitter:label1\" content=\"Escrito por\" \/>\n\t<meta name=\"twitter:data1\" content=\"P\u00e1gina 10\" \/>\n\t<meta name=\"twitter:label2\" content=\"Tiempo de lectura\" \/>\n\t<meta name=\"twitter:data2\" content=\"2 minutos\" \/>\n<script type=\"application\/ld+json\" class=\"yoast-schema-graph\">{\"@context\":\"https:\/\/schema.org\",\"@graph\":[{\"@type\":\"Article\",\"@id\":\"https:\/\/pagina10.com\/web\/lo-importante-de-la-postura-a-la-hora-de-dormir\/#article\",\"isPartOf\":{\"@id\":\"https:\/\/pagina10.com\/web\/lo-importante-de-la-postura-a-la-hora-de-dormir\/\"},\"author\":{\"name\":\"P\u00e1gina 10\",\"@id\":\"https:\/\/pagina10.com\/web\/#\/schema\/person\/a7a5d38f0629dfc107f619fbae4f6cc3\"},\"headline\":\"Lo importante de la postura a la hora de dormir\",\"datePublished\":\"2015-08-12T04:08:03+00:00\",\"mainEntityOfPage\":{\"@id\":\"https:\/\/pagina10.com\/web\/lo-importante-de-la-postura-a-la-hora-de-dormir\/\"},\"wordCount\":388,\"commentCount\":0,\"publisher\":{\"@id\":\"https:\/\/pagina10.com\/web\/#organization\"},\"image\":{\"@id\":\"https:\/\/pagina10.com\/web\/lo-importante-de-la-postura-a-la-hora-de-dormir\/#primaryimage\"},\"thumbnailUrl\":\"https:\/\/pagina10.com\/web\/wp-content\/uploads\/2015\/08\/241218a8576ea237cdbfb63c0d7b7e65.jpg\",\"inLanguage\":\"es\",\"potentialAction\":[{\"@type\":\"CommentAction\",\"name\":\"Comment\",\"target\":[\"https:\/\/pagina10.com\/web\/lo-importante-de-la-postura-a-la-hora-de-dormir\/#respond\"]}]},{\"@type\":\"WebPage\",\"@id\":\"https:\/\/pagina10.com\/web\/lo-importante-de-la-postura-a-la-hora-de-dormir\/\",\"url\":\"https:\/\/pagina10.com\/web\/lo-importante-de-la-postura-a-la-hora-de-dormir\/\",\"name\":\"Lo importante de la postura a la hora de dormir | P\u00e1gina10\",\"isPartOf\":{\"@id\":\"https:\/\/pagina10.com\/web\/#website\"},\"primaryImageOfPage\":{\"@id\":\"https:\/\/pagina10.com\/web\/lo-importante-de-la-postura-a-la-hora-de-dormir\/#primaryimage\"},\"image\":{\"@id\":\"https:\/\/pagina10.com\/web\/lo-importante-de-la-postura-a-la-hora-de-dormir\/#primaryimage\"},\"thumbnailUrl\":\"https:\/\/pagina10.com\/web\/wp-content\/uploads\/2015\/08\/241218a8576ea237cdbfb63c0d7b7e65.jpg\",\"datePublished\":\"2015-08-12T04:08:03+00:00\",\"breadcrumb\":{\"@id\":\"https:\/\/pagina10.com\/web\/lo-importante-de-la-postura-a-la-hora-de-dormir\/#breadcrumb\"},\"inLanguage\":\"es\",\"potentialAction\":[{\"@type\":\"ReadAction\",\"target\":[\"https:\/\/pagina10.com\/web\/lo-importante-de-la-postura-a-la-hora-de-dormir\/\"]}]},{\"@type\":\"ImageObject\",\"inLanguage\":\"es\",\"@id\":\"https:\/\/pagina10.com\/web\/lo-importante-de-la-postura-a-la-hora-de-dormir\/#primaryimage\",\"url\":\"https:\/\/pagina10.com\/web\/wp-content\/uploads\/2015\/08\/241218a8576ea237cdbfb63c0d7b7e65.jpg\",\"contentUrl\":\"https:\/\/pagina10.com\/web\/wp-content\/uploads\/2015\/08\/241218a8576ea237cdbfb63c0d7b7e65.jpg\",\"width\":476,\"height\":290},{\"@type\":\"BreadcrumbList\",\"@id\":\"https:\/\/pagina10.com\/web\/lo-importante-de-la-postura-a-la-hora-de-dormir\/#breadcrumb\",\"itemListElement\":[{\"@type\":\"ListItem\",\"position\":1,\"name\":\"Portada\",\"item\":\"https:\/\/pagina10.com\/web\/\"},{\"@type\":\"ListItem\",\"position\":2,\"name\":\"Lo importante de la postura a la hora de dormir\"}]},{\"@type\":\"WebSite\",\"@id\":\"https:\/\/pagina10.com\/web\/#website\",\"url\":\"https:\/\/pagina10.com\/web\/\",\"name\":\"P\u00e1gina10\",\"description\":\"Peri\u00f3dico Regional\",\"publisher\":{\"@id\":\"https:\/\/pagina10.com\/web\/#organization\"},\"alternateName\":\"P\u00e1gina10 Peri\u00f3dico Regional\",\"potentialAction\":[{\"@type\":\"SearchAction\",\"target\":{\"@type\":\"EntryPoint\",\"urlTemplate\":\"https:\/\/pagina10.com\/web\/?s={search_term_string}\"},\"query-input\":{\"@type\":\"PropertyValueSpecification\",\"valueRequired\":true,\"valueName\":\"search_term_string\"}}],\"inLanguage\":\"es\"},{\"@type\":\"Organization\",\"@id\":\"https:\/\/pagina10.com\/web\/#organization\",\"name\":\"P\u00e1gina10\",\"alternateName\":\"P\u00e1gina10 Peri\u00f3dico Regional\",\"url\":\"https:\/\/pagina10.com\/web\/\",\"logo\":{\"@type\":\"ImageObject\",\"inLanguage\":\"es\",\"@id\":\"https:\/\/pagina10.com\/web\/#\/schema\/logo\/image\/\",\"url\":\"https:\/\/pagina10.com\/web\/wp-content\/uploads\/2024\/01\/40-pagina-10-periodico-regional-pasto.jpg\",\"contentUrl\":\"https:\/\/pagina10.com\/web\/wp-content\/uploads\/2024\/01\/40-pagina-10-periodico-regional-pasto.jpg\",\"width\":1280,\"height\":720,\"caption\":\"P\u00e1gina10\"},\"image\":{\"@id\":\"https:\/\/pagina10.com\/web\/#\/schema\/logo\/image\/\"},\"sameAs\":[\"https:\/\/www.facebook.com\/pag10com\",\"https:\/\/x.com\/Pag10com\",\"https:\/\/www.instagram.com\/pagina10col\/\",\"https:\/\/youtube.com\/channel\/pag10\",\"https:\/\/www.tiktok.com\/@p10col\"]},{\"@type\":\"Person\",\"@id\":\"https:\/\/pagina10.com\/web\/#\/schema\/person\/a7a5d38f0629dfc107f619fbae4f6cc3\",\"name\":\"P\u00e1gina 10\",\"description\":\"P\u00e1gina10.com es un peri\u00f3dico digital que nace en Colombia, en el departamento de Nari\u00f1o, con un enfoque global, fundamentado en cuatro pilares esenciales: la libertad, el pluralismo, la inclusi\u00f3n y la independencia. P\u00e1gina10.com hace referencia a Nari\u00f1o como el d\u00e9cimo departamento creado en Colombia, despu\u00e9s de un proceso pol\u00edtico liderado por actores y actrices regionales con el fin de obtener la independencia y autonom\u00eda de nuestros territorios. Con la creaci\u00f3n de P\u00e1gina10.com se pretende abrir un escenario para el dialogo, la reflexi\u00f3n y el debate que se extienda a otras geograf\u00edas de Am\u00e9rica Latina y del planeta, en una apuesta por transformar colectivamente los desaf\u00edos de un mundo contempor\u00e1neo, m\u00e1s all\u00e1 de las fronteras impuestas.\",\"url\":\"https:\/\/pagina10.com\/web\/author\/mcepeda\/\"}]}<\/script>\n<!-- \/ Yoast SEO plugin. -->","yoast_head_json":{"title":"Lo importante de la postura a la hora de dormir | P\u00e1gina10","robots":{"index":"index","follow":"follow","max-snippet":"max-snippet:-1","max-image-preview":"max-image-preview:large","max-video-preview":"max-video-preview:-1"},"canonical":"https:\/\/pagina10.com\/web\/lo-importante-de-la-postura-a-la-hora-de-dormir\/","og_locale":"es_ES","og_type":"article","og_title":"Lo importante de la postura a la hora de dormir | P\u00e1gina10","og_description":"La importancia de la postura al dormir no ha de ser tomada a la ligera. Si bien ya estamos acostumbrados a escuchar que dormir boca abajo es lo menos recomendable porque nuestro cuello permanece girado durante horas para poder respirar, por lo que modificamos la curvatura cervical y somos m\u00e1s susceptibles de padecer cervicalgias, tendinitis, [&hellip;]","og_url":"https:\/\/pagina10.com\/web\/lo-importante-de-la-postura-a-la-hora-de-dormir\/","og_site_name":"P\u00e1gina10","article_publisher":"https:\/\/www.facebook.com\/pag10com","article_published_time":"2015-08-12T04:08:03+00:00","og_image":[{"width":476,"height":290,"url":"https:\/\/pagina10.com\/web\/wp-content\/uploads\/2015\/08\/241218a8576ea237cdbfb63c0d7b7e65.jpg","type":"image\/jpeg"}],"author":"P\u00e1gina 10","twitter_card":"summary_large_image","twitter_creator":"@Pag10com","twitter_site":"@Pag10com","twitter_misc":{"Escrito por":"P\u00e1gina 10","Tiempo de lectura":"2 minutos"},"schema":{"@context":"https:\/\/schema.org","@graph":[{"@type":"Article","@id":"https:\/\/pagina10.com\/web\/lo-importante-de-la-postura-a-la-hora-de-dormir\/#article","isPartOf":{"@id":"https:\/\/pagina10.com\/web\/lo-importante-de-la-postura-a-la-hora-de-dormir\/"},"author":{"name":"P\u00e1gina 10","@id":"https:\/\/pagina10.com\/web\/#\/schema\/person\/a7a5d38f0629dfc107f619fbae4f6cc3"},"headline":"Lo importante de la postura a la hora de dormir","datePublished":"2015-08-12T04:08:03+00:00","mainEntityOfPage":{"@id":"https:\/\/pagina10.com\/web\/lo-importante-de-la-postura-a-la-hora-de-dormir\/"},"wordCount":388,"commentCount":0,"publisher":{"@id":"https:\/\/pagina10.com\/web\/#organization"},"image":{"@id":"https:\/\/pagina10.com\/web\/lo-importante-de-la-postura-a-la-hora-de-dormir\/#primaryimage"},"thumbnailUrl":"https:\/\/pagina10.com\/web\/wp-content\/uploads\/2015\/08\/241218a8576ea237cdbfb63c0d7b7e65.jpg","inLanguage":"es","potentialAction":[{"@type":"CommentAction","name":"Comment","target":["https:\/\/pagina10.com\/web\/lo-importante-de-la-postura-a-la-hora-de-dormir\/#respond"]}]},{"@type":"WebPage","@id":"https:\/\/pagina10.com\/web\/lo-importante-de-la-postura-a-la-hora-de-dormir\/","url":"https:\/\/pagina10.com\/web\/lo-importante-de-la-postura-a-la-hora-de-dormir\/","name":"Lo importante de la postura a la hora de dormir | P\u00e1gina10","isPartOf":{"@id":"https:\/\/pagina10.com\/web\/#website"},"primaryImageOfPage":{"@id":"https:\/\/pagina10.com\/web\/lo-importante-de-la-postura-a-la-hora-de-dormir\/#primaryimage"},"image":{"@id":"https:\/\/pagina10.com\/web\/lo-importante-de-la-postura-a-la-hora-de-dormir\/#primaryimage"},"thumbnailUrl":"https:\/\/pagina10.com\/web\/wp-content\/uploads\/2015\/08\/241218a8576ea237cdbfb63c0d7b7e65.jpg","datePublished":"2015-08-12T04:08:03+00:00","breadcrumb":{"@id":"https:\/\/pagina10.com\/web\/lo-importante-de-la-postura-a-la-hora-de-dormir\/#breadcrumb"},"inLanguage":"es","potentialAction":[{"@type":"ReadAction","target":["https:\/\/pagina10.com\/web\/lo-importante-de-la-postura-a-la-hora-de-dormir\/"]}]},{"@type":"ImageObject","inLanguage":"es","@id":"https:\/\/pagina10.com\/web\/lo-importante-de-la-postura-a-la-hora-de-dormir\/#primaryimage","url":"https:\/\/pagina10.com\/web\/wp-content\/uploads\/2015\/08\/241218a8576ea237cdbfb63c0d7b7e65.jpg","contentUrl":"https:\/\/pagina10.com\/web\/wp-content\/uploads\/2015\/08\/241218a8576ea237cdbfb63c0d7b7e65.jpg","width":476,"height":290},{"@type":"BreadcrumbList","@id":"https:\/\/pagina10.com\/web\/lo-importante-de-la-postura-a-la-hora-de-dormir\/#breadcrumb","itemListElement":[{"@type":"ListItem","position":1,"name":"Portada","item":"https:\/\/pagina10.com\/web\/"},{"@type":"ListItem","position":2,"name":"Lo importante de la postura a la hora de dormir"}]},{"@type":"WebSite","@id":"https:\/\/pagina10.com\/web\/#website","url":"https:\/\/pagina10.com\/web\/","name":"P\u00e1gina10","description":"Peri\u00f3dico Regional","publisher":{"@id":"https:\/\/pagina10.com\/web\/#organization"},"alternateName":"P\u00e1gina10 Peri\u00f3dico Regional","potentialAction":[{"@type":"SearchAction","target":{"@type":"EntryPoint","urlTemplate":"https:\/\/pagina10.com\/web\/?s={search_term_string}"},"query-input":{"@type":"PropertyValueSpecification","valueRequired":true,"valueName":"search_term_string"}}],"inLanguage":"es"},{"@type":"Organization","@id":"https:\/\/pagina10.com\/web\/#organization","name":"P\u00e1gina10","alternateName":"P\u00e1gina10 Peri\u00f3dico Regional","url":"https:\/\/pagina10.com\/web\/","logo":{"@type":"ImageObject","inLanguage":"es","@id":"https:\/\/pagina10.com\/web\/#\/schema\/logo\/image\/","url":"https:\/\/pagina10.com\/web\/wp-content\/uploads\/2024\/01\/40-pagina-10-periodico-regional-pasto.jpg","contentUrl":"https:\/\/pagina10.com\/web\/wp-content\/uploads\/2024\/01\/40-pagina-10-periodico-regional-pasto.jpg","width":1280,"height":720,"caption":"P\u00e1gina10"},"image":{"@id":"https:\/\/pagina10.com\/web\/#\/schema\/logo\/image\/"},"sameAs":["https:\/\/www.facebook.com\/pag10com","https:\/\/x.com\/Pag10com","https:\/\/www.instagram.com\/pagina10col\/","https:\/\/youtube.com\/channel\/pag10","https:\/\/www.tiktok.com\/@p10col"]},{"@type":"Person","@id":"https:\/\/pagina10.com\/web\/#\/schema\/person\/a7a5d38f0629dfc107f619fbae4f6cc3","name":"P\u00e1gina 10","description":"P\u00e1gina10.com es un peri\u00f3dico digital que nace en Colombia, en el departamento de Nari\u00f1o, con un enfoque global, fundamentado en cuatro pilares esenciales: la libertad, el pluralismo, la inclusi\u00f3n y la independencia. P\u00e1gina10.com hace referencia a Nari\u00f1o como el d\u00e9cimo departamento creado en Colombia, despu\u00e9s de un proceso pol\u00edtico liderado por actores y actrices regionales con el fin de obtener la independencia y autonom\u00eda de nuestros territorios. Con la creaci\u00f3n de P\u00e1gina10.com se pretende abrir un escenario para el dialogo, la reflexi\u00f3n y el debate que se extienda a otras geograf\u00edas de Am\u00e9rica Latina y del planeta, en una apuesta por transformar colectivamente los desaf\u00edos de un mundo contempor\u00e1neo, m\u00e1s all\u00e1 de las fronteras impuestas.","url":"https:\/\/pagina10.com\/web\/author\/mcepeda\/"}]}},"_links":{"self":[{"href":"https:\/\/pagina10.com\/web\/wp-json\/wp\/v2\/posts\/17231","targetHints":{"allow":["GET"]}}],"collection":[{"href":"https:\/\/pagina10.com\/web\/wp-json\/wp\/v2\/posts"}],"about":[{"href":"https:\/\/pagina10.com\/web\/wp-json\/wp\/v2\/types\/post"}],"author":[{"embeddable":true,"href":"https:\/\/pagina10.com\/web\/wp-json\/wp\/v2\/users\/29"}],"replies":[{"embeddable":true,"href":"https:\/\/pagina10.com\/web\/wp-json\/wp\/v2\/comments?post=17231"}],"version-history":[{"count":0,"href":"https:\/\/pagina10.com\/web\/wp-json\/wp\/v2\/posts\/17231\/revisions"}],"wp:featuredmedia":[{"embeddable":true,"href":"https:\/\/pagina10.com\/web\/wp-json\/wp\/v2\/media\/17230"}],"wp:attachment":[{"href":"https:\/\/pagina10.com\/web\/wp-json\/wp\/v2\/media?parent=17231"}],"wp:term":[{"taxonomy":"category","embeddable":true,"href":"https:\/\/pagina10.com\/web\/wp-json\/wp\/v2\/categories?post=17231"},{"taxonomy":"post_tag","embeddable":true,"href":"https:\/\/pagina10.com\/web\/wp-json\/wp\/v2\/tags?post=17231"}],"curies":[{"name":"wp","href":"https:\/\/api.w.org\/{rel}","templated":true}]}}