{"id":17233,"date":"2015-08-12T04:14:41","date_gmt":"2015-08-12T04:14:41","guid":{"rendered":"https:\/\/pagina10.com\/web\/gabo-regresa-a-su-natal-colombia\/"},"modified":"2015-08-12T04:14:41","modified_gmt":"2015-08-12T04:14:41","slug":"gabo-regresa-a-su-natal-colombia","status":"publish","type":"post","link":"https:\/\/pagina10.com\/web\/gabo-regresa-a-su-natal-colombia\/","title":{"rendered":"Gabo regresa a su natal Colombia"},"content":{"rendered":"<p><img fetchpriority=\"high\" decoding=\"async\" class=\" size-full wp-image-17232\" src=\"https:\/\/pagina10.com\/web\/wp-content\/uploads\/2015\/08\/21bcfb7d42fb45624b57710a2e1a1667.jpg\" alt=\"\" width=\"1200\" height=\"675\" srcset=\"https:\/\/pagina10.com\/web\/wp-content\/uploads\/2015\/08\/21bcfb7d42fb45624b57710a2e1a1667.jpg 1200w, https:\/\/pagina10.com\/web\/wp-content\/uploads\/2015\/08\/21bcfb7d42fb45624b57710a2e1a1667-300x169.jpg 300w, https:\/\/pagina10.com\/web\/wp-content\/uploads\/2015\/08\/21bcfb7d42fb45624b57710a2e1a1667-1024x576.jpg 1024w, https:\/\/pagina10.com\/web\/wp-content\/uploads\/2015\/08\/21bcfb7d42fb45624b57710a2e1a1667-768x432.jpg 768w\" sizes=\"(max-width: 1200px) 100vw, 1200px\" \/><\/p>\n<p style=\"text-align: justify;\">La cenizas del escritor colombiano Gabriel Garc\u00eda M\u00e1rquez ser\u00e1n trasladadas desde M\u00e9xico, donde muri\u00f3, a la ciudad caribe\u00f1a de Cartagena el pr\u00f3ximo mes de diciembre.<br \/>Las cenizas del novelista colombiano, Premio Nobel 1982, ser\u00e1n exhibidas de forma permanente en un claustro colonial en el centro hist\u00f3rico de la ciudad.<br \/>Garc\u00eda M\u00e1rquez estableci\u00f3 varias de sus obras en la ciudad, incluyendo &#8220;El amor en los tiempos del c\u00f3lera&#8221;.&nbsp;El escritor muri\u00f3 en abril de 2014 en Ciudad de M\u00e9xico, donde vivi\u00f3 por varias d\u00e9cadas con su familia.&nbsp;La decisi\u00f3n de su esposa Mercedes Barcha y sus dos hijos de traer sus restos a Cartagena fue bien recibida por sus amigos y muchos otros colombianos.<\/p>\n<p style=\"text-align: justify;\"><strong>La \u00fanica casa que construy\u00f3<\/strong><\/p>\n<p style=\"text-align: justify;\">Garc\u00eda M\u00e1rquez lleg\u00f3 a la ciudad en 1948 donde trabaj\u00f3 como periodista del diario local El Universal. Durante los \u00faltimos a\u00f1os de su vida mantuvo una casa de vacaciones en Cartagena que visitaba con frecuencia.<\/p>\n<p style=\"text-align: justify;\">El c\u00e9lebre autor de &#8220;Cien a\u00f1os de soledad&#8221; tambi\u00e9n estableci\u00f3 all\u00ed una fundaci\u00f3n dedicada a entrenar a periodistas de Am\u00e9rica Latina, la Fundaci\u00f3n para el Nuevo Periodismo Iberoamericano, FNPI.<\/p>\n<p style=\"text-align: justify;\">Su director, Jaime Abello, dijo que la decisi\u00f3n de llevar sus restos a la ciudad tiene sentido.<\/p>\n<p style=\"text-align: justify;\">&#8220;Cartagena es donde Garc\u00eda M\u00e1rquez construy\u00f3 su casa, la \u00fanica construy\u00f3. Muchos miembros de su familia viven all\u00ed y es donde est\u00e1n enterrados sus padres&#8221;, dijo.<\/p>\n<p style=\"text-align: justify;\">&#8220;Garc\u00eda M\u00e1rquez y su esposa nunca dejaron de ser colombianos, a pesar de vivir en el extranjero desde hace muchos a\u00f1os&#8221;.<\/p>\n<p style=\"text-align: justify;\">&nbsp;<\/p>\n<p style=\"text-align: justify;\">Fuente: BBC<\/p>\n","protected":false},"excerpt":{"rendered":"<p>La cenizas del escritor colombiano Gabriel Garc\u00eda M\u00e1rquez ser\u00e1n trasladadas desde M\u00e9xico, donde muri\u00f3, a la ciudad caribe\u00f1a de Cartagena el pr\u00f3ximo mes de diciembre.Las cenizas del novelista colombiano, Premio Nobel 1982, ser\u00e1n exhibidas de forma permanente en un claustro colonial en el centro hist\u00f3rico de la ciudad.Garc\u00eda M\u00e1rquez estableci\u00f3 varias de sus obras en [&hellip;]<\/p>\n","protected":false},"author":29,"featured_media":17232,"comment_status":"open","ping_status":"open","sticky":false,"template":"","format":"standard","meta":{"footnotes":""},"categories":[1],"tags":[],"class_list":["post-17233","post","type-post","status-publish","format-standard","has-post-thumbnail","hentry","category-sin-categoria"],"yoast_head":"<!-- This site is optimized with the Yoast SEO plugin v27.1.1 - https:\/\/yoast.com\/product\/yoast-seo-wordpress\/ -->\n<title>Gabo regresa a su natal Colombia | P\u00e1gina10<\/title>\n<meta name=\"robots\" content=\"index, follow, max-snippet:-1, max-image-preview:large, max-video-preview:-1\" \/>\n<link rel=\"canonical\" href=\"https:\/\/pagina10.com\/web\/gabo-regresa-a-su-natal-colombia\/\" \/>\n<meta property=\"og:locale\" content=\"es_ES\" \/>\n<meta property=\"og:type\" content=\"article\" \/>\n<meta property=\"og:title\" content=\"Gabo regresa a su natal Colombia | P\u00e1gina10\" \/>\n<meta property=\"og:description\" content=\"La cenizas del escritor colombiano Gabriel Garc\u00eda M\u00e1rquez ser\u00e1n trasladadas desde M\u00e9xico, donde muri\u00f3, a la ciudad caribe\u00f1a de Cartagena el pr\u00f3ximo mes de diciembre.Las cenizas del novelista colombiano, Premio Nobel 1982, ser\u00e1n exhibidas de forma permanente en un claustro colonial en el centro hist\u00f3rico de la ciudad.Garc\u00eda M\u00e1rquez estableci\u00f3 varias de sus obras en [&hellip;]\" \/>\n<meta property=\"og:url\" content=\"https:\/\/pagina10.com\/web\/gabo-regresa-a-su-natal-colombia\/\" \/>\n<meta property=\"og:site_name\" content=\"P\u00e1gina10\" \/>\n<meta property=\"article:publisher\" content=\"https:\/\/www.facebook.com\/pag10com\" \/>\n<meta property=\"article:published_time\" content=\"2015-08-12T04:14:41+00:00\" \/>\n<meta property=\"og:image\" content=\"https:\/\/pagina10.com\/web\/wp-content\/uploads\/2015\/08\/21bcfb7d42fb45624b57710a2e1a1667.jpg\" \/>\n\t<meta property=\"og:image:width\" content=\"1200\" \/>\n\t<meta property=\"og:image:height\" content=\"675\" \/>\n\t<meta property=\"og:image:type\" content=\"image\/jpeg\" \/>\n<meta name=\"author\" content=\"P\u00e1gina 10\" \/>\n<meta name=\"twitter:card\" content=\"summary_large_image\" \/>\n<meta name=\"twitter:creator\" content=\"@Pag10com\" \/>\n<meta name=\"twitter:site\" content=\"@Pag10com\" \/>\n<meta name=\"twitter:label1\" content=\"Escrito por\" \/>\n\t<meta name=\"twitter:data1\" content=\"P\u00e1gina 10\" \/>\n\t<meta name=\"twitter:label2\" content=\"Tiempo de lectura\" \/>\n\t<meta name=\"twitter:data2\" content=\"1 minuto\" \/>\n<script type=\"application\/ld+json\" class=\"yoast-schema-graph\">{\"@context\":\"https:\/\/schema.org\",\"@graph\":[{\"@type\":\"Article\",\"@id\":\"https:\/\/pagina10.com\/web\/gabo-regresa-a-su-natal-colombia\/#article\",\"isPartOf\":{\"@id\":\"https:\/\/pagina10.com\/web\/gabo-regresa-a-su-natal-colombia\/\"},\"author\":{\"name\":\"P\u00e1gina 10\",\"@id\":\"https:\/\/pagina10.com\/web\/#\/schema\/person\/a7a5d38f0629dfc107f619fbae4f6cc3\"},\"headline\":\"Gabo regresa a su natal Colombia\",\"datePublished\":\"2015-08-12T04:14:41+00:00\",\"mainEntityOfPage\":{\"@id\":\"https:\/\/pagina10.com\/web\/gabo-regresa-a-su-natal-colombia\/\"},\"wordCount\":284,\"commentCount\":0,\"publisher\":{\"@id\":\"https:\/\/pagina10.com\/web\/#organization\"},\"image\":{\"@id\":\"https:\/\/pagina10.com\/web\/gabo-regresa-a-su-natal-colombia\/#primaryimage\"},\"thumbnailUrl\":\"https:\/\/pagina10.com\/web\/wp-content\/uploads\/2015\/08\/21bcfb7d42fb45624b57710a2e1a1667.jpg\",\"inLanguage\":\"es\",\"potentialAction\":[{\"@type\":\"CommentAction\",\"name\":\"Comment\",\"target\":[\"https:\/\/pagina10.com\/web\/gabo-regresa-a-su-natal-colombia\/#respond\"]}]},{\"@type\":\"WebPage\",\"@id\":\"https:\/\/pagina10.com\/web\/gabo-regresa-a-su-natal-colombia\/\",\"url\":\"https:\/\/pagina10.com\/web\/gabo-regresa-a-su-natal-colombia\/\",\"name\":\"Gabo regresa a su natal Colombia | P\u00e1gina10\",\"isPartOf\":{\"@id\":\"https:\/\/pagina10.com\/web\/#website\"},\"primaryImageOfPage\":{\"@id\":\"https:\/\/pagina10.com\/web\/gabo-regresa-a-su-natal-colombia\/#primaryimage\"},\"image\":{\"@id\":\"https:\/\/pagina10.com\/web\/gabo-regresa-a-su-natal-colombia\/#primaryimage\"},\"thumbnailUrl\":\"https:\/\/pagina10.com\/web\/wp-content\/uploads\/2015\/08\/21bcfb7d42fb45624b57710a2e1a1667.jpg\",\"datePublished\":\"2015-08-12T04:14:41+00:00\",\"breadcrumb\":{\"@id\":\"https:\/\/pagina10.com\/web\/gabo-regresa-a-su-natal-colombia\/#breadcrumb\"},\"inLanguage\":\"es\",\"potentialAction\":[{\"@type\":\"ReadAction\",\"target\":[\"https:\/\/pagina10.com\/web\/gabo-regresa-a-su-natal-colombia\/\"]}]},{\"@type\":\"ImageObject\",\"inLanguage\":\"es\",\"@id\":\"https:\/\/pagina10.com\/web\/gabo-regresa-a-su-natal-colombia\/#primaryimage\",\"url\":\"https:\/\/pagina10.com\/web\/wp-content\/uploads\/2015\/08\/21bcfb7d42fb45624b57710a2e1a1667.jpg\",\"contentUrl\":\"https:\/\/pagina10.com\/web\/wp-content\/uploads\/2015\/08\/21bcfb7d42fb45624b57710a2e1a1667.jpg\",\"width\":1200,\"height\":675},{\"@type\":\"BreadcrumbList\",\"@id\":\"https:\/\/pagina10.com\/web\/gabo-regresa-a-su-natal-colombia\/#breadcrumb\",\"itemListElement\":[{\"@type\":\"ListItem\",\"position\":1,\"name\":\"Portada\",\"item\":\"https:\/\/pagina10.com\/web\/\"},{\"@type\":\"ListItem\",\"position\":2,\"name\":\"Gabo regresa a su natal Colombia\"}]},{\"@type\":\"WebSite\",\"@id\":\"https:\/\/pagina10.com\/web\/#website\",\"url\":\"https:\/\/pagina10.com\/web\/\",\"name\":\"P\u00e1gina10\",\"description\":\"Peri\u00f3dico Regional\",\"publisher\":{\"@id\":\"https:\/\/pagina10.com\/web\/#organization\"},\"alternateName\":\"P\u00e1gina10 Peri\u00f3dico Regional\",\"potentialAction\":[{\"@type\":\"SearchAction\",\"target\":{\"@type\":\"EntryPoint\",\"urlTemplate\":\"https:\/\/pagina10.com\/web\/?s={search_term_string}\"},\"query-input\":{\"@type\":\"PropertyValueSpecification\",\"valueRequired\":true,\"valueName\":\"search_term_string\"}}],\"inLanguage\":\"es\"},{\"@type\":\"Organization\",\"@id\":\"https:\/\/pagina10.com\/web\/#organization\",\"name\":\"P\u00e1gina10\",\"alternateName\":\"P\u00e1gina10 Peri\u00f3dico Regional\",\"url\":\"https:\/\/pagina10.com\/web\/\",\"logo\":{\"@type\":\"ImageObject\",\"inLanguage\":\"es\",\"@id\":\"https:\/\/pagina10.com\/web\/#\/schema\/logo\/image\/\",\"url\":\"https:\/\/pagina10.com\/web\/wp-content\/uploads\/2024\/01\/40-pagina-10-periodico-regional-pasto.jpg\",\"contentUrl\":\"https:\/\/pagina10.com\/web\/wp-content\/uploads\/2024\/01\/40-pagina-10-periodico-regional-pasto.jpg\",\"width\":1280,\"height\":720,\"caption\":\"P\u00e1gina10\"},\"image\":{\"@id\":\"https:\/\/pagina10.com\/web\/#\/schema\/logo\/image\/\"},\"sameAs\":[\"https:\/\/www.facebook.com\/pag10com\",\"https:\/\/x.com\/Pag10com\",\"https:\/\/www.instagram.com\/pagina10col\/\",\"https:\/\/youtube.com\/channel\/pag10\",\"https:\/\/www.tiktok.com\/@p10col\"]},{\"@type\":\"Person\",\"@id\":\"https:\/\/pagina10.com\/web\/#\/schema\/person\/a7a5d38f0629dfc107f619fbae4f6cc3\",\"name\":\"P\u00e1gina 10\",\"description\":\"P\u00e1gina10.com es un peri\u00f3dico digital que nace en Colombia, en el departamento de Nari\u00f1o, con un enfoque global, fundamentado en cuatro pilares esenciales: la libertad, el pluralismo, la inclusi\u00f3n y la independencia. P\u00e1gina10.com hace referencia a Nari\u00f1o como el d\u00e9cimo departamento creado en Colombia, despu\u00e9s de un proceso pol\u00edtico liderado por actores y actrices regionales con el fin de obtener la independencia y autonom\u00eda de nuestros territorios. Con la creaci\u00f3n de P\u00e1gina10.com se pretende abrir un escenario para el dialogo, la reflexi\u00f3n y el debate que se extienda a otras geograf\u00edas de Am\u00e9rica Latina y del planeta, en una apuesta por transformar colectivamente los desaf\u00edos de un mundo contempor\u00e1neo, m\u00e1s all\u00e1 de las fronteras impuestas.\",\"url\":\"https:\/\/pagina10.com\/web\/author\/mcepeda\/\"}]}<\/script>\n<!-- \/ Yoast SEO plugin. -->","yoast_head_json":{"title":"Gabo regresa a su natal Colombia | P\u00e1gina10","robots":{"index":"index","follow":"follow","max-snippet":"max-snippet:-1","max-image-preview":"max-image-preview:large","max-video-preview":"max-video-preview:-1"},"canonical":"https:\/\/pagina10.com\/web\/gabo-regresa-a-su-natal-colombia\/","og_locale":"es_ES","og_type":"article","og_title":"Gabo regresa a su natal Colombia | P\u00e1gina10","og_description":"La cenizas del escritor colombiano Gabriel Garc\u00eda M\u00e1rquez ser\u00e1n trasladadas desde M\u00e9xico, donde muri\u00f3, a la ciudad caribe\u00f1a de Cartagena el pr\u00f3ximo mes de diciembre.Las cenizas del novelista colombiano, Premio Nobel 1982, ser\u00e1n exhibidas de forma permanente en un claustro colonial en el centro hist\u00f3rico de la ciudad.Garc\u00eda M\u00e1rquez estableci\u00f3 varias de sus obras en [&hellip;]","og_url":"https:\/\/pagina10.com\/web\/gabo-regresa-a-su-natal-colombia\/","og_site_name":"P\u00e1gina10","article_publisher":"https:\/\/www.facebook.com\/pag10com","article_published_time":"2015-08-12T04:14:41+00:00","og_image":[{"width":1200,"height":675,"url":"https:\/\/pagina10.com\/web\/wp-content\/uploads\/2015\/08\/21bcfb7d42fb45624b57710a2e1a1667.jpg","type":"image\/jpeg"}],"author":"P\u00e1gina 10","twitter_card":"summary_large_image","twitter_creator":"@Pag10com","twitter_site":"@Pag10com","twitter_misc":{"Escrito por":"P\u00e1gina 10","Tiempo de lectura":"1 minuto"},"schema":{"@context":"https:\/\/schema.org","@graph":[{"@type":"Article","@id":"https:\/\/pagina10.com\/web\/gabo-regresa-a-su-natal-colombia\/#article","isPartOf":{"@id":"https:\/\/pagina10.com\/web\/gabo-regresa-a-su-natal-colombia\/"},"author":{"name":"P\u00e1gina 10","@id":"https:\/\/pagina10.com\/web\/#\/schema\/person\/a7a5d38f0629dfc107f619fbae4f6cc3"},"headline":"Gabo regresa a su natal Colombia","datePublished":"2015-08-12T04:14:41+00:00","mainEntityOfPage":{"@id":"https:\/\/pagina10.com\/web\/gabo-regresa-a-su-natal-colombia\/"},"wordCount":284,"commentCount":0,"publisher":{"@id":"https:\/\/pagina10.com\/web\/#organization"},"image":{"@id":"https:\/\/pagina10.com\/web\/gabo-regresa-a-su-natal-colombia\/#primaryimage"},"thumbnailUrl":"https:\/\/pagina10.com\/web\/wp-content\/uploads\/2015\/08\/21bcfb7d42fb45624b57710a2e1a1667.jpg","inLanguage":"es","potentialAction":[{"@type":"CommentAction","name":"Comment","target":["https:\/\/pagina10.com\/web\/gabo-regresa-a-su-natal-colombia\/#respond"]}]},{"@type":"WebPage","@id":"https:\/\/pagina10.com\/web\/gabo-regresa-a-su-natal-colombia\/","url":"https:\/\/pagina10.com\/web\/gabo-regresa-a-su-natal-colombia\/","name":"Gabo regresa a su natal Colombia | P\u00e1gina10","isPartOf":{"@id":"https:\/\/pagina10.com\/web\/#website"},"primaryImageOfPage":{"@id":"https:\/\/pagina10.com\/web\/gabo-regresa-a-su-natal-colombia\/#primaryimage"},"image":{"@id":"https:\/\/pagina10.com\/web\/gabo-regresa-a-su-natal-colombia\/#primaryimage"},"thumbnailUrl":"https:\/\/pagina10.com\/web\/wp-content\/uploads\/2015\/08\/21bcfb7d42fb45624b57710a2e1a1667.jpg","datePublished":"2015-08-12T04:14:41+00:00","breadcrumb":{"@id":"https:\/\/pagina10.com\/web\/gabo-regresa-a-su-natal-colombia\/#breadcrumb"},"inLanguage":"es","potentialAction":[{"@type":"ReadAction","target":["https:\/\/pagina10.com\/web\/gabo-regresa-a-su-natal-colombia\/"]}]},{"@type":"ImageObject","inLanguage":"es","@id":"https:\/\/pagina10.com\/web\/gabo-regresa-a-su-natal-colombia\/#primaryimage","url":"https:\/\/pagina10.com\/web\/wp-content\/uploads\/2015\/08\/21bcfb7d42fb45624b57710a2e1a1667.jpg","contentUrl":"https:\/\/pagina10.com\/web\/wp-content\/uploads\/2015\/08\/21bcfb7d42fb45624b57710a2e1a1667.jpg","width":1200,"height":675},{"@type":"BreadcrumbList","@id":"https:\/\/pagina10.com\/web\/gabo-regresa-a-su-natal-colombia\/#breadcrumb","itemListElement":[{"@type":"ListItem","position":1,"name":"Portada","item":"https:\/\/pagina10.com\/web\/"},{"@type":"ListItem","position":2,"name":"Gabo regresa a su natal Colombia"}]},{"@type":"WebSite","@id":"https:\/\/pagina10.com\/web\/#website","url":"https:\/\/pagina10.com\/web\/","name":"P\u00e1gina10","description":"Peri\u00f3dico Regional","publisher":{"@id":"https:\/\/pagina10.com\/web\/#organization"},"alternateName":"P\u00e1gina10 Peri\u00f3dico Regional","potentialAction":[{"@type":"SearchAction","target":{"@type":"EntryPoint","urlTemplate":"https:\/\/pagina10.com\/web\/?s={search_term_string}"},"query-input":{"@type":"PropertyValueSpecification","valueRequired":true,"valueName":"search_term_string"}}],"inLanguage":"es"},{"@type":"Organization","@id":"https:\/\/pagina10.com\/web\/#organization","name":"P\u00e1gina10","alternateName":"P\u00e1gina10 Peri\u00f3dico Regional","url":"https:\/\/pagina10.com\/web\/","logo":{"@type":"ImageObject","inLanguage":"es","@id":"https:\/\/pagina10.com\/web\/#\/schema\/logo\/image\/","url":"https:\/\/pagina10.com\/web\/wp-content\/uploads\/2024\/01\/40-pagina-10-periodico-regional-pasto.jpg","contentUrl":"https:\/\/pagina10.com\/web\/wp-content\/uploads\/2024\/01\/40-pagina-10-periodico-regional-pasto.jpg","width":1280,"height":720,"caption":"P\u00e1gina10"},"image":{"@id":"https:\/\/pagina10.com\/web\/#\/schema\/logo\/image\/"},"sameAs":["https:\/\/www.facebook.com\/pag10com","https:\/\/x.com\/Pag10com","https:\/\/www.instagram.com\/pagina10col\/","https:\/\/youtube.com\/channel\/pag10","https:\/\/www.tiktok.com\/@p10col"]},{"@type":"Person","@id":"https:\/\/pagina10.com\/web\/#\/schema\/person\/a7a5d38f0629dfc107f619fbae4f6cc3","name":"P\u00e1gina 10","description":"P\u00e1gina10.com es un peri\u00f3dico digital que nace en Colombia, en el departamento de Nari\u00f1o, con un enfoque global, fundamentado en cuatro pilares esenciales: la libertad, el pluralismo, la inclusi\u00f3n y la independencia. P\u00e1gina10.com hace referencia a Nari\u00f1o como el d\u00e9cimo departamento creado en Colombia, despu\u00e9s de un proceso pol\u00edtico liderado por actores y actrices regionales con el fin de obtener la independencia y autonom\u00eda de nuestros territorios. Con la creaci\u00f3n de P\u00e1gina10.com se pretende abrir un escenario para el dialogo, la reflexi\u00f3n y el debate que se extienda a otras geograf\u00edas de Am\u00e9rica Latina y del planeta, en una apuesta por transformar colectivamente los desaf\u00edos de un mundo contempor\u00e1neo, m\u00e1s all\u00e1 de las fronteras impuestas.","url":"https:\/\/pagina10.com\/web\/author\/mcepeda\/"}]}},"_links":{"self":[{"href":"https:\/\/pagina10.com\/web\/wp-json\/wp\/v2\/posts\/17233","targetHints":{"allow":["GET"]}}],"collection":[{"href":"https:\/\/pagina10.com\/web\/wp-json\/wp\/v2\/posts"}],"about":[{"href":"https:\/\/pagina10.com\/web\/wp-json\/wp\/v2\/types\/post"}],"author":[{"embeddable":true,"href":"https:\/\/pagina10.com\/web\/wp-json\/wp\/v2\/users\/29"}],"replies":[{"embeddable":true,"href":"https:\/\/pagina10.com\/web\/wp-json\/wp\/v2\/comments?post=17233"}],"version-history":[{"count":0,"href":"https:\/\/pagina10.com\/web\/wp-json\/wp\/v2\/posts\/17233\/revisions"}],"wp:featuredmedia":[{"embeddable":true,"href":"https:\/\/pagina10.com\/web\/wp-json\/wp\/v2\/media\/17232"}],"wp:attachment":[{"href":"https:\/\/pagina10.com\/web\/wp-json\/wp\/v2\/media?parent=17233"}],"wp:term":[{"taxonomy":"category","embeddable":true,"href":"https:\/\/pagina10.com\/web\/wp-json\/wp\/v2\/categories?post=17233"},{"taxonomy":"post_tag","embeddable":true,"href":"https:\/\/pagina10.com\/web\/wp-json\/wp\/v2\/tags?post=17233"}],"curies":[{"name":"wp","href":"https:\/\/api.w.org\/{rel}","templated":true}]}}