{"id":17237,"date":"2015-08-12T04:32:12","date_gmt":"2015-08-12T04:32:12","guid":{"rendered":"https:\/\/pagina10.com\/web\/este-12-de-agosto-se-elegira-a-roberto-velez-como-gerente-de-federacafe\/"},"modified":"2015-08-12T04:32:12","modified_gmt":"2015-08-12T04:32:12","slug":"este-12-de-agosto-se-elegira-a-roberto-velez-como-gerente-de-federacafe","status":"publish","type":"post","link":"https:\/\/pagina10.com\/web\/este-12-de-agosto-se-elegira-a-roberto-velez-como-gerente-de-federacafe\/","title":{"rendered":"Este 12 de agosto se elegir\u00e1 a Roberto V\u00e9lez como gerente de Federacaf\u00e9"},"content":{"rendered":"<p><img fetchpriority=\"high\" decoding=\"async\" class=\" size-full wp-image-17236\" src=\"https:\/\/pagina10.com\/web\/wp-content\/uploads\/2015\/08\/6160de4a94c860ba479eb47d88ec6809.jpg\" alt=\"\" width=\"800\" height=\"420\" srcset=\"https:\/\/pagina10.com\/web\/wp-content\/uploads\/2015\/08\/6160de4a94c860ba479eb47d88ec6809.jpg 800w, https:\/\/pagina10.com\/web\/wp-content\/uploads\/2015\/08\/6160de4a94c860ba479eb47d88ec6809-300x158.jpg 300w, https:\/\/pagina10.com\/web\/wp-content\/uploads\/2015\/08\/6160de4a94c860ba479eb47d88ec6809-768x403.jpg 768w\" sizes=\"(max-width: 800px) 100vw, 800px\" \/><\/p>\n<p style=\"text-align: justify;\">En un congreso cafetero extraordinario, citado para las 10 a.m., ser\u00e1 electo Roberto V\u00e9lez Vallejo como nuevo gerente de la Federaci\u00f3n Nacional de Cafeteros.<\/p>\n<p style=\"text-align: justify;\">As\u00ed como en la \u00faltima etapa de una carrera de ciclismo, en la que ya se conoce qui\u00e9n ser\u00e1 el campe\u00f3n, pero aun as\u00ed se corre el tradicional paseo del triunfo, ser\u00e1 tambi\u00e9n la elecci\u00f3n de V\u00e9lez Vallejo.<\/p>\n<p style=\"text-align: justify;\">Y es que a pesar de que el embajador de Jap\u00f3n, Roberto V\u00e9lez, es el virtual gerente de la FNC, tras la sorpresiva renuncia de sus dos contendores, este 12 de agosto, durante el Congreso Extraordinario Cafetero, habr\u00e1 una votaci\u00f3n para elegirlo.<\/p>\n<p style=\"text-align: justify;\">Su elecci\u00f3n no ser\u00e1 m\u00e1s que un simple formalismo, siguiendo el protocolo del Congreso. All\u00ed se har\u00e1 su nombramiento.<\/p>\n<p style=\"text-align: justify;\">La decisi\u00f3n de la renuncia de Luis Guillermo V\u00e9lez y de Adriana Mej\u00eda no solo le dej\u00f3 el camino allanado a Roberto V\u00e9lez para suceder a Luis Genaro Mu\u00f1oz, sino que adem\u00e1s este acto es considerado como un &#8216;espaldarazo&#8217; de sus contrincantes con el fin de &#8220;consolidar la unidad cafetera&#8221;.<\/p>\n<p style=\"text-align: justify;\">Antes de la renuncia de Luis Guillermo V\u00e9lez, el ahora virtual gerente tendr\u00eda 48 votos asegurados frente a 6 de su contendor, lo que quiere decir, que a diferencia de su antecesor, V\u00e9lez Vallejo cuenta con el respaldo de la mayor\u00eda de los Comit\u00e9s Departamentales, excepto el del Huila que se inclinaba por Luis Guillermo V\u00e9lez y el de Santander que no se hab\u00eda decidido.<\/p>\n<p style=\"text-align: justify;\">Esto, como una voz de protesta ante un &#8216;desconocimiento&#8217; de esta realidad cafetera nacional, reconocieron el excandidato Luis Guillermo V\u00e9lez y el presidente del Comit\u00e9 de Cafeteros de ese departament, \u00c1lvaro Espitia.<\/p>\n<p style=\"text-align: justify;\">Roberto V\u00e9lez Vallejo (de 56 a\u00f1os) tiene una experiencia de 23 a\u00f1os vinculado a la Federaci\u00f3n Nacional de Cafeteros, donde se desempe\u00f1\u00f3 por seis a\u00f1os en la gerencia comercial, entre el 2002 y el 2008, tras haber sido director de esa instituci\u00f3n gremial en Asia (1999\/ 2002).<\/p>\n<p style=\"text-align: justify;\">En la Federacaf\u00e9 tambi\u00e9n ocup\u00f3 el cargo de director de Proyectos Especiales de Mercadeo (1996\/1999) y estuvo encargado de la subdirecci\u00f3n Comercial en abril de 1994.<\/p>\n<p style=\"text-align: justify;\">V\u00e9lez es economista de la Universidad Colegio Mayor de Nuestra Se\u00f1ora del Rosario con posgrado en gerencia de la Universidad de Brighton en Inglaterra (1984\/1985). Habla ingl\u00e9s, japon\u00e9s y franc\u00e9s perfectamente.<\/p>\n<p style=\"text-align: justify;\"><strong>Los retos que debe asumir <\/strong><\/p>\n<p style=\"text-align: justify;\"><span style=\"line-height: 1.8;\">Entre los retos que debe asumir el nuevo Gerente estar\u00e1 liderar una de las organizaciones m\u00e1s prestigiosas de Colombia, clave en el desarrollo rural de m\u00e1s de la mitad de los municipios del pa\u00eds.<\/span><\/p>\n<p style=\"text-align: justify;\">Adem\u00e1s, deber\u00e1 seguir consolidando las marcas de caf\u00e9 internacionalmente reconocidas, como Juan Valdez y lograr que el caf\u00e9 colombiano sea altamente ponderado en el mundo por su origen y calidad.<\/p>\n<p style=\"text-align: justify;\">As\u00ed mismo, el gerente de la Federaci\u00f3n deber\u00e1 implementar el Plan Estrat\u00e9gico de Desarrollo 2015-2020, aprobado en diciembre de 2014.<br \/>Este plan debe regirse bajo los estudios que se han venido desarrollando sobre el sector agr\u00edcola y el sector cafetero, incluyendo el de la Ocde, la Misi\u00f3n Rural y las recomendaciones propuestas por la Misi\u00f3n para la Competitividad de la Caficultura Colombiana, entre otros.<\/p>\n<p style=\"text-align: justify;\">Sin contar que como presidente deber\u00e1 representar los 15 comit\u00e9s departamentales y los 370 comit\u00e9s municipales, es decir, tiene en su poder el gremio m\u00e1s grande del pa\u00eds.<\/p>\n<p style=\"text-align: justify;\">Deber\u00e1 tambi\u00e9n poner en marcha programas de productividad y reconversi\u00f3n productiva, caficultura clim\u00e1ticamente inteligente, garant\u00eda de compra, infraestructura comunitaria, medio ambiente y desarrollo de capital social.<\/p>\n<p style=\"text-align: justify;\">Para la reclutadora Michael Page, quien se quede con el cargo tiene una tarea dif\u00edcil, por lo cual se requiere no solo de un excelente administrador sino un conciliador, con caracter\u00edsticas gerenciales muy altas.<\/p>\n<p style=\"text-align: justify;\"><strong>Tendr\u00e1 que pensar en el posconflicto <\/strong><\/p>\n<p style=\"text-align: justify;\"><span style=\"line-height: 1.8;\">Seg\u00fan el Comit\u00e9 Nacional de Cafeteros, &#8220;quien los represente tendr\u00e1 que liderar cambios estructurales, redise\u00f1ar un modelo de gesti\u00f3n pertinente con las demandas del contexto regional, nacional e internacional para el cabal desarrollo de los objetivos de la Federaci\u00f3n Nacional de Cafeteros de Colombia&#8221;.<\/span><\/p>\n<p style=\"text-align: justify;\">Es decir, tendr\u00e1 que estar preparado para un eventual proceso de posconflicto y tendr\u00e1 que conocer las problem\u00e1ticas de la caficultura de las diferentes regiones del pa\u00eds, as\u00ed como entender el entorno pol\u00edtico, social, econ\u00f3mico y legal del sector.<\/p>\n<p style=\"text-align: justify;\">Para lograr eso, el nuevo Gerente deber\u00e1 tener la capacidad de trabajar procesos de transformaci\u00f3n y ser\u00e1 determinante que tenga di\u00e1logo permanente con los caficultores y los diferentes actores de la cadena, &#8220;para entender, interpretar y gestionar las necesidades de los productores, entendiendo las particularidades de cada regi\u00f3n y subcultura cafetera&#8221;.<\/p>\n<p style=\"text-align: justify;\">&nbsp;<\/p>\n<p>Fuente: Portafolio<\/p>\n","protected":false},"excerpt":{"rendered":"<p>En un congreso cafetero extraordinario, citado para las 10 a.m., ser\u00e1 electo Roberto V\u00e9lez Vallejo como nuevo gerente de la Federaci\u00f3n Nacional de Cafeteros. As\u00ed como en la \u00faltima etapa de una carrera de ciclismo, en la que ya se conoce qui\u00e9n ser\u00e1 el campe\u00f3n, pero aun as\u00ed se corre el tradicional paseo del triunfo, [&hellip;]<\/p>\n","protected":false},"author":29,"featured_media":17236,"comment_status":"open","ping_status":"open","sticky":false,"template":"","format":"standard","meta":{"footnotes":""},"categories":[1],"tags":[],"class_list":["post-17237","post","type-post","status-publish","format-standard","has-post-thumbnail","hentry","category-sin-categoria"],"yoast_head":"<!-- This site is optimized with the Yoast SEO plugin v27.1.1 - https:\/\/yoast.com\/product\/yoast-seo-wordpress\/ -->\n<title>Este 12 de agosto se elegir\u00e1 a Roberto V\u00e9lez como gerente de Federacaf\u00e9 | P\u00e1gina10<\/title>\n<meta name=\"robots\" content=\"index, follow, max-snippet:-1, max-image-preview:large, max-video-preview:-1\" \/>\n<link rel=\"canonical\" href=\"https:\/\/pagina10.com\/web\/este-12-de-agosto-se-elegira-a-roberto-velez-como-gerente-de-federacafe\/\" \/>\n<meta property=\"og:locale\" content=\"es_ES\" \/>\n<meta property=\"og:type\" content=\"article\" \/>\n<meta property=\"og:title\" content=\"Este 12 de agosto se elegir\u00e1 a Roberto V\u00e9lez como gerente de Federacaf\u00e9 | P\u00e1gina10\" \/>\n<meta property=\"og:description\" content=\"En un congreso cafetero extraordinario, citado para las 10 a.m., ser\u00e1 electo Roberto V\u00e9lez Vallejo como nuevo gerente de la Federaci\u00f3n Nacional de Cafeteros. As\u00ed como en la \u00faltima etapa de una carrera de ciclismo, en la que ya se conoce qui\u00e9n ser\u00e1 el campe\u00f3n, pero aun as\u00ed se corre el tradicional paseo del triunfo, [&hellip;]\" \/>\n<meta property=\"og:url\" content=\"https:\/\/pagina10.com\/web\/este-12-de-agosto-se-elegira-a-roberto-velez-como-gerente-de-federacafe\/\" \/>\n<meta property=\"og:site_name\" content=\"P\u00e1gina10\" \/>\n<meta property=\"article:publisher\" content=\"https:\/\/www.facebook.com\/pag10com\" \/>\n<meta property=\"article:published_time\" content=\"2015-08-12T04:32:12+00:00\" \/>\n<meta property=\"og:image\" content=\"https:\/\/pagina10.com\/web\/wp-content\/uploads\/2015\/08\/6160de4a94c860ba479eb47d88ec6809.jpg\" \/>\n\t<meta property=\"og:image:width\" content=\"800\" \/>\n\t<meta property=\"og:image:height\" content=\"420\" \/>\n\t<meta property=\"og:image:type\" content=\"image\/jpeg\" \/>\n<meta name=\"author\" content=\"P\u00e1gina 10\" \/>\n<meta name=\"twitter:card\" content=\"summary_large_image\" \/>\n<meta name=\"twitter:creator\" content=\"@Pag10com\" \/>\n<meta name=\"twitter:site\" content=\"@Pag10com\" \/>\n<meta name=\"twitter:label1\" content=\"Escrito por\" \/>\n\t<meta name=\"twitter:data1\" content=\"P\u00e1gina 10\" \/>\n\t<meta name=\"twitter:label2\" content=\"Tiempo de lectura\" \/>\n\t<meta name=\"twitter:data2\" content=\"4 minutos\" \/>\n<script type=\"application\/ld+json\" class=\"yoast-schema-graph\">{\"@context\":\"https:\/\/schema.org\",\"@graph\":[{\"@type\":\"Article\",\"@id\":\"https:\/\/pagina10.com\/web\/este-12-de-agosto-se-elegira-a-roberto-velez-como-gerente-de-federacafe\/#article\",\"isPartOf\":{\"@id\":\"https:\/\/pagina10.com\/web\/este-12-de-agosto-se-elegira-a-roberto-velez-como-gerente-de-federacafe\/\"},\"author\":{\"name\":\"P\u00e1gina 10\",\"@id\":\"https:\/\/pagina10.com\/web\/#\/schema\/person\/a7a5d38f0629dfc107f619fbae4f6cc3\"},\"headline\":\"Este 12 de agosto se elegir\u00e1 a Roberto V\u00e9lez como gerente de Federacaf\u00e9\",\"datePublished\":\"2015-08-12T04:32:12+00:00\",\"mainEntityOfPage\":{\"@id\":\"https:\/\/pagina10.com\/web\/este-12-de-agosto-se-elegira-a-roberto-velez-como-gerente-de-federacafe\/\"},\"wordCount\":805,\"commentCount\":0,\"publisher\":{\"@id\":\"https:\/\/pagina10.com\/web\/#organization\"},\"image\":{\"@id\":\"https:\/\/pagina10.com\/web\/este-12-de-agosto-se-elegira-a-roberto-velez-como-gerente-de-federacafe\/#primaryimage\"},\"thumbnailUrl\":\"https:\/\/pagina10.com\/web\/wp-content\/uploads\/2015\/08\/6160de4a94c860ba479eb47d88ec6809.jpg\",\"inLanguage\":\"es\",\"potentialAction\":[{\"@type\":\"CommentAction\",\"name\":\"Comment\",\"target\":[\"https:\/\/pagina10.com\/web\/este-12-de-agosto-se-elegira-a-roberto-velez-como-gerente-de-federacafe\/#respond\"]}]},{\"@type\":\"WebPage\",\"@id\":\"https:\/\/pagina10.com\/web\/este-12-de-agosto-se-elegira-a-roberto-velez-como-gerente-de-federacafe\/\",\"url\":\"https:\/\/pagina10.com\/web\/este-12-de-agosto-se-elegira-a-roberto-velez-como-gerente-de-federacafe\/\",\"name\":\"Este 12 de agosto se elegir\u00e1 a Roberto V\u00e9lez como gerente de Federacaf\u00e9 | P\u00e1gina10\",\"isPartOf\":{\"@id\":\"https:\/\/pagina10.com\/web\/#website\"},\"primaryImageOfPage\":{\"@id\":\"https:\/\/pagina10.com\/web\/este-12-de-agosto-se-elegira-a-roberto-velez-como-gerente-de-federacafe\/#primaryimage\"},\"image\":{\"@id\":\"https:\/\/pagina10.com\/web\/este-12-de-agosto-se-elegira-a-roberto-velez-como-gerente-de-federacafe\/#primaryimage\"},\"thumbnailUrl\":\"https:\/\/pagina10.com\/web\/wp-content\/uploads\/2015\/08\/6160de4a94c860ba479eb47d88ec6809.jpg\",\"datePublished\":\"2015-08-12T04:32:12+00:00\",\"breadcrumb\":{\"@id\":\"https:\/\/pagina10.com\/web\/este-12-de-agosto-se-elegira-a-roberto-velez-como-gerente-de-federacafe\/#breadcrumb\"},\"inLanguage\":\"es\",\"potentialAction\":[{\"@type\":\"ReadAction\",\"target\":[\"https:\/\/pagina10.com\/web\/este-12-de-agosto-se-elegira-a-roberto-velez-como-gerente-de-federacafe\/\"]}]},{\"@type\":\"ImageObject\",\"inLanguage\":\"es\",\"@id\":\"https:\/\/pagina10.com\/web\/este-12-de-agosto-se-elegira-a-roberto-velez-como-gerente-de-federacafe\/#primaryimage\",\"url\":\"https:\/\/pagina10.com\/web\/wp-content\/uploads\/2015\/08\/6160de4a94c860ba479eb47d88ec6809.jpg\",\"contentUrl\":\"https:\/\/pagina10.com\/web\/wp-content\/uploads\/2015\/08\/6160de4a94c860ba479eb47d88ec6809.jpg\",\"width\":800,\"height\":420},{\"@type\":\"BreadcrumbList\",\"@id\":\"https:\/\/pagina10.com\/web\/este-12-de-agosto-se-elegira-a-roberto-velez-como-gerente-de-federacafe\/#breadcrumb\",\"itemListElement\":[{\"@type\":\"ListItem\",\"position\":1,\"name\":\"Portada\",\"item\":\"https:\/\/pagina10.com\/web\/\"},{\"@type\":\"ListItem\",\"position\":2,\"name\":\"Este 12 de agosto se elegir\u00e1 a Roberto V\u00e9lez como gerente de Federacaf\u00e9\"}]},{\"@type\":\"WebSite\",\"@id\":\"https:\/\/pagina10.com\/web\/#website\",\"url\":\"https:\/\/pagina10.com\/web\/\",\"name\":\"P\u00e1gina10\",\"description\":\"Peri\u00f3dico Regional\",\"publisher\":{\"@id\":\"https:\/\/pagina10.com\/web\/#organization\"},\"alternateName\":\"P\u00e1gina10 Peri\u00f3dico Regional\",\"potentialAction\":[{\"@type\":\"SearchAction\",\"target\":{\"@type\":\"EntryPoint\",\"urlTemplate\":\"https:\/\/pagina10.com\/web\/?s={search_term_string}\"},\"query-input\":{\"@type\":\"PropertyValueSpecification\",\"valueRequired\":true,\"valueName\":\"search_term_string\"}}],\"inLanguage\":\"es\"},{\"@type\":\"Organization\",\"@id\":\"https:\/\/pagina10.com\/web\/#organization\",\"name\":\"P\u00e1gina10\",\"alternateName\":\"P\u00e1gina10 Peri\u00f3dico Regional\",\"url\":\"https:\/\/pagina10.com\/web\/\",\"logo\":{\"@type\":\"ImageObject\",\"inLanguage\":\"es\",\"@id\":\"https:\/\/pagina10.com\/web\/#\/schema\/logo\/image\/\",\"url\":\"https:\/\/pagina10.com\/web\/wp-content\/uploads\/2024\/01\/40-pagina-10-periodico-regional-pasto.jpg\",\"contentUrl\":\"https:\/\/pagina10.com\/web\/wp-content\/uploads\/2024\/01\/40-pagina-10-periodico-regional-pasto.jpg\",\"width\":1280,\"height\":720,\"caption\":\"P\u00e1gina10\"},\"image\":{\"@id\":\"https:\/\/pagina10.com\/web\/#\/schema\/logo\/image\/\"},\"sameAs\":[\"https:\/\/www.facebook.com\/pag10com\",\"https:\/\/x.com\/Pag10com\",\"https:\/\/www.instagram.com\/pagina10col\/\",\"https:\/\/youtube.com\/channel\/pag10\",\"https:\/\/www.tiktok.com\/@p10col\"]},{\"@type\":\"Person\",\"@id\":\"https:\/\/pagina10.com\/web\/#\/schema\/person\/a7a5d38f0629dfc107f619fbae4f6cc3\",\"name\":\"P\u00e1gina 10\",\"description\":\"P\u00e1gina10.com es un peri\u00f3dico digital que nace en Colombia, en el departamento de Nari\u00f1o, con un enfoque global, fundamentado en cuatro pilares esenciales: la libertad, el pluralismo, la inclusi\u00f3n y la independencia. P\u00e1gina10.com hace referencia a Nari\u00f1o como el d\u00e9cimo departamento creado en Colombia, despu\u00e9s de un proceso pol\u00edtico liderado por actores y actrices regionales con el fin de obtener la independencia y autonom\u00eda de nuestros territorios. Con la creaci\u00f3n de P\u00e1gina10.com se pretende abrir un escenario para el dialogo, la reflexi\u00f3n y el debate que se extienda a otras geograf\u00edas de Am\u00e9rica Latina y del planeta, en una apuesta por transformar colectivamente los desaf\u00edos de un mundo contempor\u00e1neo, m\u00e1s all\u00e1 de las fronteras impuestas.\",\"url\":\"https:\/\/pagina10.com\/web\/author\/mcepeda\/\"}]}<\/script>\n<!-- \/ Yoast SEO plugin. -->","yoast_head_json":{"title":"Este 12 de agosto se elegir\u00e1 a Roberto V\u00e9lez como gerente de Federacaf\u00e9 | P\u00e1gina10","robots":{"index":"index","follow":"follow","max-snippet":"max-snippet:-1","max-image-preview":"max-image-preview:large","max-video-preview":"max-video-preview:-1"},"canonical":"https:\/\/pagina10.com\/web\/este-12-de-agosto-se-elegira-a-roberto-velez-como-gerente-de-federacafe\/","og_locale":"es_ES","og_type":"article","og_title":"Este 12 de agosto se elegir\u00e1 a Roberto V\u00e9lez como gerente de Federacaf\u00e9 | P\u00e1gina10","og_description":"En un congreso cafetero extraordinario, citado para las 10 a.m., ser\u00e1 electo Roberto V\u00e9lez Vallejo como nuevo gerente de la Federaci\u00f3n Nacional de Cafeteros. As\u00ed como en la \u00faltima etapa de una carrera de ciclismo, en la que ya se conoce qui\u00e9n ser\u00e1 el campe\u00f3n, pero aun as\u00ed se corre el tradicional paseo del triunfo, [&hellip;]","og_url":"https:\/\/pagina10.com\/web\/este-12-de-agosto-se-elegira-a-roberto-velez-como-gerente-de-federacafe\/","og_site_name":"P\u00e1gina10","article_publisher":"https:\/\/www.facebook.com\/pag10com","article_published_time":"2015-08-12T04:32:12+00:00","og_image":[{"width":800,"height":420,"url":"https:\/\/pagina10.com\/web\/wp-content\/uploads\/2015\/08\/6160de4a94c860ba479eb47d88ec6809.jpg","type":"image\/jpeg"}],"author":"P\u00e1gina 10","twitter_card":"summary_large_image","twitter_creator":"@Pag10com","twitter_site":"@Pag10com","twitter_misc":{"Escrito por":"P\u00e1gina 10","Tiempo de lectura":"4 minutos"},"schema":{"@context":"https:\/\/schema.org","@graph":[{"@type":"Article","@id":"https:\/\/pagina10.com\/web\/este-12-de-agosto-se-elegira-a-roberto-velez-como-gerente-de-federacafe\/#article","isPartOf":{"@id":"https:\/\/pagina10.com\/web\/este-12-de-agosto-se-elegira-a-roberto-velez-como-gerente-de-federacafe\/"},"author":{"name":"P\u00e1gina 10","@id":"https:\/\/pagina10.com\/web\/#\/schema\/person\/a7a5d38f0629dfc107f619fbae4f6cc3"},"headline":"Este 12 de agosto se elegir\u00e1 a Roberto V\u00e9lez como gerente de Federacaf\u00e9","datePublished":"2015-08-12T04:32:12+00:00","mainEntityOfPage":{"@id":"https:\/\/pagina10.com\/web\/este-12-de-agosto-se-elegira-a-roberto-velez-como-gerente-de-federacafe\/"},"wordCount":805,"commentCount":0,"publisher":{"@id":"https:\/\/pagina10.com\/web\/#organization"},"image":{"@id":"https:\/\/pagina10.com\/web\/este-12-de-agosto-se-elegira-a-roberto-velez-como-gerente-de-federacafe\/#primaryimage"},"thumbnailUrl":"https:\/\/pagina10.com\/web\/wp-content\/uploads\/2015\/08\/6160de4a94c860ba479eb47d88ec6809.jpg","inLanguage":"es","potentialAction":[{"@type":"CommentAction","name":"Comment","target":["https:\/\/pagina10.com\/web\/este-12-de-agosto-se-elegira-a-roberto-velez-como-gerente-de-federacafe\/#respond"]}]},{"@type":"WebPage","@id":"https:\/\/pagina10.com\/web\/este-12-de-agosto-se-elegira-a-roberto-velez-como-gerente-de-federacafe\/","url":"https:\/\/pagina10.com\/web\/este-12-de-agosto-se-elegira-a-roberto-velez-como-gerente-de-federacafe\/","name":"Este 12 de agosto se elegir\u00e1 a Roberto V\u00e9lez como gerente de Federacaf\u00e9 | P\u00e1gina10","isPartOf":{"@id":"https:\/\/pagina10.com\/web\/#website"},"primaryImageOfPage":{"@id":"https:\/\/pagina10.com\/web\/este-12-de-agosto-se-elegira-a-roberto-velez-como-gerente-de-federacafe\/#primaryimage"},"image":{"@id":"https:\/\/pagina10.com\/web\/este-12-de-agosto-se-elegira-a-roberto-velez-como-gerente-de-federacafe\/#primaryimage"},"thumbnailUrl":"https:\/\/pagina10.com\/web\/wp-content\/uploads\/2015\/08\/6160de4a94c860ba479eb47d88ec6809.jpg","datePublished":"2015-08-12T04:32:12+00:00","breadcrumb":{"@id":"https:\/\/pagina10.com\/web\/este-12-de-agosto-se-elegira-a-roberto-velez-como-gerente-de-federacafe\/#breadcrumb"},"inLanguage":"es","potentialAction":[{"@type":"ReadAction","target":["https:\/\/pagina10.com\/web\/este-12-de-agosto-se-elegira-a-roberto-velez-como-gerente-de-federacafe\/"]}]},{"@type":"ImageObject","inLanguage":"es","@id":"https:\/\/pagina10.com\/web\/este-12-de-agosto-se-elegira-a-roberto-velez-como-gerente-de-federacafe\/#primaryimage","url":"https:\/\/pagina10.com\/web\/wp-content\/uploads\/2015\/08\/6160de4a94c860ba479eb47d88ec6809.jpg","contentUrl":"https:\/\/pagina10.com\/web\/wp-content\/uploads\/2015\/08\/6160de4a94c860ba479eb47d88ec6809.jpg","width":800,"height":420},{"@type":"BreadcrumbList","@id":"https:\/\/pagina10.com\/web\/este-12-de-agosto-se-elegira-a-roberto-velez-como-gerente-de-federacafe\/#breadcrumb","itemListElement":[{"@type":"ListItem","position":1,"name":"Portada","item":"https:\/\/pagina10.com\/web\/"},{"@type":"ListItem","position":2,"name":"Este 12 de agosto se elegir\u00e1 a Roberto V\u00e9lez como gerente de Federacaf\u00e9"}]},{"@type":"WebSite","@id":"https:\/\/pagina10.com\/web\/#website","url":"https:\/\/pagina10.com\/web\/","name":"P\u00e1gina10","description":"Peri\u00f3dico Regional","publisher":{"@id":"https:\/\/pagina10.com\/web\/#organization"},"alternateName":"P\u00e1gina10 Peri\u00f3dico Regional","potentialAction":[{"@type":"SearchAction","target":{"@type":"EntryPoint","urlTemplate":"https:\/\/pagina10.com\/web\/?s={search_term_string}"},"query-input":{"@type":"PropertyValueSpecification","valueRequired":true,"valueName":"search_term_string"}}],"inLanguage":"es"},{"@type":"Organization","@id":"https:\/\/pagina10.com\/web\/#organization","name":"P\u00e1gina10","alternateName":"P\u00e1gina10 Peri\u00f3dico Regional","url":"https:\/\/pagina10.com\/web\/","logo":{"@type":"ImageObject","inLanguage":"es","@id":"https:\/\/pagina10.com\/web\/#\/schema\/logo\/image\/","url":"https:\/\/pagina10.com\/web\/wp-content\/uploads\/2024\/01\/40-pagina-10-periodico-regional-pasto.jpg","contentUrl":"https:\/\/pagina10.com\/web\/wp-content\/uploads\/2024\/01\/40-pagina-10-periodico-regional-pasto.jpg","width":1280,"height":720,"caption":"P\u00e1gina10"},"image":{"@id":"https:\/\/pagina10.com\/web\/#\/schema\/logo\/image\/"},"sameAs":["https:\/\/www.facebook.com\/pag10com","https:\/\/x.com\/Pag10com","https:\/\/www.instagram.com\/pagina10col\/","https:\/\/youtube.com\/channel\/pag10","https:\/\/www.tiktok.com\/@p10col"]},{"@type":"Person","@id":"https:\/\/pagina10.com\/web\/#\/schema\/person\/a7a5d38f0629dfc107f619fbae4f6cc3","name":"P\u00e1gina 10","description":"P\u00e1gina10.com es un peri\u00f3dico digital que nace en Colombia, en el departamento de Nari\u00f1o, con un enfoque global, fundamentado en cuatro pilares esenciales: la libertad, el pluralismo, la inclusi\u00f3n y la independencia. P\u00e1gina10.com hace referencia a Nari\u00f1o como el d\u00e9cimo departamento creado en Colombia, despu\u00e9s de un proceso pol\u00edtico liderado por actores y actrices regionales con el fin de obtener la independencia y autonom\u00eda de nuestros territorios. Con la creaci\u00f3n de P\u00e1gina10.com se pretende abrir un escenario para el dialogo, la reflexi\u00f3n y el debate que se extienda a otras geograf\u00edas de Am\u00e9rica Latina y del planeta, en una apuesta por transformar colectivamente los desaf\u00edos de un mundo contempor\u00e1neo, m\u00e1s all\u00e1 de las fronteras impuestas.","url":"https:\/\/pagina10.com\/web\/author\/mcepeda\/"}]}},"_links":{"self":[{"href":"https:\/\/pagina10.com\/web\/wp-json\/wp\/v2\/posts\/17237","targetHints":{"allow":["GET"]}}],"collection":[{"href":"https:\/\/pagina10.com\/web\/wp-json\/wp\/v2\/posts"}],"about":[{"href":"https:\/\/pagina10.com\/web\/wp-json\/wp\/v2\/types\/post"}],"author":[{"embeddable":true,"href":"https:\/\/pagina10.com\/web\/wp-json\/wp\/v2\/users\/29"}],"replies":[{"embeddable":true,"href":"https:\/\/pagina10.com\/web\/wp-json\/wp\/v2\/comments?post=17237"}],"version-history":[{"count":0,"href":"https:\/\/pagina10.com\/web\/wp-json\/wp\/v2\/posts\/17237\/revisions"}],"wp:featuredmedia":[{"embeddable":true,"href":"https:\/\/pagina10.com\/web\/wp-json\/wp\/v2\/media\/17236"}],"wp:attachment":[{"href":"https:\/\/pagina10.com\/web\/wp-json\/wp\/v2\/media?parent=17237"}],"wp:term":[{"taxonomy":"category","embeddable":true,"href":"https:\/\/pagina10.com\/web\/wp-json\/wp\/v2\/categories?post=17237"},{"taxonomy":"post_tag","embeddable":true,"href":"https:\/\/pagina10.com\/web\/wp-json\/wp\/v2\/tags?post=17237"}],"curies":[{"name":"wp","href":"https:\/\/api.w.org\/{rel}","templated":true}]}}