{"id":17241,"date":"2015-08-13T13:58:50","date_gmt":"2015-08-13T13:58:50","guid":{"rendered":"https:\/\/pagina10.com\/web\/este-18-de-agosto-los-maratones-de-lectura-se-toman-a-pasto\/"},"modified":"2015-08-13T13:58:50","modified_gmt":"2015-08-13T13:58:50","slug":"este-18-de-agosto-los-maratones-de-lectura-se-toman-a-pasto","status":"publish","type":"post","link":"https:\/\/pagina10.com\/web\/este-18-de-agosto-los-maratones-de-lectura-se-toman-a-pasto\/","title":{"rendered":"Este 18 de agosto los maratones de lectura se toman a Pasto"},"content":{"rendered":"<p><img fetchpriority=\"high\" decoding=\"async\" class=\" size-full wp-image-17240\" src=\"https:\/\/pagina10.com\/web\/wp-content\/uploads\/2015\/08\/d46a5131c2d94d07d6005b7b98aba6ca.jpg\" alt=\"\" width=\"720\" height=\"540\" srcset=\"https:\/\/pagina10.com\/web\/wp-content\/uploads\/2015\/08\/d46a5131c2d94d07d6005b7b98aba6ca.jpg 720w, https:\/\/pagina10.com\/web\/wp-content\/uploads\/2015\/08\/d46a5131c2d94d07d6005b7b98aba6ca-300x225.jpg 300w, https:\/\/pagina10.com\/web\/wp-content\/uploads\/2015\/08\/d46a5131c2d94d07d6005b7b98aba6ca-86x64.jpg 86w\" sizes=\"(max-width: 720px) 100vw, 720px\" \/><\/p>\n<p style=\"text-align: justify;\">A partir del 18 de agosto y hasta el 18 de septiembre, todos los colegios de Nari\u00f1o podr\u00e1n participar de las primeras Maratones de Lectura, iniciativa del Ministerio de Educaci\u00f3n Nacional, a trav\u00e9s del Plan Nacional de Lectura y Escritura, bajo la coordinaci\u00f3n de la Secretar\u00eda de Educaci\u00f3n Departamental.<\/p>\n<p style=\"text-align: justify;\">Estas maratones se realizar\u00e1n con el prop\u00f3sito de generar un impacto positivo en el comportamiento lector de los estudiantes y en los resultados de las pruebas de aprendizaje.<\/p>\n<p style=\"text-align: justify;\">La mec\u00e1nica de este ejercicio es b\u00e1sicamente que se realicen sesiones diarias de 45 minutos de lectura en los estudiantes de bachillerato o de 30 minutos con los ni\u00f1os de primaria.<\/p>\n<p style=\"text-align: justify;\">La sesi\u00f3n de lectura puede ser en voz alta, silenciosa, o compartida, seg\u00fan la din\u00e1mica que el docente logre concertar con sus estudiantes, previa selecci\u00f3n de un libro base de colecci\u00f3n semilla.<\/p>\n<p style=\"text-align: justify;\">Los colegios que logren la meta de la marat\u00f3n, es decir leer la mayor cantidad de libros posibles durante el mes, recibir\u00e1n algunos incentivos, una vez logren registrar su experiencia en el sitio <a href=\"http:\/\/www.colombiaaprende.edu.co\/html\/home\/1592\/w3-channel.html\" target=\"_blank\">web Colombia Aprende,<\/a> donde se encuentran publicados los lineamientos, gu\u00edas y herramientas conceptuales que los docentes pueden utilizar para ser parte de esta gran marat\u00f3n de lectura.<\/p>\n<p style=\"text-align: justify;\">&nbsp;<\/p>\n<p style=\"text-align: justify;\">Fuente: Secretar\u00eda de Educaci\u00f3n<\/p>\n","protected":false},"excerpt":{"rendered":"<p>A partir del 18 de agosto y hasta el 18 de septiembre, todos los colegios de Nari\u00f1o podr\u00e1n participar de las primeras Maratones de Lectura, iniciativa del Ministerio de Educaci\u00f3n Nacional, a trav\u00e9s del Plan Nacional de Lectura y Escritura, bajo la coordinaci\u00f3n de la Secretar\u00eda de Educaci\u00f3n Departamental. Estas maratones se realizar\u00e1n con el [&hellip;]<\/p>\n","protected":false},"author":29,"featured_media":17240,"comment_status":"open","ping_status":"open","sticky":false,"template":"","format":"standard","meta":{"footnotes":""},"categories":[1],"tags":[],"class_list":["post-17241","post","type-post","status-publish","format-standard","has-post-thumbnail","hentry","category-sin-categoria"],"yoast_head":"<!-- This site is optimized with the Yoast SEO plugin v27.1.1 - https:\/\/yoast.com\/product\/yoast-seo-wordpress\/ -->\n<title>Este 18 de agosto los maratones de lectura se toman a Pasto | P\u00e1gina10<\/title>\n<meta name=\"robots\" content=\"index, follow, max-snippet:-1, max-image-preview:large, max-video-preview:-1\" \/>\n<link rel=\"canonical\" href=\"https:\/\/pagina10.com\/web\/este-18-de-agosto-los-maratones-de-lectura-se-toman-a-pasto\/\" \/>\n<meta property=\"og:locale\" content=\"es_ES\" \/>\n<meta property=\"og:type\" content=\"article\" \/>\n<meta property=\"og:title\" content=\"Este 18 de agosto los maratones de lectura se toman a Pasto | P\u00e1gina10\" \/>\n<meta property=\"og:description\" content=\"A partir del 18 de agosto y hasta el 18 de septiembre, todos los colegios de Nari\u00f1o podr\u00e1n participar de las primeras Maratones de Lectura, iniciativa del Ministerio de Educaci\u00f3n Nacional, a trav\u00e9s del Plan Nacional de Lectura y Escritura, bajo la coordinaci\u00f3n de la Secretar\u00eda de Educaci\u00f3n Departamental. Estas maratones se realizar\u00e1n con el [&hellip;]\" \/>\n<meta property=\"og:url\" content=\"https:\/\/pagina10.com\/web\/este-18-de-agosto-los-maratones-de-lectura-se-toman-a-pasto\/\" \/>\n<meta property=\"og:site_name\" content=\"P\u00e1gina10\" \/>\n<meta property=\"article:publisher\" content=\"https:\/\/www.facebook.com\/pag10com\" \/>\n<meta property=\"article:published_time\" content=\"2015-08-13T13:58:50+00:00\" \/>\n<meta property=\"og:image\" content=\"https:\/\/pagina10.com\/web\/wp-content\/uploads\/2015\/08\/d46a5131c2d94d07d6005b7b98aba6ca.jpg\" \/>\n\t<meta property=\"og:image:width\" content=\"720\" \/>\n\t<meta property=\"og:image:height\" content=\"540\" \/>\n\t<meta property=\"og:image:type\" content=\"image\/jpeg\" \/>\n<meta name=\"author\" content=\"P\u00e1gina 10\" \/>\n<meta name=\"twitter:card\" content=\"summary_large_image\" \/>\n<meta name=\"twitter:creator\" content=\"@Pag10com\" \/>\n<meta name=\"twitter:site\" content=\"@Pag10com\" \/>\n<meta name=\"twitter:label1\" content=\"Escrito por\" \/>\n\t<meta name=\"twitter:data1\" content=\"P\u00e1gina 10\" \/>\n\t<meta name=\"twitter:label2\" content=\"Tiempo de lectura\" \/>\n\t<meta name=\"twitter:data2\" content=\"1 minuto\" \/>\n<script type=\"application\/ld+json\" class=\"yoast-schema-graph\">{\"@context\":\"https:\/\/schema.org\",\"@graph\":[{\"@type\":\"Article\",\"@id\":\"https:\/\/pagina10.com\/web\/este-18-de-agosto-los-maratones-de-lectura-se-toman-a-pasto\/#article\",\"isPartOf\":{\"@id\":\"https:\/\/pagina10.com\/web\/este-18-de-agosto-los-maratones-de-lectura-se-toman-a-pasto\/\"},\"author\":{\"name\":\"P\u00e1gina 10\",\"@id\":\"https:\/\/pagina10.com\/web\/#\/schema\/person\/a7a5d38f0629dfc107f619fbae4f6cc3\"},\"headline\":\"Este 18 de agosto los maratones de lectura se toman a Pasto\",\"datePublished\":\"2015-08-13T13:58:50+00:00\",\"mainEntityOfPage\":{\"@id\":\"https:\/\/pagina10.com\/web\/este-18-de-agosto-los-maratones-de-lectura-se-toman-a-pasto\/\"},\"wordCount\":235,\"commentCount\":0,\"publisher\":{\"@id\":\"https:\/\/pagina10.com\/web\/#organization\"},\"image\":{\"@id\":\"https:\/\/pagina10.com\/web\/este-18-de-agosto-los-maratones-de-lectura-se-toman-a-pasto\/#primaryimage\"},\"thumbnailUrl\":\"https:\/\/pagina10.com\/web\/wp-content\/uploads\/2015\/08\/d46a5131c2d94d07d6005b7b98aba6ca.jpg\",\"inLanguage\":\"es\",\"potentialAction\":[{\"@type\":\"CommentAction\",\"name\":\"Comment\",\"target\":[\"https:\/\/pagina10.com\/web\/este-18-de-agosto-los-maratones-de-lectura-se-toman-a-pasto\/#respond\"]}]},{\"@type\":\"WebPage\",\"@id\":\"https:\/\/pagina10.com\/web\/este-18-de-agosto-los-maratones-de-lectura-se-toman-a-pasto\/\",\"url\":\"https:\/\/pagina10.com\/web\/este-18-de-agosto-los-maratones-de-lectura-se-toman-a-pasto\/\",\"name\":\"Este 18 de agosto los maratones de lectura se toman a Pasto | P\u00e1gina10\",\"isPartOf\":{\"@id\":\"https:\/\/pagina10.com\/web\/#website\"},\"primaryImageOfPage\":{\"@id\":\"https:\/\/pagina10.com\/web\/este-18-de-agosto-los-maratones-de-lectura-se-toman-a-pasto\/#primaryimage\"},\"image\":{\"@id\":\"https:\/\/pagina10.com\/web\/este-18-de-agosto-los-maratones-de-lectura-se-toman-a-pasto\/#primaryimage\"},\"thumbnailUrl\":\"https:\/\/pagina10.com\/web\/wp-content\/uploads\/2015\/08\/d46a5131c2d94d07d6005b7b98aba6ca.jpg\",\"datePublished\":\"2015-08-13T13:58:50+00:00\",\"breadcrumb\":{\"@id\":\"https:\/\/pagina10.com\/web\/este-18-de-agosto-los-maratones-de-lectura-se-toman-a-pasto\/#breadcrumb\"},\"inLanguage\":\"es\",\"potentialAction\":[{\"@type\":\"ReadAction\",\"target\":[\"https:\/\/pagina10.com\/web\/este-18-de-agosto-los-maratones-de-lectura-se-toman-a-pasto\/\"]}]},{\"@type\":\"ImageObject\",\"inLanguage\":\"es\",\"@id\":\"https:\/\/pagina10.com\/web\/este-18-de-agosto-los-maratones-de-lectura-se-toman-a-pasto\/#primaryimage\",\"url\":\"https:\/\/pagina10.com\/web\/wp-content\/uploads\/2015\/08\/d46a5131c2d94d07d6005b7b98aba6ca.jpg\",\"contentUrl\":\"https:\/\/pagina10.com\/web\/wp-content\/uploads\/2015\/08\/d46a5131c2d94d07d6005b7b98aba6ca.jpg\",\"width\":720,\"height\":540},{\"@type\":\"BreadcrumbList\",\"@id\":\"https:\/\/pagina10.com\/web\/este-18-de-agosto-los-maratones-de-lectura-se-toman-a-pasto\/#breadcrumb\",\"itemListElement\":[{\"@type\":\"ListItem\",\"position\":1,\"name\":\"Portada\",\"item\":\"https:\/\/pagina10.com\/web\/\"},{\"@type\":\"ListItem\",\"position\":2,\"name\":\"Este 18 de agosto los maratones de lectura se toman a Pasto\"}]},{\"@type\":\"WebSite\",\"@id\":\"https:\/\/pagina10.com\/web\/#website\",\"url\":\"https:\/\/pagina10.com\/web\/\",\"name\":\"P\u00e1gina10\",\"description\":\"Peri\u00f3dico Regional\",\"publisher\":{\"@id\":\"https:\/\/pagina10.com\/web\/#organization\"},\"alternateName\":\"P\u00e1gina10 Peri\u00f3dico Regional\",\"potentialAction\":[{\"@type\":\"SearchAction\",\"target\":{\"@type\":\"EntryPoint\",\"urlTemplate\":\"https:\/\/pagina10.com\/web\/?s={search_term_string}\"},\"query-input\":{\"@type\":\"PropertyValueSpecification\",\"valueRequired\":true,\"valueName\":\"search_term_string\"}}],\"inLanguage\":\"es\"},{\"@type\":\"Organization\",\"@id\":\"https:\/\/pagina10.com\/web\/#organization\",\"name\":\"P\u00e1gina10\",\"alternateName\":\"P\u00e1gina10 Peri\u00f3dico Regional\",\"url\":\"https:\/\/pagina10.com\/web\/\",\"logo\":{\"@type\":\"ImageObject\",\"inLanguage\":\"es\",\"@id\":\"https:\/\/pagina10.com\/web\/#\/schema\/logo\/image\/\",\"url\":\"https:\/\/pagina10.com\/web\/wp-content\/uploads\/2024\/01\/40-pagina-10-periodico-regional-pasto.jpg\",\"contentUrl\":\"https:\/\/pagina10.com\/web\/wp-content\/uploads\/2024\/01\/40-pagina-10-periodico-regional-pasto.jpg\",\"width\":1280,\"height\":720,\"caption\":\"P\u00e1gina10\"},\"image\":{\"@id\":\"https:\/\/pagina10.com\/web\/#\/schema\/logo\/image\/\"},\"sameAs\":[\"https:\/\/www.facebook.com\/pag10com\",\"https:\/\/x.com\/Pag10com\",\"https:\/\/www.instagram.com\/pagina10col\/\",\"https:\/\/youtube.com\/channel\/pag10\",\"https:\/\/www.tiktok.com\/@p10col\"]},{\"@type\":\"Person\",\"@id\":\"https:\/\/pagina10.com\/web\/#\/schema\/person\/a7a5d38f0629dfc107f619fbae4f6cc3\",\"name\":\"P\u00e1gina 10\",\"description\":\"P\u00e1gina10.com es un peri\u00f3dico digital que nace en Colombia, en el departamento de Nari\u00f1o, con un enfoque global, fundamentado en cuatro pilares esenciales: la libertad, el pluralismo, la inclusi\u00f3n y la independencia. P\u00e1gina10.com hace referencia a Nari\u00f1o como el d\u00e9cimo departamento creado en Colombia, despu\u00e9s de un proceso pol\u00edtico liderado por actores y actrices regionales con el fin de obtener la independencia y autonom\u00eda de nuestros territorios. Con la creaci\u00f3n de P\u00e1gina10.com se pretende abrir un escenario para el dialogo, la reflexi\u00f3n y el debate que se extienda a otras geograf\u00edas de Am\u00e9rica Latina y del planeta, en una apuesta por transformar colectivamente los desaf\u00edos de un mundo contempor\u00e1neo, m\u00e1s all\u00e1 de las fronteras impuestas.\",\"url\":\"https:\/\/pagina10.com\/web\/author\/mcepeda\/\"}]}<\/script>\n<!-- \/ Yoast SEO plugin. -->","yoast_head_json":{"title":"Este 18 de agosto los maratones de lectura se toman a Pasto | P\u00e1gina10","robots":{"index":"index","follow":"follow","max-snippet":"max-snippet:-1","max-image-preview":"max-image-preview:large","max-video-preview":"max-video-preview:-1"},"canonical":"https:\/\/pagina10.com\/web\/este-18-de-agosto-los-maratones-de-lectura-se-toman-a-pasto\/","og_locale":"es_ES","og_type":"article","og_title":"Este 18 de agosto los maratones de lectura se toman a Pasto | P\u00e1gina10","og_description":"A partir del 18 de agosto y hasta el 18 de septiembre, todos los colegios de Nari\u00f1o podr\u00e1n participar de las primeras Maratones de Lectura, iniciativa del Ministerio de Educaci\u00f3n Nacional, a trav\u00e9s del Plan Nacional de Lectura y Escritura, bajo la coordinaci\u00f3n de la Secretar\u00eda de Educaci\u00f3n Departamental. Estas maratones se realizar\u00e1n con el [&hellip;]","og_url":"https:\/\/pagina10.com\/web\/este-18-de-agosto-los-maratones-de-lectura-se-toman-a-pasto\/","og_site_name":"P\u00e1gina10","article_publisher":"https:\/\/www.facebook.com\/pag10com","article_published_time":"2015-08-13T13:58:50+00:00","og_image":[{"width":720,"height":540,"url":"https:\/\/pagina10.com\/web\/wp-content\/uploads\/2015\/08\/d46a5131c2d94d07d6005b7b98aba6ca.jpg","type":"image\/jpeg"}],"author":"P\u00e1gina 10","twitter_card":"summary_large_image","twitter_creator":"@Pag10com","twitter_site":"@Pag10com","twitter_misc":{"Escrito por":"P\u00e1gina 10","Tiempo de lectura":"1 minuto"},"schema":{"@context":"https:\/\/schema.org","@graph":[{"@type":"Article","@id":"https:\/\/pagina10.com\/web\/este-18-de-agosto-los-maratones-de-lectura-se-toman-a-pasto\/#article","isPartOf":{"@id":"https:\/\/pagina10.com\/web\/este-18-de-agosto-los-maratones-de-lectura-se-toman-a-pasto\/"},"author":{"name":"P\u00e1gina 10","@id":"https:\/\/pagina10.com\/web\/#\/schema\/person\/a7a5d38f0629dfc107f619fbae4f6cc3"},"headline":"Este 18 de agosto los maratones de lectura se toman a Pasto","datePublished":"2015-08-13T13:58:50+00:00","mainEntityOfPage":{"@id":"https:\/\/pagina10.com\/web\/este-18-de-agosto-los-maratones-de-lectura-se-toman-a-pasto\/"},"wordCount":235,"commentCount":0,"publisher":{"@id":"https:\/\/pagina10.com\/web\/#organization"},"image":{"@id":"https:\/\/pagina10.com\/web\/este-18-de-agosto-los-maratones-de-lectura-se-toman-a-pasto\/#primaryimage"},"thumbnailUrl":"https:\/\/pagina10.com\/web\/wp-content\/uploads\/2015\/08\/d46a5131c2d94d07d6005b7b98aba6ca.jpg","inLanguage":"es","potentialAction":[{"@type":"CommentAction","name":"Comment","target":["https:\/\/pagina10.com\/web\/este-18-de-agosto-los-maratones-de-lectura-se-toman-a-pasto\/#respond"]}]},{"@type":"WebPage","@id":"https:\/\/pagina10.com\/web\/este-18-de-agosto-los-maratones-de-lectura-se-toman-a-pasto\/","url":"https:\/\/pagina10.com\/web\/este-18-de-agosto-los-maratones-de-lectura-se-toman-a-pasto\/","name":"Este 18 de agosto los maratones de lectura se toman a Pasto | P\u00e1gina10","isPartOf":{"@id":"https:\/\/pagina10.com\/web\/#website"},"primaryImageOfPage":{"@id":"https:\/\/pagina10.com\/web\/este-18-de-agosto-los-maratones-de-lectura-se-toman-a-pasto\/#primaryimage"},"image":{"@id":"https:\/\/pagina10.com\/web\/este-18-de-agosto-los-maratones-de-lectura-se-toman-a-pasto\/#primaryimage"},"thumbnailUrl":"https:\/\/pagina10.com\/web\/wp-content\/uploads\/2015\/08\/d46a5131c2d94d07d6005b7b98aba6ca.jpg","datePublished":"2015-08-13T13:58:50+00:00","breadcrumb":{"@id":"https:\/\/pagina10.com\/web\/este-18-de-agosto-los-maratones-de-lectura-se-toman-a-pasto\/#breadcrumb"},"inLanguage":"es","potentialAction":[{"@type":"ReadAction","target":["https:\/\/pagina10.com\/web\/este-18-de-agosto-los-maratones-de-lectura-se-toman-a-pasto\/"]}]},{"@type":"ImageObject","inLanguage":"es","@id":"https:\/\/pagina10.com\/web\/este-18-de-agosto-los-maratones-de-lectura-se-toman-a-pasto\/#primaryimage","url":"https:\/\/pagina10.com\/web\/wp-content\/uploads\/2015\/08\/d46a5131c2d94d07d6005b7b98aba6ca.jpg","contentUrl":"https:\/\/pagina10.com\/web\/wp-content\/uploads\/2015\/08\/d46a5131c2d94d07d6005b7b98aba6ca.jpg","width":720,"height":540},{"@type":"BreadcrumbList","@id":"https:\/\/pagina10.com\/web\/este-18-de-agosto-los-maratones-de-lectura-se-toman-a-pasto\/#breadcrumb","itemListElement":[{"@type":"ListItem","position":1,"name":"Portada","item":"https:\/\/pagina10.com\/web\/"},{"@type":"ListItem","position":2,"name":"Este 18 de agosto los maratones de lectura se toman a Pasto"}]},{"@type":"WebSite","@id":"https:\/\/pagina10.com\/web\/#website","url":"https:\/\/pagina10.com\/web\/","name":"P\u00e1gina10","description":"Peri\u00f3dico Regional","publisher":{"@id":"https:\/\/pagina10.com\/web\/#organization"},"alternateName":"P\u00e1gina10 Peri\u00f3dico Regional","potentialAction":[{"@type":"SearchAction","target":{"@type":"EntryPoint","urlTemplate":"https:\/\/pagina10.com\/web\/?s={search_term_string}"},"query-input":{"@type":"PropertyValueSpecification","valueRequired":true,"valueName":"search_term_string"}}],"inLanguage":"es"},{"@type":"Organization","@id":"https:\/\/pagina10.com\/web\/#organization","name":"P\u00e1gina10","alternateName":"P\u00e1gina10 Peri\u00f3dico Regional","url":"https:\/\/pagina10.com\/web\/","logo":{"@type":"ImageObject","inLanguage":"es","@id":"https:\/\/pagina10.com\/web\/#\/schema\/logo\/image\/","url":"https:\/\/pagina10.com\/web\/wp-content\/uploads\/2024\/01\/40-pagina-10-periodico-regional-pasto.jpg","contentUrl":"https:\/\/pagina10.com\/web\/wp-content\/uploads\/2024\/01\/40-pagina-10-periodico-regional-pasto.jpg","width":1280,"height":720,"caption":"P\u00e1gina10"},"image":{"@id":"https:\/\/pagina10.com\/web\/#\/schema\/logo\/image\/"},"sameAs":["https:\/\/www.facebook.com\/pag10com","https:\/\/x.com\/Pag10com","https:\/\/www.instagram.com\/pagina10col\/","https:\/\/youtube.com\/channel\/pag10","https:\/\/www.tiktok.com\/@p10col"]},{"@type":"Person","@id":"https:\/\/pagina10.com\/web\/#\/schema\/person\/a7a5d38f0629dfc107f619fbae4f6cc3","name":"P\u00e1gina 10","description":"P\u00e1gina10.com es un peri\u00f3dico digital que nace en Colombia, en el departamento de Nari\u00f1o, con un enfoque global, fundamentado en cuatro pilares esenciales: la libertad, el pluralismo, la inclusi\u00f3n y la independencia. P\u00e1gina10.com hace referencia a Nari\u00f1o como el d\u00e9cimo departamento creado en Colombia, despu\u00e9s de un proceso pol\u00edtico liderado por actores y actrices regionales con el fin de obtener la independencia y autonom\u00eda de nuestros territorios. Con la creaci\u00f3n de P\u00e1gina10.com se pretende abrir un escenario para el dialogo, la reflexi\u00f3n y el debate que se extienda a otras geograf\u00edas de Am\u00e9rica Latina y del planeta, en una apuesta por transformar colectivamente los desaf\u00edos de un mundo contempor\u00e1neo, m\u00e1s all\u00e1 de las fronteras impuestas.","url":"https:\/\/pagina10.com\/web\/author\/mcepeda\/"}]}},"_links":{"self":[{"href":"https:\/\/pagina10.com\/web\/wp-json\/wp\/v2\/posts\/17241","targetHints":{"allow":["GET"]}}],"collection":[{"href":"https:\/\/pagina10.com\/web\/wp-json\/wp\/v2\/posts"}],"about":[{"href":"https:\/\/pagina10.com\/web\/wp-json\/wp\/v2\/types\/post"}],"author":[{"embeddable":true,"href":"https:\/\/pagina10.com\/web\/wp-json\/wp\/v2\/users\/29"}],"replies":[{"embeddable":true,"href":"https:\/\/pagina10.com\/web\/wp-json\/wp\/v2\/comments?post=17241"}],"version-history":[{"count":0,"href":"https:\/\/pagina10.com\/web\/wp-json\/wp\/v2\/posts\/17241\/revisions"}],"wp:featuredmedia":[{"embeddable":true,"href":"https:\/\/pagina10.com\/web\/wp-json\/wp\/v2\/media\/17240"}],"wp:attachment":[{"href":"https:\/\/pagina10.com\/web\/wp-json\/wp\/v2\/media?parent=17241"}],"wp:term":[{"taxonomy":"category","embeddable":true,"href":"https:\/\/pagina10.com\/web\/wp-json\/wp\/v2\/categories?post=17241"},{"taxonomy":"post_tag","embeddable":true,"href":"https:\/\/pagina10.com\/web\/wp-json\/wp\/v2\/tags?post=17241"}],"curies":[{"name":"wp","href":"https:\/\/api.w.org\/{rel}","templated":true}]}}