{"id":17243,"date":"2015-08-13T14:49:16","date_gmt":"2015-08-13T14:49:16","guid":{"rendered":"https:\/\/pagina10.com\/web\/50-mil-pesos-cuesta-la-multa-por-no-asistencia-a-reunion-politica\/"},"modified":"2015-08-13T14:49:16","modified_gmt":"2015-08-13T14:49:16","slug":"50-mil-pesos-cuesta-la-multa-por-no-asistencia-a-reunion-politica","status":"publish","type":"post","link":"https:\/\/pagina10.com\/web\/50-mil-pesos-cuesta-la-multa-por-no-asistencia-a-reunion-politica\/","title":{"rendered":"50 mil pesos cuesta la multa por no asistencia a reuni\u00f3n pol\u00edtica"},"content":{"rendered":"<p><img fetchpriority=\"high\" decoding=\"async\" class=\" size-full wp-image-17242\" src=\"https:\/\/pagina10.com\/web\/wp-content\/uploads\/2015\/08\/3c306135ab9256f1c4c19ec49518fb71.jpg\" alt=\"\" width=\"960\" height=\"414\" srcset=\"https:\/\/pagina10.com\/web\/wp-content\/uploads\/2015\/08\/3c306135ab9256f1c4c19ec49518fb71.jpg 960w, https:\/\/pagina10.com\/web\/wp-content\/uploads\/2015\/08\/3c306135ab9256f1c4c19ec49518fb71-300x129.jpg 300w, https:\/\/pagina10.com\/web\/wp-content\/uploads\/2015\/08\/3c306135ab9256f1c4c19ec49518fb71-768x331.jpg 768w\" sizes=\"(max-width: 960px) 100vw, 960px\" \/><\/p>\n<p style=\"text-align: justify;\">En invitaci\u00f3n firmada por el representante legal de una asociaci\u00f3n de productores de leche del municipio de Pupiales- Nari\u00f1o- se convoca a una reuni\u00f3n con el fin de escuchar las propuestas y compromisos con la asociaci\u00f3n del candidato a la Gobernaci\u00f3n Camilo Romero, a la alcald\u00eda de Pupiales Fabio Cardenas, al concejo municipal Manuel Rosero, &nbsp;y a la asamblea departamental, Francisco Cer\u00f3n. La particularidad de la invitaci\u00f3n es la sanci\u00f3n econ\u00f3mica por la no asistencia a una reuni\u00f3n pol\u00edtica, &nbsp;que se vuelve de caracter obligatorio, con el compromiso de invitar a dos miembros de la familia de cada usuario.&nbsp;<\/p>\n<p style=\"text-align: justify;\">Al publicar esta nota, se recibi\u00f3 el siguiente comunicado de la campa\u00f1a a la Gobernaci\u00f3n de Nari\u00f1o del doctor Camilo Romero, en donde se permite informar que dentro de la agenda del candidato, no se encuentra proyectada su asistencia a la reuni\u00f3n programada para el d\u00eda s\u00e1bado 15 de agosto del 2015 por la asociaci\u00f3n de productores de leche del municipio de Pupiales \u201cASOPROLECHEPUPIALES\u201d, puesto que para esta fecha se encuentra planeada con anterioridad la visita del doctor Camilo &nbsp;a la ciudad de Tumaco.<\/p>\n","protected":false},"excerpt":{"rendered":"<p>En invitaci\u00f3n firmada por el representante legal de una asociaci\u00f3n de productores de leche del municipio de Pupiales- Nari\u00f1o- se convoca a una reuni\u00f3n con el fin de escuchar las propuestas y compromisos con la asociaci\u00f3n del candidato a la Gobernaci\u00f3n Camilo Romero, a la alcald\u00eda de Pupiales Fabio Cardenas, al concejo municipal Manuel Rosero, [&hellip;]<\/p>\n","protected":false},"author":29,"featured_media":17242,"comment_status":"open","ping_status":"open","sticky":false,"template":"","format":"standard","meta":{"footnotes":""},"categories":[1],"tags":[],"class_list":["post-17243","post","type-post","status-publish","format-standard","has-post-thumbnail","hentry","category-sin-categoria"],"yoast_head":"<!-- This site is optimized with the Yoast SEO plugin v27.1.1 - https:\/\/yoast.com\/product\/yoast-seo-wordpress\/ -->\n<title>50 mil pesos cuesta la multa por no asistencia a reuni\u00f3n pol\u00edtica | P\u00e1gina10<\/title>\n<meta name=\"robots\" content=\"index, follow, max-snippet:-1, max-image-preview:large, max-video-preview:-1\" \/>\n<link rel=\"canonical\" href=\"https:\/\/pagina10.com\/web\/50-mil-pesos-cuesta-la-multa-por-no-asistencia-a-reunion-politica\/\" \/>\n<meta property=\"og:locale\" content=\"es_ES\" \/>\n<meta property=\"og:type\" content=\"article\" \/>\n<meta property=\"og:title\" content=\"50 mil pesos cuesta la multa por no asistencia a reuni\u00f3n pol\u00edtica | P\u00e1gina10\" \/>\n<meta property=\"og:description\" content=\"En invitaci\u00f3n firmada por el representante legal de una asociaci\u00f3n de productores de leche del municipio de Pupiales- Nari\u00f1o- se convoca a una reuni\u00f3n con el fin de escuchar las propuestas y compromisos con la asociaci\u00f3n del candidato a la Gobernaci\u00f3n Camilo Romero, a la alcald\u00eda de Pupiales Fabio Cardenas, al concejo municipal Manuel Rosero, [&hellip;]\" \/>\n<meta property=\"og:url\" content=\"https:\/\/pagina10.com\/web\/50-mil-pesos-cuesta-la-multa-por-no-asistencia-a-reunion-politica\/\" \/>\n<meta property=\"og:site_name\" content=\"P\u00e1gina10\" \/>\n<meta property=\"article:publisher\" content=\"https:\/\/www.facebook.com\/pag10com\" \/>\n<meta property=\"article:published_time\" content=\"2015-08-13T14:49:16+00:00\" \/>\n<meta property=\"og:image\" content=\"https:\/\/pagina10.com\/web\/wp-content\/uploads\/2015\/08\/3c306135ab9256f1c4c19ec49518fb71.jpg\" \/>\n\t<meta property=\"og:image:width\" content=\"960\" \/>\n\t<meta property=\"og:image:height\" content=\"414\" \/>\n\t<meta property=\"og:image:type\" content=\"image\/jpeg\" \/>\n<meta name=\"author\" content=\"P\u00e1gina 10\" \/>\n<meta name=\"twitter:card\" content=\"summary_large_image\" \/>\n<meta name=\"twitter:creator\" content=\"@Pag10com\" \/>\n<meta name=\"twitter:site\" content=\"@Pag10com\" \/>\n<meta name=\"twitter:label1\" content=\"Escrito por\" \/>\n\t<meta name=\"twitter:data1\" content=\"P\u00e1gina 10\" \/>\n\t<meta name=\"twitter:label2\" content=\"Tiempo de lectura\" \/>\n\t<meta name=\"twitter:data2\" content=\"1 minuto\" \/>\n<script type=\"application\/ld+json\" class=\"yoast-schema-graph\">{\"@context\":\"https:\/\/schema.org\",\"@graph\":[{\"@type\":\"Article\",\"@id\":\"https:\/\/pagina10.com\/web\/50-mil-pesos-cuesta-la-multa-por-no-asistencia-a-reunion-politica\/#article\",\"isPartOf\":{\"@id\":\"https:\/\/pagina10.com\/web\/50-mil-pesos-cuesta-la-multa-por-no-asistencia-a-reunion-politica\/\"},\"author\":{\"name\":\"P\u00e1gina 10\",\"@id\":\"https:\/\/pagina10.com\/web\/#\/schema\/person\/a7a5d38f0629dfc107f619fbae4f6cc3\"},\"headline\":\"50 mil pesos cuesta la multa por no asistencia a reuni\u00f3n pol\u00edtica\",\"datePublished\":\"2015-08-13T14:49:16+00:00\",\"mainEntityOfPage\":{\"@id\":\"https:\/\/pagina10.com\/web\/50-mil-pesos-cuesta-la-multa-por-no-asistencia-a-reunion-politica\/\"},\"wordCount\":218,\"commentCount\":0,\"publisher\":{\"@id\":\"https:\/\/pagina10.com\/web\/#organization\"},\"image\":{\"@id\":\"https:\/\/pagina10.com\/web\/50-mil-pesos-cuesta-la-multa-por-no-asistencia-a-reunion-politica\/#primaryimage\"},\"thumbnailUrl\":\"https:\/\/pagina10.com\/web\/wp-content\/uploads\/2015\/08\/3c306135ab9256f1c4c19ec49518fb71.jpg\",\"inLanguage\":\"es\",\"potentialAction\":[{\"@type\":\"CommentAction\",\"name\":\"Comment\",\"target\":[\"https:\/\/pagina10.com\/web\/50-mil-pesos-cuesta-la-multa-por-no-asistencia-a-reunion-politica\/#respond\"]}]},{\"@type\":\"WebPage\",\"@id\":\"https:\/\/pagina10.com\/web\/50-mil-pesos-cuesta-la-multa-por-no-asistencia-a-reunion-politica\/\",\"url\":\"https:\/\/pagina10.com\/web\/50-mil-pesos-cuesta-la-multa-por-no-asistencia-a-reunion-politica\/\",\"name\":\"50 mil pesos cuesta la multa por no asistencia a reuni\u00f3n pol\u00edtica | P\u00e1gina10\",\"isPartOf\":{\"@id\":\"https:\/\/pagina10.com\/web\/#website\"},\"primaryImageOfPage\":{\"@id\":\"https:\/\/pagina10.com\/web\/50-mil-pesos-cuesta-la-multa-por-no-asistencia-a-reunion-politica\/#primaryimage\"},\"image\":{\"@id\":\"https:\/\/pagina10.com\/web\/50-mil-pesos-cuesta-la-multa-por-no-asistencia-a-reunion-politica\/#primaryimage\"},\"thumbnailUrl\":\"https:\/\/pagina10.com\/web\/wp-content\/uploads\/2015\/08\/3c306135ab9256f1c4c19ec49518fb71.jpg\",\"datePublished\":\"2015-08-13T14:49:16+00:00\",\"breadcrumb\":{\"@id\":\"https:\/\/pagina10.com\/web\/50-mil-pesos-cuesta-la-multa-por-no-asistencia-a-reunion-politica\/#breadcrumb\"},\"inLanguage\":\"es\",\"potentialAction\":[{\"@type\":\"ReadAction\",\"target\":[\"https:\/\/pagina10.com\/web\/50-mil-pesos-cuesta-la-multa-por-no-asistencia-a-reunion-politica\/\"]}]},{\"@type\":\"ImageObject\",\"inLanguage\":\"es\",\"@id\":\"https:\/\/pagina10.com\/web\/50-mil-pesos-cuesta-la-multa-por-no-asistencia-a-reunion-politica\/#primaryimage\",\"url\":\"https:\/\/pagina10.com\/web\/wp-content\/uploads\/2015\/08\/3c306135ab9256f1c4c19ec49518fb71.jpg\",\"contentUrl\":\"https:\/\/pagina10.com\/web\/wp-content\/uploads\/2015\/08\/3c306135ab9256f1c4c19ec49518fb71.jpg\",\"width\":960,\"height\":414},{\"@type\":\"BreadcrumbList\",\"@id\":\"https:\/\/pagina10.com\/web\/50-mil-pesos-cuesta-la-multa-por-no-asistencia-a-reunion-politica\/#breadcrumb\",\"itemListElement\":[{\"@type\":\"ListItem\",\"position\":1,\"name\":\"Portada\",\"item\":\"https:\/\/pagina10.com\/web\/\"},{\"@type\":\"ListItem\",\"position\":2,\"name\":\"50 mil pesos cuesta la multa por no asistencia a reuni\u00f3n pol\u00edtica\"}]},{\"@type\":\"WebSite\",\"@id\":\"https:\/\/pagina10.com\/web\/#website\",\"url\":\"https:\/\/pagina10.com\/web\/\",\"name\":\"P\u00e1gina10\",\"description\":\"Peri\u00f3dico Regional\",\"publisher\":{\"@id\":\"https:\/\/pagina10.com\/web\/#organization\"},\"alternateName\":\"P\u00e1gina10 Peri\u00f3dico Regional\",\"potentialAction\":[{\"@type\":\"SearchAction\",\"target\":{\"@type\":\"EntryPoint\",\"urlTemplate\":\"https:\/\/pagina10.com\/web\/?s={search_term_string}\"},\"query-input\":{\"@type\":\"PropertyValueSpecification\",\"valueRequired\":true,\"valueName\":\"search_term_string\"}}],\"inLanguage\":\"es\"},{\"@type\":\"Organization\",\"@id\":\"https:\/\/pagina10.com\/web\/#organization\",\"name\":\"P\u00e1gina10\",\"alternateName\":\"P\u00e1gina10 Peri\u00f3dico Regional\",\"url\":\"https:\/\/pagina10.com\/web\/\",\"logo\":{\"@type\":\"ImageObject\",\"inLanguage\":\"es\",\"@id\":\"https:\/\/pagina10.com\/web\/#\/schema\/logo\/image\/\",\"url\":\"https:\/\/pagina10.com\/web\/wp-content\/uploads\/2024\/01\/40-pagina-10-periodico-regional-pasto.jpg\",\"contentUrl\":\"https:\/\/pagina10.com\/web\/wp-content\/uploads\/2024\/01\/40-pagina-10-periodico-regional-pasto.jpg\",\"width\":1280,\"height\":720,\"caption\":\"P\u00e1gina10\"},\"image\":{\"@id\":\"https:\/\/pagina10.com\/web\/#\/schema\/logo\/image\/\"},\"sameAs\":[\"https:\/\/www.facebook.com\/pag10com\",\"https:\/\/x.com\/Pag10com\",\"https:\/\/www.instagram.com\/pagina10col\/\",\"https:\/\/youtube.com\/channel\/pag10\",\"https:\/\/www.tiktok.com\/@p10col\"]},{\"@type\":\"Person\",\"@id\":\"https:\/\/pagina10.com\/web\/#\/schema\/person\/a7a5d38f0629dfc107f619fbae4f6cc3\",\"name\":\"P\u00e1gina 10\",\"description\":\"P\u00e1gina10.com es un peri\u00f3dico digital que nace en Colombia, en el departamento de Nari\u00f1o, con un enfoque global, fundamentado en cuatro pilares esenciales: la libertad, el pluralismo, la inclusi\u00f3n y la independencia. P\u00e1gina10.com hace referencia a Nari\u00f1o como el d\u00e9cimo departamento creado en Colombia, despu\u00e9s de un proceso pol\u00edtico liderado por actores y actrices regionales con el fin de obtener la independencia y autonom\u00eda de nuestros territorios. Con la creaci\u00f3n de P\u00e1gina10.com se pretende abrir un escenario para el dialogo, la reflexi\u00f3n y el debate que se extienda a otras geograf\u00edas de Am\u00e9rica Latina y del planeta, en una apuesta por transformar colectivamente los desaf\u00edos de un mundo contempor\u00e1neo, m\u00e1s all\u00e1 de las fronteras impuestas.\",\"url\":\"https:\/\/pagina10.com\/web\/author\/mcepeda\/\"}]}<\/script>\n<!-- \/ Yoast SEO plugin. -->","yoast_head_json":{"title":"50 mil pesos cuesta la multa por no asistencia a reuni\u00f3n pol\u00edtica | P\u00e1gina10","robots":{"index":"index","follow":"follow","max-snippet":"max-snippet:-1","max-image-preview":"max-image-preview:large","max-video-preview":"max-video-preview:-1"},"canonical":"https:\/\/pagina10.com\/web\/50-mil-pesos-cuesta-la-multa-por-no-asistencia-a-reunion-politica\/","og_locale":"es_ES","og_type":"article","og_title":"50 mil pesos cuesta la multa por no asistencia a reuni\u00f3n pol\u00edtica | P\u00e1gina10","og_description":"En invitaci\u00f3n firmada por el representante legal de una asociaci\u00f3n de productores de leche del municipio de Pupiales- Nari\u00f1o- se convoca a una reuni\u00f3n con el fin de escuchar las propuestas y compromisos con la asociaci\u00f3n del candidato a la Gobernaci\u00f3n Camilo Romero, a la alcald\u00eda de Pupiales Fabio Cardenas, al concejo municipal Manuel Rosero, [&hellip;]","og_url":"https:\/\/pagina10.com\/web\/50-mil-pesos-cuesta-la-multa-por-no-asistencia-a-reunion-politica\/","og_site_name":"P\u00e1gina10","article_publisher":"https:\/\/www.facebook.com\/pag10com","article_published_time":"2015-08-13T14:49:16+00:00","og_image":[{"width":960,"height":414,"url":"https:\/\/pagina10.com\/web\/wp-content\/uploads\/2015\/08\/3c306135ab9256f1c4c19ec49518fb71.jpg","type":"image\/jpeg"}],"author":"P\u00e1gina 10","twitter_card":"summary_large_image","twitter_creator":"@Pag10com","twitter_site":"@Pag10com","twitter_misc":{"Escrito por":"P\u00e1gina 10","Tiempo de lectura":"1 minuto"},"schema":{"@context":"https:\/\/schema.org","@graph":[{"@type":"Article","@id":"https:\/\/pagina10.com\/web\/50-mil-pesos-cuesta-la-multa-por-no-asistencia-a-reunion-politica\/#article","isPartOf":{"@id":"https:\/\/pagina10.com\/web\/50-mil-pesos-cuesta-la-multa-por-no-asistencia-a-reunion-politica\/"},"author":{"name":"P\u00e1gina 10","@id":"https:\/\/pagina10.com\/web\/#\/schema\/person\/a7a5d38f0629dfc107f619fbae4f6cc3"},"headline":"50 mil pesos cuesta la multa por no asistencia a reuni\u00f3n pol\u00edtica","datePublished":"2015-08-13T14:49:16+00:00","mainEntityOfPage":{"@id":"https:\/\/pagina10.com\/web\/50-mil-pesos-cuesta-la-multa-por-no-asistencia-a-reunion-politica\/"},"wordCount":218,"commentCount":0,"publisher":{"@id":"https:\/\/pagina10.com\/web\/#organization"},"image":{"@id":"https:\/\/pagina10.com\/web\/50-mil-pesos-cuesta-la-multa-por-no-asistencia-a-reunion-politica\/#primaryimage"},"thumbnailUrl":"https:\/\/pagina10.com\/web\/wp-content\/uploads\/2015\/08\/3c306135ab9256f1c4c19ec49518fb71.jpg","inLanguage":"es","potentialAction":[{"@type":"CommentAction","name":"Comment","target":["https:\/\/pagina10.com\/web\/50-mil-pesos-cuesta-la-multa-por-no-asistencia-a-reunion-politica\/#respond"]}]},{"@type":"WebPage","@id":"https:\/\/pagina10.com\/web\/50-mil-pesos-cuesta-la-multa-por-no-asistencia-a-reunion-politica\/","url":"https:\/\/pagina10.com\/web\/50-mil-pesos-cuesta-la-multa-por-no-asistencia-a-reunion-politica\/","name":"50 mil pesos cuesta la multa por no asistencia a reuni\u00f3n pol\u00edtica | P\u00e1gina10","isPartOf":{"@id":"https:\/\/pagina10.com\/web\/#website"},"primaryImageOfPage":{"@id":"https:\/\/pagina10.com\/web\/50-mil-pesos-cuesta-la-multa-por-no-asistencia-a-reunion-politica\/#primaryimage"},"image":{"@id":"https:\/\/pagina10.com\/web\/50-mil-pesos-cuesta-la-multa-por-no-asistencia-a-reunion-politica\/#primaryimage"},"thumbnailUrl":"https:\/\/pagina10.com\/web\/wp-content\/uploads\/2015\/08\/3c306135ab9256f1c4c19ec49518fb71.jpg","datePublished":"2015-08-13T14:49:16+00:00","breadcrumb":{"@id":"https:\/\/pagina10.com\/web\/50-mil-pesos-cuesta-la-multa-por-no-asistencia-a-reunion-politica\/#breadcrumb"},"inLanguage":"es","potentialAction":[{"@type":"ReadAction","target":["https:\/\/pagina10.com\/web\/50-mil-pesos-cuesta-la-multa-por-no-asistencia-a-reunion-politica\/"]}]},{"@type":"ImageObject","inLanguage":"es","@id":"https:\/\/pagina10.com\/web\/50-mil-pesos-cuesta-la-multa-por-no-asistencia-a-reunion-politica\/#primaryimage","url":"https:\/\/pagina10.com\/web\/wp-content\/uploads\/2015\/08\/3c306135ab9256f1c4c19ec49518fb71.jpg","contentUrl":"https:\/\/pagina10.com\/web\/wp-content\/uploads\/2015\/08\/3c306135ab9256f1c4c19ec49518fb71.jpg","width":960,"height":414},{"@type":"BreadcrumbList","@id":"https:\/\/pagina10.com\/web\/50-mil-pesos-cuesta-la-multa-por-no-asistencia-a-reunion-politica\/#breadcrumb","itemListElement":[{"@type":"ListItem","position":1,"name":"Portada","item":"https:\/\/pagina10.com\/web\/"},{"@type":"ListItem","position":2,"name":"50 mil pesos cuesta la multa por no asistencia a reuni\u00f3n pol\u00edtica"}]},{"@type":"WebSite","@id":"https:\/\/pagina10.com\/web\/#website","url":"https:\/\/pagina10.com\/web\/","name":"P\u00e1gina10","description":"Peri\u00f3dico Regional","publisher":{"@id":"https:\/\/pagina10.com\/web\/#organization"},"alternateName":"P\u00e1gina10 Peri\u00f3dico Regional","potentialAction":[{"@type":"SearchAction","target":{"@type":"EntryPoint","urlTemplate":"https:\/\/pagina10.com\/web\/?s={search_term_string}"},"query-input":{"@type":"PropertyValueSpecification","valueRequired":true,"valueName":"search_term_string"}}],"inLanguage":"es"},{"@type":"Organization","@id":"https:\/\/pagina10.com\/web\/#organization","name":"P\u00e1gina10","alternateName":"P\u00e1gina10 Peri\u00f3dico Regional","url":"https:\/\/pagina10.com\/web\/","logo":{"@type":"ImageObject","inLanguage":"es","@id":"https:\/\/pagina10.com\/web\/#\/schema\/logo\/image\/","url":"https:\/\/pagina10.com\/web\/wp-content\/uploads\/2024\/01\/40-pagina-10-periodico-regional-pasto.jpg","contentUrl":"https:\/\/pagina10.com\/web\/wp-content\/uploads\/2024\/01\/40-pagina-10-periodico-regional-pasto.jpg","width":1280,"height":720,"caption":"P\u00e1gina10"},"image":{"@id":"https:\/\/pagina10.com\/web\/#\/schema\/logo\/image\/"},"sameAs":["https:\/\/www.facebook.com\/pag10com","https:\/\/x.com\/Pag10com","https:\/\/www.instagram.com\/pagina10col\/","https:\/\/youtube.com\/channel\/pag10","https:\/\/www.tiktok.com\/@p10col"]},{"@type":"Person","@id":"https:\/\/pagina10.com\/web\/#\/schema\/person\/a7a5d38f0629dfc107f619fbae4f6cc3","name":"P\u00e1gina 10","description":"P\u00e1gina10.com es un peri\u00f3dico digital que nace en Colombia, en el departamento de Nari\u00f1o, con un enfoque global, fundamentado en cuatro pilares esenciales: la libertad, el pluralismo, la inclusi\u00f3n y la independencia. P\u00e1gina10.com hace referencia a Nari\u00f1o como el d\u00e9cimo departamento creado en Colombia, despu\u00e9s de un proceso pol\u00edtico liderado por actores y actrices regionales con el fin de obtener la independencia y autonom\u00eda de nuestros territorios. Con la creaci\u00f3n de P\u00e1gina10.com se pretende abrir un escenario para el dialogo, la reflexi\u00f3n y el debate que se extienda a otras geograf\u00edas de Am\u00e9rica Latina y del planeta, en una apuesta por transformar colectivamente los desaf\u00edos de un mundo contempor\u00e1neo, m\u00e1s all\u00e1 de las fronteras impuestas.","url":"https:\/\/pagina10.com\/web\/author\/mcepeda\/"}]}},"_links":{"self":[{"href":"https:\/\/pagina10.com\/web\/wp-json\/wp\/v2\/posts\/17243","targetHints":{"allow":["GET"]}}],"collection":[{"href":"https:\/\/pagina10.com\/web\/wp-json\/wp\/v2\/posts"}],"about":[{"href":"https:\/\/pagina10.com\/web\/wp-json\/wp\/v2\/types\/post"}],"author":[{"embeddable":true,"href":"https:\/\/pagina10.com\/web\/wp-json\/wp\/v2\/users\/29"}],"replies":[{"embeddable":true,"href":"https:\/\/pagina10.com\/web\/wp-json\/wp\/v2\/comments?post=17243"}],"version-history":[{"count":0,"href":"https:\/\/pagina10.com\/web\/wp-json\/wp\/v2\/posts\/17243\/revisions"}],"wp:featuredmedia":[{"embeddable":true,"href":"https:\/\/pagina10.com\/web\/wp-json\/wp\/v2\/media\/17242"}],"wp:attachment":[{"href":"https:\/\/pagina10.com\/web\/wp-json\/wp\/v2\/media?parent=17243"}],"wp:term":[{"taxonomy":"category","embeddable":true,"href":"https:\/\/pagina10.com\/web\/wp-json\/wp\/v2\/categories?post=17243"},{"taxonomy":"post_tag","embeddable":true,"href":"https:\/\/pagina10.com\/web\/wp-json\/wp\/v2\/tags?post=17243"}],"curies":[{"name":"wp","href":"https:\/\/api.w.org\/{rel}","templated":true}]}}