{"id":17247,"date":"2015-08-14T02:12:27","date_gmt":"2015-08-14T02:12:27","guid":{"rendered":"https:\/\/pagina10.com\/web\/puente-sin-carretera-asi-se-derrochan-nuestras-regalias\/"},"modified":"2015-08-14T02:12:27","modified_gmt":"2015-08-14T02:12:27","slug":"puente-sin-carretera-asi-se-derrochan-nuestras-regalias","status":"publish","type":"post","link":"https:\/\/pagina10.com\/web\/puente-sin-carretera-asi-se-derrochan-nuestras-regalias\/","title":{"rendered":"Puente sin carretera: \u00bfAs\u00ed se derrochan nuestras Regal\u00edas?"},"content":{"rendered":"<p><img fetchpriority=\"high\" decoding=\"async\" class=\" size-full wp-image-17244\" src=\"https:\/\/pagina10.com\/web\/wp-content\/uploads\/2015\/08\/aad7cb1f9d8ec5ffec36c0c6c1b2ce91.jpg\" alt=\"\" width=\"310\" height=\"195\" srcset=\"https:\/\/pagina10.com\/web\/wp-content\/uploads\/2015\/08\/aad7cb1f9d8ec5ffec36c0c6c1b2ce91.jpg 310w, https:\/\/pagina10.com\/web\/wp-content\/uploads\/2015\/08\/aad7cb1f9d8ec5ffec36c0c6c1b2ce91-300x189.jpg 300w\" sizes=\"(max-width: 310px) 100vw, 310px\" \/><\/p>\n<p style=\"text-align: justify;\">Definitivamente las redes sociales se han constituido en una de las mejores alternativas de comunicaci\u00f3n e informaci\u00f3n pues gracias a ellas conocemos de aspectos y situaciones que pasar\u00edan desapercibidos.&nbsp; Para la muestra un bot\u00f3n enviado por el pedagogo y l\u00edder comunitario Luis Carlos Vallejos Rosas, ampliamente conocido por su seriedad y don de gentes en nuestra regi\u00f3n. &nbsp;Pues bien, nos acaba de sorprender con unas fotograf\u00edas de un puente en donde no existe siquiera carretera. Su admiraci\u00f3n e indignaci\u00f3n es tan grande que expresa sin empacho alguno que \u201cNos creen Est\u00fapidos, no votemos por la misma causa que aqu\u00ed mostramos. Este es el puente que nuestro Gobernador hizo (espectacular), pero que si se fijan no tiene del otro lado carretera. Est\u00e1 a 11 kms. de la panamericana y se supone &#8220;conduce&#8221; al Pe\u00f1ol &#8211; Nari\u00f1o. Es de lo que se jactan los pol\u00edticos. En la vieja canci\u00f3n se hac\u00edan puentes por donde no hab\u00eda r\u00edos. Aqu\u00ed se hace un puente por sobre el r\u00edo pero sin carretera. A quien se le ocurre semejante adefesio. Un gobierno as\u00ed no puede hacer la venia para que Romero llegue. Son del mismo corte\u2026.\u201d. &nbsp;Uno de los denunciantes y presenciales directos de esta atrocidad comenta: \u201cPuente sobre el r\u00edo Juanamb\u00fa, a 11 kil\u00f3metros del tabl\u00f3n Panamericano, se hizo para darle otra salida al Pe\u00f1ol, pero al otro&nbsp; lado del r\u00edo no hay conexi\u00f3n alguna\u2026\u201d<\/p>\n<p style=\"text-align: justify;\">&nbsp;<\/p>\n<p><img decoding=\"async\" class=\" size-full wp-image-17245\" src=\"https:\/\/pagina10.com\/web\/wp-content\/uploads\/2015\/08\/puente_1.jpg\" alt=\"puente 1\" width=\"698\" height=\"394\" style=\"display: block; margin-left: auto; margin-right: auto;\" srcset=\"https:\/\/pagina10.com\/web\/wp-content\/uploads\/2015\/08\/puente_1.jpg 838w, https:\/\/pagina10.com\/web\/wp-content\/uploads\/2015\/08\/puente_1-300x169.jpg 300w, https:\/\/pagina10.com\/web\/wp-content\/uploads\/2015\/08\/puente_1-768x433.jpg 768w\" sizes=\"(max-width: 698px) 100vw, 698px\" \/><\/p>\n<p style=\"text-align: justify;\">Debo expresar que no conozco el referido puente y que no puedo dar constancia directa de este adefesio que se mira en las fotograf\u00edas, pero basta con verlas, con detallarlas para saber y darse cuenta que esta denuncia es verdaderamente seria. Y m\u00e1s preocupante a\u00fan que este tipo de obras que son&nbsp; claros elefantes blancos se realicen con recursos de regal\u00edas que deben llevar progreso y desarrollo a los pueblos. Se puede observar en otras fotograf\u00edas lo absurdo de este puente pues un grupo de ciclistas, quienes tambi\u00e9n&nbsp; informan sobre este hecho, deben cargar sus bicicletas para poder cruzar esta mole de cemento que no tiene acceso.&nbsp; No es posible que nuestros dirigentes act\u00faen de esta manera dilapidando y derrochando miles de millones de pesos ante el silencio de la comunidad y los medios de comunicaci\u00f3n; este es un campanazo de alerta ante tantas obras que seguramente tambi\u00e9n rayan en lo absurdo y en la corrupci\u00f3n pero que permanecen ignoradas por el temor o la indiferencia de la misma gente. Debemos iniciar una cruzada para conocer y denunciar hechos tan lamentables como este en&nbsp; todo nuestro departamento.<\/p>\n<p><img decoding=\"async\" class=\" size-full wp-image-17246\" src=\"https:\/\/pagina10.com\/web\/wp-content\/uploads\/2015\/08\/puente_2.jpg\" alt=\"puente 2\" width=\"698\" height=\"394\" style=\"display: block; margin-left: auto; margin-right: auto;\" srcset=\"https:\/\/pagina10.com\/web\/wp-content\/uploads\/2015\/08\/puente_2.jpg 838w, https:\/\/pagina10.com\/web\/wp-content\/uploads\/2015\/08\/puente_2-300x169.jpg 300w, https:\/\/pagina10.com\/web\/wp-content\/uploads\/2015\/08\/puente_2-768x433.jpg 768w\" sizes=\"(max-width: 698px) 100vw, 698px\" \/><\/p>\n<p style=\"text-align: justify;\">Invito p\u00fablicamente a cualquier candidato que se le quiera medir para que hagamos visita a este puente y desde all\u00e1 comuniquemos a la opini\u00f3n publica de Nari\u00f1o lo que realmente acontece, cu\u00e1nto se invirti\u00f3 en esta obra, quienes la hicieron, de d\u00f3nde salieron los recursos y quienes fueron los veedores.&nbsp; As\u00ed podremos dimensionar en contexto la realidad de los hechos y alentaremos a las comunidades para que se atrevan a denunciar actuaciones de esta clase.<\/p>\n<p style=\"text-align: justify;\">Gracias al valor c\u00edvico de personas como Luis Carlos Vallejos Rosas podemos acercarnos a la verdad y a conocer el talante de quienes nos gobiernan o aspirar a hacerlo.&nbsp; El pueblo no es pendejo aunque si es sumiso y muchas veces indiferente a su propio destino.&nbsp; Pero es v\u00e1lido preguntarse si es por cosas como estas que se presenta tanta rapi\u00f1a en las contiendas electorales, si es por estas regal\u00edas que los candidatos y sus amigotes invierten tantos recursos en publicidad y en la compra de la conciencia de los l\u00edderes populares que se prestan para ello.&nbsp; Es una verdadera l\u00e1stima que esto suceda y peor ser\u00eda para nuestro pueblo que contin\u00fae ocurriendo con la complicidad de quienes tenemos la obligaci\u00f3n \u00e9tica, moral y ciudadana de elegir bien.<\/p>\n<p style=\"text-align: justify;\">Un puente sin carretera como la f\u00edsica y elemental expresi\u00f3n de la corrupci\u00f3n, de la desidia de la sinverg\u00fcencer\u00eda de nuestros gobernantes.&nbsp; No s\u00e9 ahora que podr\u00e1n explicar o argumentar pues a cambio de compromiso y seriedad con sus gobernados la naturaleza los ha dotado con el don de la charlataner\u00eda y la demagogia, la chabacaner\u00eda de siempre disfrazada de servicio y trabajo.&nbsp; L\u00e1stima que as\u00ed se pierdan nuestras regal\u00edas y recursos sumiendo a poblaciones y regiones enteras en la pobreza o la miseria.&nbsp;<\/p>\n","protected":false},"excerpt":{"rendered":"<p>Definitivamente las redes sociales se han constituido en una de las mejores alternativas de comunicaci\u00f3n e informaci\u00f3n pues gracias a ellas conocemos de aspectos y situaciones que pasar\u00edan desapercibidos.&nbsp; Para la muestra un bot\u00f3n enviado por el pedagogo y l\u00edder comunitario Luis Carlos Vallejos Rosas, ampliamente conocido por su seriedad y don de gentes en [&hellip;]<\/p>\n","protected":false},"author":46,"featured_media":17244,"comment_status":"open","ping_status":"open","sticky":false,"template":"","format":"standard","meta":{"footnotes":""},"categories":[1],"tags":[],"class_list":["post-17247","post","type-post","status-publish","format-standard","has-post-thumbnail","hentry","category-sin-categoria"],"yoast_head":"<!-- This site is optimized with the Yoast SEO plugin v27.1.1 - https:\/\/yoast.com\/product\/yoast-seo-wordpress\/ -->\n<title>Puente sin carretera: \u00bfAs\u00ed se derrochan nuestras Regal\u00edas? | P\u00e1gina10<\/title>\n<meta name=\"robots\" content=\"index, follow, max-snippet:-1, max-image-preview:large, max-video-preview:-1\" \/>\n<link rel=\"canonical\" href=\"https:\/\/pagina10.com\/web\/puente-sin-carretera-asi-se-derrochan-nuestras-regalias\/\" \/>\n<meta property=\"og:locale\" content=\"es_ES\" \/>\n<meta property=\"og:type\" content=\"article\" \/>\n<meta property=\"og:title\" content=\"Puente sin carretera: \u00bfAs\u00ed se derrochan nuestras Regal\u00edas? | P\u00e1gina10\" \/>\n<meta property=\"og:description\" content=\"Definitivamente las redes sociales se han constituido en una de las mejores alternativas de comunicaci\u00f3n e informaci\u00f3n pues gracias a ellas conocemos de aspectos y situaciones que pasar\u00edan desapercibidos.&nbsp; Para la muestra un bot\u00f3n enviado por el pedagogo y l\u00edder comunitario Luis Carlos Vallejos Rosas, ampliamente conocido por su seriedad y don de gentes en [&hellip;]\" \/>\n<meta property=\"og:url\" content=\"https:\/\/pagina10.com\/web\/puente-sin-carretera-asi-se-derrochan-nuestras-regalias\/\" \/>\n<meta property=\"og:site_name\" content=\"P\u00e1gina10\" \/>\n<meta property=\"article:publisher\" content=\"https:\/\/www.facebook.com\/pag10com\" \/>\n<meta property=\"article:published_time\" content=\"2015-08-14T02:12:27+00:00\" \/>\n<meta property=\"og:image\" content=\"https:\/\/pagina10.com\/web\/wp-content\/uploads\/2015\/08\/aad7cb1f9d8ec5ffec36c0c6c1b2ce91.jpg\" \/>\n\t<meta property=\"og:image:width\" content=\"310\" \/>\n\t<meta property=\"og:image:height\" content=\"195\" \/>\n\t<meta property=\"og:image:type\" content=\"image\/jpeg\" \/>\n<meta name=\"author\" content=\"Pablo Emilio Obando Acosta\" \/>\n<meta name=\"twitter:card\" content=\"summary_large_image\" \/>\n<meta name=\"twitter:creator\" content=\"@Pag10com\" \/>\n<meta name=\"twitter:site\" content=\"@Pag10com\" \/>\n<meta name=\"twitter:label1\" content=\"Escrito por\" \/>\n\t<meta name=\"twitter:data1\" content=\"Pablo Emilio Obando Acosta\" \/>\n\t<meta name=\"twitter:label2\" content=\"Tiempo de lectura\" \/>\n\t<meta name=\"twitter:data2\" content=\"4 minutos\" \/>\n<script type=\"application\/ld+json\" class=\"yoast-schema-graph\">{\"@context\":\"https:\/\/schema.org\",\"@graph\":[{\"@type\":\"Article\",\"@id\":\"https:\/\/pagina10.com\/web\/puente-sin-carretera-asi-se-derrochan-nuestras-regalias\/#article\",\"isPartOf\":{\"@id\":\"https:\/\/pagina10.com\/web\/puente-sin-carretera-asi-se-derrochan-nuestras-regalias\/\"},\"author\":{\"name\":\"Pablo Emilio Obando Acosta\",\"@id\":\"https:\/\/pagina10.com\/web\/#\/schema\/person\/3d3687c9f037834284853a963ee45123\"},\"headline\":\"Puente sin carretera: \u00bfAs\u00ed se derrochan nuestras Regal\u00edas?\",\"datePublished\":\"2015-08-14T02:12:27+00:00\",\"mainEntityOfPage\":{\"@id\":\"https:\/\/pagina10.com\/web\/puente-sin-carretera-asi-se-derrochan-nuestras-regalias\/\"},\"wordCount\":785,\"commentCount\":0,\"publisher\":{\"@id\":\"https:\/\/pagina10.com\/web\/#organization\"},\"image\":{\"@id\":\"https:\/\/pagina10.com\/web\/puente-sin-carretera-asi-se-derrochan-nuestras-regalias\/#primaryimage\"},\"thumbnailUrl\":\"https:\/\/pagina10.com\/web\/wp-content\/uploads\/2015\/08\/aad7cb1f9d8ec5ffec36c0c6c1b2ce91.jpg\",\"inLanguage\":\"es\",\"potentialAction\":[{\"@type\":\"CommentAction\",\"name\":\"Comment\",\"target\":[\"https:\/\/pagina10.com\/web\/puente-sin-carretera-asi-se-derrochan-nuestras-regalias\/#respond\"]}]},{\"@type\":\"WebPage\",\"@id\":\"https:\/\/pagina10.com\/web\/puente-sin-carretera-asi-se-derrochan-nuestras-regalias\/\",\"url\":\"https:\/\/pagina10.com\/web\/puente-sin-carretera-asi-se-derrochan-nuestras-regalias\/\",\"name\":\"Puente sin carretera: \u00bfAs\u00ed se derrochan nuestras Regal\u00edas? | P\u00e1gina10\",\"isPartOf\":{\"@id\":\"https:\/\/pagina10.com\/web\/#website\"},\"primaryImageOfPage\":{\"@id\":\"https:\/\/pagina10.com\/web\/puente-sin-carretera-asi-se-derrochan-nuestras-regalias\/#primaryimage\"},\"image\":{\"@id\":\"https:\/\/pagina10.com\/web\/puente-sin-carretera-asi-se-derrochan-nuestras-regalias\/#primaryimage\"},\"thumbnailUrl\":\"https:\/\/pagina10.com\/web\/wp-content\/uploads\/2015\/08\/aad7cb1f9d8ec5ffec36c0c6c1b2ce91.jpg\",\"datePublished\":\"2015-08-14T02:12:27+00:00\",\"breadcrumb\":{\"@id\":\"https:\/\/pagina10.com\/web\/puente-sin-carretera-asi-se-derrochan-nuestras-regalias\/#breadcrumb\"},\"inLanguage\":\"es\",\"potentialAction\":[{\"@type\":\"ReadAction\",\"target\":[\"https:\/\/pagina10.com\/web\/puente-sin-carretera-asi-se-derrochan-nuestras-regalias\/\"]}]},{\"@type\":\"ImageObject\",\"inLanguage\":\"es\",\"@id\":\"https:\/\/pagina10.com\/web\/puente-sin-carretera-asi-se-derrochan-nuestras-regalias\/#primaryimage\",\"url\":\"https:\/\/pagina10.com\/web\/wp-content\/uploads\/2015\/08\/aad7cb1f9d8ec5ffec36c0c6c1b2ce91.jpg\",\"contentUrl\":\"https:\/\/pagina10.com\/web\/wp-content\/uploads\/2015\/08\/aad7cb1f9d8ec5ffec36c0c6c1b2ce91.jpg\",\"width\":310,\"height\":195},{\"@type\":\"BreadcrumbList\",\"@id\":\"https:\/\/pagina10.com\/web\/puente-sin-carretera-asi-se-derrochan-nuestras-regalias\/#breadcrumb\",\"itemListElement\":[{\"@type\":\"ListItem\",\"position\":1,\"name\":\"Portada\",\"item\":\"https:\/\/pagina10.com\/web\/\"},{\"@type\":\"ListItem\",\"position\":2,\"name\":\"Puente sin carretera: \u00bfAs\u00ed se derrochan nuestras Regal\u00edas?\"}]},{\"@type\":\"WebSite\",\"@id\":\"https:\/\/pagina10.com\/web\/#website\",\"url\":\"https:\/\/pagina10.com\/web\/\",\"name\":\"P\u00e1gina10\",\"description\":\"Peri\u00f3dico Regional\",\"publisher\":{\"@id\":\"https:\/\/pagina10.com\/web\/#organization\"},\"alternateName\":\"P\u00e1gina10 Peri\u00f3dico Regional\",\"potentialAction\":[{\"@type\":\"SearchAction\",\"target\":{\"@type\":\"EntryPoint\",\"urlTemplate\":\"https:\/\/pagina10.com\/web\/?s={search_term_string}\"},\"query-input\":{\"@type\":\"PropertyValueSpecification\",\"valueRequired\":true,\"valueName\":\"search_term_string\"}}],\"inLanguage\":\"es\"},{\"@type\":\"Organization\",\"@id\":\"https:\/\/pagina10.com\/web\/#organization\",\"name\":\"P\u00e1gina10\",\"alternateName\":\"P\u00e1gina10 Peri\u00f3dico Regional\",\"url\":\"https:\/\/pagina10.com\/web\/\",\"logo\":{\"@type\":\"ImageObject\",\"inLanguage\":\"es\",\"@id\":\"https:\/\/pagina10.com\/web\/#\/schema\/logo\/image\/\",\"url\":\"https:\/\/pagina10.com\/web\/wp-content\/uploads\/2024\/01\/40-pagina-10-periodico-regional-pasto.jpg\",\"contentUrl\":\"https:\/\/pagina10.com\/web\/wp-content\/uploads\/2024\/01\/40-pagina-10-periodico-regional-pasto.jpg\",\"width\":1280,\"height\":720,\"caption\":\"P\u00e1gina10\"},\"image\":{\"@id\":\"https:\/\/pagina10.com\/web\/#\/schema\/logo\/image\/\"},\"sameAs\":[\"https:\/\/www.facebook.com\/pag10com\",\"https:\/\/x.com\/Pag10com\",\"https:\/\/www.instagram.com\/pagina10col\/\",\"https:\/\/youtube.com\/channel\/pag10\",\"https:\/\/www.tiktok.com\/@p10col\"]},{\"@type\":\"Person\",\"@id\":\"https:\/\/pagina10.com\/web\/#\/schema\/person\/3d3687c9f037834284853a963ee45123\",\"name\":\"Pablo Emilio Obando Acosta\",\"description\":\"PABLO EMILIO OBANDO ACOSTA Nace en el a\u00f1o de 1965. Bachiller acad\u00e9mico Modalidad Humanidades del INEM de Pasto. En 1989 culmina sus estudios universitarios en la Universidad de Nari\u00f1o obteniendo el t\u00edtulo de Licenciado en Ciencias Sociales \u2013 \u00e9nfasis Ciencias de la Educaci\u00f3n \u2013Jornada nocturna-. Especialista en Literatura latinoamericana y colaborador de importantes medios de comunicaci\u00f3n escritos de nuestra regi\u00f3n y del pa\u00eds: El Tiempo.com, Semana.com, Dinero, Diario Del Sur, El Espectador.com, entre otros, Sus escritos se conocen y han obtenido reconocimientos en Chile, Uruguay, Paraguay, Espa\u00f1a y Alemania. En el a\u00f1o 2000 obtiene el reconocimiento CORREO DEL SUR como el personaje c\u00edvico del a\u00f1o por su f\u00e9rrea defensa de la dignidad pastense al protestar con su documento \u201cUn pueblo ante la historia\u201d por el trato despectivo de algunos medios de comunicaci\u00f3n. Las reacciones no se hacen esperar en peri\u00f3dicos de circulaci\u00f3n regional y nacional como El Tiempo, El Espectador y El Pa\u00eds. Ha obtenido m\u00faltiples medallas y condecoraciones por su labor period\u00edstica y cultural: Medalla al merito Guillermo Edmundo Ch\u00e1vez \u2013 mejor escritor del departamento de Nari\u00f1o 2005 \u2013 Fundaci\u00f3n Gabriel Garc\u00eda M\u00e1rquez. Mejor Columnista del departamento de Nari\u00f1o \u2013 a\u00f1os 1991 \u2013 1993 \u2013 1996 \u2013 2001 \u2013 2006 Fundaci\u00f3n Cultural Correo del Sur. Personaje C\u00edvico del Departamento de Nari\u00f1o a\u00f1o 2000. Medalla \u00c1lvaro Javier Jurado Calvache a\u00f1o 2007 \u2013 Centro Educativo PROFESA \u2013 defensor poblaci\u00f3n vulnerable del municipio de Pasto. Mejor cuentista del departamento de Nari\u00f1o \u2013 a\u00f1os 1989 \u2013 2004 \u2013 2005. Cronista m\u00e1s destacado del departamento de Nari\u00f1o \u2013 a\u00f1o 2001. Finalista VI Concurso Internacional de Cuento \u2013 Prensa Nueva \u2013 a\u00f1o 1991. Primer puesto Concurso nacional de cuento \u2013 Contralor\u00eda general de la Rep\u00fablica \u2013 a\u00f1o 1992. Primer Lugar Concurso Municipal de Periodismo \u201cSilvio Le\u00f3n Espa\u00f1a\u201d \u2013 2009. . Reconocimiento Concejo municipal de Pasto, por su labor c\u00edvica y educativa. Sus obras y escritos se conocen en varios pa\u00edses de Latinoam\u00e9rica y de Colombia. Es autor de una docena de textos y m\u00e1s de un millar de columnas de opini\u00f3n que han generado pol\u00e9mica en el contexto nacional y latinoamericano: Testimonio de una insurrecci\u00f3n ciudadana \u2013 2011. El doctor Mierda. Un pueblo ante la historia. La filosof\u00eda de la gallina. Del amor por la Tierra... y otros textos. Diario de un maestro de escuela. Apuntes para una nueva historia Nuevos apuntes \u2013 Tomas Hidalgo Calvache. El problema de los cristianos. La utilidad del poeta. \u00bfTe acuerdas Mariana...? Corona F\u00fanebre \u2013 Tomas Hidalgo Calvache. En formato digital ha editado los siguientes t\u00edtulos: - La nueva filosof\u00eda de la gallina. - Tomas Hidalgo Calvache - Apuntes. - Educar con valor. Figura en varias antolog\u00edas de autores nari\u00f1enses y en una latinoamericana. Sobre \u00e9l han escrito elogiosamente intelectuales de la talla de Otto Morales Ben\u00edtez, Edgar Bastidas Urresty, Juan Augusto Ortiz cabrera, Carlos Santamar\u00eda, Javier Rodrizales, Miguel Garz\u00f3n Arteaga, Fausto Molina, Jorge Arturo Bravo y otros tantos que ser\u00eda dif\u00edcil nombrar en esta peque\u00f1a cr\u00f3nica sobre Pablo Emilio Obando Acosta.\",\"url\":\"https:\/\/pagina10.com\/web\/author\/pobando\/\"}]}<\/script>\n<!-- \/ Yoast SEO plugin. -->","yoast_head_json":{"title":"Puente sin carretera: \u00bfAs\u00ed se derrochan nuestras Regal\u00edas? | P\u00e1gina10","robots":{"index":"index","follow":"follow","max-snippet":"max-snippet:-1","max-image-preview":"max-image-preview:large","max-video-preview":"max-video-preview:-1"},"canonical":"https:\/\/pagina10.com\/web\/puente-sin-carretera-asi-se-derrochan-nuestras-regalias\/","og_locale":"es_ES","og_type":"article","og_title":"Puente sin carretera: \u00bfAs\u00ed se derrochan nuestras Regal\u00edas? | P\u00e1gina10","og_description":"Definitivamente las redes sociales se han constituido en una de las mejores alternativas de comunicaci\u00f3n e informaci\u00f3n pues gracias a ellas conocemos de aspectos y situaciones que pasar\u00edan desapercibidos.&nbsp; Para la muestra un bot\u00f3n enviado por el pedagogo y l\u00edder comunitario Luis Carlos Vallejos Rosas, ampliamente conocido por su seriedad y don de gentes en [&hellip;]","og_url":"https:\/\/pagina10.com\/web\/puente-sin-carretera-asi-se-derrochan-nuestras-regalias\/","og_site_name":"P\u00e1gina10","article_publisher":"https:\/\/www.facebook.com\/pag10com","article_published_time":"2015-08-14T02:12:27+00:00","og_image":[{"width":310,"height":195,"url":"https:\/\/pagina10.com\/web\/wp-content\/uploads\/2015\/08\/aad7cb1f9d8ec5ffec36c0c6c1b2ce91.jpg","type":"image\/jpeg"}],"author":"Pablo Emilio Obando Acosta","twitter_card":"summary_large_image","twitter_creator":"@Pag10com","twitter_site":"@Pag10com","twitter_misc":{"Escrito por":"Pablo Emilio Obando Acosta","Tiempo de lectura":"4 minutos"},"schema":{"@context":"https:\/\/schema.org","@graph":[{"@type":"Article","@id":"https:\/\/pagina10.com\/web\/puente-sin-carretera-asi-se-derrochan-nuestras-regalias\/#article","isPartOf":{"@id":"https:\/\/pagina10.com\/web\/puente-sin-carretera-asi-se-derrochan-nuestras-regalias\/"},"author":{"name":"Pablo Emilio Obando Acosta","@id":"https:\/\/pagina10.com\/web\/#\/schema\/person\/3d3687c9f037834284853a963ee45123"},"headline":"Puente sin carretera: \u00bfAs\u00ed se derrochan nuestras Regal\u00edas?","datePublished":"2015-08-14T02:12:27+00:00","mainEntityOfPage":{"@id":"https:\/\/pagina10.com\/web\/puente-sin-carretera-asi-se-derrochan-nuestras-regalias\/"},"wordCount":785,"commentCount":0,"publisher":{"@id":"https:\/\/pagina10.com\/web\/#organization"},"image":{"@id":"https:\/\/pagina10.com\/web\/puente-sin-carretera-asi-se-derrochan-nuestras-regalias\/#primaryimage"},"thumbnailUrl":"https:\/\/pagina10.com\/web\/wp-content\/uploads\/2015\/08\/aad7cb1f9d8ec5ffec36c0c6c1b2ce91.jpg","inLanguage":"es","potentialAction":[{"@type":"CommentAction","name":"Comment","target":["https:\/\/pagina10.com\/web\/puente-sin-carretera-asi-se-derrochan-nuestras-regalias\/#respond"]}]},{"@type":"WebPage","@id":"https:\/\/pagina10.com\/web\/puente-sin-carretera-asi-se-derrochan-nuestras-regalias\/","url":"https:\/\/pagina10.com\/web\/puente-sin-carretera-asi-se-derrochan-nuestras-regalias\/","name":"Puente sin carretera: \u00bfAs\u00ed se derrochan nuestras Regal\u00edas? | P\u00e1gina10","isPartOf":{"@id":"https:\/\/pagina10.com\/web\/#website"},"primaryImageOfPage":{"@id":"https:\/\/pagina10.com\/web\/puente-sin-carretera-asi-se-derrochan-nuestras-regalias\/#primaryimage"},"image":{"@id":"https:\/\/pagina10.com\/web\/puente-sin-carretera-asi-se-derrochan-nuestras-regalias\/#primaryimage"},"thumbnailUrl":"https:\/\/pagina10.com\/web\/wp-content\/uploads\/2015\/08\/aad7cb1f9d8ec5ffec36c0c6c1b2ce91.jpg","datePublished":"2015-08-14T02:12:27+00:00","breadcrumb":{"@id":"https:\/\/pagina10.com\/web\/puente-sin-carretera-asi-se-derrochan-nuestras-regalias\/#breadcrumb"},"inLanguage":"es","potentialAction":[{"@type":"ReadAction","target":["https:\/\/pagina10.com\/web\/puente-sin-carretera-asi-se-derrochan-nuestras-regalias\/"]}]},{"@type":"ImageObject","inLanguage":"es","@id":"https:\/\/pagina10.com\/web\/puente-sin-carretera-asi-se-derrochan-nuestras-regalias\/#primaryimage","url":"https:\/\/pagina10.com\/web\/wp-content\/uploads\/2015\/08\/aad7cb1f9d8ec5ffec36c0c6c1b2ce91.jpg","contentUrl":"https:\/\/pagina10.com\/web\/wp-content\/uploads\/2015\/08\/aad7cb1f9d8ec5ffec36c0c6c1b2ce91.jpg","width":310,"height":195},{"@type":"BreadcrumbList","@id":"https:\/\/pagina10.com\/web\/puente-sin-carretera-asi-se-derrochan-nuestras-regalias\/#breadcrumb","itemListElement":[{"@type":"ListItem","position":1,"name":"Portada","item":"https:\/\/pagina10.com\/web\/"},{"@type":"ListItem","position":2,"name":"Puente sin carretera: \u00bfAs\u00ed se derrochan nuestras Regal\u00edas?"}]},{"@type":"WebSite","@id":"https:\/\/pagina10.com\/web\/#website","url":"https:\/\/pagina10.com\/web\/","name":"P\u00e1gina10","description":"Peri\u00f3dico Regional","publisher":{"@id":"https:\/\/pagina10.com\/web\/#organization"},"alternateName":"P\u00e1gina10 Peri\u00f3dico Regional","potentialAction":[{"@type":"SearchAction","target":{"@type":"EntryPoint","urlTemplate":"https:\/\/pagina10.com\/web\/?s={search_term_string}"},"query-input":{"@type":"PropertyValueSpecification","valueRequired":true,"valueName":"search_term_string"}}],"inLanguage":"es"},{"@type":"Organization","@id":"https:\/\/pagina10.com\/web\/#organization","name":"P\u00e1gina10","alternateName":"P\u00e1gina10 Peri\u00f3dico Regional","url":"https:\/\/pagina10.com\/web\/","logo":{"@type":"ImageObject","inLanguage":"es","@id":"https:\/\/pagina10.com\/web\/#\/schema\/logo\/image\/","url":"https:\/\/pagina10.com\/web\/wp-content\/uploads\/2024\/01\/40-pagina-10-periodico-regional-pasto.jpg","contentUrl":"https:\/\/pagina10.com\/web\/wp-content\/uploads\/2024\/01\/40-pagina-10-periodico-regional-pasto.jpg","width":1280,"height":720,"caption":"P\u00e1gina10"},"image":{"@id":"https:\/\/pagina10.com\/web\/#\/schema\/logo\/image\/"},"sameAs":["https:\/\/www.facebook.com\/pag10com","https:\/\/x.com\/Pag10com","https:\/\/www.instagram.com\/pagina10col\/","https:\/\/youtube.com\/channel\/pag10","https:\/\/www.tiktok.com\/@p10col"]},{"@type":"Person","@id":"https:\/\/pagina10.com\/web\/#\/schema\/person\/3d3687c9f037834284853a963ee45123","name":"Pablo Emilio Obando Acosta","description":"PABLO EMILIO OBANDO ACOSTA Nace en el a\u00f1o de 1965. Bachiller acad\u00e9mico Modalidad Humanidades del INEM de Pasto. En 1989 culmina sus estudios universitarios en la Universidad de Nari\u00f1o obteniendo el t\u00edtulo de Licenciado en Ciencias Sociales \u2013 \u00e9nfasis Ciencias de la Educaci\u00f3n \u2013Jornada nocturna-. Especialista en Literatura latinoamericana y colaborador de importantes medios de comunicaci\u00f3n escritos de nuestra regi\u00f3n y del pa\u00eds: El Tiempo.com, Semana.com, Dinero, Diario Del Sur, El Espectador.com, entre otros, Sus escritos se conocen y han obtenido reconocimientos en Chile, Uruguay, Paraguay, Espa\u00f1a y Alemania. En el a\u00f1o 2000 obtiene el reconocimiento CORREO DEL SUR como el personaje c\u00edvico del a\u00f1o por su f\u00e9rrea defensa de la dignidad pastense al protestar con su documento \u201cUn pueblo ante la historia\u201d por el trato despectivo de algunos medios de comunicaci\u00f3n. Las reacciones no se hacen esperar en peri\u00f3dicos de circulaci\u00f3n regional y nacional como El Tiempo, El Espectador y El Pa\u00eds. Ha obtenido m\u00faltiples medallas y condecoraciones por su labor period\u00edstica y cultural: Medalla al merito Guillermo Edmundo Ch\u00e1vez \u2013 mejor escritor del departamento de Nari\u00f1o 2005 \u2013 Fundaci\u00f3n Gabriel Garc\u00eda M\u00e1rquez. Mejor Columnista del departamento de Nari\u00f1o \u2013 a\u00f1os 1991 \u2013 1993 \u2013 1996 \u2013 2001 \u2013 2006 Fundaci\u00f3n Cultural Correo del Sur. Personaje C\u00edvico del Departamento de Nari\u00f1o a\u00f1o 2000. Medalla \u00c1lvaro Javier Jurado Calvache a\u00f1o 2007 \u2013 Centro Educativo PROFESA \u2013 defensor poblaci\u00f3n vulnerable del municipio de Pasto. Mejor cuentista del departamento de Nari\u00f1o \u2013 a\u00f1os 1989 \u2013 2004 \u2013 2005. Cronista m\u00e1s destacado del departamento de Nari\u00f1o \u2013 a\u00f1o 2001. Finalista VI Concurso Internacional de Cuento \u2013 Prensa Nueva \u2013 a\u00f1o 1991. Primer puesto Concurso nacional de cuento \u2013 Contralor\u00eda general de la Rep\u00fablica \u2013 a\u00f1o 1992. Primer Lugar Concurso Municipal de Periodismo \u201cSilvio Le\u00f3n Espa\u00f1a\u201d \u2013 2009. . Reconocimiento Concejo municipal de Pasto, por su labor c\u00edvica y educativa. Sus obras y escritos se conocen en varios pa\u00edses de Latinoam\u00e9rica y de Colombia. Es autor de una docena de textos y m\u00e1s de un millar de columnas de opini\u00f3n que han generado pol\u00e9mica en el contexto nacional y latinoamericano: Testimonio de una insurrecci\u00f3n ciudadana \u2013 2011. El doctor Mierda. Un pueblo ante la historia. La filosof\u00eda de la gallina. Del amor por la Tierra... y otros textos. Diario de un maestro de escuela. Apuntes para una nueva historia Nuevos apuntes \u2013 Tomas Hidalgo Calvache. El problema de los cristianos. La utilidad del poeta. \u00bfTe acuerdas Mariana...? Corona F\u00fanebre \u2013 Tomas Hidalgo Calvache. En formato digital ha editado los siguientes t\u00edtulos: - La nueva filosof\u00eda de la gallina. - Tomas Hidalgo Calvache - Apuntes. - Educar con valor. Figura en varias antolog\u00edas de autores nari\u00f1enses y en una latinoamericana. Sobre \u00e9l han escrito elogiosamente intelectuales de la talla de Otto Morales Ben\u00edtez, Edgar Bastidas Urresty, Juan Augusto Ortiz cabrera, Carlos Santamar\u00eda, Javier Rodrizales, Miguel Garz\u00f3n Arteaga, Fausto Molina, Jorge Arturo Bravo y otros tantos que ser\u00eda dif\u00edcil nombrar en esta peque\u00f1a cr\u00f3nica sobre Pablo Emilio Obando Acosta.","url":"https:\/\/pagina10.com\/web\/author\/pobando\/"}]}},"_links":{"self":[{"href":"https:\/\/pagina10.com\/web\/wp-json\/wp\/v2\/posts\/17247","targetHints":{"allow":["GET"]}}],"collection":[{"href":"https:\/\/pagina10.com\/web\/wp-json\/wp\/v2\/posts"}],"about":[{"href":"https:\/\/pagina10.com\/web\/wp-json\/wp\/v2\/types\/post"}],"author":[{"embeddable":true,"href":"https:\/\/pagina10.com\/web\/wp-json\/wp\/v2\/users\/46"}],"replies":[{"embeddable":true,"href":"https:\/\/pagina10.com\/web\/wp-json\/wp\/v2\/comments?post=17247"}],"version-history":[{"count":0,"href":"https:\/\/pagina10.com\/web\/wp-json\/wp\/v2\/posts\/17247\/revisions"}],"wp:featuredmedia":[{"embeddable":true,"href":"https:\/\/pagina10.com\/web\/wp-json\/wp\/v2\/media\/17244"}],"wp:attachment":[{"href":"https:\/\/pagina10.com\/web\/wp-json\/wp\/v2\/media?parent=17247"}],"wp:term":[{"taxonomy":"category","embeddable":true,"href":"https:\/\/pagina10.com\/web\/wp-json\/wp\/v2\/categories?post=17247"},{"taxonomy":"post_tag","embeddable":true,"href":"https:\/\/pagina10.com\/web\/wp-json\/wp\/v2\/tags?post=17247"}],"curies":[{"name":"wp","href":"https:\/\/api.w.org\/{rel}","templated":true}]}}