{"id":17249,"date":"2015-08-14T03:28:28","date_gmt":"2015-08-14T03:28:28","guid":{"rendered":"https:\/\/pagina10.com\/web\/festival-internacional-de-teatro-de-pasto-programacion\/"},"modified":"2015-08-14T03:28:28","modified_gmt":"2015-08-14T03:28:28","slug":"festival-internacional-de-teatro-de-pasto-programacion","status":"publish","type":"post","link":"https:\/\/pagina10.com\/web\/festival-internacional-de-teatro-de-pasto-programacion\/","title":{"rendered":"Festival Internacional de Teatro de Pasto- Programaci\u00f3n"},"content":{"rendered":"<p><img fetchpriority=\"high\" decoding=\"async\" class=\" size-full wp-image-17248\" src=\"https:\/\/pagina10.com\/web\/wp-content\/uploads\/2015\/08\/e30cf710e90c351ff73792fb505f304c.jpg\" alt=\"\" width=\"669\" height=\"453\" srcset=\"https:\/\/pagina10.com\/web\/wp-content\/uploads\/2015\/08\/e30cf710e90c351ff73792fb505f304c.jpg 669w, https:\/\/pagina10.com\/web\/wp-content\/uploads\/2015\/08\/e30cf710e90c351ff73792fb505f304c-300x203.jpg 300w\" sizes=\"(max-width: 669px) 100vw, 669px\" \/><\/p>\n<p style=\"text-align: justify;\">Durante 19 a\u00f1os consecutivos el Festival Internacional de Teatro de Pasto se ha constituido en uno de los m\u00e1s importantes festivales del mapa Teatral Colombiano y Latinoamericano. Ha brindado a la comunidad de Pasto y Nari\u00f1o la posibilidad de integrarse a procesos art\u00edsticos, con una visi\u00f3n de identidad propia, de pluralidad e intercambio cultural. La Direcci\u00f3n Administrativa de Cultura de Nari\u00f1o invita a presenciar de una gran diversidad de espect\u00e1culos para todos los p\u00fablicos en diferentes formatos y modalidades, se han ocupado salas, auditorios, parques y espacios no convencionales para el teatro, se brindar\u00e1 la posibilidad de compartir saberes mediante talleres con los maestros invitados y al mismo tiempo, contribuir a la cualificaci\u00f3n del sector teatral local. El presente a\u00f1o nos complace ofrecer a la comunidad con todo cari\u00f1o y afecto una nueva sala, un espacio para celebrar una vez m\u00e1s el gran encuentro alrededor de las artes esc\u00e9nicas; la Fundaci\u00f3n Aleph; Teatro que celebra 19 a\u00f1os de Festival.<\/p>\n<p style=\"text-align: justify;\">&nbsp;<\/p>\n<p style=\"text-align: justify;\">Acomp\u00e1\u00f1enos a partir del lunes 17, al s\u00e1bado 22 de agosto de 2015, seamos part\u00edcipes y espectadores de grandiosas obras de teatro nacionales e internacionales.<\/p>\n<p style=\"text-align: justify;\">&nbsp;<\/p>\n<p><img decoding=\"async\" class=\" size-full wp-image-9158\" src=\"https:\/\/pagina10.com\/web\/wp-content\/uploads\/2014\/07\/Programaci%C3%B3n.jpg\" alt=\"Programaci\u00f3n\" width=\"731\" height=\"565\" style=\"display: block; margin-left: auto; margin-right: auto;\" \/><\/p>\n","protected":false},"excerpt":{"rendered":"<p>Durante 19 a\u00f1os consecutivos el Festival Internacional de Teatro de Pasto se ha constituido en uno de los m\u00e1s importantes festivales del mapa Teatral Colombiano y Latinoamericano. Ha brindado a la comunidad de Pasto y Nari\u00f1o la posibilidad de integrarse a procesos art\u00edsticos, con una visi\u00f3n de identidad propia, de pluralidad e intercambio cultural. La [&hellip;]<\/p>\n","protected":false},"author":29,"featured_media":17248,"comment_status":"open","ping_status":"open","sticky":false,"template":"","format":"standard","meta":{"footnotes":""},"categories":[1],"tags":[],"class_list":["post-17249","post","type-post","status-publish","format-standard","has-post-thumbnail","hentry","category-sin-categoria"],"yoast_head":"<!-- This site is optimized with the Yoast SEO plugin v27.1.1 - https:\/\/yoast.com\/product\/yoast-seo-wordpress\/ -->\n<title>Festival Internacional de Teatro de Pasto- Programaci\u00f3n | P\u00e1gina10<\/title>\n<meta name=\"robots\" content=\"index, follow, max-snippet:-1, max-image-preview:large, max-video-preview:-1\" \/>\n<link rel=\"canonical\" href=\"https:\/\/pagina10.com\/web\/festival-internacional-de-teatro-de-pasto-programacion\/\" \/>\n<meta property=\"og:locale\" content=\"es_ES\" \/>\n<meta property=\"og:type\" content=\"article\" \/>\n<meta property=\"og:title\" content=\"Festival Internacional de Teatro de Pasto- Programaci\u00f3n | P\u00e1gina10\" \/>\n<meta property=\"og:description\" content=\"Durante 19 a\u00f1os consecutivos el Festival Internacional de Teatro de Pasto se ha constituido en uno de los m\u00e1s importantes festivales del mapa Teatral Colombiano y Latinoamericano. Ha brindado a la comunidad de Pasto y Nari\u00f1o la posibilidad de integrarse a procesos art\u00edsticos, con una visi\u00f3n de identidad propia, de pluralidad e intercambio cultural. La [&hellip;]\" \/>\n<meta property=\"og:url\" content=\"https:\/\/pagina10.com\/web\/festival-internacional-de-teatro-de-pasto-programacion\/\" \/>\n<meta property=\"og:site_name\" content=\"P\u00e1gina10\" \/>\n<meta property=\"article:publisher\" content=\"https:\/\/www.facebook.com\/pag10com\" \/>\n<meta property=\"article:published_time\" content=\"2015-08-14T03:28:28+00:00\" \/>\n<meta property=\"og:image\" content=\"https:\/\/pagina10.com\/web\/wp-content\/uploads\/2015\/08\/e30cf710e90c351ff73792fb505f304c.jpg\" \/>\n\t<meta property=\"og:image:width\" content=\"669\" \/>\n\t<meta property=\"og:image:height\" content=\"453\" \/>\n\t<meta property=\"og:image:type\" content=\"image\/jpeg\" \/>\n<meta name=\"author\" content=\"P\u00e1gina 10\" \/>\n<meta name=\"twitter:card\" content=\"summary_large_image\" \/>\n<meta name=\"twitter:creator\" content=\"@Pag10com\" \/>\n<meta name=\"twitter:site\" content=\"@Pag10com\" \/>\n<meta name=\"twitter:label1\" content=\"Escrito por\" \/>\n\t<meta name=\"twitter:data1\" content=\"P\u00e1gina 10\" \/>\n\t<meta name=\"twitter:label2\" content=\"Tiempo de lectura\" \/>\n\t<meta name=\"twitter:data2\" content=\"1 minuto\" \/>\n<script type=\"application\/ld+json\" class=\"yoast-schema-graph\">{\"@context\":\"https:\/\/schema.org\",\"@graph\":[{\"@type\":\"Article\",\"@id\":\"https:\/\/pagina10.com\/web\/festival-internacional-de-teatro-de-pasto-programacion\/#article\",\"isPartOf\":{\"@id\":\"https:\/\/pagina10.com\/web\/festival-internacional-de-teatro-de-pasto-programacion\/\"},\"author\":{\"name\":\"P\u00e1gina 10\",\"@id\":\"https:\/\/pagina10.com\/web\/#\/schema\/person\/a7a5d38f0629dfc107f619fbae4f6cc3\"},\"headline\":\"Festival Internacional de Teatro de Pasto- Programaci\u00f3n\",\"datePublished\":\"2015-08-14T03:28:28+00:00\",\"mainEntityOfPage\":{\"@id\":\"https:\/\/pagina10.com\/web\/festival-internacional-de-teatro-de-pasto-programacion\/\"},\"wordCount\":208,\"commentCount\":0,\"publisher\":{\"@id\":\"https:\/\/pagina10.com\/web\/#organization\"},\"image\":{\"@id\":\"https:\/\/pagina10.com\/web\/festival-internacional-de-teatro-de-pasto-programacion\/#primaryimage\"},\"thumbnailUrl\":\"https:\/\/pagina10.com\/web\/wp-content\/uploads\/2015\/08\/e30cf710e90c351ff73792fb505f304c.jpg\",\"inLanguage\":\"es\",\"potentialAction\":[{\"@type\":\"CommentAction\",\"name\":\"Comment\",\"target\":[\"https:\/\/pagina10.com\/web\/festival-internacional-de-teatro-de-pasto-programacion\/#respond\"]}]},{\"@type\":\"WebPage\",\"@id\":\"https:\/\/pagina10.com\/web\/festival-internacional-de-teatro-de-pasto-programacion\/\",\"url\":\"https:\/\/pagina10.com\/web\/festival-internacional-de-teatro-de-pasto-programacion\/\",\"name\":\"Festival Internacional de Teatro de Pasto- Programaci\u00f3n | P\u00e1gina10\",\"isPartOf\":{\"@id\":\"https:\/\/pagina10.com\/web\/#website\"},\"primaryImageOfPage\":{\"@id\":\"https:\/\/pagina10.com\/web\/festival-internacional-de-teatro-de-pasto-programacion\/#primaryimage\"},\"image\":{\"@id\":\"https:\/\/pagina10.com\/web\/festival-internacional-de-teatro-de-pasto-programacion\/#primaryimage\"},\"thumbnailUrl\":\"https:\/\/pagina10.com\/web\/wp-content\/uploads\/2015\/08\/e30cf710e90c351ff73792fb505f304c.jpg\",\"datePublished\":\"2015-08-14T03:28:28+00:00\",\"breadcrumb\":{\"@id\":\"https:\/\/pagina10.com\/web\/festival-internacional-de-teatro-de-pasto-programacion\/#breadcrumb\"},\"inLanguage\":\"es\",\"potentialAction\":[{\"@type\":\"ReadAction\",\"target\":[\"https:\/\/pagina10.com\/web\/festival-internacional-de-teatro-de-pasto-programacion\/\"]}]},{\"@type\":\"ImageObject\",\"inLanguage\":\"es\",\"@id\":\"https:\/\/pagina10.com\/web\/festival-internacional-de-teatro-de-pasto-programacion\/#primaryimage\",\"url\":\"https:\/\/pagina10.com\/web\/wp-content\/uploads\/2015\/08\/e30cf710e90c351ff73792fb505f304c.jpg\",\"contentUrl\":\"https:\/\/pagina10.com\/web\/wp-content\/uploads\/2015\/08\/e30cf710e90c351ff73792fb505f304c.jpg\",\"width\":669,\"height\":453},{\"@type\":\"BreadcrumbList\",\"@id\":\"https:\/\/pagina10.com\/web\/festival-internacional-de-teatro-de-pasto-programacion\/#breadcrumb\",\"itemListElement\":[{\"@type\":\"ListItem\",\"position\":1,\"name\":\"Portada\",\"item\":\"https:\/\/pagina10.com\/web\/\"},{\"@type\":\"ListItem\",\"position\":2,\"name\":\"Festival Internacional de Teatro de Pasto- Programaci\u00f3n\"}]},{\"@type\":\"WebSite\",\"@id\":\"https:\/\/pagina10.com\/web\/#website\",\"url\":\"https:\/\/pagina10.com\/web\/\",\"name\":\"P\u00e1gina10\",\"description\":\"Peri\u00f3dico Regional\",\"publisher\":{\"@id\":\"https:\/\/pagina10.com\/web\/#organization\"},\"alternateName\":\"P\u00e1gina10 Peri\u00f3dico Regional\",\"potentialAction\":[{\"@type\":\"SearchAction\",\"target\":{\"@type\":\"EntryPoint\",\"urlTemplate\":\"https:\/\/pagina10.com\/web\/?s={search_term_string}\"},\"query-input\":{\"@type\":\"PropertyValueSpecification\",\"valueRequired\":true,\"valueName\":\"search_term_string\"}}],\"inLanguage\":\"es\"},{\"@type\":\"Organization\",\"@id\":\"https:\/\/pagina10.com\/web\/#organization\",\"name\":\"P\u00e1gina10\",\"alternateName\":\"P\u00e1gina10 Peri\u00f3dico Regional\",\"url\":\"https:\/\/pagina10.com\/web\/\",\"logo\":{\"@type\":\"ImageObject\",\"inLanguage\":\"es\",\"@id\":\"https:\/\/pagina10.com\/web\/#\/schema\/logo\/image\/\",\"url\":\"https:\/\/pagina10.com\/web\/wp-content\/uploads\/2024\/01\/40-pagina-10-periodico-regional-pasto.jpg\",\"contentUrl\":\"https:\/\/pagina10.com\/web\/wp-content\/uploads\/2024\/01\/40-pagina-10-periodico-regional-pasto.jpg\",\"width\":1280,\"height\":720,\"caption\":\"P\u00e1gina10\"},\"image\":{\"@id\":\"https:\/\/pagina10.com\/web\/#\/schema\/logo\/image\/\"},\"sameAs\":[\"https:\/\/www.facebook.com\/pag10com\",\"https:\/\/x.com\/Pag10com\",\"https:\/\/www.instagram.com\/pagina10col\/\",\"https:\/\/youtube.com\/channel\/pag10\",\"https:\/\/www.tiktok.com\/@p10col\"]},{\"@type\":\"Person\",\"@id\":\"https:\/\/pagina10.com\/web\/#\/schema\/person\/a7a5d38f0629dfc107f619fbae4f6cc3\",\"name\":\"P\u00e1gina 10\",\"description\":\"P\u00e1gina10.com es un peri\u00f3dico digital que nace en Colombia, en el departamento de Nari\u00f1o, con un enfoque global, fundamentado en cuatro pilares esenciales: la libertad, el pluralismo, la inclusi\u00f3n y la independencia. P\u00e1gina10.com hace referencia a Nari\u00f1o como el d\u00e9cimo departamento creado en Colombia, despu\u00e9s de un proceso pol\u00edtico liderado por actores y actrices regionales con el fin de obtener la independencia y autonom\u00eda de nuestros territorios. Con la creaci\u00f3n de P\u00e1gina10.com se pretende abrir un escenario para el dialogo, la reflexi\u00f3n y el debate que se extienda a otras geograf\u00edas de Am\u00e9rica Latina y del planeta, en una apuesta por transformar colectivamente los desaf\u00edos de un mundo contempor\u00e1neo, m\u00e1s all\u00e1 de las fronteras impuestas.\",\"url\":\"https:\/\/pagina10.com\/web\/author\/mcepeda\/\"}]}<\/script>\n<!-- \/ Yoast SEO plugin. -->","yoast_head_json":{"title":"Festival Internacional de Teatro de Pasto- Programaci\u00f3n | P\u00e1gina10","robots":{"index":"index","follow":"follow","max-snippet":"max-snippet:-1","max-image-preview":"max-image-preview:large","max-video-preview":"max-video-preview:-1"},"canonical":"https:\/\/pagina10.com\/web\/festival-internacional-de-teatro-de-pasto-programacion\/","og_locale":"es_ES","og_type":"article","og_title":"Festival Internacional de Teatro de Pasto- Programaci\u00f3n | P\u00e1gina10","og_description":"Durante 19 a\u00f1os consecutivos el Festival Internacional de Teatro de Pasto se ha constituido en uno de los m\u00e1s importantes festivales del mapa Teatral Colombiano y Latinoamericano. Ha brindado a la comunidad de Pasto y Nari\u00f1o la posibilidad de integrarse a procesos art\u00edsticos, con una visi\u00f3n de identidad propia, de pluralidad e intercambio cultural. La [&hellip;]","og_url":"https:\/\/pagina10.com\/web\/festival-internacional-de-teatro-de-pasto-programacion\/","og_site_name":"P\u00e1gina10","article_publisher":"https:\/\/www.facebook.com\/pag10com","article_published_time":"2015-08-14T03:28:28+00:00","og_image":[{"width":669,"height":453,"url":"https:\/\/pagina10.com\/web\/wp-content\/uploads\/2015\/08\/e30cf710e90c351ff73792fb505f304c.jpg","type":"image\/jpeg"}],"author":"P\u00e1gina 10","twitter_card":"summary_large_image","twitter_creator":"@Pag10com","twitter_site":"@Pag10com","twitter_misc":{"Escrito por":"P\u00e1gina 10","Tiempo de lectura":"1 minuto"},"schema":{"@context":"https:\/\/schema.org","@graph":[{"@type":"Article","@id":"https:\/\/pagina10.com\/web\/festival-internacional-de-teatro-de-pasto-programacion\/#article","isPartOf":{"@id":"https:\/\/pagina10.com\/web\/festival-internacional-de-teatro-de-pasto-programacion\/"},"author":{"name":"P\u00e1gina 10","@id":"https:\/\/pagina10.com\/web\/#\/schema\/person\/a7a5d38f0629dfc107f619fbae4f6cc3"},"headline":"Festival Internacional de Teatro de Pasto- Programaci\u00f3n","datePublished":"2015-08-14T03:28:28+00:00","mainEntityOfPage":{"@id":"https:\/\/pagina10.com\/web\/festival-internacional-de-teatro-de-pasto-programacion\/"},"wordCount":208,"commentCount":0,"publisher":{"@id":"https:\/\/pagina10.com\/web\/#organization"},"image":{"@id":"https:\/\/pagina10.com\/web\/festival-internacional-de-teatro-de-pasto-programacion\/#primaryimage"},"thumbnailUrl":"https:\/\/pagina10.com\/web\/wp-content\/uploads\/2015\/08\/e30cf710e90c351ff73792fb505f304c.jpg","inLanguage":"es","potentialAction":[{"@type":"CommentAction","name":"Comment","target":["https:\/\/pagina10.com\/web\/festival-internacional-de-teatro-de-pasto-programacion\/#respond"]}]},{"@type":"WebPage","@id":"https:\/\/pagina10.com\/web\/festival-internacional-de-teatro-de-pasto-programacion\/","url":"https:\/\/pagina10.com\/web\/festival-internacional-de-teatro-de-pasto-programacion\/","name":"Festival Internacional de Teatro de Pasto- Programaci\u00f3n | P\u00e1gina10","isPartOf":{"@id":"https:\/\/pagina10.com\/web\/#website"},"primaryImageOfPage":{"@id":"https:\/\/pagina10.com\/web\/festival-internacional-de-teatro-de-pasto-programacion\/#primaryimage"},"image":{"@id":"https:\/\/pagina10.com\/web\/festival-internacional-de-teatro-de-pasto-programacion\/#primaryimage"},"thumbnailUrl":"https:\/\/pagina10.com\/web\/wp-content\/uploads\/2015\/08\/e30cf710e90c351ff73792fb505f304c.jpg","datePublished":"2015-08-14T03:28:28+00:00","breadcrumb":{"@id":"https:\/\/pagina10.com\/web\/festival-internacional-de-teatro-de-pasto-programacion\/#breadcrumb"},"inLanguage":"es","potentialAction":[{"@type":"ReadAction","target":["https:\/\/pagina10.com\/web\/festival-internacional-de-teatro-de-pasto-programacion\/"]}]},{"@type":"ImageObject","inLanguage":"es","@id":"https:\/\/pagina10.com\/web\/festival-internacional-de-teatro-de-pasto-programacion\/#primaryimage","url":"https:\/\/pagina10.com\/web\/wp-content\/uploads\/2015\/08\/e30cf710e90c351ff73792fb505f304c.jpg","contentUrl":"https:\/\/pagina10.com\/web\/wp-content\/uploads\/2015\/08\/e30cf710e90c351ff73792fb505f304c.jpg","width":669,"height":453},{"@type":"BreadcrumbList","@id":"https:\/\/pagina10.com\/web\/festival-internacional-de-teatro-de-pasto-programacion\/#breadcrumb","itemListElement":[{"@type":"ListItem","position":1,"name":"Portada","item":"https:\/\/pagina10.com\/web\/"},{"@type":"ListItem","position":2,"name":"Festival Internacional de Teatro de Pasto- Programaci\u00f3n"}]},{"@type":"WebSite","@id":"https:\/\/pagina10.com\/web\/#website","url":"https:\/\/pagina10.com\/web\/","name":"P\u00e1gina10","description":"Peri\u00f3dico Regional","publisher":{"@id":"https:\/\/pagina10.com\/web\/#organization"},"alternateName":"P\u00e1gina10 Peri\u00f3dico Regional","potentialAction":[{"@type":"SearchAction","target":{"@type":"EntryPoint","urlTemplate":"https:\/\/pagina10.com\/web\/?s={search_term_string}"},"query-input":{"@type":"PropertyValueSpecification","valueRequired":true,"valueName":"search_term_string"}}],"inLanguage":"es"},{"@type":"Organization","@id":"https:\/\/pagina10.com\/web\/#organization","name":"P\u00e1gina10","alternateName":"P\u00e1gina10 Peri\u00f3dico Regional","url":"https:\/\/pagina10.com\/web\/","logo":{"@type":"ImageObject","inLanguage":"es","@id":"https:\/\/pagina10.com\/web\/#\/schema\/logo\/image\/","url":"https:\/\/pagina10.com\/web\/wp-content\/uploads\/2024\/01\/40-pagina-10-periodico-regional-pasto.jpg","contentUrl":"https:\/\/pagina10.com\/web\/wp-content\/uploads\/2024\/01\/40-pagina-10-periodico-regional-pasto.jpg","width":1280,"height":720,"caption":"P\u00e1gina10"},"image":{"@id":"https:\/\/pagina10.com\/web\/#\/schema\/logo\/image\/"},"sameAs":["https:\/\/www.facebook.com\/pag10com","https:\/\/x.com\/Pag10com","https:\/\/www.instagram.com\/pagina10col\/","https:\/\/youtube.com\/channel\/pag10","https:\/\/www.tiktok.com\/@p10col"]},{"@type":"Person","@id":"https:\/\/pagina10.com\/web\/#\/schema\/person\/a7a5d38f0629dfc107f619fbae4f6cc3","name":"P\u00e1gina 10","description":"P\u00e1gina10.com es un peri\u00f3dico digital que nace en Colombia, en el departamento de Nari\u00f1o, con un enfoque global, fundamentado en cuatro pilares esenciales: la libertad, el pluralismo, la inclusi\u00f3n y la independencia. P\u00e1gina10.com hace referencia a Nari\u00f1o como el d\u00e9cimo departamento creado en Colombia, despu\u00e9s de un proceso pol\u00edtico liderado por actores y actrices regionales con el fin de obtener la independencia y autonom\u00eda de nuestros territorios. Con la creaci\u00f3n de P\u00e1gina10.com se pretende abrir un escenario para el dialogo, la reflexi\u00f3n y el debate que se extienda a otras geograf\u00edas de Am\u00e9rica Latina y del planeta, en una apuesta por transformar colectivamente los desaf\u00edos de un mundo contempor\u00e1neo, m\u00e1s all\u00e1 de las fronteras impuestas.","url":"https:\/\/pagina10.com\/web\/author\/mcepeda\/"}]}},"_links":{"self":[{"href":"https:\/\/pagina10.com\/web\/wp-json\/wp\/v2\/posts\/17249","targetHints":{"allow":["GET"]}}],"collection":[{"href":"https:\/\/pagina10.com\/web\/wp-json\/wp\/v2\/posts"}],"about":[{"href":"https:\/\/pagina10.com\/web\/wp-json\/wp\/v2\/types\/post"}],"author":[{"embeddable":true,"href":"https:\/\/pagina10.com\/web\/wp-json\/wp\/v2\/users\/29"}],"replies":[{"embeddable":true,"href":"https:\/\/pagina10.com\/web\/wp-json\/wp\/v2\/comments?post=17249"}],"version-history":[{"count":0,"href":"https:\/\/pagina10.com\/web\/wp-json\/wp\/v2\/posts\/17249\/revisions"}],"wp:featuredmedia":[{"embeddable":true,"href":"https:\/\/pagina10.com\/web\/wp-json\/wp\/v2\/media\/17248"}],"wp:attachment":[{"href":"https:\/\/pagina10.com\/web\/wp-json\/wp\/v2\/media?parent=17249"}],"wp:term":[{"taxonomy":"category","embeddable":true,"href":"https:\/\/pagina10.com\/web\/wp-json\/wp\/v2\/categories?post=17249"},{"taxonomy":"post_tag","embeddable":true,"href":"https:\/\/pagina10.com\/web\/wp-json\/wp\/v2\/tags?post=17249"}],"curies":[{"name":"wp","href":"https:\/\/api.w.org\/{rel}","templated":true}]}}