{"id":17251,"date":"2015-08-14T03:39:15","date_gmt":"2015-08-14T03:39:15","guid":{"rendered":"https:\/\/pagina10.com\/web\/narino-invierte-recursos-de-contrato-plan-para-el-desarrollo-aeroportuario-de-la-region\/"},"modified":"2015-08-14T03:39:15","modified_gmt":"2015-08-14T03:39:15","slug":"narino-invierte-recursos-de-contrato-plan-para-el-desarrollo-aeroportuario-de-la-region","status":"publish","type":"post","link":"https:\/\/pagina10.com\/web\/narino-invierte-recursos-de-contrato-plan-para-el-desarrollo-aeroportuario-de-la-region\/","title":{"rendered":"Nari\u00f1o, invierte recursos de Contrato Plan para el desarrollo aeroportuario de la regi\u00f3n."},"content":{"rendered":"<p><img fetchpriority=\"high\" decoding=\"async\" class=\" size-full wp-image-17250\" src=\"https:\/\/pagina10.com\/web\/wp-content\/uploads\/2015\/08\/73a620c013adeeb268141f18d375061d.jpg\" alt=\"\" width=\"448\" height=\"310\" srcset=\"https:\/\/pagina10.com\/web\/wp-content\/uploads\/2015\/08\/73a620c013adeeb268141f18d375061d.jpg 448w, https:\/\/pagina10.com\/web\/wp-content\/uploads\/2015\/08\/73a620c013adeeb268141f18d375061d-300x208.jpg 300w\" sizes=\"(max-width: 448px) 100vw, 448px\" \/><\/p>\n<p style=\"text-align: justify;\">La modernizaci\u00f3n de aeropuertos y v\u00edas para lograr la competitividad y el desarrollo del departamento, son algunos de los proyectos prioritarios dentro del Contrato Plan de Nari\u00f1o, catalogado como uno de los mejores del pa\u00eds,<\/p>\n<p style=\"text-align: justify;\">Nilza Pantoja Gerente de Contrato Plan Nari\u00f1o inform\u00f3 que dentro de los proyectos priorizados para el departamento se tiene previsto el desarrollo de la infraestructura vial y aeroportuaria con el fin de apostarle a la competitividad. A trav\u00e9s de contrato Plan se tiene una inversi\u00f3n prevista durante el periodo 2012-2015 de $50 mil millones de pesos, por su parte la Aeron\u00e1utica Civil ha invertido hasta la fecha cerca de 40 mil millones de pesos en obras tendientes a mejorar la pista, desarrollar el plan de manejo ambiental y la terminaci\u00f3n de la plataforma y calle de rodaje del aeropuerto San Luis de Aldana que le sirve a Ipiales.<\/p>\n<div style=\"text-align: justify;\">\n<p>Propender por la optimizaci\u00f3n del transporte a\u00e9reo, la modernizaci\u00f3n de los aeropuertos de Pasto e Ipiales para que alcancen la categor\u00eda de internacionales teniendo en cuenta la condici\u00f3n de departamento fronterizo son proyectos clave para impulsar el desarrollo de Nari\u00f1o.<\/p>\n<p>El director nacional de Desarrollo Aeroportuario de la Aeron\u00e1utica Civil, Jorge Iv\u00e1n Salazar Giraldo en el marco de la socializaci\u00f3n de obras del aeropuerto Antonio Nari\u00f1o, inform\u00f3 que las obras se han adelantado en un 20% y para el caso del aeropuerto de Ipiales las obras en ejecuci\u00f3n se entregar\u00e1n en el mes de septiembre.<\/p>\n<p>Las nuevas obras de infraestructura aeroportuaria permitir\u00e1n mejorar los \u00edndices de conectividad y competitividad de la regi\u00f3n, especialmente a los usuarios que se movilizan por esta importante terminal a\u00e9rea del sur del pa\u00eds que durante el periodo de enero-junio de 2015 moviliz\u00f3 136 mil pasajeros.<\/p>\n<\/p><\/div>\n","protected":false},"excerpt":{"rendered":"<p>La modernizaci\u00f3n de aeropuertos y v\u00edas para lograr la competitividad y el desarrollo del departamento, son algunos de los proyectos prioritarios dentro del Contrato Plan de Nari\u00f1o, catalogado como uno de los mejores del pa\u00eds, Nilza Pantoja Gerente de Contrato Plan Nari\u00f1o inform\u00f3 que dentro de los proyectos priorizados para el departamento se tiene previsto [&hellip;]<\/p>\n","protected":false},"author":29,"featured_media":17250,"comment_status":"open","ping_status":"open","sticky":false,"template":"","format":"standard","meta":{"footnotes":""},"categories":[1],"tags":[],"class_list":["post-17251","post","type-post","status-publish","format-standard","has-post-thumbnail","hentry","category-sin-categoria"],"yoast_head":"<!-- This site is optimized with the Yoast SEO plugin v27.1.1 - https:\/\/yoast.com\/product\/yoast-seo-wordpress\/ -->\n<title>Nari\u00f1o, invierte recursos de Contrato Plan para el desarrollo aeroportuario de la regi\u00f3n. | P\u00e1gina10<\/title>\n<meta name=\"robots\" content=\"index, follow, max-snippet:-1, max-image-preview:large, max-video-preview:-1\" \/>\n<link rel=\"canonical\" href=\"https:\/\/pagina10.com\/web\/narino-invierte-recursos-de-contrato-plan-para-el-desarrollo-aeroportuario-de-la-region\/\" \/>\n<meta property=\"og:locale\" content=\"es_ES\" \/>\n<meta property=\"og:type\" content=\"article\" \/>\n<meta property=\"og:title\" content=\"Nari\u00f1o, invierte recursos de Contrato Plan para el desarrollo aeroportuario de la regi\u00f3n. | P\u00e1gina10\" \/>\n<meta property=\"og:description\" content=\"La modernizaci\u00f3n de aeropuertos y v\u00edas para lograr la competitividad y el desarrollo del departamento, son algunos de los proyectos prioritarios dentro del Contrato Plan de Nari\u00f1o, catalogado como uno de los mejores del pa\u00eds, Nilza Pantoja Gerente de Contrato Plan Nari\u00f1o inform\u00f3 que dentro de los proyectos priorizados para el departamento se tiene previsto [&hellip;]\" \/>\n<meta property=\"og:url\" content=\"https:\/\/pagina10.com\/web\/narino-invierte-recursos-de-contrato-plan-para-el-desarrollo-aeroportuario-de-la-region\/\" \/>\n<meta property=\"og:site_name\" content=\"P\u00e1gina10\" \/>\n<meta property=\"article:publisher\" content=\"https:\/\/www.facebook.com\/pag10com\" \/>\n<meta property=\"article:published_time\" content=\"2015-08-14T03:39:15+00:00\" \/>\n<meta property=\"og:image\" content=\"https:\/\/pagina10.com\/web\/wp-content\/uploads\/2015\/08\/73a620c013adeeb268141f18d375061d.jpg\" \/>\n\t<meta property=\"og:image:width\" content=\"448\" \/>\n\t<meta property=\"og:image:height\" content=\"310\" \/>\n\t<meta property=\"og:image:type\" content=\"image\/jpeg\" \/>\n<meta name=\"author\" content=\"P\u00e1gina 10\" \/>\n<meta name=\"twitter:card\" content=\"summary_large_image\" \/>\n<meta name=\"twitter:creator\" content=\"@Pag10com\" \/>\n<meta name=\"twitter:site\" content=\"@Pag10com\" \/>\n<meta name=\"twitter:label1\" content=\"Escrito por\" \/>\n\t<meta name=\"twitter:data1\" content=\"P\u00e1gina 10\" \/>\n\t<meta name=\"twitter:label2\" content=\"Tiempo de lectura\" \/>\n\t<meta name=\"twitter:data2\" content=\"2 minutos\" \/>\n<script type=\"application\/ld+json\" class=\"yoast-schema-graph\">{\"@context\":\"https:\/\/schema.org\",\"@graph\":[{\"@type\":\"Article\",\"@id\":\"https:\/\/pagina10.com\/web\/narino-invierte-recursos-de-contrato-plan-para-el-desarrollo-aeroportuario-de-la-region\/#article\",\"isPartOf\":{\"@id\":\"https:\/\/pagina10.com\/web\/narino-invierte-recursos-de-contrato-plan-para-el-desarrollo-aeroportuario-de-la-region\/\"},\"author\":{\"name\":\"P\u00e1gina 10\",\"@id\":\"https:\/\/pagina10.com\/web\/#\/schema\/person\/a7a5d38f0629dfc107f619fbae4f6cc3\"},\"headline\":\"Nari\u00f1o, invierte recursos de Contrato Plan para el desarrollo aeroportuario de la regi\u00f3n.\",\"datePublished\":\"2015-08-14T03:39:15+00:00\",\"mainEntityOfPage\":{\"@id\":\"https:\/\/pagina10.com\/web\/narino-invierte-recursos-de-contrato-plan-para-el-desarrollo-aeroportuario-de-la-region\/\"},\"wordCount\":318,\"commentCount\":0,\"publisher\":{\"@id\":\"https:\/\/pagina10.com\/web\/#organization\"},\"image\":{\"@id\":\"https:\/\/pagina10.com\/web\/narino-invierte-recursos-de-contrato-plan-para-el-desarrollo-aeroportuario-de-la-region\/#primaryimage\"},\"thumbnailUrl\":\"https:\/\/pagina10.com\/web\/wp-content\/uploads\/2015\/08\/73a620c013adeeb268141f18d375061d.jpg\",\"inLanguage\":\"es\",\"potentialAction\":[{\"@type\":\"CommentAction\",\"name\":\"Comment\",\"target\":[\"https:\/\/pagina10.com\/web\/narino-invierte-recursos-de-contrato-plan-para-el-desarrollo-aeroportuario-de-la-region\/#respond\"]}]},{\"@type\":\"WebPage\",\"@id\":\"https:\/\/pagina10.com\/web\/narino-invierte-recursos-de-contrato-plan-para-el-desarrollo-aeroportuario-de-la-region\/\",\"url\":\"https:\/\/pagina10.com\/web\/narino-invierte-recursos-de-contrato-plan-para-el-desarrollo-aeroportuario-de-la-region\/\",\"name\":\"Nari\u00f1o, invierte recursos de Contrato Plan para el desarrollo aeroportuario de la regi\u00f3n. | P\u00e1gina10\",\"isPartOf\":{\"@id\":\"https:\/\/pagina10.com\/web\/#website\"},\"primaryImageOfPage\":{\"@id\":\"https:\/\/pagina10.com\/web\/narino-invierte-recursos-de-contrato-plan-para-el-desarrollo-aeroportuario-de-la-region\/#primaryimage\"},\"image\":{\"@id\":\"https:\/\/pagina10.com\/web\/narino-invierte-recursos-de-contrato-plan-para-el-desarrollo-aeroportuario-de-la-region\/#primaryimage\"},\"thumbnailUrl\":\"https:\/\/pagina10.com\/web\/wp-content\/uploads\/2015\/08\/73a620c013adeeb268141f18d375061d.jpg\",\"datePublished\":\"2015-08-14T03:39:15+00:00\",\"breadcrumb\":{\"@id\":\"https:\/\/pagina10.com\/web\/narino-invierte-recursos-de-contrato-plan-para-el-desarrollo-aeroportuario-de-la-region\/#breadcrumb\"},\"inLanguage\":\"es\",\"potentialAction\":[{\"@type\":\"ReadAction\",\"target\":[\"https:\/\/pagina10.com\/web\/narino-invierte-recursos-de-contrato-plan-para-el-desarrollo-aeroportuario-de-la-region\/\"]}]},{\"@type\":\"ImageObject\",\"inLanguage\":\"es\",\"@id\":\"https:\/\/pagina10.com\/web\/narino-invierte-recursos-de-contrato-plan-para-el-desarrollo-aeroportuario-de-la-region\/#primaryimage\",\"url\":\"https:\/\/pagina10.com\/web\/wp-content\/uploads\/2015\/08\/73a620c013adeeb268141f18d375061d.jpg\",\"contentUrl\":\"https:\/\/pagina10.com\/web\/wp-content\/uploads\/2015\/08\/73a620c013adeeb268141f18d375061d.jpg\",\"width\":448,\"height\":310},{\"@type\":\"BreadcrumbList\",\"@id\":\"https:\/\/pagina10.com\/web\/narino-invierte-recursos-de-contrato-plan-para-el-desarrollo-aeroportuario-de-la-region\/#breadcrumb\",\"itemListElement\":[{\"@type\":\"ListItem\",\"position\":1,\"name\":\"Portada\",\"item\":\"https:\/\/pagina10.com\/web\/\"},{\"@type\":\"ListItem\",\"position\":2,\"name\":\"Nari\u00f1o, invierte recursos de Contrato Plan para el desarrollo aeroportuario de la regi\u00f3n.\"}]},{\"@type\":\"WebSite\",\"@id\":\"https:\/\/pagina10.com\/web\/#website\",\"url\":\"https:\/\/pagina10.com\/web\/\",\"name\":\"P\u00e1gina10\",\"description\":\"Peri\u00f3dico Regional\",\"publisher\":{\"@id\":\"https:\/\/pagina10.com\/web\/#organization\"},\"alternateName\":\"P\u00e1gina10 Peri\u00f3dico Regional\",\"potentialAction\":[{\"@type\":\"SearchAction\",\"target\":{\"@type\":\"EntryPoint\",\"urlTemplate\":\"https:\/\/pagina10.com\/web\/?s={search_term_string}\"},\"query-input\":{\"@type\":\"PropertyValueSpecification\",\"valueRequired\":true,\"valueName\":\"search_term_string\"}}],\"inLanguage\":\"es\"},{\"@type\":\"Organization\",\"@id\":\"https:\/\/pagina10.com\/web\/#organization\",\"name\":\"P\u00e1gina10\",\"alternateName\":\"P\u00e1gina10 Peri\u00f3dico Regional\",\"url\":\"https:\/\/pagina10.com\/web\/\",\"logo\":{\"@type\":\"ImageObject\",\"inLanguage\":\"es\",\"@id\":\"https:\/\/pagina10.com\/web\/#\/schema\/logo\/image\/\",\"url\":\"https:\/\/pagina10.com\/web\/wp-content\/uploads\/2024\/01\/40-pagina-10-periodico-regional-pasto.jpg\",\"contentUrl\":\"https:\/\/pagina10.com\/web\/wp-content\/uploads\/2024\/01\/40-pagina-10-periodico-regional-pasto.jpg\",\"width\":1280,\"height\":720,\"caption\":\"P\u00e1gina10\"},\"image\":{\"@id\":\"https:\/\/pagina10.com\/web\/#\/schema\/logo\/image\/\"},\"sameAs\":[\"https:\/\/www.facebook.com\/pag10com\",\"https:\/\/x.com\/Pag10com\",\"https:\/\/www.instagram.com\/pagina10col\/\",\"https:\/\/youtube.com\/channel\/pag10\",\"https:\/\/www.tiktok.com\/@p10col\"]},{\"@type\":\"Person\",\"@id\":\"https:\/\/pagina10.com\/web\/#\/schema\/person\/a7a5d38f0629dfc107f619fbae4f6cc3\",\"name\":\"P\u00e1gina 10\",\"description\":\"P\u00e1gina10.com es un peri\u00f3dico digital que nace en Colombia, en el departamento de Nari\u00f1o, con un enfoque global, fundamentado en cuatro pilares esenciales: la libertad, el pluralismo, la inclusi\u00f3n y la independencia. P\u00e1gina10.com hace referencia a Nari\u00f1o como el d\u00e9cimo departamento creado en Colombia, despu\u00e9s de un proceso pol\u00edtico liderado por actores y actrices regionales con el fin de obtener la independencia y autonom\u00eda de nuestros territorios. Con la creaci\u00f3n de P\u00e1gina10.com se pretende abrir un escenario para el dialogo, la reflexi\u00f3n y el debate que se extienda a otras geograf\u00edas de Am\u00e9rica Latina y del planeta, en una apuesta por transformar colectivamente los desaf\u00edos de un mundo contempor\u00e1neo, m\u00e1s all\u00e1 de las fronteras impuestas.\",\"url\":\"https:\/\/pagina10.com\/web\/author\/mcepeda\/\"}]}<\/script>\n<!-- \/ Yoast SEO plugin. -->","yoast_head_json":{"title":"Nari\u00f1o, invierte recursos de Contrato Plan para el desarrollo aeroportuario de la regi\u00f3n. | P\u00e1gina10","robots":{"index":"index","follow":"follow","max-snippet":"max-snippet:-1","max-image-preview":"max-image-preview:large","max-video-preview":"max-video-preview:-1"},"canonical":"https:\/\/pagina10.com\/web\/narino-invierte-recursos-de-contrato-plan-para-el-desarrollo-aeroportuario-de-la-region\/","og_locale":"es_ES","og_type":"article","og_title":"Nari\u00f1o, invierte recursos de Contrato Plan para el desarrollo aeroportuario de la regi\u00f3n. | P\u00e1gina10","og_description":"La modernizaci\u00f3n de aeropuertos y v\u00edas para lograr la competitividad y el desarrollo del departamento, son algunos de los proyectos prioritarios dentro del Contrato Plan de Nari\u00f1o, catalogado como uno de los mejores del pa\u00eds, Nilza Pantoja Gerente de Contrato Plan Nari\u00f1o inform\u00f3 que dentro de los proyectos priorizados para el departamento se tiene previsto [&hellip;]","og_url":"https:\/\/pagina10.com\/web\/narino-invierte-recursos-de-contrato-plan-para-el-desarrollo-aeroportuario-de-la-region\/","og_site_name":"P\u00e1gina10","article_publisher":"https:\/\/www.facebook.com\/pag10com","article_published_time":"2015-08-14T03:39:15+00:00","og_image":[{"width":448,"height":310,"url":"https:\/\/pagina10.com\/web\/wp-content\/uploads\/2015\/08\/73a620c013adeeb268141f18d375061d.jpg","type":"image\/jpeg"}],"author":"P\u00e1gina 10","twitter_card":"summary_large_image","twitter_creator":"@Pag10com","twitter_site":"@Pag10com","twitter_misc":{"Escrito por":"P\u00e1gina 10","Tiempo de lectura":"2 minutos"},"schema":{"@context":"https:\/\/schema.org","@graph":[{"@type":"Article","@id":"https:\/\/pagina10.com\/web\/narino-invierte-recursos-de-contrato-plan-para-el-desarrollo-aeroportuario-de-la-region\/#article","isPartOf":{"@id":"https:\/\/pagina10.com\/web\/narino-invierte-recursos-de-contrato-plan-para-el-desarrollo-aeroportuario-de-la-region\/"},"author":{"name":"P\u00e1gina 10","@id":"https:\/\/pagina10.com\/web\/#\/schema\/person\/a7a5d38f0629dfc107f619fbae4f6cc3"},"headline":"Nari\u00f1o, invierte recursos de Contrato Plan para el desarrollo aeroportuario de la regi\u00f3n.","datePublished":"2015-08-14T03:39:15+00:00","mainEntityOfPage":{"@id":"https:\/\/pagina10.com\/web\/narino-invierte-recursos-de-contrato-plan-para-el-desarrollo-aeroportuario-de-la-region\/"},"wordCount":318,"commentCount":0,"publisher":{"@id":"https:\/\/pagina10.com\/web\/#organization"},"image":{"@id":"https:\/\/pagina10.com\/web\/narino-invierte-recursos-de-contrato-plan-para-el-desarrollo-aeroportuario-de-la-region\/#primaryimage"},"thumbnailUrl":"https:\/\/pagina10.com\/web\/wp-content\/uploads\/2015\/08\/73a620c013adeeb268141f18d375061d.jpg","inLanguage":"es","potentialAction":[{"@type":"CommentAction","name":"Comment","target":["https:\/\/pagina10.com\/web\/narino-invierte-recursos-de-contrato-plan-para-el-desarrollo-aeroportuario-de-la-region\/#respond"]}]},{"@type":"WebPage","@id":"https:\/\/pagina10.com\/web\/narino-invierte-recursos-de-contrato-plan-para-el-desarrollo-aeroportuario-de-la-region\/","url":"https:\/\/pagina10.com\/web\/narino-invierte-recursos-de-contrato-plan-para-el-desarrollo-aeroportuario-de-la-region\/","name":"Nari\u00f1o, invierte recursos de Contrato Plan para el desarrollo aeroportuario de la regi\u00f3n. | P\u00e1gina10","isPartOf":{"@id":"https:\/\/pagina10.com\/web\/#website"},"primaryImageOfPage":{"@id":"https:\/\/pagina10.com\/web\/narino-invierte-recursos-de-contrato-plan-para-el-desarrollo-aeroportuario-de-la-region\/#primaryimage"},"image":{"@id":"https:\/\/pagina10.com\/web\/narino-invierte-recursos-de-contrato-plan-para-el-desarrollo-aeroportuario-de-la-region\/#primaryimage"},"thumbnailUrl":"https:\/\/pagina10.com\/web\/wp-content\/uploads\/2015\/08\/73a620c013adeeb268141f18d375061d.jpg","datePublished":"2015-08-14T03:39:15+00:00","breadcrumb":{"@id":"https:\/\/pagina10.com\/web\/narino-invierte-recursos-de-contrato-plan-para-el-desarrollo-aeroportuario-de-la-region\/#breadcrumb"},"inLanguage":"es","potentialAction":[{"@type":"ReadAction","target":["https:\/\/pagina10.com\/web\/narino-invierte-recursos-de-contrato-plan-para-el-desarrollo-aeroportuario-de-la-region\/"]}]},{"@type":"ImageObject","inLanguage":"es","@id":"https:\/\/pagina10.com\/web\/narino-invierte-recursos-de-contrato-plan-para-el-desarrollo-aeroportuario-de-la-region\/#primaryimage","url":"https:\/\/pagina10.com\/web\/wp-content\/uploads\/2015\/08\/73a620c013adeeb268141f18d375061d.jpg","contentUrl":"https:\/\/pagina10.com\/web\/wp-content\/uploads\/2015\/08\/73a620c013adeeb268141f18d375061d.jpg","width":448,"height":310},{"@type":"BreadcrumbList","@id":"https:\/\/pagina10.com\/web\/narino-invierte-recursos-de-contrato-plan-para-el-desarrollo-aeroportuario-de-la-region\/#breadcrumb","itemListElement":[{"@type":"ListItem","position":1,"name":"Portada","item":"https:\/\/pagina10.com\/web\/"},{"@type":"ListItem","position":2,"name":"Nari\u00f1o, invierte recursos de Contrato Plan para el desarrollo aeroportuario de la regi\u00f3n."}]},{"@type":"WebSite","@id":"https:\/\/pagina10.com\/web\/#website","url":"https:\/\/pagina10.com\/web\/","name":"P\u00e1gina10","description":"Peri\u00f3dico Regional","publisher":{"@id":"https:\/\/pagina10.com\/web\/#organization"},"alternateName":"P\u00e1gina10 Peri\u00f3dico Regional","potentialAction":[{"@type":"SearchAction","target":{"@type":"EntryPoint","urlTemplate":"https:\/\/pagina10.com\/web\/?s={search_term_string}"},"query-input":{"@type":"PropertyValueSpecification","valueRequired":true,"valueName":"search_term_string"}}],"inLanguage":"es"},{"@type":"Organization","@id":"https:\/\/pagina10.com\/web\/#organization","name":"P\u00e1gina10","alternateName":"P\u00e1gina10 Peri\u00f3dico Regional","url":"https:\/\/pagina10.com\/web\/","logo":{"@type":"ImageObject","inLanguage":"es","@id":"https:\/\/pagina10.com\/web\/#\/schema\/logo\/image\/","url":"https:\/\/pagina10.com\/web\/wp-content\/uploads\/2024\/01\/40-pagina-10-periodico-regional-pasto.jpg","contentUrl":"https:\/\/pagina10.com\/web\/wp-content\/uploads\/2024\/01\/40-pagina-10-periodico-regional-pasto.jpg","width":1280,"height":720,"caption":"P\u00e1gina10"},"image":{"@id":"https:\/\/pagina10.com\/web\/#\/schema\/logo\/image\/"},"sameAs":["https:\/\/www.facebook.com\/pag10com","https:\/\/x.com\/Pag10com","https:\/\/www.instagram.com\/pagina10col\/","https:\/\/youtube.com\/channel\/pag10","https:\/\/www.tiktok.com\/@p10col"]},{"@type":"Person","@id":"https:\/\/pagina10.com\/web\/#\/schema\/person\/a7a5d38f0629dfc107f619fbae4f6cc3","name":"P\u00e1gina 10","description":"P\u00e1gina10.com es un peri\u00f3dico digital que nace en Colombia, en el departamento de Nari\u00f1o, con un enfoque global, fundamentado en cuatro pilares esenciales: la libertad, el pluralismo, la inclusi\u00f3n y la independencia. P\u00e1gina10.com hace referencia a Nari\u00f1o como el d\u00e9cimo departamento creado en Colombia, despu\u00e9s de un proceso pol\u00edtico liderado por actores y actrices regionales con el fin de obtener la independencia y autonom\u00eda de nuestros territorios. Con la creaci\u00f3n de P\u00e1gina10.com se pretende abrir un escenario para el dialogo, la reflexi\u00f3n y el debate que se extienda a otras geograf\u00edas de Am\u00e9rica Latina y del planeta, en una apuesta por transformar colectivamente los desaf\u00edos de un mundo contempor\u00e1neo, m\u00e1s all\u00e1 de las fronteras impuestas.","url":"https:\/\/pagina10.com\/web\/author\/mcepeda\/"}]}},"_links":{"self":[{"href":"https:\/\/pagina10.com\/web\/wp-json\/wp\/v2\/posts\/17251","targetHints":{"allow":["GET"]}}],"collection":[{"href":"https:\/\/pagina10.com\/web\/wp-json\/wp\/v2\/posts"}],"about":[{"href":"https:\/\/pagina10.com\/web\/wp-json\/wp\/v2\/types\/post"}],"author":[{"embeddable":true,"href":"https:\/\/pagina10.com\/web\/wp-json\/wp\/v2\/users\/29"}],"replies":[{"embeddable":true,"href":"https:\/\/pagina10.com\/web\/wp-json\/wp\/v2\/comments?post=17251"}],"version-history":[{"count":0,"href":"https:\/\/pagina10.com\/web\/wp-json\/wp\/v2\/posts\/17251\/revisions"}],"wp:featuredmedia":[{"embeddable":true,"href":"https:\/\/pagina10.com\/web\/wp-json\/wp\/v2\/media\/17250"}],"wp:attachment":[{"href":"https:\/\/pagina10.com\/web\/wp-json\/wp\/v2\/media?parent=17251"}],"wp:term":[{"taxonomy":"category","embeddable":true,"href":"https:\/\/pagina10.com\/web\/wp-json\/wp\/v2\/categories?post=17251"},{"taxonomy":"post_tag","embeddable":true,"href":"https:\/\/pagina10.com\/web\/wp-json\/wp\/v2\/tags?post=17251"}],"curies":[{"name":"wp","href":"https:\/\/api.w.org\/{rel}","templated":true}]}}