{"id":17257,"date":"2015-08-14T18:54:28","date_gmt":"2015-08-14T18:54:28","guid":{"rendered":"https:\/\/pagina10.com\/web\/alberto-quijano-vodniza-es-invitado-como-conferencista-al-planetario-de-bogota\/"},"modified":"2015-08-14T18:54:28","modified_gmt":"2015-08-14T18:54:28","slug":"alberto-quijano-vodniza-es-invitado-como-conferencista-al-planetario-de-bogota","status":"publish","type":"post","link":"https:\/\/pagina10.com\/web\/alberto-quijano-vodniza-es-invitado-como-conferencista-al-planetario-de-bogota\/","title":{"rendered":"Alberto Quijano Vodniza es invitado como  Conferencista al Planetario de Bogot\u00e1"},"content":{"rendered":"<p><img fetchpriority=\"high\" decoding=\"async\" class=\" size-full wp-image-17256\" src=\"https:\/\/pagina10.com\/web\/wp-content\/uploads\/2015\/08\/ec86da4589e2677d808c51e573ce672b.jpg\" alt=\"\" width=\"600\" height=\"419\" srcset=\"https:\/\/pagina10.com\/web\/wp-content\/uploads\/2015\/08\/ec86da4589e2677d808c51e573ce672b.jpg 600w, https:\/\/pagina10.com\/web\/wp-content\/uploads\/2015\/08\/ec86da4589e2677d808c51e573ce672b-300x210.jpg 300w\" sizes=\"(max-width: 600px) 100vw, 600px\" \/><\/p>\n<p style=\"text-align: justify;\">El Director del Observatorio Astron\u00f3mico de la Universidad de Nari\u00f1o fue invitado como Conferencista para participar en el \u201cXVI Encuentro de la Red de Astronom\u00eda de Colombia-RAC\u201d, en las instalaciones del Planetario de Bogot\u00e1 que se realizar\u00e1 entre el 14 y el 17 de Agosto de 2015. Este encuentro es organizado por el Instituto Distrital de las Artes, IDARTES, el Planetario de Bogot\u00e1, observatorios astron\u00f3micos, universidades y grupos de la ciudad de Bogot\u00e1.<\/p>\n<p style=\"text-align: justify;\">&nbsp;<\/p>\n<p style=\"text-align: justify;\">La conferencia se llevar\u00e1 a cabo el d\u00eda s\u00e1bado 15 de agosto en horas de la tarde y lleva por t\u00edtulo: \u201c\u00daltimos trabajos de investigaci\u00f3n acerca de asteroides y cometas realizados en el Observatorio Astron\u00f3mico de la Universidad de Nari\u00f1o\u201d<\/p>\n<p style=\"text-align: justify;\">&nbsp;<\/p>\n<p style=\"text-align: justify;\">La Red de Astronom\u00eda de Colombia, RAC, re\u00fane a observatorios, planetarios, centros de ciencias, universidades, entidades educativas y otras vinculadas a la astronom\u00eda, la astron\u00e1utica y las ciencias&nbsp; del espacio y afines que realizan actividades&nbsp; de investigaci\u00f3n y eventos de divulgaci\u00f3n y difusi\u00f3n de la Astronom\u00eda.<\/p>\n<p style=\"text-align: justify;\">&nbsp;<\/p>\n<p style=\"text-align: justify;\">Igualmente, teniendo en cuenta el proyecto del Planetario que se piensa construir en Pasto, se tiene programada para Alberto Quijano Vodniza, visita y charlas t\u00e9cnicas con la Gerente del Planetario de Bogot\u00e1, Dra. Nathalia Rippe.&nbsp;<\/p>\n<p style=\"text-align: justify;\">&nbsp;<\/p>\n<p style=\"text-align: justify;\">&nbsp;<\/p>\n<p style=\"text-align: justify;\">&nbsp;<\/p>\n<p style=\"text-align: justify;\">&nbsp;<\/p>\n<p style=\"text-align: justify;\">Mayor informaci\u00f3n:<\/p>\n<p style=\"text-align: justify;\">Alberto Quijano Vodniza<\/p>\n<p style=\"text-align: justify;\">Master in Physics &#8211; University of Puerto Rico<\/p>\n<p style=\"text-align: justify;\">Director of &#8220;University of Narino Observatory&#8221;<\/p>\n<p style=\"text-align: justify;\">Member of the &#8220;American Astronomical Society&#8221;<\/p>\n<p style=\"text-align: justify;\">Pasto, Nari\u00f1o. COLOMBIA<\/p>\n<p style=\"text-align: justify;\">Cel. 315-5167252<\/p>\n","protected":false},"excerpt":{"rendered":"<p>El Director del Observatorio Astron\u00f3mico de la Universidad de Nari\u00f1o fue invitado como Conferencista para participar en el \u201cXVI Encuentro de la Red de Astronom\u00eda de Colombia-RAC\u201d, en las instalaciones del Planetario de Bogot\u00e1 que se realizar\u00e1 entre el 14 y el 17 de Agosto de 2015. Este encuentro es organizado por el Instituto Distrital [&hellip;]<\/p>\n","protected":false},"author":29,"featured_media":17256,"comment_status":"open","ping_status":"open","sticky":false,"template":"","format":"standard","meta":{"footnotes":""},"categories":[1],"tags":[],"class_list":["post-17257","post","type-post","status-publish","format-standard","has-post-thumbnail","hentry","category-sin-categoria"],"yoast_head":"<!-- This site is optimized with the Yoast SEO plugin v27.1.1 - https:\/\/yoast.com\/product\/yoast-seo-wordpress\/ -->\n<title>Alberto Quijano Vodniza es invitado como Conferencista al Planetario de Bogot\u00e1 | P\u00e1gina10<\/title>\n<meta name=\"robots\" content=\"index, follow, max-snippet:-1, max-image-preview:large, max-video-preview:-1\" \/>\n<link rel=\"canonical\" href=\"https:\/\/pagina10.com\/web\/alberto-quijano-vodniza-es-invitado-como-conferencista-al-planetario-de-bogota\/\" \/>\n<meta property=\"og:locale\" content=\"es_ES\" \/>\n<meta property=\"og:type\" content=\"article\" \/>\n<meta property=\"og:title\" content=\"Alberto Quijano Vodniza es invitado como Conferencista al Planetario de Bogot\u00e1 | P\u00e1gina10\" \/>\n<meta property=\"og:description\" content=\"El Director del Observatorio Astron\u00f3mico de la Universidad de Nari\u00f1o fue invitado como Conferencista para participar en el \u201cXVI Encuentro de la Red de Astronom\u00eda de Colombia-RAC\u201d, en las instalaciones del Planetario de Bogot\u00e1 que se realizar\u00e1 entre el 14 y el 17 de Agosto de 2015. Este encuentro es organizado por el Instituto Distrital [&hellip;]\" \/>\n<meta property=\"og:url\" content=\"https:\/\/pagina10.com\/web\/alberto-quijano-vodniza-es-invitado-como-conferencista-al-planetario-de-bogota\/\" \/>\n<meta property=\"og:site_name\" content=\"P\u00e1gina10\" \/>\n<meta property=\"article:publisher\" content=\"https:\/\/www.facebook.com\/pag10com\" \/>\n<meta property=\"article:published_time\" content=\"2015-08-14T18:54:28+00:00\" \/>\n<meta property=\"og:image\" content=\"https:\/\/pagina10.com\/web\/wp-content\/uploads\/2015\/08\/ec86da4589e2677d808c51e573ce672b.jpg\" \/>\n\t<meta property=\"og:image:width\" content=\"600\" \/>\n\t<meta property=\"og:image:height\" content=\"419\" \/>\n\t<meta property=\"og:image:type\" content=\"image\/jpeg\" \/>\n<meta name=\"author\" content=\"P\u00e1gina 10\" \/>\n<meta name=\"twitter:card\" content=\"summary_large_image\" \/>\n<meta name=\"twitter:creator\" content=\"@Pag10com\" \/>\n<meta name=\"twitter:site\" content=\"@Pag10com\" \/>\n<meta name=\"twitter:label1\" content=\"Escrito por\" \/>\n\t<meta name=\"twitter:data1\" content=\"P\u00e1gina 10\" \/>\n\t<meta name=\"twitter:label2\" content=\"Tiempo de lectura\" \/>\n\t<meta name=\"twitter:data2\" content=\"1 minuto\" \/>\n<script type=\"application\/ld+json\" class=\"yoast-schema-graph\">{\"@context\":\"https:\/\/schema.org\",\"@graph\":[{\"@type\":\"Article\",\"@id\":\"https:\/\/pagina10.com\/web\/alberto-quijano-vodniza-es-invitado-como-conferencista-al-planetario-de-bogota\/#article\",\"isPartOf\":{\"@id\":\"https:\/\/pagina10.com\/web\/alberto-quijano-vodniza-es-invitado-como-conferencista-al-planetario-de-bogota\/\"},\"author\":{\"name\":\"P\u00e1gina 10\",\"@id\":\"https:\/\/pagina10.com\/web\/#\/schema\/person\/a7a5d38f0629dfc107f619fbae4f6cc3\"},\"headline\":\"Alberto Quijano Vodniza es invitado como Conferencista al Planetario de Bogot\u00e1\",\"datePublished\":\"2015-08-14T18:54:28+00:00\",\"mainEntityOfPage\":{\"@id\":\"https:\/\/pagina10.com\/web\/alberto-quijano-vodniza-es-invitado-como-conferencista-al-planetario-de-bogota\/\"},\"wordCount\":262,\"commentCount\":0,\"publisher\":{\"@id\":\"https:\/\/pagina10.com\/web\/#organization\"},\"image\":{\"@id\":\"https:\/\/pagina10.com\/web\/alberto-quijano-vodniza-es-invitado-como-conferencista-al-planetario-de-bogota\/#primaryimage\"},\"thumbnailUrl\":\"https:\/\/pagina10.com\/web\/wp-content\/uploads\/2015\/08\/ec86da4589e2677d808c51e573ce672b.jpg\",\"inLanguage\":\"es\",\"potentialAction\":[{\"@type\":\"CommentAction\",\"name\":\"Comment\",\"target\":[\"https:\/\/pagina10.com\/web\/alberto-quijano-vodniza-es-invitado-como-conferencista-al-planetario-de-bogota\/#respond\"]}]},{\"@type\":\"WebPage\",\"@id\":\"https:\/\/pagina10.com\/web\/alberto-quijano-vodniza-es-invitado-como-conferencista-al-planetario-de-bogota\/\",\"url\":\"https:\/\/pagina10.com\/web\/alberto-quijano-vodniza-es-invitado-como-conferencista-al-planetario-de-bogota\/\",\"name\":\"Alberto Quijano Vodniza es invitado como Conferencista al Planetario de Bogot\u00e1 | P\u00e1gina10\",\"isPartOf\":{\"@id\":\"https:\/\/pagina10.com\/web\/#website\"},\"primaryImageOfPage\":{\"@id\":\"https:\/\/pagina10.com\/web\/alberto-quijano-vodniza-es-invitado-como-conferencista-al-planetario-de-bogota\/#primaryimage\"},\"image\":{\"@id\":\"https:\/\/pagina10.com\/web\/alberto-quijano-vodniza-es-invitado-como-conferencista-al-planetario-de-bogota\/#primaryimage\"},\"thumbnailUrl\":\"https:\/\/pagina10.com\/web\/wp-content\/uploads\/2015\/08\/ec86da4589e2677d808c51e573ce672b.jpg\",\"datePublished\":\"2015-08-14T18:54:28+00:00\",\"breadcrumb\":{\"@id\":\"https:\/\/pagina10.com\/web\/alberto-quijano-vodniza-es-invitado-como-conferencista-al-planetario-de-bogota\/#breadcrumb\"},\"inLanguage\":\"es\",\"potentialAction\":[{\"@type\":\"ReadAction\",\"target\":[\"https:\/\/pagina10.com\/web\/alberto-quijano-vodniza-es-invitado-como-conferencista-al-planetario-de-bogota\/\"]}]},{\"@type\":\"ImageObject\",\"inLanguage\":\"es\",\"@id\":\"https:\/\/pagina10.com\/web\/alberto-quijano-vodniza-es-invitado-como-conferencista-al-planetario-de-bogota\/#primaryimage\",\"url\":\"https:\/\/pagina10.com\/web\/wp-content\/uploads\/2015\/08\/ec86da4589e2677d808c51e573ce672b.jpg\",\"contentUrl\":\"https:\/\/pagina10.com\/web\/wp-content\/uploads\/2015\/08\/ec86da4589e2677d808c51e573ce672b.jpg\",\"width\":600,\"height\":419},{\"@type\":\"BreadcrumbList\",\"@id\":\"https:\/\/pagina10.com\/web\/alberto-quijano-vodniza-es-invitado-como-conferencista-al-planetario-de-bogota\/#breadcrumb\",\"itemListElement\":[{\"@type\":\"ListItem\",\"position\":1,\"name\":\"Portada\",\"item\":\"https:\/\/pagina10.com\/web\/\"},{\"@type\":\"ListItem\",\"position\":2,\"name\":\"Alberto Quijano Vodniza es invitado como Conferencista al Planetario de Bogot\u00e1\"}]},{\"@type\":\"WebSite\",\"@id\":\"https:\/\/pagina10.com\/web\/#website\",\"url\":\"https:\/\/pagina10.com\/web\/\",\"name\":\"P\u00e1gina10\",\"description\":\"Peri\u00f3dico Regional\",\"publisher\":{\"@id\":\"https:\/\/pagina10.com\/web\/#organization\"},\"alternateName\":\"P\u00e1gina10 Peri\u00f3dico Regional\",\"potentialAction\":[{\"@type\":\"SearchAction\",\"target\":{\"@type\":\"EntryPoint\",\"urlTemplate\":\"https:\/\/pagina10.com\/web\/?s={search_term_string}\"},\"query-input\":{\"@type\":\"PropertyValueSpecification\",\"valueRequired\":true,\"valueName\":\"search_term_string\"}}],\"inLanguage\":\"es\"},{\"@type\":\"Organization\",\"@id\":\"https:\/\/pagina10.com\/web\/#organization\",\"name\":\"P\u00e1gina10\",\"alternateName\":\"P\u00e1gina10 Peri\u00f3dico Regional\",\"url\":\"https:\/\/pagina10.com\/web\/\",\"logo\":{\"@type\":\"ImageObject\",\"inLanguage\":\"es\",\"@id\":\"https:\/\/pagina10.com\/web\/#\/schema\/logo\/image\/\",\"url\":\"https:\/\/pagina10.com\/web\/wp-content\/uploads\/2024\/01\/40-pagina-10-periodico-regional-pasto.jpg\",\"contentUrl\":\"https:\/\/pagina10.com\/web\/wp-content\/uploads\/2024\/01\/40-pagina-10-periodico-regional-pasto.jpg\",\"width\":1280,\"height\":720,\"caption\":\"P\u00e1gina10\"},\"image\":{\"@id\":\"https:\/\/pagina10.com\/web\/#\/schema\/logo\/image\/\"},\"sameAs\":[\"https:\/\/www.facebook.com\/pag10com\",\"https:\/\/x.com\/Pag10com\",\"https:\/\/www.instagram.com\/pagina10col\/\",\"https:\/\/youtube.com\/channel\/pag10\",\"https:\/\/www.tiktok.com\/@p10col\"]},{\"@type\":\"Person\",\"@id\":\"https:\/\/pagina10.com\/web\/#\/schema\/person\/a7a5d38f0629dfc107f619fbae4f6cc3\",\"name\":\"P\u00e1gina 10\",\"description\":\"P\u00e1gina10.com es un peri\u00f3dico digital que nace en Colombia, en el departamento de Nari\u00f1o, con un enfoque global, fundamentado en cuatro pilares esenciales: la libertad, el pluralismo, la inclusi\u00f3n y la independencia. P\u00e1gina10.com hace referencia a Nari\u00f1o como el d\u00e9cimo departamento creado en Colombia, despu\u00e9s de un proceso pol\u00edtico liderado por actores y actrices regionales con el fin de obtener la independencia y autonom\u00eda de nuestros territorios. Con la creaci\u00f3n de P\u00e1gina10.com se pretende abrir un escenario para el dialogo, la reflexi\u00f3n y el debate que se extienda a otras geograf\u00edas de Am\u00e9rica Latina y del planeta, en una apuesta por transformar colectivamente los desaf\u00edos de un mundo contempor\u00e1neo, m\u00e1s all\u00e1 de las fronteras impuestas.\",\"url\":\"https:\/\/pagina10.com\/web\/author\/mcepeda\/\"}]}<\/script>\n<!-- \/ Yoast SEO plugin. -->","yoast_head_json":{"title":"Alberto Quijano Vodniza es invitado como Conferencista al Planetario de Bogot\u00e1 | P\u00e1gina10","robots":{"index":"index","follow":"follow","max-snippet":"max-snippet:-1","max-image-preview":"max-image-preview:large","max-video-preview":"max-video-preview:-1"},"canonical":"https:\/\/pagina10.com\/web\/alberto-quijano-vodniza-es-invitado-como-conferencista-al-planetario-de-bogota\/","og_locale":"es_ES","og_type":"article","og_title":"Alberto Quijano Vodniza es invitado como Conferencista al Planetario de Bogot\u00e1 | P\u00e1gina10","og_description":"El Director del Observatorio Astron\u00f3mico de la Universidad de Nari\u00f1o fue invitado como Conferencista para participar en el \u201cXVI Encuentro de la Red de Astronom\u00eda de Colombia-RAC\u201d, en las instalaciones del Planetario de Bogot\u00e1 que se realizar\u00e1 entre el 14 y el 17 de Agosto de 2015. Este encuentro es organizado por el Instituto Distrital [&hellip;]","og_url":"https:\/\/pagina10.com\/web\/alberto-quijano-vodniza-es-invitado-como-conferencista-al-planetario-de-bogota\/","og_site_name":"P\u00e1gina10","article_publisher":"https:\/\/www.facebook.com\/pag10com","article_published_time":"2015-08-14T18:54:28+00:00","og_image":[{"width":600,"height":419,"url":"https:\/\/pagina10.com\/web\/wp-content\/uploads\/2015\/08\/ec86da4589e2677d808c51e573ce672b.jpg","type":"image\/jpeg"}],"author":"P\u00e1gina 10","twitter_card":"summary_large_image","twitter_creator":"@Pag10com","twitter_site":"@Pag10com","twitter_misc":{"Escrito por":"P\u00e1gina 10","Tiempo de lectura":"1 minuto"},"schema":{"@context":"https:\/\/schema.org","@graph":[{"@type":"Article","@id":"https:\/\/pagina10.com\/web\/alberto-quijano-vodniza-es-invitado-como-conferencista-al-planetario-de-bogota\/#article","isPartOf":{"@id":"https:\/\/pagina10.com\/web\/alberto-quijano-vodniza-es-invitado-como-conferencista-al-planetario-de-bogota\/"},"author":{"name":"P\u00e1gina 10","@id":"https:\/\/pagina10.com\/web\/#\/schema\/person\/a7a5d38f0629dfc107f619fbae4f6cc3"},"headline":"Alberto Quijano Vodniza es invitado como Conferencista al Planetario de Bogot\u00e1","datePublished":"2015-08-14T18:54:28+00:00","mainEntityOfPage":{"@id":"https:\/\/pagina10.com\/web\/alberto-quijano-vodniza-es-invitado-como-conferencista-al-planetario-de-bogota\/"},"wordCount":262,"commentCount":0,"publisher":{"@id":"https:\/\/pagina10.com\/web\/#organization"},"image":{"@id":"https:\/\/pagina10.com\/web\/alberto-quijano-vodniza-es-invitado-como-conferencista-al-planetario-de-bogota\/#primaryimage"},"thumbnailUrl":"https:\/\/pagina10.com\/web\/wp-content\/uploads\/2015\/08\/ec86da4589e2677d808c51e573ce672b.jpg","inLanguage":"es","potentialAction":[{"@type":"CommentAction","name":"Comment","target":["https:\/\/pagina10.com\/web\/alberto-quijano-vodniza-es-invitado-como-conferencista-al-planetario-de-bogota\/#respond"]}]},{"@type":"WebPage","@id":"https:\/\/pagina10.com\/web\/alberto-quijano-vodniza-es-invitado-como-conferencista-al-planetario-de-bogota\/","url":"https:\/\/pagina10.com\/web\/alberto-quijano-vodniza-es-invitado-como-conferencista-al-planetario-de-bogota\/","name":"Alberto Quijano Vodniza es invitado como Conferencista al Planetario de Bogot\u00e1 | P\u00e1gina10","isPartOf":{"@id":"https:\/\/pagina10.com\/web\/#website"},"primaryImageOfPage":{"@id":"https:\/\/pagina10.com\/web\/alberto-quijano-vodniza-es-invitado-como-conferencista-al-planetario-de-bogota\/#primaryimage"},"image":{"@id":"https:\/\/pagina10.com\/web\/alberto-quijano-vodniza-es-invitado-como-conferencista-al-planetario-de-bogota\/#primaryimage"},"thumbnailUrl":"https:\/\/pagina10.com\/web\/wp-content\/uploads\/2015\/08\/ec86da4589e2677d808c51e573ce672b.jpg","datePublished":"2015-08-14T18:54:28+00:00","breadcrumb":{"@id":"https:\/\/pagina10.com\/web\/alberto-quijano-vodniza-es-invitado-como-conferencista-al-planetario-de-bogota\/#breadcrumb"},"inLanguage":"es","potentialAction":[{"@type":"ReadAction","target":["https:\/\/pagina10.com\/web\/alberto-quijano-vodniza-es-invitado-como-conferencista-al-planetario-de-bogota\/"]}]},{"@type":"ImageObject","inLanguage":"es","@id":"https:\/\/pagina10.com\/web\/alberto-quijano-vodniza-es-invitado-como-conferencista-al-planetario-de-bogota\/#primaryimage","url":"https:\/\/pagina10.com\/web\/wp-content\/uploads\/2015\/08\/ec86da4589e2677d808c51e573ce672b.jpg","contentUrl":"https:\/\/pagina10.com\/web\/wp-content\/uploads\/2015\/08\/ec86da4589e2677d808c51e573ce672b.jpg","width":600,"height":419},{"@type":"BreadcrumbList","@id":"https:\/\/pagina10.com\/web\/alberto-quijano-vodniza-es-invitado-como-conferencista-al-planetario-de-bogota\/#breadcrumb","itemListElement":[{"@type":"ListItem","position":1,"name":"Portada","item":"https:\/\/pagina10.com\/web\/"},{"@type":"ListItem","position":2,"name":"Alberto Quijano Vodniza es invitado como Conferencista al Planetario de Bogot\u00e1"}]},{"@type":"WebSite","@id":"https:\/\/pagina10.com\/web\/#website","url":"https:\/\/pagina10.com\/web\/","name":"P\u00e1gina10","description":"Peri\u00f3dico Regional","publisher":{"@id":"https:\/\/pagina10.com\/web\/#organization"},"alternateName":"P\u00e1gina10 Peri\u00f3dico Regional","potentialAction":[{"@type":"SearchAction","target":{"@type":"EntryPoint","urlTemplate":"https:\/\/pagina10.com\/web\/?s={search_term_string}"},"query-input":{"@type":"PropertyValueSpecification","valueRequired":true,"valueName":"search_term_string"}}],"inLanguage":"es"},{"@type":"Organization","@id":"https:\/\/pagina10.com\/web\/#organization","name":"P\u00e1gina10","alternateName":"P\u00e1gina10 Peri\u00f3dico Regional","url":"https:\/\/pagina10.com\/web\/","logo":{"@type":"ImageObject","inLanguage":"es","@id":"https:\/\/pagina10.com\/web\/#\/schema\/logo\/image\/","url":"https:\/\/pagina10.com\/web\/wp-content\/uploads\/2024\/01\/40-pagina-10-periodico-regional-pasto.jpg","contentUrl":"https:\/\/pagina10.com\/web\/wp-content\/uploads\/2024\/01\/40-pagina-10-periodico-regional-pasto.jpg","width":1280,"height":720,"caption":"P\u00e1gina10"},"image":{"@id":"https:\/\/pagina10.com\/web\/#\/schema\/logo\/image\/"},"sameAs":["https:\/\/www.facebook.com\/pag10com","https:\/\/x.com\/Pag10com","https:\/\/www.instagram.com\/pagina10col\/","https:\/\/youtube.com\/channel\/pag10","https:\/\/www.tiktok.com\/@p10col"]},{"@type":"Person","@id":"https:\/\/pagina10.com\/web\/#\/schema\/person\/a7a5d38f0629dfc107f619fbae4f6cc3","name":"P\u00e1gina 10","description":"P\u00e1gina10.com es un peri\u00f3dico digital que nace en Colombia, en el departamento de Nari\u00f1o, con un enfoque global, fundamentado en cuatro pilares esenciales: la libertad, el pluralismo, la inclusi\u00f3n y la independencia. P\u00e1gina10.com hace referencia a Nari\u00f1o como el d\u00e9cimo departamento creado en Colombia, despu\u00e9s de un proceso pol\u00edtico liderado por actores y actrices regionales con el fin de obtener la independencia y autonom\u00eda de nuestros territorios. Con la creaci\u00f3n de P\u00e1gina10.com se pretende abrir un escenario para el dialogo, la reflexi\u00f3n y el debate que se extienda a otras geograf\u00edas de Am\u00e9rica Latina y del planeta, en una apuesta por transformar colectivamente los desaf\u00edos de un mundo contempor\u00e1neo, m\u00e1s all\u00e1 de las fronteras impuestas.","url":"https:\/\/pagina10.com\/web\/author\/mcepeda\/"}]}},"_links":{"self":[{"href":"https:\/\/pagina10.com\/web\/wp-json\/wp\/v2\/posts\/17257","targetHints":{"allow":["GET"]}}],"collection":[{"href":"https:\/\/pagina10.com\/web\/wp-json\/wp\/v2\/posts"}],"about":[{"href":"https:\/\/pagina10.com\/web\/wp-json\/wp\/v2\/types\/post"}],"author":[{"embeddable":true,"href":"https:\/\/pagina10.com\/web\/wp-json\/wp\/v2\/users\/29"}],"replies":[{"embeddable":true,"href":"https:\/\/pagina10.com\/web\/wp-json\/wp\/v2\/comments?post=17257"}],"version-history":[{"count":0,"href":"https:\/\/pagina10.com\/web\/wp-json\/wp\/v2\/posts\/17257\/revisions"}],"wp:featuredmedia":[{"embeddable":true,"href":"https:\/\/pagina10.com\/web\/wp-json\/wp\/v2\/media\/17256"}],"wp:attachment":[{"href":"https:\/\/pagina10.com\/web\/wp-json\/wp\/v2\/media?parent=17257"}],"wp:term":[{"taxonomy":"category","embeddable":true,"href":"https:\/\/pagina10.com\/web\/wp-json\/wp\/v2\/categories?post=17257"},{"taxonomy":"post_tag","embeddable":true,"href":"https:\/\/pagina10.com\/web\/wp-json\/wp\/v2\/tags?post=17257"}],"curies":[{"name":"wp","href":"https:\/\/api.w.org\/{rel}","templated":true}]}}