{"id":17259,"date":"2015-08-14T18:57:36","date_gmt":"2015-08-14T18:57:36","guid":{"rendered":"https:\/\/pagina10.com\/web\/comision-de-derechos-humanos-del-senado-eligio-mesa-directiva\/"},"modified":"2015-08-14T18:57:36","modified_gmt":"2015-08-14T18:57:36","slug":"comision-de-derechos-humanos-del-senado-eligio-mesa-directiva","status":"publish","type":"post","link":"https:\/\/pagina10.com\/web\/comision-de-derechos-humanos-del-senado-eligio-mesa-directiva\/","title":{"rendered":"Comisi\u00f3n de Derechos Humanos del Senado eligi\u00f3 Mesa Directiva"},"content":{"rendered":"<p><img fetchpriority=\"high\" decoding=\"async\" class=\" size-full wp-image-17258\" src=\"https:\/\/pagina10.com\/web\/wp-content\/uploads\/2015\/08\/67ce2569c0001bd75b780f1d763f2ed5.jpg\" alt=\"\" width=\"600\" height=\"374\" srcset=\"https:\/\/pagina10.com\/web\/wp-content\/uploads\/2015\/08\/67ce2569c0001bd75b780f1d763f2ed5.jpg 600w, https:\/\/pagina10.com\/web\/wp-content\/uploads\/2015\/08\/67ce2569c0001bd75b780f1d763f2ed5-300x187.jpg 300w\" sizes=\"(max-width: 600px) 100vw, 600px\" \/><\/p>\n<div style=\"text-align: justify;\">Por unanimidad la Comisi\u00f3n de Derechos Humanos del Senado eligi\u00f3 este martes la Mesa Directiva para el per\u00edodo 2015-2016.<\/div>\n<div style=\"text-align: justify;\">\n<div>\n<div dir=\"ltr\"><br clear=\"none\" \/>La presidencia qued\u00f3 en manos de la&nbsp;legisladora del Partido Liberal Sof\u00eda Gaviria, la Vicepresidencia Paloma Valencia (Centro Democr\u00e1tico) y fue ratificada en el cargo de coordinadora Betty Rodr\u00edguez Castilla.<br clear=\"none\" \/><br clear=\"none\" \/>La senadora Sof\u00eda Gaviria&nbsp;afirm\u00f3 que la entrante Mesa Directiva de la Comisi\u00f3n de Derechos Humanos &#8220;tiene muchos retos, en temas como la mujer, la ni\u00f1ez, c\u00e1rceles, educaci\u00f3n, de seguridad alimentaria, sexualidad. Hoy, en Colombia, se registra 200 mil embarazos en menores de 14 a\u00f1os, anualmente. Un tema, que debe ser analizado con detenimiento desde el Congreso&#8221;, recalc\u00f3.<br clear=\"none\" \/><br clear=\"none\" \/>&#8220;Tambi\u00e9n se encuentra el acompa\u00f1amiento a las v\u00edctimas de las FARC.&nbsp;Ser\u00e1 una preocupaci\u00f3n permanente de la Comisi\u00f3n de Derechos Humanos. La idea, es trabajar de la mano del Gobierno del presidente Juan Manuel Santos en esta materia, recorriendo el pa\u00eds&#8221;, subray\u00f3.<br clear=\"none\" \/><br clear=\"none\" \/>De entrada, la nueva Mesa Directiva de la Comisi\u00f3n de Derechos Humanos atender\u00e1 una invitaci\u00f3n de la oficina Regional para Am\u00e9rica del Sur del Alto Comisionado para los Derechos Humanos de las Naciones Unidas (ACNUDH) para participar del 18 al 21 de agosto a un intercambio regional de buenas pr\u00e1cticas parlamentarias en la ciudad de Buenos Aires, en la Rep\u00fablica Argentina.<\/div>\n<\/p><\/div>\n<\/p><\/div>\n","protected":false},"excerpt":{"rendered":"<p>Por unanimidad la Comisi\u00f3n de Derechos Humanos del Senado eligi\u00f3 este martes la Mesa Directiva para el per\u00edodo 2015-2016. La presidencia qued\u00f3 en manos de la&nbsp;legisladora del Partido Liberal Sof\u00eda Gaviria, la Vicepresidencia Paloma Valencia (Centro Democr\u00e1tico) y fue ratificada en el cargo de coordinadora Betty Rodr\u00edguez Castilla.La senadora Sof\u00eda Gaviria&nbsp;afirm\u00f3 que la entrante Mesa [&hellip;]<\/p>\n","protected":false},"author":29,"featured_media":17258,"comment_status":"open","ping_status":"open","sticky":false,"template":"","format":"standard","meta":{"footnotes":""},"categories":[1],"tags":[],"class_list":["post-17259","post","type-post","status-publish","format-standard","has-post-thumbnail","hentry","category-sin-categoria"],"yoast_head":"<!-- This site is optimized with the Yoast SEO plugin v27.1.1 - https:\/\/yoast.com\/product\/yoast-seo-wordpress\/ -->\n<title>Comisi\u00f3n de Derechos Humanos del Senado eligi\u00f3 Mesa Directiva | P\u00e1gina10<\/title>\n<meta name=\"robots\" content=\"index, follow, max-snippet:-1, max-image-preview:large, max-video-preview:-1\" \/>\n<link rel=\"canonical\" href=\"https:\/\/pagina10.com\/web\/comision-de-derechos-humanos-del-senado-eligio-mesa-directiva\/\" \/>\n<meta property=\"og:locale\" content=\"es_ES\" \/>\n<meta property=\"og:type\" content=\"article\" \/>\n<meta property=\"og:title\" content=\"Comisi\u00f3n de Derechos Humanos del Senado eligi\u00f3 Mesa Directiva | P\u00e1gina10\" \/>\n<meta property=\"og:description\" content=\"Por unanimidad la Comisi\u00f3n de Derechos Humanos del Senado eligi\u00f3 este martes la Mesa Directiva para el per\u00edodo 2015-2016. La presidencia qued\u00f3 en manos de la&nbsp;legisladora del Partido Liberal Sof\u00eda Gaviria, la Vicepresidencia Paloma Valencia (Centro Democr\u00e1tico) y fue ratificada en el cargo de coordinadora Betty Rodr\u00edguez Castilla.La senadora Sof\u00eda Gaviria&nbsp;afirm\u00f3 que la entrante Mesa [&hellip;]\" \/>\n<meta property=\"og:url\" content=\"https:\/\/pagina10.com\/web\/comision-de-derechos-humanos-del-senado-eligio-mesa-directiva\/\" \/>\n<meta property=\"og:site_name\" content=\"P\u00e1gina10\" \/>\n<meta property=\"article:publisher\" content=\"https:\/\/www.facebook.com\/pag10com\" \/>\n<meta property=\"article:published_time\" content=\"2015-08-14T18:57:36+00:00\" \/>\n<meta property=\"og:image\" content=\"https:\/\/pagina10.com\/web\/wp-content\/uploads\/2015\/08\/67ce2569c0001bd75b780f1d763f2ed5.jpg\" \/>\n\t<meta property=\"og:image:width\" content=\"600\" \/>\n\t<meta property=\"og:image:height\" content=\"374\" \/>\n\t<meta property=\"og:image:type\" content=\"image\/jpeg\" \/>\n<meta name=\"author\" content=\"P\u00e1gina 10\" \/>\n<meta name=\"twitter:card\" content=\"summary_large_image\" \/>\n<meta name=\"twitter:creator\" content=\"@Pag10com\" \/>\n<meta name=\"twitter:site\" content=\"@Pag10com\" \/>\n<meta name=\"twitter:label1\" content=\"Escrito por\" \/>\n\t<meta name=\"twitter:data1\" content=\"P\u00e1gina 10\" \/>\n\t<meta name=\"twitter:label2\" content=\"Tiempo de lectura\" \/>\n\t<meta name=\"twitter:data2\" content=\"1 minuto\" \/>\n<script type=\"application\/ld+json\" class=\"yoast-schema-graph\">{\"@context\":\"https:\/\/schema.org\",\"@graph\":[{\"@type\":\"Article\",\"@id\":\"https:\/\/pagina10.com\/web\/comision-de-derechos-humanos-del-senado-eligio-mesa-directiva\/#article\",\"isPartOf\":{\"@id\":\"https:\/\/pagina10.com\/web\/comision-de-derechos-humanos-del-senado-eligio-mesa-directiva\/\"},\"author\":{\"name\":\"P\u00e1gina 10\",\"@id\":\"https:\/\/pagina10.com\/web\/#\/schema\/person\/a7a5d38f0629dfc107f619fbae4f6cc3\"},\"headline\":\"Comisi\u00f3n de Derechos Humanos del Senado eligi\u00f3 Mesa Directiva\",\"datePublished\":\"2015-08-14T18:57:36+00:00\",\"mainEntityOfPage\":{\"@id\":\"https:\/\/pagina10.com\/web\/comision-de-derechos-humanos-del-senado-eligio-mesa-directiva\/\"},\"wordCount\":241,\"commentCount\":0,\"publisher\":{\"@id\":\"https:\/\/pagina10.com\/web\/#organization\"},\"image\":{\"@id\":\"https:\/\/pagina10.com\/web\/comision-de-derechos-humanos-del-senado-eligio-mesa-directiva\/#primaryimage\"},\"thumbnailUrl\":\"https:\/\/pagina10.com\/web\/wp-content\/uploads\/2015\/08\/67ce2569c0001bd75b780f1d763f2ed5.jpg\",\"inLanguage\":\"es\",\"potentialAction\":[{\"@type\":\"CommentAction\",\"name\":\"Comment\",\"target\":[\"https:\/\/pagina10.com\/web\/comision-de-derechos-humanos-del-senado-eligio-mesa-directiva\/#respond\"]}]},{\"@type\":\"WebPage\",\"@id\":\"https:\/\/pagina10.com\/web\/comision-de-derechos-humanos-del-senado-eligio-mesa-directiva\/\",\"url\":\"https:\/\/pagina10.com\/web\/comision-de-derechos-humanos-del-senado-eligio-mesa-directiva\/\",\"name\":\"Comisi\u00f3n de Derechos Humanos del Senado eligi\u00f3 Mesa Directiva | P\u00e1gina10\",\"isPartOf\":{\"@id\":\"https:\/\/pagina10.com\/web\/#website\"},\"primaryImageOfPage\":{\"@id\":\"https:\/\/pagina10.com\/web\/comision-de-derechos-humanos-del-senado-eligio-mesa-directiva\/#primaryimage\"},\"image\":{\"@id\":\"https:\/\/pagina10.com\/web\/comision-de-derechos-humanos-del-senado-eligio-mesa-directiva\/#primaryimage\"},\"thumbnailUrl\":\"https:\/\/pagina10.com\/web\/wp-content\/uploads\/2015\/08\/67ce2569c0001bd75b780f1d763f2ed5.jpg\",\"datePublished\":\"2015-08-14T18:57:36+00:00\",\"breadcrumb\":{\"@id\":\"https:\/\/pagina10.com\/web\/comision-de-derechos-humanos-del-senado-eligio-mesa-directiva\/#breadcrumb\"},\"inLanguage\":\"es\",\"potentialAction\":[{\"@type\":\"ReadAction\",\"target\":[\"https:\/\/pagina10.com\/web\/comision-de-derechos-humanos-del-senado-eligio-mesa-directiva\/\"]}]},{\"@type\":\"ImageObject\",\"inLanguage\":\"es\",\"@id\":\"https:\/\/pagina10.com\/web\/comision-de-derechos-humanos-del-senado-eligio-mesa-directiva\/#primaryimage\",\"url\":\"https:\/\/pagina10.com\/web\/wp-content\/uploads\/2015\/08\/67ce2569c0001bd75b780f1d763f2ed5.jpg\",\"contentUrl\":\"https:\/\/pagina10.com\/web\/wp-content\/uploads\/2015\/08\/67ce2569c0001bd75b780f1d763f2ed5.jpg\",\"width\":600,\"height\":374},{\"@type\":\"BreadcrumbList\",\"@id\":\"https:\/\/pagina10.com\/web\/comision-de-derechos-humanos-del-senado-eligio-mesa-directiva\/#breadcrumb\",\"itemListElement\":[{\"@type\":\"ListItem\",\"position\":1,\"name\":\"Portada\",\"item\":\"https:\/\/pagina10.com\/web\/\"},{\"@type\":\"ListItem\",\"position\":2,\"name\":\"Comisi\u00f3n de Derechos Humanos del Senado eligi\u00f3 Mesa Directiva\"}]},{\"@type\":\"WebSite\",\"@id\":\"https:\/\/pagina10.com\/web\/#website\",\"url\":\"https:\/\/pagina10.com\/web\/\",\"name\":\"P\u00e1gina10\",\"description\":\"Peri\u00f3dico Regional\",\"publisher\":{\"@id\":\"https:\/\/pagina10.com\/web\/#organization\"},\"alternateName\":\"P\u00e1gina10 Peri\u00f3dico Regional\",\"potentialAction\":[{\"@type\":\"SearchAction\",\"target\":{\"@type\":\"EntryPoint\",\"urlTemplate\":\"https:\/\/pagina10.com\/web\/?s={search_term_string}\"},\"query-input\":{\"@type\":\"PropertyValueSpecification\",\"valueRequired\":true,\"valueName\":\"search_term_string\"}}],\"inLanguage\":\"es\"},{\"@type\":\"Organization\",\"@id\":\"https:\/\/pagina10.com\/web\/#organization\",\"name\":\"P\u00e1gina10\",\"alternateName\":\"P\u00e1gina10 Peri\u00f3dico Regional\",\"url\":\"https:\/\/pagina10.com\/web\/\",\"logo\":{\"@type\":\"ImageObject\",\"inLanguage\":\"es\",\"@id\":\"https:\/\/pagina10.com\/web\/#\/schema\/logo\/image\/\",\"url\":\"https:\/\/pagina10.com\/web\/wp-content\/uploads\/2024\/01\/40-pagina-10-periodico-regional-pasto.jpg\",\"contentUrl\":\"https:\/\/pagina10.com\/web\/wp-content\/uploads\/2024\/01\/40-pagina-10-periodico-regional-pasto.jpg\",\"width\":1280,\"height\":720,\"caption\":\"P\u00e1gina10\"},\"image\":{\"@id\":\"https:\/\/pagina10.com\/web\/#\/schema\/logo\/image\/\"},\"sameAs\":[\"https:\/\/www.facebook.com\/pag10com\",\"https:\/\/x.com\/Pag10com\",\"https:\/\/www.instagram.com\/pagina10col\/\",\"https:\/\/youtube.com\/channel\/pag10\",\"https:\/\/www.tiktok.com\/@p10col\"]},{\"@type\":\"Person\",\"@id\":\"https:\/\/pagina10.com\/web\/#\/schema\/person\/a7a5d38f0629dfc107f619fbae4f6cc3\",\"name\":\"P\u00e1gina 10\",\"description\":\"P\u00e1gina10.com es un peri\u00f3dico digital que nace en Colombia, en el departamento de Nari\u00f1o, con un enfoque global, fundamentado en cuatro pilares esenciales: la libertad, el pluralismo, la inclusi\u00f3n y la independencia. P\u00e1gina10.com hace referencia a Nari\u00f1o como el d\u00e9cimo departamento creado en Colombia, despu\u00e9s de un proceso pol\u00edtico liderado por actores y actrices regionales con el fin de obtener la independencia y autonom\u00eda de nuestros territorios. Con la creaci\u00f3n de P\u00e1gina10.com se pretende abrir un escenario para el dialogo, la reflexi\u00f3n y el debate que se extienda a otras geograf\u00edas de Am\u00e9rica Latina y del planeta, en una apuesta por transformar colectivamente los desaf\u00edos de un mundo contempor\u00e1neo, m\u00e1s all\u00e1 de las fronteras impuestas.\",\"url\":\"https:\/\/pagina10.com\/web\/author\/mcepeda\/\"}]}<\/script>\n<!-- \/ Yoast SEO plugin. -->","yoast_head_json":{"title":"Comisi\u00f3n de Derechos Humanos del Senado eligi\u00f3 Mesa Directiva | P\u00e1gina10","robots":{"index":"index","follow":"follow","max-snippet":"max-snippet:-1","max-image-preview":"max-image-preview:large","max-video-preview":"max-video-preview:-1"},"canonical":"https:\/\/pagina10.com\/web\/comision-de-derechos-humanos-del-senado-eligio-mesa-directiva\/","og_locale":"es_ES","og_type":"article","og_title":"Comisi\u00f3n de Derechos Humanos del Senado eligi\u00f3 Mesa Directiva | P\u00e1gina10","og_description":"Por unanimidad la Comisi\u00f3n de Derechos Humanos del Senado eligi\u00f3 este martes la Mesa Directiva para el per\u00edodo 2015-2016. La presidencia qued\u00f3 en manos de la&nbsp;legisladora del Partido Liberal Sof\u00eda Gaviria, la Vicepresidencia Paloma Valencia (Centro Democr\u00e1tico) y fue ratificada en el cargo de coordinadora Betty Rodr\u00edguez Castilla.La senadora Sof\u00eda Gaviria&nbsp;afirm\u00f3 que la entrante Mesa [&hellip;]","og_url":"https:\/\/pagina10.com\/web\/comision-de-derechos-humanos-del-senado-eligio-mesa-directiva\/","og_site_name":"P\u00e1gina10","article_publisher":"https:\/\/www.facebook.com\/pag10com","article_published_time":"2015-08-14T18:57:36+00:00","og_image":[{"width":600,"height":374,"url":"https:\/\/pagina10.com\/web\/wp-content\/uploads\/2015\/08\/67ce2569c0001bd75b780f1d763f2ed5.jpg","type":"image\/jpeg"}],"author":"P\u00e1gina 10","twitter_card":"summary_large_image","twitter_creator":"@Pag10com","twitter_site":"@Pag10com","twitter_misc":{"Escrito por":"P\u00e1gina 10","Tiempo de lectura":"1 minuto"},"schema":{"@context":"https:\/\/schema.org","@graph":[{"@type":"Article","@id":"https:\/\/pagina10.com\/web\/comision-de-derechos-humanos-del-senado-eligio-mesa-directiva\/#article","isPartOf":{"@id":"https:\/\/pagina10.com\/web\/comision-de-derechos-humanos-del-senado-eligio-mesa-directiva\/"},"author":{"name":"P\u00e1gina 10","@id":"https:\/\/pagina10.com\/web\/#\/schema\/person\/a7a5d38f0629dfc107f619fbae4f6cc3"},"headline":"Comisi\u00f3n de Derechos Humanos del Senado eligi\u00f3 Mesa Directiva","datePublished":"2015-08-14T18:57:36+00:00","mainEntityOfPage":{"@id":"https:\/\/pagina10.com\/web\/comision-de-derechos-humanos-del-senado-eligio-mesa-directiva\/"},"wordCount":241,"commentCount":0,"publisher":{"@id":"https:\/\/pagina10.com\/web\/#organization"},"image":{"@id":"https:\/\/pagina10.com\/web\/comision-de-derechos-humanos-del-senado-eligio-mesa-directiva\/#primaryimage"},"thumbnailUrl":"https:\/\/pagina10.com\/web\/wp-content\/uploads\/2015\/08\/67ce2569c0001bd75b780f1d763f2ed5.jpg","inLanguage":"es","potentialAction":[{"@type":"CommentAction","name":"Comment","target":["https:\/\/pagina10.com\/web\/comision-de-derechos-humanos-del-senado-eligio-mesa-directiva\/#respond"]}]},{"@type":"WebPage","@id":"https:\/\/pagina10.com\/web\/comision-de-derechos-humanos-del-senado-eligio-mesa-directiva\/","url":"https:\/\/pagina10.com\/web\/comision-de-derechos-humanos-del-senado-eligio-mesa-directiva\/","name":"Comisi\u00f3n de Derechos Humanos del Senado eligi\u00f3 Mesa Directiva | P\u00e1gina10","isPartOf":{"@id":"https:\/\/pagina10.com\/web\/#website"},"primaryImageOfPage":{"@id":"https:\/\/pagina10.com\/web\/comision-de-derechos-humanos-del-senado-eligio-mesa-directiva\/#primaryimage"},"image":{"@id":"https:\/\/pagina10.com\/web\/comision-de-derechos-humanos-del-senado-eligio-mesa-directiva\/#primaryimage"},"thumbnailUrl":"https:\/\/pagina10.com\/web\/wp-content\/uploads\/2015\/08\/67ce2569c0001bd75b780f1d763f2ed5.jpg","datePublished":"2015-08-14T18:57:36+00:00","breadcrumb":{"@id":"https:\/\/pagina10.com\/web\/comision-de-derechos-humanos-del-senado-eligio-mesa-directiva\/#breadcrumb"},"inLanguage":"es","potentialAction":[{"@type":"ReadAction","target":["https:\/\/pagina10.com\/web\/comision-de-derechos-humanos-del-senado-eligio-mesa-directiva\/"]}]},{"@type":"ImageObject","inLanguage":"es","@id":"https:\/\/pagina10.com\/web\/comision-de-derechos-humanos-del-senado-eligio-mesa-directiva\/#primaryimage","url":"https:\/\/pagina10.com\/web\/wp-content\/uploads\/2015\/08\/67ce2569c0001bd75b780f1d763f2ed5.jpg","contentUrl":"https:\/\/pagina10.com\/web\/wp-content\/uploads\/2015\/08\/67ce2569c0001bd75b780f1d763f2ed5.jpg","width":600,"height":374},{"@type":"BreadcrumbList","@id":"https:\/\/pagina10.com\/web\/comision-de-derechos-humanos-del-senado-eligio-mesa-directiva\/#breadcrumb","itemListElement":[{"@type":"ListItem","position":1,"name":"Portada","item":"https:\/\/pagina10.com\/web\/"},{"@type":"ListItem","position":2,"name":"Comisi\u00f3n de Derechos Humanos del Senado eligi\u00f3 Mesa Directiva"}]},{"@type":"WebSite","@id":"https:\/\/pagina10.com\/web\/#website","url":"https:\/\/pagina10.com\/web\/","name":"P\u00e1gina10","description":"Peri\u00f3dico Regional","publisher":{"@id":"https:\/\/pagina10.com\/web\/#organization"},"alternateName":"P\u00e1gina10 Peri\u00f3dico Regional","potentialAction":[{"@type":"SearchAction","target":{"@type":"EntryPoint","urlTemplate":"https:\/\/pagina10.com\/web\/?s={search_term_string}"},"query-input":{"@type":"PropertyValueSpecification","valueRequired":true,"valueName":"search_term_string"}}],"inLanguage":"es"},{"@type":"Organization","@id":"https:\/\/pagina10.com\/web\/#organization","name":"P\u00e1gina10","alternateName":"P\u00e1gina10 Peri\u00f3dico Regional","url":"https:\/\/pagina10.com\/web\/","logo":{"@type":"ImageObject","inLanguage":"es","@id":"https:\/\/pagina10.com\/web\/#\/schema\/logo\/image\/","url":"https:\/\/pagina10.com\/web\/wp-content\/uploads\/2024\/01\/40-pagina-10-periodico-regional-pasto.jpg","contentUrl":"https:\/\/pagina10.com\/web\/wp-content\/uploads\/2024\/01\/40-pagina-10-periodico-regional-pasto.jpg","width":1280,"height":720,"caption":"P\u00e1gina10"},"image":{"@id":"https:\/\/pagina10.com\/web\/#\/schema\/logo\/image\/"},"sameAs":["https:\/\/www.facebook.com\/pag10com","https:\/\/x.com\/Pag10com","https:\/\/www.instagram.com\/pagina10col\/","https:\/\/youtube.com\/channel\/pag10","https:\/\/www.tiktok.com\/@p10col"]},{"@type":"Person","@id":"https:\/\/pagina10.com\/web\/#\/schema\/person\/a7a5d38f0629dfc107f619fbae4f6cc3","name":"P\u00e1gina 10","description":"P\u00e1gina10.com es un peri\u00f3dico digital que nace en Colombia, en el departamento de Nari\u00f1o, con un enfoque global, fundamentado en cuatro pilares esenciales: la libertad, el pluralismo, la inclusi\u00f3n y la independencia. P\u00e1gina10.com hace referencia a Nari\u00f1o como el d\u00e9cimo departamento creado en Colombia, despu\u00e9s de un proceso pol\u00edtico liderado por actores y actrices regionales con el fin de obtener la independencia y autonom\u00eda de nuestros territorios. Con la creaci\u00f3n de P\u00e1gina10.com se pretende abrir un escenario para el dialogo, la reflexi\u00f3n y el debate que se extienda a otras geograf\u00edas de Am\u00e9rica Latina y del planeta, en una apuesta por transformar colectivamente los desaf\u00edos de un mundo contempor\u00e1neo, m\u00e1s all\u00e1 de las fronteras impuestas.","url":"https:\/\/pagina10.com\/web\/author\/mcepeda\/"}]}},"_links":{"self":[{"href":"https:\/\/pagina10.com\/web\/wp-json\/wp\/v2\/posts\/17259","targetHints":{"allow":["GET"]}}],"collection":[{"href":"https:\/\/pagina10.com\/web\/wp-json\/wp\/v2\/posts"}],"about":[{"href":"https:\/\/pagina10.com\/web\/wp-json\/wp\/v2\/types\/post"}],"author":[{"embeddable":true,"href":"https:\/\/pagina10.com\/web\/wp-json\/wp\/v2\/users\/29"}],"replies":[{"embeddable":true,"href":"https:\/\/pagina10.com\/web\/wp-json\/wp\/v2\/comments?post=17259"}],"version-history":[{"count":0,"href":"https:\/\/pagina10.com\/web\/wp-json\/wp\/v2\/posts\/17259\/revisions"}],"wp:featuredmedia":[{"embeddable":true,"href":"https:\/\/pagina10.com\/web\/wp-json\/wp\/v2\/media\/17258"}],"wp:attachment":[{"href":"https:\/\/pagina10.com\/web\/wp-json\/wp\/v2\/media?parent=17259"}],"wp:term":[{"taxonomy":"category","embeddable":true,"href":"https:\/\/pagina10.com\/web\/wp-json\/wp\/v2\/categories?post=17259"},{"taxonomy":"post_tag","embeddable":true,"href":"https:\/\/pagina10.com\/web\/wp-json\/wp\/v2\/tags?post=17259"}],"curies":[{"name":"wp","href":"https:\/\/api.w.org\/{rel}","templated":true}]}}