{"id":17261,"date":"2015-08-14T18:59:03","date_gmt":"2015-08-14T18:59:03","guid":{"rendered":"https:\/\/pagina10.com\/web\/las-propuestas-de-las-campanas-en-colombia-con-mas-preguntas-que-respuestas\/"},"modified":"2015-08-14T18:59:03","modified_gmt":"2015-08-14T18:59:03","slug":"las-propuestas-de-las-campanas-en-colombia-con-mas-preguntas-que-respuestas","status":"publish","type":"post","link":"https:\/\/pagina10.com\/web\/las-propuestas-de-las-campanas-en-colombia-con-mas-preguntas-que-respuestas\/","title":{"rendered":"Las propuestas de las campa\u00f1as en Colombia, con m\u00e1s preguntas que respuestas"},"content":{"rendered":"<p><img fetchpriority=\"high\" decoding=\"async\" class=\" size-full wp-image-17260\" src=\"https:\/\/pagina10.com\/web\/wp-content\/uploads\/2015\/08\/64e9583f12fa2776fbdc0da419df59b8.jpg\" alt=\"\" width=\"310\" height=\"195\" srcset=\"https:\/\/pagina10.com\/web\/wp-content\/uploads\/2015\/08\/64e9583f12fa2776fbdc0da419df59b8.jpg 310w, https:\/\/pagina10.com\/web\/wp-content\/uploads\/2015\/08\/64e9583f12fa2776fbdc0da419df59b8-300x189.jpg 300w\" sizes=\"(max-width: 310px) 100vw, 310px\" \/><\/p>\n<div style=\"text-align: justify;\">Desde el pasado 25 de julio, me he dado a la tarea de analizar las propuestas de los candidatos a las Gobernaciones y Alcald\u00edas en Colombia. Unos hablan de seguridad para el cambio, recatar a Bogot\u00e1, la voz de los que no tienen voz, un hombre con experiencia, cero a la corrupci\u00f3n. Marque as\u00ed. Lo cierto, es que quienes resulten elegidos para orientar los entes municipales y departamentales, deben de saber que la construcci\u00f3n de una victoria en las urnas, les representar\u00e1 una gran responsabilidad en el manejo de la administraci\u00f3n p\u00fablica.<\/div>\n<div style=\"text-align: justify;\">&nbsp;<\/div>\n<div style=\"text-align: justify;\">En decir, el \u00e9xito de su gesti\u00f3n descansa en 95 por ciento en una propuesta viable, sostenible y con visi\u00f3n de futuro. No coyuntural. Por lo que se ve a simple vista, al interior de las campa\u00f1as no hay existe una tendencia a innovar. Sino a seguir los mis par\u00e1metros de la \u00faltima d\u00e9cada en materia de comunicaci\u00f3n pol\u00edtica. Algo que es il\u00f3gico, para los tiempos que deber\u00e1 enfrentar los 32 departamentos del pa\u00eds, sumergido en un proceso de paz con la guerrilla de las FARC, que m\u00e1s all\u00e1 de un acuerdo final, significar\u00e1 la edificaci\u00f3n de un posconflicto dif\u00edcil, complejo, con m\u00e1s preguntas que respuestas en departamentos como Nari\u00f1o, Putumayo, Cundinamarca, Antioquia, C\u00f3rdoba y Tolima, donde&nbsp; el paso de la violencia ha dejado huella en el coraz\u00f3n de sus habitantes, pero tambi\u00e9n muerte, pobreza y desolaci\u00f3n.<\/div>\n<div style=\"text-align: justify;\">&nbsp;<\/div>\n<div style=\"text-align: justify;\">Quienes asumen el rol de candidatos, deben convertirse en poetas del cambio. Bajo ese concepto, se podr\u00e1 reconocer el territorio que se &nbsp;busca gobernar, con otro elemento adicional, en el a\u00f1o 2018, se presentar\u00e1 la elecci\u00f3n presidencial, que determinar\u00e1 el sucesor del presidente Juan Manuel Santos. Un hecho pol\u00edtico, que se debe tener en cuenta a la hora de colocar en marcha la campa\u00f1a.<\/div>\n<div style=\"text-align: justify;\">&nbsp;<\/div>\n<div style=\"text-align: justify;\">Desde ahora, los candidatos est\u00e1n llamados saber al reto que se enfrentan. No es solo a trav\u00e9s de propuestas publicitarias maquillladas o fruto del di\u00e1logo con equipos asesores publicitarios.&nbsp; Con esas herramientas, no van lograr el \u00e9xito, para orientar los destinos de ciudades como Bogot\u00e1, Cali, Pasto, o Medell\u00edn o departamentos tan complejos como el Cauca, que por la fuerza del posconflicto \u2013si se da ese paso- &nbsp;Est\u00e1 llamado a convertirse en laboratorio de paz, con la participaci\u00f3n de blancos, mestizos e ind\u00edgenas.<\/div>\n<div style=\"text-align: justify;\">&nbsp;<\/div>\n<div style=\"text-align: justify;\">No se puede perder lo que quieren los habitantes. Gracias a la comunicaci\u00f3n pol\u00edtica se le dar\u00e1 vida a las ciudades y regiones que se quieren constrr. Los futuros gobernanes tienen la tarea de motivar a la gente desde las primeras estructuras de la sociedad. El verdadero motivador de la Colombia del siglo XXI \u2013desde pues de las elecciones de octubre y su posesi\u00f3n en el 1 de enero de 2016- ser\u00e1 el&nbsp; Alcalde y Gobernador entrante, que tendr\u00e1 el poder de decisi\u00f3n sobre las acciones que se realicen.<\/div>\n<div style=\"text-align: justify;\">&nbsp;<\/div>\n<div dir=\"ltr\" style=\"text-align: justify;\">&nbsp;<\/div>\n<div dir=\"ltr\" style=\"text-align: justify;\">A\u00fan est\u00e1n a tiempo de ajustar sus propuestas de campa\u00f1a. Si no lo hacen caer\u00e1n el el abismo dela ingobernabilidad, de la incomunicaci\u00f3n. Despu\u00e9s no sirve llorar. Es no es gobernar. Es ausencia de liderazgo. De desconocimiento del territorio al que se postula como candidato a una corporaci\u00f3n p\u00fablica. Porque los avales hicieron \u201ca\u00f1icos\u201d a los partidos. Porque el el burgomaestre y mandatario no solo es el capit\u00e1n de un barco. Puede ser qui\u00e9n lleve a su ciudad y departamento a un buen destino. O destruya de un plumazo, los sue\u00f1os de sus coterr\u00e1neos. Tambi\u00e9n de una generaci\u00f3n, que es cr\u00edtica. Que tiene conocimiento. Que no traga entero y que lucha por su&nbsp; futuro individual. Tambi\u00e9n &nbsp;el de su familia. En lo particular, me llaman la atenci\u00f3n una propuesta. \u201cMisi\u00f3n Putumayo\u201d del candidato &nbsp;Gobernaci\u00f3n Jorge Coral y&nbsp; Bogot\u00e1 24 horas&nbsp; el candidato al Concejo Flavio Maya.<\/div>\n","protected":false},"excerpt":{"rendered":"<p>Desde el pasado 25 de julio, me he dado a la tarea de analizar las propuestas de los candidatos a las Gobernaciones y Alcald\u00edas en Colombia. Unos hablan de seguridad para el cambio, recatar a Bogot\u00e1, la voz de los que no tienen voz, un hombre con experiencia, cero a la corrupci\u00f3n. Marque as\u00ed. Lo [&hellip;]<\/p>\n","protected":false},"author":38,"featured_media":17260,"comment_status":"open","ping_status":"open","sticky":false,"template":"","format":"standard","meta":{"footnotes":""},"categories":[1],"tags":[],"class_list":["post-17261","post","type-post","status-publish","format-standard","has-post-thumbnail","hentry","category-sin-categoria"],"yoast_head":"<!-- This site is optimized with the Yoast SEO plugin v27.1.1 - https:\/\/yoast.com\/product\/yoast-seo-wordpress\/ -->\n<title>Las propuestas de las campa\u00f1as en Colombia, con m\u00e1s preguntas que respuestas | P\u00e1gina10<\/title>\n<meta name=\"robots\" content=\"index, follow, max-snippet:-1, max-image-preview:large, max-video-preview:-1\" \/>\n<link rel=\"canonical\" href=\"https:\/\/pagina10.com\/web\/las-propuestas-de-las-campanas-en-colombia-con-mas-preguntas-que-respuestas\/\" \/>\n<meta property=\"og:locale\" content=\"es_ES\" \/>\n<meta property=\"og:type\" content=\"article\" \/>\n<meta property=\"og:title\" content=\"Las propuestas de las campa\u00f1as en Colombia, con m\u00e1s preguntas que respuestas | P\u00e1gina10\" \/>\n<meta property=\"og:description\" content=\"Desde el pasado 25 de julio, me he dado a la tarea de analizar las propuestas de los candidatos a las Gobernaciones y Alcald\u00edas en Colombia. Unos hablan de seguridad para el cambio, recatar a Bogot\u00e1, la voz de los que no tienen voz, un hombre con experiencia, cero a la corrupci\u00f3n. Marque as\u00ed. Lo [&hellip;]\" \/>\n<meta property=\"og:url\" content=\"https:\/\/pagina10.com\/web\/las-propuestas-de-las-campanas-en-colombia-con-mas-preguntas-que-respuestas\/\" \/>\n<meta property=\"og:site_name\" content=\"P\u00e1gina10\" \/>\n<meta property=\"article:publisher\" content=\"https:\/\/www.facebook.com\/pag10com\" \/>\n<meta property=\"article:published_time\" content=\"2015-08-14T18:59:03+00:00\" \/>\n<meta property=\"og:image\" content=\"https:\/\/pagina10.com\/web\/wp-content\/uploads\/2015\/08\/64e9583f12fa2776fbdc0da419df59b8.jpg\" \/>\n\t<meta property=\"og:image:width\" content=\"310\" \/>\n\t<meta property=\"og:image:height\" content=\"195\" \/>\n\t<meta property=\"og:image:type\" content=\"image\/jpeg\" \/>\n<meta name=\"author\" content=\"Carlos Villota Santacruz.\" \/>\n<meta name=\"twitter:card\" content=\"summary_large_image\" \/>\n<meta name=\"twitter:creator\" content=\"@Pag10com\" \/>\n<meta name=\"twitter:site\" content=\"@Pag10com\" \/>\n<meta name=\"twitter:label1\" content=\"Escrito por\" \/>\n\t<meta name=\"twitter:data1\" content=\"Carlos Villota Santacruz.\" \/>\n\t<meta name=\"twitter:label2\" content=\"Tiempo de lectura\" \/>\n\t<meta name=\"twitter:data2\" content=\"3 minutos\" \/>\n<script type=\"application\/ld+json\" class=\"yoast-schema-graph\">{\"@context\":\"https:\/\/schema.org\",\"@graph\":[{\"@type\":\"Article\",\"@id\":\"https:\/\/pagina10.com\/web\/las-propuestas-de-las-campanas-en-colombia-con-mas-preguntas-que-respuestas\/#article\",\"isPartOf\":{\"@id\":\"https:\/\/pagina10.com\/web\/las-propuestas-de-las-campanas-en-colombia-con-mas-preguntas-que-respuestas\/\"},\"author\":{\"name\":\"Carlos Villota Santacruz.\",\"@id\":\"https:\/\/pagina10.com\/web\/#\/schema\/person\/b459e2d15ec5ba9d5a2c9a81c71c4f7b\"},\"headline\":\"Las propuestas de las campa\u00f1as en Colombia, con m\u00e1s preguntas que respuestas\",\"datePublished\":\"2015-08-14T18:59:03+00:00\",\"mainEntityOfPage\":{\"@id\":\"https:\/\/pagina10.com\/web\/las-propuestas-de-las-campanas-en-colombia-con-mas-preguntas-que-respuestas\/\"},\"wordCount\":692,\"commentCount\":0,\"publisher\":{\"@id\":\"https:\/\/pagina10.com\/web\/#organization\"},\"image\":{\"@id\":\"https:\/\/pagina10.com\/web\/las-propuestas-de-las-campanas-en-colombia-con-mas-preguntas-que-respuestas\/#primaryimage\"},\"thumbnailUrl\":\"https:\/\/pagina10.com\/web\/wp-content\/uploads\/2015\/08\/64e9583f12fa2776fbdc0da419df59b8.jpg\",\"inLanguage\":\"es\",\"potentialAction\":[{\"@type\":\"CommentAction\",\"name\":\"Comment\",\"target\":[\"https:\/\/pagina10.com\/web\/las-propuestas-de-las-campanas-en-colombia-con-mas-preguntas-que-respuestas\/#respond\"]}]},{\"@type\":\"WebPage\",\"@id\":\"https:\/\/pagina10.com\/web\/las-propuestas-de-las-campanas-en-colombia-con-mas-preguntas-que-respuestas\/\",\"url\":\"https:\/\/pagina10.com\/web\/las-propuestas-de-las-campanas-en-colombia-con-mas-preguntas-que-respuestas\/\",\"name\":\"Las propuestas de las campa\u00f1as en Colombia, con m\u00e1s preguntas que respuestas | P\u00e1gina10\",\"isPartOf\":{\"@id\":\"https:\/\/pagina10.com\/web\/#website\"},\"primaryImageOfPage\":{\"@id\":\"https:\/\/pagina10.com\/web\/las-propuestas-de-las-campanas-en-colombia-con-mas-preguntas-que-respuestas\/#primaryimage\"},\"image\":{\"@id\":\"https:\/\/pagina10.com\/web\/las-propuestas-de-las-campanas-en-colombia-con-mas-preguntas-que-respuestas\/#primaryimage\"},\"thumbnailUrl\":\"https:\/\/pagina10.com\/web\/wp-content\/uploads\/2015\/08\/64e9583f12fa2776fbdc0da419df59b8.jpg\",\"datePublished\":\"2015-08-14T18:59:03+00:00\",\"breadcrumb\":{\"@id\":\"https:\/\/pagina10.com\/web\/las-propuestas-de-las-campanas-en-colombia-con-mas-preguntas-que-respuestas\/#breadcrumb\"},\"inLanguage\":\"es\",\"potentialAction\":[{\"@type\":\"ReadAction\",\"target\":[\"https:\/\/pagina10.com\/web\/las-propuestas-de-las-campanas-en-colombia-con-mas-preguntas-que-respuestas\/\"]}]},{\"@type\":\"ImageObject\",\"inLanguage\":\"es\",\"@id\":\"https:\/\/pagina10.com\/web\/las-propuestas-de-las-campanas-en-colombia-con-mas-preguntas-que-respuestas\/#primaryimage\",\"url\":\"https:\/\/pagina10.com\/web\/wp-content\/uploads\/2015\/08\/64e9583f12fa2776fbdc0da419df59b8.jpg\",\"contentUrl\":\"https:\/\/pagina10.com\/web\/wp-content\/uploads\/2015\/08\/64e9583f12fa2776fbdc0da419df59b8.jpg\",\"width\":310,\"height\":195},{\"@type\":\"BreadcrumbList\",\"@id\":\"https:\/\/pagina10.com\/web\/las-propuestas-de-las-campanas-en-colombia-con-mas-preguntas-que-respuestas\/#breadcrumb\",\"itemListElement\":[{\"@type\":\"ListItem\",\"position\":1,\"name\":\"Portada\",\"item\":\"https:\/\/pagina10.com\/web\/\"},{\"@type\":\"ListItem\",\"position\":2,\"name\":\"Las propuestas de las campa\u00f1as en Colombia, con m\u00e1s preguntas que respuestas\"}]},{\"@type\":\"WebSite\",\"@id\":\"https:\/\/pagina10.com\/web\/#website\",\"url\":\"https:\/\/pagina10.com\/web\/\",\"name\":\"P\u00e1gina10\",\"description\":\"Peri\u00f3dico Regional\",\"publisher\":{\"@id\":\"https:\/\/pagina10.com\/web\/#organization\"},\"alternateName\":\"P\u00e1gina10 Peri\u00f3dico Regional\",\"potentialAction\":[{\"@type\":\"SearchAction\",\"target\":{\"@type\":\"EntryPoint\",\"urlTemplate\":\"https:\/\/pagina10.com\/web\/?s={search_term_string}\"},\"query-input\":{\"@type\":\"PropertyValueSpecification\",\"valueRequired\":true,\"valueName\":\"search_term_string\"}}],\"inLanguage\":\"es\"},{\"@type\":\"Organization\",\"@id\":\"https:\/\/pagina10.com\/web\/#organization\",\"name\":\"P\u00e1gina10\",\"alternateName\":\"P\u00e1gina10 Peri\u00f3dico Regional\",\"url\":\"https:\/\/pagina10.com\/web\/\",\"logo\":{\"@type\":\"ImageObject\",\"inLanguage\":\"es\",\"@id\":\"https:\/\/pagina10.com\/web\/#\/schema\/logo\/image\/\",\"url\":\"https:\/\/pagina10.com\/web\/wp-content\/uploads\/2024\/01\/40-pagina-10-periodico-regional-pasto.jpg\",\"contentUrl\":\"https:\/\/pagina10.com\/web\/wp-content\/uploads\/2024\/01\/40-pagina-10-periodico-regional-pasto.jpg\",\"width\":1280,\"height\":720,\"caption\":\"P\u00e1gina10\"},\"image\":{\"@id\":\"https:\/\/pagina10.com\/web\/#\/schema\/logo\/image\/\"},\"sameAs\":[\"https:\/\/www.facebook.com\/pag10com\",\"https:\/\/x.com\/Pag10com\",\"https:\/\/www.instagram.com\/pagina10col\/\",\"https:\/\/youtube.com\/channel\/pag10\",\"https:\/\/www.tiktok.com\/@p10col\"]},{\"@type\":\"Person\",\"@id\":\"https:\/\/pagina10.com\/web\/#\/schema\/person\/b459e2d15ec5ba9d5a2c9a81c71c4f7b\",\"name\":\"Carlos Villota Santacruz.\",\"description\":\"Internacionalista-Comunicador Social y Periodista. Experto en Comunicaci\u00f3n para el desarrollo y ciudad-regi\u00f3n.. Promotor de proyectos e investigaci\u00f3n comunicativa en radio, prensa y televisi\u00f3n. Experiencia en el manejo de imagen externa, interna y protocolaria de entidades p\u00fablicas y privadas, encuentros culturales, empresariales y ambientales. Docente en el \u00e1rea de televisi\u00f3n, relaciones internacionales y bloques econ\u00f3micos. Experto y conferencista en temas de marketing pol\u00edtico, marketing de ciudad, integraci\u00f3n cultural, TLC y desarrollo urban\u00edstico. E-mail: villotasantacruzcarlos@yahoo.com.co\",\"url\":\"https:\/\/pagina10.com\/web\/author\/cvillota\/\"}]}<\/script>\n<!-- \/ Yoast SEO plugin. -->","yoast_head_json":{"title":"Las propuestas de las campa\u00f1as en Colombia, con m\u00e1s preguntas que respuestas | P\u00e1gina10","robots":{"index":"index","follow":"follow","max-snippet":"max-snippet:-1","max-image-preview":"max-image-preview:large","max-video-preview":"max-video-preview:-1"},"canonical":"https:\/\/pagina10.com\/web\/las-propuestas-de-las-campanas-en-colombia-con-mas-preguntas-que-respuestas\/","og_locale":"es_ES","og_type":"article","og_title":"Las propuestas de las campa\u00f1as en Colombia, con m\u00e1s preguntas que respuestas | P\u00e1gina10","og_description":"Desde el pasado 25 de julio, me he dado a la tarea de analizar las propuestas de los candidatos a las Gobernaciones y Alcald\u00edas en Colombia. Unos hablan de seguridad para el cambio, recatar a Bogot\u00e1, la voz de los que no tienen voz, un hombre con experiencia, cero a la corrupci\u00f3n. Marque as\u00ed. Lo [&hellip;]","og_url":"https:\/\/pagina10.com\/web\/las-propuestas-de-las-campanas-en-colombia-con-mas-preguntas-que-respuestas\/","og_site_name":"P\u00e1gina10","article_publisher":"https:\/\/www.facebook.com\/pag10com","article_published_time":"2015-08-14T18:59:03+00:00","og_image":[{"width":310,"height":195,"url":"https:\/\/pagina10.com\/web\/wp-content\/uploads\/2015\/08\/64e9583f12fa2776fbdc0da419df59b8.jpg","type":"image\/jpeg"}],"author":"Carlos Villota Santacruz.","twitter_card":"summary_large_image","twitter_creator":"@Pag10com","twitter_site":"@Pag10com","twitter_misc":{"Escrito por":"Carlos Villota Santacruz.","Tiempo de lectura":"3 minutos"},"schema":{"@context":"https:\/\/schema.org","@graph":[{"@type":"Article","@id":"https:\/\/pagina10.com\/web\/las-propuestas-de-las-campanas-en-colombia-con-mas-preguntas-que-respuestas\/#article","isPartOf":{"@id":"https:\/\/pagina10.com\/web\/las-propuestas-de-las-campanas-en-colombia-con-mas-preguntas-que-respuestas\/"},"author":{"name":"Carlos Villota Santacruz.","@id":"https:\/\/pagina10.com\/web\/#\/schema\/person\/b459e2d15ec5ba9d5a2c9a81c71c4f7b"},"headline":"Las propuestas de las campa\u00f1as en Colombia, con m\u00e1s preguntas que respuestas","datePublished":"2015-08-14T18:59:03+00:00","mainEntityOfPage":{"@id":"https:\/\/pagina10.com\/web\/las-propuestas-de-las-campanas-en-colombia-con-mas-preguntas-que-respuestas\/"},"wordCount":692,"commentCount":0,"publisher":{"@id":"https:\/\/pagina10.com\/web\/#organization"},"image":{"@id":"https:\/\/pagina10.com\/web\/las-propuestas-de-las-campanas-en-colombia-con-mas-preguntas-que-respuestas\/#primaryimage"},"thumbnailUrl":"https:\/\/pagina10.com\/web\/wp-content\/uploads\/2015\/08\/64e9583f12fa2776fbdc0da419df59b8.jpg","inLanguage":"es","potentialAction":[{"@type":"CommentAction","name":"Comment","target":["https:\/\/pagina10.com\/web\/las-propuestas-de-las-campanas-en-colombia-con-mas-preguntas-que-respuestas\/#respond"]}]},{"@type":"WebPage","@id":"https:\/\/pagina10.com\/web\/las-propuestas-de-las-campanas-en-colombia-con-mas-preguntas-que-respuestas\/","url":"https:\/\/pagina10.com\/web\/las-propuestas-de-las-campanas-en-colombia-con-mas-preguntas-que-respuestas\/","name":"Las propuestas de las campa\u00f1as en Colombia, con m\u00e1s preguntas que respuestas | P\u00e1gina10","isPartOf":{"@id":"https:\/\/pagina10.com\/web\/#website"},"primaryImageOfPage":{"@id":"https:\/\/pagina10.com\/web\/las-propuestas-de-las-campanas-en-colombia-con-mas-preguntas-que-respuestas\/#primaryimage"},"image":{"@id":"https:\/\/pagina10.com\/web\/las-propuestas-de-las-campanas-en-colombia-con-mas-preguntas-que-respuestas\/#primaryimage"},"thumbnailUrl":"https:\/\/pagina10.com\/web\/wp-content\/uploads\/2015\/08\/64e9583f12fa2776fbdc0da419df59b8.jpg","datePublished":"2015-08-14T18:59:03+00:00","breadcrumb":{"@id":"https:\/\/pagina10.com\/web\/las-propuestas-de-las-campanas-en-colombia-con-mas-preguntas-que-respuestas\/#breadcrumb"},"inLanguage":"es","potentialAction":[{"@type":"ReadAction","target":["https:\/\/pagina10.com\/web\/las-propuestas-de-las-campanas-en-colombia-con-mas-preguntas-que-respuestas\/"]}]},{"@type":"ImageObject","inLanguage":"es","@id":"https:\/\/pagina10.com\/web\/las-propuestas-de-las-campanas-en-colombia-con-mas-preguntas-que-respuestas\/#primaryimage","url":"https:\/\/pagina10.com\/web\/wp-content\/uploads\/2015\/08\/64e9583f12fa2776fbdc0da419df59b8.jpg","contentUrl":"https:\/\/pagina10.com\/web\/wp-content\/uploads\/2015\/08\/64e9583f12fa2776fbdc0da419df59b8.jpg","width":310,"height":195},{"@type":"BreadcrumbList","@id":"https:\/\/pagina10.com\/web\/las-propuestas-de-las-campanas-en-colombia-con-mas-preguntas-que-respuestas\/#breadcrumb","itemListElement":[{"@type":"ListItem","position":1,"name":"Portada","item":"https:\/\/pagina10.com\/web\/"},{"@type":"ListItem","position":2,"name":"Las propuestas de las campa\u00f1as en Colombia, con m\u00e1s preguntas que respuestas"}]},{"@type":"WebSite","@id":"https:\/\/pagina10.com\/web\/#website","url":"https:\/\/pagina10.com\/web\/","name":"P\u00e1gina10","description":"Peri\u00f3dico Regional","publisher":{"@id":"https:\/\/pagina10.com\/web\/#organization"},"alternateName":"P\u00e1gina10 Peri\u00f3dico Regional","potentialAction":[{"@type":"SearchAction","target":{"@type":"EntryPoint","urlTemplate":"https:\/\/pagina10.com\/web\/?s={search_term_string}"},"query-input":{"@type":"PropertyValueSpecification","valueRequired":true,"valueName":"search_term_string"}}],"inLanguage":"es"},{"@type":"Organization","@id":"https:\/\/pagina10.com\/web\/#organization","name":"P\u00e1gina10","alternateName":"P\u00e1gina10 Peri\u00f3dico Regional","url":"https:\/\/pagina10.com\/web\/","logo":{"@type":"ImageObject","inLanguage":"es","@id":"https:\/\/pagina10.com\/web\/#\/schema\/logo\/image\/","url":"https:\/\/pagina10.com\/web\/wp-content\/uploads\/2024\/01\/40-pagina-10-periodico-regional-pasto.jpg","contentUrl":"https:\/\/pagina10.com\/web\/wp-content\/uploads\/2024\/01\/40-pagina-10-periodico-regional-pasto.jpg","width":1280,"height":720,"caption":"P\u00e1gina10"},"image":{"@id":"https:\/\/pagina10.com\/web\/#\/schema\/logo\/image\/"},"sameAs":["https:\/\/www.facebook.com\/pag10com","https:\/\/x.com\/Pag10com","https:\/\/www.instagram.com\/pagina10col\/","https:\/\/youtube.com\/channel\/pag10","https:\/\/www.tiktok.com\/@p10col"]},{"@type":"Person","@id":"https:\/\/pagina10.com\/web\/#\/schema\/person\/b459e2d15ec5ba9d5a2c9a81c71c4f7b","name":"Carlos Villota Santacruz.","description":"Internacionalista-Comunicador Social y Periodista. Experto en Comunicaci\u00f3n para el desarrollo y ciudad-regi\u00f3n.. Promotor de proyectos e investigaci\u00f3n comunicativa en radio, prensa y televisi\u00f3n. Experiencia en el manejo de imagen externa, interna y protocolaria de entidades p\u00fablicas y privadas, encuentros culturales, empresariales y ambientales. Docente en el \u00e1rea de televisi\u00f3n, relaciones internacionales y bloques econ\u00f3micos. Experto y conferencista en temas de marketing pol\u00edtico, marketing de ciudad, integraci\u00f3n cultural, TLC y desarrollo urban\u00edstico. E-mail: villotasantacruzcarlos@yahoo.com.co","url":"https:\/\/pagina10.com\/web\/author\/cvillota\/"}]}},"_links":{"self":[{"href":"https:\/\/pagina10.com\/web\/wp-json\/wp\/v2\/posts\/17261","targetHints":{"allow":["GET"]}}],"collection":[{"href":"https:\/\/pagina10.com\/web\/wp-json\/wp\/v2\/posts"}],"about":[{"href":"https:\/\/pagina10.com\/web\/wp-json\/wp\/v2\/types\/post"}],"author":[{"embeddable":true,"href":"https:\/\/pagina10.com\/web\/wp-json\/wp\/v2\/users\/38"}],"replies":[{"embeddable":true,"href":"https:\/\/pagina10.com\/web\/wp-json\/wp\/v2\/comments?post=17261"}],"version-history":[{"count":0,"href":"https:\/\/pagina10.com\/web\/wp-json\/wp\/v2\/posts\/17261\/revisions"}],"wp:featuredmedia":[{"embeddable":true,"href":"https:\/\/pagina10.com\/web\/wp-json\/wp\/v2\/media\/17260"}],"wp:attachment":[{"href":"https:\/\/pagina10.com\/web\/wp-json\/wp\/v2\/media?parent=17261"}],"wp:term":[{"taxonomy":"category","embeddable":true,"href":"https:\/\/pagina10.com\/web\/wp-json\/wp\/v2\/categories?post=17261"},{"taxonomy":"post_tag","embeddable":true,"href":"https:\/\/pagina10.com\/web\/wp-json\/wp\/v2\/tags?post=17261"}],"curies":[{"name":"wp","href":"https:\/\/api.w.org\/{rel}","templated":true}]}}