{"id":17263,"date":"2015-08-14T19:00:54","date_gmt":"2015-08-14T19:00:54","guid":{"rendered":"https:\/\/pagina10.com\/web\/men-busca-jovenes-para-ejercer-la-docencia\/"},"modified":"2015-08-14T19:00:54","modified_gmt":"2015-08-14T19:00:54","slug":"men-busca-jovenes-para-ejercer-la-docencia","status":"publish","type":"post","link":"https:\/\/pagina10.com\/web\/men-busca-jovenes-para-ejercer-la-docencia\/","title":{"rendered":"MEN busca j\u00f3venes para ejercer la docencia"},"content":{"rendered":"<p><img fetchpriority=\"high\" decoding=\"async\" class=\" size-full wp-image-17262\" src=\"https:\/\/pagina10.com\/web\/wp-content\/uploads\/2015\/08\/be01885149a7f31a5fe0ae1d3a8e99b5.jpg\" alt=\"\" width=\"310\" height=\"195\" srcset=\"https:\/\/pagina10.com\/web\/wp-content\/uploads\/2015\/08\/be01885149a7f31a5fe0ae1d3a8e99b5.jpg 310w, https:\/\/pagina10.com\/web\/wp-content\/uploads\/2015\/08\/be01885149a7f31a5fe0ae1d3a8e99b5-300x189.jpg 300w\" sizes=\"(max-width: 310px) 100vw, 310px\" \/><\/p>\n<p style=\"text-align: justify;\">La mineducaci\u00f3n Gina Parody pretende ahora extender el programa \u201cSer pilo paga\u201d a captar j\u00f3venes para ejercer la docencia. El decano de educaci\u00f3n UdeA Carlos Soto hace un an\u00e1lisis de \u00e9l (EL MUNDO, 04.VIII.15) y, en el espacio que permite una columna period\u00edstica, le encuentra algunas inconsistencias, en las que se muestra generoso quiz\u00e1.<\/p>\n<p style=\"text-align: justify;\">Se ha vuelto usual que al comienzo de cada a\u00f1o lectivo las secretar\u00edas&nbsp; de educaci\u00f3n, municipales o departamentales, se vean a gatas para satisfacer la demanda de docentes en las instituciones educativas a su cargo. La escasez se da por renuncias o por el natural proceso vital. Pero adem\u00e1s, cada vez hay menos j\u00f3venes que toman la carrera docente y los que la ejercen se retiran por mejores expectativas, generalmente salariales. Sin contar con los riesgos para la propia integridad y vida, la docencia en Colombia siempre se ha considerado una \u201cprofesi\u00f3n mendicante\u201d. Las facultades de educaci\u00f3n de muchas universidades han debido cerrar programas de varias disciplinas por falta de estudiantes. A veces toda la facultad. El problema avanza de manera acelerada.<\/p>\n<p style=\"text-align: justify;\">Uno de los indicadores obligados es la tabla salarial. Veamos la de 2015. Los docentes se dividen entre aquellos que se rigen por el Decreto Ley 2277 de 1979 y la de los que pertenecen al Decreto Ley 1278 de 2002. En el primero se contemplan 16 grados, comenzando desde los grados menores A y B, continuando con los ordinales de 1 hasta 14 (\u00faltimo en esa tabla). El grado A tendr\u00eda una asignaci\u00f3n b\u00e1sica mensual de $703.352 y la mayor (14) de $2.866.699. Un licenciado en educaci\u00f3n, reci\u00e9n egresado, estar\u00eda en $1.256.499. Utilizo el verbo en tiempo pospret\u00e9rito o condicional -\u201cestar\u00eda\u201d- porque actualmente a todo nuevo docente que ingresa lo rige el Decreto 1278 de 2002.<\/p>\n<p style=\"text-align: justify;\">En esta nueva escala hay un galimat\u00edas de niveles y subniveles. En el primer nivel hay cuatro subniveles A, B, C y D. La m\u00ednima (A) tiene una asignaci\u00f3n b\u00e1sica de 1.185.837: para normalista superior o tecn\u00f3logo en educaci\u00f3n, que comienza.<\/p>\n<p style=\"text-align: justify;\">El segundo tiene 8 subniveles y cada subnivel aqu\u00ed cuenta con dos sub-subniveles para un total de 16. Debe ser licenciado en educaci\u00f3n o profesional universitario no licenciado. Comienza con $1.492.462. Si logra pasar esta carrera de a\u00f1os, t\u00edtulos y ex\u00e1menes de 16 subniveles y obtiene una maestr\u00eda en educaci\u00f3n su sueldo ser\u00e1 3.130.092, si es un doctorado tambi\u00e9n en educaci\u00f3n ser\u00e1 de $3.538.365.<\/p>\n<p style=\"text-align: justify;\">El tercer nivel \u2013\u00faltimo- es para aquellos que, siendo licenciados en educaci\u00f3n o profesionales no licenciados, comiencen a laborar con maestr\u00eda o doctorado. Tiene cuatro subniveles y cada subnivel dos sub-sub niveles, para un total de ocho subniveles. Quien culmina, si \u201cs\u00f3lo se queda en la maestr\u00eda donde inici\u00f3\u201d, al final de la escala tendr\u00e1 una asignaci\u00f3n b\u00e1sica mensual de $4.238.335 o de 5.638.619&nbsp; si es doctor. Claro que todo esto est\u00e1 supeditado a pasar ex\u00e1menes-concurso, que raramente son aprobados, y, una vez surtido este logro, su caso pasa a las reuniones de las juntas de escalaf\u00f3n que, por lo general, lo olvidan por a\u00f1os. El examen ha tenido varias denuncias de que por sus incoherencias e inconsistencias est\u00e1 hecho a prop\u00f3sito para \u201crajar\u201d. Adem\u00e1s, de ciertas categor\u00edas en adelante, en esta escala, s\u00f3lo se puede ascender \u2013por concurso- si la junta considera que existe la vacante, o sea, si otro docente se retira o fallece.<\/p>\n<p style=\"text-align: justify;\">Por eso he repetido, la mineducaci\u00f3n gobierna para la tribuna. Lo que, por ahora, en&nbsp; verdad le interesa es llegar a ser alcaldesa de Bogot\u00e1 (fracas\u00f3 un primer intento), escal\u00f3n para la presidencia, supondr\u00e1. Pienso que m\u00e1s que mejorar la educaci\u00f3n \u2013proceso mucho m\u00e1s largo del que se necesit\u00f3 para su descalabro- lo que prefiere ella es mostrar \u00edndices, sean o no consistentes, sean o no coherentes. Y pensar que se\u00f1al\u00f3 a lo largo ya ancho la TV del pa\u00eds que el promedio del sueldo actual de los maestros es de dos millones y medio. \u00bfCinismo o incompetencia o ignorancia?&nbsp;<\/p>\n","protected":false},"excerpt":{"rendered":"<p>La mineducaci\u00f3n Gina Parody pretende ahora extender el programa \u201cSer pilo paga\u201d a captar j\u00f3venes para ejercer la docencia. El decano de educaci\u00f3n UdeA Carlos Soto hace un an\u00e1lisis de \u00e9l (EL MUNDO, 04.VIII.15) y, en el espacio que permite una columna period\u00edstica, le encuentra algunas inconsistencias, en las que se muestra generoso quiz\u00e1. Se [&hellip;]<\/p>\n","protected":false},"author":59,"featured_media":17262,"comment_status":"open","ping_status":"open","sticky":false,"template":"","format":"standard","meta":{"footnotes":""},"categories":[1],"tags":[],"class_list":["post-17263","post","type-post","status-publish","format-standard","has-post-thumbnail","hentry","category-sin-categoria"],"yoast_head":"<!-- This site is optimized with the Yoast SEO plugin v27.1.1 - https:\/\/yoast.com\/product\/yoast-seo-wordpress\/ -->\n<title>MEN busca j\u00f3venes para ejercer la docencia | P\u00e1gina10<\/title>\n<meta name=\"robots\" content=\"index, follow, max-snippet:-1, max-image-preview:large, max-video-preview:-1\" \/>\n<link rel=\"canonical\" href=\"https:\/\/pagina10.com\/web\/men-busca-jovenes-para-ejercer-la-docencia\/\" \/>\n<meta property=\"og:locale\" content=\"es_ES\" \/>\n<meta property=\"og:type\" content=\"article\" \/>\n<meta property=\"og:title\" content=\"MEN busca j\u00f3venes para ejercer la docencia | P\u00e1gina10\" \/>\n<meta property=\"og:description\" content=\"La mineducaci\u00f3n Gina Parody pretende ahora extender el programa \u201cSer pilo paga\u201d a captar j\u00f3venes para ejercer la docencia. El decano de educaci\u00f3n UdeA Carlos Soto hace un an\u00e1lisis de \u00e9l (EL MUNDO, 04.VIII.15) y, en el espacio que permite una columna period\u00edstica, le encuentra algunas inconsistencias, en las que se muestra generoso quiz\u00e1. Se [&hellip;]\" \/>\n<meta property=\"og:url\" content=\"https:\/\/pagina10.com\/web\/men-busca-jovenes-para-ejercer-la-docencia\/\" \/>\n<meta property=\"og:site_name\" content=\"P\u00e1gina10\" \/>\n<meta property=\"article:publisher\" content=\"https:\/\/www.facebook.com\/pag10com\" \/>\n<meta property=\"article:published_time\" content=\"2015-08-14T19:00:54+00:00\" \/>\n<meta property=\"og:image\" content=\"https:\/\/pagina10.com\/web\/wp-content\/uploads\/2015\/08\/be01885149a7f31a5fe0ae1d3a8e99b5.jpg\" \/>\n\t<meta property=\"og:image:width\" content=\"310\" \/>\n\t<meta property=\"og:image:height\" content=\"195\" \/>\n\t<meta property=\"og:image:type\" content=\"image\/jpeg\" \/>\n<meta name=\"author\" content=\"Alejandro Garc\u00eda G\u00f3mez\" \/>\n<meta name=\"twitter:card\" content=\"summary_large_image\" \/>\n<meta name=\"twitter:creator\" content=\"@Pag10com\" \/>\n<meta name=\"twitter:site\" content=\"@Pag10com\" \/>\n<meta name=\"twitter:label1\" content=\"Escrito por\" \/>\n\t<meta name=\"twitter:data1\" content=\"Alejandro Garc\u00eda G\u00f3mez\" \/>\n\t<meta name=\"twitter:label2\" content=\"Tiempo de lectura\" \/>\n\t<meta name=\"twitter:data2\" content=\"3 minutos\" \/>\n<script type=\"application\/ld+json\" class=\"yoast-schema-graph\">{\"@context\":\"https:\/\/schema.org\",\"@graph\":[{\"@type\":\"Article\",\"@id\":\"https:\/\/pagina10.com\/web\/men-busca-jovenes-para-ejercer-la-docencia\/#article\",\"isPartOf\":{\"@id\":\"https:\/\/pagina10.com\/web\/men-busca-jovenes-para-ejercer-la-docencia\/\"},\"author\":{\"name\":\"Alejandro Garc\u00eda G\u00f3mez\",\"@id\":\"https:\/\/pagina10.com\/web\/#\/schema\/person\/32dd7fe2d17eae01d1dd28ccc4578e98\"},\"headline\":\"MEN busca j\u00f3venes para ejercer la docencia\",\"datePublished\":\"2015-08-14T19:00:54+00:00\",\"mainEntityOfPage\":{\"@id\":\"https:\/\/pagina10.com\/web\/men-busca-jovenes-para-ejercer-la-docencia\/\"},\"wordCount\":699,\"commentCount\":0,\"publisher\":{\"@id\":\"https:\/\/pagina10.com\/web\/#organization\"},\"image\":{\"@id\":\"https:\/\/pagina10.com\/web\/men-busca-jovenes-para-ejercer-la-docencia\/#primaryimage\"},\"thumbnailUrl\":\"https:\/\/pagina10.com\/web\/wp-content\/uploads\/2015\/08\/be01885149a7f31a5fe0ae1d3a8e99b5.jpg\",\"inLanguage\":\"es\",\"potentialAction\":[{\"@type\":\"CommentAction\",\"name\":\"Comment\",\"target\":[\"https:\/\/pagina10.com\/web\/men-busca-jovenes-para-ejercer-la-docencia\/#respond\"]}]},{\"@type\":\"WebPage\",\"@id\":\"https:\/\/pagina10.com\/web\/men-busca-jovenes-para-ejercer-la-docencia\/\",\"url\":\"https:\/\/pagina10.com\/web\/men-busca-jovenes-para-ejercer-la-docencia\/\",\"name\":\"MEN busca j\u00f3venes para ejercer la docencia | P\u00e1gina10\",\"isPartOf\":{\"@id\":\"https:\/\/pagina10.com\/web\/#website\"},\"primaryImageOfPage\":{\"@id\":\"https:\/\/pagina10.com\/web\/men-busca-jovenes-para-ejercer-la-docencia\/#primaryimage\"},\"image\":{\"@id\":\"https:\/\/pagina10.com\/web\/men-busca-jovenes-para-ejercer-la-docencia\/#primaryimage\"},\"thumbnailUrl\":\"https:\/\/pagina10.com\/web\/wp-content\/uploads\/2015\/08\/be01885149a7f31a5fe0ae1d3a8e99b5.jpg\",\"datePublished\":\"2015-08-14T19:00:54+00:00\",\"breadcrumb\":{\"@id\":\"https:\/\/pagina10.com\/web\/men-busca-jovenes-para-ejercer-la-docencia\/#breadcrumb\"},\"inLanguage\":\"es\",\"potentialAction\":[{\"@type\":\"ReadAction\",\"target\":[\"https:\/\/pagina10.com\/web\/men-busca-jovenes-para-ejercer-la-docencia\/\"]}]},{\"@type\":\"ImageObject\",\"inLanguage\":\"es\",\"@id\":\"https:\/\/pagina10.com\/web\/men-busca-jovenes-para-ejercer-la-docencia\/#primaryimage\",\"url\":\"https:\/\/pagina10.com\/web\/wp-content\/uploads\/2015\/08\/be01885149a7f31a5fe0ae1d3a8e99b5.jpg\",\"contentUrl\":\"https:\/\/pagina10.com\/web\/wp-content\/uploads\/2015\/08\/be01885149a7f31a5fe0ae1d3a8e99b5.jpg\",\"width\":310,\"height\":195},{\"@type\":\"BreadcrumbList\",\"@id\":\"https:\/\/pagina10.com\/web\/men-busca-jovenes-para-ejercer-la-docencia\/#breadcrumb\",\"itemListElement\":[{\"@type\":\"ListItem\",\"position\":1,\"name\":\"Portada\",\"item\":\"https:\/\/pagina10.com\/web\/\"},{\"@type\":\"ListItem\",\"position\":2,\"name\":\"MEN busca j\u00f3venes para ejercer la docencia\"}]},{\"@type\":\"WebSite\",\"@id\":\"https:\/\/pagina10.com\/web\/#website\",\"url\":\"https:\/\/pagina10.com\/web\/\",\"name\":\"P\u00e1gina10\",\"description\":\"Peri\u00f3dico Regional\",\"publisher\":{\"@id\":\"https:\/\/pagina10.com\/web\/#organization\"},\"alternateName\":\"P\u00e1gina10 Peri\u00f3dico Regional\",\"potentialAction\":[{\"@type\":\"SearchAction\",\"target\":{\"@type\":\"EntryPoint\",\"urlTemplate\":\"https:\/\/pagina10.com\/web\/?s={search_term_string}\"},\"query-input\":{\"@type\":\"PropertyValueSpecification\",\"valueRequired\":true,\"valueName\":\"search_term_string\"}}],\"inLanguage\":\"es\"},{\"@type\":\"Organization\",\"@id\":\"https:\/\/pagina10.com\/web\/#organization\",\"name\":\"P\u00e1gina10\",\"alternateName\":\"P\u00e1gina10 Peri\u00f3dico Regional\",\"url\":\"https:\/\/pagina10.com\/web\/\",\"logo\":{\"@type\":\"ImageObject\",\"inLanguage\":\"es\",\"@id\":\"https:\/\/pagina10.com\/web\/#\/schema\/logo\/image\/\",\"url\":\"https:\/\/pagina10.com\/web\/wp-content\/uploads\/2024\/01\/40-pagina-10-periodico-regional-pasto.jpg\",\"contentUrl\":\"https:\/\/pagina10.com\/web\/wp-content\/uploads\/2024\/01\/40-pagina-10-periodico-regional-pasto.jpg\",\"width\":1280,\"height\":720,\"caption\":\"P\u00e1gina10\"},\"image\":{\"@id\":\"https:\/\/pagina10.com\/web\/#\/schema\/logo\/image\/\"},\"sameAs\":[\"https:\/\/www.facebook.com\/pag10com\",\"https:\/\/x.com\/Pag10com\",\"https:\/\/www.instagram.com\/pagina10col\/\",\"https:\/\/youtube.com\/channel\/pag10\",\"https:\/\/www.tiktok.com\/@p10col\"]},{\"@type\":\"Person\",\"@id\":\"https:\/\/pagina10.com\/web\/#\/schema\/person\/32dd7fe2d17eae01d1dd28ccc4578e98\",\"name\":\"Alejandro Garc\u00eda G\u00f3mez\",\"description\":\"Sandon\u00e1, 1952. Publicaciones individuales Poes\u00eda: \u201cTRANSPARENCIAS\u201d (Medell\u00edn, 1991), \u201cCARTAS DE ODISEO\u201d (Medell\u00edn, 1996), \u201cALFABETO DE SOMBRAS\u201d (Medell\u00edn, 2003), \u201cEL PARA\u00cdSO DE LAS CARCAJADAS AUSENTES\u201d (Pasto, 2016). Actualmente tiene una obra de po\u00e9tica en preparaci\u00f3n. Cuento: \u201cNO ES POR AZAR QUE NACEMOS\u201d (Medell\u00edn, 2004). Novela: \u201cEL TANGO DEL PROFE\u201d (Pasto, 2007). \u201cPICHOUKA ET GABRIEL EN EL PA\u00cdS DES SUE\u00d1OS ET SOMBRAS\u201d (Medell\u00edn, 2021). Cr\u00f3nica: \u201cSUR, DONDE LAS ROCAS SECRETAMENTE FLORECEN. CR\u00d3NICAS\u201d (Pasto, 2018). Con la columna DESDE NOD, ha sido articulista en diferentes peri\u00f3dicos. Ha participado en varias publicaciones colectivas. Ha publicado ensayo, cuento, poes\u00eda y cr\u00f3nica en algunas revistas y peri\u00f3dicos. Ha sido ganador de algunos concursos de poes\u00eda y cuento. Fue fundador de la Revista \u201cMASCALUNA\u201d (Medell\u00edn). Ha sido jurado en algunos concursos literarios. Es Licenciado en Qu\u00edmica y Biolog\u00eda de la Universidad de Nari\u00f1o (Pasto) y Mag\u00edster en Educaci\u00f3n de la Universidad de Antioquia (Medell\u00edn). Trabaj\u00f3 como docente de Qu\u00edmica y Biolog\u00eda en el colegio San Luis Gonzaga, de T\u00faquerres (Nari\u00f1o) y en el Departamento de Ciencias Naturales del INEM Jos\u00e9 F\u00e9lix de Restrepo, de Medell\u00edn. Actualmente es pensionado. E-mail: pakahuay@gmail.com\",\"url\":\"https:\/\/pagina10.com\/web\/author\/agarcia\/\"}]}<\/script>\n<!-- \/ Yoast SEO plugin. -->","yoast_head_json":{"title":"MEN busca j\u00f3venes para ejercer la docencia | P\u00e1gina10","robots":{"index":"index","follow":"follow","max-snippet":"max-snippet:-1","max-image-preview":"max-image-preview:large","max-video-preview":"max-video-preview:-1"},"canonical":"https:\/\/pagina10.com\/web\/men-busca-jovenes-para-ejercer-la-docencia\/","og_locale":"es_ES","og_type":"article","og_title":"MEN busca j\u00f3venes para ejercer la docencia | P\u00e1gina10","og_description":"La mineducaci\u00f3n Gina Parody pretende ahora extender el programa \u201cSer pilo paga\u201d a captar j\u00f3venes para ejercer la docencia. El decano de educaci\u00f3n UdeA Carlos Soto hace un an\u00e1lisis de \u00e9l (EL MUNDO, 04.VIII.15) y, en el espacio que permite una columna period\u00edstica, le encuentra algunas inconsistencias, en las que se muestra generoso quiz\u00e1. Se [&hellip;]","og_url":"https:\/\/pagina10.com\/web\/men-busca-jovenes-para-ejercer-la-docencia\/","og_site_name":"P\u00e1gina10","article_publisher":"https:\/\/www.facebook.com\/pag10com","article_published_time":"2015-08-14T19:00:54+00:00","og_image":[{"width":310,"height":195,"url":"https:\/\/pagina10.com\/web\/wp-content\/uploads\/2015\/08\/be01885149a7f31a5fe0ae1d3a8e99b5.jpg","type":"image\/jpeg"}],"author":"Alejandro Garc\u00eda G\u00f3mez","twitter_card":"summary_large_image","twitter_creator":"@Pag10com","twitter_site":"@Pag10com","twitter_misc":{"Escrito por":"Alejandro Garc\u00eda G\u00f3mez","Tiempo de lectura":"3 minutos"},"schema":{"@context":"https:\/\/schema.org","@graph":[{"@type":"Article","@id":"https:\/\/pagina10.com\/web\/men-busca-jovenes-para-ejercer-la-docencia\/#article","isPartOf":{"@id":"https:\/\/pagina10.com\/web\/men-busca-jovenes-para-ejercer-la-docencia\/"},"author":{"name":"Alejandro Garc\u00eda G\u00f3mez","@id":"https:\/\/pagina10.com\/web\/#\/schema\/person\/32dd7fe2d17eae01d1dd28ccc4578e98"},"headline":"MEN busca j\u00f3venes para ejercer la docencia","datePublished":"2015-08-14T19:00:54+00:00","mainEntityOfPage":{"@id":"https:\/\/pagina10.com\/web\/men-busca-jovenes-para-ejercer-la-docencia\/"},"wordCount":699,"commentCount":0,"publisher":{"@id":"https:\/\/pagina10.com\/web\/#organization"},"image":{"@id":"https:\/\/pagina10.com\/web\/men-busca-jovenes-para-ejercer-la-docencia\/#primaryimage"},"thumbnailUrl":"https:\/\/pagina10.com\/web\/wp-content\/uploads\/2015\/08\/be01885149a7f31a5fe0ae1d3a8e99b5.jpg","inLanguage":"es","potentialAction":[{"@type":"CommentAction","name":"Comment","target":["https:\/\/pagina10.com\/web\/men-busca-jovenes-para-ejercer-la-docencia\/#respond"]}]},{"@type":"WebPage","@id":"https:\/\/pagina10.com\/web\/men-busca-jovenes-para-ejercer-la-docencia\/","url":"https:\/\/pagina10.com\/web\/men-busca-jovenes-para-ejercer-la-docencia\/","name":"MEN busca j\u00f3venes para ejercer la docencia | P\u00e1gina10","isPartOf":{"@id":"https:\/\/pagina10.com\/web\/#website"},"primaryImageOfPage":{"@id":"https:\/\/pagina10.com\/web\/men-busca-jovenes-para-ejercer-la-docencia\/#primaryimage"},"image":{"@id":"https:\/\/pagina10.com\/web\/men-busca-jovenes-para-ejercer-la-docencia\/#primaryimage"},"thumbnailUrl":"https:\/\/pagina10.com\/web\/wp-content\/uploads\/2015\/08\/be01885149a7f31a5fe0ae1d3a8e99b5.jpg","datePublished":"2015-08-14T19:00:54+00:00","breadcrumb":{"@id":"https:\/\/pagina10.com\/web\/men-busca-jovenes-para-ejercer-la-docencia\/#breadcrumb"},"inLanguage":"es","potentialAction":[{"@type":"ReadAction","target":["https:\/\/pagina10.com\/web\/men-busca-jovenes-para-ejercer-la-docencia\/"]}]},{"@type":"ImageObject","inLanguage":"es","@id":"https:\/\/pagina10.com\/web\/men-busca-jovenes-para-ejercer-la-docencia\/#primaryimage","url":"https:\/\/pagina10.com\/web\/wp-content\/uploads\/2015\/08\/be01885149a7f31a5fe0ae1d3a8e99b5.jpg","contentUrl":"https:\/\/pagina10.com\/web\/wp-content\/uploads\/2015\/08\/be01885149a7f31a5fe0ae1d3a8e99b5.jpg","width":310,"height":195},{"@type":"BreadcrumbList","@id":"https:\/\/pagina10.com\/web\/men-busca-jovenes-para-ejercer-la-docencia\/#breadcrumb","itemListElement":[{"@type":"ListItem","position":1,"name":"Portada","item":"https:\/\/pagina10.com\/web\/"},{"@type":"ListItem","position":2,"name":"MEN busca j\u00f3venes para ejercer la docencia"}]},{"@type":"WebSite","@id":"https:\/\/pagina10.com\/web\/#website","url":"https:\/\/pagina10.com\/web\/","name":"P\u00e1gina10","description":"Peri\u00f3dico Regional","publisher":{"@id":"https:\/\/pagina10.com\/web\/#organization"},"alternateName":"P\u00e1gina10 Peri\u00f3dico Regional","potentialAction":[{"@type":"SearchAction","target":{"@type":"EntryPoint","urlTemplate":"https:\/\/pagina10.com\/web\/?s={search_term_string}"},"query-input":{"@type":"PropertyValueSpecification","valueRequired":true,"valueName":"search_term_string"}}],"inLanguage":"es"},{"@type":"Organization","@id":"https:\/\/pagina10.com\/web\/#organization","name":"P\u00e1gina10","alternateName":"P\u00e1gina10 Peri\u00f3dico Regional","url":"https:\/\/pagina10.com\/web\/","logo":{"@type":"ImageObject","inLanguage":"es","@id":"https:\/\/pagina10.com\/web\/#\/schema\/logo\/image\/","url":"https:\/\/pagina10.com\/web\/wp-content\/uploads\/2024\/01\/40-pagina-10-periodico-regional-pasto.jpg","contentUrl":"https:\/\/pagina10.com\/web\/wp-content\/uploads\/2024\/01\/40-pagina-10-periodico-regional-pasto.jpg","width":1280,"height":720,"caption":"P\u00e1gina10"},"image":{"@id":"https:\/\/pagina10.com\/web\/#\/schema\/logo\/image\/"},"sameAs":["https:\/\/www.facebook.com\/pag10com","https:\/\/x.com\/Pag10com","https:\/\/www.instagram.com\/pagina10col\/","https:\/\/youtube.com\/channel\/pag10","https:\/\/www.tiktok.com\/@p10col"]},{"@type":"Person","@id":"https:\/\/pagina10.com\/web\/#\/schema\/person\/32dd7fe2d17eae01d1dd28ccc4578e98","name":"Alejandro Garc\u00eda G\u00f3mez","description":"Sandon\u00e1, 1952. Publicaciones individuales Poes\u00eda: \u201cTRANSPARENCIAS\u201d (Medell\u00edn, 1991), \u201cCARTAS DE ODISEO\u201d (Medell\u00edn, 1996), \u201cALFABETO DE SOMBRAS\u201d (Medell\u00edn, 2003), \u201cEL PARA\u00cdSO DE LAS CARCAJADAS AUSENTES\u201d (Pasto, 2016). Actualmente tiene una obra de po\u00e9tica en preparaci\u00f3n. Cuento: \u201cNO ES POR AZAR QUE NACEMOS\u201d (Medell\u00edn, 2004). Novela: \u201cEL TANGO DEL PROFE\u201d (Pasto, 2007). \u201cPICHOUKA ET GABRIEL EN EL PA\u00cdS DES SUE\u00d1OS ET SOMBRAS\u201d (Medell\u00edn, 2021). Cr\u00f3nica: \u201cSUR, DONDE LAS ROCAS SECRETAMENTE FLORECEN. CR\u00d3NICAS\u201d (Pasto, 2018). Con la columna DESDE NOD, ha sido articulista en diferentes peri\u00f3dicos. Ha participado en varias publicaciones colectivas. Ha publicado ensayo, cuento, poes\u00eda y cr\u00f3nica en algunas revistas y peri\u00f3dicos. Ha sido ganador de algunos concursos de poes\u00eda y cuento. Fue fundador de la Revista \u201cMASCALUNA\u201d (Medell\u00edn). Ha sido jurado en algunos concursos literarios. Es Licenciado en Qu\u00edmica y Biolog\u00eda de la Universidad de Nari\u00f1o (Pasto) y Mag\u00edster en Educaci\u00f3n de la Universidad de Antioquia (Medell\u00edn). Trabaj\u00f3 como docente de Qu\u00edmica y Biolog\u00eda en el colegio San Luis Gonzaga, de T\u00faquerres (Nari\u00f1o) y en el Departamento de Ciencias Naturales del INEM Jos\u00e9 F\u00e9lix de Restrepo, de Medell\u00edn. Actualmente es pensionado. E-mail: pakahuay@gmail.com","url":"https:\/\/pagina10.com\/web\/author\/agarcia\/"}]}},"_links":{"self":[{"href":"https:\/\/pagina10.com\/web\/wp-json\/wp\/v2\/posts\/17263","targetHints":{"allow":["GET"]}}],"collection":[{"href":"https:\/\/pagina10.com\/web\/wp-json\/wp\/v2\/posts"}],"about":[{"href":"https:\/\/pagina10.com\/web\/wp-json\/wp\/v2\/types\/post"}],"author":[{"embeddable":true,"href":"https:\/\/pagina10.com\/web\/wp-json\/wp\/v2\/users\/59"}],"replies":[{"embeddable":true,"href":"https:\/\/pagina10.com\/web\/wp-json\/wp\/v2\/comments?post=17263"}],"version-history":[{"count":0,"href":"https:\/\/pagina10.com\/web\/wp-json\/wp\/v2\/posts\/17263\/revisions"}],"wp:featuredmedia":[{"embeddable":true,"href":"https:\/\/pagina10.com\/web\/wp-json\/wp\/v2\/media\/17262"}],"wp:attachment":[{"href":"https:\/\/pagina10.com\/web\/wp-json\/wp\/v2\/media?parent=17263"}],"wp:term":[{"taxonomy":"category","embeddable":true,"href":"https:\/\/pagina10.com\/web\/wp-json\/wp\/v2\/categories?post=17263"},{"taxonomy":"post_tag","embeddable":true,"href":"https:\/\/pagina10.com\/web\/wp-json\/wp\/v2\/tags?post=17263"}],"curies":[{"name":"wp","href":"https:\/\/api.w.org\/{rel}","templated":true}]}}