{"id":17265,"date":"2015-08-14T19:03:27","date_gmt":"2015-08-14T19:03:27","guid":{"rendered":"https:\/\/pagina10.com\/web\/comfamiliar-lanza-programa-40-mil-empleos\/"},"modified":"2015-08-14T19:03:27","modified_gmt":"2015-08-14T19:03:27","slug":"comfamiliar-lanza-programa-40-mil-empleos","status":"publish","type":"post","link":"https:\/\/pagina10.com\/web\/comfamiliar-lanza-programa-40-mil-empleos\/","title":{"rendered":"Comfamiliar, lanza programa 40 mil empleos"},"content":{"rendered":"<p><img fetchpriority=\"high\" decoding=\"async\" class=\" size-full wp-image-17264\" src=\"https:\/\/pagina10.com\/web\/wp-content\/uploads\/2015\/08\/82980f541792121ec666b7d368779384.jpg\" alt=\"\" width=\"287\" height=\"191\" \/><\/p>\n<p style=\"text-align: justify;\">Con una participaci\u00f3n de 100 empresas de Pasto, se realiz\u00f3 el lanzamiento de la estrategia denominada. Es talento, \u201840 mil primeros empleos\u2019, a trav\u00e9s de la cual, Comfamiliar de Nari\u00f1o y el Ministerio de Trabajo, busca proveer de primer empleo a bachilleres, tecn\u00f3logos y profesionales que no tienen a\u00fan experiencia laboral.<\/p>\n<p style=\"text-align: justify;\">Este evento se realiz\u00f3 en la sede administrativa de Comfamiliar de Nari\u00f1o y est\u00e1 dirigido a j\u00f3venes de 18 a 28 a\u00f1os que no hayan tenido la oportunidad de tener un trabajo formal. El coordinador del Fondo de Fomento al Empleo y Protecci\u00f3n al Cesante -Fosfec- Juan Carlos Villota. Indic\u00f3, que seg\u00fan un estudio se determin\u00f3 que de cada 2 j\u00f3venes, uno est\u00e1 sin trabajo y la dificultad de no tener esa oportunidad laboral, es por la falta de experiencia, una vez que se determin\u00f3 esto se realiz\u00f3 el lanzamiento del programa para que los empresarios ofrezcan sus vacantes.<\/p>\n<p style=\"text-align: justify;\">\u201cEsta iniciativa va dirigida a j\u00f3venes entre los 18 y 28 a\u00f1os, consiste en un subsidio por 6 meses, los cuales Caja de Compensaci\u00f3n Familiar les paga este salario con todas las prestaciones sociales y a partir del sexto mes el compromiso es del empresario que contrata al trabajador.\u201d Indic\u00f3 el coordinador de Fosfec.<\/p>\n<p style=\"text-align: justify;\">Para obtener este beneficio se requieres dos requisitos importantes, uno es que no hayan tenido un trabajo formal y el otro, la edad de 18 a 28 a\u00f1os, este programa es totalmente transparente y se sube a una plataforma que determina los perfiles de acuerdo a las vacantes y los mismos empresarios supervisan, vigilan y controlan&nbsp; que este proceso sea totalmente transparente.<\/p>\n<p style=\"text-align: justify;\">\u201cPor ejemplo, si el empresario necesita un t\u00e9cnico en sistemas y, el postulante no tiene estos estudios, el Instituto T\u00e9cnico de Comfamiliar de Nari\u00f1o realiza la capacitaci\u00f3n y la formaci\u00f3n &nbsp;es totalmente gratis, con un beneficio directa e indirectamente para el empresario. El salario de estos j\u00f3venes oscilar\u00e1 entre el m\u00ednimo y 850 mil pesos\u201d, recalc\u00f3 Juan Carlos Villota.<\/p>\n<p style=\"text-align: justify;\">Anunci\u00f3 que el 3 septiembre el Ministro de Trabajo, Luis Eduardo Garz\u00f3n y todas las autoridades regionales est\u00e1n en Pasto, para el lanzamiento oficial de este programa.<\/p>\n<p style=\"text-align: justify;\">Comfamiliar de Nari\u00f1o, opera el Fondo de Fomento al Empleo y Protecci\u00f3n al Cesante -Fosfec- y donde aquellas personas que hayan trabajado por un a\u00f1o y afiliadas a Comfamiliar de Nari\u00f1o, se les da un subsidio en cuanto a la cuota monetaria, se les paga salud y pensi\u00f3n durante 6 meses, &nbsp;que es un tiempo prudente para que vuelvan a conseguir trabajo.<\/p>\n<p style=\"text-align: justify;\">&nbsp;Este proceso va articulado con la Agencia de Empleo, donde aquellas personas del com\u00fan que no cuenten con una oportunidad laboral se acerquen a la agencia y as\u00ed hacer la ruta de la empleabilidad, se les mira el perfil y de acuerdo a las vacantes se les hace la ubicaci\u00f3n laboral,&nbsp; adicionalmente se les brinda una capacitaci\u00f3n gratuita en: seminarios, talleres y formaci\u00f3n t\u00e9cnica laboral que duran un a\u00f1o 6 meses.<\/p>\n<p style=\"text-align: justify;\">Varios empresarios de la capital del departamento de Nari\u00f1o, asistieron al lanzamiento del programa denominado, \u201840 mil primeros empleos.\u2019 Que busca promover la primera oportunidad laboral.<\/p>\n","protected":false},"excerpt":{"rendered":"<p>Con una participaci\u00f3n de 100 empresas de Pasto, se realiz\u00f3 el lanzamiento de la estrategia denominada. Es talento, \u201840 mil primeros empleos\u2019, a trav\u00e9s de la cual, Comfamiliar de Nari\u00f1o y el Ministerio de Trabajo, busca proveer de primer empleo a bachilleres, tecn\u00f3logos y profesionales que no tienen a\u00fan experiencia laboral. Este evento se realiz\u00f3 [&hellip;]<\/p>\n","protected":false},"author":29,"featured_media":17264,"comment_status":"open","ping_status":"open","sticky":false,"template":"","format":"standard","meta":{"footnotes":""},"categories":[1],"tags":[],"class_list":["post-17265","post","type-post","status-publish","format-standard","has-post-thumbnail","hentry","category-sin-categoria"],"yoast_head":"<!-- This site is optimized with the Yoast SEO plugin v27.1.1 - https:\/\/yoast.com\/product\/yoast-seo-wordpress\/ -->\n<title>Comfamiliar, lanza programa 40 mil empleos | P\u00e1gina10<\/title>\n<meta name=\"robots\" content=\"index, follow, max-snippet:-1, max-image-preview:large, max-video-preview:-1\" \/>\n<link rel=\"canonical\" href=\"https:\/\/pagina10.com\/web\/comfamiliar-lanza-programa-40-mil-empleos\/\" \/>\n<meta property=\"og:locale\" content=\"es_ES\" \/>\n<meta property=\"og:type\" content=\"article\" \/>\n<meta property=\"og:title\" content=\"Comfamiliar, lanza programa 40 mil empleos | P\u00e1gina10\" \/>\n<meta property=\"og:description\" content=\"Con una participaci\u00f3n de 100 empresas de Pasto, se realiz\u00f3 el lanzamiento de la estrategia denominada. Es talento, \u201840 mil primeros empleos\u2019, a trav\u00e9s de la cual, Comfamiliar de Nari\u00f1o y el Ministerio de Trabajo, busca proveer de primer empleo a bachilleres, tecn\u00f3logos y profesionales que no tienen a\u00fan experiencia laboral. Este evento se realiz\u00f3 [&hellip;]\" \/>\n<meta property=\"og:url\" content=\"https:\/\/pagina10.com\/web\/comfamiliar-lanza-programa-40-mil-empleos\/\" \/>\n<meta property=\"og:site_name\" content=\"P\u00e1gina10\" \/>\n<meta property=\"article:publisher\" content=\"https:\/\/www.facebook.com\/pag10com\" \/>\n<meta property=\"article:published_time\" content=\"2015-08-14T19:03:27+00:00\" \/>\n<meta property=\"og:image\" content=\"https:\/\/pagina10.com\/web\/wp-content\/uploads\/2015\/08\/82980f541792121ec666b7d368779384.jpg\" \/>\n\t<meta property=\"og:image:width\" content=\"287\" \/>\n\t<meta property=\"og:image:height\" content=\"191\" \/>\n\t<meta property=\"og:image:type\" content=\"image\/jpeg\" \/>\n<meta name=\"author\" content=\"P\u00e1gina 10\" \/>\n<meta name=\"twitter:card\" content=\"summary_large_image\" \/>\n<meta name=\"twitter:creator\" content=\"@Pag10com\" \/>\n<meta name=\"twitter:site\" content=\"@Pag10com\" \/>\n<meta name=\"twitter:label1\" content=\"Escrito por\" \/>\n\t<meta name=\"twitter:data1\" content=\"P\u00e1gina 10\" \/>\n\t<meta name=\"twitter:label2\" content=\"Tiempo de lectura\" \/>\n\t<meta name=\"twitter:data2\" content=\"3 minutos\" \/>\n<script type=\"application\/ld+json\" class=\"yoast-schema-graph\">{\"@context\":\"https:\/\/schema.org\",\"@graph\":[{\"@type\":\"Article\",\"@id\":\"https:\/\/pagina10.com\/web\/comfamiliar-lanza-programa-40-mil-empleos\/#article\",\"isPartOf\":{\"@id\":\"https:\/\/pagina10.com\/web\/comfamiliar-lanza-programa-40-mil-empleos\/\"},\"author\":{\"name\":\"P\u00e1gina 10\",\"@id\":\"https:\/\/pagina10.com\/web\/#\/schema\/person\/a7a5d38f0629dfc107f619fbae4f6cc3\"},\"headline\":\"Comfamiliar, lanza programa 40 mil empleos\",\"datePublished\":\"2015-08-14T19:03:27+00:00\",\"mainEntityOfPage\":{\"@id\":\"https:\/\/pagina10.com\/web\/comfamiliar-lanza-programa-40-mil-empleos\/\"},\"wordCount\":542,\"commentCount\":0,\"publisher\":{\"@id\":\"https:\/\/pagina10.com\/web\/#organization\"},\"image\":{\"@id\":\"https:\/\/pagina10.com\/web\/comfamiliar-lanza-programa-40-mil-empleos\/#primaryimage\"},\"thumbnailUrl\":\"https:\/\/pagina10.com\/web\/wp-content\/uploads\/2015\/08\/82980f541792121ec666b7d368779384.jpg\",\"inLanguage\":\"es\",\"potentialAction\":[{\"@type\":\"CommentAction\",\"name\":\"Comment\",\"target\":[\"https:\/\/pagina10.com\/web\/comfamiliar-lanza-programa-40-mil-empleos\/#respond\"]}]},{\"@type\":\"WebPage\",\"@id\":\"https:\/\/pagina10.com\/web\/comfamiliar-lanza-programa-40-mil-empleos\/\",\"url\":\"https:\/\/pagina10.com\/web\/comfamiliar-lanza-programa-40-mil-empleos\/\",\"name\":\"Comfamiliar, lanza programa 40 mil empleos | P\u00e1gina10\",\"isPartOf\":{\"@id\":\"https:\/\/pagina10.com\/web\/#website\"},\"primaryImageOfPage\":{\"@id\":\"https:\/\/pagina10.com\/web\/comfamiliar-lanza-programa-40-mil-empleos\/#primaryimage\"},\"image\":{\"@id\":\"https:\/\/pagina10.com\/web\/comfamiliar-lanza-programa-40-mil-empleos\/#primaryimage\"},\"thumbnailUrl\":\"https:\/\/pagina10.com\/web\/wp-content\/uploads\/2015\/08\/82980f541792121ec666b7d368779384.jpg\",\"datePublished\":\"2015-08-14T19:03:27+00:00\",\"breadcrumb\":{\"@id\":\"https:\/\/pagina10.com\/web\/comfamiliar-lanza-programa-40-mil-empleos\/#breadcrumb\"},\"inLanguage\":\"es\",\"potentialAction\":[{\"@type\":\"ReadAction\",\"target\":[\"https:\/\/pagina10.com\/web\/comfamiliar-lanza-programa-40-mil-empleos\/\"]}]},{\"@type\":\"ImageObject\",\"inLanguage\":\"es\",\"@id\":\"https:\/\/pagina10.com\/web\/comfamiliar-lanza-programa-40-mil-empleos\/#primaryimage\",\"url\":\"https:\/\/pagina10.com\/web\/wp-content\/uploads\/2015\/08\/82980f541792121ec666b7d368779384.jpg\",\"contentUrl\":\"https:\/\/pagina10.com\/web\/wp-content\/uploads\/2015\/08\/82980f541792121ec666b7d368779384.jpg\",\"width\":287,\"height\":191},{\"@type\":\"BreadcrumbList\",\"@id\":\"https:\/\/pagina10.com\/web\/comfamiliar-lanza-programa-40-mil-empleos\/#breadcrumb\",\"itemListElement\":[{\"@type\":\"ListItem\",\"position\":1,\"name\":\"Portada\",\"item\":\"https:\/\/pagina10.com\/web\/\"},{\"@type\":\"ListItem\",\"position\":2,\"name\":\"Comfamiliar, lanza programa 40 mil empleos\"}]},{\"@type\":\"WebSite\",\"@id\":\"https:\/\/pagina10.com\/web\/#website\",\"url\":\"https:\/\/pagina10.com\/web\/\",\"name\":\"P\u00e1gina10\",\"description\":\"Peri\u00f3dico Regional\",\"publisher\":{\"@id\":\"https:\/\/pagina10.com\/web\/#organization\"},\"alternateName\":\"P\u00e1gina10 Peri\u00f3dico Regional\",\"potentialAction\":[{\"@type\":\"SearchAction\",\"target\":{\"@type\":\"EntryPoint\",\"urlTemplate\":\"https:\/\/pagina10.com\/web\/?s={search_term_string}\"},\"query-input\":{\"@type\":\"PropertyValueSpecification\",\"valueRequired\":true,\"valueName\":\"search_term_string\"}}],\"inLanguage\":\"es\"},{\"@type\":\"Organization\",\"@id\":\"https:\/\/pagina10.com\/web\/#organization\",\"name\":\"P\u00e1gina10\",\"alternateName\":\"P\u00e1gina10 Peri\u00f3dico Regional\",\"url\":\"https:\/\/pagina10.com\/web\/\",\"logo\":{\"@type\":\"ImageObject\",\"inLanguage\":\"es\",\"@id\":\"https:\/\/pagina10.com\/web\/#\/schema\/logo\/image\/\",\"url\":\"https:\/\/pagina10.com\/web\/wp-content\/uploads\/2024\/01\/40-pagina-10-periodico-regional-pasto.jpg\",\"contentUrl\":\"https:\/\/pagina10.com\/web\/wp-content\/uploads\/2024\/01\/40-pagina-10-periodico-regional-pasto.jpg\",\"width\":1280,\"height\":720,\"caption\":\"P\u00e1gina10\"},\"image\":{\"@id\":\"https:\/\/pagina10.com\/web\/#\/schema\/logo\/image\/\"},\"sameAs\":[\"https:\/\/www.facebook.com\/pag10com\",\"https:\/\/x.com\/Pag10com\",\"https:\/\/www.instagram.com\/pagina10col\/\",\"https:\/\/youtube.com\/channel\/pag10\",\"https:\/\/www.tiktok.com\/@p10col\"]},{\"@type\":\"Person\",\"@id\":\"https:\/\/pagina10.com\/web\/#\/schema\/person\/a7a5d38f0629dfc107f619fbae4f6cc3\",\"name\":\"P\u00e1gina 10\",\"description\":\"P\u00e1gina10.com es un peri\u00f3dico digital que nace en Colombia, en el departamento de Nari\u00f1o, con un enfoque global, fundamentado en cuatro pilares esenciales: la libertad, el pluralismo, la inclusi\u00f3n y la independencia. P\u00e1gina10.com hace referencia a Nari\u00f1o como el d\u00e9cimo departamento creado en Colombia, despu\u00e9s de un proceso pol\u00edtico liderado por actores y actrices regionales con el fin de obtener la independencia y autonom\u00eda de nuestros territorios. Con la creaci\u00f3n de P\u00e1gina10.com se pretende abrir un escenario para el dialogo, la reflexi\u00f3n y el debate que se extienda a otras geograf\u00edas de Am\u00e9rica Latina y del planeta, en una apuesta por transformar colectivamente los desaf\u00edos de un mundo contempor\u00e1neo, m\u00e1s all\u00e1 de las fronteras impuestas.\",\"url\":\"https:\/\/pagina10.com\/web\/author\/mcepeda\/\"}]}<\/script>\n<!-- \/ Yoast SEO plugin. -->","yoast_head_json":{"title":"Comfamiliar, lanza programa 40 mil empleos | P\u00e1gina10","robots":{"index":"index","follow":"follow","max-snippet":"max-snippet:-1","max-image-preview":"max-image-preview:large","max-video-preview":"max-video-preview:-1"},"canonical":"https:\/\/pagina10.com\/web\/comfamiliar-lanza-programa-40-mil-empleos\/","og_locale":"es_ES","og_type":"article","og_title":"Comfamiliar, lanza programa 40 mil empleos | P\u00e1gina10","og_description":"Con una participaci\u00f3n de 100 empresas de Pasto, se realiz\u00f3 el lanzamiento de la estrategia denominada. Es talento, \u201840 mil primeros empleos\u2019, a trav\u00e9s de la cual, Comfamiliar de Nari\u00f1o y el Ministerio de Trabajo, busca proveer de primer empleo a bachilleres, tecn\u00f3logos y profesionales que no tienen a\u00fan experiencia laboral. Este evento se realiz\u00f3 [&hellip;]","og_url":"https:\/\/pagina10.com\/web\/comfamiliar-lanza-programa-40-mil-empleos\/","og_site_name":"P\u00e1gina10","article_publisher":"https:\/\/www.facebook.com\/pag10com","article_published_time":"2015-08-14T19:03:27+00:00","og_image":[{"width":287,"height":191,"url":"https:\/\/pagina10.com\/web\/wp-content\/uploads\/2015\/08\/82980f541792121ec666b7d368779384.jpg","type":"image\/jpeg"}],"author":"P\u00e1gina 10","twitter_card":"summary_large_image","twitter_creator":"@Pag10com","twitter_site":"@Pag10com","twitter_misc":{"Escrito por":"P\u00e1gina 10","Tiempo de lectura":"3 minutos"},"schema":{"@context":"https:\/\/schema.org","@graph":[{"@type":"Article","@id":"https:\/\/pagina10.com\/web\/comfamiliar-lanza-programa-40-mil-empleos\/#article","isPartOf":{"@id":"https:\/\/pagina10.com\/web\/comfamiliar-lanza-programa-40-mil-empleos\/"},"author":{"name":"P\u00e1gina 10","@id":"https:\/\/pagina10.com\/web\/#\/schema\/person\/a7a5d38f0629dfc107f619fbae4f6cc3"},"headline":"Comfamiliar, lanza programa 40 mil empleos","datePublished":"2015-08-14T19:03:27+00:00","mainEntityOfPage":{"@id":"https:\/\/pagina10.com\/web\/comfamiliar-lanza-programa-40-mil-empleos\/"},"wordCount":542,"commentCount":0,"publisher":{"@id":"https:\/\/pagina10.com\/web\/#organization"},"image":{"@id":"https:\/\/pagina10.com\/web\/comfamiliar-lanza-programa-40-mil-empleos\/#primaryimage"},"thumbnailUrl":"https:\/\/pagina10.com\/web\/wp-content\/uploads\/2015\/08\/82980f541792121ec666b7d368779384.jpg","inLanguage":"es","potentialAction":[{"@type":"CommentAction","name":"Comment","target":["https:\/\/pagina10.com\/web\/comfamiliar-lanza-programa-40-mil-empleos\/#respond"]}]},{"@type":"WebPage","@id":"https:\/\/pagina10.com\/web\/comfamiliar-lanza-programa-40-mil-empleos\/","url":"https:\/\/pagina10.com\/web\/comfamiliar-lanza-programa-40-mil-empleos\/","name":"Comfamiliar, lanza programa 40 mil empleos | P\u00e1gina10","isPartOf":{"@id":"https:\/\/pagina10.com\/web\/#website"},"primaryImageOfPage":{"@id":"https:\/\/pagina10.com\/web\/comfamiliar-lanza-programa-40-mil-empleos\/#primaryimage"},"image":{"@id":"https:\/\/pagina10.com\/web\/comfamiliar-lanza-programa-40-mil-empleos\/#primaryimage"},"thumbnailUrl":"https:\/\/pagina10.com\/web\/wp-content\/uploads\/2015\/08\/82980f541792121ec666b7d368779384.jpg","datePublished":"2015-08-14T19:03:27+00:00","breadcrumb":{"@id":"https:\/\/pagina10.com\/web\/comfamiliar-lanza-programa-40-mil-empleos\/#breadcrumb"},"inLanguage":"es","potentialAction":[{"@type":"ReadAction","target":["https:\/\/pagina10.com\/web\/comfamiliar-lanza-programa-40-mil-empleos\/"]}]},{"@type":"ImageObject","inLanguage":"es","@id":"https:\/\/pagina10.com\/web\/comfamiliar-lanza-programa-40-mil-empleos\/#primaryimage","url":"https:\/\/pagina10.com\/web\/wp-content\/uploads\/2015\/08\/82980f541792121ec666b7d368779384.jpg","contentUrl":"https:\/\/pagina10.com\/web\/wp-content\/uploads\/2015\/08\/82980f541792121ec666b7d368779384.jpg","width":287,"height":191},{"@type":"BreadcrumbList","@id":"https:\/\/pagina10.com\/web\/comfamiliar-lanza-programa-40-mil-empleos\/#breadcrumb","itemListElement":[{"@type":"ListItem","position":1,"name":"Portada","item":"https:\/\/pagina10.com\/web\/"},{"@type":"ListItem","position":2,"name":"Comfamiliar, lanza programa 40 mil empleos"}]},{"@type":"WebSite","@id":"https:\/\/pagina10.com\/web\/#website","url":"https:\/\/pagina10.com\/web\/","name":"P\u00e1gina10","description":"Peri\u00f3dico Regional","publisher":{"@id":"https:\/\/pagina10.com\/web\/#organization"},"alternateName":"P\u00e1gina10 Peri\u00f3dico Regional","potentialAction":[{"@type":"SearchAction","target":{"@type":"EntryPoint","urlTemplate":"https:\/\/pagina10.com\/web\/?s={search_term_string}"},"query-input":{"@type":"PropertyValueSpecification","valueRequired":true,"valueName":"search_term_string"}}],"inLanguage":"es"},{"@type":"Organization","@id":"https:\/\/pagina10.com\/web\/#organization","name":"P\u00e1gina10","alternateName":"P\u00e1gina10 Peri\u00f3dico Regional","url":"https:\/\/pagina10.com\/web\/","logo":{"@type":"ImageObject","inLanguage":"es","@id":"https:\/\/pagina10.com\/web\/#\/schema\/logo\/image\/","url":"https:\/\/pagina10.com\/web\/wp-content\/uploads\/2024\/01\/40-pagina-10-periodico-regional-pasto.jpg","contentUrl":"https:\/\/pagina10.com\/web\/wp-content\/uploads\/2024\/01\/40-pagina-10-periodico-regional-pasto.jpg","width":1280,"height":720,"caption":"P\u00e1gina10"},"image":{"@id":"https:\/\/pagina10.com\/web\/#\/schema\/logo\/image\/"},"sameAs":["https:\/\/www.facebook.com\/pag10com","https:\/\/x.com\/Pag10com","https:\/\/www.instagram.com\/pagina10col\/","https:\/\/youtube.com\/channel\/pag10","https:\/\/www.tiktok.com\/@p10col"]},{"@type":"Person","@id":"https:\/\/pagina10.com\/web\/#\/schema\/person\/a7a5d38f0629dfc107f619fbae4f6cc3","name":"P\u00e1gina 10","description":"P\u00e1gina10.com es un peri\u00f3dico digital que nace en Colombia, en el departamento de Nari\u00f1o, con un enfoque global, fundamentado en cuatro pilares esenciales: la libertad, el pluralismo, la inclusi\u00f3n y la independencia. P\u00e1gina10.com hace referencia a Nari\u00f1o como el d\u00e9cimo departamento creado en Colombia, despu\u00e9s de un proceso pol\u00edtico liderado por actores y actrices regionales con el fin de obtener la independencia y autonom\u00eda de nuestros territorios. Con la creaci\u00f3n de P\u00e1gina10.com se pretende abrir un escenario para el dialogo, la reflexi\u00f3n y el debate que se extienda a otras geograf\u00edas de Am\u00e9rica Latina y del planeta, en una apuesta por transformar colectivamente los desaf\u00edos de un mundo contempor\u00e1neo, m\u00e1s all\u00e1 de las fronteras impuestas.","url":"https:\/\/pagina10.com\/web\/author\/mcepeda\/"}]}},"_links":{"self":[{"href":"https:\/\/pagina10.com\/web\/wp-json\/wp\/v2\/posts\/17265","targetHints":{"allow":["GET"]}}],"collection":[{"href":"https:\/\/pagina10.com\/web\/wp-json\/wp\/v2\/posts"}],"about":[{"href":"https:\/\/pagina10.com\/web\/wp-json\/wp\/v2\/types\/post"}],"author":[{"embeddable":true,"href":"https:\/\/pagina10.com\/web\/wp-json\/wp\/v2\/users\/29"}],"replies":[{"embeddable":true,"href":"https:\/\/pagina10.com\/web\/wp-json\/wp\/v2\/comments?post=17265"}],"version-history":[{"count":0,"href":"https:\/\/pagina10.com\/web\/wp-json\/wp\/v2\/posts\/17265\/revisions"}],"wp:featuredmedia":[{"embeddable":true,"href":"https:\/\/pagina10.com\/web\/wp-json\/wp\/v2\/media\/17264"}],"wp:attachment":[{"href":"https:\/\/pagina10.com\/web\/wp-json\/wp\/v2\/media?parent=17265"}],"wp:term":[{"taxonomy":"category","embeddable":true,"href":"https:\/\/pagina10.com\/web\/wp-json\/wp\/v2\/categories?post=17265"},{"taxonomy":"post_tag","embeddable":true,"href":"https:\/\/pagina10.com\/web\/wp-json\/wp\/v2\/tags?post=17265"}],"curies":[{"name":"wp","href":"https:\/\/api.w.org\/{rel}","templated":true}]}}