{"id":17267,"date":"2015-08-14T22:47:30","date_gmt":"2015-08-14T22:47:30","guid":{"rendered":"https:\/\/pagina10.com\/web\/padres-de-personas-discapacitadas-podrian-recibir-ayuda-mensual-por-parte-del-estado-a-traves-de-proyecto-de-ley\/"},"modified":"2015-08-14T22:47:30","modified_gmt":"2015-08-14T22:47:30","slug":"padres-de-personas-discapacitadas-podrian-recibir-ayuda-mensual-por-parte-del-estado-a-traves-de-proyecto-de-ley","status":"publish","type":"post","link":"https:\/\/pagina10.com\/web\/padres-de-personas-discapacitadas-podrian-recibir-ayuda-mensual-por-parte-del-estado-a-traves-de-proyecto-de-ley\/","title":{"rendered":"Padres de personas discapacitadas, podr\u00edan recibir ayuda mensual por parte del Estado, a trav\u00e9s de proyecto de ley"},"content":{"rendered":"<p><img fetchpriority=\"high\" decoding=\"async\" class=\" size-full wp-image-17266\" src=\"https:\/\/pagina10.com\/web\/wp-content\/uploads\/2015\/08\/494db55a18eb51f1ea1893005401c6ad.jpg\" alt=\"\" width=\"600\" height=\"374\" srcset=\"https:\/\/pagina10.com\/web\/wp-content\/uploads\/2015\/08\/494db55a18eb51f1ea1893005401c6ad.jpg 600w, https:\/\/pagina10.com\/web\/wp-content\/uploads\/2015\/08\/494db55a18eb51f1ea1893005401c6ad-300x187.jpg 300w\" sizes=\"(max-width: 600px) 100vw, 600px\" \/><\/p>\n<div style=\"text-align: justify;\">Este martes Congreso &nbsp;se inici\u00f3 el tr\u00e1mite por v\u00eda legislativa para favorecer econ\u00f3micamente a los padres de m\u00e1s de 3 millones de personas discapacitadas en Colombia, puedan recibir una ayuda mensual por parte del Estado.<\/div>\n<div style=\"text-align: justify;\">&nbsp;<\/div>\n<div style=\"text-align: justify;\">As\u00ed se desprende de un proyecto de ley, presentado por el senador y presidente de la Comisi\u00f3n Primera Manuel Enr\u00edquez Rosero (Partido de la U), qui\u00e9n dijo que a trav\u00e9s de la iniciativa, \u201cse busca salir al gran problema que representa para los padres cabeza de familia, tener a su cuidado a un uno varios hijos con discapacidad en sus hogares\u201d.<\/div>\n<div style=\"text-align: justify;\">&nbsp;<\/div>\n<div style=\"text-align: justify;\">\u201cEsta situaci\u00f3n no solo es dif\u00edcil, sino que ha condenado a la pobreza y la marginalidad a millones de familias colombianas, que tienen en su seno a una persona con discapacidad cong\u00e9nita o por diversas circunstancias como un accidente o una enfermedad\u201d, recalc\u00f3.<\/div>\n<div style=\"text-align: justify;\">&nbsp;<\/div>\n<div style=\"text-align: justify;\">Con el inicio del tr\u00e1mite del proyecto de ley, Colombia se une a varios pa\u00edses del mundo, que \u201ccierran filas\u201d alrededor de mejorar la calidad de vida de las personas con discapacidad como Estados Unidos, Inglaterra, Espa\u00f1a y Argentina, donde se ha construido una pol\u00edtica p\u00fablica de manera integral a este grupo poblacional.<\/div>\n<div style=\"text-align: justify;\">&nbsp;<\/div>\n<div dir=\"ltr\" style=\"text-align: justify;\">&nbsp;<\/div>\n<div dir=\"ltr\" style=\"text-align: justify;\">El proyecto de ley tendr\u00e1 dos debates en el Senado y dos en la C\u00e1mara, con el apoyo de la bancada del partido de la U y otras colectividades con asiento el Congreso. \u201cAspiro que en diciembre, la iniciativa sea elevada a ley de la Rep\u00fablica\u201d, enfatiz\u00f3 el senador Manuel Enr\u00edquez Rosero<\/div>\n<div dir=\"ltr\" style=\"text-align: justify;\">&nbsp;<\/div>\n<div dir=\"ltr\"><img decoding=\"async\" class=\" size-full wp-image-16940\" src=\"https:\/\/pagina10.com\/web\/wp-content\/uploads\/2015\/07\/bo.jpg\" width=\"329\" height=\"516\" alt=\"bo\" style=\"display: block; margin-left: auto; margin-right: auto;\" srcset=\"https:\/\/pagina10.com\/web\/wp-content\/uploads\/2015\/07\/bo.jpg 329w, https:\/\/pagina10.com\/web\/wp-content\/uploads\/2015\/07\/bo-191x300.jpg 191w\" sizes=\"(max-width: 329px) 100vw, 329px\" \/><\/div>\n","protected":false},"excerpt":{"rendered":"<p>Este martes Congreso &nbsp;se inici\u00f3 el tr\u00e1mite por v\u00eda legislativa para favorecer econ\u00f3micamente a los padres de m\u00e1s de 3 millones de personas discapacitadas en Colombia, puedan recibir una ayuda mensual por parte del Estado. &nbsp; As\u00ed se desprende de un proyecto de ley, presentado por el senador y presidente de la Comisi\u00f3n Primera Manuel [&hellip;]<\/p>\n","protected":false},"author":38,"featured_media":17266,"comment_status":"open","ping_status":"open","sticky":false,"template":"","format":"standard","meta":{"footnotes":""},"categories":[1],"tags":[],"class_list":["post-17267","post","type-post","status-publish","format-standard","has-post-thumbnail","hentry","category-sin-categoria"],"yoast_head":"<!-- This site is optimized with the Yoast SEO plugin v27.1.1 - https:\/\/yoast.com\/product\/yoast-seo-wordpress\/ -->\n<title>Padres de personas discapacitadas, podr\u00edan recibir ayuda mensual por parte del Estado, a trav\u00e9s de proyecto de ley | P\u00e1gina10<\/title>\n<meta name=\"robots\" content=\"index, follow, max-snippet:-1, max-image-preview:large, max-video-preview:-1\" \/>\n<link rel=\"canonical\" href=\"https:\/\/pagina10.com\/web\/padres-de-personas-discapacitadas-podrian-recibir-ayuda-mensual-por-parte-del-estado-a-traves-de-proyecto-de-ley\/\" \/>\n<meta property=\"og:locale\" content=\"es_ES\" \/>\n<meta property=\"og:type\" content=\"article\" \/>\n<meta property=\"og:title\" content=\"Padres de personas discapacitadas, podr\u00edan recibir ayuda mensual por parte del Estado, a trav\u00e9s de proyecto de ley | P\u00e1gina10\" \/>\n<meta property=\"og:description\" content=\"Este martes Congreso &nbsp;se inici\u00f3 el tr\u00e1mite por v\u00eda legislativa para favorecer econ\u00f3micamente a los padres de m\u00e1s de 3 millones de personas discapacitadas en Colombia, puedan recibir una ayuda mensual por parte del Estado. &nbsp; As\u00ed se desprende de un proyecto de ley, presentado por el senador y presidente de la Comisi\u00f3n Primera Manuel [&hellip;]\" \/>\n<meta property=\"og:url\" content=\"https:\/\/pagina10.com\/web\/padres-de-personas-discapacitadas-podrian-recibir-ayuda-mensual-por-parte-del-estado-a-traves-de-proyecto-de-ley\/\" \/>\n<meta property=\"og:site_name\" content=\"P\u00e1gina10\" \/>\n<meta property=\"article:publisher\" content=\"https:\/\/www.facebook.com\/pag10com\" \/>\n<meta property=\"article:published_time\" content=\"2015-08-14T22:47:30+00:00\" \/>\n<meta property=\"og:image\" content=\"https:\/\/pagina10.com\/web\/wp-content\/uploads\/2015\/08\/494db55a18eb51f1ea1893005401c6ad.jpg\" \/>\n\t<meta property=\"og:image:width\" content=\"600\" \/>\n\t<meta property=\"og:image:height\" content=\"374\" \/>\n\t<meta property=\"og:image:type\" content=\"image\/jpeg\" \/>\n<meta name=\"author\" content=\"Carlos Villota Santacruz.\" \/>\n<meta name=\"twitter:card\" content=\"summary_large_image\" \/>\n<meta name=\"twitter:creator\" content=\"@Pag10com\" \/>\n<meta name=\"twitter:site\" content=\"@Pag10com\" \/>\n<meta name=\"twitter:label1\" content=\"Escrito por\" \/>\n\t<meta name=\"twitter:data1\" content=\"Carlos Villota Santacruz.\" \/>\n\t<meta name=\"twitter:label2\" content=\"Tiempo de lectura\" \/>\n\t<meta name=\"twitter:data2\" content=\"1 minuto\" \/>\n<script type=\"application\/ld+json\" class=\"yoast-schema-graph\">{\"@context\":\"https:\/\/schema.org\",\"@graph\":[{\"@type\":\"Article\",\"@id\":\"https:\/\/pagina10.com\/web\/padres-de-personas-discapacitadas-podrian-recibir-ayuda-mensual-por-parte-del-estado-a-traves-de-proyecto-de-ley\/#article\",\"isPartOf\":{\"@id\":\"https:\/\/pagina10.com\/web\/padres-de-personas-discapacitadas-podrian-recibir-ayuda-mensual-por-parte-del-estado-a-traves-de-proyecto-de-ley\/\"},\"author\":{\"name\":\"Carlos Villota Santacruz.\",\"@id\":\"https:\/\/pagina10.com\/web\/#\/schema\/person\/b459e2d15ec5ba9d5a2c9a81c71c4f7b\"},\"headline\":\"Padres de personas discapacitadas, podr\u00edan recibir ayuda mensual por parte del Estado, a trav\u00e9s de proyecto de ley\",\"datePublished\":\"2015-08-14T22:47:30+00:00\",\"mainEntityOfPage\":{\"@id\":\"https:\/\/pagina10.com\/web\/padres-de-personas-discapacitadas-podrian-recibir-ayuda-mensual-por-parte-del-estado-a-traves-de-proyecto-de-ley\/\"},\"wordCount\":289,\"commentCount\":0,\"publisher\":{\"@id\":\"https:\/\/pagina10.com\/web\/#organization\"},\"image\":{\"@id\":\"https:\/\/pagina10.com\/web\/padres-de-personas-discapacitadas-podrian-recibir-ayuda-mensual-por-parte-del-estado-a-traves-de-proyecto-de-ley\/#primaryimage\"},\"thumbnailUrl\":\"https:\/\/pagina10.com\/web\/wp-content\/uploads\/2015\/08\/494db55a18eb51f1ea1893005401c6ad.jpg\",\"inLanguage\":\"es\",\"potentialAction\":[{\"@type\":\"CommentAction\",\"name\":\"Comment\",\"target\":[\"https:\/\/pagina10.com\/web\/padres-de-personas-discapacitadas-podrian-recibir-ayuda-mensual-por-parte-del-estado-a-traves-de-proyecto-de-ley\/#respond\"]}]},{\"@type\":\"WebPage\",\"@id\":\"https:\/\/pagina10.com\/web\/padres-de-personas-discapacitadas-podrian-recibir-ayuda-mensual-por-parte-del-estado-a-traves-de-proyecto-de-ley\/\",\"url\":\"https:\/\/pagina10.com\/web\/padres-de-personas-discapacitadas-podrian-recibir-ayuda-mensual-por-parte-del-estado-a-traves-de-proyecto-de-ley\/\",\"name\":\"Padres de personas discapacitadas, podr\u00edan recibir ayuda mensual por parte del Estado, a trav\u00e9s de proyecto de ley | P\u00e1gina10\",\"isPartOf\":{\"@id\":\"https:\/\/pagina10.com\/web\/#website\"},\"primaryImageOfPage\":{\"@id\":\"https:\/\/pagina10.com\/web\/padres-de-personas-discapacitadas-podrian-recibir-ayuda-mensual-por-parte-del-estado-a-traves-de-proyecto-de-ley\/#primaryimage\"},\"image\":{\"@id\":\"https:\/\/pagina10.com\/web\/padres-de-personas-discapacitadas-podrian-recibir-ayuda-mensual-por-parte-del-estado-a-traves-de-proyecto-de-ley\/#primaryimage\"},\"thumbnailUrl\":\"https:\/\/pagina10.com\/web\/wp-content\/uploads\/2015\/08\/494db55a18eb51f1ea1893005401c6ad.jpg\",\"datePublished\":\"2015-08-14T22:47:30+00:00\",\"breadcrumb\":{\"@id\":\"https:\/\/pagina10.com\/web\/padres-de-personas-discapacitadas-podrian-recibir-ayuda-mensual-por-parte-del-estado-a-traves-de-proyecto-de-ley\/#breadcrumb\"},\"inLanguage\":\"es\",\"potentialAction\":[{\"@type\":\"ReadAction\",\"target\":[\"https:\/\/pagina10.com\/web\/padres-de-personas-discapacitadas-podrian-recibir-ayuda-mensual-por-parte-del-estado-a-traves-de-proyecto-de-ley\/\"]}]},{\"@type\":\"ImageObject\",\"inLanguage\":\"es\",\"@id\":\"https:\/\/pagina10.com\/web\/padres-de-personas-discapacitadas-podrian-recibir-ayuda-mensual-por-parte-del-estado-a-traves-de-proyecto-de-ley\/#primaryimage\",\"url\":\"https:\/\/pagina10.com\/web\/wp-content\/uploads\/2015\/08\/494db55a18eb51f1ea1893005401c6ad.jpg\",\"contentUrl\":\"https:\/\/pagina10.com\/web\/wp-content\/uploads\/2015\/08\/494db55a18eb51f1ea1893005401c6ad.jpg\",\"width\":600,\"height\":374},{\"@type\":\"BreadcrumbList\",\"@id\":\"https:\/\/pagina10.com\/web\/padres-de-personas-discapacitadas-podrian-recibir-ayuda-mensual-por-parte-del-estado-a-traves-de-proyecto-de-ley\/#breadcrumb\",\"itemListElement\":[{\"@type\":\"ListItem\",\"position\":1,\"name\":\"Portada\",\"item\":\"https:\/\/pagina10.com\/web\/\"},{\"@type\":\"ListItem\",\"position\":2,\"name\":\"Padres de personas discapacitadas, podr\u00edan recibir ayuda mensual por parte del Estado, a trav\u00e9s de proyecto de ley\"}]},{\"@type\":\"WebSite\",\"@id\":\"https:\/\/pagina10.com\/web\/#website\",\"url\":\"https:\/\/pagina10.com\/web\/\",\"name\":\"P\u00e1gina10\",\"description\":\"Peri\u00f3dico Regional\",\"publisher\":{\"@id\":\"https:\/\/pagina10.com\/web\/#organization\"},\"alternateName\":\"P\u00e1gina10 Peri\u00f3dico Regional\",\"potentialAction\":[{\"@type\":\"SearchAction\",\"target\":{\"@type\":\"EntryPoint\",\"urlTemplate\":\"https:\/\/pagina10.com\/web\/?s={search_term_string}\"},\"query-input\":{\"@type\":\"PropertyValueSpecification\",\"valueRequired\":true,\"valueName\":\"search_term_string\"}}],\"inLanguage\":\"es\"},{\"@type\":\"Organization\",\"@id\":\"https:\/\/pagina10.com\/web\/#organization\",\"name\":\"P\u00e1gina10\",\"alternateName\":\"P\u00e1gina10 Peri\u00f3dico Regional\",\"url\":\"https:\/\/pagina10.com\/web\/\",\"logo\":{\"@type\":\"ImageObject\",\"inLanguage\":\"es\",\"@id\":\"https:\/\/pagina10.com\/web\/#\/schema\/logo\/image\/\",\"url\":\"https:\/\/pagina10.com\/web\/wp-content\/uploads\/2024\/01\/40-pagina-10-periodico-regional-pasto.jpg\",\"contentUrl\":\"https:\/\/pagina10.com\/web\/wp-content\/uploads\/2024\/01\/40-pagina-10-periodico-regional-pasto.jpg\",\"width\":1280,\"height\":720,\"caption\":\"P\u00e1gina10\"},\"image\":{\"@id\":\"https:\/\/pagina10.com\/web\/#\/schema\/logo\/image\/\"},\"sameAs\":[\"https:\/\/www.facebook.com\/pag10com\",\"https:\/\/x.com\/Pag10com\",\"https:\/\/www.instagram.com\/pagina10col\/\",\"https:\/\/youtube.com\/channel\/pag10\",\"https:\/\/www.tiktok.com\/@p10col\"]},{\"@type\":\"Person\",\"@id\":\"https:\/\/pagina10.com\/web\/#\/schema\/person\/b459e2d15ec5ba9d5a2c9a81c71c4f7b\",\"name\":\"Carlos Villota Santacruz.\",\"description\":\"Internacionalista-Comunicador Social y Periodista. Experto en Comunicaci\u00f3n para el desarrollo y ciudad-regi\u00f3n.. Promotor de proyectos e investigaci\u00f3n comunicativa en radio, prensa y televisi\u00f3n. Experiencia en el manejo de imagen externa, interna y protocolaria de entidades p\u00fablicas y privadas, encuentros culturales, empresariales y ambientales. Docente en el \u00e1rea de televisi\u00f3n, relaciones internacionales y bloques econ\u00f3micos. Experto y conferencista en temas de marketing pol\u00edtico, marketing de ciudad, integraci\u00f3n cultural, TLC y desarrollo urban\u00edstico. E-mail: villotasantacruzcarlos@yahoo.com.co\",\"url\":\"https:\/\/pagina10.com\/web\/author\/cvillota\/\"}]}<\/script>\n<!-- \/ Yoast SEO plugin. -->","yoast_head_json":{"title":"Padres de personas discapacitadas, podr\u00edan recibir ayuda mensual por parte del Estado, a trav\u00e9s de proyecto de ley | P\u00e1gina10","robots":{"index":"index","follow":"follow","max-snippet":"max-snippet:-1","max-image-preview":"max-image-preview:large","max-video-preview":"max-video-preview:-1"},"canonical":"https:\/\/pagina10.com\/web\/padres-de-personas-discapacitadas-podrian-recibir-ayuda-mensual-por-parte-del-estado-a-traves-de-proyecto-de-ley\/","og_locale":"es_ES","og_type":"article","og_title":"Padres de personas discapacitadas, podr\u00edan recibir ayuda mensual por parte del Estado, a trav\u00e9s de proyecto de ley | P\u00e1gina10","og_description":"Este martes Congreso &nbsp;se inici\u00f3 el tr\u00e1mite por v\u00eda legislativa para favorecer econ\u00f3micamente a los padres de m\u00e1s de 3 millones de personas discapacitadas en Colombia, puedan recibir una ayuda mensual por parte del Estado. &nbsp; As\u00ed se desprende de un proyecto de ley, presentado por el senador y presidente de la Comisi\u00f3n Primera Manuel [&hellip;]","og_url":"https:\/\/pagina10.com\/web\/padres-de-personas-discapacitadas-podrian-recibir-ayuda-mensual-por-parte-del-estado-a-traves-de-proyecto-de-ley\/","og_site_name":"P\u00e1gina10","article_publisher":"https:\/\/www.facebook.com\/pag10com","article_published_time":"2015-08-14T22:47:30+00:00","og_image":[{"width":600,"height":374,"url":"https:\/\/pagina10.com\/web\/wp-content\/uploads\/2015\/08\/494db55a18eb51f1ea1893005401c6ad.jpg","type":"image\/jpeg"}],"author":"Carlos Villota Santacruz.","twitter_card":"summary_large_image","twitter_creator":"@Pag10com","twitter_site":"@Pag10com","twitter_misc":{"Escrito por":"Carlos Villota Santacruz.","Tiempo de lectura":"1 minuto"},"schema":{"@context":"https:\/\/schema.org","@graph":[{"@type":"Article","@id":"https:\/\/pagina10.com\/web\/padres-de-personas-discapacitadas-podrian-recibir-ayuda-mensual-por-parte-del-estado-a-traves-de-proyecto-de-ley\/#article","isPartOf":{"@id":"https:\/\/pagina10.com\/web\/padres-de-personas-discapacitadas-podrian-recibir-ayuda-mensual-por-parte-del-estado-a-traves-de-proyecto-de-ley\/"},"author":{"name":"Carlos Villota Santacruz.","@id":"https:\/\/pagina10.com\/web\/#\/schema\/person\/b459e2d15ec5ba9d5a2c9a81c71c4f7b"},"headline":"Padres de personas discapacitadas, podr\u00edan recibir ayuda mensual por parte del Estado, a trav\u00e9s de proyecto de ley","datePublished":"2015-08-14T22:47:30+00:00","mainEntityOfPage":{"@id":"https:\/\/pagina10.com\/web\/padres-de-personas-discapacitadas-podrian-recibir-ayuda-mensual-por-parte-del-estado-a-traves-de-proyecto-de-ley\/"},"wordCount":289,"commentCount":0,"publisher":{"@id":"https:\/\/pagina10.com\/web\/#organization"},"image":{"@id":"https:\/\/pagina10.com\/web\/padres-de-personas-discapacitadas-podrian-recibir-ayuda-mensual-por-parte-del-estado-a-traves-de-proyecto-de-ley\/#primaryimage"},"thumbnailUrl":"https:\/\/pagina10.com\/web\/wp-content\/uploads\/2015\/08\/494db55a18eb51f1ea1893005401c6ad.jpg","inLanguage":"es","potentialAction":[{"@type":"CommentAction","name":"Comment","target":["https:\/\/pagina10.com\/web\/padres-de-personas-discapacitadas-podrian-recibir-ayuda-mensual-por-parte-del-estado-a-traves-de-proyecto-de-ley\/#respond"]}]},{"@type":"WebPage","@id":"https:\/\/pagina10.com\/web\/padres-de-personas-discapacitadas-podrian-recibir-ayuda-mensual-por-parte-del-estado-a-traves-de-proyecto-de-ley\/","url":"https:\/\/pagina10.com\/web\/padres-de-personas-discapacitadas-podrian-recibir-ayuda-mensual-por-parte-del-estado-a-traves-de-proyecto-de-ley\/","name":"Padres de personas discapacitadas, podr\u00edan recibir ayuda mensual por parte del Estado, a trav\u00e9s de proyecto de ley | P\u00e1gina10","isPartOf":{"@id":"https:\/\/pagina10.com\/web\/#website"},"primaryImageOfPage":{"@id":"https:\/\/pagina10.com\/web\/padres-de-personas-discapacitadas-podrian-recibir-ayuda-mensual-por-parte-del-estado-a-traves-de-proyecto-de-ley\/#primaryimage"},"image":{"@id":"https:\/\/pagina10.com\/web\/padres-de-personas-discapacitadas-podrian-recibir-ayuda-mensual-por-parte-del-estado-a-traves-de-proyecto-de-ley\/#primaryimage"},"thumbnailUrl":"https:\/\/pagina10.com\/web\/wp-content\/uploads\/2015\/08\/494db55a18eb51f1ea1893005401c6ad.jpg","datePublished":"2015-08-14T22:47:30+00:00","breadcrumb":{"@id":"https:\/\/pagina10.com\/web\/padres-de-personas-discapacitadas-podrian-recibir-ayuda-mensual-por-parte-del-estado-a-traves-de-proyecto-de-ley\/#breadcrumb"},"inLanguage":"es","potentialAction":[{"@type":"ReadAction","target":["https:\/\/pagina10.com\/web\/padres-de-personas-discapacitadas-podrian-recibir-ayuda-mensual-por-parte-del-estado-a-traves-de-proyecto-de-ley\/"]}]},{"@type":"ImageObject","inLanguage":"es","@id":"https:\/\/pagina10.com\/web\/padres-de-personas-discapacitadas-podrian-recibir-ayuda-mensual-por-parte-del-estado-a-traves-de-proyecto-de-ley\/#primaryimage","url":"https:\/\/pagina10.com\/web\/wp-content\/uploads\/2015\/08\/494db55a18eb51f1ea1893005401c6ad.jpg","contentUrl":"https:\/\/pagina10.com\/web\/wp-content\/uploads\/2015\/08\/494db55a18eb51f1ea1893005401c6ad.jpg","width":600,"height":374},{"@type":"BreadcrumbList","@id":"https:\/\/pagina10.com\/web\/padres-de-personas-discapacitadas-podrian-recibir-ayuda-mensual-por-parte-del-estado-a-traves-de-proyecto-de-ley\/#breadcrumb","itemListElement":[{"@type":"ListItem","position":1,"name":"Portada","item":"https:\/\/pagina10.com\/web\/"},{"@type":"ListItem","position":2,"name":"Padres de personas discapacitadas, podr\u00edan recibir ayuda mensual por parte del Estado, a trav\u00e9s de proyecto de ley"}]},{"@type":"WebSite","@id":"https:\/\/pagina10.com\/web\/#website","url":"https:\/\/pagina10.com\/web\/","name":"P\u00e1gina10","description":"Peri\u00f3dico Regional","publisher":{"@id":"https:\/\/pagina10.com\/web\/#organization"},"alternateName":"P\u00e1gina10 Peri\u00f3dico Regional","potentialAction":[{"@type":"SearchAction","target":{"@type":"EntryPoint","urlTemplate":"https:\/\/pagina10.com\/web\/?s={search_term_string}"},"query-input":{"@type":"PropertyValueSpecification","valueRequired":true,"valueName":"search_term_string"}}],"inLanguage":"es"},{"@type":"Organization","@id":"https:\/\/pagina10.com\/web\/#organization","name":"P\u00e1gina10","alternateName":"P\u00e1gina10 Peri\u00f3dico Regional","url":"https:\/\/pagina10.com\/web\/","logo":{"@type":"ImageObject","inLanguage":"es","@id":"https:\/\/pagina10.com\/web\/#\/schema\/logo\/image\/","url":"https:\/\/pagina10.com\/web\/wp-content\/uploads\/2024\/01\/40-pagina-10-periodico-regional-pasto.jpg","contentUrl":"https:\/\/pagina10.com\/web\/wp-content\/uploads\/2024\/01\/40-pagina-10-periodico-regional-pasto.jpg","width":1280,"height":720,"caption":"P\u00e1gina10"},"image":{"@id":"https:\/\/pagina10.com\/web\/#\/schema\/logo\/image\/"},"sameAs":["https:\/\/www.facebook.com\/pag10com","https:\/\/x.com\/Pag10com","https:\/\/www.instagram.com\/pagina10col\/","https:\/\/youtube.com\/channel\/pag10","https:\/\/www.tiktok.com\/@p10col"]},{"@type":"Person","@id":"https:\/\/pagina10.com\/web\/#\/schema\/person\/b459e2d15ec5ba9d5a2c9a81c71c4f7b","name":"Carlos Villota Santacruz.","description":"Internacionalista-Comunicador Social y Periodista. Experto en Comunicaci\u00f3n para el desarrollo y ciudad-regi\u00f3n.. Promotor de proyectos e investigaci\u00f3n comunicativa en radio, prensa y televisi\u00f3n. Experiencia en el manejo de imagen externa, interna y protocolaria de entidades p\u00fablicas y privadas, encuentros culturales, empresariales y ambientales. Docente en el \u00e1rea de televisi\u00f3n, relaciones internacionales y bloques econ\u00f3micos. Experto y conferencista en temas de marketing pol\u00edtico, marketing de ciudad, integraci\u00f3n cultural, TLC y desarrollo urban\u00edstico. E-mail: villotasantacruzcarlos@yahoo.com.co","url":"https:\/\/pagina10.com\/web\/author\/cvillota\/"}]}},"_links":{"self":[{"href":"https:\/\/pagina10.com\/web\/wp-json\/wp\/v2\/posts\/17267","targetHints":{"allow":["GET"]}}],"collection":[{"href":"https:\/\/pagina10.com\/web\/wp-json\/wp\/v2\/posts"}],"about":[{"href":"https:\/\/pagina10.com\/web\/wp-json\/wp\/v2\/types\/post"}],"author":[{"embeddable":true,"href":"https:\/\/pagina10.com\/web\/wp-json\/wp\/v2\/users\/38"}],"replies":[{"embeddable":true,"href":"https:\/\/pagina10.com\/web\/wp-json\/wp\/v2\/comments?post=17267"}],"version-history":[{"count":0,"href":"https:\/\/pagina10.com\/web\/wp-json\/wp\/v2\/posts\/17267\/revisions"}],"wp:featuredmedia":[{"embeddable":true,"href":"https:\/\/pagina10.com\/web\/wp-json\/wp\/v2\/media\/17266"}],"wp:attachment":[{"href":"https:\/\/pagina10.com\/web\/wp-json\/wp\/v2\/media?parent=17267"}],"wp:term":[{"taxonomy":"category","embeddable":true,"href":"https:\/\/pagina10.com\/web\/wp-json\/wp\/v2\/categories?post=17267"},{"taxonomy":"post_tag","embeddable":true,"href":"https:\/\/pagina10.com\/web\/wp-json\/wp\/v2\/tags?post=17267"}],"curies":[{"name":"wp","href":"https:\/\/api.w.org\/{rel}","templated":true}]}}