{"id":17269,"date":"2015-08-14T22:50:06","date_gmt":"2015-08-14T22:50:06","guid":{"rendered":"https:\/\/pagina10.com\/web\/el-congreso-tiende-puente-con-las-universidades-de-colombia-para-elevar-su-calidad-legislativa-luis-fernando-velasco\/"},"modified":"2015-08-14T22:50:06","modified_gmt":"2015-08-14T22:50:06","slug":"el-congreso-tiende-puente-con-las-universidades-de-colombia-para-elevar-su-calidad-legislativa-luis-fernando-velasco","status":"publish","type":"post","link":"https:\/\/pagina10.com\/web\/el-congreso-tiende-puente-con-las-universidades-de-colombia-para-elevar-su-calidad-legislativa-luis-fernando-velasco\/","title":{"rendered":"El Congreso \u201ctiende puente\u201d con las Universidades de Colombia, para elevar su calidad legislativa: Luis Fernando Velasco"},"content":{"rendered":"<p><img fetchpriority=\"high\" decoding=\"async\" class=\" size-full wp-image-17268\" src=\"https:\/\/pagina10.com\/web\/wp-content\/uploads\/2015\/08\/d12eea6a250719f80fcc42fd16bb2e9d.jpg\" alt=\"\" width=\"575\" height=\"350\" srcset=\"https:\/\/pagina10.com\/web\/wp-content\/uploads\/2015\/08\/d12eea6a250719f80fcc42fd16bb2e9d.jpg 575w, https:\/\/pagina10.com\/web\/wp-content\/uploads\/2015\/08\/d12eea6a250719f80fcc42fd16bb2e9d-300x183.jpg 300w\" sizes=\"(max-width: 575px) 100vw, 575px\" \/><\/p>\n<div style=\"text-align: justify;\">De la mano de los Rectores y mejores estudiantes de diversas ramas del conocimiento, el Congreso de Colombia inicio un proceso de acercamiento con las 288 Universidades del pa\u00eds, con el prop\u00f3sito de elevar la calidad legislativa, donde tienen asiento los distintos partidos en el Senado.<\/div>\n<div style=\"text-align: justify;\"><br clear=\"none\" \/><\/div>\n<div style=\"text-align: justify;\">As\u00ed lo revel\u00f3 el presidente del legislativo colombiano Luis Fernando&nbsp; Velasco, qui\u00e9n dijo que el objetivo es acercar a la academia al Congreso, a trav\u00e9s de un \u201csemillero investigativo\u201d, con el protagonismo de los mejores estudiantes en \u00e1reas del conocimiento como el derecho, ciencias pol\u00edticas, econom\u00eda o relaciones internacionales.<\/div>\n<div style=\"text-align: justify;\"><br clear=\"none\" \/><\/div>\n<div style=\"text-align: justify;\">De entrada, ASCUM \u2013 la agremiaci\u00f3n que re\u00fane a las Universidades en el pa\u00eds- jugar\u00e1 un papel fundamental, esta nueva din\u00e1mica que impulsar\u00e1 la Mesa Directiva del Congreso, encabezada por Velasco, qui\u00e9n tom\u00f3 posesi\u00f3n del cargo el pasado 20 de julio, en reemplazo de Jos\u00e9 David Name (Partido de la U).<\/div>\n<div style=\"text-align: justify;\"><br clear=\"none\" \/><\/div>\n<div style=\"text-align: justify;\">Precisamente, la Universidad del Cauca \u2013coordina desde la ciudad de Popay\u00e1n- una plataforma acad\u00e9mica alrededor del proceso de paz entre el Gobierno del presidente Juan Manuel Santos y la guerrillas de las FARC, en La Habana, Cuba, cuya negociaci\u00f3n supera los dos a\u00f1os y se encuentra en una etapa definitiva, en palabras del equipo negociador, con la coordinaci\u00f3n de Humberto de la Calle Lombana.<\/div>\n<div style=\"text-align: justify;\"><br clear=\"none\" \/><\/div>\n<div style=\"text-align: justify;\">Con &nbsp;este nuevo direccionamiento del Congreso de Colombia, &nbsp;a trav\u00e9s del presidente Luis Fernando Velasco (liberal), se comienza a edificar una labor mancomunada entre el legislativo y la academia, que se traducir\u00e1 en una mayor calidad de contenidos de los proyectos de ley y los debates de control pol\u00edtico.<\/div>\n<div style=\"text-align: justify;\">&nbsp;<\/div>\n<div dir=\"ltr\" style=\"text-align: justify;\"><br clear=\"none\" \/><\/div>\n<div dir=\"ltr\" style=\"text-align: justify;\">En la agenda del (Senado y la C\u00e1mara) se encuentra el&nbsp; estudio del Presupuesto&nbsp; General de la Naci\u00f3n, la construcci\u00f3n del posconflicto y la ley de Seguridad Ciudadana entre otros.<\/div>\n<div dir=\"ltr\" style=\"text-align: justify;\">&nbsp;<\/div>\n<div dir=\"ltr\"><img decoding=\"async\" class=\" size-full wp-image-17008\" src=\"https:\/\/pagina10.com\/web\/wp-content\/uploads\/2015\/07\/boca.jpg\" width=\"527\" height=\"351\" alt=\"boca\" style=\"display: block; margin-left: auto; margin-right: auto;\" srcset=\"https:\/\/pagina10.com\/web\/wp-content\/uploads\/2015\/07\/boca.jpg 710w, https:\/\/pagina10.com\/web\/wp-content\/uploads\/2015\/07\/boca-300x200.jpg 300w, https:\/\/pagina10.com\/web\/wp-content\/uploads\/2015\/07\/boca-450x300.jpg 450w\" sizes=\"(max-width: 527px) 100vw, 527px\" \/><\/div>\n","protected":false},"excerpt":{"rendered":"<p>De la mano de los Rectores y mejores estudiantes de diversas ramas del conocimiento, el Congreso de Colombia inicio un proceso de acercamiento con las 288 Universidades del pa\u00eds, con el prop\u00f3sito de elevar la calidad legislativa, donde tienen asiento los distintos partidos en el Senado. As\u00ed lo revel\u00f3 el presidente del legislativo colombiano Luis [&hellip;]<\/p>\n","protected":false},"author":38,"featured_media":17268,"comment_status":"open","ping_status":"open","sticky":false,"template":"","format":"standard","meta":{"footnotes":""},"categories":[1],"tags":[],"class_list":["post-17269","post","type-post","status-publish","format-standard","has-post-thumbnail","hentry","category-sin-categoria"],"yoast_head":"<!-- This site is optimized with the Yoast SEO plugin v27.1.1 - https:\/\/yoast.com\/product\/yoast-seo-wordpress\/ -->\n<title>El Congreso \u201ctiende puente\u201d con las Universidades de Colombia, para elevar su calidad legislativa: Luis Fernando Velasco | P\u00e1gina10<\/title>\n<meta name=\"robots\" content=\"index, follow, max-snippet:-1, max-image-preview:large, max-video-preview:-1\" \/>\n<link rel=\"canonical\" href=\"https:\/\/pagina10.com\/web\/el-congreso-tiende-puente-con-las-universidades-de-colombia-para-elevar-su-calidad-legislativa-luis-fernando-velasco\/\" \/>\n<meta property=\"og:locale\" content=\"es_ES\" \/>\n<meta property=\"og:type\" content=\"article\" \/>\n<meta property=\"og:title\" content=\"El Congreso \u201ctiende puente\u201d con las Universidades de Colombia, para elevar su calidad legislativa: Luis Fernando Velasco | P\u00e1gina10\" \/>\n<meta property=\"og:description\" content=\"De la mano de los Rectores y mejores estudiantes de diversas ramas del conocimiento, el Congreso de Colombia inicio un proceso de acercamiento con las 288 Universidades del pa\u00eds, con el prop\u00f3sito de elevar la calidad legislativa, donde tienen asiento los distintos partidos en el Senado. As\u00ed lo revel\u00f3 el presidente del legislativo colombiano Luis [&hellip;]\" \/>\n<meta property=\"og:url\" content=\"https:\/\/pagina10.com\/web\/el-congreso-tiende-puente-con-las-universidades-de-colombia-para-elevar-su-calidad-legislativa-luis-fernando-velasco\/\" \/>\n<meta property=\"og:site_name\" content=\"P\u00e1gina10\" \/>\n<meta property=\"article:publisher\" content=\"https:\/\/www.facebook.com\/pag10com\" \/>\n<meta property=\"article:published_time\" content=\"2015-08-14T22:50:06+00:00\" \/>\n<meta property=\"og:image\" content=\"https:\/\/pagina10.com\/web\/wp-content\/uploads\/2015\/08\/d12eea6a250719f80fcc42fd16bb2e9d.jpg\" \/>\n\t<meta property=\"og:image:width\" content=\"575\" \/>\n\t<meta property=\"og:image:height\" content=\"350\" \/>\n\t<meta property=\"og:image:type\" content=\"image\/jpeg\" \/>\n<meta name=\"author\" content=\"Carlos Villota Santacruz.\" \/>\n<meta name=\"twitter:card\" content=\"summary_large_image\" \/>\n<meta name=\"twitter:creator\" content=\"@Pag10com\" \/>\n<meta name=\"twitter:site\" content=\"@Pag10com\" \/>\n<meta name=\"twitter:label1\" content=\"Escrito por\" \/>\n\t<meta name=\"twitter:data1\" content=\"Carlos Villota Santacruz.\" \/>\n\t<meta name=\"twitter:label2\" content=\"Tiempo de lectura\" \/>\n\t<meta name=\"twitter:data2\" content=\"2 minutos\" \/>\n<script type=\"application\/ld+json\" class=\"yoast-schema-graph\">{\"@context\":\"https:\/\/schema.org\",\"@graph\":[{\"@type\":\"Article\",\"@id\":\"https:\/\/pagina10.com\/web\/el-congreso-tiende-puente-con-las-universidades-de-colombia-para-elevar-su-calidad-legislativa-luis-fernando-velasco\/#article\",\"isPartOf\":{\"@id\":\"https:\/\/pagina10.com\/web\/el-congreso-tiende-puente-con-las-universidades-de-colombia-para-elevar-su-calidad-legislativa-luis-fernando-velasco\/\"},\"author\":{\"name\":\"Carlos Villota Santacruz.\",\"@id\":\"https:\/\/pagina10.com\/web\/#\/schema\/person\/b459e2d15ec5ba9d5a2c9a81c71c4f7b\"},\"headline\":\"El Congreso \u201ctiende puente\u201d con las Universidades de Colombia, para elevar su calidad legislativa: Luis Fernando Velasco\",\"datePublished\":\"2015-08-14T22:50:06+00:00\",\"mainEntityOfPage\":{\"@id\":\"https:\/\/pagina10.com\/web\/el-congreso-tiende-puente-con-las-universidades-de-colombia-para-elevar-su-calidad-legislativa-luis-fernando-velasco\/\"},\"wordCount\":332,\"commentCount\":0,\"publisher\":{\"@id\":\"https:\/\/pagina10.com\/web\/#organization\"},\"image\":{\"@id\":\"https:\/\/pagina10.com\/web\/el-congreso-tiende-puente-con-las-universidades-de-colombia-para-elevar-su-calidad-legislativa-luis-fernando-velasco\/#primaryimage\"},\"thumbnailUrl\":\"https:\/\/pagina10.com\/web\/wp-content\/uploads\/2015\/08\/d12eea6a250719f80fcc42fd16bb2e9d.jpg\",\"inLanguage\":\"es\",\"potentialAction\":[{\"@type\":\"CommentAction\",\"name\":\"Comment\",\"target\":[\"https:\/\/pagina10.com\/web\/el-congreso-tiende-puente-con-las-universidades-de-colombia-para-elevar-su-calidad-legislativa-luis-fernando-velasco\/#respond\"]}]},{\"@type\":\"WebPage\",\"@id\":\"https:\/\/pagina10.com\/web\/el-congreso-tiende-puente-con-las-universidades-de-colombia-para-elevar-su-calidad-legislativa-luis-fernando-velasco\/\",\"url\":\"https:\/\/pagina10.com\/web\/el-congreso-tiende-puente-con-las-universidades-de-colombia-para-elevar-su-calidad-legislativa-luis-fernando-velasco\/\",\"name\":\"El Congreso \u201ctiende puente\u201d con las Universidades de Colombia, para elevar su calidad legislativa: Luis Fernando Velasco | P\u00e1gina10\",\"isPartOf\":{\"@id\":\"https:\/\/pagina10.com\/web\/#website\"},\"primaryImageOfPage\":{\"@id\":\"https:\/\/pagina10.com\/web\/el-congreso-tiende-puente-con-las-universidades-de-colombia-para-elevar-su-calidad-legislativa-luis-fernando-velasco\/#primaryimage\"},\"image\":{\"@id\":\"https:\/\/pagina10.com\/web\/el-congreso-tiende-puente-con-las-universidades-de-colombia-para-elevar-su-calidad-legislativa-luis-fernando-velasco\/#primaryimage\"},\"thumbnailUrl\":\"https:\/\/pagina10.com\/web\/wp-content\/uploads\/2015\/08\/d12eea6a250719f80fcc42fd16bb2e9d.jpg\",\"datePublished\":\"2015-08-14T22:50:06+00:00\",\"breadcrumb\":{\"@id\":\"https:\/\/pagina10.com\/web\/el-congreso-tiende-puente-con-las-universidades-de-colombia-para-elevar-su-calidad-legislativa-luis-fernando-velasco\/#breadcrumb\"},\"inLanguage\":\"es\",\"potentialAction\":[{\"@type\":\"ReadAction\",\"target\":[\"https:\/\/pagina10.com\/web\/el-congreso-tiende-puente-con-las-universidades-de-colombia-para-elevar-su-calidad-legislativa-luis-fernando-velasco\/\"]}]},{\"@type\":\"ImageObject\",\"inLanguage\":\"es\",\"@id\":\"https:\/\/pagina10.com\/web\/el-congreso-tiende-puente-con-las-universidades-de-colombia-para-elevar-su-calidad-legislativa-luis-fernando-velasco\/#primaryimage\",\"url\":\"https:\/\/pagina10.com\/web\/wp-content\/uploads\/2015\/08\/d12eea6a250719f80fcc42fd16bb2e9d.jpg\",\"contentUrl\":\"https:\/\/pagina10.com\/web\/wp-content\/uploads\/2015\/08\/d12eea6a250719f80fcc42fd16bb2e9d.jpg\",\"width\":575,\"height\":350},{\"@type\":\"BreadcrumbList\",\"@id\":\"https:\/\/pagina10.com\/web\/el-congreso-tiende-puente-con-las-universidades-de-colombia-para-elevar-su-calidad-legislativa-luis-fernando-velasco\/#breadcrumb\",\"itemListElement\":[{\"@type\":\"ListItem\",\"position\":1,\"name\":\"Portada\",\"item\":\"https:\/\/pagina10.com\/web\/\"},{\"@type\":\"ListItem\",\"position\":2,\"name\":\"El Congreso \u201ctiende puente\u201d con las Universidades de Colombia, para elevar su calidad legislativa: Luis Fernando Velasco\"}]},{\"@type\":\"WebSite\",\"@id\":\"https:\/\/pagina10.com\/web\/#website\",\"url\":\"https:\/\/pagina10.com\/web\/\",\"name\":\"P\u00e1gina10\",\"description\":\"Peri\u00f3dico Regional\",\"publisher\":{\"@id\":\"https:\/\/pagina10.com\/web\/#organization\"},\"alternateName\":\"P\u00e1gina10 Peri\u00f3dico Regional\",\"potentialAction\":[{\"@type\":\"SearchAction\",\"target\":{\"@type\":\"EntryPoint\",\"urlTemplate\":\"https:\/\/pagina10.com\/web\/?s={search_term_string}\"},\"query-input\":{\"@type\":\"PropertyValueSpecification\",\"valueRequired\":true,\"valueName\":\"search_term_string\"}}],\"inLanguage\":\"es\"},{\"@type\":\"Organization\",\"@id\":\"https:\/\/pagina10.com\/web\/#organization\",\"name\":\"P\u00e1gina10\",\"alternateName\":\"P\u00e1gina10 Peri\u00f3dico Regional\",\"url\":\"https:\/\/pagina10.com\/web\/\",\"logo\":{\"@type\":\"ImageObject\",\"inLanguage\":\"es\",\"@id\":\"https:\/\/pagina10.com\/web\/#\/schema\/logo\/image\/\",\"url\":\"https:\/\/pagina10.com\/web\/wp-content\/uploads\/2024\/01\/40-pagina-10-periodico-regional-pasto.jpg\",\"contentUrl\":\"https:\/\/pagina10.com\/web\/wp-content\/uploads\/2024\/01\/40-pagina-10-periodico-regional-pasto.jpg\",\"width\":1280,\"height\":720,\"caption\":\"P\u00e1gina10\"},\"image\":{\"@id\":\"https:\/\/pagina10.com\/web\/#\/schema\/logo\/image\/\"},\"sameAs\":[\"https:\/\/www.facebook.com\/pag10com\",\"https:\/\/x.com\/Pag10com\",\"https:\/\/www.instagram.com\/pagina10col\/\",\"https:\/\/youtube.com\/channel\/pag10\",\"https:\/\/www.tiktok.com\/@p10col\"]},{\"@type\":\"Person\",\"@id\":\"https:\/\/pagina10.com\/web\/#\/schema\/person\/b459e2d15ec5ba9d5a2c9a81c71c4f7b\",\"name\":\"Carlos Villota Santacruz.\",\"description\":\"Internacionalista-Comunicador Social y Periodista. Experto en Comunicaci\u00f3n para el desarrollo y ciudad-regi\u00f3n.. Promotor de proyectos e investigaci\u00f3n comunicativa en radio, prensa y televisi\u00f3n. Experiencia en el manejo de imagen externa, interna y protocolaria de entidades p\u00fablicas y privadas, encuentros culturales, empresariales y ambientales. Docente en el \u00e1rea de televisi\u00f3n, relaciones internacionales y bloques econ\u00f3micos. Experto y conferencista en temas de marketing pol\u00edtico, marketing de ciudad, integraci\u00f3n cultural, TLC y desarrollo urban\u00edstico. E-mail: villotasantacruzcarlos@yahoo.com.co\",\"url\":\"https:\/\/pagina10.com\/web\/author\/cvillota\/\"}]}<\/script>\n<!-- \/ Yoast SEO plugin. -->","yoast_head_json":{"title":"El Congreso \u201ctiende puente\u201d con las Universidades de Colombia, para elevar su calidad legislativa: Luis Fernando Velasco | P\u00e1gina10","robots":{"index":"index","follow":"follow","max-snippet":"max-snippet:-1","max-image-preview":"max-image-preview:large","max-video-preview":"max-video-preview:-1"},"canonical":"https:\/\/pagina10.com\/web\/el-congreso-tiende-puente-con-las-universidades-de-colombia-para-elevar-su-calidad-legislativa-luis-fernando-velasco\/","og_locale":"es_ES","og_type":"article","og_title":"El Congreso \u201ctiende puente\u201d con las Universidades de Colombia, para elevar su calidad legislativa: Luis Fernando Velasco | P\u00e1gina10","og_description":"De la mano de los Rectores y mejores estudiantes de diversas ramas del conocimiento, el Congreso de Colombia inicio un proceso de acercamiento con las 288 Universidades del pa\u00eds, con el prop\u00f3sito de elevar la calidad legislativa, donde tienen asiento los distintos partidos en el Senado. As\u00ed lo revel\u00f3 el presidente del legislativo colombiano Luis [&hellip;]","og_url":"https:\/\/pagina10.com\/web\/el-congreso-tiende-puente-con-las-universidades-de-colombia-para-elevar-su-calidad-legislativa-luis-fernando-velasco\/","og_site_name":"P\u00e1gina10","article_publisher":"https:\/\/www.facebook.com\/pag10com","article_published_time":"2015-08-14T22:50:06+00:00","og_image":[{"width":575,"height":350,"url":"https:\/\/pagina10.com\/web\/wp-content\/uploads\/2015\/08\/d12eea6a250719f80fcc42fd16bb2e9d.jpg","type":"image\/jpeg"}],"author":"Carlos Villota Santacruz.","twitter_card":"summary_large_image","twitter_creator":"@Pag10com","twitter_site":"@Pag10com","twitter_misc":{"Escrito por":"Carlos Villota Santacruz.","Tiempo de lectura":"2 minutos"},"schema":{"@context":"https:\/\/schema.org","@graph":[{"@type":"Article","@id":"https:\/\/pagina10.com\/web\/el-congreso-tiende-puente-con-las-universidades-de-colombia-para-elevar-su-calidad-legislativa-luis-fernando-velasco\/#article","isPartOf":{"@id":"https:\/\/pagina10.com\/web\/el-congreso-tiende-puente-con-las-universidades-de-colombia-para-elevar-su-calidad-legislativa-luis-fernando-velasco\/"},"author":{"name":"Carlos Villota Santacruz.","@id":"https:\/\/pagina10.com\/web\/#\/schema\/person\/b459e2d15ec5ba9d5a2c9a81c71c4f7b"},"headline":"El Congreso \u201ctiende puente\u201d con las Universidades de Colombia, para elevar su calidad legislativa: Luis Fernando Velasco","datePublished":"2015-08-14T22:50:06+00:00","mainEntityOfPage":{"@id":"https:\/\/pagina10.com\/web\/el-congreso-tiende-puente-con-las-universidades-de-colombia-para-elevar-su-calidad-legislativa-luis-fernando-velasco\/"},"wordCount":332,"commentCount":0,"publisher":{"@id":"https:\/\/pagina10.com\/web\/#organization"},"image":{"@id":"https:\/\/pagina10.com\/web\/el-congreso-tiende-puente-con-las-universidades-de-colombia-para-elevar-su-calidad-legislativa-luis-fernando-velasco\/#primaryimage"},"thumbnailUrl":"https:\/\/pagina10.com\/web\/wp-content\/uploads\/2015\/08\/d12eea6a250719f80fcc42fd16bb2e9d.jpg","inLanguage":"es","potentialAction":[{"@type":"CommentAction","name":"Comment","target":["https:\/\/pagina10.com\/web\/el-congreso-tiende-puente-con-las-universidades-de-colombia-para-elevar-su-calidad-legislativa-luis-fernando-velasco\/#respond"]}]},{"@type":"WebPage","@id":"https:\/\/pagina10.com\/web\/el-congreso-tiende-puente-con-las-universidades-de-colombia-para-elevar-su-calidad-legislativa-luis-fernando-velasco\/","url":"https:\/\/pagina10.com\/web\/el-congreso-tiende-puente-con-las-universidades-de-colombia-para-elevar-su-calidad-legislativa-luis-fernando-velasco\/","name":"El Congreso \u201ctiende puente\u201d con las Universidades de Colombia, para elevar su calidad legislativa: Luis Fernando Velasco | P\u00e1gina10","isPartOf":{"@id":"https:\/\/pagina10.com\/web\/#website"},"primaryImageOfPage":{"@id":"https:\/\/pagina10.com\/web\/el-congreso-tiende-puente-con-las-universidades-de-colombia-para-elevar-su-calidad-legislativa-luis-fernando-velasco\/#primaryimage"},"image":{"@id":"https:\/\/pagina10.com\/web\/el-congreso-tiende-puente-con-las-universidades-de-colombia-para-elevar-su-calidad-legislativa-luis-fernando-velasco\/#primaryimage"},"thumbnailUrl":"https:\/\/pagina10.com\/web\/wp-content\/uploads\/2015\/08\/d12eea6a250719f80fcc42fd16bb2e9d.jpg","datePublished":"2015-08-14T22:50:06+00:00","breadcrumb":{"@id":"https:\/\/pagina10.com\/web\/el-congreso-tiende-puente-con-las-universidades-de-colombia-para-elevar-su-calidad-legislativa-luis-fernando-velasco\/#breadcrumb"},"inLanguage":"es","potentialAction":[{"@type":"ReadAction","target":["https:\/\/pagina10.com\/web\/el-congreso-tiende-puente-con-las-universidades-de-colombia-para-elevar-su-calidad-legislativa-luis-fernando-velasco\/"]}]},{"@type":"ImageObject","inLanguage":"es","@id":"https:\/\/pagina10.com\/web\/el-congreso-tiende-puente-con-las-universidades-de-colombia-para-elevar-su-calidad-legislativa-luis-fernando-velasco\/#primaryimage","url":"https:\/\/pagina10.com\/web\/wp-content\/uploads\/2015\/08\/d12eea6a250719f80fcc42fd16bb2e9d.jpg","contentUrl":"https:\/\/pagina10.com\/web\/wp-content\/uploads\/2015\/08\/d12eea6a250719f80fcc42fd16bb2e9d.jpg","width":575,"height":350},{"@type":"BreadcrumbList","@id":"https:\/\/pagina10.com\/web\/el-congreso-tiende-puente-con-las-universidades-de-colombia-para-elevar-su-calidad-legislativa-luis-fernando-velasco\/#breadcrumb","itemListElement":[{"@type":"ListItem","position":1,"name":"Portada","item":"https:\/\/pagina10.com\/web\/"},{"@type":"ListItem","position":2,"name":"El Congreso \u201ctiende puente\u201d con las Universidades de Colombia, para elevar su calidad legislativa: Luis Fernando Velasco"}]},{"@type":"WebSite","@id":"https:\/\/pagina10.com\/web\/#website","url":"https:\/\/pagina10.com\/web\/","name":"P\u00e1gina10","description":"Peri\u00f3dico Regional","publisher":{"@id":"https:\/\/pagina10.com\/web\/#organization"},"alternateName":"P\u00e1gina10 Peri\u00f3dico Regional","potentialAction":[{"@type":"SearchAction","target":{"@type":"EntryPoint","urlTemplate":"https:\/\/pagina10.com\/web\/?s={search_term_string}"},"query-input":{"@type":"PropertyValueSpecification","valueRequired":true,"valueName":"search_term_string"}}],"inLanguage":"es"},{"@type":"Organization","@id":"https:\/\/pagina10.com\/web\/#organization","name":"P\u00e1gina10","alternateName":"P\u00e1gina10 Peri\u00f3dico Regional","url":"https:\/\/pagina10.com\/web\/","logo":{"@type":"ImageObject","inLanguage":"es","@id":"https:\/\/pagina10.com\/web\/#\/schema\/logo\/image\/","url":"https:\/\/pagina10.com\/web\/wp-content\/uploads\/2024\/01\/40-pagina-10-periodico-regional-pasto.jpg","contentUrl":"https:\/\/pagina10.com\/web\/wp-content\/uploads\/2024\/01\/40-pagina-10-periodico-regional-pasto.jpg","width":1280,"height":720,"caption":"P\u00e1gina10"},"image":{"@id":"https:\/\/pagina10.com\/web\/#\/schema\/logo\/image\/"},"sameAs":["https:\/\/www.facebook.com\/pag10com","https:\/\/x.com\/Pag10com","https:\/\/www.instagram.com\/pagina10col\/","https:\/\/youtube.com\/channel\/pag10","https:\/\/www.tiktok.com\/@p10col"]},{"@type":"Person","@id":"https:\/\/pagina10.com\/web\/#\/schema\/person\/b459e2d15ec5ba9d5a2c9a81c71c4f7b","name":"Carlos Villota Santacruz.","description":"Internacionalista-Comunicador Social y Periodista. Experto en Comunicaci\u00f3n para el desarrollo y ciudad-regi\u00f3n.. Promotor de proyectos e investigaci\u00f3n comunicativa en radio, prensa y televisi\u00f3n. Experiencia en el manejo de imagen externa, interna y protocolaria de entidades p\u00fablicas y privadas, encuentros culturales, empresariales y ambientales. Docente en el \u00e1rea de televisi\u00f3n, relaciones internacionales y bloques econ\u00f3micos. Experto y conferencista en temas de marketing pol\u00edtico, marketing de ciudad, integraci\u00f3n cultural, TLC y desarrollo urban\u00edstico. E-mail: villotasantacruzcarlos@yahoo.com.co","url":"https:\/\/pagina10.com\/web\/author\/cvillota\/"}]}},"_links":{"self":[{"href":"https:\/\/pagina10.com\/web\/wp-json\/wp\/v2\/posts\/17269","targetHints":{"allow":["GET"]}}],"collection":[{"href":"https:\/\/pagina10.com\/web\/wp-json\/wp\/v2\/posts"}],"about":[{"href":"https:\/\/pagina10.com\/web\/wp-json\/wp\/v2\/types\/post"}],"author":[{"embeddable":true,"href":"https:\/\/pagina10.com\/web\/wp-json\/wp\/v2\/users\/38"}],"replies":[{"embeddable":true,"href":"https:\/\/pagina10.com\/web\/wp-json\/wp\/v2\/comments?post=17269"}],"version-history":[{"count":0,"href":"https:\/\/pagina10.com\/web\/wp-json\/wp\/v2\/posts\/17269\/revisions"}],"wp:featuredmedia":[{"embeddable":true,"href":"https:\/\/pagina10.com\/web\/wp-json\/wp\/v2\/media\/17268"}],"wp:attachment":[{"href":"https:\/\/pagina10.com\/web\/wp-json\/wp\/v2\/media?parent=17269"}],"wp:term":[{"taxonomy":"category","embeddable":true,"href":"https:\/\/pagina10.com\/web\/wp-json\/wp\/v2\/categories?post=17269"},{"taxonomy":"post_tag","embeddable":true,"href":"https:\/\/pagina10.com\/web\/wp-json\/wp\/v2\/tags?post=17269"}],"curies":[{"name":"wp","href":"https:\/\/api.w.org\/{rel}","templated":true}]}}