{"id":17271,"date":"2015-08-14T22:57:29","date_gmt":"2015-08-14T22:57:29","guid":{"rendered":"https:\/\/pagina10.com\/web\/mujeres-avanzan-en-la-firma-de-acuerdos-programaticos-con-los-candidatos-a-la-gobernacion-de-narino\/"},"modified":"2015-08-14T22:57:29","modified_gmt":"2015-08-14T22:57:29","slug":"mujeres-avanzan-en-la-firma-de-acuerdos-programaticos-con-los-candidatos-a-la-gobernacion-de-narino","status":"publish","type":"post","link":"https:\/\/pagina10.com\/web\/mujeres-avanzan-en-la-firma-de-acuerdos-programaticos-con-los-candidatos-a-la-gobernacion-de-narino\/","title":{"rendered":"Mujeres avanzan en la firma de acuerdos program\u00e1ticos con los candidatos a la gobernaci\u00f3n de Nari\u00f1o."},"content":{"rendered":"<p><img fetchpriority=\"high\" decoding=\"async\" class=\" size-full wp-image-17270\" src=\"https:\/\/pagina10.com\/web\/wp-content\/uploads\/2015\/08\/88d47f50955e6c03070850d747504986.jpg\" alt=\"\" width=\"600\" height=\"450\" srcset=\"https:\/\/pagina10.com\/web\/wp-content\/uploads\/2015\/08\/88d47f50955e6c03070850d747504986.jpg 600w, https:\/\/pagina10.com\/web\/wp-content\/uploads\/2015\/08\/88d47f50955e6c03070850d747504986-300x225.jpg 300w, https:\/\/pagina10.com\/web\/wp-content\/uploads\/2015\/08\/88d47f50955e6c03070850d747504986-86x64.jpg 86w\" sizes=\"(max-width: 600px) 100vw, 600px\" \/><\/p>\n<p style=\"text-align: justify;\">El 28 de julio se realiz\u00f3 en la ciudad de Pasto el Segundo Encuentro Departamental de Mujeres para la Incidencia Pol\u00edtica, un foro de di\u00e1logo abierto con los candidatos a la Gobernaci\u00f3n de Nari\u00f1o organizado por la Mesa Departamental de Mujeres. El evento cont\u00f3 con el acompa\u00f1amiento t\u00e9cnico de ONU Mujeres en el marco del proyecto \u201cEn Nari\u00f1o: M\u00e1s Mujeres, M\u00e1s Democracia\u201dy el desarrollo metodol\u00f3gico de la Alianza Nari\u00f1o Decide.<\/p>\n<p style=\"text-align: justify;\">&nbsp;<\/p>\n<p style=\"text-align: justify;\">Los candidatos Afranio Rodr\u00edguez, Nelson Leiton, Camilo Romero, y Jhon Rojas atendieron la invitaci\u00f3n y se reunieron en las instalaciones de la Instituci\u00f3n Educativa Libertadcon m\u00e1s de 50 delegadas de igual n\u00famero de municipios de Nari\u00f1o para conocer el contexto del proceso organizativo de mujeres, los retos para la implementaci\u00f3n de la pol\u00edtica p\u00fablica de equidad de g\u00e9nero, y desde esa perspectiva interactuar para comprender la visi\u00f3n de cada candidato y su relaci\u00f3n con estos procesos territoriales.<\/p>\n<p style=\"text-align: justify;\">&nbsp;<\/p>\n<p style=\"text-align: justify;\">Creaci\u00f3n de una casa de la mujer, inclusi\u00f3n de las mujeres en los procesos educativos formales y no formales, ampliaci\u00f3n de la cobertura educativa a mujeres rurales, formaci\u00f3n a los funcionarios y funcionarias en materia de derechos de las mujeres y la equidad de g\u00e9nero, y claridad de gesti\u00f3n presupuestal para la implementaci\u00f3n de la pol\u00edtica p\u00fablica de equidad, fueron algunos de los temas m\u00e1s relevantes en este segundo encuentro promovido por la Mesa Departamental de Mujeres.<\/p>\n<p style=\"text-align: justify;\">&nbsp;<\/p>\n<p style=\"text-align: justify;\">Los cuatro candidatos asistentes manifestaron su compromiso con la agenda de derechos de las mujeres nari\u00f1enses y aceptaron firmar un acuerdo program\u00e1tico con la Mesa Departamental de Mujeres. Este documento fue elaborado con la asistencia t\u00e9cnica de ONU Mujeres y en \u00e9l se consignaron los principales ejes de trabajo y propuestas que seg\u00fan el sector deber\u00e1n ser el paso a seguir en la implementaci\u00f3n de la pol\u00edtica p\u00fablica de equidad de g\u00e9nero para las mujeres nari\u00f1enses. As\u00ed mismo, durante el evento los candidatos se comprometieron con el pacto por la transparencia electoral, impulsado desde la Alianza Nari\u00f1o Decide.<\/p>\n<p style=\"text-align: justify;\">&nbsp;<\/p>\n<p style=\"text-align: justify;\">Se debe destacar el cumplimiento a las reglas de juego, tanto por los candidatos, como por parte del p\u00fablico presente en el encuentro. La metodolog\u00eda sugerida por PNUD con el apoyo de ONU Mujeres e impulsada por la Alianza Nari\u00f1o Decide facilit\u00f3 un encuentro armonioso e interesado en que primaran los argumentos expuestos por los candidatos, que seg\u00fan dieron a entender en sus presentaciones, han estado vinculados, desde diferentes esferas del escenario p\u00fablico y privado con el tema de derechos de las mujeres y la equidad de g\u00e9nero.<\/p>\n<p style=\"text-align: justify;\">&nbsp;<\/p>\n<p style=\"text-align: justify;\">El proyecto \u201cEn Nari\u00f1o: M\u00e1s Mujeres, M\u00e1s Democracia\u201d avanza, y se espera lograr un impacto positivo en la garant\u00eda de los derechos de las mujeres nari\u00f1enses para participar en condiciones de equidad en los procesos pol\u00edticos y democr\u00e1ticos.<\/p>\n<p style=\"text-align: justify;\">&nbsp;<\/p>\n<p style=\"text-align: justify;\">&nbsp;<\/p>\n<p style=\"text-align: justify;\">&nbsp;<\/p>\n<p style=\"text-align: justify;\">Mayores informes:&nbsp;&nbsp;&nbsp;&nbsp;&nbsp;&nbsp;&nbsp;<\/p>\n<p style=\"text-align: justify;\">Tatiana Delgado \u2013 Profesional ONU Mujeres en Nari\u00f1o\/3163351627<\/p>\n<p style=\"text-align: justify;\">Gustavo Montenegro \u2013 Coordinador Nari\u00f1o Decide \/3152597265<\/p>\n<p style=\"text-align: justify;\">Manuel Ruiz P.- Profesional de apoyo\/3155276966<\/p>\n<p style=\"text-align: justify;\"><a href=\"http:\/\/www.narinodecide.org\/\">www.narinodecide.org<\/a><\/p>\n<p style=\"text-align: justify;\">@narinodecide<\/p>\n","protected":false},"excerpt":{"rendered":"<p>El 28 de julio se realiz\u00f3 en la ciudad de Pasto el Segundo Encuentro Departamental de Mujeres para la Incidencia Pol\u00edtica, un foro de di\u00e1logo abierto con los candidatos a la Gobernaci\u00f3n de Nari\u00f1o organizado por la Mesa Departamental de Mujeres. El evento cont\u00f3 con el acompa\u00f1amiento t\u00e9cnico de ONU Mujeres en el marco del [&hellip;]<\/p>\n","protected":false},"author":29,"featured_media":17270,"comment_status":"open","ping_status":"open","sticky":false,"template":"","format":"standard","meta":{"footnotes":""},"categories":[1],"tags":[],"class_list":["post-17271","post","type-post","status-publish","format-standard","has-post-thumbnail","hentry","category-sin-categoria"],"yoast_head":"<!-- This site is optimized with the Yoast SEO plugin v27.1.1 - https:\/\/yoast.com\/product\/yoast-seo-wordpress\/ -->\n<title>Mujeres avanzan en la firma de acuerdos program\u00e1ticos con los candidatos a la gobernaci\u00f3n de Nari\u00f1o. | P\u00e1gina10<\/title>\n<meta name=\"robots\" content=\"index, follow, max-snippet:-1, max-image-preview:large, max-video-preview:-1\" \/>\n<link rel=\"canonical\" href=\"https:\/\/pagina10.com\/web\/mujeres-avanzan-en-la-firma-de-acuerdos-programaticos-con-los-candidatos-a-la-gobernacion-de-narino\/\" \/>\n<meta property=\"og:locale\" content=\"es_ES\" \/>\n<meta property=\"og:type\" content=\"article\" \/>\n<meta property=\"og:title\" content=\"Mujeres avanzan en la firma de acuerdos program\u00e1ticos con los candidatos a la gobernaci\u00f3n de Nari\u00f1o. | P\u00e1gina10\" \/>\n<meta property=\"og:description\" content=\"El 28 de julio se realiz\u00f3 en la ciudad de Pasto el Segundo Encuentro Departamental de Mujeres para la Incidencia Pol\u00edtica, un foro de di\u00e1logo abierto con los candidatos a la Gobernaci\u00f3n de Nari\u00f1o organizado por la Mesa Departamental de Mujeres. El evento cont\u00f3 con el acompa\u00f1amiento t\u00e9cnico de ONU Mujeres en el marco del [&hellip;]\" \/>\n<meta property=\"og:url\" content=\"https:\/\/pagina10.com\/web\/mujeres-avanzan-en-la-firma-de-acuerdos-programaticos-con-los-candidatos-a-la-gobernacion-de-narino\/\" \/>\n<meta property=\"og:site_name\" content=\"P\u00e1gina10\" \/>\n<meta property=\"article:publisher\" content=\"https:\/\/www.facebook.com\/pag10com\" \/>\n<meta property=\"article:published_time\" content=\"2015-08-14T22:57:29+00:00\" \/>\n<meta property=\"og:image\" content=\"https:\/\/pagina10.com\/web\/wp-content\/uploads\/2015\/08\/88d47f50955e6c03070850d747504986.jpg\" \/>\n\t<meta property=\"og:image:width\" content=\"600\" \/>\n\t<meta property=\"og:image:height\" content=\"450\" \/>\n\t<meta property=\"og:image:type\" content=\"image\/jpeg\" \/>\n<meta name=\"author\" content=\"P\u00e1gina 10\" \/>\n<meta name=\"twitter:card\" content=\"summary_large_image\" \/>\n<meta name=\"twitter:creator\" content=\"@Pag10com\" \/>\n<meta name=\"twitter:site\" content=\"@Pag10com\" \/>\n<meta name=\"twitter:label1\" content=\"Escrito por\" \/>\n\t<meta name=\"twitter:data1\" content=\"P\u00e1gina 10\" \/>\n\t<meta name=\"twitter:label2\" content=\"Tiempo de lectura\" \/>\n\t<meta name=\"twitter:data2\" content=\"3 minutos\" \/>\n<script type=\"application\/ld+json\" class=\"yoast-schema-graph\">{\"@context\":\"https:\/\/schema.org\",\"@graph\":[{\"@type\":\"Article\",\"@id\":\"https:\/\/pagina10.com\/web\/mujeres-avanzan-en-la-firma-de-acuerdos-programaticos-con-los-candidatos-a-la-gobernacion-de-narino\/#article\",\"isPartOf\":{\"@id\":\"https:\/\/pagina10.com\/web\/mujeres-avanzan-en-la-firma-de-acuerdos-programaticos-con-los-candidatos-a-la-gobernacion-de-narino\/\"},\"author\":{\"name\":\"P\u00e1gina 10\",\"@id\":\"https:\/\/pagina10.com\/web\/#\/schema\/person\/a7a5d38f0629dfc107f619fbae4f6cc3\"},\"headline\":\"Mujeres avanzan en la firma de acuerdos program\u00e1ticos con los candidatos a la gobernaci\u00f3n de Nari\u00f1o.\",\"datePublished\":\"2015-08-14T22:57:29+00:00\",\"mainEntityOfPage\":{\"@id\":\"https:\/\/pagina10.com\/web\/mujeres-avanzan-en-la-firma-de-acuerdos-programaticos-con-los-candidatos-a-la-gobernacion-de-narino\/\"},\"wordCount\":565,\"commentCount\":0,\"publisher\":{\"@id\":\"https:\/\/pagina10.com\/web\/#organization\"},\"image\":{\"@id\":\"https:\/\/pagina10.com\/web\/mujeres-avanzan-en-la-firma-de-acuerdos-programaticos-con-los-candidatos-a-la-gobernacion-de-narino\/#primaryimage\"},\"thumbnailUrl\":\"https:\/\/pagina10.com\/web\/wp-content\/uploads\/2015\/08\/88d47f50955e6c03070850d747504986.jpg\",\"inLanguage\":\"es\",\"potentialAction\":[{\"@type\":\"CommentAction\",\"name\":\"Comment\",\"target\":[\"https:\/\/pagina10.com\/web\/mujeres-avanzan-en-la-firma-de-acuerdos-programaticos-con-los-candidatos-a-la-gobernacion-de-narino\/#respond\"]}]},{\"@type\":\"WebPage\",\"@id\":\"https:\/\/pagina10.com\/web\/mujeres-avanzan-en-la-firma-de-acuerdos-programaticos-con-los-candidatos-a-la-gobernacion-de-narino\/\",\"url\":\"https:\/\/pagina10.com\/web\/mujeres-avanzan-en-la-firma-de-acuerdos-programaticos-con-los-candidatos-a-la-gobernacion-de-narino\/\",\"name\":\"Mujeres avanzan en la firma de acuerdos program\u00e1ticos con los candidatos a la gobernaci\u00f3n de Nari\u00f1o. | P\u00e1gina10\",\"isPartOf\":{\"@id\":\"https:\/\/pagina10.com\/web\/#website\"},\"primaryImageOfPage\":{\"@id\":\"https:\/\/pagina10.com\/web\/mujeres-avanzan-en-la-firma-de-acuerdos-programaticos-con-los-candidatos-a-la-gobernacion-de-narino\/#primaryimage\"},\"image\":{\"@id\":\"https:\/\/pagina10.com\/web\/mujeres-avanzan-en-la-firma-de-acuerdos-programaticos-con-los-candidatos-a-la-gobernacion-de-narino\/#primaryimage\"},\"thumbnailUrl\":\"https:\/\/pagina10.com\/web\/wp-content\/uploads\/2015\/08\/88d47f50955e6c03070850d747504986.jpg\",\"datePublished\":\"2015-08-14T22:57:29+00:00\",\"breadcrumb\":{\"@id\":\"https:\/\/pagina10.com\/web\/mujeres-avanzan-en-la-firma-de-acuerdos-programaticos-con-los-candidatos-a-la-gobernacion-de-narino\/#breadcrumb\"},\"inLanguage\":\"es\",\"potentialAction\":[{\"@type\":\"ReadAction\",\"target\":[\"https:\/\/pagina10.com\/web\/mujeres-avanzan-en-la-firma-de-acuerdos-programaticos-con-los-candidatos-a-la-gobernacion-de-narino\/\"]}]},{\"@type\":\"ImageObject\",\"inLanguage\":\"es\",\"@id\":\"https:\/\/pagina10.com\/web\/mujeres-avanzan-en-la-firma-de-acuerdos-programaticos-con-los-candidatos-a-la-gobernacion-de-narino\/#primaryimage\",\"url\":\"https:\/\/pagina10.com\/web\/wp-content\/uploads\/2015\/08\/88d47f50955e6c03070850d747504986.jpg\",\"contentUrl\":\"https:\/\/pagina10.com\/web\/wp-content\/uploads\/2015\/08\/88d47f50955e6c03070850d747504986.jpg\",\"width\":600,\"height\":450},{\"@type\":\"BreadcrumbList\",\"@id\":\"https:\/\/pagina10.com\/web\/mujeres-avanzan-en-la-firma-de-acuerdos-programaticos-con-los-candidatos-a-la-gobernacion-de-narino\/#breadcrumb\",\"itemListElement\":[{\"@type\":\"ListItem\",\"position\":1,\"name\":\"Portada\",\"item\":\"https:\/\/pagina10.com\/web\/\"},{\"@type\":\"ListItem\",\"position\":2,\"name\":\"Mujeres avanzan en la firma de acuerdos program\u00e1ticos con los candidatos a la gobernaci\u00f3n de Nari\u00f1o.\"}]},{\"@type\":\"WebSite\",\"@id\":\"https:\/\/pagina10.com\/web\/#website\",\"url\":\"https:\/\/pagina10.com\/web\/\",\"name\":\"P\u00e1gina10\",\"description\":\"Peri\u00f3dico Regional\",\"publisher\":{\"@id\":\"https:\/\/pagina10.com\/web\/#organization\"},\"alternateName\":\"P\u00e1gina10 Peri\u00f3dico Regional\",\"potentialAction\":[{\"@type\":\"SearchAction\",\"target\":{\"@type\":\"EntryPoint\",\"urlTemplate\":\"https:\/\/pagina10.com\/web\/?s={search_term_string}\"},\"query-input\":{\"@type\":\"PropertyValueSpecification\",\"valueRequired\":true,\"valueName\":\"search_term_string\"}}],\"inLanguage\":\"es\"},{\"@type\":\"Organization\",\"@id\":\"https:\/\/pagina10.com\/web\/#organization\",\"name\":\"P\u00e1gina10\",\"alternateName\":\"P\u00e1gina10 Peri\u00f3dico Regional\",\"url\":\"https:\/\/pagina10.com\/web\/\",\"logo\":{\"@type\":\"ImageObject\",\"inLanguage\":\"es\",\"@id\":\"https:\/\/pagina10.com\/web\/#\/schema\/logo\/image\/\",\"url\":\"https:\/\/pagina10.com\/web\/wp-content\/uploads\/2024\/01\/40-pagina-10-periodico-regional-pasto.jpg\",\"contentUrl\":\"https:\/\/pagina10.com\/web\/wp-content\/uploads\/2024\/01\/40-pagina-10-periodico-regional-pasto.jpg\",\"width\":1280,\"height\":720,\"caption\":\"P\u00e1gina10\"},\"image\":{\"@id\":\"https:\/\/pagina10.com\/web\/#\/schema\/logo\/image\/\"},\"sameAs\":[\"https:\/\/www.facebook.com\/pag10com\",\"https:\/\/x.com\/Pag10com\",\"https:\/\/www.instagram.com\/pagina10col\/\",\"https:\/\/youtube.com\/channel\/pag10\",\"https:\/\/www.tiktok.com\/@p10col\"]},{\"@type\":\"Person\",\"@id\":\"https:\/\/pagina10.com\/web\/#\/schema\/person\/a7a5d38f0629dfc107f619fbae4f6cc3\",\"name\":\"P\u00e1gina 10\",\"description\":\"P\u00e1gina10.com es un peri\u00f3dico digital que nace en Colombia, en el departamento de Nari\u00f1o, con un enfoque global, fundamentado en cuatro pilares esenciales: la libertad, el pluralismo, la inclusi\u00f3n y la independencia. P\u00e1gina10.com hace referencia a Nari\u00f1o como el d\u00e9cimo departamento creado en Colombia, despu\u00e9s de un proceso pol\u00edtico liderado por actores y actrices regionales con el fin de obtener la independencia y autonom\u00eda de nuestros territorios. Con la creaci\u00f3n de P\u00e1gina10.com se pretende abrir un escenario para el dialogo, la reflexi\u00f3n y el debate que se extienda a otras geograf\u00edas de Am\u00e9rica Latina y del planeta, en una apuesta por transformar colectivamente los desaf\u00edos de un mundo contempor\u00e1neo, m\u00e1s all\u00e1 de las fronteras impuestas.\",\"url\":\"https:\/\/pagina10.com\/web\/author\/mcepeda\/\"}]}<\/script>\n<!-- \/ Yoast SEO plugin. -->","yoast_head_json":{"title":"Mujeres avanzan en la firma de acuerdos program\u00e1ticos con los candidatos a la gobernaci\u00f3n de Nari\u00f1o. | P\u00e1gina10","robots":{"index":"index","follow":"follow","max-snippet":"max-snippet:-1","max-image-preview":"max-image-preview:large","max-video-preview":"max-video-preview:-1"},"canonical":"https:\/\/pagina10.com\/web\/mujeres-avanzan-en-la-firma-de-acuerdos-programaticos-con-los-candidatos-a-la-gobernacion-de-narino\/","og_locale":"es_ES","og_type":"article","og_title":"Mujeres avanzan en la firma de acuerdos program\u00e1ticos con los candidatos a la gobernaci\u00f3n de Nari\u00f1o. | P\u00e1gina10","og_description":"El 28 de julio se realiz\u00f3 en la ciudad de Pasto el Segundo Encuentro Departamental de Mujeres para la Incidencia Pol\u00edtica, un foro de di\u00e1logo abierto con los candidatos a la Gobernaci\u00f3n de Nari\u00f1o organizado por la Mesa Departamental de Mujeres. El evento cont\u00f3 con el acompa\u00f1amiento t\u00e9cnico de ONU Mujeres en el marco del [&hellip;]","og_url":"https:\/\/pagina10.com\/web\/mujeres-avanzan-en-la-firma-de-acuerdos-programaticos-con-los-candidatos-a-la-gobernacion-de-narino\/","og_site_name":"P\u00e1gina10","article_publisher":"https:\/\/www.facebook.com\/pag10com","article_published_time":"2015-08-14T22:57:29+00:00","og_image":[{"width":600,"height":450,"url":"https:\/\/pagina10.com\/web\/wp-content\/uploads\/2015\/08\/88d47f50955e6c03070850d747504986.jpg","type":"image\/jpeg"}],"author":"P\u00e1gina 10","twitter_card":"summary_large_image","twitter_creator":"@Pag10com","twitter_site":"@Pag10com","twitter_misc":{"Escrito por":"P\u00e1gina 10","Tiempo de lectura":"3 minutos"},"schema":{"@context":"https:\/\/schema.org","@graph":[{"@type":"Article","@id":"https:\/\/pagina10.com\/web\/mujeres-avanzan-en-la-firma-de-acuerdos-programaticos-con-los-candidatos-a-la-gobernacion-de-narino\/#article","isPartOf":{"@id":"https:\/\/pagina10.com\/web\/mujeres-avanzan-en-la-firma-de-acuerdos-programaticos-con-los-candidatos-a-la-gobernacion-de-narino\/"},"author":{"name":"P\u00e1gina 10","@id":"https:\/\/pagina10.com\/web\/#\/schema\/person\/a7a5d38f0629dfc107f619fbae4f6cc3"},"headline":"Mujeres avanzan en la firma de acuerdos program\u00e1ticos con los candidatos a la gobernaci\u00f3n de Nari\u00f1o.","datePublished":"2015-08-14T22:57:29+00:00","mainEntityOfPage":{"@id":"https:\/\/pagina10.com\/web\/mujeres-avanzan-en-la-firma-de-acuerdos-programaticos-con-los-candidatos-a-la-gobernacion-de-narino\/"},"wordCount":565,"commentCount":0,"publisher":{"@id":"https:\/\/pagina10.com\/web\/#organization"},"image":{"@id":"https:\/\/pagina10.com\/web\/mujeres-avanzan-en-la-firma-de-acuerdos-programaticos-con-los-candidatos-a-la-gobernacion-de-narino\/#primaryimage"},"thumbnailUrl":"https:\/\/pagina10.com\/web\/wp-content\/uploads\/2015\/08\/88d47f50955e6c03070850d747504986.jpg","inLanguage":"es","potentialAction":[{"@type":"CommentAction","name":"Comment","target":["https:\/\/pagina10.com\/web\/mujeres-avanzan-en-la-firma-de-acuerdos-programaticos-con-los-candidatos-a-la-gobernacion-de-narino\/#respond"]}]},{"@type":"WebPage","@id":"https:\/\/pagina10.com\/web\/mujeres-avanzan-en-la-firma-de-acuerdos-programaticos-con-los-candidatos-a-la-gobernacion-de-narino\/","url":"https:\/\/pagina10.com\/web\/mujeres-avanzan-en-la-firma-de-acuerdos-programaticos-con-los-candidatos-a-la-gobernacion-de-narino\/","name":"Mujeres avanzan en la firma de acuerdos program\u00e1ticos con los candidatos a la gobernaci\u00f3n de Nari\u00f1o. | P\u00e1gina10","isPartOf":{"@id":"https:\/\/pagina10.com\/web\/#website"},"primaryImageOfPage":{"@id":"https:\/\/pagina10.com\/web\/mujeres-avanzan-en-la-firma-de-acuerdos-programaticos-con-los-candidatos-a-la-gobernacion-de-narino\/#primaryimage"},"image":{"@id":"https:\/\/pagina10.com\/web\/mujeres-avanzan-en-la-firma-de-acuerdos-programaticos-con-los-candidatos-a-la-gobernacion-de-narino\/#primaryimage"},"thumbnailUrl":"https:\/\/pagina10.com\/web\/wp-content\/uploads\/2015\/08\/88d47f50955e6c03070850d747504986.jpg","datePublished":"2015-08-14T22:57:29+00:00","breadcrumb":{"@id":"https:\/\/pagina10.com\/web\/mujeres-avanzan-en-la-firma-de-acuerdos-programaticos-con-los-candidatos-a-la-gobernacion-de-narino\/#breadcrumb"},"inLanguage":"es","potentialAction":[{"@type":"ReadAction","target":["https:\/\/pagina10.com\/web\/mujeres-avanzan-en-la-firma-de-acuerdos-programaticos-con-los-candidatos-a-la-gobernacion-de-narino\/"]}]},{"@type":"ImageObject","inLanguage":"es","@id":"https:\/\/pagina10.com\/web\/mujeres-avanzan-en-la-firma-de-acuerdos-programaticos-con-los-candidatos-a-la-gobernacion-de-narino\/#primaryimage","url":"https:\/\/pagina10.com\/web\/wp-content\/uploads\/2015\/08\/88d47f50955e6c03070850d747504986.jpg","contentUrl":"https:\/\/pagina10.com\/web\/wp-content\/uploads\/2015\/08\/88d47f50955e6c03070850d747504986.jpg","width":600,"height":450},{"@type":"BreadcrumbList","@id":"https:\/\/pagina10.com\/web\/mujeres-avanzan-en-la-firma-de-acuerdos-programaticos-con-los-candidatos-a-la-gobernacion-de-narino\/#breadcrumb","itemListElement":[{"@type":"ListItem","position":1,"name":"Portada","item":"https:\/\/pagina10.com\/web\/"},{"@type":"ListItem","position":2,"name":"Mujeres avanzan en la firma de acuerdos program\u00e1ticos con los candidatos a la gobernaci\u00f3n de Nari\u00f1o."}]},{"@type":"WebSite","@id":"https:\/\/pagina10.com\/web\/#website","url":"https:\/\/pagina10.com\/web\/","name":"P\u00e1gina10","description":"Peri\u00f3dico Regional","publisher":{"@id":"https:\/\/pagina10.com\/web\/#organization"},"alternateName":"P\u00e1gina10 Peri\u00f3dico Regional","potentialAction":[{"@type":"SearchAction","target":{"@type":"EntryPoint","urlTemplate":"https:\/\/pagina10.com\/web\/?s={search_term_string}"},"query-input":{"@type":"PropertyValueSpecification","valueRequired":true,"valueName":"search_term_string"}}],"inLanguage":"es"},{"@type":"Organization","@id":"https:\/\/pagina10.com\/web\/#organization","name":"P\u00e1gina10","alternateName":"P\u00e1gina10 Peri\u00f3dico Regional","url":"https:\/\/pagina10.com\/web\/","logo":{"@type":"ImageObject","inLanguage":"es","@id":"https:\/\/pagina10.com\/web\/#\/schema\/logo\/image\/","url":"https:\/\/pagina10.com\/web\/wp-content\/uploads\/2024\/01\/40-pagina-10-periodico-regional-pasto.jpg","contentUrl":"https:\/\/pagina10.com\/web\/wp-content\/uploads\/2024\/01\/40-pagina-10-periodico-regional-pasto.jpg","width":1280,"height":720,"caption":"P\u00e1gina10"},"image":{"@id":"https:\/\/pagina10.com\/web\/#\/schema\/logo\/image\/"},"sameAs":["https:\/\/www.facebook.com\/pag10com","https:\/\/x.com\/Pag10com","https:\/\/www.instagram.com\/pagina10col\/","https:\/\/youtube.com\/channel\/pag10","https:\/\/www.tiktok.com\/@p10col"]},{"@type":"Person","@id":"https:\/\/pagina10.com\/web\/#\/schema\/person\/a7a5d38f0629dfc107f619fbae4f6cc3","name":"P\u00e1gina 10","description":"P\u00e1gina10.com es un peri\u00f3dico digital que nace en Colombia, en el departamento de Nari\u00f1o, con un enfoque global, fundamentado en cuatro pilares esenciales: la libertad, el pluralismo, la inclusi\u00f3n y la independencia. P\u00e1gina10.com hace referencia a Nari\u00f1o como el d\u00e9cimo departamento creado en Colombia, despu\u00e9s de un proceso pol\u00edtico liderado por actores y actrices regionales con el fin de obtener la independencia y autonom\u00eda de nuestros territorios. Con la creaci\u00f3n de P\u00e1gina10.com se pretende abrir un escenario para el dialogo, la reflexi\u00f3n y el debate que se extienda a otras geograf\u00edas de Am\u00e9rica Latina y del planeta, en una apuesta por transformar colectivamente los desaf\u00edos de un mundo contempor\u00e1neo, m\u00e1s all\u00e1 de las fronteras impuestas.","url":"https:\/\/pagina10.com\/web\/author\/mcepeda\/"}]}},"_links":{"self":[{"href":"https:\/\/pagina10.com\/web\/wp-json\/wp\/v2\/posts\/17271","targetHints":{"allow":["GET"]}}],"collection":[{"href":"https:\/\/pagina10.com\/web\/wp-json\/wp\/v2\/posts"}],"about":[{"href":"https:\/\/pagina10.com\/web\/wp-json\/wp\/v2\/types\/post"}],"author":[{"embeddable":true,"href":"https:\/\/pagina10.com\/web\/wp-json\/wp\/v2\/users\/29"}],"replies":[{"embeddable":true,"href":"https:\/\/pagina10.com\/web\/wp-json\/wp\/v2\/comments?post=17271"}],"version-history":[{"count":0,"href":"https:\/\/pagina10.com\/web\/wp-json\/wp\/v2\/posts\/17271\/revisions"}],"wp:featuredmedia":[{"embeddable":true,"href":"https:\/\/pagina10.com\/web\/wp-json\/wp\/v2\/media\/17270"}],"wp:attachment":[{"href":"https:\/\/pagina10.com\/web\/wp-json\/wp\/v2\/media?parent=17271"}],"wp:term":[{"taxonomy":"category","embeddable":true,"href":"https:\/\/pagina10.com\/web\/wp-json\/wp\/v2\/categories?post=17271"},{"taxonomy":"post_tag","embeddable":true,"href":"https:\/\/pagina10.com\/web\/wp-json\/wp\/v2\/tags?post=17271"}],"curies":[{"name":"wp","href":"https:\/\/api.w.org\/{rel}","templated":true}]}}