{"id":17275,"date":"2015-08-15T02:32:16","date_gmt":"2015-08-15T02:32:16","guid":{"rendered":"https:\/\/pagina10.com\/web\/claridades-sobre-la-construccion-del-puente-de-guambuyaco-y-corredor-vial-el-penol-taminango\/"},"modified":"2015-08-15T02:32:16","modified_gmt":"2015-08-15T02:32:16","slug":"claridades-sobre-la-construccion-del-puente-de-guambuyaco-y-corredor-vial-el-penol-taminango","status":"publish","type":"post","link":"https:\/\/pagina10.com\/web\/claridades-sobre-la-construccion-del-puente-de-guambuyaco-y-corredor-vial-el-penol-taminango\/","title":{"rendered":"Claridades sobre la construcci\u00f3n del puente de Guambuyaco y corredor vial El Pe\u00f1ol- Taminango"},"content":{"rendered":"<p><img fetchpriority=\"high\" decoding=\"async\" class=\" size-full wp-image-17274\" src=\"https:\/\/pagina10.com\/web\/wp-content\/uploads\/2015\/08\/502e2ded8633b15559ee8ad6e4ff93cd.jpg\" alt=\"\" width=\"960\" height=\"720\" srcset=\"https:\/\/pagina10.com\/web\/wp-content\/uploads\/2015\/08\/502e2ded8633b15559ee8ad6e4ff93cd.jpg 960w, https:\/\/pagina10.com\/web\/wp-content\/uploads\/2015\/08\/502e2ded8633b15559ee8ad6e4ff93cd-300x225.jpg 300w, https:\/\/pagina10.com\/web\/wp-content\/uploads\/2015\/08\/502e2ded8633b15559ee8ad6e4ff93cd-768x576.jpg 768w, https:\/\/pagina10.com\/web\/wp-content\/uploads\/2015\/08\/502e2ded8633b15559ee8ad6e4ff93cd-86x64.jpg 86w\" sizes=\"(max-width: 960px) 100vw, 960px\" \/><\/p>\n<p style=\"text-align: justify;\">El proyecto del corredor vial que desde el municipio de El Pe\u00f1ol comunica con el Tabl\u00f3n Panamericano, incluido el Puente Guambuyaco, sobre el R\u00edo Juanamb\u00fa, fue una iniciativa de los Municipios de El Pe\u00f1ol, Los Andes, La Llanada, el Tambo y Taminango, para lo cual con recursos de Cabildo Abierto del 25 de Noviembre de 2008, la Gobernaci\u00f3n de Nari\u00f1o suscribe convenio con la Universidad del Cauca para realizar el estudio de pre inversi\u00f3n e interventor\u00eda, para la construcci\u00f3n del puente sobre el R\u00edo Juanamb\u00fa, sector Guambuyaco, entre los municipios de El Pe\u00f1ol y Taminango, por un valor de $ 167 millones.<\/p>\n<p style=\"text-align: justify;\">Ya con estos estudios, el Departamento de Nari\u00f1o gestiona ante el antiguo Fondo Nacional de Regal\u00edas-FNR- recursos para la construcci\u00f3n del Puente Guambuyaco, siendo aprobados recursos que alcanzan los $5.550 millones mediante resoluci\u00f3n 058 del 23 de noviembre de 2011. Para esta obra civil la Gobernaci\u00f3n con recursos del Departamento hizo una inversi\u00f3n por $1.465 millones.<\/p>\n<p style=\"text-align: justify;\">Alterna a estas gestiones fue compromiso del los Municipios de Taminango y El Pe\u00f1ol en cabeza de los mandatarios de la \u00e9poca, contar con la habilitaci\u00f3n del corredor vial que de El Pe\u00f1ol conduce hasta el Tabl\u00f3n Panamericano. En ese sentido el Alcalde de Taminango habilita la v\u00eda en los kil\u00f3metros faltantes hasta el puente; y por parte de la Alcald\u00eda de El Pe\u00f1ol se apropi\u00f3, en su momento, recursos de cr\u00e9dito para habilitar el tramo correspondiente, que a la fecha tiene un avance sectorizado del 70%.<\/p>\n<p style=\"text-align: justify;\">Es importante aclarar que la Gobernaci\u00f3n de Nari\u00f1o pese a las dificultades de los mandatarios de esta regi\u00f3n, para cumplir con estos compromisos, ha brindado acompa\u00f1amiento permanente, partiendo de los estudios entregados por el Ministerio de Transporte en a\u00f1o 2011, los cuales fueron actualizados a trav\u00e9s del contrato de consultor\u00eda 559-14, con el ingeniero Jimmy Montufar, el cual se encuentra terminado y en proceso de liquidaci\u00f3n dichos dise\u00f1os permitir\u00e1n al Departamento y a los municipios beneficiados de este corredor vial gestionar los recursos necesarios ante el Gobierno Nacional a fin de realizar el mejoramiento y pavimentaci\u00f3n de esta via.<\/p>\n<p style=\"text-align: justify;\">Por otra parte, una vez identificadas las dificultades de \u00edndole t\u00e9cnico y presupuestal que presentaban los municipio de El Pe\u00f1ol y Taminango el departamento apoya los temas de gesti\u00f3n predial y aval\u00fao mediante contratos 589 de 2014 y el 598 del 2014. Los cuales a la fecha cuentan con un avance del 95% de su ejecuci\u00f3n, quedando pendiente la legalizaci\u00f3n y escrituraci\u00f3n de dos predios que afectan la habilitaci\u00f3n vial en el sector de El Pe\u00f1ol.<\/p>\n<p style=\"text-align: justify;\">La administraci\u00f3n Departamental continua apoyando al mejoramiento del corredor vial a los municipios de EL Pe\u00f1ol y Taminango a fin de culminar con \u00e9xito el gran sue\u00f1o de seis municipios del Nororiente de Nari\u00f1o, dado que este el corredor vial dar\u00eda salida a los municipios de El Tambo, Linares, Los Andes, El Pe\u00f1ol y La Llanada, hacia los Departamentos de Cauca y Valle, sin tener que pasar por Pasto, hecho que representa una disminuci\u00f3n de al menos el 50% de recorrido y tiempos de desplazamiento respecto a la ruta actual, impactando de manera positiva en la reducci\u00f3n de fletes, as\u00ed como en la descongesti\u00f3n de la V\u00eda Pasto-Chachagui-Aeropuerto-Puerto-Remolino, mejorando la conectividad, comercializaci\u00f3n de productos y ahorro en tiempo de viaje zonas hacia la interior del pa\u00eds.&nbsp;<\/p>\n","protected":false},"excerpt":{"rendered":"<p>El proyecto del corredor vial que desde el municipio de El Pe\u00f1ol comunica con el Tabl\u00f3n Panamericano, incluido el Puente Guambuyaco, sobre el R\u00edo Juanamb\u00fa, fue una iniciativa de los Municipios de El Pe\u00f1ol, Los Andes, La Llanada, el Tambo y Taminango, para lo cual con recursos de Cabildo Abierto del 25 de Noviembre de [&hellip;]<\/p>\n","protected":false},"author":29,"featured_media":17274,"comment_status":"open","ping_status":"open","sticky":false,"template":"","format":"standard","meta":{"footnotes":""},"categories":[1],"tags":[],"class_list":["post-17275","post","type-post","status-publish","format-standard","has-post-thumbnail","hentry","category-sin-categoria"],"yoast_head":"<!-- This site is optimized with the Yoast SEO plugin v27.1.1 - https:\/\/yoast.com\/product\/yoast-seo-wordpress\/ -->\n<title>Claridades sobre la construcci\u00f3n del puente de Guambuyaco y corredor vial El Pe\u00f1ol- Taminango | P\u00e1gina10<\/title>\n<meta name=\"robots\" content=\"index, follow, max-snippet:-1, max-image-preview:large, max-video-preview:-1\" \/>\n<link rel=\"canonical\" href=\"https:\/\/pagina10.com\/web\/claridades-sobre-la-construccion-del-puente-de-guambuyaco-y-corredor-vial-el-penol-taminango\/\" \/>\n<meta property=\"og:locale\" content=\"es_ES\" \/>\n<meta property=\"og:type\" content=\"article\" \/>\n<meta property=\"og:title\" content=\"Claridades sobre la construcci\u00f3n del puente de Guambuyaco y corredor vial El Pe\u00f1ol- Taminango | P\u00e1gina10\" \/>\n<meta property=\"og:description\" content=\"El proyecto del corredor vial que desde el municipio de El Pe\u00f1ol comunica con el Tabl\u00f3n Panamericano, incluido el Puente Guambuyaco, sobre el R\u00edo Juanamb\u00fa, fue una iniciativa de los Municipios de El Pe\u00f1ol, Los Andes, La Llanada, el Tambo y Taminango, para lo cual con recursos de Cabildo Abierto del 25 de Noviembre de [&hellip;]\" \/>\n<meta property=\"og:url\" content=\"https:\/\/pagina10.com\/web\/claridades-sobre-la-construccion-del-puente-de-guambuyaco-y-corredor-vial-el-penol-taminango\/\" \/>\n<meta property=\"og:site_name\" content=\"P\u00e1gina10\" \/>\n<meta property=\"article:publisher\" content=\"https:\/\/www.facebook.com\/pag10com\" \/>\n<meta property=\"article:published_time\" content=\"2015-08-15T02:32:16+00:00\" \/>\n<meta property=\"og:image\" content=\"https:\/\/pagina10.com\/web\/wp-content\/uploads\/2015\/08\/502e2ded8633b15559ee8ad6e4ff93cd.jpg\" \/>\n\t<meta property=\"og:image:width\" content=\"960\" \/>\n\t<meta property=\"og:image:height\" content=\"720\" \/>\n\t<meta property=\"og:image:type\" content=\"image\/jpeg\" \/>\n<meta name=\"author\" content=\"P\u00e1gina 10\" \/>\n<meta name=\"twitter:card\" content=\"summary_large_image\" \/>\n<meta name=\"twitter:creator\" content=\"@Pag10com\" \/>\n<meta name=\"twitter:site\" content=\"@Pag10com\" \/>\n<meta name=\"twitter:label1\" content=\"Escrito por\" \/>\n\t<meta name=\"twitter:data1\" content=\"P\u00e1gina 10\" \/>\n\t<meta name=\"twitter:label2\" content=\"Tiempo de lectura\" \/>\n\t<meta name=\"twitter:data2\" content=\"3 minutos\" \/>\n<script type=\"application\/ld+json\" class=\"yoast-schema-graph\">{\"@context\":\"https:\/\/schema.org\",\"@graph\":[{\"@type\":\"Article\",\"@id\":\"https:\/\/pagina10.com\/web\/claridades-sobre-la-construccion-del-puente-de-guambuyaco-y-corredor-vial-el-penol-taminango\/#article\",\"isPartOf\":{\"@id\":\"https:\/\/pagina10.com\/web\/claridades-sobre-la-construccion-del-puente-de-guambuyaco-y-corredor-vial-el-penol-taminango\/\"},\"author\":{\"name\":\"P\u00e1gina 10\",\"@id\":\"https:\/\/pagina10.com\/web\/#\/schema\/person\/a7a5d38f0629dfc107f619fbae4f6cc3\"},\"headline\":\"Claridades sobre la construcci\u00f3n del puente de Guambuyaco y corredor vial El Pe\u00f1ol- Taminango\",\"datePublished\":\"2015-08-15T02:32:16+00:00\",\"mainEntityOfPage\":{\"@id\":\"https:\/\/pagina10.com\/web\/claridades-sobre-la-construccion-del-puente-de-guambuyaco-y-corredor-vial-el-penol-taminango\/\"},\"wordCount\":604,\"commentCount\":0,\"publisher\":{\"@id\":\"https:\/\/pagina10.com\/web\/#organization\"},\"image\":{\"@id\":\"https:\/\/pagina10.com\/web\/claridades-sobre-la-construccion-del-puente-de-guambuyaco-y-corredor-vial-el-penol-taminango\/#primaryimage\"},\"thumbnailUrl\":\"https:\/\/pagina10.com\/web\/wp-content\/uploads\/2015\/08\/502e2ded8633b15559ee8ad6e4ff93cd.jpg\",\"inLanguage\":\"es\",\"potentialAction\":[{\"@type\":\"CommentAction\",\"name\":\"Comment\",\"target\":[\"https:\/\/pagina10.com\/web\/claridades-sobre-la-construccion-del-puente-de-guambuyaco-y-corredor-vial-el-penol-taminango\/#respond\"]}]},{\"@type\":\"WebPage\",\"@id\":\"https:\/\/pagina10.com\/web\/claridades-sobre-la-construccion-del-puente-de-guambuyaco-y-corredor-vial-el-penol-taminango\/\",\"url\":\"https:\/\/pagina10.com\/web\/claridades-sobre-la-construccion-del-puente-de-guambuyaco-y-corredor-vial-el-penol-taminango\/\",\"name\":\"Claridades sobre la construcci\u00f3n del puente de Guambuyaco y corredor vial El Pe\u00f1ol- Taminango | P\u00e1gina10\",\"isPartOf\":{\"@id\":\"https:\/\/pagina10.com\/web\/#website\"},\"primaryImageOfPage\":{\"@id\":\"https:\/\/pagina10.com\/web\/claridades-sobre-la-construccion-del-puente-de-guambuyaco-y-corredor-vial-el-penol-taminango\/#primaryimage\"},\"image\":{\"@id\":\"https:\/\/pagina10.com\/web\/claridades-sobre-la-construccion-del-puente-de-guambuyaco-y-corredor-vial-el-penol-taminango\/#primaryimage\"},\"thumbnailUrl\":\"https:\/\/pagina10.com\/web\/wp-content\/uploads\/2015\/08\/502e2ded8633b15559ee8ad6e4ff93cd.jpg\",\"datePublished\":\"2015-08-15T02:32:16+00:00\",\"breadcrumb\":{\"@id\":\"https:\/\/pagina10.com\/web\/claridades-sobre-la-construccion-del-puente-de-guambuyaco-y-corredor-vial-el-penol-taminango\/#breadcrumb\"},\"inLanguage\":\"es\",\"potentialAction\":[{\"@type\":\"ReadAction\",\"target\":[\"https:\/\/pagina10.com\/web\/claridades-sobre-la-construccion-del-puente-de-guambuyaco-y-corredor-vial-el-penol-taminango\/\"]}]},{\"@type\":\"ImageObject\",\"inLanguage\":\"es\",\"@id\":\"https:\/\/pagina10.com\/web\/claridades-sobre-la-construccion-del-puente-de-guambuyaco-y-corredor-vial-el-penol-taminango\/#primaryimage\",\"url\":\"https:\/\/pagina10.com\/web\/wp-content\/uploads\/2015\/08\/502e2ded8633b15559ee8ad6e4ff93cd.jpg\",\"contentUrl\":\"https:\/\/pagina10.com\/web\/wp-content\/uploads\/2015\/08\/502e2ded8633b15559ee8ad6e4ff93cd.jpg\",\"width\":960,\"height\":720},{\"@type\":\"BreadcrumbList\",\"@id\":\"https:\/\/pagina10.com\/web\/claridades-sobre-la-construccion-del-puente-de-guambuyaco-y-corredor-vial-el-penol-taminango\/#breadcrumb\",\"itemListElement\":[{\"@type\":\"ListItem\",\"position\":1,\"name\":\"Portada\",\"item\":\"https:\/\/pagina10.com\/web\/\"},{\"@type\":\"ListItem\",\"position\":2,\"name\":\"Claridades sobre la construcci\u00f3n del puente de Guambuyaco y corredor vial El Pe\u00f1ol- Taminango\"}]},{\"@type\":\"WebSite\",\"@id\":\"https:\/\/pagina10.com\/web\/#website\",\"url\":\"https:\/\/pagina10.com\/web\/\",\"name\":\"P\u00e1gina10\",\"description\":\"Peri\u00f3dico Regional\",\"publisher\":{\"@id\":\"https:\/\/pagina10.com\/web\/#organization\"},\"alternateName\":\"P\u00e1gina10 Peri\u00f3dico Regional\",\"potentialAction\":[{\"@type\":\"SearchAction\",\"target\":{\"@type\":\"EntryPoint\",\"urlTemplate\":\"https:\/\/pagina10.com\/web\/?s={search_term_string}\"},\"query-input\":{\"@type\":\"PropertyValueSpecification\",\"valueRequired\":true,\"valueName\":\"search_term_string\"}}],\"inLanguage\":\"es\"},{\"@type\":\"Organization\",\"@id\":\"https:\/\/pagina10.com\/web\/#organization\",\"name\":\"P\u00e1gina10\",\"alternateName\":\"P\u00e1gina10 Peri\u00f3dico Regional\",\"url\":\"https:\/\/pagina10.com\/web\/\",\"logo\":{\"@type\":\"ImageObject\",\"inLanguage\":\"es\",\"@id\":\"https:\/\/pagina10.com\/web\/#\/schema\/logo\/image\/\",\"url\":\"https:\/\/pagina10.com\/web\/wp-content\/uploads\/2024\/01\/40-pagina-10-periodico-regional-pasto.jpg\",\"contentUrl\":\"https:\/\/pagina10.com\/web\/wp-content\/uploads\/2024\/01\/40-pagina-10-periodico-regional-pasto.jpg\",\"width\":1280,\"height\":720,\"caption\":\"P\u00e1gina10\"},\"image\":{\"@id\":\"https:\/\/pagina10.com\/web\/#\/schema\/logo\/image\/\"},\"sameAs\":[\"https:\/\/www.facebook.com\/pag10com\",\"https:\/\/x.com\/Pag10com\",\"https:\/\/www.instagram.com\/pagina10col\/\",\"https:\/\/youtube.com\/channel\/pag10\",\"https:\/\/www.tiktok.com\/@p10col\"]},{\"@type\":\"Person\",\"@id\":\"https:\/\/pagina10.com\/web\/#\/schema\/person\/a7a5d38f0629dfc107f619fbae4f6cc3\",\"name\":\"P\u00e1gina 10\",\"description\":\"P\u00e1gina10.com es un peri\u00f3dico digital que nace en Colombia, en el departamento de Nari\u00f1o, con un enfoque global, fundamentado en cuatro pilares esenciales: la libertad, el pluralismo, la inclusi\u00f3n y la independencia. P\u00e1gina10.com hace referencia a Nari\u00f1o como el d\u00e9cimo departamento creado en Colombia, despu\u00e9s de un proceso pol\u00edtico liderado por actores y actrices regionales con el fin de obtener la independencia y autonom\u00eda de nuestros territorios. Con la creaci\u00f3n de P\u00e1gina10.com se pretende abrir un escenario para el dialogo, la reflexi\u00f3n y el debate que se extienda a otras geograf\u00edas de Am\u00e9rica Latina y del planeta, en una apuesta por transformar colectivamente los desaf\u00edos de un mundo contempor\u00e1neo, m\u00e1s all\u00e1 de las fronteras impuestas.\",\"url\":\"https:\/\/pagina10.com\/web\/author\/mcepeda\/\"}]}<\/script>\n<!-- \/ Yoast SEO plugin. -->","yoast_head_json":{"title":"Claridades sobre la construcci\u00f3n del puente de Guambuyaco y corredor vial El Pe\u00f1ol- Taminango | P\u00e1gina10","robots":{"index":"index","follow":"follow","max-snippet":"max-snippet:-1","max-image-preview":"max-image-preview:large","max-video-preview":"max-video-preview:-1"},"canonical":"https:\/\/pagina10.com\/web\/claridades-sobre-la-construccion-del-puente-de-guambuyaco-y-corredor-vial-el-penol-taminango\/","og_locale":"es_ES","og_type":"article","og_title":"Claridades sobre la construcci\u00f3n del puente de Guambuyaco y corredor vial El Pe\u00f1ol- Taminango | P\u00e1gina10","og_description":"El proyecto del corredor vial que desde el municipio de El Pe\u00f1ol comunica con el Tabl\u00f3n Panamericano, incluido el Puente Guambuyaco, sobre el R\u00edo Juanamb\u00fa, fue una iniciativa de los Municipios de El Pe\u00f1ol, Los Andes, La Llanada, el Tambo y Taminango, para lo cual con recursos de Cabildo Abierto del 25 de Noviembre de [&hellip;]","og_url":"https:\/\/pagina10.com\/web\/claridades-sobre-la-construccion-del-puente-de-guambuyaco-y-corredor-vial-el-penol-taminango\/","og_site_name":"P\u00e1gina10","article_publisher":"https:\/\/www.facebook.com\/pag10com","article_published_time":"2015-08-15T02:32:16+00:00","og_image":[{"width":960,"height":720,"url":"https:\/\/pagina10.com\/web\/wp-content\/uploads\/2015\/08\/502e2ded8633b15559ee8ad6e4ff93cd.jpg","type":"image\/jpeg"}],"author":"P\u00e1gina 10","twitter_card":"summary_large_image","twitter_creator":"@Pag10com","twitter_site":"@Pag10com","twitter_misc":{"Escrito por":"P\u00e1gina 10","Tiempo de lectura":"3 minutos"},"schema":{"@context":"https:\/\/schema.org","@graph":[{"@type":"Article","@id":"https:\/\/pagina10.com\/web\/claridades-sobre-la-construccion-del-puente-de-guambuyaco-y-corredor-vial-el-penol-taminango\/#article","isPartOf":{"@id":"https:\/\/pagina10.com\/web\/claridades-sobre-la-construccion-del-puente-de-guambuyaco-y-corredor-vial-el-penol-taminango\/"},"author":{"name":"P\u00e1gina 10","@id":"https:\/\/pagina10.com\/web\/#\/schema\/person\/a7a5d38f0629dfc107f619fbae4f6cc3"},"headline":"Claridades sobre la construcci\u00f3n del puente de Guambuyaco y corredor vial El Pe\u00f1ol- Taminango","datePublished":"2015-08-15T02:32:16+00:00","mainEntityOfPage":{"@id":"https:\/\/pagina10.com\/web\/claridades-sobre-la-construccion-del-puente-de-guambuyaco-y-corredor-vial-el-penol-taminango\/"},"wordCount":604,"commentCount":0,"publisher":{"@id":"https:\/\/pagina10.com\/web\/#organization"},"image":{"@id":"https:\/\/pagina10.com\/web\/claridades-sobre-la-construccion-del-puente-de-guambuyaco-y-corredor-vial-el-penol-taminango\/#primaryimage"},"thumbnailUrl":"https:\/\/pagina10.com\/web\/wp-content\/uploads\/2015\/08\/502e2ded8633b15559ee8ad6e4ff93cd.jpg","inLanguage":"es","potentialAction":[{"@type":"CommentAction","name":"Comment","target":["https:\/\/pagina10.com\/web\/claridades-sobre-la-construccion-del-puente-de-guambuyaco-y-corredor-vial-el-penol-taminango\/#respond"]}]},{"@type":"WebPage","@id":"https:\/\/pagina10.com\/web\/claridades-sobre-la-construccion-del-puente-de-guambuyaco-y-corredor-vial-el-penol-taminango\/","url":"https:\/\/pagina10.com\/web\/claridades-sobre-la-construccion-del-puente-de-guambuyaco-y-corredor-vial-el-penol-taminango\/","name":"Claridades sobre la construcci\u00f3n del puente de Guambuyaco y corredor vial El Pe\u00f1ol- Taminango | P\u00e1gina10","isPartOf":{"@id":"https:\/\/pagina10.com\/web\/#website"},"primaryImageOfPage":{"@id":"https:\/\/pagina10.com\/web\/claridades-sobre-la-construccion-del-puente-de-guambuyaco-y-corredor-vial-el-penol-taminango\/#primaryimage"},"image":{"@id":"https:\/\/pagina10.com\/web\/claridades-sobre-la-construccion-del-puente-de-guambuyaco-y-corredor-vial-el-penol-taminango\/#primaryimage"},"thumbnailUrl":"https:\/\/pagina10.com\/web\/wp-content\/uploads\/2015\/08\/502e2ded8633b15559ee8ad6e4ff93cd.jpg","datePublished":"2015-08-15T02:32:16+00:00","breadcrumb":{"@id":"https:\/\/pagina10.com\/web\/claridades-sobre-la-construccion-del-puente-de-guambuyaco-y-corredor-vial-el-penol-taminango\/#breadcrumb"},"inLanguage":"es","potentialAction":[{"@type":"ReadAction","target":["https:\/\/pagina10.com\/web\/claridades-sobre-la-construccion-del-puente-de-guambuyaco-y-corredor-vial-el-penol-taminango\/"]}]},{"@type":"ImageObject","inLanguage":"es","@id":"https:\/\/pagina10.com\/web\/claridades-sobre-la-construccion-del-puente-de-guambuyaco-y-corredor-vial-el-penol-taminango\/#primaryimage","url":"https:\/\/pagina10.com\/web\/wp-content\/uploads\/2015\/08\/502e2ded8633b15559ee8ad6e4ff93cd.jpg","contentUrl":"https:\/\/pagina10.com\/web\/wp-content\/uploads\/2015\/08\/502e2ded8633b15559ee8ad6e4ff93cd.jpg","width":960,"height":720},{"@type":"BreadcrumbList","@id":"https:\/\/pagina10.com\/web\/claridades-sobre-la-construccion-del-puente-de-guambuyaco-y-corredor-vial-el-penol-taminango\/#breadcrumb","itemListElement":[{"@type":"ListItem","position":1,"name":"Portada","item":"https:\/\/pagina10.com\/web\/"},{"@type":"ListItem","position":2,"name":"Claridades sobre la construcci\u00f3n del puente de Guambuyaco y corredor vial El Pe\u00f1ol- Taminango"}]},{"@type":"WebSite","@id":"https:\/\/pagina10.com\/web\/#website","url":"https:\/\/pagina10.com\/web\/","name":"P\u00e1gina10","description":"Peri\u00f3dico Regional","publisher":{"@id":"https:\/\/pagina10.com\/web\/#organization"},"alternateName":"P\u00e1gina10 Peri\u00f3dico Regional","potentialAction":[{"@type":"SearchAction","target":{"@type":"EntryPoint","urlTemplate":"https:\/\/pagina10.com\/web\/?s={search_term_string}"},"query-input":{"@type":"PropertyValueSpecification","valueRequired":true,"valueName":"search_term_string"}}],"inLanguage":"es"},{"@type":"Organization","@id":"https:\/\/pagina10.com\/web\/#organization","name":"P\u00e1gina10","alternateName":"P\u00e1gina10 Peri\u00f3dico Regional","url":"https:\/\/pagina10.com\/web\/","logo":{"@type":"ImageObject","inLanguage":"es","@id":"https:\/\/pagina10.com\/web\/#\/schema\/logo\/image\/","url":"https:\/\/pagina10.com\/web\/wp-content\/uploads\/2024\/01\/40-pagina-10-periodico-regional-pasto.jpg","contentUrl":"https:\/\/pagina10.com\/web\/wp-content\/uploads\/2024\/01\/40-pagina-10-periodico-regional-pasto.jpg","width":1280,"height":720,"caption":"P\u00e1gina10"},"image":{"@id":"https:\/\/pagina10.com\/web\/#\/schema\/logo\/image\/"},"sameAs":["https:\/\/www.facebook.com\/pag10com","https:\/\/x.com\/Pag10com","https:\/\/www.instagram.com\/pagina10col\/","https:\/\/youtube.com\/channel\/pag10","https:\/\/www.tiktok.com\/@p10col"]},{"@type":"Person","@id":"https:\/\/pagina10.com\/web\/#\/schema\/person\/a7a5d38f0629dfc107f619fbae4f6cc3","name":"P\u00e1gina 10","description":"P\u00e1gina10.com es un peri\u00f3dico digital que nace en Colombia, en el departamento de Nari\u00f1o, con un enfoque global, fundamentado en cuatro pilares esenciales: la libertad, el pluralismo, la inclusi\u00f3n y la independencia. P\u00e1gina10.com hace referencia a Nari\u00f1o como el d\u00e9cimo departamento creado en Colombia, despu\u00e9s de un proceso pol\u00edtico liderado por actores y actrices regionales con el fin de obtener la independencia y autonom\u00eda de nuestros territorios. Con la creaci\u00f3n de P\u00e1gina10.com se pretende abrir un escenario para el dialogo, la reflexi\u00f3n y el debate que se extienda a otras geograf\u00edas de Am\u00e9rica Latina y del planeta, en una apuesta por transformar colectivamente los desaf\u00edos de un mundo contempor\u00e1neo, m\u00e1s all\u00e1 de las fronteras impuestas.","url":"https:\/\/pagina10.com\/web\/author\/mcepeda\/"}]}},"_links":{"self":[{"href":"https:\/\/pagina10.com\/web\/wp-json\/wp\/v2\/posts\/17275","targetHints":{"allow":["GET"]}}],"collection":[{"href":"https:\/\/pagina10.com\/web\/wp-json\/wp\/v2\/posts"}],"about":[{"href":"https:\/\/pagina10.com\/web\/wp-json\/wp\/v2\/types\/post"}],"author":[{"embeddable":true,"href":"https:\/\/pagina10.com\/web\/wp-json\/wp\/v2\/users\/29"}],"replies":[{"embeddable":true,"href":"https:\/\/pagina10.com\/web\/wp-json\/wp\/v2\/comments?post=17275"}],"version-history":[{"count":0,"href":"https:\/\/pagina10.com\/web\/wp-json\/wp\/v2\/posts\/17275\/revisions"}],"wp:featuredmedia":[{"embeddable":true,"href":"https:\/\/pagina10.com\/web\/wp-json\/wp\/v2\/media\/17274"}],"wp:attachment":[{"href":"https:\/\/pagina10.com\/web\/wp-json\/wp\/v2\/media?parent=17275"}],"wp:term":[{"taxonomy":"category","embeddable":true,"href":"https:\/\/pagina10.com\/web\/wp-json\/wp\/v2\/categories?post=17275"},{"taxonomy":"post_tag","embeddable":true,"href":"https:\/\/pagina10.com\/web\/wp-json\/wp\/v2\/tags?post=17275"}],"curies":[{"name":"wp","href":"https:\/\/api.w.org\/{rel}","templated":true}]}}