{"id":17842,"date":"2015-09-24T22:28:26","date_gmt":"2015-09-24T22:28:26","guid":{"rendered":"https:\/\/pagina10.com\/web\/exito-en-gran-foro-narino-decide-alcaldia-de-pasto-y-gobernacion-de-narino\/"},"modified":"2015-09-24T22:28:26","modified_gmt":"2015-09-24T22:28:26","slug":"exito-en-gran-foro-narino-decide-alcaldia-de-pasto-y-gobernacion-de-narino","status":"publish","type":"post","link":"https:\/\/pagina10.com\/web\/exito-en-gran-foro-narino-decide-alcaldia-de-pasto-y-gobernacion-de-narino\/","title":{"rendered":"\u00c9xito en Gran Foro Nari\u00f1o Decide, Alcald\u00eda de Pasto y Gobernaci\u00f3n de Nari\u00f1o"},"content":{"rendered":"<p><img fetchpriority=\"high\" decoding=\"async\" class=\" size-full wp-image-17841\" src=\"https:\/\/pagina10.com\/web\/wp-content\/uploads\/2015\/09\/4c39d7b922f1ddb6922a69d2e1642d8f.jpg\" alt=\"\" width=\"960\" height=\"540\" srcset=\"https:\/\/pagina10.com\/web\/wp-content\/uploads\/2015\/09\/4c39d7b922f1ddb6922a69d2e1642d8f.jpg 960w, https:\/\/pagina10.com\/web\/wp-content\/uploads\/2015\/09\/4c39d7b922f1ddb6922a69d2e1642d8f-300x169.jpg 300w, https:\/\/pagina10.com\/web\/wp-content\/uploads\/2015\/09\/4c39d7b922f1ddb6922a69d2e1642d8f-768x432.jpg 768w\" sizes=\"(max-width: 960px) 100vw, 960px\" \/><\/p>\n<p style=\"text-align: justify;\">Con \u00e9xito total se cumplieron los foros Nari\u00f1o Decide con candidatos a la Gobernaci\u00f3n de Nari\u00f1o y a la Alcald\u00eda del Municipio de Pasto, convocados y organizados por la Alianza Nari\u00f1o Decide.<\/p>\n<p style=\"text-align: justify;\">&nbsp;<\/p>\n<p style=\"text-align: justify;\">Durante la ma\u00f1ana del mi\u00e9rcoles 23 de septiembre se desarroll\u00f3 el foro con los aspirantes a la administraci\u00f3n departamental. El evento cont\u00f3 con la presencia de Jhon Rojas, Nelson Leyt\u00f3n, Afranio Rodr\u00edguez y Eduardo Alvarado. El candidato Camilo Romero se excus\u00f3 a \u00faltima hora.<\/p>\n<p style=\"text-align: justify;\">&nbsp;<\/p>\n<p style=\"text-align: justify;\">Durante m\u00e1s de tres horas, cerca de 500 personas que participaron en el foro, escucharon con claridad las propuestas de las candidatos en temas estrat\u00e9gicos para el departamento y contenidos en los ejes de la Agenda territorial. Se destac\u00f3 la seriedad de los planteamientos y el nivel de preparaci\u00f3n de los aspirantes.<\/p>\n<p style=\"text-align: justify;\">&nbsp;<\/p>\n<p style=\"text-align: justify;\">En la tarde el turno fue para los candidatos a la Alcald\u00eda de Pasto. Asistieron Alfredo Jurado, Gustavo N\u00fa\u00f1ez, Jairo L\u00f3pez y Pedro Vicente Obando, quien tuvo que retirarse a mitad del foro por compromisos de campa\u00f1a. De igual manera el p\u00fablico participante pudo conocer de cerca el pensamiento pol\u00edtico de los candidatos y sus principales propuestas para gobernar el municipio.<\/p>\n<p style=\"text-align: justify;\">&nbsp;<\/p>\n<p style=\"text-align: justify;\">Gracias a La Cari\u00f1osa de RCN estos foros fueron transmitidos en vivo y en directo y pudieron ser escuchados por cientos de ciudadanos y ciudadanas que reportaron sinton\u00eda y mostraron su inter\u00e9s en el proceso electoral. De igual forma con el apoyo t\u00e9cnico de Parque Soft fue posible la transmisi\u00f3n en video v\u00eda internet, a trav\u00e9s del portal P\u00e1gina 10, que es otro de los aliados estrat\u00e9gicos.<\/p>\n<p style=\"text-align: justify;\">&nbsp;<\/p>\n<p style=\"text-align: justify;\">Se destac\u00f3 la participaci\u00f3n del grupo de j\u00f3venes tumaque\u00f1os de la estrategia de construcci\u00f3n de ciudadan\u00eda con enfoque de derechos de Save The Children, que llegaron hasta el recinto de la Universidad Mariana. De igual manera ni\u00f1os y ni\u00f1as&nbsp;del Consejo Municipal de Infancia abordaron un breve di\u00e1logo con los candidatos a la Alcald\u00eda de Pasto, en el que expusieron sus ideas y sentimientos.<\/p>\n<p style=\"text-align: justify;\">&nbsp;<\/p>\n<p style=\"text-align: justify;\">Al final de los foros todos los candidatos suscribieron el pacto por la \u00e9tica, la gobernabilidad, la transparencia electoral y la no agresi\u00f3n, documento que refleja los principios y deseos de la alianza Nari\u00f1o Decide frente al proceso electoral y que ahora tambi\u00e9n hace parte del ideario de los candidatos.<\/p>\n<p style=\"text-align: justify;\">&nbsp;<\/p>\n<p style=\"text-align: justify;\">Estos foros fueron posible gracias a la sumatoria de esfuerzos y recursos de cada uno de los aliados de Nari\u00f1o Decide, quienes confluyeron en un inter\u00e9s colectivo. MOE, PNUD, FINMIL, UNIMAR, ParqueSoft, P\u00e1gian10, La Cari\u00f1osa RCN, Fondo Mixto de Cultura de Nari\u00f1o, Fundaci\u00f3n Suyusama,&nbsp; Agenda de Paz, Red PRODEPAZ, OIM y ONU Mujeres son algunas de las instituciones que hacen realidad esta apuesta por el fortalecimiento de la democracia.<\/p>\n<p style=\"text-align: justify;\">&nbsp;<\/p>\n<p style=\"text-align: justify;\">Ahora la alianza Nari\u00f1o Decide continuar\u00e1 su recorrido por m\u00e1s de 40 municipios del departamento donde se desarrollar\u00e1 esta din\u00e1mica de di\u00e1logo ciudadano.&nbsp;&nbsp;<\/p>\n","protected":false},"excerpt":{"rendered":"<p>Con \u00e9xito total se cumplieron los foros Nari\u00f1o Decide con candidatos a la Gobernaci\u00f3n de Nari\u00f1o y a la Alcald\u00eda del Municipio de Pasto, convocados y organizados por la Alianza Nari\u00f1o Decide. &nbsp; Durante la ma\u00f1ana del mi\u00e9rcoles 23 de septiembre se desarroll\u00f3 el foro con los aspirantes a la administraci\u00f3n departamental. El evento cont\u00f3 [&hellip;]<\/p>\n","protected":false},"author":77,"featured_media":17841,"comment_status":"open","ping_status":"open","sticky":false,"template":"","format":"standard","meta":{"footnotes":""},"categories":[1],"tags":[],"class_list":["post-17842","post","type-post","status-publish","format-standard","has-post-thumbnail","hentry","category-sin-categoria"],"yoast_head":"<!-- This site is optimized with the Yoast SEO plugin v27.1.1 - https:\/\/yoast.com\/product\/yoast-seo-wordpress\/ -->\n<title>\u00c9xito en Gran Foro Nari\u00f1o Decide, Alcald\u00eda de Pasto y Gobernaci\u00f3n de Nari\u00f1o | P\u00e1gina10<\/title>\n<meta name=\"robots\" content=\"index, follow, max-snippet:-1, max-image-preview:large, max-video-preview:-1\" \/>\n<link rel=\"canonical\" href=\"https:\/\/pagina10.com\/web\/exito-en-gran-foro-narino-decide-alcaldia-de-pasto-y-gobernacion-de-narino\/\" \/>\n<meta property=\"og:locale\" content=\"es_ES\" \/>\n<meta property=\"og:type\" content=\"article\" \/>\n<meta property=\"og:title\" content=\"\u00c9xito en Gran Foro Nari\u00f1o Decide, Alcald\u00eda de Pasto y Gobernaci\u00f3n de Nari\u00f1o | P\u00e1gina10\" \/>\n<meta property=\"og:description\" content=\"Con \u00e9xito total se cumplieron los foros Nari\u00f1o Decide con candidatos a la Gobernaci\u00f3n de Nari\u00f1o y a la Alcald\u00eda del Municipio de Pasto, convocados y organizados por la Alianza Nari\u00f1o Decide. &nbsp; Durante la ma\u00f1ana del mi\u00e9rcoles 23 de septiembre se desarroll\u00f3 el foro con los aspirantes a la administraci\u00f3n departamental. El evento cont\u00f3 [&hellip;]\" \/>\n<meta property=\"og:url\" content=\"https:\/\/pagina10.com\/web\/exito-en-gran-foro-narino-decide-alcaldia-de-pasto-y-gobernacion-de-narino\/\" \/>\n<meta property=\"og:site_name\" content=\"P\u00e1gina10\" \/>\n<meta property=\"article:publisher\" content=\"https:\/\/www.facebook.com\/pag10com\" \/>\n<meta property=\"article:published_time\" content=\"2015-09-24T22:28:26+00:00\" \/>\n<meta property=\"og:image\" content=\"https:\/\/pagina10.com\/web\/wp-content\/uploads\/2015\/09\/4c39d7b922f1ddb6922a69d2e1642d8f.jpg\" \/>\n\t<meta property=\"og:image:width\" content=\"960\" \/>\n\t<meta property=\"og:image:height\" content=\"540\" \/>\n\t<meta property=\"og:image:type\" content=\"image\/jpeg\" \/>\n<meta name=\"author\" content=\"Nari\u00f1o decide\" \/>\n<meta name=\"twitter:card\" content=\"summary_large_image\" \/>\n<meta name=\"twitter:creator\" content=\"@Pag10com\" \/>\n<meta name=\"twitter:site\" content=\"@Pag10com\" \/>\n<meta name=\"twitter:label1\" content=\"Escrito por\" \/>\n\t<meta name=\"twitter:data1\" content=\"Nari\u00f1o decide\" \/>\n\t<meta name=\"twitter:label2\" content=\"Tiempo de lectura\" \/>\n\t<meta name=\"twitter:data2\" content=\"3 minutos\" \/>\n<script type=\"application\/ld+json\" class=\"yoast-schema-graph\">{\"@context\":\"https:\/\/schema.org\",\"@graph\":[{\"@type\":\"Article\",\"@id\":\"https:\/\/pagina10.com\/web\/exito-en-gran-foro-narino-decide-alcaldia-de-pasto-y-gobernacion-de-narino\/#article\",\"isPartOf\":{\"@id\":\"https:\/\/pagina10.com\/web\/exito-en-gran-foro-narino-decide-alcaldia-de-pasto-y-gobernacion-de-narino\/\"},\"author\":{\"name\":\"Nari\u00f1o decide\",\"@id\":\"https:\/\/pagina10.com\/web\/#\/schema\/person\/bc8fce283a1074f034c35cb79618dbb4\"},\"headline\":\"\u00c9xito en Gran Foro Nari\u00f1o Decide, Alcald\u00eda de Pasto y Gobernaci\u00f3n de Nari\u00f1o\",\"datePublished\":\"2015-09-24T22:28:26+00:00\",\"mainEntityOfPage\":{\"@id\":\"https:\/\/pagina10.com\/web\/exito-en-gran-foro-narino-decide-alcaldia-de-pasto-y-gobernacion-de-narino\/\"},\"wordCount\":537,\"commentCount\":0,\"publisher\":{\"@id\":\"https:\/\/pagina10.com\/web\/#organization\"},\"image\":{\"@id\":\"https:\/\/pagina10.com\/web\/exito-en-gran-foro-narino-decide-alcaldia-de-pasto-y-gobernacion-de-narino\/#primaryimage\"},\"thumbnailUrl\":\"https:\/\/pagina10.com\/web\/wp-content\/uploads\/2015\/09\/4c39d7b922f1ddb6922a69d2e1642d8f.jpg\",\"inLanguage\":\"es\",\"potentialAction\":[{\"@type\":\"CommentAction\",\"name\":\"Comment\",\"target\":[\"https:\/\/pagina10.com\/web\/exito-en-gran-foro-narino-decide-alcaldia-de-pasto-y-gobernacion-de-narino\/#respond\"]}]},{\"@type\":\"WebPage\",\"@id\":\"https:\/\/pagina10.com\/web\/exito-en-gran-foro-narino-decide-alcaldia-de-pasto-y-gobernacion-de-narino\/\",\"url\":\"https:\/\/pagina10.com\/web\/exito-en-gran-foro-narino-decide-alcaldia-de-pasto-y-gobernacion-de-narino\/\",\"name\":\"\u00c9xito en Gran Foro Nari\u00f1o Decide, Alcald\u00eda de Pasto y Gobernaci\u00f3n de Nari\u00f1o | P\u00e1gina10\",\"isPartOf\":{\"@id\":\"https:\/\/pagina10.com\/web\/#website\"},\"primaryImageOfPage\":{\"@id\":\"https:\/\/pagina10.com\/web\/exito-en-gran-foro-narino-decide-alcaldia-de-pasto-y-gobernacion-de-narino\/#primaryimage\"},\"image\":{\"@id\":\"https:\/\/pagina10.com\/web\/exito-en-gran-foro-narino-decide-alcaldia-de-pasto-y-gobernacion-de-narino\/#primaryimage\"},\"thumbnailUrl\":\"https:\/\/pagina10.com\/web\/wp-content\/uploads\/2015\/09\/4c39d7b922f1ddb6922a69d2e1642d8f.jpg\",\"datePublished\":\"2015-09-24T22:28:26+00:00\",\"breadcrumb\":{\"@id\":\"https:\/\/pagina10.com\/web\/exito-en-gran-foro-narino-decide-alcaldia-de-pasto-y-gobernacion-de-narino\/#breadcrumb\"},\"inLanguage\":\"es\",\"potentialAction\":[{\"@type\":\"ReadAction\",\"target\":[\"https:\/\/pagina10.com\/web\/exito-en-gran-foro-narino-decide-alcaldia-de-pasto-y-gobernacion-de-narino\/\"]}]},{\"@type\":\"ImageObject\",\"inLanguage\":\"es\",\"@id\":\"https:\/\/pagina10.com\/web\/exito-en-gran-foro-narino-decide-alcaldia-de-pasto-y-gobernacion-de-narino\/#primaryimage\",\"url\":\"https:\/\/pagina10.com\/web\/wp-content\/uploads\/2015\/09\/4c39d7b922f1ddb6922a69d2e1642d8f.jpg\",\"contentUrl\":\"https:\/\/pagina10.com\/web\/wp-content\/uploads\/2015\/09\/4c39d7b922f1ddb6922a69d2e1642d8f.jpg\",\"width\":960,\"height\":540},{\"@type\":\"BreadcrumbList\",\"@id\":\"https:\/\/pagina10.com\/web\/exito-en-gran-foro-narino-decide-alcaldia-de-pasto-y-gobernacion-de-narino\/#breadcrumb\",\"itemListElement\":[{\"@type\":\"ListItem\",\"position\":1,\"name\":\"Portada\",\"item\":\"https:\/\/pagina10.com\/web\/\"},{\"@type\":\"ListItem\",\"position\":2,\"name\":\"\u00c9xito en Gran Foro Nari\u00f1o Decide, Alcald\u00eda de Pasto y Gobernaci\u00f3n de Nari\u00f1o\"}]},{\"@type\":\"WebSite\",\"@id\":\"https:\/\/pagina10.com\/web\/#website\",\"url\":\"https:\/\/pagina10.com\/web\/\",\"name\":\"P\u00e1gina10\",\"description\":\"Peri\u00f3dico Regional\",\"publisher\":{\"@id\":\"https:\/\/pagina10.com\/web\/#organization\"},\"alternateName\":\"P\u00e1gina10 Peri\u00f3dico Regional\",\"potentialAction\":[{\"@type\":\"SearchAction\",\"target\":{\"@type\":\"EntryPoint\",\"urlTemplate\":\"https:\/\/pagina10.com\/web\/?s={search_term_string}\"},\"query-input\":{\"@type\":\"PropertyValueSpecification\",\"valueRequired\":true,\"valueName\":\"search_term_string\"}}],\"inLanguage\":\"es\"},{\"@type\":\"Organization\",\"@id\":\"https:\/\/pagina10.com\/web\/#organization\",\"name\":\"P\u00e1gina10\",\"alternateName\":\"P\u00e1gina10 Peri\u00f3dico Regional\",\"url\":\"https:\/\/pagina10.com\/web\/\",\"logo\":{\"@type\":\"ImageObject\",\"inLanguage\":\"es\",\"@id\":\"https:\/\/pagina10.com\/web\/#\/schema\/logo\/image\/\",\"url\":\"https:\/\/pagina10.com\/web\/wp-content\/uploads\/2024\/01\/40-pagina-10-periodico-regional-pasto.jpg\",\"contentUrl\":\"https:\/\/pagina10.com\/web\/wp-content\/uploads\/2024\/01\/40-pagina-10-periodico-regional-pasto.jpg\",\"width\":1280,\"height\":720,\"caption\":\"P\u00e1gina10\"},\"image\":{\"@id\":\"https:\/\/pagina10.com\/web\/#\/schema\/logo\/image\/\"},\"sameAs\":[\"https:\/\/www.facebook.com\/pag10com\",\"https:\/\/x.com\/Pag10com\",\"https:\/\/www.instagram.com\/pagina10col\/\",\"https:\/\/youtube.com\/channel\/pag10\",\"https:\/\/www.tiktok.com\/@p10col\"]},{\"@type\":\"Person\",\"@id\":\"https:\/\/pagina10.com\/web\/#\/schema\/person\/bc8fce283a1074f034c35cb79618dbb4\",\"name\":\"Nari\u00f1o decide\",\"description\":\"La alianza por la transparencia y calidad de la democracia Nari\u00f1o Decide busca promover la transparencia y cualificaci\u00f3n del proceso electoral, el voto libre, responsable y program\u00e1tico, en el ejercicio de una ciudadan\u00eda activa en Nari\u00f1o. Adem\u00e1s pretende trascender hacia las etapas de empalme y formulaci\u00f3n participativa de los nuevos planes de desarrollo. Este proceso es impulsado por varios actores estrat\u00e9gicos en Nari\u00f1o , con el apoyo del Programa de las Naciones Unidas para el Desarrollo \u2013 PNUD Web: http:\/\/www.narinodecide.org Correo: narinodecide@fondoculturanarino.org\",\"url\":\"https:\/\/pagina10.com\/web\/author\/narino-decide\/\"}]}<\/script>\n<!-- \/ Yoast SEO plugin. -->","yoast_head_json":{"title":"\u00c9xito en Gran Foro Nari\u00f1o Decide, Alcald\u00eda de Pasto y Gobernaci\u00f3n de Nari\u00f1o | P\u00e1gina10","robots":{"index":"index","follow":"follow","max-snippet":"max-snippet:-1","max-image-preview":"max-image-preview:large","max-video-preview":"max-video-preview:-1"},"canonical":"https:\/\/pagina10.com\/web\/exito-en-gran-foro-narino-decide-alcaldia-de-pasto-y-gobernacion-de-narino\/","og_locale":"es_ES","og_type":"article","og_title":"\u00c9xito en Gran Foro Nari\u00f1o Decide, Alcald\u00eda de Pasto y Gobernaci\u00f3n de Nari\u00f1o | P\u00e1gina10","og_description":"Con \u00e9xito total se cumplieron los foros Nari\u00f1o Decide con candidatos a la Gobernaci\u00f3n de Nari\u00f1o y a la Alcald\u00eda del Municipio de Pasto, convocados y organizados por la Alianza Nari\u00f1o Decide. &nbsp; Durante la ma\u00f1ana del mi\u00e9rcoles 23 de septiembre se desarroll\u00f3 el foro con los aspirantes a la administraci\u00f3n departamental. El evento cont\u00f3 [&hellip;]","og_url":"https:\/\/pagina10.com\/web\/exito-en-gran-foro-narino-decide-alcaldia-de-pasto-y-gobernacion-de-narino\/","og_site_name":"P\u00e1gina10","article_publisher":"https:\/\/www.facebook.com\/pag10com","article_published_time":"2015-09-24T22:28:26+00:00","og_image":[{"width":960,"height":540,"url":"https:\/\/pagina10.com\/web\/wp-content\/uploads\/2015\/09\/4c39d7b922f1ddb6922a69d2e1642d8f.jpg","type":"image\/jpeg"}],"author":"Nari\u00f1o decide","twitter_card":"summary_large_image","twitter_creator":"@Pag10com","twitter_site":"@Pag10com","twitter_misc":{"Escrito por":"Nari\u00f1o decide","Tiempo de lectura":"3 minutos"},"schema":{"@context":"https:\/\/schema.org","@graph":[{"@type":"Article","@id":"https:\/\/pagina10.com\/web\/exito-en-gran-foro-narino-decide-alcaldia-de-pasto-y-gobernacion-de-narino\/#article","isPartOf":{"@id":"https:\/\/pagina10.com\/web\/exito-en-gran-foro-narino-decide-alcaldia-de-pasto-y-gobernacion-de-narino\/"},"author":{"name":"Nari\u00f1o decide","@id":"https:\/\/pagina10.com\/web\/#\/schema\/person\/bc8fce283a1074f034c35cb79618dbb4"},"headline":"\u00c9xito en Gran Foro Nari\u00f1o Decide, Alcald\u00eda de Pasto y Gobernaci\u00f3n de Nari\u00f1o","datePublished":"2015-09-24T22:28:26+00:00","mainEntityOfPage":{"@id":"https:\/\/pagina10.com\/web\/exito-en-gran-foro-narino-decide-alcaldia-de-pasto-y-gobernacion-de-narino\/"},"wordCount":537,"commentCount":0,"publisher":{"@id":"https:\/\/pagina10.com\/web\/#organization"},"image":{"@id":"https:\/\/pagina10.com\/web\/exito-en-gran-foro-narino-decide-alcaldia-de-pasto-y-gobernacion-de-narino\/#primaryimage"},"thumbnailUrl":"https:\/\/pagina10.com\/web\/wp-content\/uploads\/2015\/09\/4c39d7b922f1ddb6922a69d2e1642d8f.jpg","inLanguage":"es","potentialAction":[{"@type":"CommentAction","name":"Comment","target":["https:\/\/pagina10.com\/web\/exito-en-gran-foro-narino-decide-alcaldia-de-pasto-y-gobernacion-de-narino\/#respond"]}]},{"@type":"WebPage","@id":"https:\/\/pagina10.com\/web\/exito-en-gran-foro-narino-decide-alcaldia-de-pasto-y-gobernacion-de-narino\/","url":"https:\/\/pagina10.com\/web\/exito-en-gran-foro-narino-decide-alcaldia-de-pasto-y-gobernacion-de-narino\/","name":"\u00c9xito en Gran Foro Nari\u00f1o Decide, Alcald\u00eda de Pasto y Gobernaci\u00f3n de Nari\u00f1o | P\u00e1gina10","isPartOf":{"@id":"https:\/\/pagina10.com\/web\/#website"},"primaryImageOfPage":{"@id":"https:\/\/pagina10.com\/web\/exito-en-gran-foro-narino-decide-alcaldia-de-pasto-y-gobernacion-de-narino\/#primaryimage"},"image":{"@id":"https:\/\/pagina10.com\/web\/exito-en-gran-foro-narino-decide-alcaldia-de-pasto-y-gobernacion-de-narino\/#primaryimage"},"thumbnailUrl":"https:\/\/pagina10.com\/web\/wp-content\/uploads\/2015\/09\/4c39d7b922f1ddb6922a69d2e1642d8f.jpg","datePublished":"2015-09-24T22:28:26+00:00","breadcrumb":{"@id":"https:\/\/pagina10.com\/web\/exito-en-gran-foro-narino-decide-alcaldia-de-pasto-y-gobernacion-de-narino\/#breadcrumb"},"inLanguage":"es","potentialAction":[{"@type":"ReadAction","target":["https:\/\/pagina10.com\/web\/exito-en-gran-foro-narino-decide-alcaldia-de-pasto-y-gobernacion-de-narino\/"]}]},{"@type":"ImageObject","inLanguage":"es","@id":"https:\/\/pagina10.com\/web\/exito-en-gran-foro-narino-decide-alcaldia-de-pasto-y-gobernacion-de-narino\/#primaryimage","url":"https:\/\/pagina10.com\/web\/wp-content\/uploads\/2015\/09\/4c39d7b922f1ddb6922a69d2e1642d8f.jpg","contentUrl":"https:\/\/pagina10.com\/web\/wp-content\/uploads\/2015\/09\/4c39d7b922f1ddb6922a69d2e1642d8f.jpg","width":960,"height":540},{"@type":"BreadcrumbList","@id":"https:\/\/pagina10.com\/web\/exito-en-gran-foro-narino-decide-alcaldia-de-pasto-y-gobernacion-de-narino\/#breadcrumb","itemListElement":[{"@type":"ListItem","position":1,"name":"Portada","item":"https:\/\/pagina10.com\/web\/"},{"@type":"ListItem","position":2,"name":"\u00c9xito en Gran Foro Nari\u00f1o Decide, Alcald\u00eda de Pasto y Gobernaci\u00f3n de Nari\u00f1o"}]},{"@type":"WebSite","@id":"https:\/\/pagina10.com\/web\/#website","url":"https:\/\/pagina10.com\/web\/","name":"P\u00e1gina10","description":"Peri\u00f3dico Regional","publisher":{"@id":"https:\/\/pagina10.com\/web\/#organization"},"alternateName":"P\u00e1gina10 Peri\u00f3dico Regional","potentialAction":[{"@type":"SearchAction","target":{"@type":"EntryPoint","urlTemplate":"https:\/\/pagina10.com\/web\/?s={search_term_string}"},"query-input":{"@type":"PropertyValueSpecification","valueRequired":true,"valueName":"search_term_string"}}],"inLanguage":"es"},{"@type":"Organization","@id":"https:\/\/pagina10.com\/web\/#organization","name":"P\u00e1gina10","alternateName":"P\u00e1gina10 Peri\u00f3dico Regional","url":"https:\/\/pagina10.com\/web\/","logo":{"@type":"ImageObject","inLanguage":"es","@id":"https:\/\/pagina10.com\/web\/#\/schema\/logo\/image\/","url":"https:\/\/pagina10.com\/web\/wp-content\/uploads\/2024\/01\/40-pagina-10-periodico-regional-pasto.jpg","contentUrl":"https:\/\/pagina10.com\/web\/wp-content\/uploads\/2024\/01\/40-pagina-10-periodico-regional-pasto.jpg","width":1280,"height":720,"caption":"P\u00e1gina10"},"image":{"@id":"https:\/\/pagina10.com\/web\/#\/schema\/logo\/image\/"},"sameAs":["https:\/\/www.facebook.com\/pag10com","https:\/\/x.com\/Pag10com","https:\/\/www.instagram.com\/pagina10col\/","https:\/\/youtube.com\/channel\/pag10","https:\/\/www.tiktok.com\/@p10col"]},{"@type":"Person","@id":"https:\/\/pagina10.com\/web\/#\/schema\/person\/bc8fce283a1074f034c35cb79618dbb4","name":"Nari\u00f1o decide","description":"La alianza por la transparencia y calidad de la democracia Nari\u00f1o Decide busca promover la transparencia y cualificaci\u00f3n del proceso electoral, el voto libre, responsable y program\u00e1tico, en el ejercicio de una ciudadan\u00eda activa en Nari\u00f1o. Adem\u00e1s pretende trascender hacia las etapas de empalme y formulaci\u00f3n participativa de los nuevos planes de desarrollo. Este proceso es impulsado por varios actores estrat\u00e9gicos en Nari\u00f1o , con el apoyo del Programa de las Naciones Unidas para el Desarrollo \u2013 PNUD Web: http:\/\/www.narinodecide.org Correo: narinodecide@fondoculturanarino.org","url":"https:\/\/pagina10.com\/web\/author\/narino-decide\/"}]}},"_links":{"self":[{"href":"https:\/\/pagina10.com\/web\/wp-json\/wp\/v2\/posts\/17842","targetHints":{"allow":["GET"]}}],"collection":[{"href":"https:\/\/pagina10.com\/web\/wp-json\/wp\/v2\/posts"}],"about":[{"href":"https:\/\/pagina10.com\/web\/wp-json\/wp\/v2\/types\/post"}],"author":[{"embeddable":true,"href":"https:\/\/pagina10.com\/web\/wp-json\/wp\/v2\/users\/77"}],"replies":[{"embeddable":true,"href":"https:\/\/pagina10.com\/web\/wp-json\/wp\/v2\/comments?post=17842"}],"version-history":[{"count":0,"href":"https:\/\/pagina10.com\/web\/wp-json\/wp\/v2\/posts\/17842\/revisions"}],"wp:featuredmedia":[{"embeddable":true,"href":"https:\/\/pagina10.com\/web\/wp-json\/wp\/v2\/media\/17841"}],"wp:attachment":[{"href":"https:\/\/pagina10.com\/web\/wp-json\/wp\/v2\/media?parent=17842"}],"wp:term":[{"taxonomy":"category","embeddable":true,"href":"https:\/\/pagina10.com\/web\/wp-json\/wp\/v2\/categories?post=17842"},{"taxonomy":"post_tag","embeddable":true,"href":"https:\/\/pagina10.com\/web\/wp-json\/wp\/v2\/tags?post=17842"}],"curies":[{"name":"wp","href":"https:\/\/api.w.org\/{rel}","templated":true}]}}