{"id":17846,"date":"2015-09-25T03:11:01","date_gmt":"2015-09-25T03:11:01","guid":{"rendered":"https:\/\/pagina10.com\/web\/indigenas-inga-de-narino-ganadores-del-premio-ecuatorial-del-pnud-2015\/"},"modified":"2015-09-25T03:11:01","modified_gmt":"2015-09-25T03:11:01","slug":"indigenas-inga-de-narino-ganadores-del-premio-ecuatorial-del-pnud-2015","status":"publish","type":"post","link":"https:\/\/pagina10.com\/web\/indigenas-inga-de-narino-ganadores-del-premio-ecuatorial-del-pnud-2015\/","title":{"rendered":"Ind\u00edgenas Inga de Nari\u00f1o ganadores del premio ecuatorial del PNUD 2015"},"content":{"rendered":"<p><img fetchpriority=\"high\" decoding=\"async\" class=\" size-full wp-image-17845\" src=\"https:\/\/pagina10.com\/web\/wp-content\/uploads\/2015\/09\/f3e9fa59c257cb507e891e431f8b39a2.jpg\" alt=\"\" width=\"520\" height=\"390\" srcset=\"https:\/\/pagina10.com\/web\/wp-content\/uploads\/2015\/09\/f3e9fa59c257cb507e891e431f8b39a2.jpg 520w, https:\/\/pagina10.com\/web\/wp-content\/uploads\/2015\/09\/f3e9fa59c257cb507e891e431f8b39a2-300x225.jpg 300w, https:\/\/pagina10.com\/web\/wp-content\/uploads\/2015\/09\/f3e9fa59c257cb507e891e431f8b39a2-86x64.jpg 86w\" sizes=\"(max-width: 520px) 100vw, 520px\" \/><\/p>\n<p style=\"text-align: justify;\">L\u00edderes de las Naciones Unidas, junto con el galardonado actor y activista Alec Baldwin, anunciar\u00e1n las 21 iniciativas ganadoras del Premio Ecuatorial del presente a\u00f1o, un premio internacional que recompensa los esfuerzos comunitarios m\u00e1s destacados en la lucha para reducir la pobreza, proteger la naturaleza y fortalecer la resiliencia ante el cambio clim\u00e1tico.<\/p>\n<p style=\"text-align: justify;\">Entre los ganadores se hallan un grupo ind\u00edgena brasile\u00f1o que inspir\u00f3 la pel\u00edcula Avatar, un equipo indonesio de conservaci\u00f3n dedicado al salvamento de las tortugas marinas, un movimiento por los derechos de los pigmeos en la Rep\u00fablica Democr\u00e1tica del Congo y una organizaci\u00f3n de base comunitaria en la regi\u00f3n m\u00e1s pobre de Afganist\u00e1n que se ocupa de la recuperaci\u00f3n de zonas afectadas por el conflicto a la vez que crean puestos de trabajo.<\/p>\n<p style=\"text-align: justify;\">\u201cEstos ganadores muestran lo que se puede realizar cuando los pueblos ind\u00edgenas y las comunidades locales cuentan con el respaldo del derecho a administrar sus tierras, territorios y recursos naturales\u201d, afirm\u00f3 Helen Clark, Administradora del Programa de las Naciones Unidas para el Desarrollo (PNUD).<\/p>\n<p style=\"text-align: justify;\">\u201cProtegen los bosques y la fauna, gestionan el paisaje con el fin de proporcionar seguridad alimentaria y agua, crean puestos de trabajo y empoderan a las poblaciones locales\u201d a\u00f1adi\u00f3 Helen Clark. \u201cLa conclusi\u00f3n es que los derechos sobre la tierra de los pueblos ind\u00edgenas son buenos para el clima y buenos para el desarrollo sostenible.\u201d<\/p>\n<p style=\"text-align: justify;\">Los ganadores del premio han asegurado los derechos sobre las tierras de cientos de comunidades, han salvado millones de hect\u00e1reas de bosques de la destrucci\u00f3n, han protegido especies animales salvajes en riesgo de extinci\u00f3n y han creado decenas de miles de puestos de trabajo para sus comunidades. Entre los ganadores hay grupos que trabajan en zonas de conflicto en Ir\u00e1n, Afganist\u00e1n y Rep\u00fablica Democr\u00e1tica del Congo, y otros que lo hacen en las comunidades de Honduras y Colombia v\u00edctimas del tr\u00e1fico de drogas y otros tipos de delincuencia.<\/p>\n<p style=\"text-align: justify;\">Christiana Figueres, Secretaria Ejecutiva de la Convenci\u00f3n Marco de las Naciones Unidas sobre el Cambio Clim\u00e1tico, destac\u00f3 la importancia de la pr\u00f3xima Conferencia de las Naciones Unidas sobre el Cambio Clim\u00e1tico (COP21) e inst\u00f3 a la participaci\u00f3n de los pueblos ind\u00edgenas y las comunidades locales con el fin contribuir a que el mundo logre los objetivos colectivos en materia de cambio clim\u00e1tico.<\/p>\n<p style=\"text-align: justify;\">\u201cEl acuerdo que los gobiernos alcanzar\u00e1n en Par\u00eds ser\u00e1 un catalizador crucial para el desarrollo sostenible en el siglo XXI. Todos, gobiernos, ciudades y empresas, as\u00ed como las comunidades locales e ind\u00edgenas, est\u00e1n interesados, y cada una de esas partes tiene un papel que desempe\u00f1ar para lograr la reducci\u00f3n de las emisiones y la construcci\u00f3n de sociedades resilientes\u201d, afirm\u00f3.<\/p>\n<p style=\"text-align: justify;\">Este a\u00f1o, los ganadores fueron elegidos entre un n\u00famero r\u00e9cord de 1.461 candidaturas provenientes de 126 pa\u00edses. Durante meses, una serie de expertos internacionales llevaron a cabo un riguroso proceso de selecci\u00f3n de los ganadores. El Premio Ecuatorial es \u00fanico, ya que recompensa la acci\u00f3n colectiva en lugar de los logros individuales.<\/p>\n<p style=\"text-align: justify;\">Esta es la primera vez que el Premio Ecuatorial se otorga a grupos de Afganist\u00e1n, Guyana e Ir\u00e1n. El premio tambi\u00e9n se concede a los ganadores de Belice, Bolivia, Brasil, Camboya, China, Colombia, Rep\u00fablica Democr\u00e1tica del Congo, Etiop\u00eda\/Kenya, Honduras, Indonesia, Madagascar, Malasia\/Indonesia, Papua Nueva Guinea, Tanzan\u00eda y Uganda.<\/p>\n<p style=\"text-align: justify;\">Cada ganador del Premio Ecuatorial recibir\u00e1 10.000 d\u00f3lares y podr\u00e1 enviar a sus representantes a una cumbre comunitaria de dos semanas que se celebrar\u00e1 en Par\u00eds durante la COP21. Los representantes ser\u00e1n homenajeados en una gala estelar el 7 de diciembre de 2015.<\/p>\n<p style=\"text-align: justify;\">El Premio Ecuatorial ha recibido el apoyo de ex Jefes de Estado como Gro Harlem Brundtland y Oscar Arias, ganadores del Premio Nobel como Al Gore y Elinor Ostrom, l\u00edderes de opini\u00f3n como Jane Goodall y Jeffrey Sachs, l\u00edderes ind\u00edgenas como Vicky Tauli-Corpuz, fil\u00e1ntropos como Richard Branson y Ted Turner, y celebridades como Edward Norton, Gisele B\u00fcndchen, Connie Britton y muchos otros.<\/p>\n<p style=\"text-align: justify;\">Se trata del programa insignia de la Iniciativa Ecuatorial, una asociaci\u00f3n que re\u00fane a las Naciones Unidas, los gobiernos, la sociedad civil y empresas y organizaciones de base para avanzar en la b\u00fasqueda de soluciones orientadas a un desarrollo sostenible.<\/p>\n<p style=\"text-align: justify;\">Entre otros asociados a esta Iniciativa se cuentan los gobiernos de Noruega, Alemania, Suecia y Estados Unidos, as\u00ed como Conservation International, el Convenio sobre la Diversidad Biol\u00f3gica, Ecoagriculture Partners, la Universidad de Fordham, la Uni\u00f3n Internacional para la Conservaci\u00f3n de la Naturaleza, Nature Conservancy, PCI-Media Impact, Rare, el Programa Ambiental de las Naciones Unidas, el PNUD y la Fundaci\u00f3n de la ONU.<\/p>\n","protected":false},"excerpt":{"rendered":"<p>L\u00edderes de las Naciones Unidas, junto con el galardonado actor y activista Alec Baldwin, anunciar\u00e1n las 21 iniciativas ganadoras del Premio Ecuatorial del presente a\u00f1o, un premio internacional que recompensa los esfuerzos comunitarios m\u00e1s destacados en la lucha para reducir la pobreza, proteger la naturaleza y fortalecer la resiliencia ante el cambio clim\u00e1tico. Entre los [&hellip;]<\/p>\n","protected":false},"author":29,"featured_media":17845,"comment_status":"open","ping_status":"open","sticky":false,"template":"","format":"standard","meta":{"footnotes":""},"categories":[1],"tags":[],"class_list":["post-17846","post","type-post","status-publish","format-standard","has-post-thumbnail","hentry","category-sin-categoria"],"yoast_head":"<!-- This site is optimized with the Yoast SEO plugin v27.1.1 - https:\/\/yoast.com\/product\/yoast-seo-wordpress\/ -->\n<title>Ind\u00edgenas Inga de Nari\u00f1o ganadores del premio ecuatorial del PNUD 2015 | P\u00e1gina10<\/title>\n<meta name=\"robots\" content=\"index, follow, max-snippet:-1, max-image-preview:large, max-video-preview:-1\" \/>\n<link rel=\"canonical\" href=\"https:\/\/pagina10.com\/web\/indigenas-inga-de-narino-ganadores-del-premio-ecuatorial-del-pnud-2015\/\" \/>\n<meta property=\"og:locale\" content=\"es_ES\" \/>\n<meta property=\"og:type\" content=\"article\" \/>\n<meta property=\"og:title\" content=\"Ind\u00edgenas Inga de Nari\u00f1o ganadores del premio ecuatorial del PNUD 2015 | P\u00e1gina10\" \/>\n<meta property=\"og:description\" content=\"L\u00edderes de las Naciones Unidas, junto con el galardonado actor y activista Alec Baldwin, anunciar\u00e1n las 21 iniciativas ganadoras del Premio Ecuatorial del presente a\u00f1o, un premio internacional que recompensa los esfuerzos comunitarios m\u00e1s destacados en la lucha para reducir la pobreza, proteger la naturaleza y fortalecer la resiliencia ante el cambio clim\u00e1tico. Entre los [&hellip;]\" \/>\n<meta property=\"og:url\" content=\"https:\/\/pagina10.com\/web\/indigenas-inga-de-narino-ganadores-del-premio-ecuatorial-del-pnud-2015\/\" \/>\n<meta property=\"og:site_name\" content=\"P\u00e1gina10\" \/>\n<meta property=\"article:publisher\" content=\"https:\/\/www.facebook.com\/pag10com\" \/>\n<meta property=\"article:published_time\" content=\"2015-09-25T03:11:01+00:00\" \/>\n<meta property=\"og:image\" content=\"https:\/\/pagina10.com\/web\/wp-content\/uploads\/2015\/09\/f3e9fa59c257cb507e891e431f8b39a2.jpg\" \/>\n\t<meta property=\"og:image:width\" content=\"520\" \/>\n\t<meta property=\"og:image:height\" content=\"390\" \/>\n\t<meta property=\"og:image:type\" content=\"image\/jpeg\" \/>\n<meta name=\"author\" content=\"P\u00e1gina 10\" \/>\n<meta name=\"twitter:card\" content=\"summary_large_image\" \/>\n<meta name=\"twitter:creator\" content=\"@Pag10com\" \/>\n<meta name=\"twitter:site\" content=\"@Pag10com\" \/>\n<meta name=\"twitter:label1\" content=\"Escrito por\" \/>\n\t<meta name=\"twitter:data1\" content=\"P\u00e1gina 10\" \/>\n\t<meta name=\"twitter:label2\" content=\"Tiempo de lectura\" \/>\n\t<meta name=\"twitter:data2\" content=\"4 minutos\" \/>\n<script type=\"application\/ld+json\" class=\"yoast-schema-graph\">{\"@context\":\"https:\/\/schema.org\",\"@graph\":[{\"@type\":\"Article\",\"@id\":\"https:\/\/pagina10.com\/web\/indigenas-inga-de-narino-ganadores-del-premio-ecuatorial-del-pnud-2015\/#article\",\"isPartOf\":{\"@id\":\"https:\/\/pagina10.com\/web\/indigenas-inga-de-narino-ganadores-del-premio-ecuatorial-del-pnud-2015\/\"},\"author\":{\"name\":\"P\u00e1gina 10\",\"@id\":\"https:\/\/pagina10.com\/web\/#\/schema\/person\/a7a5d38f0629dfc107f619fbae4f6cc3\"},\"headline\":\"Ind\u00edgenas Inga de Nari\u00f1o ganadores del premio ecuatorial del PNUD 2015\",\"datePublished\":\"2015-09-25T03:11:01+00:00\",\"mainEntityOfPage\":{\"@id\":\"https:\/\/pagina10.com\/web\/indigenas-inga-de-narino-ganadores-del-premio-ecuatorial-del-pnud-2015\/\"},\"wordCount\":821,\"commentCount\":0,\"publisher\":{\"@id\":\"https:\/\/pagina10.com\/web\/#organization\"},\"image\":{\"@id\":\"https:\/\/pagina10.com\/web\/indigenas-inga-de-narino-ganadores-del-premio-ecuatorial-del-pnud-2015\/#primaryimage\"},\"thumbnailUrl\":\"https:\/\/pagina10.com\/web\/wp-content\/uploads\/2015\/09\/f3e9fa59c257cb507e891e431f8b39a2.jpg\",\"inLanguage\":\"es\",\"potentialAction\":[{\"@type\":\"CommentAction\",\"name\":\"Comment\",\"target\":[\"https:\/\/pagina10.com\/web\/indigenas-inga-de-narino-ganadores-del-premio-ecuatorial-del-pnud-2015\/#respond\"]}]},{\"@type\":\"WebPage\",\"@id\":\"https:\/\/pagina10.com\/web\/indigenas-inga-de-narino-ganadores-del-premio-ecuatorial-del-pnud-2015\/\",\"url\":\"https:\/\/pagina10.com\/web\/indigenas-inga-de-narino-ganadores-del-premio-ecuatorial-del-pnud-2015\/\",\"name\":\"Ind\u00edgenas Inga de Nari\u00f1o ganadores del premio ecuatorial del PNUD 2015 | P\u00e1gina10\",\"isPartOf\":{\"@id\":\"https:\/\/pagina10.com\/web\/#website\"},\"primaryImageOfPage\":{\"@id\":\"https:\/\/pagina10.com\/web\/indigenas-inga-de-narino-ganadores-del-premio-ecuatorial-del-pnud-2015\/#primaryimage\"},\"image\":{\"@id\":\"https:\/\/pagina10.com\/web\/indigenas-inga-de-narino-ganadores-del-premio-ecuatorial-del-pnud-2015\/#primaryimage\"},\"thumbnailUrl\":\"https:\/\/pagina10.com\/web\/wp-content\/uploads\/2015\/09\/f3e9fa59c257cb507e891e431f8b39a2.jpg\",\"datePublished\":\"2015-09-25T03:11:01+00:00\",\"breadcrumb\":{\"@id\":\"https:\/\/pagina10.com\/web\/indigenas-inga-de-narino-ganadores-del-premio-ecuatorial-del-pnud-2015\/#breadcrumb\"},\"inLanguage\":\"es\",\"potentialAction\":[{\"@type\":\"ReadAction\",\"target\":[\"https:\/\/pagina10.com\/web\/indigenas-inga-de-narino-ganadores-del-premio-ecuatorial-del-pnud-2015\/\"]}]},{\"@type\":\"ImageObject\",\"inLanguage\":\"es\",\"@id\":\"https:\/\/pagina10.com\/web\/indigenas-inga-de-narino-ganadores-del-premio-ecuatorial-del-pnud-2015\/#primaryimage\",\"url\":\"https:\/\/pagina10.com\/web\/wp-content\/uploads\/2015\/09\/f3e9fa59c257cb507e891e431f8b39a2.jpg\",\"contentUrl\":\"https:\/\/pagina10.com\/web\/wp-content\/uploads\/2015\/09\/f3e9fa59c257cb507e891e431f8b39a2.jpg\",\"width\":520,\"height\":390},{\"@type\":\"BreadcrumbList\",\"@id\":\"https:\/\/pagina10.com\/web\/indigenas-inga-de-narino-ganadores-del-premio-ecuatorial-del-pnud-2015\/#breadcrumb\",\"itemListElement\":[{\"@type\":\"ListItem\",\"position\":1,\"name\":\"Portada\",\"item\":\"https:\/\/pagina10.com\/web\/\"},{\"@type\":\"ListItem\",\"position\":2,\"name\":\"Ind\u00edgenas Inga de Nari\u00f1o ganadores del premio ecuatorial del PNUD 2015\"}]},{\"@type\":\"WebSite\",\"@id\":\"https:\/\/pagina10.com\/web\/#website\",\"url\":\"https:\/\/pagina10.com\/web\/\",\"name\":\"P\u00e1gina10\",\"description\":\"Peri\u00f3dico Regional\",\"publisher\":{\"@id\":\"https:\/\/pagina10.com\/web\/#organization\"},\"alternateName\":\"P\u00e1gina10 Peri\u00f3dico Regional\",\"potentialAction\":[{\"@type\":\"SearchAction\",\"target\":{\"@type\":\"EntryPoint\",\"urlTemplate\":\"https:\/\/pagina10.com\/web\/?s={search_term_string}\"},\"query-input\":{\"@type\":\"PropertyValueSpecification\",\"valueRequired\":true,\"valueName\":\"search_term_string\"}}],\"inLanguage\":\"es\"},{\"@type\":\"Organization\",\"@id\":\"https:\/\/pagina10.com\/web\/#organization\",\"name\":\"P\u00e1gina10\",\"alternateName\":\"P\u00e1gina10 Peri\u00f3dico Regional\",\"url\":\"https:\/\/pagina10.com\/web\/\",\"logo\":{\"@type\":\"ImageObject\",\"inLanguage\":\"es\",\"@id\":\"https:\/\/pagina10.com\/web\/#\/schema\/logo\/image\/\",\"url\":\"https:\/\/pagina10.com\/web\/wp-content\/uploads\/2024\/01\/40-pagina-10-periodico-regional-pasto.jpg\",\"contentUrl\":\"https:\/\/pagina10.com\/web\/wp-content\/uploads\/2024\/01\/40-pagina-10-periodico-regional-pasto.jpg\",\"width\":1280,\"height\":720,\"caption\":\"P\u00e1gina10\"},\"image\":{\"@id\":\"https:\/\/pagina10.com\/web\/#\/schema\/logo\/image\/\"},\"sameAs\":[\"https:\/\/www.facebook.com\/pag10com\",\"https:\/\/x.com\/Pag10com\",\"https:\/\/www.instagram.com\/pagina10col\/\",\"https:\/\/youtube.com\/channel\/pag10\",\"https:\/\/www.tiktok.com\/@p10col\"]},{\"@type\":\"Person\",\"@id\":\"https:\/\/pagina10.com\/web\/#\/schema\/person\/a7a5d38f0629dfc107f619fbae4f6cc3\",\"name\":\"P\u00e1gina 10\",\"description\":\"P\u00e1gina10.com es un peri\u00f3dico digital que nace en Colombia, en el departamento de Nari\u00f1o, con un enfoque global, fundamentado en cuatro pilares esenciales: la libertad, el pluralismo, la inclusi\u00f3n y la independencia. P\u00e1gina10.com hace referencia a Nari\u00f1o como el d\u00e9cimo departamento creado en Colombia, despu\u00e9s de un proceso pol\u00edtico liderado por actores y actrices regionales con el fin de obtener la independencia y autonom\u00eda de nuestros territorios. Con la creaci\u00f3n de P\u00e1gina10.com se pretende abrir un escenario para el dialogo, la reflexi\u00f3n y el debate que se extienda a otras geograf\u00edas de Am\u00e9rica Latina y del planeta, en una apuesta por transformar colectivamente los desaf\u00edos de un mundo contempor\u00e1neo, m\u00e1s all\u00e1 de las fronteras impuestas.\",\"url\":\"https:\/\/pagina10.com\/web\/author\/mcepeda\/\"}]}<\/script>\n<!-- \/ Yoast SEO plugin. -->","yoast_head_json":{"title":"Ind\u00edgenas Inga de Nari\u00f1o ganadores del premio ecuatorial del PNUD 2015 | P\u00e1gina10","robots":{"index":"index","follow":"follow","max-snippet":"max-snippet:-1","max-image-preview":"max-image-preview:large","max-video-preview":"max-video-preview:-1"},"canonical":"https:\/\/pagina10.com\/web\/indigenas-inga-de-narino-ganadores-del-premio-ecuatorial-del-pnud-2015\/","og_locale":"es_ES","og_type":"article","og_title":"Ind\u00edgenas Inga de Nari\u00f1o ganadores del premio ecuatorial del PNUD 2015 | P\u00e1gina10","og_description":"L\u00edderes de las Naciones Unidas, junto con el galardonado actor y activista Alec Baldwin, anunciar\u00e1n las 21 iniciativas ganadoras del Premio Ecuatorial del presente a\u00f1o, un premio internacional que recompensa los esfuerzos comunitarios m\u00e1s destacados en la lucha para reducir la pobreza, proteger la naturaleza y fortalecer la resiliencia ante el cambio clim\u00e1tico. Entre los [&hellip;]","og_url":"https:\/\/pagina10.com\/web\/indigenas-inga-de-narino-ganadores-del-premio-ecuatorial-del-pnud-2015\/","og_site_name":"P\u00e1gina10","article_publisher":"https:\/\/www.facebook.com\/pag10com","article_published_time":"2015-09-25T03:11:01+00:00","og_image":[{"width":520,"height":390,"url":"https:\/\/pagina10.com\/web\/wp-content\/uploads\/2015\/09\/f3e9fa59c257cb507e891e431f8b39a2.jpg","type":"image\/jpeg"}],"author":"P\u00e1gina 10","twitter_card":"summary_large_image","twitter_creator":"@Pag10com","twitter_site":"@Pag10com","twitter_misc":{"Escrito por":"P\u00e1gina 10","Tiempo de lectura":"4 minutos"},"schema":{"@context":"https:\/\/schema.org","@graph":[{"@type":"Article","@id":"https:\/\/pagina10.com\/web\/indigenas-inga-de-narino-ganadores-del-premio-ecuatorial-del-pnud-2015\/#article","isPartOf":{"@id":"https:\/\/pagina10.com\/web\/indigenas-inga-de-narino-ganadores-del-premio-ecuatorial-del-pnud-2015\/"},"author":{"name":"P\u00e1gina 10","@id":"https:\/\/pagina10.com\/web\/#\/schema\/person\/a7a5d38f0629dfc107f619fbae4f6cc3"},"headline":"Ind\u00edgenas Inga de Nari\u00f1o ganadores del premio ecuatorial del PNUD 2015","datePublished":"2015-09-25T03:11:01+00:00","mainEntityOfPage":{"@id":"https:\/\/pagina10.com\/web\/indigenas-inga-de-narino-ganadores-del-premio-ecuatorial-del-pnud-2015\/"},"wordCount":821,"commentCount":0,"publisher":{"@id":"https:\/\/pagina10.com\/web\/#organization"},"image":{"@id":"https:\/\/pagina10.com\/web\/indigenas-inga-de-narino-ganadores-del-premio-ecuatorial-del-pnud-2015\/#primaryimage"},"thumbnailUrl":"https:\/\/pagina10.com\/web\/wp-content\/uploads\/2015\/09\/f3e9fa59c257cb507e891e431f8b39a2.jpg","inLanguage":"es","potentialAction":[{"@type":"CommentAction","name":"Comment","target":["https:\/\/pagina10.com\/web\/indigenas-inga-de-narino-ganadores-del-premio-ecuatorial-del-pnud-2015\/#respond"]}]},{"@type":"WebPage","@id":"https:\/\/pagina10.com\/web\/indigenas-inga-de-narino-ganadores-del-premio-ecuatorial-del-pnud-2015\/","url":"https:\/\/pagina10.com\/web\/indigenas-inga-de-narino-ganadores-del-premio-ecuatorial-del-pnud-2015\/","name":"Ind\u00edgenas Inga de Nari\u00f1o ganadores del premio ecuatorial del PNUD 2015 | P\u00e1gina10","isPartOf":{"@id":"https:\/\/pagina10.com\/web\/#website"},"primaryImageOfPage":{"@id":"https:\/\/pagina10.com\/web\/indigenas-inga-de-narino-ganadores-del-premio-ecuatorial-del-pnud-2015\/#primaryimage"},"image":{"@id":"https:\/\/pagina10.com\/web\/indigenas-inga-de-narino-ganadores-del-premio-ecuatorial-del-pnud-2015\/#primaryimage"},"thumbnailUrl":"https:\/\/pagina10.com\/web\/wp-content\/uploads\/2015\/09\/f3e9fa59c257cb507e891e431f8b39a2.jpg","datePublished":"2015-09-25T03:11:01+00:00","breadcrumb":{"@id":"https:\/\/pagina10.com\/web\/indigenas-inga-de-narino-ganadores-del-premio-ecuatorial-del-pnud-2015\/#breadcrumb"},"inLanguage":"es","potentialAction":[{"@type":"ReadAction","target":["https:\/\/pagina10.com\/web\/indigenas-inga-de-narino-ganadores-del-premio-ecuatorial-del-pnud-2015\/"]}]},{"@type":"ImageObject","inLanguage":"es","@id":"https:\/\/pagina10.com\/web\/indigenas-inga-de-narino-ganadores-del-premio-ecuatorial-del-pnud-2015\/#primaryimage","url":"https:\/\/pagina10.com\/web\/wp-content\/uploads\/2015\/09\/f3e9fa59c257cb507e891e431f8b39a2.jpg","contentUrl":"https:\/\/pagina10.com\/web\/wp-content\/uploads\/2015\/09\/f3e9fa59c257cb507e891e431f8b39a2.jpg","width":520,"height":390},{"@type":"BreadcrumbList","@id":"https:\/\/pagina10.com\/web\/indigenas-inga-de-narino-ganadores-del-premio-ecuatorial-del-pnud-2015\/#breadcrumb","itemListElement":[{"@type":"ListItem","position":1,"name":"Portada","item":"https:\/\/pagina10.com\/web\/"},{"@type":"ListItem","position":2,"name":"Ind\u00edgenas Inga de Nari\u00f1o ganadores del premio ecuatorial del PNUD 2015"}]},{"@type":"WebSite","@id":"https:\/\/pagina10.com\/web\/#website","url":"https:\/\/pagina10.com\/web\/","name":"P\u00e1gina10","description":"Peri\u00f3dico Regional","publisher":{"@id":"https:\/\/pagina10.com\/web\/#organization"},"alternateName":"P\u00e1gina10 Peri\u00f3dico Regional","potentialAction":[{"@type":"SearchAction","target":{"@type":"EntryPoint","urlTemplate":"https:\/\/pagina10.com\/web\/?s={search_term_string}"},"query-input":{"@type":"PropertyValueSpecification","valueRequired":true,"valueName":"search_term_string"}}],"inLanguage":"es"},{"@type":"Organization","@id":"https:\/\/pagina10.com\/web\/#organization","name":"P\u00e1gina10","alternateName":"P\u00e1gina10 Peri\u00f3dico Regional","url":"https:\/\/pagina10.com\/web\/","logo":{"@type":"ImageObject","inLanguage":"es","@id":"https:\/\/pagina10.com\/web\/#\/schema\/logo\/image\/","url":"https:\/\/pagina10.com\/web\/wp-content\/uploads\/2024\/01\/40-pagina-10-periodico-regional-pasto.jpg","contentUrl":"https:\/\/pagina10.com\/web\/wp-content\/uploads\/2024\/01\/40-pagina-10-periodico-regional-pasto.jpg","width":1280,"height":720,"caption":"P\u00e1gina10"},"image":{"@id":"https:\/\/pagina10.com\/web\/#\/schema\/logo\/image\/"},"sameAs":["https:\/\/www.facebook.com\/pag10com","https:\/\/x.com\/Pag10com","https:\/\/www.instagram.com\/pagina10col\/","https:\/\/youtube.com\/channel\/pag10","https:\/\/www.tiktok.com\/@p10col"]},{"@type":"Person","@id":"https:\/\/pagina10.com\/web\/#\/schema\/person\/a7a5d38f0629dfc107f619fbae4f6cc3","name":"P\u00e1gina 10","description":"P\u00e1gina10.com es un peri\u00f3dico digital que nace en Colombia, en el departamento de Nari\u00f1o, con un enfoque global, fundamentado en cuatro pilares esenciales: la libertad, el pluralismo, la inclusi\u00f3n y la independencia. P\u00e1gina10.com hace referencia a Nari\u00f1o como el d\u00e9cimo departamento creado en Colombia, despu\u00e9s de un proceso pol\u00edtico liderado por actores y actrices regionales con el fin de obtener la independencia y autonom\u00eda de nuestros territorios. Con la creaci\u00f3n de P\u00e1gina10.com se pretende abrir un escenario para el dialogo, la reflexi\u00f3n y el debate que se extienda a otras geograf\u00edas de Am\u00e9rica Latina y del planeta, en una apuesta por transformar colectivamente los desaf\u00edos de un mundo contempor\u00e1neo, m\u00e1s all\u00e1 de las fronteras impuestas.","url":"https:\/\/pagina10.com\/web\/author\/mcepeda\/"}]}},"_links":{"self":[{"href":"https:\/\/pagina10.com\/web\/wp-json\/wp\/v2\/posts\/17846","targetHints":{"allow":["GET"]}}],"collection":[{"href":"https:\/\/pagina10.com\/web\/wp-json\/wp\/v2\/posts"}],"about":[{"href":"https:\/\/pagina10.com\/web\/wp-json\/wp\/v2\/types\/post"}],"author":[{"embeddable":true,"href":"https:\/\/pagina10.com\/web\/wp-json\/wp\/v2\/users\/29"}],"replies":[{"embeddable":true,"href":"https:\/\/pagina10.com\/web\/wp-json\/wp\/v2\/comments?post=17846"}],"version-history":[{"count":0,"href":"https:\/\/pagina10.com\/web\/wp-json\/wp\/v2\/posts\/17846\/revisions"}],"wp:featuredmedia":[{"embeddable":true,"href":"https:\/\/pagina10.com\/web\/wp-json\/wp\/v2\/media\/17845"}],"wp:attachment":[{"href":"https:\/\/pagina10.com\/web\/wp-json\/wp\/v2\/media?parent=17846"}],"wp:term":[{"taxonomy":"category","embeddable":true,"href":"https:\/\/pagina10.com\/web\/wp-json\/wp\/v2\/categories?post=17846"},{"taxonomy":"post_tag","embeddable":true,"href":"https:\/\/pagina10.com\/web\/wp-json\/wp\/v2\/tags?post=17846"}],"curies":[{"name":"wp","href":"https:\/\/api.w.org\/{rel}","templated":true}]}}