{"id":17848,"date":"2015-09-25T14:20:33","date_gmt":"2015-09-25T14:20:33","guid":{"rendered":"https:\/\/pagina10.com\/web\/suspension-servicio-de-energia-sabado-26-de-septiembre\/"},"modified":"2015-09-25T14:20:33","modified_gmt":"2015-09-25T14:20:33","slug":"suspension-servicio-de-energia-sabado-26-de-septiembre","status":"publish","type":"post","link":"https:\/\/pagina10.com\/web\/suspension-servicio-de-energia-sabado-26-de-septiembre\/","title":{"rendered":"Suspensi\u00f3n servicio de energ\u00eda s\u00e1bado 26 de septiembre"},"content":{"rendered":"<p><img fetchpriority=\"high\" decoding=\"async\" class=\" size-full wp-image-17847\" src=\"https:\/\/pagina10.com\/web\/wp-content\/uploads\/2015\/09\/2503b8c970880863f8f917e11ac138bb.jpg\" alt=\"\" width=\"960\" height=\"540\" srcset=\"https:\/\/pagina10.com\/web\/wp-content\/uploads\/2015\/09\/2503b8c970880863f8f917e11ac138bb.jpg 960w, https:\/\/pagina10.com\/web\/wp-content\/uploads\/2015\/09\/2503b8c970880863f8f917e11ac138bb-300x169.jpg 300w, https:\/\/pagina10.com\/web\/wp-content\/uploads\/2015\/09\/2503b8c970880863f8f917e11ac138bb-768x432.jpg 768w\" sizes=\"(max-width: 960px) 100vw, 960px\" \/><\/p>\n<p style=\"text-align: justify;\">Cedenar ha programado&nbsp;la salida de operaci\u00f3n de las l\u00edneas de distribuci\u00f3n 13,2 kV, circuitos 7, 15 Y 20 de&nbsp;la subestaci\u00f3n Catambuco, con el fin de llevar cabo trabajos de mantenimiento&nbsp;preventivo, sobre sus equipos de maniobra, control y protecci\u00f3n. Por lo anterior el servicio de energ\u00eda, para el d\u00eda&nbsp;s\u00e1bado 26 de Septiembre en el horario de 7:00 AM a 3:00 PM&nbsp;ser\u00e1 interrumpido en la ciudad en los siguientes sectores de la ciudad de Pasto:&nbsp;<\/p>\n<p style=\"text-align: justify;\"><strong>Circuito 41CA07 comprende los siguientes sectores: <\/strong><\/p>\n<p style=\"text-align: justify;\">Jongovito, Catambuco,&nbsp;Botana, Botanilla, Gualmatan, Ladrillera del sur, Campanero, Granja Universidad de&nbsp;Nari\u00f1o, Matadero Municipal.&nbsp;<\/p>\n<p style=\"text-align: justify;\"><strong>Circuito 41CA15 comprende los siguientes sectores: <\/strong><\/p>\n<p style=\"text-align: justify;\">Salida al sur, ParqueChapalito, Caracolito, Chapal, San Mart\u00edn, Santa Clara, El Pilar, Carrera 4 entre 12&nbsp;a 13, El Remanso, La Rosa, La Minga, I y 11, Lorenzo, Colegio Ciudad de Pasto, Villa&nbsp;Ol\u00edmpica, Cantarana, Doce de Octubre, Puertas del Sol, Terminal de Transporte,&nbsp;Villa Docente, Villas del Sol, Refugios del Sol, Miraflores, El Rosario, Villa Victoria,&nbsp;Porvenir y Jamondino.&nbsp;<\/p>\n<p style=\"text-align: justify;\"><strong>Circuito 41CA20 comprende los siguientes sectores: <\/strong><\/p>\n<p style=\"text-align: justify;\">La Palma, CAM Anganoy,&nbsp;Empopasto Mijitayo, Obonuco, Altamira, Jerusal\u00e9n, San Juan de Anganoy, los&nbsp;Lirios, San Cayetano, volc\u00e1n Galeras.<\/p>\n","protected":false},"excerpt":{"rendered":"<p>Cedenar ha programado&nbsp;la salida de operaci\u00f3n de las l\u00edneas de distribuci\u00f3n 13,2 kV, circuitos 7, 15 Y 20 de&nbsp;la subestaci\u00f3n Catambuco, con el fin de llevar cabo trabajos de mantenimiento&nbsp;preventivo, sobre sus equipos de maniobra, control y protecci\u00f3n. Por lo anterior el servicio de energ\u00eda, para el d\u00eda&nbsp;s\u00e1bado 26 de Septiembre en el horario de [&hellip;]<\/p>\n","protected":false},"author":29,"featured_media":17847,"comment_status":"open","ping_status":"open","sticky":false,"template":"","format":"standard","meta":{"footnotes":""},"categories":[1],"tags":[],"class_list":["post-17848","post","type-post","status-publish","format-standard","has-post-thumbnail","hentry","category-sin-categoria"],"yoast_head":"<!-- This site is optimized with the Yoast SEO plugin v27.1.1 - https:\/\/yoast.com\/product\/yoast-seo-wordpress\/ -->\n<title>Suspensi\u00f3n servicio de energ\u00eda s\u00e1bado 26 de septiembre | P\u00e1gina10<\/title>\n<meta name=\"robots\" content=\"index, follow, max-snippet:-1, max-image-preview:large, max-video-preview:-1\" \/>\n<link rel=\"canonical\" href=\"https:\/\/pagina10.com\/web\/suspension-servicio-de-energia-sabado-26-de-septiembre\/\" \/>\n<meta property=\"og:locale\" content=\"es_ES\" \/>\n<meta property=\"og:type\" content=\"article\" \/>\n<meta property=\"og:title\" content=\"Suspensi\u00f3n servicio de energ\u00eda s\u00e1bado 26 de septiembre | P\u00e1gina10\" \/>\n<meta property=\"og:description\" content=\"Cedenar ha programado&nbsp;la salida de operaci\u00f3n de las l\u00edneas de distribuci\u00f3n 13,2 kV, circuitos 7, 15 Y 20 de&nbsp;la subestaci\u00f3n Catambuco, con el fin de llevar cabo trabajos de mantenimiento&nbsp;preventivo, sobre sus equipos de maniobra, control y protecci\u00f3n. Por lo anterior el servicio de energ\u00eda, para el d\u00eda&nbsp;s\u00e1bado 26 de Septiembre en el horario de [&hellip;]\" \/>\n<meta property=\"og:url\" content=\"https:\/\/pagina10.com\/web\/suspension-servicio-de-energia-sabado-26-de-septiembre\/\" \/>\n<meta property=\"og:site_name\" content=\"P\u00e1gina10\" \/>\n<meta property=\"article:publisher\" content=\"https:\/\/www.facebook.com\/pag10com\" \/>\n<meta property=\"article:published_time\" content=\"2015-09-25T14:20:33+00:00\" \/>\n<meta property=\"og:image\" content=\"https:\/\/pagina10.com\/web\/wp-content\/uploads\/2015\/09\/2503b8c970880863f8f917e11ac138bb.jpg\" \/>\n\t<meta property=\"og:image:width\" content=\"960\" \/>\n\t<meta property=\"og:image:height\" content=\"540\" \/>\n\t<meta property=\"og:image:type\" content=\"image\/jpeg\" \/>\n<meta name=\"author\" content=\"P\u00e1gina 10\" \/>\n<meta name=\"twitter:card\" content=\"summary_large_image\" \/>\n<meta name=\"twitter:creator\" content=\"@Pag10com\" \/>\n<meta name=\"twitter:site\" content=\"@Pag10com\" \/>\n<meta name=\"twitter:label1\" content=\"Escrito por\" \/>\n\t<meta name=\"twitter:data1\" content=\"P\u00e1gina 10\" \/>\n\t<meta name=\"twitter:label2\" content=\"Tiempo de lectura\" \/>\n\t<meta name=\"twitter:data2\" content=\"1 minuto\" \/>\n<script type=\"application\/ld+json\" class=\"yoast-schema-graph\">{\"@context\":\"https:\/\/schema.org\",\"@graph\":[{\"@type\":\"Article\",\"@id\":\"https:\/\/pagina10.com\/web\/suspension-servicio-de-energia-sabado-26-de-septiembre\/#article\",\"isPartOf\":{\"@id\":\"https:\/\/pagina10.com\/web\/suspension-servicio-de-energia-sabado-26-de-septiembre\/\"},\"author\":{\"name\":\"P\u00e1gina 10\",\"@id\":\"https:\/\/pagina10.com\/web\/#\/schema\/person\/a7a5d38f0629dfc107f619fbae4f6cc3\"},\"headline\":\"Suspensi\u00f3n servicio de energ\u00eda s\u00e1bado 26 de septiembre\",\"datePublished\":\"2015-09-25T14:20:33+00:00\",\"mainEntityOfPage\":{\"@id\":\"https:\/\/pagina10.com\/web\/suspension-servicio-de-energia-sabado-26-de-septiembre\/\"},\"wordCount\":218,\"commentCount\":0,\"publisher\":{\"@id\":\"https:\/\/pagina10.com\/web\/#organization\"},\"image\":{\"@id\":\"https:\/\/pagina10.com\/web\/suspension-servicio-de-energia-sabado-26-de-septiembre\/#primaryimage\"},\"thumbnailUrl\":\"https:\/\/pagina10.com\/web\/wp-content\/uploads\/2015\/09\/2503b8c970880863f8f917e11ac138bb.jpg\",\"inLanguage\":\"es\",\"potentialAction\":[{\"@type\":\"CommentAction\",\"name\":\"Comment\",\"target\":[\"https:\/\/pagina10.com\/web\/suspension-servicio-de-energia-sabado-26-de-septiembre\/#respond\"]}]},{\"@type\":\"WebPage\",\"@id\":\"https:\/\/pagina10.com\/web\/suspension-servicio-de-energia-sabado-26-de-septiembre\/\",\"url\":\"https:\/\/pagina10.com\/web\/suspension-servicio-de-energia-sabado-26-de-septiembre\/\",\"name\":\"Suspensi\u00f3n servicio de energ\u00eda s\u00e1bado 26 de septiembre | P\u00e1gina10\",\"isPartOf\":{\"@id\":\"https:\/\/pagina10.com\/web\/#website\"},\"primaryImageOfPage\":{\"@id\":\"https:\/\/pagina10.com\/web\/suspension-servicio-de-energia-sabado-26-de-septiembre\/#primaryimage\"},\"image\":{\"@id\":\"https:\/\/pagina10.com\/web\/suspension-servicio-de-energia-sabado-26-de-septiembre\/#primaryimage\"},\"thumbnailUrl\":\"https:\/\/pagina10.com\/web\/wp-content\/uploads\/2015\/09\/2503b8c970880863f8f917e11ac138bb.jpg\",\"datePublished\":\"2015-09-25T14:20:33+00:00\",\"breadcrumb\":{\"@id\":\"https:\/\/pagina10.com\/web\/suspension-servicio-de-energia-sabado-26-de-septiembre\/#breadcrumb\"},\"inLanguage\":\"es\",\"potentialAction\":[{\"@type\":\"ReadAction\",\"target\":[\"https:\/\/pagina10.com\/web\/suspension-servicio-de-energia-sabado-26-de-septiembre\/\"]}]},{\"@type\":\"ImageObject\",\"inLanguage\":\"es\",\"@id\":\"https:\/\/pagina10.com\/web\/suspension-servicio-de-energia-sabado-26-de-septiembre\/#primaryimage\",\"url\":\"https:\/\/pagina10.com\/web\/wp-content\/uploads\/2015\/09\/2503b8c970880863f8f917e11ac138bb.jpg\",\"contentUrl\":\"https:\/\/pagina10.com\/web\/wp-content\/uploads\/2015\/09\/2503b8c970880863f8f917e11ac138bb.jpg\",\"width\":960,\"height\":540},{\"@type\":\"BreadcrumbList\",\"@id\":\"https:\/\/pagina10.com\/web\/suspension-servicio-de-energia-sabado-26-de-septiembre\/#breadcrumb\",\"itemListElement\":[{\"@type\":\"ListItem\",\"position\":1,\"name\":\"Portada\",\"item\":\"https:\/\/pagina10.com\/web\/\"},{\"@type\":\"ListItem\",\"position\":2,\"name\":\"Suspensi\u00f3n servicio de energ\u00eda s\u00e1bado 26 de septiembre\"}]},{\"@type\":\"WebSite\",\"@id\":\"https:\/\/pagina10.com\/web\/#website\",\"url\":\"https:\/\/pagina10.com\/web\/\",\"name\":\"P\u00e1gina10\",\"description\":\"Peri\u00f3dico Regional\",\"publisher\":{\"@id\":\"https:\/\/pagina10.com\/web\/#organization\"},\"alternateName\":\"P\u00e1gina10 Peri\u00f3dico Regional\",\"potentialAction\":[{\"@type\":\"SearchAction\",\"target\":{\"@type\":\"EntryPoint\",\"urlTemplate\":\"https:\/\/pagina10.com\/web\/?s={search_term_string}\"},\"query-input\":{\"@type\":\"PropertyValueSpecification\",\"valueRequired\":true,\"valueName\":\"search_term_string\"}}],\"inLanguage\":\"es\"},{\"@type\":\"Organization\",\"@id\":\"https:\/\/pagina10.com\/web\/#organization\",\"name\":\"P\u00e1gina10\",\"alternateName\":\"P\u00e1gina10 Peri\u00f3dico Regional\",\"url\":\"https:\/\/pagina10.com\/web\/\",\"logo\":{\"@type\":\"ImageObject\",\"inLanguage\":\"es\",\"@id\":\"https:\/\/pagina10.com\/web\/#\/schema\/logo\/image\/\",\"url\":\"https:\/\/pagina10.com\/web\/wp-content\/uploads\/2024\/01\/40-pagina-10-periodico-regional-pasto.jpg\",\"contentUrl\":\"https:\/\/pagina10.com\/web\/wp-content\/uploads\/2024\/01\/40-pagina-10-periodico-regional-pasto.jpg\",\"width\":1280,\"height\":720,\"caption\":\"P\u00e1gina10\"},\"image\":{\"@id\":\"https:\/\/pagina10.com\/web\/#\/schema\/logo\/image\/\"},\"sameAs\":[\"https:\/\/www.facebook.com\/pag10com\",\"https:\/\/x.com\/Pag10com\",\"https:\/\/www.instagram.com\/pagina10col\/\",\"https:\/\/youtube.com\/channel\/pag10\",\"https:\/\/www.tiktok.com\/@p10col\"]},{\"@type\":\"Person\",\"@id\":\"https:\/\/pagina10.com\/web\/#\/schema\/person\/a7a5d38f0629dfc107f619fbae4f6cc3\",\"name\":\"P\u00e1gina 10\",\"description\":\"P\u00e1gina10.com es un peri\u00f3dico digital que nace en Colombia, en el departamento de Nari\u00f1o, con un enfoque global, fundamentado en cuatro pilares esenciales: la libertad, el pluralismo, la inclusi\u00f3n y la independencia. P\u00e1gina10.com hace referencia a Nari\u00f1o como el d\u00e9cimo departamento creado en Colombia, despu\u00e9s de un proceso pol\u00edtico liderado por actores y actrices regionales con el fin de obtener la independencia y autonom\u00eda de nuestros territorios. Con la creaci\u00f3n de P\u00e1gina10.com se pretende abrir un escenario para el dialogo, la reflexi\u00f3n y el debate que se extienda a otras geograf\u00edas de Am\u00e9rica Latina y del planeta, en una apuesta por transformar colectivamente los desaf\u00edos de un mundo contempor\u00e1neo, m\u00e1s all\u00e1 de las fronteras impuestas.\",\"url\":\"https:\/\/pagina10.com\/web\/author\/mcepeda\/\"}]}<\/script>\n<!-- \/ Yoast SEO plugin. -->","yoast_head_json":{"title":"Suspensi\u00f3n servicio de energ\u00eda s\u00e1bado 26 de septiembre | P\u00e1gina10","robots":{"index":"index","follow":"follow","max-snippet":"max-snippet:-1","max-image-preview":"max-image-preview:large","max-video-preview":"max-video-preview:-1"},"canonical":"https:\/\/pagina10.com\/web\/suspension-servicio-de-energia-sabado-26-de-septiembre\/","og_locale":"es_ES","og_type":"article","og_title":"Suspensi\u00f3n servicio de energ\u00eda s\u00e1bado 26 de septiembre | P\u00e1gina10","og_description":"Cedenar ha programado&nbsp;la salida de operaci\u00f3n de las l\u00edneas de distribuci\u00f3n 13,2 kV, circuitos 7, 15 Y 20 de&nbsp;la subestaci\u00f3n Catambuco, con el fin de llevar cabo trabajos de mantenimiento&nbsp;preventivo, sobre sus equipos de maniobra, control y protecci\u00f3n. Por lo anterior el servicio de energ\u00eda, para el d\u00eda&nbsp;s\u00e1bado 26 de Septiembre en el horario de [&hellip;]","og_url":"https:\/\/pagina10.com\/web\/suspension-servicio-de-energia-sabado-26-de-septiembre\/","og_site_name":"P\u00e1gina10","article_publisher":"https:\/\/www.facebook.com\/pag10com","article_published_time":"2015-09-25T14:20:33+00:00","og_image":[{"width":960,"height":540,"url":"https:\/\/pagina10.com\/web\/wp-content\/uploads\/2015\/09\/2503b8c970880863f8f917e11ac138bb.jpg","type":"image\/jpeg"}],"author":"P\u00e1gina 10","twitter_card":"summary_large_image","twitter_creator":"@Pag10com","twitter_site":"@Pag10com","twitter_misc":{"Escrito por":"P\u00e1gina 10","Tiempo de lectura":"1 minuto"},"schema":{"@context":"https:\/\/schema.org","@graph":[{"@type":"Article","@id":"https:\/\/pagina10.com\/web\/suspension-servicio-de-energia-sabado-26-de-septiembre\/#article","isPartOf":{"@id":"https:\/\/pagina10.com\/web\/suspension-servicio-de-energia-sabado-26-de-septiembre\/"},"author":{"name":"P\u00e1gina 10","@id":"https:\/\/pagina10.com\/web\/#\/schema\/person\/a7a5d38f0629dfc107f619fbae4f6cc3"},"headline":"Suspensi\u00f3n servicio de energ\u00eda s\u00e1bado 26 de septiembre","datePublished":"2015-09-25T14:20:33+00:00","mainEntityOfPage":{"@id":"https:\/\/pagina10.com\/web\/suspension-servicio-de-energia-sabado-26-de-septiembre\/"},"wordCount":218,"commentCount":0,"publisher":{"@id":"https:\/\/pagina10.com\/web\/#organization"},"image":{"@id":"https:\/\/pagina10.com\/web\/suspension-servicio-de-energia-sabado-26-de-septiembre\/#primaryimage"},"thumbnailUrl":"https:\/\/pagina10.com\/web\/wp-content\/uploads\/2015\/09\/2503b8c970880863f8f917e11ac138bb.jpg","inLanguage":"es","potentialAction":[{"@type":"CommentAction","name":"Comment","target":["https:\/\/pagina10.com\/web\/suspension-servicio-de-energia-sabado-26-de-septiembre\/#respond"]}]},{"@type":"WebPage","@id":"https:\/\/pagina10.com\/web\/suspension-servicio-de-energia-sabado-26-de-septiembre\/","url":"https:\/\/pagina10.com\/web\/suspension-servicio-de-energia-sabado-26-de-septiembre\/","name":"Suspensi\u00f3n servicio de energ\u00eda s\u00e1bado 26 de septiembre | P\u00e1gina10","isPartOf":{"@id":"https:\/\/pagina10.com\/web\/#website"},"primaryImageOfPage":{"@id":"https:\/\/pagina10.com\/web\/suspension-servicio-de-energia-sabado-26-de-septiembre\/#primaryimage"},"image":{"@id":"https:\/\/pagina10.com\/web\/suspension-servicio-de-energia-sabado-26-de-septiembre\/#primaryimage"},"thumbnailUrl":"https:\/\/pagina10.com\/web\/wp-content\/uploads\/2015\/09\/2503b8c970880863f8f917e11ac138bb.jpg","datePublished":"2015-09-25T14:20:33+00:00","breadcrumb":{"@id":"https:\/\/pagina10.com\/web\/suspension-servicio-de-energia-sabado-26-de-septiembre\/#breadcrumb"},"inLanguage":"es","potentialAction":[{"@type":"ReadAction","target":["https:\/\/pagina10.com\/web\/suspension-servicio-de-energia-sabado-26-de-septiembre\/"]}]},{"@type":"ImageObject","inLanguage":"es","@id":"https:\/\/pagina10.com\/web\/suspension-servicio-de-energia-sabado-26-de-septiembre\/#primaryimage","url":"https:\/\/pagina10.com\/web\/wp-content\/uploads\/2015\/09\/2503b8c970880863f8f917e11ac138bb.jpg","contentUrl":"https:\/\/pagina10.com\/web\/wp-content\/uploads\/2015\/09\/2503b8c970880863f8f917e11ac138bb.jpg","width":960,"height":540},{"@type":"BreadcrumbList","@id":"https:\/\/pagina10.com\/web\/suspension-servicio-de-energia-sabado-26-de-septiembre\/#breadcrumb","itemListElement":[{"@type":"ListItem","position":1,"name":"Portada","item":"https:\/\/pagina10.com\/web\/"},{"@type":"ListItem","position":2,"name":"Suspensi\u00f3n servicio de energ\u00eda s\u00e1bado 26 de septiembre"}]},{"@type":"WebSite","@id":"https:\/\/pagina10.com\/web\/#website","url":"https:\/\/pagina10.com\/web\/","name":"P\u00e1gina10","description":"Peri\u00f3dico Regional","publisher":{"@id":"https:\/\/pagina10.com\/web\/#organization"},"alternateName":"P\u00e1gina10 Peri\u00f3dico Regional","potentialAction":[{"@type":"SearchAction","target":{"@type":"EntryPoint","urlTemplate":"https:\/\/pagina10.com\/web\/?s={search_term_string}"},"query-input":{"@type":"PropertyValueSpecification","valueRequired":true,"valueName":"search_term_string"}}],"inLanguage":"es"},{"@type":"Organization","@id":"https:\/\/pagina10.com\/web\/#organization","name":"P\u00e1gina10","alternateName":"P\u00e1gina10 Peri\u00f3dico Regional","url":"https:\/\/pagina10.com\/web\/","logo":{"@type":"ImageObject","inLanguage":"es","@id":"https:\/\/pagina10.com\/web\/#\/schema\/logo\/image\/","url":"https:\/\/pagina10.com\/web\/wp-content\/uploads\/2024\/01\/40-pagina-10-periodico-regional-pasto.jpg","contentUrl":"https:\/\/pagina10.com\/web\/wp-content\/uploads\/2024\/01\/40-pagina-10-periodico-regional-pasto.jpg","width":1280,"height":720,"caption":"P\u00e1gina10"},"image":{"@id":"https:\/\/pagina10.com\/web\/#\/schema\/logo\/image\/"},"sameAs":["https:\/\/www.facebook.com\/pag10com","https:\/\/x.com\/Pag10com","https:\/\/www.instagram.com\/pagina10col\/","https:\/\/youtube.com\/channel\/pag10","https:\/\/www.tiktok.com\/@p10col"]},{"@type":"Person","@id":"https:\/\/pagina10.com\/web\/#\/schema\/person\/a7a5d38f0629dfc107f619fbae4f6cc3","name":"P\u00e1gina 10","description":"P\u00e1gina10.com es un peri\u00f3dico digital que nace en Colombia, en el departamento de Nari\u00f1o, con un enfoque global, fundamentado en cuatro pilares esenciales: la libertad, el pluralismo, la inclusi\u00f3n y la independencia. P\u00e1gina10.com hace referencia a Nari\u00f1o como el d\u00e9cimo departamento creado en Colombia, despu\u00e9s de un proceso pol\u00edtico liderado por actores y actrices regionales con el fin de obtener la independencia y autonom\u00eda de nuestros territorios. Con la creaci\u00f3n de P\u00e1gina10.com se pretende abrir un escenario para el dialogo, la reflexi\u00f3n y el debate que se extienda a otras geograf\u00edas de Am\u00e9rica Latina y del planeta, en una apuesta por transformar colectivamente los desaf\u00edos de un mundo contempor\u00e1neo, m\u00e1s all\u00e1 de las fronteras impuestas.","url":"https:\/\/pagina10.com\/web\/author\/mcepeda\/"}]}},"_links":{"self":[{"href":"https:\/\/pagina10.com\/web\/wp-json\/wp\/v2\/posts\/17848","targetHints":{"allow":["GET"]}}],"collection":[{"href":"https:\/\/pagina10.com\/web\/wp-json\/wp\/v2\/posts"}],"about":[{"href":"https:\/\/pagina10.com\/web\/wp-json\/wp\/v2\/types\/post"}],"author":[{"embeddable":true,"href":"https:\/\/pagina10.com\/web\/wp-json\/wp\/v2\/users\/29"}],"replies":[{"embeddable":true,"href":"https:\/\/pagina10.com\/web\/wp-json\/wp\/v2\/comments?post=17848"}],"version-history":[{"count":0,"href":"https:\/\/pagina10.com\/web\/wp-json\/wp\/v2\/posts\/17848\/revisions"}],"wp:featuredmedia":[{"embeddable":true,"href":"https:\/\/pagina10.com\/web\/wp-json\/wp\/v2\/media\/17847"}],"wp:attachment":[{"href":"https:\/\/pagina10.com\/web\/wp-json\/wp\/v2\/media?parent=17848"}],"wp:term":[{"taxonomy":"category","embeddable":true,"href":"https:\/\/pagina10.com\/web\/wp-json\/wp\/v2\/categories?post=17848"},{"taxonomy":"post_tag","embeddable":true,"href":"https:\/\/pagina10.com\/web\/wp-json\/wp\/v2\/tags?post=17848"}],"curies":[{"name":"wp","href":"https:\/\/api.w.org\/{rel}","templated":true}]}}