{"id":17850,"date":"2015-09-25T15:05:26","date_gmt":"2015-09-25T15:05:26","guid":{"rendered":"https:\/\/pagina10.com\/web\/alcalde-de-tumaco-citado-a-audiencia-por-posible-vulneracion-de-principios-contractuales\/"},"modified":"2015-09-25T15:05:26","modified_gmt":"2015-09-25T15:05:26","slug":"alcalde-de-tumaco-citado-a-audiencia-por-posible-vulneracion-de-principios-contractuales","status":"publish","type":"post","link":"https:\/\/pagina10.com\/web\/alcalde-de-tumaco-citado-a-audiencia-por-posible-vulneracion-de-principios-contractuales\/","title":{"rendered":"Alcalde de Tumaco citado a audiencia por posible vulneraci\u00f3n de principios contractuales"},"content":{"rendered":"<p><img fetchpriority=\"high\" decoding=\"async\" class=\" size-full wp-image-17849\" src=\"https:\/\/pagina10.com\/web\/wp-content\/uploads\/2015\/09\/9b0e1f29742fb5170925e984a111e8d0.jpg\" alt=\"\" width=\"555\" height=\"487\" srcset=\"https:\/\/pagina10.com\/web\/wp-content\/uploads\/2015\/09\/9b0e1f29742fb5170925e984a111e8d0.jpg 555w, https:\/\/pagina10.com\/web\/wp-content\/uploads\/2015\/09\/9b0e1f29742fb5170925e984a111e8d0-300x263.jpg 300w\" sizes=\"(max-width: 555px) 100vw, 555px\" \/><\/p>\n<div style=\"text-align: justify;\">\n<div align=\"justify\" id=\"div-news-content2\">\n<p>La Procuradur\u00eda General de la Naci\u00f3n cit\u00f3 a audiencia p\u00fablica al se\u00f1or V\u00edctor Arnulfo Gallo Ortiz, en su calidad de alcalde municipal de Tumaco (Nari\u00f1o), por posible vulneraci\u00f3n de principios que rigen la contrataci\u00f3n estatal al celebrar un convenio de asociaci\u00f3n.<\/p>\n<p>El Ministerio P\u00fablico le reproch\u00f3 al disciplinado haber presuntamente celebrado un convenio de asociaci\u00f3n con la Fundaci\u00f3n de Mujeres Dinamizadoras de Paz (Fumdepaz), cuyo objeto era aunar esfuerzos para desarrollar, asociarse y conjuntamente cumplir con los fines y los programas de la Entidad, especialmente en la ejecuci\u00f3n de recursos asignados por el Fondo Nacional de Gesti\u00f3n del Riesgo de Desastres para financiar la construcci\u00f3n de viviendas nuevas en algunas veredas del municipio.<\/p>\n<p>En consecuencia, el se\u00f1or Gallo posiblemente desconoci\u00f3 los principios de transparencia, responsabilidad y el deber de selecci\u00f3n objetiva consagrados en la Ley 80 de 1993 y la Ley 1150 de 2007, y al parecer eludi\u00f3 adelantar el proceso contractual bajo la modalidad de licitaci\u00f3n p\u00fablica, que es por excelencia la regla general para la selecci\u00f3n de contratistas.&nbsp;<\/p>\n<p>La falta cometida por el implicado fue calificada provisionalmente como grav\u00edsima a t\u00edtulo de culpa grav\u00edsima. &nbsp;<\/p>\n<p>La diligencia tendr\u00e1 lugar en las instalaciones de la Procuradur\u00eda Provincial de Tumaco, a las 9:00 a. m., el d\u00eda treinta (30) de septiembre de 2015, en la Avenida de los Estudiantes, sector \u2018La y\u2019, contiguo a la Casa de Justicia.<\/p>\n<\/p><\/div>\n<\/p><\/div>\n","protected":false},"excerpt":{"rendered":"<p>La Procuradur\u00eda General de la Naci\u00f3n cit\u00f3 a audiencia p\u00fablica al se\u00f1or V\u00edctor Arnulfo Gallo Ortiz, en su calidad de alcalde municipal de Tumaco (Nari\u00f1o), por posible vulneraci\u00f3n de principios que rigen la contrataci\u00f3n estatal al celebrar un convenio de asociaci\u00f3n. El Ministerio P\u00fablico le reproch\u00f3 al disciplinado haber presuntamente celebrado un convenio de asociaci\u00f3n [&hellip;]<\/p>\n","protected":false},"author":29,"featured_media":17849,"comment_status":"open","ping_status":"open","sticky":false,"template":"","format":"standard","meta":{"footnotes":""},"categories":[1],"tags":[],"class_list":["post-17850","post","type-post","status-publish","format-standard","has-post-thumbnail","hentry","category-sin-categoria"],"yoast_head":"<!-- This site is optimized with the Yoast SEO plugin v27.1.1 - https:\/\/yoast.com\/product\/yoast-seo-wordpress\/ -->\n<title>Alcalde de Tumaco citado a audiencia por posible vulneraci\u00f3n de principios contractuales | P\u00e1gina10<\/title>\n<meta name=\"robots\" content=\"index, follow, max-snippet:-1, max-image-preview:large, max-video-preview:-1\" \/>\n<link rel=\"canonical\" href=\"https:\/\/pagina10.com\/web\/alcalde-de-tumaco-citado-a-audiencia-por-posible-vulneracion-de-principios-contractuales\/\" \/>\n<meta property=\"og:locale\" content=\"es_ES\" \/>\n<meta property=\"og:type\" content=\"article\" \/>\n<meta property=\"og:title\" content=\"Alcalde de Tumaco citado a audiencia por posible vulneraci\u00f3n de principios contractuales | P\u00e1gina10\" \/>\n<meta property=\"og:description\" content=\"La Procuradur\u00eda General de la Naci\u00f3n cit\u00f3 a audiencia p\u00fablica al se\u00f1or V\u00edctor Arnulfo Gallo Ortiz, en su calidad de alcalde municipal de Tumaco (Nari\u00f1o), por posible vulneraci\u00f3n de principios que rigen la contrataci\u00f3n estatal al celebrar un convenio de asociaci\u00f3n. El Ministerio P\u00fablico le reproch\u00f3 al disciplinado haber presuntamente celebrado un convenio de asociaci\u00f3n [&hellip;]\" \/>\n<meta property=\"og:url\" content=\"https:\/\/pagina10.com\/web\/alcalde-de-tumaco-citado-a-audiencia-por-posible-vulneracion-de-principios-contractuales\/\" \/>\n<meta property=\"og:site_name\" content=\"P\u00e1gina10\" \/>\n<meta property=\"article:publisher\" content=\"https:\/\/www.facebook.com\/pag10com\" \/>\n<meta property=\"article:published_time\" content=\"2015-09-25T15:05:26+00:00\" \/>\n<meta property=\"og:image\" content=\"https:\/\/pagina10.com\/web\/wp-content\/uploads\/2015\/09\/9b0e1f29742fb5170925e984a111e8d0.jpg\" \/>\n\t<meta property=\"og:image:width\" content=\"555\" \/>\n\t<meta property=\"og:image:height\" content=\"487\" \/>\n\t<meta property=\"og:image:type\" content=\"image\/jpeg\" \/>\n<meta name=\"author\" content=\"P\u00e1gina 10\" \/>\n<meta name=\"twitter:card\" content=\"summary_large_image\" \/>\n<meta name=\"twitter:creator\" content=\"@Pag10com\" \/>\n<meta name=\"twitter:site\" content=\"@Pag10com\" \/>\n<meta name=\"twitter:label1\" content=\"Escrito por\" \/>\n\t<meta name=\"twitter:data1\" content=\"P\u00e1gina 10\" \/>\n\t<meta name=\"twitter:label2\" content=\"Tiempo de lectura\" \/>\n\t<meta name=\"twitter:data2\" content=\"1 minuto\" \/>\n<script type=\"application\/ld+json\" class=\"yoast-schema-graph\">{\"@context\":\"https:\/\/schema.org\",\"@graph\":[{\"@type\":\"Article\",\"@id\":\"https:\/\/pagina10.com\/web\/alcalde-de-tumaco-citado-a-audiencia-por-posible-vulneracion-de-principios-contractuales\/#article\",\"isPartOf\":{\"@id\":\"https:\/\/pagina10.com\/web\/alcalde-de-tumaco-citado-a-audiencia-por-posible-vulneracion-de-principios-contractuales\/\"},\"author\":{\"name\":\"P\u00e1gina 10\",\"@id\":\"https:\/\/pagina10.com\/web\/#\/schema\/person\/a7a5d38f0629dfc107f619fbae4f6cc3\"},\"headline\":\"Alcalde de Tumaco citado a audiencia por posible vulneraci\u00f3n de principios contractuales\",\"datePublished\":\"2015-09-25T15:05:26+00:00\",\"mainEntityOfPage\":{\"@id\":\"https:\/\/pagina10.com\/web\/alcalde-de-tumaco-citado-a-audiencia-por-posible-vulneracion-de-principios-contractuales\/\"},\"wordCount\":260,\"commentCount\":0,\"publisher\":{\"@id\":\"https:\/\/pagina10.com\/web\/#organization\"},\"image\":{\"@id\":\"https:\/\/pagina10.com\/web\/alcalde-de-tumaco-citado-a-audiencia-por-posible-vulneracion-de-principios-contractuales\/#primaryimage\"},\"thumbnailUrl\":\"https:\/\/pagina10.com\/web\/wp-content\/uploads\/2015\/09\/9b0e1f29742fb5170925e984a111e8d0.jpg\",\"inLanguage\":\"es\",\"potentialAction\":[{\"@type\":\"CommentAction\",\"name\":\"Comment\",\"target\":[\"https:\/\/pagina10.com\/web\/alcalde-de-tumaco-citado-a-audiencia-por-posible-vulneracion-de-principios-contractuales\/#respond\"]}]},{\"@type\":\"WebPage\",\"@id\":\"https:\/\/pagina10.com\/web\/alcalde-de-tumaco-citado-a-audiencia-por-posible-vulneracion-de-principios-contractuales\/\",\"url\":\"https:\/\/pagina10.com\/web\/alcalde-de-tumaco-citado-a-audiencia-por-posible-vulneracion-de-principios-contractuales\/\",\"name\":\"Alcalde de Tumaco citado a audiencia por posible vulneraci\u00f3n de principios contractuales | P\u00e1gina10\",\"isPartOf\":{\"@id\":\"https:\/\/pagina10.com\/web\/#website\"},\"primaryImageOfPage\":{\"@id\":\"https:\/\/pagina10.com\/web\/alcalde-de-tumaco-citado-a-audiencia-por-posible-vulneracion-de-principios-contractuales\/#primaryimage\"},\"image\":{\"@id\":\"https:\/\/pagina10.com\/web\/alcalde-de-tumaco-citado-a-audiencia-por-posible-vulneracion-de-principios-contractuales\/#primaryimage\"},\"thumbnailUrl\":\"https:\/\/pagina10.com\/web\/wp-content\/uploads\/2015\/09\/9b0e1f29742fb5170925e984a111e8d0.jpg\",\"datePublished\":\"2015-09-25T15:05:26+00:00\",\"breadcrumb\":{\"@id\":\"https:\/\/pagina10.com\/web\/alcalde-de-tumaco-citado-a-audiencia-por-posible-vulneracion-de-principios-contractuales\/#breadcrumb\"},\"inLanguage\":\"es\",\"potentialAction\":[{\"@type\":\"ReadAction\",\"target\":[\"https:\/\/pagina10.com\/web\/alcalde-de-tumaco-citado-a-audiencia-por-posible-vulneracion-de-principios-contractuales\/\"]}]},{\"@type\":\"ImageObject\",\"inLanguage\":\"es\",\"@id\":\"https:\/\/pagina10.com\/web\/alcalde-de-tumaco-citado-a-audiencia-por-posible-vulneracion-de-principios-contractuales\/#primaryimage\",\"url\":\"https:\/\/pagina10.com\/web\/wp-content\/uploads\/2015\/09\/9b0e1f29742fb5170925e984a111e8d0.jpg\",\"contentUrl\":\"https:\/\/pagina10.com\/web\/wp-content\/uploads\/2015\/09\/9b0e1f29742fb5170925e984a111e8d0.jpg\",\"width\":555,\"height\":487},{\"@type\":\"BreadcrumbList\",\"@id\":\"https:\/\/pagina10.com\/web\/alcalde-de-tumaco-citado-a-audiencia-por-posible-vulneracion-de-principios-contractuales\/#breadcrumb\",\"itemListElement\":[{\"@type\":\"ListItem\",\"position\":1,\"name\":\"Portada\",\"item\":\"https:\/\/pagina10.com\/web\/\"},{\"@type\":\"ListItem\",\"position\":2,\"name\":\"Alcalde de Tumaco citado a audiencia por posible vulneraci\u00f3n de principios contractuales\"}]},{\"@type\":\"WebSite\",\"@id\":\"https:\/\/pagina10.com\/web\/#website\",\"url\":\"https:\/\/pagina10.com\/web\/\",\"name\":\"P\u00e1gina10\",\"description\":\"Peri\u00f3dico Regional\",\"publisher\":{\"@id\":\"https:\/\/pagina10.com\/web\/#organization\"},\"alternateName\":\"P\u00e1gina10 Peri\u00f3dico Regional\",\"potentialAction\":[{\"@type\":\"SearchAction\",\"target\":{\"@type\":\"EntryPoint\",\"urlTemplate\":\"https:\/\/pagina10.com\/web\/?s={search_term_string}\"},\"query-input\":{\"@type\":\"PropertyValueSpecification\",\"valueRequired\":true,\"valueName\":\"search_term_string\"}}],\"inLanguage\":\"es\"},{\"@type\":\"Organization\",\"@id\":\"https:\/\/pagina10.com\/web\/#organization\",\"name\":\"P\u00e1gina10\",\"alternateName\":\"P\u00e1gina10 Peri\u00f3dico Regional\",\"url\":\"https:\/\/pagina10.com\/web\/\",\"logo\":{\"@type\":\"ImageObject\",\"inLanguage\":\"es\",\"@id\":\"https:\/\/pagina10.com\/web\/#\/schema\/logo\/image\/\",\"url\":\"https:\/\/pagina10.com\/web\/wp-content\/uploads\/2024\/01\/40-pagina-10-periodico-regional-pasto.jpg\",\"contentUrl\":\"https:\/\/pagina10.com\/web\/wp-content\/uploads\/2024\/01\/40-pagina-10-periodico-regional-pasto.jpg\",\"width\":1280,\"height\":720,\"caption\":\"P\u00e1gina10\"},\"image\":{\"@id\":\"https:\/\/pagina10.com\/web\/#\/schema\/logo\/image\/\"},\"sameAs\":[\"https:\/\/www.facebook.com\/pag10com\",\"https:\/\/x.com\/Pag10com\",\"https:\/\/www.instagram.com\/pagina10col\/\",\"https:\/\/youtube.com\/channel\/pag10\",\"https:\/\/www.tiktok.com\/@p10col\"]},{\"@type\":\"Person\",\"@id\":\"https:\/\/pagina10.com\/web\/#\/schema\/person\/a7a5d38f0629dfc107f619fbae4f6cc3\",\"name\":\"P\u00e1gina 10\",\"description\":\"P\u00e1gina10.com es un peri\u00f3dico digital que nace en Colombia, en el departamento de Nari\u00f1o, con un enfoque global, fundamentado en cuatro pilares esenciales: la libertad, el pluralismo, la inclusi\u00f3n y la independencia. P\u00e1gina10.com hace referencia a Nari\u00f1o como el d\u00e9cimo departamento creado en Colombia, despu\u00e9s de un proceso pol\u00edtico liderado por actores y actrices regionales con el fin de obtener la independencia y autonom\u00eda de nuestros territorios. Con la creaci\u00f3n de P\u00e1gina10.com se pretende abrir un escenario para el dialogo, la reflexi\u00f3n y el debate que se extienda a otras geograf\u00edas de Am\u00e9rica Latina y del planeta, en una apuesta por transformar colectivamente los desaf\u00edos de un mundo contempor\u00e1neo, m\u00e1s all\u00e1 de las fronteras impuestas.\",\"url\":\"https:\/\/pagina10.com\/web\/author\/mcepeda\/\"}]}<\/script>\n<!-- \/ Yoast SEO plugin. -->","yoast_head_json":{"title":"Alcalde de Tumaco citado a audiencia por posible vulneraci\u00f3n de principios contractuales | P\u00e1gina10","robots":{"index":"index","follow":"follow","max-snippet":"max-snippet:-1","max-image-preview":"max-image-preview:large","max-video-preview":"max-video-preview:-1"},"canonical":"https:\/\/pagina10.com\/web\/alcalde-de-tumaco-citado-a-audiencia-por-posible-vulneracion-de-principios-contractuales\/","og_locale":"es_ES","og_type":"article","og_title":"Alcalde de Tumaco citado a audiencia por posible vulneraci\u00f3n de principios contractuales | P\u00e1gina10","og_description":"La Procuradur\u00eda General de la Naci\u00f3n cit\u00f3 a audiencia p\u00fablica al se\u00f1or V\u00edctor Arnulfo Gallo Ortiz, en su calidad de alcalde municipal de Tumaco (Nari\u00f1o), por posible vulneraci\u00f3n de principios que rigen la contrataci\u00f3n estatal al celebrar un convenio de asociaci\u00f3n. El Ministerio P\u00fablico le reproch\u00f3 al disciplinado haber presuntamente celebrado un convenio de asociaci\u00f3n [&hellip;]","og_url":"https:\/\/pagina10.com\/web\/alcalde-de-tumaco-citado-a-audiencia-por-posible-vulneracion-de-principios-contractuales\/","og_site_name":"P\u00e1gina10","article_publisher":"https:\/\/www.facebook.com\/pag10com","article_published_time":"2015-09-25T15:05:26+00:00","og_image":[{"width":555,"height":487,"url":"https:\/\/pagina10.com\/web\/wp-content\/uploads\/2015\/09\/9b0e1f29742fb5170925e984a111e8d0.jpg","type":"image\/jpeg"}],"author":"P\u00e1gina 10","twitter_card":"summary_large_image","twitter_creator":"@Pag10com","twitter_site":"@Pag10com","twitter_misc":{"Escrito por":"P\u00e1gina 10","Tiempo de lectura":"1 minuto"},"schema":{"@context":"https:\/\/schema.org","@graph":[{"@type":"Article","@id":"https:\/\/pagina10.com\/web\/alcalde-de-tumaco-citado-a-audiencia-por-posible-vulneracion-de-principios-contractuales\/#article","isPartOf":{"@id":"https:\/\/pagina10.com\/web\/alcalde-de-tumaco-citado-a-audiencia-por-posible-vulneracion-de-principios-contractuales\/"},"author":{"name":"P\u00e1gina 10","@id":"https:\/\/pagina10.com\/web\/#\/schema\/person\/a7a5d38f0629dfc107f619fbae4f6cc3"},"headline":"Alcalde de Tumaco citado a audiencia por posible vulneraci\u00f3n de principios contractuales","datePublished":"2015-09-25T15:05:26+00:00","mainEntityOfPage":{"@id":"https:\/\/pagina10.com\/web\/alcalde-de-tumaco-citado-a-audiencia-por-posible-vulneracion-de-principios-contractuales\/"},"wordCount":260,"commentCount":0,"publisher":{"@id":"https:\/\/pagina10.com\/web\/#organization"},"image":{"@id":"https:\/\/pagina10.com\/web\/alcalde-de-tumaco-citado-a-audiencia-por-posible-vulneracion-de-principios-contractuales\/#primaryimage"},"thumbnailUrl":"https:\/\/pagina10.com\/web\/wp-content\/uploads\/2015\/09\/9b0e1f29742fb5170925e984a111e8d0.jpg","inLanguage":"es","potentialAction":[{"@type":"CommentAction","name":"Comment","target":["https:\/\/pagina10.com\/web\/alcalde-de-tumaco-citado-a-audiencia-por-posible-vulneracion-de-principios-contractuales\/#respond"]}]},{"@type":"WebPage","@id":"https:\/\/pagina10.com\/web\/alcalde-de-tumaco-citado-a-audiencia-por-posible-vulneracion-de-principios-contractuales\/","url":"https:\/\/pagina10.com\/web\/alcalde-de-tumaco-citado-a-audiencia-por-posible-vulneracion-de-principios-contractuales\/","name":"Alcalde de Tumaco citado a audiencia por posible vulneraci\u00f3n de principios contractuales | P\u00e1gina10","isPartOf":{"@id":"https:\/\/pagina10.com\/web\/#website"},"primaryImageOfPage":{"@id":"https:\/\/pagina10.com\/web\/alcalde-de-tumaco-citado-a-audiencia-por-posible-vulneracion-de-principios-contractuales\/#primaryimage"},"image":{"@id":"https:\/\/pagina10.com\/web\/alcalde-de-tumaco-citado-a-audiencia-por-posible-vulneracion-de-principios-contractuales\/#primaryimage"},"thumbnailUrl":"https:\/\/pagina10.com\/web\/wp-content\/uploads\/2015\/09\/9b0e1f29742fb5170925e984a111e8d0.jpg","datePublished":"2015-09-25T15:05:26+00:00","breadcrumb":{"@id":"https:\/\/pagina10.com\/web\/alcalde-de-tumaco-citado-a-audiencia-por-posible-vulneracion-de-principios-contractuales\/#breadcrumb"},"inLanguage":"es","potentialAction":[{"@type":"ReadAction","target":["https:\/\/pagina10.com\/web\/alcalde-de-tumaco-citado-a-audiencia-por-posible-vulneracion-de-principios-contractuales\/"]}]},{"@type":"ImageObject","inLanguage":"es","@id":"https:\/\/pagina10.com\/web\/alcalde-de-tumaco-citado-a-audiencia-por-posible-vulneracion-de-principios-contractuales\/#primaryimage","url":"https:\/\/pagina10.com\/web\/wp-content\/uploads\/2015\/09\/9b0e1f29742fb5170925e984a111e8d0.jpg","contentUrl":"https:\/\/pagina10.com\/web\/wp-content\/uploads\/2015\/09\/9b0e1f29742fb5170925e984a111e8d0.jpg","width":555,"height":487},{"@type":"BreadcrumbList","@id":"https:\/\/pagina10.com\/web\/alcalde-de-tumaco-citado-a-audiencia-por-posible-vulneracion-de-principios-contractuales\/#breadcrumb","itemListElement":[{"@type":"ListItem","position":1,"name":"Portada","item":"https:\/\/pagina10.com\/web\/"},{"@type":"ListItem","position":2,"name":"Alcalde de Tumaco citado a audiencia por posible vulneraci\u00f3n de principios contractuales"}]},{"@type":"WebSite","@id":"https:\/\/pagina10.com\/web\/#website","url":"https:\/\/pagina10.com\/web\/","name":"P\u00e1gina10","description":"Peri\u00f3dico Regional","publisher":{"@id":"https:\/\/pagina10.com\/web\/#organization"},"alternateName":"P\u00e1gina10 Peri\u00f3dico Regional","potentialAction":[{"@type":"SearchAction","target":{"@type":"EntryPoint","urlTemplate":"https:\/\/pagina10.com\/web\/?s={search_term_string}"},"query-input":{"@type":"PropertyValueSpecification","valueRequired":true,"valueName":"search_term_string"}}],"inLanguage":"es"},{"@type":"Organization","@id":"https:\/\/pagina10.com\/web\/#organization","name":"P\u00e1gina10","alternateName":"P\u00e1gina10 Peri\u00f3dico Regional","url":"https:\/\/pagina10.com\/web\/","logo":{"@type":"ImageObject","inLanguage":"es","@id":"https:\/\/pagina10.com\/web\/#\/schema\/logo\/image\/","url":"https:\/\/pagina10.com\/web\/wp-content\/uploads\/2024\/01\/40-pagina-10-periodico-regional-pasto.jpg","contentUrl":"https:\/\/pagina10.com\/web\/wp-content\/uploads\/2024\/01\/40-pagina-10-periodico-regional-pasto.jpg","width":1280,"height":720,"caption":"P\u00e1gina10"},"image":{"@id":"https:\/\/pagina10.com\/web\/#\/schema\/logo\/image\/"},"sameAs":["https:\/\/www.facebook.com\/pag10com","https:\/\/x.com\/Pag10com","https:\/\/www.instagram.com\/pagina10col\/","https:\/\/youtube.com\/channel\/pag10","https:\/\/www.tiktok.com\/@p10col"]},{"@type":"Person","@id":"https:\/\/pagina10.com\/web\/#\/schema\/person\/a7a5d38f0629dfc107f619fbae4f6cc3","name":"P\u00e1gina 10","description":"P\u00e1gina10.com es un peri\u00f3dico digital que nace en Colombia, en el departamento de Nari\u00f1o, con un enfoque global, fundamentado en cuatro pilares esenciales: la libertad, el pluralismo, la inclusi\u00f3n y la independencia. P\u00e1gina10.com hace referencia a Nari\u00f1o como el d\u00e9cimo departamento creado en Colombia, despu\u00e9s de un proceso pol\u00edtico liderado por actores y actrices regionales con el fin de obtener la independencia y autonom\u00eda de nuestros territorios. Con la creaci\u00f3n de P\u00e1gina10.com se pretende abrir un escenario para el dialogo, la reflexi\u00f3n y el debate que se extienda a otras geograf\u00edas de Am\u00e9rica Latina y del planeta, en una apuesta por transformar colectivamente los desaf\u00edos de un mundo contempor\u00e1neo, m\u00e1s all\u00e1 de las fronteras impuestas.","url":"https:\/\/pagina10.com\/web\/author\/mcepeda\/"}]}},"_links":{"self":[{"href":"https:\/\/pagina10.com\/web\/wp-json\/wp\/v2\/posts\/17850","targetHints":{"allow":["GET"]}}],"collection":[{"href":"https:\/\/pagina10.com\/web\/wp-json\/wp\/v2\/posts"}],"about":[{"href":"https:\/\/pagina10.com\/web\/wp-json\/wp\/v2\/types\/post"}],"author":[{"embeddable":true,"href":"https:\/\/pagina10.com\/web\/wp-json\/wp\/v2\/users\/29"}],"replies":[{"embeddable":true,"href":"https:\/\/pagina10.com\/web\/wp-json\/wp\/v2\/comments?post=17850"}],"version-history":[{"count":0,"href":"https:\/\/pagina10.com\/web\/wp-json\/wp\/v2\/posts\/17850\/revisions"}],"wp:featuredmedia":[{"embeddable":true,"href":"https:\/\/pagina10.com\/web\/wp-json\/wp\/v2\/media\/17849"}],"wp:attachment":[{"href":"https:\/\/pagina10.com\/web\/wp-json\/wp\/v2\/media?parent=17850"}],"wp:term":[{"taxonomy":"category","embeddable":true,"href":"https:\/\/pagina10.com\/web\/wp-json\/wp\/v2\/categories?post=17850"},{"taxonomy":"post_tag","embeddable":true,"href":"https:\/\/pagina10.com\/web\/wp-json\/wp\/v2\/tags?post=17850"}],"curies":[{"name":"wp","href":"https:\/\/api.w.org\/{rel}","templated":true}]}}