{"id":17854,"date":"2015-09-25T21:30:17","date_gmt":"2015-09-25T21:30:17","guid":{"rendered":"https:\/\/pagina10.com\/web\/narino-respondera-vencer-camilo-romero\/"},"modified":"2015-09-25T21:30:17","modified_gmt":"2015-09-25T21:30:17","slug":"narino-respondera-vencer-camilo-romero","status":"publish","type":"post","link":"https:\/\/pagina10.com\/web\/narino-respondera-vencer-camilo-romero\/","title":{"rendered":"&#8220;Nari\u00f1o Responder\u00e1 Vencer&#8221; Camilo Romero"},"content":{"rendered":"<p><img fetchpriority=\"high\" decoding=\"async\" class=\" size-full wp-image-17851\" src=\"https:\/\/pagina10.com\/web\/wp-content\/uploads\/2015\/09\/c9b3b5187f4c946b1bdcc730628ed972.jpg\" alt=\"\" width=\"1138\" height=\"759\" srcset=\"https:\/\/pagina10.com\/web\/wp-content\/uploads\/2015\/09\/c9b3b5187f4c946b1bdcc730628ed972.jpg 1138w, https:\/\/pagina10.com\/web\/wp-content\/uploads\/2015\/09\/c9b3b5187f4c946b1bdcc730628ed972-300x200.jpg 300w, https:\/\/pagina10.com\/web\/wp-content\/uploads\/2015\/09\/c9b3b5187f4c946b1bdcc730628ed972-1024x683.jpg 1024w, https:\/\/pagina10.com\/web\/wp-content\/uploads\/2015\/09\/c9b3b5187f4c946b1bdcc730628ed972-768x512.jpg 768w, https:\/\/pagina10.com\/web\/wp-content\/uploads\/2015\/09\/c9b3b5187f4c946b1bdcc730628ed972-450x300.jpg 450w\" sizes=\"(max-width: 1138px) 100vw, 1138px\" \/><\/p>\n<p style=\"text-align: justify;\">Una multitudinaria bienvenida por parte de sus seguidores fue realizada el de d\u00eda hoy 25 de septiembre de 2015, al candidato a la Gobernaci\u00f3n de Nari\u00f1o Camilo Romero.&nbsp; A tempranas horas de la ma\u00f1ana a las afueras del aeropuerto Antonio Nari\u00f1o ondeaban ostensiblemente cientos de banderas blancas, verdes y amarillas, manifestaci\u00f3n realizada con el \u00e1nimo de&nbsp; apoyar a Romero por el fallo declarado en su favor por parte del Consejo Nacional Electoral en donde mediante Resoluci\u00f3n 2800 del 24 de septiembre de 2015 se niega la solicitud de revocatoria de inscripci\u00f3n de la candidatura de Camilo Romero, a la Gobernaci\u00f3n de Nari\u00f1o.<\/p>\n<p style=\"text-align: justify;\">&nbsp;<\/p>\n<p style=\"text-align: justify;\">El candidato, visiblemente conmovido y agradecido por los nari\u00f1enses que siguen su proceso democr\u00e1tico, realiz\u00f3 una caravana desde el Municipio de Chachag\u00fc\u00ed hasta su sede pol\u00edtica ubicada en el centro de la ciudad de Pasto.<\/p>\n<p style=\"text-align: justify;\">&nbsp;<\/p>\n<p><img decoding=\"async\" class=\" size-full wp-image-17852\" src=\"https:\/\/pagina10.com\/web\/wp-content\/uploads\/2015\/09\/1cami.jpg\" alt=\"1cami\" style=\"display: block; margin-left: auto; margin-right: auto;\" height=\"326\" width=\"577\" srcset=\"https:\/\/pagina10.com\/web\/wp-content\/uploads\/2015\/09\/1cami.jpg 1219w, https:\/\/pagina10.com\/web\/wp-content\/uploads\/2015\/09\/1cami-300x170.jpg 300w, https:\/\/pagina10.com\/web\/wp-content\/uploads\/2015\/09\/1cami-1024x579.jpg 1024w, https:\/\/pagina10.com\/web\/wp-content\/uploads\/2015\/09\/1cami-768x434.jpg 768w\" sizes=\"(max-width: 577px) 100vw, 577px\" \/><\/p>\n<p style=\"text-align: justify;\">&nbsp;<\/p>\n<p style=\"text-align: justify;\">En sus declaraciones realizadas, se\u00f1al\u00f3 que las pretensiones que ten\u00edan algunos grupos pol\u00edticos en acabar con su campa\u00f1a finalmente terminaron con fortalecer todas las convicciones difundidas en procura de reinvindicar un Nari\u00f1o considerado a grandes voces como el \u201cCoraz\u00f3n del Mundo\u201d.<\/p>\n<p style=\"text-align: justify;\">&nbsp;<\/p>\n<p style=\"text-align: justify;\"><em>\u201cLo que pretend\u00edan era quitarnos del escenario pol\u00edtico\u201d<\/em>, manifest\u00f3 enf\u00e1ticamente, indicando que las agresiones mal intencionadas no solamente ultrajaban sus objetivos pol\u00edticos sino tambi\u00e9n ofend\u00edan la inteligencia del pueblo nari\u00f1ense, puesto que seg\u00fan sus declaraciones no solamente se le ha tachado de realizar doble militancia sino tambi\u00e9n de haber falsificado sus diplomas de bachiller y pregrado y haber sido asesor del fallecido Presidente Hugo Chavez durante un periodo de 9 meses en donde labor\u00f3 a nivel profesional en una reconocida cadena de televisi\u00f3n venezolana, con la \u00fanica intenci\u00f3n de confundir a los votantes&nbsp; con meras especulaciones.<\/p>\n<p style=\"text-align: justify;\">&nbsp;<\/p>\n<p style=\"text-align: justify;\">Contra lo anterior alent\u00f3 a todos sus seguidores a seguir firmes en la lucha por dar un ejemplo de educaci\u00f3n y respeto hacia todos sus contendientes pol\u00edticos, a\u00f1adiendo que la verdad y la verdadera justicia se observar\u00e1n en las elecciones del 25 de octubre del presente a\u00f1o donde Nari\u00f1o <em>\u201cresponder\u00e1 Vencer\u201d<\/em>. As\u00ed mismo mencion\u00f3 a las otras campa\u00f1as pol\u00edticas con un claro mensaje en el sentido de hacer las cosas bien por el mismo respeto que se tiene al Departamento, a\u00f1adiendo que ante cada insulto, mentira e infamia la campa\u00f1a seguir\u00e1 creciendo.<\/p>\n<p>&nbsp;<\/p>\n<p style=\"text-align: justify;\">&nbsp;<\/p>\n<p style=\"text-align: justify;\">Romero catalog\u00f3 el fallo del Consejo Nacional Electoral como un<em> \u201ctriunfo para la democracia<\/em>\u201d, donde se demuestra que las verdaderas pruebas que ameritan su postulaci\u00f3n a la Gobernaci\u00f3n de Nari\u00f1o&nbsp; fueron fundamentales para que su candidatura fuese viable y licita. Su viaje a Bogot\u00e1 respondi\u00f3 a dos denuncias por parte de dos ciudadanos en donde se\u00f1alaban que Camilo Romero se encontraba inhabilitado para aspirar a la Gobernaci\u00f3n de Nari\u00f1o ya que seg\u00fan ellos&nbsp; hab\u00eda incurrido en el figura de la Doble Militancia, siendo esta la prohibici\u00f3n expresa mediante Ley 1475 de 2011 que en ning\u00fan caso se permitir\u00e1 a los ciudadanos pertenecer simult\u00e1neamente a m\u00e1s de un partido o movimiento pol\u00edtico.<\/p>\n<p style=\"text-align: justify;\">&nbsp;<\/p>\n<p><img decoding=\"async\" class=\" size-full wp-image-17853\" src=\"https:\/\/pagina10.com\/web\/wp-content\/uploads\/2015\/09\/ca1.jpg\" alt=\"ca1\" style=\"display: block; margin-left: auto; margin-right: auto;\" height=\"394\" width=\"591\" srcset=\"https:\/\/pagina10.com\/web\/wp-content\/uploads\/2015\/09\/ca1.jpg 1138w, https:\/\/pagina10.com\/web\/wp-content\/uploads\/2015\/09\/ca1-300x200.jpg 300w, https:\/\/pagina10.com\/web\/wp-content\/uploads\/2015\/09\/ca1-1024x683.jpg 1024w, https:\/\/pagina10.com\/web\/wp-content\/uploads\/2015\/09\/ca1-768x512.jpg 768w, https:\/\/pagina10.com\/web\/wp-content\/uploads\/2015\/09\/ca1-450x300.jpg 450w\" sizes=\"(max-width: 591px) 100vw, 591px\" \/><\/p>\n<p>&nbsp;<\/p>\n<p style=\"line-height: 19.8px; text-align: justify;\">La&nbsp;<em>\u201cprueba reina\u201d<\/em>&nbsp;catalogada por el candidato Romero para que el mencionado Consejo fallara a su favor fue la certificaci\u00f3n por parte de la Presidenta del &nbsp;Polo Democr\u00e1tico Alternativo Clara L\u00f3pez Obreg\u00f3n, en donde se manifiesta que Camilo Romero no forma parte del partido izquierdista hace 3 a\u00f1os. Contra el protag\u00f3nico fallo se impon\u00eda el recurso de reposici\u00f3n, mismo que en la audiencia los abogados de la parte denunciante seg\u00fan pronunciamiento de Romero declaraban que lo iban a interponer, sin embargo pese a su oposici\u00f3n hasta las 6:00 de la tarde del d\u00eda 23 de septiembre de 2015 no se radic\u00f3 documento alguno expir\u00e1ndose el tiempo concedido por el Consejo para realizarlo.<\/p>\n<p style=\"line-height: 19.8px; text-align: justify;\">&nbsp;<\/p>\n<p style=\"line-height: 19.8px; text-align: justify;\">Finalmente&nbsp; el candidato envi\u00f3 un mensaje de optimismo a todos los nari\u00f1enses ya que las banderas blancas que visiblemente acompa\u00f1aron su recorrido, respond\u00edan a las ultimas noticias que acompa\u00f1an la seguridad y la paz del Pa\u00eds, demostrando su total respaldo al proceso de paz y la etapa de posconflicto, creando un Nari\u00f1o con mejores oportunidades educativas, productivas, empresariales, culturales, tur\u00edsticas para todos los ciudadanos del \u201cCoraz\u00f3n del Mundo\u201d.&nbsp;<\/p>\n<p><iframe width=\"640\" height=\"360\" src=\"https:\/\/www.youtube.com\/embed\/HVC1lj05bx0\" frameborder=\"0\" allowfullscreen=\"true\" style=\"display: block; margin-left: auto; margin-right: auto;\"><\/iframe><\/p>\n","protected":false},"excerpt":{"rendered":"<p>Una multitudinaria bienvenida por parte de sus seguidores fue realizada el de d\u00eda hoy 25 de septiembre de 2015, al candidato a la Gobernaci\u00f3n de Nari\u00f1o Camilo Romero.&nbsp; A tempranas horas de la ma\u00f1ana a las afueras del aeropuerto Antonio Nari\u00f1o ondeaban ostensiblemente cientos de banderas blancas, verdes y amarillas, manifestaci\u00f3n realizada con el \u00e1nimo [&hellip;]<\/p>\n","protected":false},"author":29,"featured_media":17851,"comment_status":"open","ping_status":"open","sticky":false,"template":"","format":"standard","meta":{"footnotes":""},"categories":[1],"tags":[],"class_list":["post-17854","post","type-post","status-publish","format-standard","has-post-thumbnail","hentry","category-sin-categoria"],"yoast_head":"<!-- This site is optimized with the Yoast SEO plugin v27.1.1 - https:\/\/yoast.com\/product\/yoast-seo-wordpress\/ -->\n<title>&quot;Nari\u00f1o Responder\u00e1 Vencer&quot; Camilo Romero | P\u00e1gina10<\/title>\n<meta name=\"robots\" content=\"index, follow, max-snippet:-1, max-image-preview:large, max-video-preview:-1\" \/>\n<link rel=\"canonical\" href=\"https:\/\/pagina10.com\/web\/narino-respondera-vencer-camilo-romero\/\" \/>\n<meta property=\"og:locale\" content=\"es_ES\" \/>\n<meta property=\"og:type\" content=\"article\" \/>\n<meta property=\"og:title\" content=\"&quot;Nari\u00f1o Responder\u00e1 Vencer&quot; Camilo Romero | P\u00e1gina10\" \/>\n<meta property=\"og:description\" content=\"Una multitudinaria bienvenida por parte de sus seguidores fue realizada el de d\u00eda hoy 25 de septiembre de 2015, al candidato a la Gobernaci\u00f3n de Nari\u00f1o Camilo Romero.&nbsp; A tempranas horas de la ma\u00f1ana a las afueras del aeropuerto Antonio Nari\u00f1o ondeaban ostensiblemente cientos de banderas blancas, verdes y amarillas, manifestaci\u00f3n realizada con el \u00e1nimo [&hellip;]\" \/>\n<meta property=\"og:url\" content=\"https:\/\/pagina10.com\/web\/narino-respondera-vencer-camilo-romero\/\" \/>\n<meta property=\"og:site_name\" content=\"P\u00e1gina10\" \/>\n<meta property=\"article:publisher\" content=\"https:\/\/www.facebook.com\/pag10com\" \/>\n<meta property=\"article:published_time\" content=\"2015-09-25T21:30:17+00:00\" \/>\n<meta property=\"og:image\" content=\"https:\/\/pagina10.com\/web\/wp-content\/uploads\/2015\/09\/c9b3b5187f4c946b1bdcc730628ed972.jpg\" \/>\n\t<meta property=\"og:image:width\" content=\"1138\" \/>\n\t<meta property=\"og:image:height\" content=\"759\" \/>\n\t<meta property=\"og:image:type\" content=\"image\/jpeg\" \/>\n<meta name=\"author\" content=\"P\u00e1gina 10\" \/>\n<meta name=\"twitter:card\" content=\"summary_large_image\" \/>\n<meta name=\"twitter:creator\" content=\"@Pag10com\" \/>\n<meta name=\"twitter:site\" content=\"@Pag10com\" \/>\n<meta name=\"twitter:label1\" content=\"Escrito por\" \/>\n\t<meta name=\"twitter:data1\" content=\"P\u00e1gina 10\" \/>\n\t<meta name=\"twitter:label2\" content=\"Tiempo de lectura\" \/>\n\t<meta name=\"twitter:data2\" content=\"4 minutos\" \/>\n<script type=\"application\/ld+json\" class=\"yoast-schema-graph\">{\"@context\":\"https:\/\/schema.org\",\"@graph\":[{\"@type\":\"Article\",\"@id\":\"https:\/\/pagina10.com\/web\/narino-respondera-vencer-camilo-romero\/#article\",\"isPartOf\":{\"@id\":\"https:\/\/pagina10.com\/web\/narino-respondera-vencer-camilo-romero\/\"},\"author\":{\"name\":\"P\u00e1gina 10\",\"@id\":\"https:\/\/pagina10.com\/web\/#\/schema\/person\/a7a5d38f0629dfc107f619fbae4f6cc3\"},\"headline\":\"&#8220;Nari\u00f1o Responder\u00e1 Vencer&#8221; Camilo Romero\",\"datePublished\":\"2015-09-25T21:30:17+00:00\",\"mainEntityOfPage\":{\"@id\":\"https:\/\/pagina10.com\/web\/narino-respondera-vencer-camilo-romero\/\"},\"wordCount\":743,\"commentCount\":0,\"publisher\":{\"@id\":\"https:\/\/pagina10.com\/web\/#organization\"},\"image\":{\"@id\":\"https:\/\/pagina10.com\/web\/narino-respondera-vencer-camilo-romero\/#primaryimage\"},\"thumbnailUrl\":\"https:\/\/pagina10.com\/web\/wp-content\/uploads\/2015\/09\/c9b3b5187f4c946b1bdcc730628ed972.jpg\",\"inLanguage\":\"es\",\"potentialAction\":[{\"@type\":\"CommentAction\",\"name\":\"Comment\",\"target\":[\"https:\/\/pagina10.com\/web\/narino-respondera-vencer-camilo-romero\/#respond\"]}]},{\"@type\":\"WebPage\",\"@id\":\"https:\/\/pagina10.com\/web\/narino-respondera-vencer-camilo-romero\/\",\"url\":\"https:\/\/pagina10.com\/web\/narino-respondera-vencer-camilo-romero\/\",\"name\":\"\\\"Nari\u00f1o Responder\u00e1 Vencer\\\" Camilo Romero | P\u00e1gina10\",\"isPartOf\":{\"@id\":\"https:\/\/pagina10.com\/web\/#website\"},\"primaryImageOfPage\":{\"@id\":\"https:\/\/pagina10.com\/web\/narino-respondera-vencer-camilo-romero\/#primaryimage\"},\"image\":{\"@id\":\"https:\/\/pagina10.com\/web\/narino-respondera-vencer-camilo-romero\/#primaryimage\"},\"thumbnailUrl\":\"https:\/\/pagina10.com\/web\/wp-content\/uploads\/2015\/09\/c9b3b5187f4c946b1bdcc730628ed972.jpg\",\"datePublished\":\"2015-09-25T21:30:17+00:00\",\"breadcrumb\":{\"@id\":\"https:\/\/pagina10.com\/web\/narino-respondera-vencer-camilo-romero\/#breadcrumb\"},\"inLanguage\":\"es\",\"potentialAction\":[{\"@type\":\"ReadAction\",\"target\":[\"https:\/\/pagina10.com\/web\/narino-respondera-vencer-camilo-romero\/\"]}]},{\"@type\":\"ImageObject\",\"inLanguage\":\"es\",\"@id\":\"https:\/\/pagina10.com\/web\/narino-respondera-vencer-camilo-romero\/#primaryimage\",\"url\":\"https:\/\/pagina10.com\/web\/wp-content\/uploads\/2015\/09\/c9b3b5187f4c946b1bdcc730628ed972.jpg\",\"contentUrl\":\"https:\/\/pagina10.com\/web\/wp-content\/uploads\/2015\/09\/c9b3b5187f4c946b1bdcc730628ed972.jpg\",\"width\":1138,\"height\":759},{\"@type\":\"BreadcrumbList\",\"@id\":\"https:\/\/pagina10.com\/web\/narino-respondera-vencer-camilo-romero\/#breadcrumb\",\"itemListElement\":[{\"@type\":\"ListItem\",\"position\":1,\"name\":\"Portada\",\"item\":\"https:\/\/pagina10.com\/web\/\"},{\"@type\":\"ListItem\",\"position\":2,\"name\":\"&#8220;Nari\u00f1o Responder\u00e1 Vencer&#8221; Camilo Romero\"}]},{\"@type\":\"WebSite\",\"@id\":\"https:\/\/pagina10.com\/web\/#website\",\"url\":\"https:\/\/pagina10.com\/web\/\",\"name\":\"P\u00e1gina10\",\"description\":\"Peri\u00f3dico Regional\",\"publisher\":{\"@id\":\"https:\/\/pagina10.com\/web\/#organization\"},\"alternateName\":\"P\u00e1gina10 Peri\u00f3dico Regional\",\"potentialAction\":[{\"@type\":\"SearchAction\",\"target\":{\"@type\":\"EntryPoint\",\"urlTemplate\":\"https:\/\/pagina10.com\/web\/?s={search_term_string}\"},\"query-input\":{\"@type\":\"PropertyValueSpecification\",\"valueRequired\":true,\"valueName\":\"search_term_string\"}}],\"inLanguage\":\"es\"},{\"@type\":\"Organization\",\"@id\":\"https:\/\/pagina10.com\/web\/#organization\",\"name\":\"P\u00e1gina10\",\"alternateName\":\"P\u00e1gina10 Peri\u00f3dico Regional\",\"url\":\"https:\/\/pagina10.com\/web\/\",\"logo\":{\"@type\":\"ImageObject\",\"inLanguage\":\"es\",\"@id\":\"https:\/\/pagina10.com\/web\/#\/schema\/logo\/image\/\",\"url\":\"https:\/\/pagina10.com\/web\/wp-content\/uploads\/2024\/01\/40-pagina-10-periodico-regional-pasto.jpg\",\"contentUrl\":\"https:\/\/pagina10.com\/web\/wp-content\/uploads\/2024\/01\/40-pagina-10-periodico-regional-pasto.jpg\",\"width\":1280,\"height\":720,\"caption\":\"P\u00e1gina10\"},\"image\":{\"@id\":\"https:\/\/pagina10.com\/web\/#\/schema\/logo\/image\/\"},\"sameAs\":[\"https:\/\/www.facebook.com\/pag10com\",\"https:\/\/x.com\/Pag10com\",\"https:\/\/www.instagram.com\/pagina10col\/\",\"https:\/\/youtube.com\/channel\/pag10\",\"https:\/\/www.tiktok.com\/@p10col\"]},{\"@type\":\"Person\",\"@id\":\"https:\/\/pagina10.com\/web\/#\/schema\/person\/a7a5d38f0629dfc107f619fbae4f6cc3\",\"name\":\"P\u00e1gina 10\",\"description\":\"P\u00e1gina10.com es un peri\u00f3dico digital que nace en Colombia, en el departamento de Nari\u00f1o, con un enfoque global, fundamentado en cuatro pilares esenciales: la libertad, el pluralismo, la inclusi\u00f3n y la independencia. P\u00e1gina10.com hace referencia a Nari\u00f1o como el d\u00e9cimo departamento creado en Colombia, despu\u00e9s de un proceso pol\u00edtico liderado por actores y actrices regionales con el fin de obtener la independencia y autonom\u00eda de nuestros territorios. Con la creaci\u00f3n de P\u00e1gina10.com se pretende abrir un escenario para el dialogo, la reflexi\u00f3n y el debate que se extienda a otras geograf\u00edas de Am\u00e9rica Latina y del planeta, en una apuesta por transformar colectivamente los desaf\u00edos de un mundo contempor\u00e1neo, m\u00e1s all\u00e1 de las fronteras impuestas.\",\"url\":\"https:\/\/pagina10.com\/web\/author\/mcepeda\/\"}]}<\/script>\n<!-- \/ Yoast SEO plugin. -->","yoast_head_json":{"title":"\"Nari\u00f1o Responder\u00e1 Vencer\" Camilo Romero | P\u00e1gina10","robots":{"index":"index","follow":"follow","max-snippet":"max-snippet:-1","max-image-preview":"max-image-preview:large","max-video-preview":"max-video-preview:-1"},"canonical":"https:\/\/pagina10.com\/web\/narino-respondera-vencer-camilo-romero\/","og_locale":"es_ES","og_type":"article","og_title":"\"Nari\u00f1o Responder\u00e1 Vencer\" Camilo Romero | P\u00e1gina10","og_description":"Una multitudinaria bienvenida por parte de sus seguidores fue realizada el de d\u00eda hoy 25 de septiembre de 2015, al candidato a la Gobernaci\u00f3n de Nari\u00f1o Camilo Romero.&nbsp; A tempranas horas de la ma\u00f1ana a las afueras del aeropuerto Antonio Nari\u00f1o ondeaban ostensiblemente cientos de banderas blancas, verdes y amarillas, manifestaci\u00f3n realizada con el \u00e1nimo [&hellip;]","og_url":"https:\/\/pagina10.com\/web\/narino-respondera-vencer-camilo-romero\/","og_site_name":"P\u00e1gina10","article_publisher":"https:\/\/www.facebook.com\/pag10com","article_published_time":"2015-09-25T21:30:17+00:00","og_image":[{"width":1138,"height":759,"url":"https:\/\/pagina10.com\/web\/wp-content\/uploads\/2015\/09\/c9b3b5187f4c946b1bdcc730628ed972.jpg","type":"image\/jpeg"}],"author":"P\u00e1gina 10","twitter_card":"summary_large_image","twitter_creator":"@Pag10com","twitter_site":"@Pag10com","twitter_misc":{"Escrito por":"P\u00e1gina 10","Tiempo de lectura":"4 minutos"},"schema":{"@context":"https:\/\/schema.org","@graph":[{"@type":"Article","@id":"https:\/\/pagina10.com\/web\/narino-respondera-vencer-camilo-romero\/#article","isPartOf":{"@id":"https:\/\/pagina10.com\/web\/narino-respondera-vencer-camilo-romero\/"},"author":{"name":"P\u00e1gina 10","@id":"https:\/\/pagina10.com\/web\/#\/schema\/person\/a7a5d38f0629dfc107f619fbae4f6cc3"},"headline":"&#8220;Nari\u00f1o Responder\u00e1 Vencer&#8221; Camilo Romero","datePublished":"2015-09-25T21:30:17+00:00","mainEntityOfPage":{"@id":"https:\/\/pagina10.com\/web\/narino-respondera-vencer-camilo-romero\/"},"wordCount":743,"commentCount":0,"publisher":{"@id":"https:\/\/pagina10.com\/web\/#organization"},"image":{"@id":"https:\/\/pagina10.com\/web\/narino-respondera-vencer-camilo-romero\/#primaryimage"},"thumbnailUrl":"https:\/\/pagina10.com\/web\/wp-content\/uploads\/2015\/09\/c9b3b5187f4c946b1bdcc730628ed972.jpg","inLanguage":"es","potentialAction":[{"@type":"CommentAction","name":"Comment","target":["https:\/\/pagina10.com\/web\/narino-respondera-vencer-camilo-romero\/#respond"]}]},{"@type":"WebPage","@id":"https:\/\/pagina10.com\/web\/narino-respondera-vencer-camilo-romero\/","url":"https:\/\/pagina10.com\/web\/narino-respondera-vencer-camilo-romero\/","name":"\"Nari\u00f1o Responder\u00e1 Vencer\" Camilo Romero | P\u00e1gina10","isPartOf":{"@id":"https:\/\/pagina10.com\/web\/#website"},"primaryImageOfPage":{"@id":"https:\/\/pagina10.com\/web\/narino-respondera-vencer-camilo-romero\/#primaryimage"},"image":{"@id":"https:\/\/pagina10.com\/web\/narino-respondera-vencer-camilo-romero\/#primaryimage"},"thumbnailUrl":"https:\/\/pagina10.com\/web\/wp-content\/uploads\/2015\/09\/c9b3b5187f4c946b1bdcc730628ed972.jpg","datePublished":"2015-09-25T21:30:17+00:00","breadcrumb":{"@id":"https:\/\/pagina10.com\/web\/narino-respondera-vencer-camilo-romero\/#breadcrumb"},"inLanguage":"es","potentialAction":[{"@type":"ReadAction","target":["https:\/\/pagina10.com\/web\/narino-respondera-vencer-camilo-romero\/"]}]},{"@type":"ImageObject","inLanguage":"es","@id":"https:\/\/pagina10.com\/web\/narino-respondera-vencer-camilo-romero\/#primaryimage","url":"https:\/\/pagina10.com\/web\/wp-content\/uploads\/2015\/09\/c9b3b5187f4c946b1bdcc730628ed972.jpg","contentUrl":"https:\/\/pagina10.com\/web\/wp-content\/uploads\/2015\/09\/c9b3b5187f4c946b1bdcc730628ed972.jpg","width":1138,"height":759},{"@type":"BreadcrumbList","@id":"https:\/\/pagina10.com\/web\/narino-respondera-vencer-camilo-romero\/#breadcrumb","itemListElement":[{"@type":"ListItem","position":1,"name":"Portada","item":"https:\/\/pagina10.com\/web\/"},{"@type":"ListItem","position":2,"name":"&#8220;Nari\u00f1o Responder\u00e1 Vencer&#8221; Camilo Romero"}]},{"@type":"WebSite","@id":"https:\/\/pagina10.com\/web\/#website","url":"https:\/\/pagina10.com\/web\/","name":"P\u00e1gina10","description":"Peri\u00f3dico Regional","publisher":{"@id":"https:\/\/pagina10.com\/web\/#organization"},"alternateName":"P\u00e1gina10 Peri\u00f3dico Regional","potentialAction":[{"@type":"SearchAction","target":{"@type":"EntryPoint","urlTemplate":"https:\/\/pagina10.com\/web\/?s={search_term_string}"},"query-input":{"@type":"PropertyValueSpecification","valueRequired":true,"valueName":"search_term_string"}}],"inLanguage":"es"},{"@type":"Organization","@id":"https:\/\/pagina10.com\/web\/#organization","name":"P\u00e1gina10","alternateName":"P\u00e1gina10 Peri\u00f3dico Regional","url":"https:\/\/pagina10.com\/web\/","logo":{"@type":"ImageObject","inLanguage":"es","@id":"https:\/\/pagina10.com\/web\/#\/schema\/logo\/image\/","url":"https:\/\/pagina10.com\/web\/wp-content\/uploads\/2024\/01\/40-pagina-10-periodico-regional-pasto.jpg","contentUrl":"https:\/\/pagina10.com\/web\/wp-content\/uploads\/2024\/01\/40-pagina-10-periodico-regional-pasto.jpg","width":1280,"height":720,"caption":"P\u00e1gina10"},"image":{"@id":"https:\/\/pagina10.com\/web\/#\/schema\/logo\/image\/"},"sameAs":["https:\/\/www.facebook.com\/pag10com","https:\/\/x.com\/Pag10com","https:\/\/www.instagram.com\/pagina10col\/","https:\/\/youtube.com\/channel\/pag10","https:\/\/www.tiktok.com\/@p10col"]},{"@type":"Person","@id":"https:\/\/pagina10.com\/web\/#\/schema\/person\/a7a5d38f0629dfc107f619fbae4f6cc3","name":"P\u00e1gina 10","description":"P\u00e1gina10.com es un peri\u00f3dico digital que nace en Colombia, en el departamento de Nari\u00f1o, con un enfoque global, fundamentado en cuatro pilares esenciales: la libertad, el pluralismo, la inclusi\u00f3n y la independencia. P\u00e1gina10.com hace referencia a Nari\u00f1o como el d\u00e9cimo departamento creado en Colombia, despu\u00e9s de un proceso pol\u00edtico liderado por actores y actrices regionales con el fin de obtener la independencia y autonom\u00eda de nuestros territorios. Con la creaci\u00f3n de P\u00e1gina10.com se pretende abrir un escenario para el dialogo, la reflexi\u00f3n y el debate que se extienda a otras geograf\u00edas de Am\u00e9rica Latina y del planeta, en una apuesta por transformar colectivamente los desaf\u00edos de un mundo contempor\u00e1neo, m\u00e1s all\u00e1 de las fronteras impuestas.","url":"https:\/\/pagina10.com\/web\/author\/mcepeda\/"}]}},"_links":{"self":[{"href":"https:\/\/pagina10.com\/web\/wp-json\/wp\/v2\/posts\/17854","targetHints":{"allow":["GET"]}}],"collection":[{"href":"https:\/\/pagina10.com\/web\/wp-json\/wp\/v2\/posts"}],"about":[{"href":"https:\/\/pagina10.com\/web\/wp-json\/wp\/v2\/types\/post"}],"author":[{"embeddable":true,"href":"https:\/\/pagina10.com\/web\/wp-json\/wp\/v2\/users\/29"}],"replies":[{"embeddable":true,"href":"https:\/\/pagina10.com\/web\/wp-json\/wp\/v2\/comments?post=17854"}],"version-history":[{"count":0,"href":"https:\/\/pagina10.com\/web\/wp-json\/wp\/v2\/posts\/17854\/revisions"}],"wp:featuredmedia":[{"embeddable":true,"href":"https:\/\/pagina10.com\/web\/wp-json\/wp\/v2\/media\/17851"}],"wp:attachment":[{"href":"https:\/\/pagina10.com\/web\/wp-json\/wp\/v2\/media?parent=17854"}],"wp:term":[{"taxonomy":"category","embeddable":true,"href":"https:\/\/pagina10.com\/web\/wp-json\/wp\/v2\/categories?post=17854"},{"taxonomy":"post_tag","embeddable":true,"href":"https:\/\/pagina10.com\/web\/wp-json\/wp\/v2\/tags?post=17854"}],"curies":[{"name":"wp","href":"https:\/\/api.w.org\/{rel}","templated":true}]}}