{"id":17860,"date":"2015-09-26T00:27:17","date_gmt":"2015-09-26T00:27:17","guid":{"rendered":"https:\/\/pagina10.com\/web\/este-sabado-26-pasa-la-tarde-en-bulevar-en-la-avenida-idema\/"},"modified":"2015-09-26T00:27:17","modified_gmt":"2015-09-26T00:27:17","slug":"este-sabado-26-pasa-la-tarde-en-bulevar-en-la-avenida-idema","status":"publish","type":"post","link":"https:\/\/pagina10.com\/web\/este-sabado-26-pasa-la-tarde-en-bulevar-en-la-avenida-idema\/","title":{"rendered":"Este s\u00e1bado 26 pasa la tarde en Bulevar en la Avenida Idema"},"content":{"rendered":"<p><img fetchpriority=\"high\" decoding=\"async\" class=\" size-full wp-image-17859\" src=\"https:\/\/pagina10.com\/web\/wp-content\/uploads\/2015\/09\/23ccc50b42e2527f4169e24c410d4363.jpg\" alt=\"\" width=\"960\" height=\"624\" srcset=\"https:\/\/pagina10.com\/web\/wp-content\/uploads\/2015\/09\/23ccc50b42e2527f4169e24c410d4363.jpg 960w, https:\/\/pagina10.com\/web\/wp-content\/uploads\/2015\/09\/23ccc50b42e2527f4169e24c410d4363-300x195.jpg 300w, https:\/\/pagina10.com\/web\/wp-content\/uploads\/2015\/09\/23ccc50b42e2527f4169e24c410d4363-768x499.jpg 768w, https:\/\/pagina10.com\/web\/wp-content\/uploads\/2015\/09\/23ccc50b42e2527f4169e24c410d4363-210x136.jpg 210w\" sizes=\"(max-width: 960px) 100vw, 960px\" \/><\/p>\n<p style=\"text-align: justify;\">En el marco de la celebraci\u00f3n de la Primera Semana Nacional de la Movilidad Sostenible &#8220;Pasto en Movimiento por la Bici&#8221; se realizar\u00e1 este 26 de septiembre desde las 4:00 de la tarde hasta 10:00 de la noche, el Bulevar en la Avenida Idema donde se podr\u00e1 apreciar diferentes actividades culturales, deportivas y gastron\u00f3micas.<\/p>\n<p style=\"text-align: justify;\">La iniciativa que se adelanta a trav\u00e9s de la Subsecretar\u00eda de Movilidad y Red Bici, tiene el objetivo de empoderar a los ciudadanos frente al espacio p\u00fablico y el uso adecuado de las cebras para los peatones, respetar a los ciclistas y manejar bien las normas de tr\u00e1nsito.<\/p>\n<p style=\"text-align: justify;\">Alejandra Maya del proyecto Cambio Cultural, indic\u00f3 que en el evento se efectuar\u00e1 una feria de artesanos con la participaci\u00f3n de la Secretar\u00eda de Cultura, se instalar\u00e1 una zona probici donde se cuenta con varios colectivos de la bicicleta entre ellos la Fundaci\u00f3n Tortuga quienes desarrollar\u00e1n una actividad trueque de bicicleta y la red bici promocionar\u00e1 el respeto de las ciclorutas y los pasos peatonales.<\/p>\n<p style=\"text-align: justify;\">Los asistentes podr\u00e1n disfrutar de teatro callejero, gastronom\u00eda con la participaci\u00f3n de graduados de la Escuela de Artes y Oficios, cine al parque con un colectivo de artistas electric bombas y el fick pack, desconectados de m\u00fasica, danzas y la campa\u00f1a respira paz del PNUD.<\/p>\n","protected":false},"excerpt":{"rendered":"<p>En el marco de la celebraci\u00f3n de la Primera Semana Nacional de la Movilidad Sostenible &#8220;Pasto en Movimiento por la Bici&#8221; se realizar\u00e1 este 26 de septiembre desde las 4:00 de la tarde hasta 10:00 de la noche, el Bulevar en la Avenida Idema donde se podr\u00e1 apreciar diferentes actividades culturales, deportivas y gastron\u00f3micas. La [&hellip;]<\/p>\n","protected":false},"author":29,"featured_media":17859,"comment_status":"open","ping_status":"open","sticky":false,"template":"","format":"standard","meta":{"footnotes":""},"categories":[1],"tags":[],"class_list":["post-17860","post","type-post","status-publish","format-standard","has-post-thumbnail","hentry","category-sin-categoria"],"yoast_head":"<!-- This site is optimized with the Yoast SEO plugin v27.1.1 - https:\/\/yoast.com\/product\/yoast-seo-wordpress\/ -->\n<title>Este s\u00e1bado 26 pasa la tarde en Bulevar en la Avenida Idema | P\u00e1gina10<\/title>\n<meta name=\"robots\" content=\"index, follow, max-snippet:-1, max-image-preview:large, max-video-preview:-1\" \/>\n<link rel=\"canonical\" href=\"https:\/\/pagina10.com\/web\/este-sabado-26-pasa-la-tarde-en-bulevar-en-la-avenida-idema\/\" \/>\n<meta property=\"og:locale\" content=\"es_ES\" \/>\n<meta property=\"og:type\" content=\"article\" \/>\n<meta property=\"og:title\" content=\"Este s\u00e1bado 26 pasa la tarde en Bulevar en la Avenida Idema | P\u00e1gina10\" \/>\n<meta property=\"og:description\" content=\"En el marco de la celebraci\u00f3n de la Primera Semana Nacional de la Movilidad Sostenible &#8220;Pasto en Movimiento por la Bici&#8221; se realizar\u00e1 este 26 de septiembre desde las 4:00 de la tarde hasta 10:00 de la noche, el Bulevar en la Avenida Idema donde se podr\u00e1 apreciar diferentes actividades culturales, deportivas y gastron\u00f3micas. La [&hellip;]\" \/>\n<meta property=\"og:url\" content=\"https:\/\/pagina10.com\/web\/este-sabado-26-pasa-la-tarde-en-bulevar-en-la-avenida-idema\/\" \/>\n<meta property=\"og:site_name\" content=\"P\u00e1gina10\" \/>\n<meta property=\"article:publisher\" content=\"https:\/\/www.facebook.com\/pag10com\" \/>\n<meta property=\"article:published_time\" content=\"2015-09-26T00:27:17+00:00\" \/>\n<meta property=\"og:image\" content=\"https:\/\/pagina10.com\/web\/wp-content\/uploads\/2015\/09\/23ccc50b42e2527f4169e24c410d4363.jpg\" \/>\n\t<meta property=\"og:image:width\" content=\"960\" \/>\n\t<meta property=\"og:image:height\" content=\"624\" \/>\n\t<meta property=\"og:image:type\" content=\"image\/jpeg\" \/>\n<meta name=\"author\" content=\"P\u00e1gina 10\" \/>\n<meta name=\"twitter:card\" content=\"summary_large_image\" \/>\n<meta name=\"twitter:creator\" content=\"@Pag10com\" \/>\n<meta name=\"twitter:site\" content=\"@Pag10com\" \/>\n<meta name=\"twitter:label1\" content=\"Escrito por\" \/>\n\t<meta name=\"twitter:data1\" content=\"P\u00e1gina 10\" \/>\n\t<meta name=\"twitter:label2\" content=\"Tiempo de lectura\" \/>\n\t<meta name=\"twitter:data2\" content=\"1 minuto\" \/>\n<script type=\"application\/ld+json\" class=\"yoast-schema-graph\">{\"@context\":\"https:\/\/schema.org\",\"@graph\":[{\"@type\":\"Article\",\"@id\":\"https:\/\/pagina10.com\/web\/este-sabado-26-pasa-la-tarde-en-bulevar-en-la-avenida-idema\/#article\",\"isPartOf\":{\"@id\":\"https:\/\/pagina10.com\/web\/este-sabado-26-pasa-la-tarde-en-bulevar-en-la-avenida-idema\/\"},\"author\":{\"name\":\"P\u00e1gina 10\",\"@id\":\"https:\/\/pagina10.com\/web\/#\/schema\/person\/a7a5d38f0629dfc107f619fbae4f6cc3\"},\"headline\":\"Este s\u00e1bado 26 pasa la tarde en Bulevar en la Avenida Idema\",\"datePublished\":\"2015-09-26T00:27:17+00:00\",\"mainEntityOfPage\":{\"@id\":\"https:\/\/pagina10.com\/web\/este-sabado-26-pasa-la-tarde-en-bulevar-en-la-avenida-idema\/\"},\"wordCount\":236,\"commentCount\":0,\"publisher\":{\"@id\":\"https:\/\/pagina10.com\/web\/#organization\"},\"image\":{\"@id\":\"https:\/\/pagina10.com\/web\/este-sabado-26-pasa-la-tarde-en-bulevar-en-la-avenida-idema\/#primaryimage\"},\"thumbnailUrl\":\"https:\/\/pagina10.com\/web\/wp-content\/uploads\/2015\/09\/23ccc50b42e2527f4169e24c410d4363.jpg\",\"inLanguage\":\"es\",\"potentialAction\":[{\"@type\":\"CommentAction\",\"name\":\"Comment\",\"target\":[\"https:\/\/pagina10.com\/web\/este-sabado-26-pasa-la-tarde-en-bulevar-en-la-avenida-idema\/#respond\"]}]},{\"@type\":\"WebPage\",\"@id\":\"https:\/\/pagina10.com\/web\/este-sabado-26-pasa-la-tarde-en-bulevar-en-la-avenida-idema\/\",\"url\":\"https:\/\/pagina10.com\/web\/este-sabado-26-pasa-la-tarde-en-bulevar-en-la-avenida-idema\/\",\"name\":\"Este s\u00e1bado 26 pasa la tarde en Bulevar en la Avenida Idema | P\u00e1gina10\",\"isPartOf\":{\"@id\":\"https:\/\/pagina10.com\/web\/#website\"},\"primaryImageOfPage\":{\"@id\":\"https:\/\/pagina10.com\/web\/este-sabado-26-pasa-la-tarde-en-bulevar-en-la-avenida-idema\/#primaryimage\"},\"image\":{\"@id\":\"https:\/\/pagina10.com\/web\/este-sabado-26-pasa-la-tarde-en-bulevar-en-la-avenida-idema\/#primaryimage\"},\"thumbnailUrl\":\"https:\/\/pagina10.com\/web\/wp-content\/uploads\/2015\/09\/23ccc50b42e2527f4169e24c410d4363.jpg\",\"datePublished\":\"2015-09-26T00:27:17+00:00\",\"breadcrumb\":{\"@id\":\"https:\/\/pagina10.com\/web\/este-sabado-26-pasa-la-tarde-en-bulevar-en-la-avenida-idema\/#breadcrumb\"},\"inLanguage\":\"es\",\"potentialAction\":[{\"@type\":\"ReadAction\",\"target\":[\"https:\/\/pagina10.com\/web\/este-sabado-26-pasa-la-tarde-en-bulevar-en-la-avenida-idema\/\"]}]},{\"@type\":\"ImageObject\",\"inLanguage\":\"es\",\"@id\":\"https:\/\/pagina10.com\/web\/este-sabado-26-pasa-la-tarde-en-bulevar-en-la-avenida-idema\/#primaryimage\",\"url\":\"https:\/\/pagina10.com\/web\/wp-content\/uploads\/2015\/09\/23ccc50b42e2527f4169e24c410d4363.jpg\",\"contentUrl\":\"https:\/\/pagina10.com\/web\/wp-content\/uploads\/2015\/09\/23ccc50b42e2527f4169e24c410d4363.jpg\",\"width\":960,\"height\":624},{\"@type\":\"BreadcrumbList\",\"@id\":\"https:\/\/pagina10.com\/web\/este-sabado-26-pasa-la-tarde-en-bulevar-en-la-avenida-idema\/#breadcrumb\",\"itemListElement\":[{\"@type\":\"ListItem\",\"position\":1,\"name\":\"Portada\",\"item\":\"https:\/\/pagina10.com\/web\/\"},{\"@type\":\"ListItem\",\"position\":2,\"name\":\"Este s\u00e1bado 26 pasa la tarde en Bulevar en la Avenida Idema\"}]},{\"@type\":\"WebSite\",\"@id\":\"https:\/\/pagina10.com\/web\/#website\",\"url\":\"https:\/\/pagina10.com\/web\/\",\"name\":\"P\u00e1gina10\",\"description\":\"Peri\u00f3dico Regional\",\"publisher\":{\"@id\":\"https:\/\/pagina10.com\/web\/#organization\"},\"alternateName\":\"P\u00e1gina10 Peri\u00f3dico Regional\",\"potentialAction\":[{\"@type\":\"SearchAction\",\"target\":{\"@type\":\"EntryPoint\",\"urlTemplate\":\"https:\/\/pagina10.com\/web\/?s={search_term_string}\"},\"query-input\":{\"@type\":\"PropertyValueSpecification\",\"valueRequired\":true,\"valueName\":\"search_term_string\"}}],\"inLanguage\":\"es\"},{\"@type\":\"Organization\",\"@id\":\"https:\/\/pagina10.com\/web\/#organization\",\"name\":\"P\u00e1gina10\",\"alternateName\":\"P\u00e1gina10 Peri\u00f3dico Regional\",\"url\":\"https:\/\/pagina10.com\/web\/\",\"logo\":{\"@type\":\"ImageObject\",\"inLanguage\":\"es\",\"@id\":\"https:\/\/pagina10.com\/web\/#\/schema\/logo\/image\/\",\"url\":\"https:\/\/pagina10.com\/web\/wp-content\/uploads\/2024\/01\/40-pagina-10-periodico-regional-pasto.jpg\",\"contentUrl\":\"https:\/\/pagina10.com\/web\/wp-content\/uploads\/2024\/01\/40-pagina-10-periodico-regional-pasto.jpg\",\"width\":1280,\"height\":720,\"caption\":\"P\u00e1gina10\"},\"image\":{\"@id\":\"https:\/\/pagina10.com\/web\/#\/schema\/logo\/image\/\"},\"sameAs\":[\"https:\/\/www.facebook.com\/pag10com\",\"https:\/\/x.com\/Pag10com\",\"https:\/\/www.instagram.com\/pagina10col\/\",\"https:\/\/youtube.com\/channel\/pag10\",\"https:\/\/www.tiktok.com\/@p10col\"]},{\"@type\":\"Person\",\"@id\":\"https:\/\/pagina10.com\/web\/#\/schema\/person\/a7a5d38f0629dfc107f619fbae4f6cc3\",\"name\":\"P\u00e1gina 10\",\"description\":\"P\u00e1gina10.com es un peri\u00f3dico digital que nace en Colombia, en el departamento de Nari\u00f1o, con un enfoque global, fundamentado en cuatro pilares esenciales: la libertad, el pluralismo, la inclusi\u00f3n y la independencia. P\u00e1gina10.com hace referencia a Nari\u00f1o como el d\u00e9cimo departamento creado en Colombia, despu\u00e9s de un proceso pol\u00edtico liderado por actores y actrices regionales con el fin de obtener la independencia y autonom\u00eda de nuestros territorios. Con la creaci\u00f3n de P\u00e1gina10.com se pretende abrir un escenario para el dialogo, la reflexi\u00f3n y el debate que se extienda a otras geograf\u00edas de Am\u00e9rica Latina y del planeta, en una apuesta por transformar colectivamente los desaf\u00edos de un mundo contempor\u00e1neo, m\u00e1s all\u00e1 de las fronteras impuestas.\",\"url\":\"https:\/\/pagina10.com\/web\/author\/mcepeda\/\"}]}<\/script>\n<!-- \/ Yoast SEO plugin. -->","yoast_head_json":{"title":"Este s\u00e1bado 26 pasa la tarde en Bulevar en la Avenida Idema | P\u00e1gina10","robots":{"index":"index","follow":"follow","max-snippet":"max-snippet:-1","max-image-preview":"max-image-preview:large","max-video-preview":"max-video-preview:-1"},"canonical":"https:\/\/pagina10.com\/web\/este-sabado-26-pasa-la-tarde-en-bulevar-en-la-avenida-idema\/","og_locale":"es_ES","og_type":"article","og_title":"Este s\u00e1bado 26 pasa la tarde en Bulevar en la Avenida Idema | P\u00e1gina10","og_description":"En el marco de la celebraci\u00f3n de la Primera Semana Nacional de la Movilidad Sostenible &#8220;Pasto en Movimiento por la Bici&#8221; se realizar\u00e1 este 26 de septiembre desde las 4:00 de la tarde hasta 10:00 de la noche, el Bulevar en la Avenida Idema donde se podr\u00e1 apreciar diferentes actividades culturales, deportivas y gastron\u00f3micas. La [&hellip;]","og_url":"https:\/\/pagina10.com\/web\/este-sabado-26-pasa-la-tarde-en-bulevar-en-la-avenida-idema\/","og_site_name":"P\u00e1gina10","article_publisher":"https:\/\/www.facebook.com\/pag10com","article_published_time":"2015-09-26T00:27:17+00:00","og_image":[{"width":960,"height":624,"url":"https:\/\/pagina10.com\/web\/wp-content\/uploads\/2015\/09\/23ccc50b42e2527f4169e24c410d4363.jpg","type":"image\/jpeg"}],"author":"P\u00e1gina 10","twitter_card":"summary_large_image","twitter_creator":"@Pag10com","twitter_site":"@Pag10com","twitter_misc":{"Escrito por":"P\u00e1gina 10","Tiempo de lectura":"1 minuto"},"schema":{"@context":"https:\/\/schema.org","@graph":[{"@type":"Article","@id":"https:\/\/pagina10.com\/web\/este-sabado-26-pasa-la-tarde-en-bulevar-en-la-avenida-idema\/#article","isPartOf":{"@id":"https:\/\/pagina10.com\/web\/este-sabado-26-pasa-la-tarde-en-bulevar-en-la-avenida-idema\/"},"author":{"name":"P\u00e1gina 10","@id":"https:\/\/pagina10.com\/web\/#\/schema\/person\/a7a5d38f0629dfc107f619fbae4f6cc3"},"headline":"Este s\u00e1bado 26 pasa la tarde en Bulevar en la Avenida Idema","datePublished":"2015-09-26T00:27:17+00:00","mainEntityOfPage":{"@id":"https:\/\/pagina10.com\/web\/este-sabado-26-pasa-la-tarde-en-bulevar-en-la-avenida-idema\/"},"wordCount":236,"commentCount":0,"publisher":{"@id":"https:\/\/pagina10.com\/web\/#organization"},"image":{"@id":"https:\/\/pagina10.com\/web\/este-sabado-26-pasa-la-tarde-en-bulevar-en-la-avenida-idema\/#primaryimage"},"thumbnailUrl":"https:\/\/pagina10.com\/web\/wp-content\/uploads\/2015\/09\/23ccc50b42e2527f4169e24c410d4363.jpg","inLanguage":"es","potentialAction":[{"@type":"CommentAction","name":"Comment","target":["https:\/\/pagina10.com\/web\/este-sabado-26-pasa-la-tarde-en-bulevar-en-la-avenida-idema\/#respond"]}]},{"@type":"WebPage","@id":"https:\/\/pagina10.com\/web\/este-sabado-26-pasa-la-tarde-en-bulevar-en-la-avenida-idema\/","url":"https:\/\/pagina10.com\/web\/este-sabado-26-pasa-la-tarde-en-bulevar-en-la-avenida-idema\/","name":"Este s\u00e1bado 26 pasa la tarde en Bulevar en la Avenida Idema | P\u00e1gina10","isPartOf":{"@id":"https:\/\/pagina10.com\/web\/#website"},"primaryImageOfPage":{"@id":"https:\/\/pagina10.com\/web\/este-sabado-26-pasa-la-tarde-en-bulevar-en-la-avenida-idema\/#primaryimage"},"image":{"@id":"https:\/\/pagina10.com\/web\/este-sabado-26-pasa-la-tarde-en-bulevar-en-la-avenida-idema\/#primaryimage"},"thumbnailUrl":"https:\/\/pagina10.com\/web\/wp-content\/uploads\/2015\/09\/23ccc50b42e2527f4169e24c410d4363.jpg","datePublished":"2015-09-26T00:27:17+00:00","breadcrumb":{"@id":"https:\/\/pagina10.com\/web\/este-sabado-26-pasa-la-tarde-en-bulevar-en-la-avenida-idema\/#breadcrumb"},"inLanguage":"es","potentialAction":[{"@type":"ReadAction","target":["https:\/\/pagina10.com\/web\/este-sabado-26-pasa-la-tarde-en-bulevar-en-la-avenida-idema\/"]}]},{"@type":"ImageObject","inLanguage":"es","@id":"https:\/\/pagina10.com\/web\/este-sabado-26-pasa-la-tarde-en-bulevar-en-la-avenida-idema\/#primaryimage","url":"https:\/\/pagina10.com\/web\/wp-content\/uploads\/2015\/09\/23ccc50b42e2527f4169e24c410d4363.jpg","contentUrl":"https:\/\/pagina10.com\/web\/wp-content\/uploads\/2015\/09\/23ccc50b42e2527f4169e24c410d4363.jpg","width":960,"height":624},{"@type":"BreadcrumbList","@id":"https:\/\/pagina10.com\/web\/este-sabado-26-pasa-la-tarde-en-bulevar-en-la-avenida-idema\/#breadcrumb","itemListElement":[{"@type":"ListItem","position":1,"name":"Portada","item":"https:\/\/pagina10.com\/web\/"},{"@type":"ListItem","position":2,"name":"Este s\u00e1bado 26 pasa la tarde en Bulevar en la Avenida Idema"}]},{"@type":"WebSite","@id":"https:\/\/pagina10.com\/web\/#website","url":"https:\/\/pagina10.com\/web\/","name":"P\u00e1gina10","description":"Peri\u00f3dico Regional","publisher":{"@id":"https:\/\/pagina10.com\/web\/#organization"},"alternateName":"P\u00e1gina10 Peri\u00f3dico Regional","potentialAction":[{"@type":"SearchAction","target":{"@type":"EntryPoint","urlTemplate":"https:\/\/pagina10.com\/web\/?s={search_term_string}"},"query-input":{"@type":"PropertyValueSpecification","valueRequired":true,"valueName":"search_term_string"}}],"inLanguage":"es"},{"@type":"Organization","@id":"https:\/\/pagina10.com\/web\/#organization","name":"P\u00e1gina10","alternateName":"P\u00e1gina10 Peri\u00f3dico Regional","url":"https:\/\/pagina10.com\/web\/","logo":{"@type":"ImageObject","inLanguage":"es","@id":"https:\/\/pagina10.com\/web\/#\/schema\/logo\/image\/","url":"https:\/\/pagina10.com\/web\/wp-content\/uploads\/2024\/01\/40-pagina-10-periodico-regional-pasto.jpg","contentUrl":"https:\/\/pagina10.com\/web\/wp-content\/uploads\/2024\/01\/40-pagina-10-periodico-regional-pasto.jpg","width":1280,"height":720,"caption":"P\u00e1gina10"},"image":{"@id":"https:\/\/pagina10.com\/web\/#\/schema\/logo\/image\/"},"sameAs":["https:\/\/www.facebook.com\/pag10com","https:\/\/x.com\/Pag10com","https:\/\/www.instagram.com\/pagina10col\/","https:\/\/youtube.com\/channel\/pag10","https:\/\/www.tiktok.com\/@p10col"]},{"@type":"Person","@id":"https:\/\/pagina10.com\/web\/#\/schema\/person\/a7a5d38f0629dfc107f619fbae4f6cc3","name":"P\u00e1gina 10","description":"P\u00e1gina10.com es un peri\u00f3dico digital que nace en Colombia, en el departamento de Nari\u00f1o, con un enfoque global, fundamentado en cuatro pilares esenciales: la libertad, el pluralismo, la inclusi\u00f3n y la independencia. P\u00e1gina10.com hace referencia a Nari\u00f1o como el d\u00e9cimo departamento creado en Colombia, despu\u00e9s de un proceso pol\u00edtico liderado por actores y actrices regionales con el fin de obtener la independencia y autonom\u00eda de nuestros territorios. Con la creaci\u00f3n de P\u00e1gina10.com se pretende abrir un escenario para el dialogo, la reflexi\u00f3n y el debate que se extienda a otras geograf\u00edas de Am\u00e9rica Latina y del planeta, en una apuesta por transformar colectivamente los desaf\u00edos de un mundo contempor\u00e1neo, m\u00e1s all\u00e1 de las fronteras impuestas.","url":"https:\/\/pagina10.com\/web\/author\/mcepeda\/"}]}},"_links":{"self":[{"href":"https:\/\/pagina10.com\/web\/wp-json\/wp\/v2\/posts\/17860","targetHints":{"allow":["GET"]}}],"collection":[{"href":"https:\/\/pagina10.com\/web\/wp-json\/wp\/v2\/posts"}],"about":[{"href":"https:\/\/pagina10.com\/web\/wp-json\/wp\/v2\/types\/post"}],"author":[{"embeddable":true,"href":"https:\/\/pagina10.com\/web\/wp-json\/wp\/v2\/users\/29"}],"replies":[{"embeddable":true,"href":"https:\/\/pagina10.com\/web\/wp-json\/wp\/v2\/comments?post=17860"}],"version-history":[{"count":0,"href":"https:\/\/pagina10.com\/web\/wp-json\/wp\/v2\/posts\/17860\/revisions"}],"wp:featuredmedia":[{"embeddable":true,"href":"https:\/\/pagina10.com\/web\/wp-json\/wp\/v2\/media\/17859"}],"wp:attachment":[{"href":"https:\/\/pagina10.com\/web\/wp-json\/wp\/v2\/media?parent=17860"}],"wp:term":[{"taxonomy":"category","embeddable":true,"href":"https:\/\/pagina10.com\/web\/wp-json\/wp\/v2\/categories?post=17860"},{"taxonomy":"post_tag","embeddable":true,"href":"https:\/\/pagina10.com\/web\/wp-json\/wp\/v2\/tags?post=17860"}],"curies":[{"name":"wp","href":"https:\/\/api.w.org\/{rel}","templated":true}]}}