{"id":17862,"date":"2015-09-27T02:00:29","date_gmt":"2015-09-27T02:00:29","guid":{"rendered":"https:\/\/pagina10.com\/web\/un-inmigrante-hablando-de-inmigracion-desde-estados-unidos-el-papa-francisco\/"},"modified":"2015-09-27T02:00:29","modified_gmt":"2015-09-27T02:00:29","slug":"un-inmigrante-hablando-de-inmigracion-desde-estados-unidos-el-papa-francisco","status":"publish","type":"post","link":"https:\/\/pagina10.com\/web\/un-inmigrante-hablando-de-inmigracion-desde-estados-unidos-el-papa-francisco\/","title":{"rendered":"Un inmigrante, hablando de inmigraci\u00f3n desde Estados Unidos: el papa Francisco."},"content":{"rendered":"<p><img fetchpriority=\"high\" decoding=\"async\" class=\" size-full wp-image-17861\" src=\"https:\/\/pagina10.com\/web\/wp-content\/uploads\/2015\/09\/c785e540147793feae8af2b4fc86a9bb.jpg\" alt=\"\" width=\"770\" height=\"433\" srcset=\"https:\/\/pagina10.com\/web\/wp-content\/uploads\/2015\/09\/c785e540147793feae8af2b4fc86a9bb.jpg 770w, https:\/\/pagina10.com\/web\/wp-content\/uploads\/2015\/09\/c785e540147793feae8af2b4fc86a9bb-300x169.jpg 300w, https:\/\/pagina10.com\/web\/wp-content\/uploads\/2015\/09\/c785e540147793feae8af2b4fc86a9bb-768x432.jpg 768w\" sizes=\"(max-width: 770px) 100vw, 770px\" \/><\/p>\n<div style=\"text-align: justify;\">Desde el coraz\u00f3n de la democracia norteamericana, el papa Francisco lanz\u00f3 un s.o.s al mundo para que la globalizaci\u00f3n no se convierta en un \u201ctsunami\u201d en contra de la libertad religiosa, el respeto a la vida, la vigencia de los derechos individuales y colectivos e insisti\u00f3 que la paz se puede construir desde el respeto a las diferencias.<\/div>\n<div style=\"text-align: justify;\">&nbsp;<\/div>\n<div style=\"text-align: justify;\">En una acto multitudinario \u2013donde los estadounidenses rompieron el protocolo- el m\u00e1ximo Jerarca de la Iglesia Cat\u00f3lica se\u00f1al\u00f3 que el poder de los pa\u00edses \u2013econ\u00f3mico y pol\u00edtico- no puede edificarse arrasando a los m\u00e1s d\u00e9biles, a trav\u00e9s de la vulneraci\u00f3n de sus derechos. \u201cNo es sano. Destruye la dignidad humana\u201d, anot\u00f3<\/div>\n<div style=\"text-align: justify;\">&nbsp;<\/div>\n<div style=\"text-align: justify;\">El papa Francisco \u2013un inmigrante hijo de italianos- le habl\u00f3 con el coraz\u00f3n al planeta, en particular aspirantes a la primera magistratura de los Estados Unidos Donald Trump, qui\u00e9n basa su campa\u00f1a con la propuesta de expulsar a los inmigrantes, si llega a la Casa Blanca, en un hecho que marcar\u00e1 la agenda p\u00fablica del pa\u00eds, una vez el inquilino del Vaticano, regrese de rumbo a Roma, tras una gira que se comentar\u00e1 por a\u00f1os por la profundidad de su mensaje y el contenido de sus discursos.<\/div>\n<div style=\"text-align: justify;\">&nbsp;<\/div>\n<div style=\"text-align: justify;\">No hay que olvidar que la edificaci\u00f3n de Estados Unidos como pa\u00eds \u2013a a la altura de la segunda d\u00e9cada del siglo XXI- se ha logrado gracias al trabajo de hombres y mujeres inmigrantes de M\u00e9xico, Ecuador, Colombia, Per\u00fa, Honduras, Chile, Costa Rica, Argentina,y Bolivia entre otros, qui\u00e9n dejaron su pa\u00eds de origen para ser protagonistas del llamado \u201csue\u00f1o americano\u201d.<\/div>\n<div style=\"text-align: justify;\">&nbsp;<\/div>\n<div dir=\"ltr\" style=\"text-align: justify;\">&nbsp;<\/div>\n<div dir=\"ltr\" style=\"text-align: justify;\">El papa Francisco fue enf\u00e1tico que la globalizaci\u00f3n es \u201cmala, cuando destruye la riqueza humana, cultural y natural de cada sitio del planeta. La globalizaci\u00f3n es buena, cuando se respeta las diferencias\u201d. Sus palabras levantaron la ovaci\u00f3n de los fieles y de personas de otras religiones, presentes en Filadelfia<\/div>\n","protected":false},"excerpt":{"rendered":"<p>Desde el coraz\u00f3n de la democracia norteamericana, el papa Francisco lanz\u00f3 un s.o.s al mundo para que la globalizaci\u00f3n no se convierta en un \u201ctsunami\u201d en contra de la libertad religiosa, el respeto a la vida, la vigencia de los derechos individuales y colectivos e insisti\u00f3 que la paz se puede construir desde el respeto [&hellip;]<\/p>\n","protected":false},"author":38,"featured_media":17861,"comment_status":"open","ping_status":"open","sticky":false,"template":"","format":"standard","meta":{"footnotes":""},"categories":[1],"tags":[],"class_list":["post-17862","post","type-post","status-publish","format-standard","has-post-thumbnail","hentry","category-sin-categoria"],"yoast_head":"<!-- This site is optimized with the Yoast SEO plugin v27.1.1 - https:\/\/yoast.com\/product\/yoast-seo-wordpress\/ -->\n<title>Un inmigrante, hablando de inmigraci\u00f3n desde Estados Unidos: el papa Francisco. | P\u00e1gina10<\/title>\n<meta name=\"robots\" content=\"index, follow, max-snippet:-1, max-image-preview:large, max-video-preview:-1\" \/>\n<link rel=\"canonical\" href=\"https:\/\/pagina10.com\/web\/un-inmigrante-hablando-de-inmigracion-desde-estados-unidos-el-papa-francisco\/\" \/>\n<meta property=\"og:locale\" content=\"es_ES\" \/>\n<meta property=\"og:type\" content=\"article\" \/>\n<meta property=\"og:title\" content=\"Un inmigrante, hablando de inmigraci\u00f3n desde Estados Unidos: el papa Francisco. | P\u00e1gina10\" \/>\n<meta property=\"og:description\" content=\"Desde el coraz\u00f3n de la democracia norteamericana, el papa Francisco lanz\u00f3 un s.o.s al mundo para que la globalizaci\u00f3n no se convierta en un \u201ctsunami\u201d en contra de la libertad religiosa, el respeto a la vida, la vigencia de los derechos individuales y colectivos e insisti\u00f3 que la paz se puede construir desde el respeto [&hellip;]\" \/>\n<meta property=\"og:url\" content=\"https:\/\/pagina10.com\/web\/un-inmigrante-hablando-de-inmigracion-desde-estados-unidos-el-papa-francisco\/\" \/>\n<meta property=\"og:site_name\" content=\"P\u00e1gina10\" \/>\n<meta property=\"article:publisher\" content=\"https:\/\/www.facebook.com\/pag10com\" \/>\n<meta property=\"article:published_time\" content=\"2015-09-27T02:00:29+00:00\" \/>\n<meta property=\"og:image\" content=\"https:\/\/pagina10.com\/web\/wp-content\/uploads\/2015\/09\/c785e540147793feae8af2b4fc86a9bb.jpg\" \/>\n\t<meta property=\"og:image:width\" content=\"770\" \/>\n\t<meta property=\"og:image:height\" content=\"433\" \/>\n\t<meta property=\"og:image:type\" content=\"image\/jpeg\" \/>\n<meta name=\"author\" content=\"Carlos Villota Santacruz.\" \/>\n<meta name=\"twitter:card\" content=\"summary_large_image\" \/>\n<meta name=\"twitter:creator\" content=\"@Pag10com\" \/>\n<meta name=\"twitter:site\" content=\"@Pag10com\" \/>\n<meta name=\"twitter:label1\" content=\"Escrito por\" \/>\n\t<meta name=\"twitter:data1\" content=\"Carlos Villota Santacruz.\" \/>\n\t<meta name=\"twitter:label2\" content=\"Tiempo de lectura\" \/>\n\t<meta name=\"twitter:data2\" content=\"2 minutos\" \/>\n<script type=\"application\/ld+json\" class=\"yoast-schema-graph\">{\"@context\":\"https:\/\/schema.org\",\"@graph\":[{\"@type\":\"Article\",\"@id\":\"https:\/\/pagina10.com\/web\/un-inmigrante-hablando-de-inmigracion-desde-estados-unidos-el-papa-francisco\/#article\",\"isPartOf\":{\"@id\":\"https:\/\/pagina10.com\/web\/un-inmigrante-hablando-de-inmigracion-desde-estados-unidos-el-papa-francisco\/\"},\"author\":{\"name\":\"Carlos Villota Santacruz.\",\"@id\":\"https:\/\/pagina10.com\/web\/#\/schema\/person\/b459e2d15ec5ba9d5a2c9a81c71c4f7b\"},\"headline\":\"Un inmigrante, hablando de inmigraci\u00f3n desde Estados Unidos: el papa Francisco.\",\"datePublished\":\"2015-09-27T02:00:29+00:00\",\"mainEntityOfPage\":{\"@id\":\"https:\/\/pagina10.com\/web\/un-inmigrante-hablando-de-inmigracion-desde-estados-unidos-el-papa-francisco\/\"},\"wordCount\":354,\"commentCount\":0,\"publisher\":{\"@id\":\"https:\/\/pagina10.com\/web\/#organization\"},\"image\":{\"@id\":\"https:\/\/pagina10.com\/web\/un-inmigrante-hablando-de-inmigracion-desde-estados-unidos-el-papa-francisco\/#primaryimage\"},\"thumbnailUrl\":\"https:\/\/pagina10.com\/web\/wp-content\/uploads\/2015\/09\/c785e540147793feae8af2b4fc86a9bb.jpg\",\"inLanguage\":\"es\",\"potentialAction\":[{\"@type\":\"CommentAction\",\"name\":\"Comment\",\"target\":[\"https:\/\/pagina10.com\/web\/un-inmigrante-hablando-de-inmigracion-desde-estados-unidos-el-papa-francisco\/#respond\"]}]},{\"@type\":\"WebPage\",\"@id\":\"https:\/\/pagina10.com\/web\/un-inmigrante-hablando-de-inmigracion-desde-estados-unidos-el-papa-francisco\/\",\"url\":\"https:\/\/pagina10.com\/web\/un-inmigrante-hablando-de-inmigracion-desde-estados-unidos-el-papa-francisco\/\",\"name\":\"Un inmigrante, hablando de inmigraci\u00f3n desde Estados Unidos: el papa Francisco. | P\u00e1gina10\",\"isPartOf\":{\"@id\":\"https:\/\/pagina10.com\/web\/#website\"},\"primaryImageOfPage\":{\"@id\":\"https:\/\/pagina10.com\/web\/un-inmigrante-hablando-de-inmigracion-desde-estados-unidos-el-papa-francisco\/#primaryimage\"},\"image\":{\"@id\":\"https:\/\/pagina10.com\/web\/un-inmigrante-hablando-de-inmigracion-desde-estados-unidos-el-papa-francisco\/#primaryimage\"},\"thumbnailUrl\":\"https:\/\/pagina10.com\/web\/wp-content\/uploads\/2015\/09\/c785e540147793feae8af2b4fc86a9bb.jpg\",\"datePublished\":\"2015-09-27T02:00:29+00:00\",\"breadcrumb\":{\"@id\":\"https:\/\/pagina10.com\/web\/un-inmigrante-hablando-de-inmigracion-desde-estados-unidos-el-papa-francisco\/#breadcrumb\"},\"inLanguage\":\"es\",\"potentialAction\":[{\"@type\":\"ReadAction\",\"target\":[\"https:\/\/pagina10.com\/web\/un-inmigrante-hablando-de-inmigracion-desde-estados-unidos-el-papa-francisco\/\"]}]},{\"@type\":\"ImageObject\",\"inLanguage\":\"es\",\"@id\":\"https:\/\/pagina10.com\/web\/un-inmigrante-hablando-de-inmigracion-desde-estados-unidos-el-papa-francisco\/#primaryimage\",\"url\":\"https:\/\/pagina10.com\/web\/wp-content\/uploads\/2015\/09\/c785e540147793feae8af2b4fc86a9bb.jpg\",\"contentUrl\":\"https:\/\/pagina10.com\/web\/wp-content\/uploads\/2015\/09\/c785e540147793feae8af2b4fc86a9bb.jpg\",\"width\":770,\"height\":433},{\"@type\":\"BreadcrumbList\",\"@id\":\"https:\/\/pagina10.com\/web\/un-inmigrante-hablando-de-inmigracion-desde-estados-unidos-el-papa-francisco\/#breadcrumb\",\"itemListElement\":[{\"@type\":\"ListItem\",\"position\":1,\"name\":\"Portada\",\"item\":\"https:\/\/pagina10.com\/web\/\"},{\"@type\":\"ListItem\",\"position\":2,\"name\":\"Un inmigrante, hablando de inmigraci\u00f3n desde Estados Unidos: el papa Francisco.\"}]},{\"@type\":\"WebSite\",\"@id\":\"https:\/\/pagina10.com\/web\/#website\",\"url\":\"https:\/\/pagina10.com\/web\/\",\"name\":\"P\u00e1gina10\",\"description\":\"Peri\u00f3dico Regional\",\"publisher\":{\"@id\":\"https:\/\/pagina10.com\/web\/#organization\"},\"alternateName\":\"P\u00e1gina10 Peri\u00f3dico Regional\",\"potentialAction\":[{\"@type\":\"SearchAction\",\"target\":{\"@type\":\"EntryPoint\",\"urlTemplate\":\"https:\/\/pagina10.com\/web\/?s={search_term_string}\"},\"query-input\":{\"@type\":\"PropertyValueSpecification\",\"valueRequired\":true,\"valueName\":\"search_term_string\"}}],\"inLanguage\":\"es\"},{\"@type\":\"Organization\",\"@id\":\"https:\/\/pagina10.com\/web\/#organization\",\"name\":\"P\u00e1gina10\",\"alternateName\":\"P\u00e1gina10 Peri\u00f3dico Regional\",\"url\":\"https:\/\/pagina10.com\/web\/\",\"logo\":{\"@type\":\"ImageObject\",\"inLanguage\":\"es\",\"@id\":\"https:\/\/pagina10.com\/web\/#\/schema\/logo\/image\/\",\"url\":\"https:\/\/pagina10.com\/web\/wp-content\/uploads\/2024\/01\/40-pagina-10-periodico-regional-pasto.jpg\",\"contentUrl\":\"https:\/\/pagina10.com\/web\/wp-content\/uploads\/2024\/01\/40-pagina-10-periodico-regional-pasto.jpg\",\"width\":1280,\"height\":720,\"caption\":\"P\u00e1gina10\"},\"image\":{\"@id\":\"https:\/\/pagina10.com\/web\/#\/schema\/logo\/image\/\"},\"sameAs\":[\"https:\/\/www.facebook.com\/pag10com\",\"https:\/\/x.com\/Pag10com\",\"https:\/\/www.instagram.com\/pagina10col\/\",\"https:\/\/youtube.com\/channel\/pag10\",\"https:\/\/www.tiktok.com\/@p10col\"]},{\"@type\":\"Person\",\"@id\":\"https:\/\/pagina10.com\/web\/#\/schema\/person\/b459e2d15ec5ba9d5a2c9a81c71c4f7b\",\"name\":\"Carlos Villota Santacruz.\",\"description\":\"Internacionalista-Comunicador Social y Periodista. Experto en Comunicaci\u00f3n para el desarrollo y ciudad-regi\u00f3n.. Promotor de proyectos e investigaci\u00f3n comunicativa en radio, prensa y televisi\u00f3n. Experiencia en el manejo de imagen externa, interna y protocolaria de entidades p\u00fablicas y privadas, encuentros culturales, empresariales y ambientales. Docente en el \u00e1rea de televisi\u00f3n, relaciones internacionales y bloques econ\u00f3micos. Experto y conferencista en temas de marketing pol\u00edtico, marketing de ciudad, integraci\u00f3n cultural, TLC y desarrollo urban\u00edstico. E-mail: villotasantacruzcarlos@yahoo.com.co\",\"url\":\"https:\/\/pagina10.com\/web\/author\/cvillota\/\"}]}<\/script>\n<!-- \/ Yoast SEO plugin. -->","yoast_head_json":{"title":"Un inmigrante, hablando de inmigraci\u00f3n desde Estados Unidos: el papa Francisco. | P\u00e1gina10","robots":{"index":"index","follow":"follow","max-snippet":"max-snippet:-1","max-image-preview":"max-image-preview:large","max-video-preview":"max-video-preview:-1"},"canonical":"https:\/\/pagina10.com\/web\/un-inmigrante-hablando-de-inmigracion-desde-estados-unidos-el-papa-francisco\/","og_locale":"es_ES","og_type":"article","og_title":"Un inmigrante, hablando de inmigraci\u00f3n desde Estados Unidos: el papa Francisco. | P\u00e1gina10","og_description":"Desde el coraz\u00f3n de la democracia norteamericana, el papa Francisco lanz\u00f3 un s.o.s al mundo para que la globalizaci\u00f3n no se convierta en un \u201ctsunami\u201d en contra de la libertad religiosa, el respeto a la vida, la vigencia de los derechos individuales y colectivos e insisti\u00f3 que la paz se puede construir desde el respeto [&hellip;]","og_url":"https:\/\/pagina10.com\/web\/un-inmigrante-hablando-de-inmigracion-desde-estados-unidos-el-papa-francisco\/","og_site_name":"P\u00e1gina10","article_publisher":"https:\/\/www.facebook.com\/pag10com","article_published_time":"2015-09-27T02:00:29+00:00","og_image":[{"width":770,"height":433,"url":"https:\/\/pagina10.com\/web\/wp-content\/uploads\/2015\/09\/c785e540147793feae8af2b4fc86a9bb.jpg","type":"image\/jpeg"}],"author":"Carlos Villota Santacruz.","twitter_card":"summary_large_image","twitter_creator":"@Pag10com","twitter_site":"@Pag10com","twitter_misc":{"Escrito por":"Carlos Villota Santacruz.","Tiempo de lectura":"2 minutos"},"schema":{"@context":"https:\/\/schema.org","@graph":[{"@type":"Article","@id":"https:\/\/pagina10.com\/web\/un-inmigrante-hablando-de-inmigracion-desde-estados-unidos-el-papa-francisco\/#article","isPartOf":{"@id":"https:\/\/pagina10.com\/web\/un-inmigrante-hablando-de-inmigracion-desde-estados-unidos-el-papa-francisco\/"},"author":{"name":"Carlos Villota Santacruz.","@id":"https:\/\/pagina10.com\/web\/#\/schema\/person\/b459e2d15ec5ba9d5a2c9a81c71c4f7b"},"headline":"Un inmigrante, hablando de inmigraci\u00f3n desde Estados Unidos: el papa Francisco.","datePublished":"2015-09-27T02:00:29+00:00","mainEntityOfPage":{"@id":"https:\/\/pagina10.com\/web\/un-inmigrante-hablando-de-inmigracion-desde-estados-unidos-el-papa-francisco\/"},"wordCount":354,"commentCount":0,"publisher":{"@id":"https:\/\/pagina10.com\/web\/#organization"},"image":{"@id":"https:\/\/pagina10.com\/web\/un-inmigrante-hablando-de-inmigracion-desde-estados-unidos-el-papa-francisco\/#primaryimage"},"thumbnailUrl":"https:\/\/pagina10.com\/web\/wp-content\/uploads\/2015\/09\/c785e540147793feae8af2b4fc86a9bb.jpg","inLanguage":"es","potentialAction":[{"@type":"CommentAction","name":"Comment","target":["https:\/\/pagina10.com\/web\/un-inmigrante-hablando-de-inmigracion-desde-estados-unidos-el-papa-francisco\/#respond"]}]},{"@type":"WebPage","@id":"https:\/\/pagina10.com\/web\/un-inmigrante-hablando-de-inmigracion-desde-estados-unidos-el-papa-francisco\/","url":"https:\/\/pagina10.com\/web\/un-inmigrante-hablando-de-inmigracion-desde-estados-unidos-el-papa-francisco\/","name":"Un inmigrante, hablando de inmigraci\u00f3n desde Estados Unidos: el papa Francisco. | P\u00e1gina10","isPartOf":{"@id":"https:\/\/pagina10.com\/web\/#website"},"primaryImageOfPage":{"@id":"https:\/\/pagina10.com\/web\/un-inmigrante-hablando-de-inmigracion-desde-estados-unidos-el-papa-francisco\/#primaryimage"},"image":{"@id":"https:\/\/pagina10.com\/web\/un-inmigrante-hablando-de-inmigracion-desde-estados-unidos-el-papa-francisco\/#primaryimage"},"thumbnailUrl":"https:\/\/pagina10.com\/web\/wp-content\/uploads\/2015\/09\/c785e540147793feae8af2b4fc86a9bb.jpg","datePublished":"2015-09-27T02:00:29+00:00","breadcrumb":{"@id":"https:\/\/pagina10.com\/web\/un-inmigrante-hablando-de-inmigracion-desde-estados-unidos-el-papa-francisco\/#breadcrumb"},"inLanguage":"es","potentialAction":[{"@type":"ReadAction","target":["https:\/\/pagina10.com\/web\/un-inmigrante-hablando-de-inmigracion-desde-estados-unidos-el-papa-francisco\/"]}]},{"@type":"ImageObject","inLanguage":"es","@id":"https:\/\/pagina10.com\/web\/un-inmigrante-hablando-de-inmigracion-desde-estados-unidos-el-papa-francisco\/#primaryimage","url":"https:\/\/pagina10.com\/web\/wp-content\/uploads\/2015\/09\/c785e540147793feae8af2b4fc86a9bb.jpg","contentUrl":"https:\/\/pagina10.com\/web\/wp-content\/uploads\/2015\/09\/c785e540147793feae8af2b4fc86a9bb.jpg","width":770,"height":433},{"@type":"BreadcrumbList","@id":"https:\/\/pagina10.com\/web\/un-inmigrante-hablando-de-inmigracion-desde-estados-unidos-el-papa-francisco\/#breadcrumb","itemListElement":[{"@type":"ListItem","position":1,"name":"Portada","item":"https:\/\/pagina10.com\/web\/"},{"@type":"ListItem","position":2,"name":"Un inmigrante, hablando de inmigraci\u00f3n desde Estados Unidos: el papa Francisco."}]},{"@type":"WebSite","@id":"https:\/\/pagina10.com\/web\/#website","url":"https:\/\/pagina10.com\/web\/","name":"P\u00e1gina10","description":"Peri\u00f3dico Regional","publisher":{"@id":"https:\/\/pagina10.com\/web\/#organization"},"alternateName":"P\u00e1gina10 Peri\u00f3dico Regional","potentialAction":[{"@type":"SearchAction","target":{"@type":"EntryPoint","urlTemplate":"https:\/\/pagina10.com\/web\/?s={search_term_string}"},"query-input":{"@type":"PropertyValueSpecification","valueRequired":true,"valueName":"search_term_string"}}],"inLanguage":"es"},{"@type":"Organization","@id":"https:\/\/pagina10.com\/web\/#organization","name":"P\u00e1gina10","alternateName":"P\u00e1gina10 Peri\u00f3dico Regional","url":"https:\/\/pagina10.com\/web\/","logo":{"@type":"ImageObject","inLanguage":"es","@id":"https:\/\/pagina10.com\/web\/#\/schema\/logo\/image\/","url":"https:\/\/pagina10.com\/web\/wp-content\/uploads\/2024\/01\/40-pagina-10-periodico-regional-pasto.jpg","contentUrl":"https:\/\/pagina10.com\/web\/wp-content\/uploads\/2024\/01\/40-pagina-10-periodico-regional-pasto.jpg","width":1280,"height":720,"caption":"P\u00e1gina10"},"image":{"@id":"https:\/\/pagina10.com\/web\/#\/schema\/logo\/image\/"},"sameAs":["https:\/\/www.facebook.com\/pag10com","https:\/\/x.com\/Pag10com","https:\/\/www.instagram.com\/pagina10col\/","https:\/\/youtube.com\/channel\/pag10","https:\/\/www.tiktok.com\/@p10col"]},{"@type":"Person","@id":"https:\/\/pagina10.com\/web\/#\/schema\/person\/b459e2d15ec5ba9d5a2c9a81c71c4f7b","name":"Carlos Villota Santacruz.","description":"Internacionalista-Comunicador Social y Periodista. Experto en Comunicaci\u00f3n para el desarrollo y ciudad-regi\u00f3n.. Promotor de proyectos e investigaci\u00f3n comunicativa en radio, prensa y televisi\u00f3n. Experiencia en el manejo de imagen externa, interna y protocolaria de entidades p\u00fablicas y privadas, encuentros culturales, empresariales y ambientales. Docente en el \u00e1rea de televisi\u00f3n, relaciones internacionales y bloques econ\u00f3micos. Experto y conferencista en temas de marketing pol\u00edtico, marketing de ciudad, integraci\u00f3n cultural, TLC y desarrollo urban\u00edstico. E-mail: villotasantacruzcarlos@yahoo.com.co","url":"https:\/\/pagina10.com\/web\/author\/cvillota\/"}]}},"_links":{"self":[{"href":"https:\/\/pagina10.com\/web\/wp-json\/wp\/v2\/posts\/17862","targetHints":{"allow":["GET"]}}],"collection":[{"href":"https:\/\/pagina10.com\/web\/wp-json\/wp\/v2\/posts"}],"about":[{"href":"https:\/\/pagina10.com\/web\/wp-json\/wp\/v2\/types\/post"}],"author":[{"embeddable":true,"href":"https:\/\/pagina10.com\/web\/wp-json\/wp\/v2\/users\/38"}],"replies":[{"embeddable":true,"href":"https:\/\/pagina10.com\/web\/wp-json\/wp\/v2\/comments?post=17862"}],"version-history":[{"count":0,"href":"https:\/\/pagina10.com\/web\/wp-json\/wp\/v2\/posts\/17862\/revisions"}],"wp:featuredmedia":[{"embeddable":true,"href":"https:\/\/pagina10.com\/web\/wp-json\/wp\/v2\/media\/17861"}],"wp:attachment":[{"href":"https:\/\/pagina10.com\/web\/wp-json\/wp\/v2\/media?parent=17862"}],"wp:term":[{"taxonomy":"category","embeddable":true,"href":"https:\/\/pagina10.com\/web\/wp-json\/wp\/v2\/categories?post=17862"},{"taxonomy":"post_tag","embeddable":true,"href":"https:\/\/pagina10.com\/web\/wp-json\/wp\/v2\/tags?post=17862"}],"curies":[{"name":"wp","href":"https:\/\/api.w.org\/{rel}","templated":true}]}}