{"id":17864,"date":"2015-09-27T02:01:59","date_gmt":"2015-09-27T02:01:59","guid":{"rendered":"https:\/\/pagina10.com\/web\/en-colombia-es-mejor-una-paz-imperfecta-que-una-guerra-eterna\/"},"modified":"2015-09-27T02:01:59","modified_gmt":"2015-09-27T02:01:59","slug":"en-colombia-es-mejor-una-paz-imperfecta-que-una-guerra-eterna","status":"publish","type":"post","link":"https:\/\/pagina10.com\/web\/en-colombia-es-mejor-una-paz-imperfecta-que-una-guerra-eterna\/","title":{"rendered":"En Colombia: \u00bfes mejor una paz imperfecta que una guerra eterna?"},"content":{"rendered":"<p><img fetchpriority=\"high\" decoding=\"async\" class=\" size-full wp-image-17863\" src=\"https:\/\/pagina10.com\/web\/wp-content\/uploads\/2015\/09\/68953dfe92b06685985277c5f9e4fe15.jpg\" alt=\"\" width=\"310\" height=\"195\" srcset=\"https:\/\/pagina10.com\/web\/wp-content\/uploads\/2015\/09\/68953dfe92b06685985277c5f9e4fe15.jpg 310w, https:\/\/pagina10.com\/web\/wp-content\/uploads\/2015\/09\/68953dfe92b06685985277c5f9e4fe15-300x189.jpg 300w\" sizes=\"(max-width: 310px) 100vw, 310px\" \/><\/p>\n<div style=\"text-align: justify;\">El viaje del papa Francisco a Cuba y Estados Unidos, no s\u00f3lo confirm\u00f3 que es un hombre, en su calidad de m\u00e1ximo Jerarca de la Iglesia Cat\u00f3lica mueve masas, sino que a trav\u00e9s de sus buenos oficios en la fe y la diplomacia, es capaz de \u201cderrumbar los muros de la indiferencia\u201d, para quienes han hecho de violencia, el terrorismo, el secuestro y el reclutamiento de ni\u00f1os su proyecto de vida, empobreciendo, llenado de hu\u00e9rfanos y viudas a Colombia por m\u00e1s de cinco d\u00e9cadas: las FARC.<\/div>\n<div style=\"text-align: justify;\">&nbsp;<\/div>\n<div style=\"text-align: justify;\">Hoy, a menos de cuatro meses que culmine el 2015, el acuerdo alcanzado entre el Gobierno del presidente Juan Manuel Santos y el grupo al margen de la ley \u2013tras m\u00e1s de tres a\u00f1os de negociaciones- el papel de mediaci\u00f3n del papa Francisco fue definitivo, en el nuevo \u201camanecer\u201d que acompa\u00f1a a la tierra del desparecido Nobel Gabriel Garc\u00eda M\u00e1rquez, cuna de hombres y mujeres de las artes, las letras, la m\u00fasica y el deporte que \u201cbrillan\u201d de manera individual y colectiva.<\/div>\n<div style=\"text-align: justify;\">&nbsp;<\/div>\n<div style=\"text-align: justify;\">La pregunta que surge por parte de la comunidad nacional es internacional. \u00bfQu\u00e9 es mejor? \u00bfUna paz imperfecta que una guerra eterna?. Particularmente estoy convencido, que los colombianos nos acostumbramos tanto a la violencia, a ver caer v\u00edctimas d\u00eda -7-5000.000 v\u00edctimas en la historia del conflicto- que algunos sectores no se imaginen que la paz sea posible. Por eso, no es atrevido decir, que \u00bfes mejor una paz imperfecta que una guerra eterna?<\/div>\n<div style=\"text-align: justify;\">&nbsp;<\/div>\n<div style=\"text-align: justify;\">Lo que observ\u00f3 el mundo desde La Habana, la gestaci\u00f3n de un acuerdo, entre el Gobierno santos y la guerrilla de las FARC, que abre la puerta a la firma de la paz el 23 de marzo de 2016, coloca la negociaci\u00f3n en la calle, no s\u00f3lo del pa\u00eds sino del planeta. \u201cEl sue\u00f1o, es que la paz se puede alcanzar por la v\u00eda del di\u00e1logo, como lo afirma el papa Francisco desde New York, Filadeldia y Washington<\/div>\n<div style=\"text-align: justify;\">&nbsp;<\/div>\n<div style=\"text-align: justify;\">De entrada, el acuerdo firmado, cumple con todos los est\u00e1nderes internacionales en la materia. Es el m\u00e1ximo de justicia posible. Que se puede llegar en cualquier sociedad para garantizar la paz. Es un acuerdo que satisface los derechos de las &nbsp;v\u00edctimas, en el \u00e1rea de libertad, de justicia, de reparaci\u00f3n y con el compromiso de no repetici\u00f3n. Pero adem\u00e1s, el anuncio de La Habana significa que no se va presentar ni amnist\u00eda, ni indultos para quienes hayan cometido delitos atroces: genocidio, crimines de lesa humanidad. Es decir, paz sin impunidad.<\/div>\n<div style=\"text-align: justify;\">&nbsp;<\/div>\n<div style=\"text-align: justify;\">En otras palabras, este debate se trasladar\u00e1 al Congreso en las Comisiones Primeras de Senado y C\u00e1mara- que son la v\u00eda legislativa para estudiar el con legislativo que apunta a darle \u201ccuerpo\u201d a este acuerdo de la capital cubana, con sello e intermediaci\u00f3n del papa Francisco que ya acerco a Cuba y estados Unidos. Ahora hace lo mismo entre Colombia y un actor armado como las FARC, que en su carrera de violencia se ha nutrido del narcotr\u00e1fico. Un pinto esencial, en la aplicaci\u00f3n de la justicia transicional.<\/div>\n<div style=\"text-align: justify;\">&nbsp;<\/div>\n<div dir=\"ltr\" style=\"text-align: justify;\">&nbsp;<\/div>\n<div dir=\"ltr\" style=\"text-align: justify;\">La paz, de este pa\u00eds \u2013que atraviesa una dif\u00edcil situaci\u00f3n diplom\u00e1tica con Venezuela con la violaci\u00f3n de los derechos humanos de sus connacionales- tendr\u00e1 que edificarse desde la regiones. Cada regi\u00f3n, tiene su propia historia. Cada departamento. Cada municipio Si bien, no ser\u00e1 perfecta, es la mejor salida. Porque otros 50 a\u00f1os de violencia, ser\u00eda un suicidio para una naci\u00f3n, que ya ha pagado un alto costo de una guerra que ha dejado desolaci\u00f3n y sangre, mientras en otros lugares del planeta, se habla de investigaci\u00f3n, conocimiento desarrollo humano y calidad de vida.<\/div>\n","protected":false},"excerpt":{"rendered":"<p>El viaje del papa Francisco a Cuba y Estados Unidos, no s\u00f3lo confirm\u00f3 que es un hombre, en su calidad de m\u00e1ximo Jerarca de la Iglesia Cat\u00f3lica mueve masas, sino que a trav\u00e9s de sus buenos oficios en la fe y la diplomacia, es capaz de \u201cderrumbar los muros de la indiferencia\u201d, para quienes han [&hellip;]<\/p>\n","protected":false},"author":38,"featured_media":17863,"comment_status":"open","ping_status":"open","sticky":false,"template":"","format":"standard","meta":{"footnotes":""},"categories":[1],"tags":[],"class_list":["post-17864","post","type-post","status-publish","format-standard","has-post-thumbnail","hentry","category-sin-categoria"],"yoast_head":"<!-- This site is optimized with the Yoast SEO plugin v27.1.1 - https:\/\/yoast.com\/product\/yoast-seo-wordpress\/ -->\n<title>En Colombia: \u00bfes mejor una paz imperfecta que una guerra eterna? | P\u00e1gina10<\/title>\n<meta name=\"robots\" content=\"index, follow, max-snippet:-1, max-image-preview:large, max-video-preview:-1\" \/>\n<link rel=\"canonical\" href=\"https:\/\/pagina10.com\/web\/en-colombia-es-mejor-una-paz-imperfecta-que-una-guerra-eterna\/\" \/>\n<meta property=\"og:locale\" content=\"es_ES\" \/>\n<meta property=\"og:type\" content=\"article\" \/>\n<meta property=\"og:title\" content=\"En Colombia: \u00bfes mejor una paz imperfecta que una guerra eterna? | P\u00e1gina10\" \/>\n<meta property=\"og:description\" content=\"El viaje del papa Francisco a Cuba y Estados Unidos, no s\u00f3lo confirm\u00f3 que es un hombre, en su calidad de m\u00e1ximo Jerarca de la Iglesia Cat\u00f3lica mueve masas, sino que a trav\u00e9s de sus buenos oficios en la fe y la diplomacia, es capaz de \u201cderrumbar los muros de la indiferencia\u201d, para quienes han [&hellip;]\" \/>\n<meta property=\"og:url\" content=\"https:\/\/pagina10.com\/web\/en-colombia-es-mejor-una-paz-imperfecta-que-una-guerra-eterna\/\" \/>\n<meta property=\"og:site_name\" content=\"P\u00e1gina10\" \/>\n<meta property=\"article:publisher\" content=\"https:\/\/www.facebook.com\/pag10com\" \/>\n<meta property=\"article:published_time\" content=\"2015-09-27T02:01:59+00:00\" \/>\n<meta property=\"og:image\" content=\"https:\/\/pagina10.com\/web\/wp-content\/uploads\/2015\/09\/68953dfe92b06685985277c5f9e4fe15.jpg\" \/>\n\t<meta property=\"og:image:width\" content=\"310\" \/>\n\t<meta property=\"og:image:height\" content=\"195\" \/>\n\t<meta property=\"og:image:type\" content=\"image\/jpeg\" \/>\n<meta name=\"author\" content=\"Carlos Villota Santacruz.\" \/>\n<meta name=\"twitter:card\" content=\"summary_large_image\" \/>\n<meta name=\"twitter:creator\" content=\"@Pag10com\" \/>\n<meta name=\"twitter:site\" content=\"@Pag10com\" \/>\n<meta name=\"twitter:label1\" content=\"Escrito por\" \/>\n\t<meta name=\"twitter:data1\" content=\"Carlos Villota Santacruz.\" \/>\n\t<meta name=\"twitter:label2\" content=\"Tiempo de lectura\" \/>\n\t<meta name=\"twitter:data2\" content=\"3 minutos\" \/>\n<script type=\"application\/ld+json\" class=\"yoast-schema-graph\">{\"@context\":\"https:\/\/schema.org\",\"@graph\":[{\"@type\":\"Article\",\"@id\":\"https:\/\/pagina10.com\/web\/en-colombia-es-mejor-una-paz-imperfecta-que-una-guerra-eterna\/#article\",\"isPartOf\":{\"@id\":\"https:\/\/pagina10.com\/web\/en-colombia-es-mejor-una-paz-imperfecta-que-una-guerra-eterna\/\"},\"author\":{\"name\":\"Carlos Villota Santacruz.\",\"@id\":\"https:\/\/pagina10.com\/web\/#\/schema\/person\/b459e2d15ec5ba9d5a2c9a81c71c4f7b\"},\"headline\":\"En Colombia: \u00bfes mejor una paz imperfecta que una guerra eterna?\",\"datePublished\":\"2015-09-27T02:01:59+00:00\",\"mainEntityOfPage\":{\"@id\":\"https:\/\/pagina10.com\/web\/en-colombia-es-mejor-una-paz-imperfecta-que-una-guerra-eterna\/\"},\"wordCount\":654,\"commentCount\":0,\"publisher\":{\"@id\":\"https:\/\/pagina10.com\/web\/#organization\"},\"image\":{\"@id\":\"https:\/\/pagina10.com\/web\/en-colombia-es-mejor-una-paz-imperfecta-que-una-guerra-eterna\/#primaryimage\"},\"thumbnailUrl\":\"https:\/\/pagina10.com\/web\/wp-content\/uploads\/2015\/09\/68953dfe92b06685985277c5f9e4fe15.jpg\",\"inLanguage\":\"es\",\"potentialAction\":[{\"@type\":\"CommentAction\",\"name\":\"Comment\",\"target\":[\"https:\/\/pagina10.com\/web\/en-colombia-es-mejor-una-paz-imperfecta-que-una-guerra-eterna\/#respond\"]}]},{\"@type\":\"WebPage\",\"@id\":\"https:\/\/pagina10.com\/web\/en-colombia-es-mejor-una-paz-imperfecta-que-una-guerra-eterna\/\",\"url\":\"https:\/\/pagina10.com\/web\/en-colombia-es-mejor-una-paz-imperfecta-que-una-guerra-eterna\/\",\"name\":\"En Colombia: \u00bfes mejor una paz imperfecta que una guerra eterna? | P\u00e1gina10\",\"isPartOf\":{\"@id\":\"https:\/\/pagina10.com\/web\/#website\"},\"primaryImageOfPage\":{\"@id\":\"https:\/\/pagina10.com\/web\/en-colombia-es-mejor-una-paz-imperfecta-que-una-guerra-eterna\/#primaryimage\"},\"image\":{\"@id\":\"https:\/\/pagina10.com\/web\/en-colombia-es-mejor-una-paz-imperfecta-que-una-guerra-eterna\/#primaryimage\"},\"thumbnailUrl\":\"https:\/\/pagina10.com\/web\/wp-content\/uploads\/2015\/09\/68953dfe92b06685985277c5f9e4fe15.jpg\",\"datePublished\":\"2015-09-27T02:01:59+00:00\",\"breadcrumb\":{\"@id\":\"https:\/\/pagina10.com\/web\/en-colombia-es-mejor-una-paz-imperfecta-que-una-guerra-eterna\/#breadcrumb\"},\"inLanguage\":\"es\",\"potentialAction\":[{\"@type\":\"ReadAction\",\"target\":[\"https:\/\/pagina10.com\/web\/en-colombia-es-mejor-una-paz-imperfecta-que-una-guerra-eterna\/\"]}]},{\"@type\":\"ImageObject\",\"inLanguage\":\"es\",\"@id\":\"https:\/\/pagina10.com\/web\/en-colombia-es-mejor-una-paz-imperfecta-que-una-guerra-eterna\/#primaryimage\",\"url\":\"https:\/\/pagina10.com\/web\/wp-content\/uploads\/2015\/09\/68953dfe92b06685985277c5f9e4fe15.jpg\",\"contentUrl\":\"https:\/\/pagina10.com\/web\/wp-content\/uploads\/2015\/09\/68953dfe92b06685985277c5f9e4fe15.jpg\",\"width\":310,\"height\":195},{\"@type\":\"BreadcrumbList\",\"@id\":\"https:\/\/pagina10.com\/web\/en-colombia-es-mejor-una-paz-imperfecta-que-una-guerra-eterna\/#breadcrumb\",\"itemListElement\":[{\"@type\":\"ListItem\",\"position\":1,\"name\":\"Portada\",\"item\":\"https:\/\/pagina10.com\/web\/\"},{\"@type\":\"ListItem\",\"position\":2,\"name\":\"En Colombia: \u00bfes mejor una paz imperfecta que una guerra eterna?\"}]},{\"@type\":\"WebSite\",\"@id\":\"https:\/\/pagina10.com\/web\/#website\",\"url\":\"https:\/\/pagina10.com\/web\/\",\"name\":\"P\u00e1gina10\",\"description\":\"Peri\u00f3dico Regional\",\"publisher\":{\"@id\":\"https:\/\/pagina10.com\/web\/#organization\"},\"alternateName\":\"P\u00e1gina10 Peri\u00f3dico Regional\",\"potentialAction\":[{\"@type\":\"SearchAction\",\"target\":{\"@type\":\"EntryPoint\",\"urlTemplate\":\"https:\/\/pagina10.com\/web\/?s={search_term_string}\"},\"query-input\":{\"@type\":\"PropertyValueSpecification\",\"valueRequired\":true,\"valueName\":\"search_term_string\"}}],\"inLanguage\":\"es\"},{\"@type\":\"Organization\",\"@id\":\"https:\/\/pagina10.com\/web\/#organization\",\"name\":\"P\u00e1gina10\",\"alternateName\":\"P\u00e1gina10 Peri\u00f3dico Regional\",\"url\":\"https:\/\/pagina10.com\/web\/\",\"logo\":{\"@type\":\"ImageObject\",\"inLanguage\":\"es\",\"@id\":\"https:\/\/pagina10.com\/web\/#\/schema\/logo\/image\/\",\"url\":\"https:\/\/pagina10.com\/web\/wp-content\/uploads\/2024\/01\/40-pagina-10-periodico-regional-pasto.jpg\",\"contentUrl\":\"https:\/\/pagina10.com\/web\/wp-content\/uploads\/2024\/01\/40-pagina-10-periodico-regional-pasto.jpg\",\"width\":1280,\"height\":720,\"caption\":\"P\u00e1gina10\"},\"image\":{\"@id\":\"https:\/\/pagina10.com\/web\/#\/schema\/logo\/image\/\"},\"sameAs\":[\"https:\/\/www.facebook.com\/pag10com\",\"https:\/\/x.com\/Pag10com\",\"https:\/\/www.instagram.com\/pagina10col\/\",\"https:\/\/youtube.com\/channel\/pag10\",\"https:\/\/www.tiktok.com\/@p10col\"]},{\"@type\":\"Person\",\"@id\":\"https:\/\/pagina10.com\/web\/#\/schema\/person\/b459e2d15ec5ba9d5a2c9a81c71c4f7b\",\"name\":\"Carlos Villota Santacruz.\",\"description\":\"Internacionalista-Comunicador Social y Periodista. Experto en Comunicaci\u00f3n para el desarrollo y ciudad-regi\u00f3n.. Promotor de proyectos e investigaci\u00f3n comunicativa en radio, prensa y televisi\u00f3n. Experiencia en el manejo de imagen externa, interna y protocolaria de entidades p\u00fablicas y privadas, encuentros culturales, empresariales y ambientales. Docente en el \u00e1rea de televisi\u00f3n, relaciones internacionales y bloques econ\u00f3micos. Experto y conferencista en temas de marketing pol\u00edtico, marketing de ciudad, integraci\u00f3n cultural, TLC y desarrollo urban\u00edstico. E-mail: villotasantacruzcarlos@yahoo.com.co\",\"url\":\"https:\/\/pagina10.com\/web\/author\/cvillota\/\"}]}<\/script>\n<!-- \/ Yoast SEO plugin. -->","yoast_head_json":{"title":"En Colombia: \u00bfes mejor una paz imperfecta que una guerra eterna? | P\u00e1gina10","robots":{"index":"index","follow":"follow","max-snippet":"max-snippet:-1","max-image-preview":"max-image-preview:large","max-video-preview":"max-video-preview:-1"},"canonical":"https:\/\/pagina10.com\/web\/en-colombia-es-mejor-una-paz-imperfecta-que-una-guerra-eterna\/","og_locale":"es_ES","og_type":"article","og_title":"En Colombia: \u00bfes mejor una paz imperfecta que una guerra eterna? | P\u00e1gina10","og_description":"El viaje del papa Francisco a Cuba y Estados Unidos, no s\u00f3lo confirm\u00f3 que es un hombre, en su calidad de m\u00e1ximo Jerarca de la Iglesia Cat\u00f3lica mueve masas, sino que a trav\u00e9s de sus buenos oficios en la fe y la diplomacia, es capaz de \u201cderrumbar los muros de la indiferencia\u201d, para quienes han [&hellip;]","og_url":"https:\/\/pagina10.com\/web\/en-colombia-es-mejor-una-paz-imperfecta-que-una-guerra-eterna\/","og_site_name":"P\u00e1gina10","article_publisher":"https:\/\/www.facebook.com\/pag10com","article_published_time":"2015-09-27T02:01:59+00:00","og_image":[{"width":310,"height":195,"url":"https:\/\/pagina10.com\/web\/wp-content\/uploads\/2015\/09\/68953dfe92b06685985277c5f9e4fe15.jpg","type":"image\/jpeg"}],"author":"Carlos Villota Santacruz.","twitter_card":"summary_large_image","twitter_creator":"@Pag10com","twitter_site":"@Pag10com","twitter_misc":{"Escrito por":"Carlos Villota Santacruz.","Tiempo de lectura":"3 minutos"},"schema":{"@context":"https:\/\/schema.org","@graph":[{"@type":"Article","@id":"https:\/\/pagina10.com\/web\/en-colombia-es-mejor-una-paz-imperfecta-que-una-guerra-eterna\/#article","isPartOf":{"@id":"https:\/\/pagina10.com\/web\/en-colombia-es-mejor-una-paz-imperfecta-que-una-guerra-eterna\/"},"author":{"name":"Carlos Villota Santacruz.","@id":"https:\/\/pagina10.com\/web\/#\/schema\/person\/b459e2d15ec5ba9d5a2c9a81c71c4f7b"},"headline":"En Colombia: \u00bfes mejor una paz imperfecta que una guerra eterna?","datePublished":"2015-09-27T02:01:59+00:00","mainEntityOfPage":{"@id":"https:\/\/pagina10.com\/web\/en-colombia-es-mejor-una-paz-imperfecta-que-una-guerra-eterna\/"},"wordCount":654,"commentCount":0,"publisher":{"@id":"https:\/\/pagina10.com\/web\/#organization"},"image":{"@id":"https:\/\/pagina10.com\/web\/en-colombia-es-mejor-una-paz-imperfecta-que-una-guerra-eterna\/#primaryimage"},"thumbnailUrl":"https:\/\/pagina10.com\/web\/wp-content\/uploads\/2015\/09\/68953dfe92b06685985277c5f9e4fe15.jpg","inLanguage":"es","potentialAction":[{"@type":"CommentAction","name":"Comment","target":["https:\/\/pagina10.com\/web\/en-colombia-es-mejor-una-paz-imperfecta-que-una-guerra-eterna\/#respond"]}]},{"@type":"WebPage","@id":"https:\/\/pagina10.com\/web\/en-colombia-es-mejor-una-paz-imperfecta-que-una-guerra-eterna\/","url":"https:\/\/pagina10.com\/web\/en-colombia-es-mejor-una-paz-imperfecta-que-una-guerra-eterna\/","name":"En Colombia: \u00bfes mejor una paz imperfecta que una guerra eterna? | P\u00e1gina10","isPartOf":{"@id":"https:\/\/pagina10.com\/web\/#website"},"primaryImageOfPage":{"@id":"https:\/\/pagina10.com\/web\/en-colombia-es-mejor-una-paz-imperfecta-que-una-guerra-eterna\/#primaryimage"},"image":{"@id":"https:\/\/pagina10.com\/web\/en-colombia-es-mejor-una-paz-imperfecta-que-una-guerra-eterna\/#primaryimage"},"thumbnailUrl":"https:\/\/pagina10.com\/web\/wp-content\/uploads\/2015\/09\/68953dfe92b06685985277c5f9e4fe15.jpg","datePublished":"2015-09-27T02:01:59+00:00","breadcrumb":{"@id":"https:\/\/pagina10.com\/web\/en-colombia-es-mejor-una-paz-imperfecta-que-una-guerra-eterna\/#breadcrumb"},"inLanguage":"es","potentialAction":[{"@type":"ReadAction","target":["https:\/\/pagina10.com\/web\/en-colombia-es-mejor-una-paz-imperfecta-que-una-guerra-eterna\/"]}]},{"@type":"ImageObject","inLanguage":"es","@id":"https:\/\/pagina10.com\/web\/en-colombia-es-mejor-una-paz-imperfecta-que-una-guerra-eterna\/#primaryimage","url":"https:\/\/pagina10.com\/web\/wp-content\/uploads\/2015\/09\/68953dfe92b06685985277c5f9e4fe15.jpg","contentUrl":"https:\/\/pagina10.com\/web\/wp-content\/uploads\/2015\/09\/68953dfe92b06685985277c5f9e4fe15.jpg","width":310,"height":195},{"@type":"BreadcrumbList","@id":"https:\/\/pagina10.com\/web\/en-colombia-es-mejor-una-paz-imperfecta-que-una-guerra-eterna\/#breadcrumb","itemListElement":[{"@type":"ListItem","position":1,"name":"Portada","item":"https:\/\/pagina10.com\/web\/"},{"@type":"ListItem","position":2,"name":"En Colombia: \u00bfes mejor una paz imperfecta que una guerra eterna?"}]},{"@type":"WebSite","@id":"https:\/\/pagina10.com\/web\/#website","url":"https:\/\/pagina10.com\/web\/","name":"P\u00e1gina10","description":"Peri\u00f3dico Regional","publisher":{"@id":"https:\/\/pagina10.com\/web\/#organization"},"alternateName":"P\u00e1gina10 Peri\u00f3dico Regional","potentialAction":[{"@type":"SearchAction","target":{"@type":"EntryPoint","urlTemplate":"https:\/\/pagina10.com\/web\/?s={search_term_string}"},"query-input":{"@type":"PropertyValueSpecification","valueRequired":true,"valueName":"search_term_string"}}],"inLanguage":"es"},{"@type":"Organization","@id":"https:\/\/pagina10.com\/web\/#organization","name":"P\u00e1gina10","alternateName":"P\u00e1gina10 Peri\u00f3dico Regional","url":"https:\/\/pagina10.com\/web\/","logo":{"@type":"ImageObject","inLanguage":"es","@id":"https:\/\/pagina10.com\/web\/#\/schema\/logo\/image\/","url":"https:\/\/pagina10.com\/web\/wp-content\/uploads\/2024\/01\/40-pagina-10-periodico-regional-pasto.jpg","contentUrl":"https:\/\/pagina10.com\/web\/wp-content\/uploads\/2024\/01\/40-pagina-10-periodico-regional-pasto.jpg","width":1280,"height":720,"caption":"P\u00e1gina10"},"image":{"@id":"https:\/\/pagina10.com\/web\/#\/schema\/logo\/image\/"},"sameAs":["https:\/\/www.facebook.com\/pag10com","https:\/\/x.com\/Pag10com","https:\/\/www.instagram.com\/pagina10col\/","https:\/\/youtube.com\/channel\/pag10","https:\/\/www.tiktok.com\/@p10col"]},{"@type":"Person","@id":"https:\/\/pagina10.com\/web\/#\/schema\/person\/b459e2d15ec5ba9d5a2c9a81c71c4f7b","name":"Carlos Villota Santacruz.","description":"Internacionalista-Comunicador Social y Periodista. Experto en Comunicaci\u00f3n para el desarrollo y ciudad-regi\u00f3n.. Promotor de proyectos e investigaci\u00f3n comunicativa en radio, prensa y televisi\u00f3n. Experiencia en el manejo de imagen externa, interna y protocolaria de entidades p\u00fablicas y privadas, encuentros culturales, empresariales y ambientales. Docente en el \u00e1rea de televisi\u00f3n, relaciones internacionales y bloques econ\u00f3micos. Experto y conferencista en temas de marketing pol\u00edtico, marketing de ciudad, integraci\u00f3n cultural, TLC y desarrollo urban\u00edstico. E-mail: villotasantacruzcarlos@yahoo.com.co","url":"https:\/\/pagina10.com\/web\/author\/cvillota\/"}]}},"_links":{"self":[{"href":"https:\/\/pagina10.com\/web\/wp-json\/wp\/v2\/posts\/17864","targetHints":{"allow":["GET"]}}],"collection":[{"href":"https:\/\/pagina10.com\/web\/wp-json\/wp\/v2\/posts"}],"about":[{"href":"https:\/\/pagina10.com\/web\/wp-json\/wp\/v2\/types\/post"}],"author":[{"embeddable":true,"href":"https:\/\/pagina10.com\/web\/wp-json\/wp\/v2\/users\/38"}],"replies":[{"embeddable":true,"href":"https:\/\/pagina10.com\/web\/wp-json\/wp\/v2\/comments?post=17864"}],"version-history":[{"count":0,"href":"https:\/\/pagina10.com\/web\/wp-json\/wp\/v2\/posts\/17864\/revisions"}],"wp:featuredmedia":[{"embeddable":true,"href":"https:\/\/pagina10.com\/web\/wp-json\/wp\/v2\/media\/17863"}],"wp:attachment":[{"href":"https:\/\/pagina10.com\/web\/wp-json\/wp\/v2\/media?parent=17864"}],"wp:term":[{"taxonomy":"category","embeddable":true,"href":"https:\/\/pagina10.com\/web\/wp-json\/wp\/v2\/categories?post=17864"},{"taxonomy":"post_tag","embeddable":true,"href":"https:\/\/pagina10.com\/web\/wp-json\/wp\/v2\/tags?post=17864"}],"curies":[{"name":"wp","href":"https:\/\/api.w.org\/{rel}","templated":true}]}}