{"id":17873,"date":"2015-09-27T22:47:01","date_gmt":"2015-09-27T22:47:01","guid":{"rendered":"https:\/\/pagina10.com\/web\/mintic-lanza-cursos-gratis-en-competencias-digitales\/"},"modified":"2015-09-27T22:47:01","modified_gmt":"2015-09-27T22:47:01","slug":"mintic-lanza-cursos-gratis-en-competencias-digitales","status":"publish","type":"post","link":"https:\/\/pagina10.com\/web\/mintic-lanza-cursos-gratis-en-competencias-digitales\/","title":{"rendered":"Mintic lanza cursos gratis en competencias digitales"},"content":{"rendered":"<p><img fetchpriority=\"high\" decoding=\"async\" class=\" size-full wp-image-17872\" src=\"https:\/\/pagina10.com\/web\/wp-content\/uploads\/2015\/09\/19509cc5fcb1d3ad138f9f554dfdc4a0.jpg\" alt=\"\" width=\"626\" height=\"306\" srcset=\"https:\/\/pagina10.com\/web\/wp-content\/uploads\/2015\/09\/19509cc5fcb1d3ad138f9f554dfdc4a0.jpg 626w, https:\/\/pagina10.com\/web\/wp-content\/uploads\/2015\/09\/19509cc5fcb1d3ad138f9f554dfdc4a0-300x147.jpg 300w\" sizes=\"(max-width: 626px) 100vw, 626px\" \/><\/p>\n<p style=\"text-align: justify;\">Seg\u00fan los pron\u00f3sticos para Colombia en cuanto a empleo, en el a\u00f1o 2020 el 50% de la fuerza laboral del pa\u00eds ser\u00e1 digital. Este panorama exige que la poblaci\u00f3n econ\u00f3micamente activa se mantenga actualizada y competente. Pensando en esto y en impulsar con acciones reales la pol\u00edtica del Teletrabajo, el MinTIC acaba de lanzar tres nuevos cursos online gratuitos para todo colombiano que desee capacitarse.<\/p>\n<p style=\"text-align: justify;\">&#8220;Queremos que hayan m\u00e1s personas teletrabajando en el pa\u00eds y por eso desde el Ministerio TIC junto con la plataforma Nubelo, vamos a capacitar a 2.500 personas en Periodismo digital, Marketing digital y Desarrollo Web. Los cupos se encuentran abiertos, son 40 horas de estudio y al finalizar estos cursos los perfiles ingresan a la lista de vacantes donde constantemente tenemos empresarios consultando talento para contratar en empresas de toda Latinoam\u00e9rica en modalidad de teletrabajo. Los invitamos a inscribirse a trav\u00e9s de <a href=\"http:\/\/www.teletrabajo.gov.co\/portal\/\" target=\"_blank\">www.teletrabajo.gov.co<\/a>&#8220;, se\u00f1al\u00f3 el Ministro TIC, David Luna.<\/p>\n<p style=\"text-align: justify;\">El requisito para aspirar a un cupo en los tres nuevos cursos es haber hecho el primer nivel denominado Trabajo 3.0, luego pueden decidir cualquiera de estos tres \u00e9nfasis de las capacitaciones especializadas son: Periodismo digital, Marketing digital y Desarrollo web.<\/p>\n<p style=\"text-align: justify;\">El programa de Periodismo Digital dar\u00e1 herramientas a los alumnos para crear e implementar estrategias y uso de herramientas relativas al trabajo period\u00edstico y la difusi\u00f3n de contenidos por canales no convencionales. Este programa est\u00e1 basado en el desarrollo de estrategias para avanzar en temas como comunicaci\u00f3n asertiva, manejo de crisis, marketing de contenidos y est\u00e1 dirigido a todas las personas interesadas en adquirir o perfeccionar el conocimiento para el desarrollo y ejecuci\u00f3n de estrategias de comunicaci\u00f3n. Los estudiantes podr\u00e1n saber desde c\u00f3mo desempe\u00f1arse como communitty manager, hasta c\u00f3mo potenciar el Facebook para el desarrollo de negocios.<\/p>\n<p style=\"text-align: justify;\">El programa de Marketing Digital permitir\u00e1 a los cursantes promover su negocio con eficacia y desarrollar estrategias en l\u00ednea dirigidas a clientes potenciales en todo el panorama digital. Sabr\u00e1n qu\u00e9 es la anal\u00edtica, lo que puede hacer y c\u00f3mo se aplica y es \u00fatil para su negocio.<\/p>\n<p style=\"text-align: justify;\">El programa de Desarrollo web ense\u00f1ar\u00e1 el paso a paso de la creaci\u00f3n de p\u00e1ginas y productos web. Este programa est\u00e1 basado en el desarrollo de proyectos para avanzar en temas como Desarrollo FrontEnd, C\u00f3digo y programaci\u00f3n Backend, administraci\u00f3n de contenidos, bases de datos entre otros.<\/p>\n<p style=\"text-align: justify;\">Con el lanzamiento de estos cursos el Ministerio TIC ofrece la posibilidad de que m\u00e1s personas se involucren a esta modalidad laboral a trav\u00e9s de cursos virtuales gratuitos, de esta manera, el pa\u00eds sigue dando pasos rumbo a la consolidaci\u00f3n del Teletrabajo como una tendencia robusta y productiva en los distintos \u00e1mbitos de la econom\u00eda.<\/p>\n","protected":false},"excerpt":{"rendered":"<p>Seg\u00fan los pron\u00f3sticos para Colombia en cuanto a empleo, en el a\u00f1o 2020 el 50% de la fuerza laboral del pa\u00eds ser\u00e1 digital. Este panorama exige que la poblaci\u00f3n econ\u00f3micamente activa se mantenga actualizada y competente. Pensando en esto y en impulsar con acciones reales la pol\u00edtica del Teletrabajo, el MinTIC acaba de lanzar tres [&hellip;]<\/p>\n","protected":false},"author":29,"featured_media":17872,"comment_status":"open","ping_status":"open","sticky":false,"template":"","format":"standard","meta":{"footnotes":""},"categories":[1],"tags":[],"class_list":["post-17873","post","type-post","status-publish","format-standard","has-post-thumbnail","hentry","category-sin-categoria"],"yoast_head":"<!-- This site is optimized with the Yoast SEO plugin v27.1.1 - https:\/\/yoast.com\/product\/yoast-seo-wordpress\/ -->\n<title>Mintic lanza cursos gratis en competencias digitales | P\u00e1gina10<\/title>\n<meta name=\"robots\" content=\"index, follow, max-snippet:-1, max-image-preview:large, max-video-preview:-1\" \/>\n<link rel=\"canonical\" href=\"https:\/\/pagina10.com\/web\/mintic-lanza-cursos-gratis-en-competencias-digitales\/\" \/>\n<meta property=\"og:locale\" content=\"es_ES\" \/>\n<meta property=\"og:type\" content=\"article\" \/>\n<meta property=\"og:title\" content=\"Mintic lanza cursos gratis en competencias digitales | P\u00e1gina10\" \/>\n<meta property=\"og:description\" content=\"Seg\u00fan los pron\u00f3sticos para Colombia en cuanto a empleo, en el a\u00f1o 2020 el 50% de la fuerza laboral del pa\u00eds ser\u00e1 digital. Este panorama exige que la poblaci\u00f3n econ\u00f3micamente activa se mantenga actualizada y competente. Pensando en esto y en impulsar con acciones reales la pol\u00edtica del Teletrabajo, el MinTIC acaba de lanzar tres [&hellip;]\" \/>\n<meta property=\"og:url\" content=\"https:\/\/pagina10.com\/web\/mintic-lanza-cursos-gratis-en-competencias-digitales\/\" \/>\n<meta property=\"og:site_name\" content=\"P\u00e1gina10\" \/>\n<meta property=\"article:publisher\" content=\"https:\/\/www.facebook.com\/pag10com\" \/>\n<meta property=\"article:published_time\" content=\"2015-09-27T22:47:01+00:00\" \/>\n<meta property=\"og:image\" content=\"https:\/\/pagina10.com\/web\/wp-content\/uploads\/2015\/09\/19509cc5fcb1d3ad138f9f554dfdc4a0.jpg\" \/>\n\t<meta property=\"og:image:width\" content=\"626\" \/>\n\t<meta property=\"og:image:height\" content=\"306\" \/>\n\t<meta property=\"og:image:type\" content=\"image\/jpeg\" \/>\n<meta name=\"author\" content=\"P\u00e1gina 10\" \/>\n<meta name=\"twitter:card\" content=\"summary_large_image\" \/>\n<meta name=\"twitter:creator\" content=\"@Pag10com\" \/>\n<meta name=\"twitter:site\" content=\"@Pag10com\" \/>\n<meta name=\"twitter:label1\" content=\"Escrito por\" \/>\n\t<meta name=\"twitter:data1\" content=\"P\u00e1gina 10\" \/>\n\t<meta name=\"twitter:label2\" content=\"Tiempo de lectura\" \/>\n\t<meta name=\"twitter:data2\" content=\"2 minutos\" \/>\n<script type=\"application\/ld+json\" class=\"yoast-schema-graph\">{\"@context\":\"https:\/\/schema.org\",\"@graph\":[{\"@type\":\"Article\",\"@id\":\"https:\/\/pagina10.com\/web\/mintic-lanza-cursos-gratis-en-competencias-digitales\/#article\",\"isPartOf\":{\"@id\":\"https:\/\/pagina10.com\/web\/mintic-lanza-cursos-gratis-en-competencias-digitales\/\"},\"author\":{\"name\":\"P\u00e1gina 10\",\"@id\":\"https:\/\/pagina10.com\/web\/#\/schema\/person\/a7a5d38f0629dfc107f619fbae4f6cc3\"},\"headline\":\"Mintic lanza cursos gratis en competencias digitales\",\"datePublished\":\"2015-09-27T22:47:01+00:00\",\"mainEntityOfPage\":{\"@id\":\"https:\/\/pagina10.com\/web\/mintic-lanza-cursos-gratis-en-competencias-digitales\/\"},\"wordCount\":481,\"commentCount\":0,\"publisher\":{\"@id\":\"https:\/\/pagina10.com\/web\/#organization\"},\"image\":{\"@id\":\"https:\/\/pagina10.com\/web\/mintic-lanza-cursos-gratis-en-competencias-digitales\/#primaryimage\"},\"thumbnailUrl\":\"https:\/\/pagina10.com\/web\/wp-content\/uploads\/2015\/09\/19509cc5fcb1d3ad138f9f554dfdc4a0.jpg\",\"inLanguage\":\"es\",\"potentialAction\":[{\"@type\":\"CommentAction\",\"name\":\"Comment\",\"target\":[\"https:\/\/pagina10.com\/web\/mintic-lanza-cursos-gratis-en-competencias-digitales\/#respond\"]}]},{\"@type\":\"WebPage\",\"@id\":\"https:\/\/pagina10.com\/web\/mintic-lanza-cursos-gratis-en-competencias-digitales\/\",\"url\":\"https:\/\/pagina10.com\/web\/mintic-lanza-cursos-gratis-en-competencias-digitales\/\",\"name\":\"Mintic lanza cursos gratis en competencias digitales | P\u00e1gina10\",\"isPartOf\":{\"@id\":\"https:\/\/pagina10.com\/web\/#website\"},\"primaryImageOfPage\":{\"@id\":\"https:\/\/pagina10.com\/web\/mintic-lanza-cursos-gratis-en-competencias-digitales\/#primaryimage\"},\"image\":{\"@id\":\"https:\/\/pagina10.com\/web\/mintic-lanza-cursos-gratis-en-competencias-digitales\/#primaryimage\"},\"thumbnailUrl\":\"https:\/\/pagina10.com\/web\/wp-content\/uploads\/2015\/09\/19509cc5fcb1d3ad138f9f554dfdc4a0.jpg\",\"datePublished\":\"2015-09-27T22:47:01+00:00\",\"breadcrumb\":{\"@id\":\"https:\/\/pagina10.com\/web\/mintic-lanza-cursos-gratis-en-competencias-digitales\/#breadcrumb\"},\"inLanguage\":\"es\",\"potentialAction\":[{\"@type\":\"ReadAction\",\"target\":[\"https:\/\/pagina10.com\/web\/mintic-lanza-cursos-gratis-en-competencias-digitales\/\"]}]},{\"@type\":\"ImageObject\",\"inLanguage\":\"es\",\"@id\":\"https:\/\/pagina10.com\/web\/mintic-lanza-cursos-gratis-en-competencias-digitales\/#primaryimage\",\"url\":\"https:\/\/pagina10.com\/web\/wp-content\/uploads\/2015\/09\/19509cc5fcb1d3ad138f9f554dfdc4a0.jpg\",\"contentUrl\":\"https:\/\/pagina10.com\/web\/wp-content\/uploads\/2015\/09\/19509cc5fcb1d3ad138f9f554dfdc4a0.jpg\",\"width\":626,\"height\":306},{\"@type\":\"BreadcrumbList\",\"@id\":\"https:\/\/pagina10.com\/web\/mintic-lanza-cursos-gratis-en-competencias-digitales\/#breadcrumb\",\"itemListElement\":[{\"@type\":\"ListItem\",\"position\":1,\"name\":\"Portada\",\"item\":\"https:\/\/pagina10.com\/web\/\"},{\"@type\":\"ListItem\",\"position\":2,\"name\":\"Mintic lanza cursos gratis en competencias digitales\"}]},{\"@type\":\"WebSite\",\"@id\":\"https:\/\/pagina10.com\/web\/#website\",\"url\":\"https:\/\/pagina10.com\/web\/\",\"name\":\"P\u00e1gina10\",\"description\":\"Peri\u00f3dico Regional\",\"publisher\":{\"@id\":\"https:\/\/pagina10.com\/web\/#organization\"},\"alternateName\":\"P\u00e1gina10 Peri\u00f3dico Regional\",\"potentialAction\":[{\"@type\":\"SearchAction\",\"target\":{\"@type\":\"EntryPoint\",\"urlTemplate\":\"https:\/\/pagina10.com\/web\/?s={search_term_string}\"},\"query-input\":{\"@type\":\"PropertyValueSpecification\",\"valueRequired\":true,\"valueName\":\"search_term_string\"}}],\"inLanguage\":\"es\"},{\"@type\":\"Organization\",\"@id\":\"https:\/\/pagina10.com\/web\/#organization\",\"name\":\"P\u00e1gina10\",\"alternateName\":\"P\u00e1gina10 Peri\u00f3dico Regional\",\"url\":\"https:\/\/pagina10.com\/web\/\",\"logo\":{\"@type\":\"ImageObject\",\"inLanguage\":\"es\",\"@id\":\"https:\/\/pagina10.com\/web\/#\/schema\/logo\/image\/\",\"url\":\"https:\/\/pagina10.com\/web\/wp-content\/uploads\/2024\/01\/40-pagina-10-periodico-regional-pasto.jpg\",\"contentUrl\":\"https:\/\/pagina10.com\/web\/wp-content\/uploads\/2024\/01\/40-pagina-10-periodico-regional-pasto.jpg\",\"width\":1280,\"height\":720,\"caption\":\"P\u00e1gina10\"},\"image\":{\"@id\":\"https:\/\/pagina10.com\/web\/#\/schema\/logo\/image\/\"},\"sameAs\":[\"https:\/\/www.facebook.com\/pag10com\",\"https:\/\/x.com\/Pag10com\",\"https:\/\/www.instagram.com\/pagina10col\/\",\"https:\/\/youtube.com\/channel\/pag10\",\"https:\/\/www.tiktok.com\/@p10col\"]},{\"@type\":\"Person\",\"@id\":\"https:\/\/pagina10.com\/web\/#\/schema\/person\/a7a5d38f0629dfc107f619fbae4f6cc3\",\"name\":\"P\u00e1gina 10\",\"description\":\"P\u00e1gina10.com es un peri\u00f3dico digital que nace en Colombia, en el departamento de Nari\u00f1o, con un enfoque global, fundamentado en cuatro pilares esenciales: la libertad, el pluralismo, la inclusi\u00f3n y la independencia. P\u00e1gina10.com hace referencia a Nari\u00f1o como el d\u00e9cimo departamento creado en Colombia, despu\u00e9s de un proceso pol\u00edtico liderado por actores y actrices regionales con el fin de obtener la independencia y autonom\u00eda de nuestros territorios. Con la creaci\u00f3n de P\u00e1gina10.com se pretende abrir un escenario para el dialogo, la reflexi\u00f3n y el debate que se extienda a otras geograf\u00edas de Am\u00e9rica Latina y del planeta, en una apuesta por transformar colectivamente los desaf\u00edos de un mundo contempor\u00e1neo, m\u00e1s all\u00e1 de las fronteras impuestas.\",\"url\":\"https:\/\/pagina10.com\/web\/author\/mcepeda\/\"}]}<\/script>\n<!-- \/ Yoast SEO plugin. -->","yoast_head_json":{"title":"Mintic lanza cursos gratis en competencias digitales | P\u00e1gina10","robots":{"index":"index","follow":"follow","max-snippet":"max-snippet:-1","max-image-preview":"max-image-preview:large","max-video-preview":"max-video-preview:-1"},"canonical":"https:\/\/pagina10.com\/web\/mintic-lanza-cursos-gratis-en-competencias-digitales\/","og_locale":"es_ES","og_type":"article","og_title":"Mintic lanza cursos gratis en competencias digitales | P\u00e1gina10","og_description":"Seg\u00fan los pron\u00f3sticos para Colombia en cuanto a empleo, en el a\u00f1o 2020 el 50% de la fuerza laboral del pa\u00eds ser\u00e1 digital. Este panorama exige que la poblaci\u00f3n econ\u00f3micamente activa se mantenga actualizada y competente. Pensando en esto y en impulsar con acciones reales la pol\u00edtica del Teletrabajo, el MinTIC acaba de lanzar tres [&hellip;]","og_url":"https:\/\/pagina10.com\/web\/mintic-lanza-cursos-gratis-en-competencias-digitales\/","og_site_name":"P\u00e1gina10","article_publisher":"https:\/\/www.facebook.com\/pag10com","article_published_time":"2015-09-27T22:47:01+00:00","og_image":[{"width":626,"height":306,"url":"https:\/\/pagina10.com\/web\/wp-content\/uploads\/2015\/09\/19509cc5fcb1d3ad138f9f554dfdc4a0.jpg","type":"image\/jpeg"}],"author":"P\u00e1gina 10","twitter_card":"summary_large_image","twitter_creator":"@Pag10com","twitter_site":"@Pag10com","twitter_misc":{"Escrito por":"P\u00e1gina 10","Tiempo de lectura":"2 minutos"},"schema":{"@context":"https:\/\/schema.org","@graph":[{"@type":"Article","@id":"https:\/\/pagina10.com\/web\/mintic-lanza-cursos-gratis-en-competencias-digitales\/#article","isPartOf":{"@id":"https:\/\/pagina10.com\/web\/mintic-lanza-cursos-gratis-en-competencias-digitales\/"},"author":{"name":"P\u00e1gina 10","@id":"https:\/\/pagina10.com\/web\/#\/schema\/person\/a7a5d38f0629dfc107f619fbae4f6cc3"},"headline":"Mintic lanza cursos gratis en competencias digitales","datePublished":"2015-09-27T22:47:01+00:00","mainEntityOfPage":{"@id":"https:\/\/pagina10.com\/web\/mintic-lanza-cursos-gratis-en-competencias-digitales\/"},"wordCount":481,"commentCount":0,"publisher":{"@id":"https:\/\/pagina10.com\/web\/#organization"},"image":{"@id":"https:\/\/pagina10.com\/web\/mintic-lanza-cursos-gratis-en-competencias-digitales\/#primaryimage"},"thumbnailUrl":"https:\/\/pagina10.com\/web\/wp-content\/uploads\/2015\/09\/19509cc5fcb1d3ad138f9f554dfdc4a0.jpg","inLanguage":"es","potentialAction":[{"@type":"CommentAction","name":"Comment","target":["https:\/\/pagina10.com\/web\/mintic-lanza-cursos-gratis-en-competencias-digitales\/#respond"]}]},{"@type":"WebPage","@id":"https:\/\/pagina10.com\/web\/mintic-lanza-cursos-gratis-en-competencias-digitales\/","url":"https:\/\/pagina10.com\/web\/mintic-lanza-cursos-gratis-en-competencias-digitales\/","name":"Mintic lanza cursos gratis en competencias digitales | P\u00e1gina10","isPartOf":{"@id":"https:\/\/pagina10.com\/web\/#website"},"primaryImageOfPage":{"@id":"https:\/\/pagina10.com\/web\/mintic-lanza-cursos-gratis-en-competencias-digitales\/#primaryimage"},"image":{"@id":"https:\/\/pagina10.com\/web\/mintic-lanza-cursos-gratis-en-competencias-digitales\/#primaryimage"},"thumbnailUrl":"https:\/\/pagina10.com\/web\/wp-content\/uploads\/2015\/09\/19509cc5fcb1d3ad138f9f554dfdc4a0.jpg","datePublished":"2015-09-27T22:47:01+00:00","breadcrumb":{"@id":"https:\/\/pagina10.com\/web\/mintic-lanza-cursos-gratis-en-competencias-digitales\/#breadcrumb"},"inLanguage":"es","potentialAction":[{"@type":"ReadAction","target":["https:\/\/pagina10.com\/web\/mintic-lanza-cursos-gratis-en-competencias-digitales\/"]}]},{"@type":"ImageObject","inLanguage":"es","@id":"https:\/\/pagina10.com\/web\/mintic-lanza-cursos-gratis-en-competencias-digitales\/#primaryimage","url":"https:\/\/pagina10.com\/web\/wp-content\/uploads\/2015\/09\/19509cc5fcb1d3ad138f9f554dfdc4a0.jpg","contentUrl":"https:\/\/pagina10.com\/web\/wp-content\/uploads\/2015\/09\/19509cc5fcb1d3ad138f9f554dfdc4a0.jpg","width":626,"height":306},{"@type":"BreadcrumbList","@id":"https:\/\/pagina10.com\/web\/mintic-lanza-cursos-gratis-en-competencias-digitales\/#breadcrumb","itemListElement":[{"@type":"ListItem","position":1,"name":"Portada","item":"https:\/\/pagina10.com\/web\/"},{"@type":"ListItem","position":2,"name":"Mintic lanza cursos gratis en competencias digitales"}]},{"@type":"WebSite","@id":"https:\/\/pagina10.com\/web\/#website","url":"https:\/\/pagina10.com\/web\/","name":"P\u00e1gina10","description":"Peri\u00f3dico Regional","publisher":{"@id":"https:\/\/pagina10.com\/web\/#organization"},"alternateName":"P\u00e1gina10 Peri\u00f3dico Regional","potentialAction":[{"@type":"SearchAction","target":{"@type":"EntryPoint","urlTemplate":"https:\/\/pagina10.com\/web\/?s={search_term_string}"},"query-input":{"@type":"PropertyValueSpecification","valueRequired":true,"valueName":"search_term_string"}}],"inLanguage":"es"},{"@type":"Organization","@id":"https:\/\/pagina10.com\/web\/#organization","name":"P\u00e1gina10","alternateName":"P\u00e1gina10 Peri\u00f3dico Regional","url":"https:\/\/pagina10.com\/web\/","logo":{"@type":"ImageObject","inLanguage":"es","@id":"https:\/\/pagina10.com\/web\/#\/schema\/logo\/image\/","url":"https:\/\/pagina10.com\/web\/wp-content\/uploads\/2024\/01\/40-pagina-10-periodico-regional-pasto.jpg","contentUrl":"https:\/\/pagina10.com\/web\/wp-content\/uploads\/2024\/01\/40-pagina-10-periodico-regional-pasto.jpg","width":1280,"height":720,"caption":"P\u00e1gina10"},"image":{"@id":"https:\/\/pagina10.com\/web\/#\/schema\/logo\/image\/"},"sameAs":["https:\/\/www.facebook.com\/pag10com","https:\/\/x.com\/Pag10com","https:\/\/www.instagram.com\/pagina10col\/","https:\/\/youtube.com\/channel\/pag10","https:\/\/www.tiktok.com\/@p10col"]},{"@type":"Person","@id":"https:\/\/pagina10.com\/web\/#\/schema\/person\/a7a5d38f0629dfc107f619fbae4f6cc3","name":"P\u00e1gina 10","description":"P\u00e1gina10.com es un peri\u00f3dico digital que nace en Colombia, en el departamento de Nari\u00f1o, con un enfoque global, fundamentado en cuatro pilares esenciales: la libertad, el pluralismo, la inclusi\u00f3n y la independencia. P\u00e1gina10.com hace referencia a Nari\u00f1o como el d\u00e9cimo departamento creado en Colombia, despu\u00e9s de un proceso pol\u00edtico liderado por actores y actrices regionales con el fin de obtener la independencia y autonom\u00eda de nuestros territorios. Con la creaci\u00f3n de P\u00e1gina10.com se pretende abrir un escenario para el dialogo, la reflexi\u00f3n y el debate que se extienda a otras geograf\u00edas de Am\u00e9rica Latina y del planeta, en una apuesta por transformar colectivamente los desaf\u00edos de un mundo contempor\u00e1neo, m\u00e1s all\u00e1 de las fronteras impuestas.","url":"https:\/\/pagina10.com\/web\/author\/mcepeda\/"}]}},"_links":{"self":[{"href":"https:\/\/pagina10.com\/web\/wp-json\/wp\/v2\/posts\/17873","targetHints":{"allow":["GET"]}}],"collection":[{"href":"https:\/\/pagina10.com\/web\/wp-json\/wp\/v2\/posts"}],"about":[{"href":"https:\/\/pagina10.com\/web\/wp-json\/wp\/v2\/types\/post"}],"author":[{"embeddable":true,"href":"https:\/\/pagina10.com\/web\/wp-json\/wp\/v2\/users\/29"}],"replies":[{"embeddable":true,"href":"https:\/\/pagina10.com\/web\/wp-json\/wp\/v2\/comments?post=17873"}],"version-history":[{"count":0,"href":"https:\/\/pagina10.com\/web\/wp-json\/wp\/v2\/posts\/17873\/revisions"}],"wp:featuredmedia":[{"embeddable":true,"href":"https:\/\/pagina10.com\/web\/wp-json\/wp\/v2\/media\/17872"}],"wp:attachment":[{"href":"https:\/\/pagina10.com\/web\/wp-json\/wp\/v2\/media?parent=17873"}],"wp:term":[{"taxonomy":"category","embeddable":true,"href":"https:\/\/pagina10.com\/web\/wp-json\/wp\/v2\/categories?post=17873"},{"taxonomy":"post_tag","embeddable":true,"href":"https:\/\/pagina10.com\/web\/wp-json\/wp\/v2\/tags?post=17873"}],"curies":[{"name":"wp","href":"https:\/\/api.w.org\/{rel}","templated":true}]}}