{"id":17877,"date":"2015-09-27T23:08:18","date_gmt":"2015-09-27T23:08:18","guid":{"rendered":"https:\/\/pagina10.com\/web\/registraduria-finalizo-con-exito-primer-simulacro-de-preconteo\/"},"modified":"2015-09-27T23:08:18","modified_gmt":"2015-09-27T23:08:18","slug":"registraduria-finalizo-con-exito-primer-simulacro-de-preconteo","status":"publish","type":"post","link":"https:\/\/pagina10.com\/web\/registraduria-finalizo-con-exito-primer-simulacro-de-preconteo\/","title":{"rendered":"Registradur\u00eda finaliz\u00f3 con \u00e9xito primer simulacro de preconteo"},"content":{"rendered":"<p><img fetchpriority=\"high\" decoding=\"async\" class=\" size-full wp-image-17876\" src=\"https:\/\/pagina10.com\/web\/wp-content\/uploads\/2015\/09\/6614f6943033432e1db67f027b055728.jpg\" alt=\"\" width=\"400\" height=\"290\" srcset=\"https:\/\/pagina10.com\/web\/wp-content\/uploads\/2015\/09\/6614f6943033432e1db67f027b055728.jpg 400w, https:\/\/pagina10.com\/web\/wp-content\/uploads\/2015\/09\/6614f6943033432e1db67f027b055728-300x218.jpg 300w\" sizes=\"(max-width: 400px) 100vw, 400px\" \/><\/p>\n<p style=\"text-align: justify;\">Con \u00e9xito concluy\u00f3 el primer simulacro de preconteo que llevo a cabo la Registradur\u00eda Nacional del Estado Civil como preparativo de las elecciones de Autoridades locales que tendr\u00e1n desarrollo el pr\u00f3ximo 25 de octubre.<\/p>\n<p style=\"text-align: justify;\">La prueba permite detectar contingencias, comprobar la plataforma de comunicaciones, verificar la funcionalidad y operatividad del sottware, capacitaci\u00f3n del recurso humano y el comportamiento de receptores y transmisores.<\/p>\n<p style=\"text-align: justify;\">Durante la jornada participaron 33 mil personas en 1.102 municipios, entre transmisores y receptores de informaci\u00f3n, as\u00ed como funcionarios y contratistas de la Registradur\u00eda Nacional, en 99 mil mesas ubicadas en 10.847 puestos de votaci\u00f3n en todo el territorio Nacional.<\/p>\n<p style=\"text-align: justify;\">Con este tipo de actividades la Registradur\u00eda Nacional busca medir el comportamiento de las comunicaciones a trav\u00e9s de 28 mil l\u00edneas telef\u00f3nicas de transmisi\u00f3n y recepci\u00f3n de datos para asegurar un \u00f3ptimo procesamiento de la informaci\u00f3n durante los comicios del 25 de octubre.<\/p>\n<p style=\"text-align: justify;\">As\u00ed mismo, el simulacro aval\u00faa el procedimiento de contingencia del procesamiento de datos y preconteo en cada uno de los 33 centros de procesamiento de datos de todo el pa\u00eds y en los dos de contingencia regional ubicados en las ciudades de Bogot\u00e1 y Barranquilla.<\/p>\n<p style=\"text-align: justify;\">En esta prueba participaron delegados de los organismos de control como la Procuradur\u00eda General de la Naci\u00f3n y la Contralor\u00eda General de la Rep\u00fablica y representantes de los partidos, movimientos pol\u00edticos y grupos significativos de ciudadanos que acompa\u00f1aron la actividad durante la jornada en los centros de procesamiento de informaci\u00f3n de las ciudades capitales.<\/p>\n<p style=\"text-align: justify;\">Los resultados que se divulguen el pr\u00f3ximo domingo 25 de octubre a trav\u00e9s de la p\u00e1gina web de la Registradur\u00eda y los medios de comunicaci\u00f3n son el resultado del preconteo o conteo r\u00e1pido de mesa, que tiene car\u00e1cter informativo pero carece de valor jur\u00eddico vinculante, ya que de acuerdo con lo previsto en el C\u00f3digo Electoral, los resultados oficiales de la elecci\u00f3n s\u00f3lo se conocen una vez concluya el proceso de escrutinio, a cargo de las comisiones escrutadoras y el Consejo Nacional Electoral, el cual comienza el mismo domingo de la elecci\u00f3n.<\/p>\n","protected":false},"excerpt":{"rendered":"<p>Con \u00e9xito concluy\u00f3 el primer simulacro de preconteo que llevo a cabo la Registradur\u00eda Nacional del Estado Civil como preparativo de las elecciones de Autoridades locales que tendr\u00e1n desarrollo el pr\u00f3ximo 25 de octubre. La prueba permite detectar contingencias, comprobar la plataforma de comunicaciones, verificar la funcionalidad y operatividad del sottware, capacitaci\u00f3n del recurso humano [&hellip;]<\/p>\n","protected":false},"author":29,"featured_media":17876,"comment_status":"open","ping_status":"open","sticky":false,"template":"","format":"standard","meta":{"footnotes":""},"categories":[1],"tags":[],"class_list":["post-17877","post","type-post","status-publish","format-standard","has-post-thumbnail","hentry","category-sin-categoria"],"yoast_head":"<!-- This site is optimized with the Yoast SEO plugin v27.1.1 - https:\/\/yoast.com\/product\/yoast-seo-wordpress\/ -->\n<title>Registradur\u00eda finaliz\u00f3 con \u00e9xito primer simulacro de preconteo | P\u00e1gina10<\/title>\n<meta name=\"robots\" content=\"index, follow, max-snippet:-1, max-image-preview:large, max-video-preview:-1\" \/>\n<link rel=\"canonical\" href=\"https:\/\/pagina10.com\/web\/registraduria-finalizo-con-exito-primer-simulacro-de-preconteo\/\" \/>\n<meta property=\"og:locale\" content=\"es_ES\" \/>\n<meta property=\"og:type\" content=\"article\" \/>\n<meta property=\"og:title\" content=\"Registradur\u00eda finaliz\u00f3 con \u00e9xito primer simulacro de preconteo | P\u00e1gina10\" \/>\n<meta property=\"og:description\" content=\"Con \u00e9xito concluy\u00f3 el primer simulacro de preconteo que llevo a cabo la Registradur\u00eda Nacional del Estado Civil como preparativo de las elecciones de Autoridades locales que tendr\u00e1n desarrollo el pr\u00f3ximo 25 de octubre. La prueba permite detectar contingencias, comprobar la plataforma de comunicaciones, verificar la funcionalidad y operatividad del sottware, capacitaci\u00f3n del recurso humano [&hellip;]\" \/>\n<meta property=\"og:url\" content=\"https:\/\/pagina10.com\/web\/registraduria-finalizo-con-exito-primer-simulacro-de-preconteo\/\" \/>\n<meta property=\"og:site_name\" content=\"P\u00e1gina10\" \/>\n<meta property=\"article:publisher\" content=\"https:\/\/www.facebook.com\/pag10com\" \/>\n<meta property=\"article:published_time\" content=\"2015-09-27T23:08:18+00:00\" \/>\n<meta property=\"og:image\" content=\"https:\/\/pagina10.com\/web\/wp-content\/uploads\/2015\/09\/6614f6943033432e1db67f027b055728.jpg\" \/>\n\t<meta property=\"og:image:width\" content=\"400\" \/>\n\t<meta property=\"og:image:height\" content=\"290\" \/>\n\t<meta property=\"og:image:type\" content=\"image\/jpeg\" \/>\n<meta name=\"author\" content=\"P\u00e1gina 10\" \/>\n<meta name=\"twitter:card\" content=\"summary_large_image\" \/>\n<meta name=\"twitter:creator\" content=\"@Pag10com\" \/>\n<meta name=\"twitter:site\" content=\"@Pag10com\" \/>\n<meta name=\"twitter:label1\" content=\"Escrito por\" \/>\n\t<meta name=\"twitter:data1\" content=\"P\u00e1gina 10\" \/>\n\t<meta name=\"twitter:label2\" content=\"Tiempo de lectura\" \/>\n\t<meta name=\"twitter:data2\" content=\"2 minutos\" \/>\n<script type=\"application\/ld+json\" class=\"yoast-schema-graph\">{\"@context\":\"https:\/\/schema.org\",\"@graph\":[{\"@type\":\"Article\",\"@id\":\"https:\/\/pagina10.com\/web\/registraduria-finalizo-con-exito-primer-simulacro-de-preconteo\/#article\",\"isPartOf\":{\"@id\":\"https:\/\/pagina10.com\/web\/registraduria-finalizo-con-exito-primer-simulacro-de-preconteo\/\"},\"author\":{\"name\":\"P\u00e1gina 10\",\"@id\":\"https:\/\/pagina10.com\/web\/#\/schema\/person\/a7a5d38f0629dfc107f619fbae4f6cc3\"},\"headline\":\"Registradur\u00eda finaliz\u00f3 con \u00e9xito primer simulacro de preconteo\",\"datePublished\":\"2015-09-27T23:08:18+00:00\",\"mainEntityOfPage\":{\"@id\":\"https:\/\/pagina10.com\/web\/registraduria-finalizo-con-exito-primer-simulacro-de-preconteo\/\"},\"wordCount\":371,\"commentCount\":0,\"publisher\":{\"@id\":\"https:\/\/pagina10.com\/web\/#organization\"},\"image\":{\"@id\":\"https:\/\/pagina10.com\/web\/registraduria-finalizo-con-exito-primer-simulacro-de-preconteo\/#primaryimage\"},\"thumbnailUrl\":\"https:\/\/pagina10.com\/web\/wp-content\/uploads\/2015\/09\/6614f6943033432e1db67f027b055728.jpg\",\"inLanguage\":\"es\",\"potentialAction\":[{\"@type\":\"CommentAction\",\"name\":\"Comment\",\"target\":[\"https:\/\/pagina10.com\/web\/registraduria-finalizo-con-exito-primer-simulacro-de-preconteo\/#respond\"]}]},{\"@type\":\"WebPage\",\"@id\":\"https:\/\/pagina10.com\/web\/registraduria-finalizo-con-exito-primer-simulacro-de-preconteo\/\",\"url\":\"https:\/\/pagina10.com\/web\/registraduria-finalizo-con-exito-primer-simulacro-de-preconteo\/\",\"name\":\"Registradur\u00eda finaliz\u00f3 con \u00e9xito primer simulacro de preconteo | P\u00e1gina10\",\"isPartOf\":{\"@id\":\"https:\/\/pagina10.com\/web\/#website\"},\"primaryImageOfPage\":{\"@id\":\"https:\/\/pagina10.com\/web\/registraduria-finalizo-con-exito-primer-simulacro-de-preconteo\/#primaryimage\"},\"image\":{\"@id\":\"https:\/\/pagina10.com\/web\/registraduria-finalizo-con-exito-primer-simulacro-de-preconteo\/#primaryimage\"},\"thumbnailUrl\":\"https:\/\/pagina10.com\/web\/wp-content\/uploads\/2015\/09\/6614f6943033432e1db67f027b055728.jpg\",\"datePublished\":\"2015-09-27T23:08:18+00:00\",\"breadcrumb\":{\"@id\":\"https:\/\/pagina10.com\/web\/registraduria-finalizo-con-exito-primer-simulacro-de-preconteo\/#breadcrumb\"},\"inLanguage\":\"es\",\"potentialAction\":[{\"@type\":\"ReadAction\",\"target\":[\"https:\/\/pagina10.com\/web\/registraduria-finalizo-con-exito-primer-simulacro-de-preconteo\/\"]}]},{\"@type\":\"ImageObject\",\"inLanguage\":\"es\",\"@id\":\"https:\/\/pagina10.com\/web\/registraduria-finalizo-con-exito-primer-simulacro-de-preconteo\/#primaryimage\",\"url\":\"https:\/\/pagina10.com\/web\/wp-content\/uploads\/2015\/09\/6614f6943033432e1db67f027b055728.jpg\",\"contentUrl\":\"https:\/\/pagina10.com\/web\/wp-content\/uploads\/2015\/09\/6614f6943033432e1db67f027b055728.jpg\",\"width\":400,\"height\":290},{\"@type\":\"BreadcrumbList\",\"@id\":\"https:\/\/pagina10.com\/web\/registraduria-finalizo-con-exito-primer-simulacro-de-preconteo\/#breadcrumb\",\"itemListElement\":[{\"@type\":\"ListItem\",\"position\":1,\"name\":\"Portada\",\"item\":\"https:\/\/pagina10.com\/web\/\"},{\"@type\":\"ListItem\",\"position\":2,\"name\":\"Registradur\u00eda finaliz\u00f3 con \u00e9xito primer simulacro de preconteo\"}]},{\"@type\":\"WebSite\",\"@id\":\"https:\/\/pagina10.com\/web\/#website\",\"url\":\"https:\/\/pagina10.com\/web\/\",\"name\":\"P\u00e1gina10\",\"description\":\"Peri\u00f3dico Regional\",\"publisher\":{\"@id\":\"https:\/\/pagina10.com\/web\/#organization\"},\"alternateName\":\"P\u00e1gina10 Peri\u00f3dico Regional\",\"potentialAction\":[{\"@type\":\"SearchAction\",\"target\":{\"@type\":\"EntryPoint\",\"urlTemplate\":\"https:\/\/pagina10.com\/web\/?s={search_term_string}\"},\"query-input\":{\"@type\":\"PropertyValueSpecification\",\"valueRequired\":true,\"valueName\":\"search_term_string\"}}],\"inLanguage\":\"es\"},{\"@type\":\"Organization\",\"@id\":\"https:\/\/pagina10.com\/web\/#organization\",\"name\":\"P\u00e1gina10\",\"alternateName\":\"P\u00e1gina10 Peri\u00f3dico Regional\",\"url\":\"https:\/\/pagina10.com\/web\/\",\"logo\":{\"@type\":\"ImageObject\",\"inLanguage\":\"es\",\"@id\":\"https:\/\/pagina10.com\/web\/#\/schema\/logo\/image\/\",\"url\":\"https:\/\/pagina10.com\/web\/wp-content\/uploads\/2024\/01\/40-pagina-10-periodico-regional-pasto.jpg\",\"contentUrl\":\"https:\/\/pagina10.com\/web\/wp-content\/uploads\/2024\/01\/40-pagina-10-periodico-regional-pasto.jpg\",\"width\":1280,\"height\":720,\"caption\":\"P\u00e1gina10\"},\"image\":{\"@id\":\"https:\/\/pagina10.com\/web\/#\/schema\/logo\/image\/\"},\"sameAs\":[\"https:\/\/www.facebook.com\/pag10com\",\"https:\/\/x.com\/Pag10com\",\"https:\/\/www.instagram.com\/pagina10col\/\",\"https:\/\/youtube.com\/channel\/pag10\",\"https:\/\/www.tiktok.com\/@p10col\"]},{\"@type\":\"Person\",\"@id\":\"https:\/\/pagina10.com\/web\/#\/schema\/person\/a7a5d38f0629dfc107f619fbae4f6cc3\",\"name\":\"P\u00e1gina 10\",\"description\":\"P\u00e1gina10.com es un peri\u00f3dico digital que nace en Colombia, en el departamento de Nari\u00f1o, con un enfoque global, fundamentado en cuatro pilares esenciales: la libertad, el pluralismo, la inclusi\u00f3n y la independencia. P\u00e1gina10.com hace referencia a Nari\u00f1o como el d\u00e9cimo departamento creado en Colombia, despu\u00e9s de un proceso pol\u00edtico liderado por actores y actrices regionales con el fin de obtener la independencia y autonom\u00eda de nuestros territorios. Con la creaci\u00f3n de P\u00e1gina10.com se pretende abrir un escenario para el dialogo, la reflexi\u00f3n y el debate que se extienda a otras geograf\u00edas de Am\u00e9rica Latina y del planeta, en una apuesta por transformar colectivamente los desaf\u00edos de un mundo contempor\u00e1neo, m\u00e1s all\u00e1 de las fronteras impuestas.\",\"url\":\"https:\/\/pagina10.com\/web\/author\/mcepeda\/\"}]}<\/script>\n<!-- \/ Yoast SEO plugin. -->","yoast_head_json":{"title":"Registradur\u00eda finaliz\u00f3 con \u00e9xito primer simulacro de preconteo | P\u00e1gina10","robots":{"index":"index","follow":"follow","max-snippet":"max-snippet:-1","max-image-preview":"max-image-preview:large","max-video-preview":"max-video-preview:-1"},"canonical":"https:\/\/pagina10.com\/web\/registraduria-finalizo-con-exito-primer-simulacro-de-preconteo\/","og_locale":"es_ES","og_type":"article","og_title":"Registradur\u00eda finaliz\u00f3 con \u00e9xito primer simulacro de preconteo | P\u00e1gina10","og_description":"Con \u00e9xito concluy\u00f3 el primer simulacro de preconteo que llevo a cabo la Registradur\u00eda Nacional del Estado Civil como preparativo de las elecciones de Autoridades locales que tendr\u00e1n desarrollo el pr\u00f3ximo 25 de octubre. La prueba permite detectar contingencias, comprobar la plataforma de comunicaciones, verificar la funcionalidad y operatividad del sottware, capacitaci\u00f3n del recurso humano [&hellip;]","og_url":"https:\/\/pagina10.com\/web\/registraduria-finalizo-con-exito-primer-simulacro-de-preconteo\/","og_site_name":"P\u00e1gina10","article_publisher":"https:\/\/www.facebook.com\/pag10com","article_published_time":"2015-09-27T23:08:18+00:00","og_image":[{"width":400,"height":290,"url":"https:\/\/pagina10.com\/web\/wp-content\/uploads\/2015\/09\/6614f6943033432e1db67f027b055728.jpg","type":"image\/jpeg"}],"author":"P\u00e1gina 10","twitter_card":"summary_large_image","twitter_creator":"@Pag10com","twitter_site":"@Pag10com","twitter_misc":{"Escrito por":"P\u00e1gina 10","Tiempo de lectura":"2 minutos"},"schema":{"@context":"https:\/\/schema.org","@graph":[{"@type":"Article","@id":"https:\/\/pagina10.com\/web\/registraduria-finalizo-con-exito-primer-simulacro-de-preconteo\/#article","isPartOf":{"@id":"https:\/\/pagina10.com\/web\/registraduria-finalizo-con-exito-primer-simulacro-de-preconteo\/"},"author":{"name":"P\u00e1gina 10","@id":"https:\/\/pagina10.com\/web\/#\/schema\/person\/a7a5d38f0629dfc107f619fbae4f6cc3"},"headline":"Registradur\u00eda finaliz\u00f3 con \u00e9xito primer simulacro de preconteo","datePublished":"2015-09-27T23:08:18+00:00","mainEntityOfPage":{"@id":"https:\/\/pagina10.com\/web\/registraduria-finalizo-con-exito-primer-simulacro-de-preconteo\/"},"wordCount":371,"commentCount":0,"publisher":{"@id":"https:\/\/pagina10.com\/web\/#organization"},"image":{"@id":"https:\/\/pagina10.com\/web\/registraduria-finalizo-con-exito-primer-simulacro-de-preconteo\/#primaryimage"},"thumbnailUrl":"https:\/\/pagina10.com\/web\/wp-content\/uploads\/2015\/09\/6614f6943033432e1db67f027b055728.jpg","inLanguage":"es","potentialAction":[{"@type":"CommentAction","name":"Comment","target":["https:\/\/pagina10.com\/web\/registraduria-finalizo-con-exito-primer-simulacro-de-preconteo\/#respond"]}]},{"@type":"WebPage","@id":"https:\/\/pagina10.com\/web\/registraduria-finalizo-con-exito-primer-simulacro-de-preconteo\/","url":"https:\/\/pagina10.com\/web\/registraduria-finalizo-con-exito-primer-simulacro-de-preconteo\/","name":"Registradur\u00eda finaliz\u00f3 con \u00e9xito primer simulacro de preconteo | P\u00e1gina10","isPartOf":{"@id":"https:\/\/pagina10.com\/web\/#website"},"primaryImageOfPage":{"@id":"https:\/\/pagina10.com\/web\/registraduria-finalizo-con-exito-primer-simulacro-de-preconteo\/#primaryimage"},"image":{"@id":"https:\/\/pagina10.com\/web\/registraduria-finalizo-con-exito-primer-simulacro-de-preconteo\/#primaryimage"},"thumbnailUrl":"https:\/\/pagina10.com\/web\/wp-content\/uploads\/2015\/09\/6614f6943033432e1db67f027b055728.jpg","datePublished":"2015-09-27T23:08:18+00:00","breadcrumb":{"@id":"https:\/\/pagina10.com\/web\/registraduria-finalizo-con-exito-primer-simulacro-de-preconteo\/#breadcrumb"},"inLanguage":"es","potentialAction":[{"@type":"ReadAction","target":["https:\/\/pagina10.com\/web\/registraduria-finalizo-con-exito-primer-simulacro-de-preconteo\/"]}]},{"@type":"ImageObject","inLanguage":"es","@id":"https:\/\/pagina10.com\/web\/registraduria-finalizo-con-exito-primer-simulacro-de-preconteo\/#primaryimage","url":"https:\/\/pagina10.com\/web\/wp-content\/uploads\/2015\/09\/6614f6943033432e1db67f027b055728.jpg","contentUrl":"https:\/\/pagina10.com\/web\/wp-content\/uploads\/2015\/09\/6614f6943033432e1db67f027b055728.jpg","width":400,"height":290},{"@type":"BreadcrumbList","@id":"https:\/\/pagina10.com\/web\/registraduria-finalizo-con-exito-primer-simulacro-de-preconteo\/#breadcrumb","itemListElement":[{"@type":"ListItem","position":1,"name":"Portada","item":"https:\/\/pagina10.com\/web\/"},{"@type":"ListItem","position":2,"name":"Registradur\u00eda finaliz\u00f3 con \u00e9xito primer simulacro de preconteo"}]},{"@type":"WebSite","@id":"https:\/\/pagina10.com\/web\/#website","url":"https:\/\/pagina10.com\/web\/","name":"P\u00e1gina10","description":"Peri\u00f3dico Regional","publisher":{"@id":"https:\/\/pagina10.com\/web\/#organization"},"alternateName":"P\u00e1gina10 Peri\u00f3dico Regional","potentialAction":[{"@type":"SearchAction","target":{"@type":"EntryPoint","urlTemplate":"https:\/\/pagina10.com\/web\/?s={search_term_string}"},"query-input":{"@type":"PropertyValueSpecification","valueRequired":true,"valueName":"search_term_string"}}],"inLanguage":"es"},{"@type":"Organization","@id":"https:\/\/pagina10.com\/web\/#organization","name":"P\u00e1gina10","alternateName":"P\u00e1gina10 Peri\u00f3dico Regional","url":"https:\/\/pagina10.com\/web\/","logo":{"@type":"ImageObject","inLanguage":"es","@id":"https:\/\/pagina10.com\/web\/#\/schema\/logo\/image\/","url":"https:\/\/pagina10.com\/web\/wp-content\/uploads\/2024\/01\/40-pagina-10-periodico-regional-pasto.jpg","contentUrl":"https:\/\/pagina10.com\/web\/wp-content\/uploads\/2024\/01\/40-pagina-10-periodico-regional-pasto.jpg","width":1280,"height":720,"caption":"P\u00e1gina10"},"image":{"@id":"https:\/\/pagina10.com\/web\/#\/schema\/logo\/image\/"},"sameAs":["https:\/\/www.facebook.com\/pag10com","https:\/\/x.com\/Pag10com","https:\/\/www.instagram.com\/pagina10col\/","https:\/\/youtube.com\/channel\/pag10","https:\/\/www.tiktok.com\/@p10col"]},{"@type":"Person","@id":"https:\/\/pagina10.com\/web\/#\/schema\/person\/a7a5d38f0629dfc107f619fbae4f6cc3","name":"P\u00e1gina 10","description":"P\u00e1gina10.com es un peri\u00f3dico digital que nace en Colombia, en el departamento de Nari\u00f1o, con un enfoque global, fundamentado en cuatro pilares esenciales: la libertad, el pluralismo, la inclusi\u00f3n y la independencia. P\u00e1gina10.com hace referencia a Nari\u00f1o como el d\u00e9cimo departamento creado en Colombia, despu\u00e9s de un proceso pol\u00edtico liderado por actores y actrices regionales con el fin de obtener la independencia y autonom\u00eda de nuestros territorios. Con la creaci\u00f3n de P\u00e1gina10.com se pretende abrir un escenario para el dialogo, la reflexi\u00f3n y el debate que se extienda a otras geograf\u00edas de Am\u00e9rica Latina y del planeta, en una apuesta por transformar colectivamente los desaf\u00edos de un mundo contempor\u00e1neo, m\u00e1s all\u00e1 de las fronteras impuestas.","url":"https:\/\/pagina10.com\/web\/author\/mcepeda\/"}]}},"_links":{"self":[{"href":"https:\/\/pagina10.com\/web\/wp-json\/wp\/v2\/posts\/17877","targetHints":{"allow":["GET"]}}],"collection":[{"href":"https:\/\/pagina10.com\/web\/wp-json\/wp\/v2\/posts"}],"about":[{"href":"https:\/\/pagina10.com\/web\/wp-json\/wp\/v2\/types\/post"}],"author":[{"embeddable":true,"href":"https:\/\/pagina10.com\/web\/wp-json\/wp\/v2\/users\/29"}],"replies":[{"embeddable":true,"href":"https:\/\/pagina10.com\/web\/wp-json\/wp\/v2\/comments?post=17877"}],"version-history":[{"count":0,"href":"https:\/\/pagina10.com\/web\/wp-json\/wp\/v2\/posts\/17877\/revisions"}],"wp:featuredmedia":[{"embeddable":true,"href":"https:\/\/pagina10.com\/web\/wp-json\/wp\/v2\/media\/17876"}],"wp:attachment":[{"href":"https:\/\/pagina10.com\/web\/wp-json\/wp\/v2\/media?parent=17877"}],"wp:term":[{"taxonomy":"category","embeddable":true,"href":"https:\/\/pagina10.com\/web\/wp-json\/wp\/v2\/categories?post=17877"},{"taxonomy":"post_tag","embeddable":true,"href":"https:\/\/pagina10.com\/web\/wp-json\/wp\/v2\/tags?post=17877"}],"curies":[{"name":"wp","href":"https:\/\/api.w.org\/{rel}","templated":true}]}}