{"id":17879,"date":"2015-09-25T23:13:30","date_gmt":"2015-09-25T23:13:30","guid":{"rendered":"https:\/\/pagina10.com\/web\/minsalud-declaro-cierre-de-la-epidemia-de-chikunguna-en-colombia\/"},"modified":"2015-09-25T23:13:30","modified_gmt":"2015-09-25T23:13:30","slug":"minsalud-declaro-cierre-de-la-epidemia-de-chikunguna-en-colombia","status":"publish","type":"post","link":"https:\/\/pagina10.com\/web\/minsalud-declaro-cierre-de-la-epidemia-de-chikunguna-en-colombia\/","title":{"rendered":"Minsalud declar\u00f3 cierre de la epidemia de chikungu\u00f1a en Colombia"},"content":{"rendered":"<p><img fetchpriority=\"high\" decoding=\"async\" class=\" size-full wp-image-17878\" src=\"https:\/\/pagina10.com\/web\/wp-content\/uploads\/2015\/09\/c67df24bf26dc3247ca9e6e7701f42ed.jpg\" alt=\"\" width=\"720\" height=\"360\" srcset=\"https:\/\/pagina10.com\/web\/wp-content\/uploads\/2015\/09\/c67df24bf26dc3247ca9e6e7701f42ed.jpg 720w, https:\/\/pagina10.com\/web\/wp-content\/uploads\/2015\/09\/c67df24bf26dc3247ca9e6e7701f42ed-300x150.jpg 300w\" sizes=\"(max-width: 720px) 100vw, 720px\" \/><\/p>\n<p style=\"text-align: justify;\">El Ministerio de Salud y Protecci\u00f3n Social declar\u00f3 el cierre de la epidemia de chikungu\u00f1a que afect\u00f3 al pa\u00eds desde septiembre de 2014, durante la cual se reportaron m\u00e1s de 439 mil casos en 712 municipios del territorio nacional.<\/p>\n<p style=\"text-align: justify;\">&#8220;Damos por declarado el cierre de la fase epid\u00e9mica del chikungu\u00f1a&#8221;, anunci\u00f3 el Viceministro de Salud P\u00fablica y Prestaci\u00f3n de Servicios, Fernando Ru\u00edz G\u00f3mez, en compa\u00f1\u00eda de Wilmer Marqui\u00f1o de la Organizaci\u00f3n Panamericana de la Salud, Elkin Osorio Saldarriaga, Director de Promoci\u00f3n y Prevenci\u00f3n; Mar\u00eda Mercedes Mu\u00f1oz, coordinadora del Centro Nacional de Enlace, y Martha Luc\u00eda Ospina Mart\u00ednez, Directora (E) del Instituto Nacional de Salud (INS).<\/p>\n<p style=\"text-align: justify;\">Tras la declaratoria de cierre, el Viceministro Ru\u00edz G\u00f3mez hizo una caracterizaci\u00f3n de la epidemia, al resaltar la manera transparente como se manej\u00f3 la epidemia. &#8220;Tenemos una caracterizaci\u00f3n exhaustiva y un monitoreo continuo, haciendo del pa\u00eds un ejemplo para la regi\u00f3n de Las Am\u00e9ricas. La misma Organizaci\u00f3n Panamericana de la Salud hizo un seguimiento por ser Colombia el primer pa\u00eds continental en reportar los datos de manera clara, concisa y oportuna&#8221;.<\/p>\n<p style=\"text-align: justify;\">Destac\u00f3 que expertos de M\u00e9xico, del Centro de Control de Enfermedades (CDC, por sus siglas en ingl\u00e9s) de Atlanta, de Per\u00fa y otros pa\u00edses de Latinoam\u00e9rica centraron su atenci\u00f3n en la manera como el pa\u00eds abord\u00f3 la epidemia.<\/p>\n<p style=\"text-align: justify;\"><strong>As\u00ed fue la evoluci\u00f3n<\/strong><\/p>\n<p style=\"text-align: justify;\">La epidemia inici\u00f3 en septiembre de 2014 cuando se identific\u00f3 la circulaci\u00f3n del virus en el municipio de Mahates (Bolivar) y posteriormente se disemin\u00f3 a San Juan Nepomuceno, Cartagena y -en concordancia con movimientos poblacionales- se expandi\u00f3 por las sabanas de Bol\u00edvar, Sucre, y C\u00f3rdoba. De manera, simult\u00e1nea afect\u00f3 al departamento de Norte de Santander y luego fue desplaz\u00e1ndose por los municipios ribere\u00f1os del r\u00edo Magdalena hasta llegar a los departamentos de Tolima y Huila. Finalmente lleg\u00f3 a la Orinoqu\u00eda, Amazon\u00eda y Regi\u00f3n Pac\u00edfica.<\/p>\n<p style=\"text-align: justify;\">Ru\u00edz G\u00f3mez explic\u00f3 que la tercera semana epidemiol\u00f3gica de 2015 fue la que present\u00f3 el mayor n\u00famero de casos, con un m\u00e1ximo de 16.023 reportes. &#8220;En total, durante 2015 tuvimos 334.429 casos en 712 municipios de los 951 que se encuentran en la zona de influencia del vector aedes aegypti. Desde la semana epidemiol\u00f3gica 13 inici\u00f3 un descenso sostenido hasta reportar 1.625 casos de la enfermedad en la semana 35 de 2015&#8221;.<\/p>\n<p style=\"text-align: justify;\">Los municipios m\u00e1s afectados con n\u00famero m\u00e1ximo de casos fueron Cali, C\u00facuta, Neiva, Cartagena, Villavicencio, Sincelejo, Ibagu\u00e9, Monter\u00eda, Barranquilla, Girardot, Cartago, Palmira, entre otros.<\/p>\n<p style=\"text-align: justify;\">Reiter\u00f3 que el chikungu\u00f1a es una enfermedad que no repite. &#8220;La fase end\u00e9mica a\u00fan no est\u00e1 determinada porque hasta la fecha no existe el reservorio del virus como s\u00ed sucede en \u00c1frica. Eventualmente se podr\u00edan presentar brotes extendidos&#8221;, agreg\u00f3.<\/p>\n<p style=\"text-align: justify;\">De otro lado, la Directora (E) del INS explic\u00f3 los estudios de cabalidad, letalidad, cronicidad y de costos asociados al chikungu\u00f1a desde septiembre de 2014 hasta septiembre de 2015.<\/p>\n<p style=\"text-align: justify;\">De acuerdo con el Instituto, las unidades de an\u00e1lisis de muerte con chikungu\u00f1a reportaron 58casos: 12 procedieron de Norte de Santander, 9 del Tolima y 9 de Cundinamarca. La letalidad del virus fue del 0,013%, es decir, un fallecimiento por cada 10 mil enfermos. El total de casos fallecidos se ajusta a las proyecciones iniciales hechas por el Ministerio de Salud en septiembre de 2014, que daban cuenta de 60 casos fatales.<\/p>\n<p style=\"text-align: justify;\">Pese a esta declaratoria, el Gobierno Nacional reitera a todos los ciudadanos la necesidad de mantener las medidas de promoci\u00f3n y prevenci\u00f3n de la enfermedad, teniendo en cuenta el fen\u00f3meno de El Ni\u00f1o por el cual atraviesa el pa\u00eds.<\/p>\n","protected":false},"excerpt":{"rendered":"<p>El Ministerio de Salud y Protecci\u00f3n Social declar\u00f3 el cierre de la epidemia de chikungu\u00f1a que afect\u00f3 al pa\u00eds desde septiembre de 2014, durante la cual se reportaron m\u00e1s de 439 mil casos en 712 municipios del territorio nacional. &#8220;Damos por declarado el cierre de la fase epid\u00e9mica del chikungu\u00f1a&#8221;, anunci\u00f3 el Viceministro de Salud [&hellip;]<\/p>\n","protected":false},"author":29,"featured_media":17878,"comment_status":"open","ping_status":"open","sticky":false,"template":"","format":"standard","meta":{"footnotes":""},"categories":[1],"tags":[],"class_list":["post-17879","post","type-post","status-publish","format-standard","has-post-thumbnail","hentry","category-sin-categoria"],"yoast_head":"<!-- This site is optimized with the Yoast SEO plugin v27.1.1 - https:\/\/yoast.com\/product\/yoast-seo-wordpress\/ -->\n<title>Minsalud declar\u00f3 cierre de la epidemia de chikungu\u00f1a en Colombia | P\u00e1gina10<\/title>\n<meta name=\"robots\" content=\"index, follow, max-snippet:-1, max-image-preview:large, max-video-preview:-1\" \/>\n<link rel=\"canonical\" href=\"https:\/\/pagina10.com\/web\/minsalud-declaro-cierre-de-la-epidemia-de-chikunguna-en-colombia\/\" \/>\n<meta property=\"og:locale\" content=\"es_ES\" \/>\n<meta property=\"og:type\" content=\"article\" \/>\n<meta property=\"og:title\" content=\"Minsalud declar\u00f3 cierre de la epidemia de chikungu\u00f1a en Colombia | P\u00e1gina10\" \/>\n<meta property=\"og:description\" content=\"El Ministerio de Salud y Protecci\u00f3n Social declar\u00f3 el cierre de la epidemia de chikungu\u00f1a que afect\u00f3 al pa\u00eds desde septiembre de 2014, durante la cual se reportaron m\u00e1s de 439 mil casos en 712 municipios del territorio nacional. &#8220;Damos por declarado el cierre de la fase epid\u00e9mica del chikungu\u00f1a&#8221;, anunci\u00f3 el Viceministro de Salud [&hellip;]\" \/>\n<meta property=\"og:url\" content=\"https:\/\/pagina10.com\/web\/minsalud-declaro-cierre-de-la-epidemia-de-chikunguna-en-colombia\/\" \/>\n<meta property=\"og:site_name\" content=\"P\u00e1gina10\" \/>\n<meta property=\"article:publisher\" content=\"https:\/\/www.facebook.com\/pag10com\" \/>\n<meta property=\"article:published_time\" content=\"2015-09-25T23:13:30+00:00\" \/>\n<meta property=\"og:image\" content=\"https:\/\/pagina10.com\/web\/wp-content\/uploads\/2015\/09\/c67df24bf26dc3247ca9e6e7701f42ed.jpg\" \/>\n\t<meta property=\"og:image:width\" content=\"720\" \/>\n\t<meta property=\"og:image:height\" content=\"360\" \/>\n\t<meta property=\"og:image:type\" content=\"image\/jpeg\" \/>\n<meta name=\"author\" content=\"P\u00e1gina 10\" \/>\n<meta name=\"twitter:card\" content=\"summary_large_image\" \/>\n<meta name=\"twitter:creator\" content=\"@Pag10com\" \/>\n<meta name=\"twitter:site\" content=\"@Pag10com\" \/>\n<meta name=\"twitter:label1\" content=\"Escrito por\" \/>\n\t<meta name=\"twitter:data1\" content=\"P\u00e1gina 10\" \/>\n\t<meta name=\"twitter:label2\" content=\"Tiempo de lectura\" \/>\n\t<meta name=\"twitter:data2\" content=\"3 minutos\" \/>\n<script type=\"application\/ld+json\" class=\"yoast-schema-graph\">{\"@context\":\"https:\/\/schema.org\",\"@graph\":[{\"@type\":\"Article\",\"@id\":\"https:\/\/pagina10.com\/web\/minsalud-declaro-cierre-de-la-epidemia-de-chikunguna-en-colombia\/#article\",\"isPartOf\":{\"@id\":\"https:\/\/pagina10.com\/web\/minsalud-declaro-cierre-de-la-epidemia-de-chikunguna-en-colombia\/\"},\"author\":{\"name\":\"P\u00e1gina 10\",\"@id\":\"https:\/\/pagina10.com\/web\/#\/schema\/person\/a7a5d38f0629dfc107f619fbae4f6cc3\"},\"headline\":\"Minsalud declar\u00f3 cierre de la epidemia de chikungu\u00f1a en Colombia\",\"datePublished\":\"2015-09-25T23:13:30+00:00\",\"mainEntityOfPage\":{\"@id\":\"https:\/\/pagina10.com\/web\/minsalud-declaro-cierre-de-la-epidemia-de-chikunguna-en-colombia\/\"},\"wordCount\":634,\"commentCount\":0,\"publisher\":{\"@id\":\"https:\/\/pagina10.com\/web\/#organization\"},\"image\":{\"@id\":\"https:\/\/pagina10.com\/web\/minsalud-declaro-cierre-de-la-epidemia-de-chikunguna-en-colombia\/#primaryimage\"},\"thumbnailUrl\":\"https:\/\/pagina10.com\/web\/wp-content\/uploads\/2015\/09\/c67df24bf26dc3247ca9e6e7701f42ed.jpg\",\"inLanguage\":\"es\",\"potentialAction\":[{\"@type\":\"CommentAction\",\"name\":\"Comment\",\"target\":[\"https:\/\/pagina10.com\/web\/minsalud-declaro-cierre-de-la-epidemia-de-chikunguna-en-colombia\/#respond\"]}]},{\"@type\":\"WebPage\",\"@id\":\"https:\/\/pagina10.com\/web\/minsalud-declaro-cierre-de-la-epidemia-de-chikunguna-en-colombia\/\",\"url\":\"https:\/\/pagina10.com\/web\/minsalud-declaro-cierre-de-la-epidemia-de-chikunguna-en-colombia\/\",\"name\":\"Minsalud declar\u00f3 cierre de la epidemia de chikungu\u00f1a en Colombia | P\u00e1gina10\",\"isPartOf\":{\"@id\":\"https:\/\/pagina10.com\/web\/#website\"},\"primaryImageOfPage\":{\"@id\":\"https:\/\/pagina10.com\/web\/minsalud-declaro-cierre-de-la-epidemia-de-chikunguna-en-colombia\/#primaryimage\"},\"image\":{\"@id\":\"https:\/\/pagina10.com\/web\/minsalud-declaro-cierre-de-la-epidemia-de-chikunguna-en-colombia\/#primaryimage\"},\"thumbnailUrl\":\"https:\/\/pagina10.com\/web\/wp-content\/uploads\/2015\/09\/c67df24bf26dc3247ca9e6e7701f42ed.jpg\",\"datePublished\":\"2015-09-25T23:13:30+00:00\",\"breadcrumb\":{\"@id\":\"https:\/\/pagina10.com\/web\/minsalud-declaro-cierre-de-la-epidemia-de-chikunguna-en-colombia\/#breadcrumb\"},\"inLanguage\":\"es\",\"potentialAction\":[{\"@type\":\"ReadAction\",\"target\":[\"https:\/\/pagina10.com\/web\/minsalud-declaro-cierre-de-la-epidemia-de-chikunguna-en-colombia\/\"]}]},{\"@type\":\"ImageObject\",\"inLanguage\":\"es\",\"@id\":\"https:\/\/pagina10.com\/web\/minsalud-declaro-cierre-de-la-epidemia-de-chikunguna-en-colombia\/#primaryimage\",\"url\":\"https:\/\/pagina10.com\/web\/wp-content\/uploads\/2015\/09\/c67df24bf26dc3247ca9e6e7701f42ed.jpg\",\"contentUrl\":\"https:\/\/pagina10.com\/web\/wp-content\/uploads\/2015\/09\/c67df24bf26dc3247ca9e6e7701f42ed.jpg\",\"width\":720,\"height\":360},{\"@type\":\"BreadcrumbList\",\"@id\":\"https:\/\/pagina10.com\/web\/minsalud-declaro-cierre-de-la-epidemia-de-chikunguna-en-colombia\/#breadcrumb\",\"itemListElement\":[{\"@type\":\"ListItem\",\"position\":1,\"name\":\"Portada\",\"item\":\"https:\/\/pagina10.com\/web\/\"},{\"@type\":\"ListItem\",\"position\":2,\"name\":\"Minsalud declar\u00f3 cierre de la epidemia de chikungu\u00f1a en Colombia\"}]},{\"@type\":\"WebSite\",\"@id\":\"https:\/\/pagina10.com\/web\/#website\",\"url\":\"https:\/\/pagina10.com\/web\/\",\"name\":\"P\u00e1gina10\",\"description\":\"Peri\u00f3dico Regional\",\"publisher\":{\"@id\":\"https:\/\/pagina10.com\/web\/#organization\"},\"alternateName\":\"P\u00e1gina10 Peri\u00f3dico Regional\",\"potentialAction\":[{\"@type\":\"SearchAction\",\"target\":{\"@type\":\"EntryPoint\",\"urlTemplate\":\"https:\/\/pagina10.com\/web\/?s={search_term_string}\"},\"query-input\":{\"@type\":\"PropertyValueSpecification\",\"valueRequired\":true,\"valueName\":\"search_term_string\"}}],\"inLanguage\":\"es\"},{\"@type\":\"Organization\",\"@id\":\"https:\/\/pagina10.com\/web\/#organization\",\"name\":\"P\u00e1gina10\",\"alternateName\":\"P\u00e1gina10 Peri\u00f3dico Regional\",\"url\":\"https:\/\/pagina10.com\/web\/\",\"logo\":{\"@type\":\"ImageObject\",\"inLanguage\":\"es\",\"@id\":\"https:\/\/pagina10.com\/web\/#\/schema\/logo\/image\/\",\"url\":\"https:\/\/pagina10.com\/web\/wp-content\/uploads\/2024\/01\/40-pagina-10-periodico-regional-pasto.jpg\",\"contentUrl\":\"https:\/\/pagina10.com\/web\/wp-content\/uploads\/2024\/01\/40-pagina-10-periodico-regional-pasto.jpg\",\"width\":1280,\"height\":720,\"caption\":\"P\u00e1gina10\"},\"image\":{\"@id\":\"https:\/\/pagina10.com\/web\/#\/schema\/logo\/image\/\"},\"sameAs\":[\"https:\/\/www.facebook.com\/pag10com\",\"https:\/\/x.com\/Pag10com\",\"https:\/\/www.instagram.com\/pagina10col\/\",\"https:\/\/youtube.com\/channel\/pag10\",\"https:\/\/www.tiktok.com\/@p10col\"]},{\"@type\":\"Person\",\"@id\":\"https:\/\/pagina10.com\/web\/#\/schema\/person\/a7a5d38f0629dfc107f619fbae4f6cc3\",\"name\":\"P\u00e1gina 10\",\"description\":\"P\u00e1gina10.com es un peri\u00f3dico digital que nace en Colombia, en el departamento de Nari\u00f1o, con un enfoque global, fundamentado en cuatro pilares esenciales: la libertad, el pluralismo, la inclusi\u00f3n y la independencia. P\u00e1gina10.com hace referencia a Nari\u00f1o como el d\u00e9cimo departamento creado en Colombia, despu\u00e9s de un proceso pol\u00edtico liderado por actores y actrices regionales con el fin de obtener la independencia y autonom\u00eda de nuestros territorios. Con la creaci\u00f3n de P\u00e1gina10.com se pretende abrir un escenario para el dialogo, la reflexi\u00f3n y el debate que se extienda a otras geograf\u00edas de Am\u00e9rica Latina y del planeta, en una apuesta por transformar colectivamente los desaf\u00edos de un mundo contempor\u00e1neo, m\u00e1s all\u00e1 de las fronteras impuestas.\",\"url\":\"https:\/\/pagina10.com\/web\/author\/mcepeda\/\"}]}<\/script>\n<!-- \/ Yoast SEO plugin. -->","yoast_head_json":{"title":"Minsalud declar\u00f3 cierre de la epidemia de chikungu\u00f1a en Colombia | P\u00e1gina10","robots":{"index":"index","follow":"follow","max-snippet":"max-snippet:-1","max-image-preview":"max-image-preview:large","max-video-preview":"max-video-preview:-1"},"canonical":"https:\/\/pagina10.com\/web\/minsalud-declaro-cierre-de-la-epidemia-de-chikunguna-en-colombia\/","og_locale":"es_ES","og_type":"article","og_title":"Minsalud declar\u00f3 cierre de la epidemia de chikungu\u00f1a en Colombia | P\u00e1gina10","og_description":"El Ministerio de Salud y Protecci\u00f3n Social declar\u00f3 el cierre de la epidemia de chikungu\u00f1a que afect\u00f3 al pa\u00eds desde septiembre de 2014, durante la cual se reportaron m\u00e1s de 439 mil casos en 712 municipios del territorio nacional. &#8220;Damos por declarado el cierre de la fase epid\u00e9mica del chikungu\u00f1a&#8221;, anunci\u00f3 el Viceministro de Salud [&hellip;]","og_url":"https:\/\/pagina10.com\/web\/minsalud-declaro-cierre-de-la-epidemia-de-chikunguna-en-colombia\/","og_site_name":"P\u00e1gina10","article_publisher":"https:\/\/www.facebook.com\/pag10com","article_published_time":"2015-09-25T23:13:30+00:00","og_image":[{"width":720,"height":360,"url":"https:\/\/pagina10.com\/web\/wp-content\/uploads\/2015\/09\/c67df24bf26dc3247ca9e6e7701f42ed.jpg","type":"image\/jpeg"}],"author":"P\u00e1gina 10","twitter_card":"summary_large_image","twitter_creator":"@Pag10com","twitter_site":"@Pag10com","twitter_misc":{"Escrito por":"P\u00e1gina 10","Tiempo de lectura":"3 minutos"},"schema":{"@context":"https:\/\/schema.org","@graph":[{"@type":"Article","@id":"https:\/\/pagina10.com\/web\/minsalud-declaro-cierre-de-la-epidemia-de-chikunguna-en-colombia\/#article","isPartOf":{"@id":"https:\/\/pagina10.com\/web\/minsalud-declaro-cierre-de-la-epidemia-de-chikunguna-en-colombia\/"},"author":{"name":"P\u00e1gina 10","@id":"https:\/\/pagina10.com\/web\/#\/schema\/person\/a7a5d38f0629dfc107f619fbae4f6cc3"},"headline":"Minsalud declar\u00f3 cierre de la epidemia de chikungu\u00f1a en Colombia","datePublished":"2015-09-25T23:13:30+00:00","mainEntityOfPage":{"@id":"https:\/\/pagina10.com\/web\/minsalud-declaro-cierre-de-la-epidemia-de-chikunguna-en-colombia\/"},"wordCount":634,"commentCount":0,"publisher":{"@id":"https:\/\/pagina10.com\/web\/#organization"},"image":{"@id":"https:\/\/pagina10.com\/web\/minsalud-declaro-cierre-de-la-epidemia-de-chikunguna-en-colombia\/#primaryimage"},"thumbnailUrl":"https:\/\/pagina10.com\/web\/wp-content\/uploads\/2015\/09\/c67df24bf26dc3247ca9e6e7701f42ed.jpg","inLanguage":"es","potentialAction":[{"@type":"CommentAction","name":"Comment","target":["https:\/\/pagina10.com\/web\/minsalud-declaro-cierre-de-la-epidemia-de-chikunguna-en-colombia\/#respond"]}]},{"@type":"WebPage","@id":"https:\/\/pagina10.com\/web\/minsalud-declaro-cierre-de-la-epidemia-de-chikunguna-en-colombia\/","url":"https:\/\/pagina10.com\/web\/minsalud-declaro-cierre-de-la-epidemia-de-chikunguna-en-colombia\/","name":"Minsalud declar\u00f3 cierre de la epidemia de chikungu\u00f1a en Colombia | P\u00e1gina10","isPartOf":{"@id":"https:\/\/pagina10.com\/web\/#website"},"primaryImageOfPage":{"@id":"https:\/\/pagina10.com\/web\/minsalud-declaro-cierre-de-la-epidemia-de-chikunguna-en-colombia\/#primaryimage"},"image":{"@id":"https:\/\/pagina10.com\/web\/minsalud-declaro-cierre-de-la-epidemia-de-chikunguna-en-colombia\/#primaryimage"},"thumbnailUrl":"https:\/\/pagina10.com\/web\/wp-content\/uploads\/2015\/09\/c67df24bf26dc3247ca9e6e7701f42ed.jpg","datePublished":"2015-09-25T23:13:30+00:00","breadcrumb":{"@id":"https:\/\/pagina10.com\/web\/minsalud-declaro-cierre-de-la-epidemia-de-chikunguna-en-colombia\/#breadcrumb"},"inLanguage":"es","potentialAction":[{"@type":"ReadAction","target":["https:\/\/pagina10.com\/web\/minsalud-declaro-cierre-de-la-epidemia-de-chikunguna-en-colombia\/"]}]},{"@type":"ImageObject","inLanguage":"es","@id":"https:\/\/pagina10.com\/web\/minsalud-declaro-cierre-de-la-epidemia-de-chikunguna-en-colombia\/#primaryimage","url":"https:\/\/pagina10.com\/web\/wp-content\/uploads\/2015\/09\/c67df24bf26dc3247ca9e6e7701f42ed.jpg","contentUrl":"https:\/\/pagina10.com\/web\/wp-content\/uploads\/2015\/09\/c67df24bf26dc3247ca9e6e7701f42ed.jpg","width":720,"height":360},{"@type":"BreadcrumbList","@id":"https:\/\/pagina10.com\/web\/minsalud-declaro-cierre-de-la-epidemia-de-chikunguna-en-colombia\/#breadcrumb","itemListElement":[{"@type":"ListItem","position":1,"name":"Portada","item":"https:\/\/pagina10.com\/web\/"},{"@type":"ListItem","position":2,"name":"Minsalud declar\u00f3 cierre de la epidemia de chikungu\u00f1a en Colombia"}]},{"@type":"WebSite","@id":"https:\/\/pagina10.com\/web\/#website","url":"https:\/\/pagina10.com\/web\/","name":"P\u00e1gina10","description":"Peri\u00f3dico Regional","publisher":{"@id":"https:\/\/pagina10.com\/web\/#organization"},"alternateName":"P\u00e1gina10 Peri\u00f3dico Regional","potentialAction":[{"@type":"SearchAction","target":{"@type":"EntryPoint","urlTemplate":"https:\/\/pagina10.com\/web\/?s={search_term_string}"},"query-input":{"@type":"PropertyValueSpecification","valueRequired":true,"valueName":"search_term_string"}}],"inLanguage":"es"},{"@type":"Organization","@id":"https:\/\/pagina10.com\/web\/#organization","name":"P\u00e1gina10","alternateName":"P\u00e1gina10 Peri\u00f3dico Regional","url":"https:\/\/pagina10.com\/web\/","logo":{"@type":"ImageObject","inLanguage":"es","@id":"https:\/\/pagina10.com\/web\/#\/schema\/logo\/image\/","url":"https:\/\/pagina10.com\/web\/wp-content\/uploads\/2024\/01\/40-pagina-10-periodico-regional-pasto.jpg","contentUrl":"https:\/\/pagina10.com\/web\/wp-content\/uploads\/2024\/01\/40-pagina-10-periodico-regional-pasto.jpg","width":1280,"height":720,"caption":"P\u00e1gina10"},"image":{"@id":"https:\/\/pagina10.com\/web\/#\/schema\/logo\/image\/"},"sameAs":["https:\/\/www.facebook.com\/pag10com","https:\/\/x.com\/Pag10com","https:\/\/www.instagram.com\/pagina10col\/","https:\/\/youtube.com\/channel\/pag10","https:\/\/www.tiktok.com\/@p10col"]},{"@type":"Person","@id":"https:\/\/pagina10.com\/web\/#\/schema\/person\/a7a5d38f0629dfc107f619fbae4f6cc3","name":"P\u00e1gina 10","description":"P\u00e1gina10.com es un peri\u00f3dico digital que nace en Colombia, en el departamento de Nari\u00f1o, con un enfoque global, fundamentado en cuatro pilares esenciales: la libertad, el pluralismo, la inclusi\u00f3n y la independencia. P\u00e1gina10.com hace referencia a Nari\u00f1o como el d\u00e9cimo departamento creado en Colombia, despu\u00e9s de un proceso pol\u00edtico liderado por actores y actrices regionales con el fin de obtener la independencia y autonom\u00eda de nuestros territorios. Con la creaci\u00f3n de P\u00e1gina10.com se pretende abrir un escenario para el dialogo, la reflexi\u00f3n y el debate que se extienda a otras geograf\u00edas de Am\u00e9rica Latina y del planeta, en una apuesta por transformar colectivamente los desaf\u00edos de un mundo contempor\u00e1neo, m\u00e1s all\u00e1 de las fronteras impuestas.","url":"https:\/\/pagina10.com\/web\/author\/mcepeda\/"}]}},"_links":{"self":[{"href":"https:\/\/pagina10.com\/web\/wp-json\/wp\/v2\/posts\/17879","targetHints":{"allow":["GET"]}}],"collection":[{"href":"https:\/\/pagina10.com\/web\/wp-json\/wp\/v2\/posts"}],"about":[{"href":"https:\/\/pagina10.com\/web\/wp-json\/wp\/v2\/types\/post"}],"author":[{"embeddable":true,"href":"https:\/\/pagina10.com\/web\/wp-json\/wp\/v2\/users\/29"}],"replies":[{"embeddable":true,"href":"https:\/\/pagina10.com\/web\/wp-json\/wp\/v2\/comments?post=17879"}],"version-history":[{"count":0,"href":"https:\/\/pagina10.com\/web\/wp-json\/wp\/v2\/posts\/17879\/revisions"}],"wp:featuredmedia":[{"embeddable":true,"href":"https:\/\/pagina10.com\/web\/wp-json\/wp\/v2\/media\/17878"}],"wp:attachment":[{"href":"https:\/\/pagina10.com\/web\/wp-json\/wp\/v2\/media?parent=17879"}],"wp:term":[{"taxonomy":"category","embeddable":true,"href":"https:\/\/pagina10.com\/web\/wp-json\/wp\/v2\/categories?post=17879"},{"taxonomy":"post_tag","embeddable":true,"href":"https:\/\/pagina10.com\/web\/wp-json\/wp\/v2\/tags?post=17879"}],"curies":[{"name":"wp","href":"https:\/\/api.w.org\/{rel}","templated":true}]}}