{"id":17885,"date":"2015-09-28T02:05:58","date_gmt":"2015-09-28T02:05:58","guid":{"rendered":"https:\/\/pagina10.com\/web\/el-30-de-septiembre-de-2009-carnaval-de-negros-y-blancos-fue-elevado-a-patrimonio-de-la-humanidad\/"},"modified":"2015-09-28T02:05:58","modified_gmt":"2015-09-28T02:05:58","slug":"el-30-de-septiembre-de-2009-carnaval-de-negros-y-blancos-fue-elevado-a-patrimonio-de-la-humanidad","status":"publish","type":"post","link":"https:\/\/pagina10.com\/web\/el-30-de-septiembre-de-2009-carnaval-de-negros-y-blancos-fue-elevado-a-patrimonio-de-la-humanidad\/","title":{"rendered":"El 30 de septiembre de 2009: Carnaval de Negros y Blancos fue elevado a Patrimonio de la Humanidad"},"content":{"rendered":"<p><img fetchpriority=\"high\" decoding=\"async\" class=\" size-full wp-image-17884\" src=\"https:\/\/pagina10.com\/web\/wp-content\/uploads\/2015\/09\/a9b1f74bff37869dabe944deaf78e917.jpg\" alt=\"\" width=\"960\" height=\"640\" srcset=\"https:\/\/pagina10.com\/web\/wp-content\/uploads\/2015\/09\/a9b1f74bff37869dabe944deaf78e917.jpg 960w, https:\/\/pagina10.com\/web\/wp-content\/uploads\/2015\/09\/a9b1f74bff37869dabe944deaf78e917-300x200.jpg 300w, https:\/\/pagina10.com\/web\/wp-content\/uploads\/2015\/09\/a9b1f74bff37869dabe944deaf78e917-768x512.jpg 768w, https:\/\/pagina10.com\/web\/wp-content\/uploads\/2015\/09\/a9b1f74bff37869dabe944deaf78e917-450x300.jpg 450w\" sizes=\"(max-width: 960px) 100vw, 960px\" \/><\/p>\n<p style=\"text-align: justify;\">El&nbsp; amanecer del 30 de septiembre de 2009, la m\u00e1s grande manifestaci\u00f3n art\u00edstica y cultural de Colombia, que convoca el encuentro de etnias, religiones y una exposici\u00f3n de arte y cultura en las calles de San Juan de Pasto en todas su dimensi\u00f3n, fue elevado a Patrimonio Inmaterial de la Humanidad, por parte de las UNESCO en su sesi\u00f3n de Abu Dabi.<\/p>\n<p style=\"text-align: justify;\">Con este logro de ni\u00f1os, hombres, mujeres del departamento de Nari\u00f1o, se reconoci\u00f3 ante los ojos del mundo por su trascendencia hist\u00f3rica, su valor de identidad y su permanente afianzamiento y proyecci\u00f3n en el contexto colombiano.<\/p>\n<p style=\"text-align: justify;\">En palabras de Leonardo Sans\u00f3n \u2013ex gerente de Corpocarnaval y protagonista con su equipo de este proceso de internacionalizaci\u00f3n- el&nbsp; Carnaval de Negros y Blancos es la m\u00e1xima expresi\u00f3n de cultura popular de los Andes. \u201cEs la escuela p\u00fablica m\u00e1s grande de Colombia, donde la capacidad la capacidad de expresar los sentimientos mediante diversas modalidades art\u00edsticas y artesanales sorprende a los ciudadanos de los cuatro puntos del planeta, que en estos seis a\u00f1os, han apreciado su belleza del 2 al 6 de enero, en la capital el departamento de Nari\u00f1o\u201d.<\/p>\n<p style=\"text-align: justify;\">En medio de este arte ef\u00edmero \u2013la ciudad de Pasto se ha trasformado- gracias a la cultura, a trav\u00e9s de la construcci\u00f3n de una ciudadan\u00eda donde la juventud se une con las generaciones que le antecedieron, teniendo como testigo al Volc\u00e1n Galeras, en medio de la alegr\u00eda, el canto y el bullicio.<\/p>\n<p style=\"text-align: justify;\">En lo particular, gracias al voto de confianza del Alcalde Ra\u00fal Delgado&nbsp; y Eduardo Alvarado Santander, en aquella \u00e9poca, acompa\u00f1amos el proceso de internacionalizaci\u00f3n del Carnaval de Negros y Blancos desde el \u00e1rea de la comunicaci\u00f3n y la cooperaci\u00f3n, que trascendi\u00f3 en el espacio y el tiempo. \u201cLa inagotable imaginaci\u00f3n de los artesanos ha visibilizado la vida local, ha nutrido el proceso cultural, ofreciendo placer y goce a la vita de turistas americanos asi\u00e1ticos, europeos y de Am\u00e9rica Latina, al punto que han despertado el subconsciente colectivo\u201d<\/p>\n<p style=\"text-align: justify;\">Fue un hecho sue\u00f1o realidad para una serie de actores alrededor de la fiesta popular que tiene como protagonistas a los artesanos, cultores, artistas, autoridades, la academia, los medios de comunicaci\u00f3n, la mujer pastusa y pro sobre todo los ni\u00f1os, los encargados de seguir una tradici\u00f3n que trascendi\u00f3 fronteras y se convirti\u00f3 en nuestro orgullo, incluso para quienes hace muchos a\u00f1os viven fuera del pa\u00eds.<\/p>\n<p style=\"text-align: justify;\">El resto hoy, preservar el Patrimonio del&nbsp; Carnaval a trav\u00e9s de educaci\u00f3n y pedagog\u00eda \u2013como lo dijo en su momento la tambi\u00e9n ex Gerente de Corpocarnaval Annie Taylor- durante la visita de la Ministra de Cultura Paula Marcela Moreno el 5 de enero de 2010, ante m\u00e1s de 7 mil personas en la Plaza de la Fiesta Popular en la ciudad de Pasto Ese d\u00eda, a las 11 y 40 am se entreg\u00f3 el t\u00edtulo de Patrimonio de la Humanidad, que este 30 de septiembre cumple 6 a\u00f1os de su declaratoria.<\/p>\n<p style=\"text-align: justify;\">Queda claro, que el trabajo en equipo da frutos. Que la ciudadan\u00eda se ejerce desde cada rol. Que es bueno construir sue\u00f1os. Solamente a trav\u00e9s de estos sue\u00f1os, hoy podemos decir que el Carnaval no solo es un espacio vivo de cultura. Pertenece a los nari\u00f1enses, a los colombianos y a los ciudadanos del mundo que amamos la cultura. Gracias carnaval de Negros y Blancos te llevo en el coraz\u00f3n.<\/p>\n","protected":false},"excerpt":{"rendered":"<p>El&nbsp; amanecer del 30 de septiembre de 2009, la m\u00e1s grande manifestaci\u00f3n art\u00edstica y cultural de Colombia, que convoca el encuentro de etnias, religiones y una exposici\u00f3n de arte y cultura en las calles de San Juan de Pasto en todas su dimensi\u00f3n, fue elevado a Patrimonio Inmaterial de la Humanidad, por parte de las [&hellip;]<\/p>\n","protected":false},"author":38,"featured_media":17884,"comment_status":"open","ping_status":"open","sticky":false,"template":"","format":"standard","meta":{"footnotes":""},"categories":[1],"tags":[],"class_list":["post-17885","post","type-post","status-publish","format-standard","has-post-thumbnail","hentry","category-sin-categoria"],"yoast_head":"<!-- This site is optimized with the Yoast SEO plugin v27.1.1 - https:\/\/yoast.com\/product\/yoast-seo-wordpress\/ -->\n<title>El 30 de septiembre de 2009: Carnaval de Negros y Blancos fue elevado a Patrimonio de la Humanidad | P\u00e1gina10<\/title>\n<meta name=\"robots\" content=\"index, follow, max-snippet:-1, max-image-preview:large, max-video-preview:-1\" \/>\n<link rel=\"canonical\" href=\"https:\/\/pagina10.com\/web\/el-30-de-septiembre-de-2009-carnaval-de-negros-y-blancos-fue-elevado-a-patrimonio-de-la-humanidad\/\" \/>\n<meta property=\"og:locale\" content=\"es_ES\" \/>\n<meta property=\"og:type\" content=\"article\" \/>\n<meta property=\"og:title\" content=\"El 30 de septiembre de 2009: Carnaval de Negros y Blancos fue elevado a Patrimonio de la Humanidad | P\u00e1gina10\" \/>\n<meta property=\"og:description\" content=\"El&nbsp; amanecer del 30 de septiembre de 2009, la m\u00e1s grande manifestaci\u00f3n art\u00edstica y cultural de Colombia, que convoca el encuentro de etnias, religiones y una exposici\u00f3n de arte y cultura en las calles de San Juan de Pasto en todas su dimensi\u00f3n, fue elevado a Patrimonio Inmaterial de la Humanidad, por parte de las [&hellip;]\" \/>\n<meta property=\"og:url\" content=\"https:\/\/pagina10.com\/web\/el-30-de-septiembre-de-2009-carnaval-de-negros-y-blancos-fue-elevado-a-patrimonio-de-la-humanidad\/\" \/>\n<meta property=\"og:site_name\" content=\"P\u00e1gina10\" \/>\n<meta property=\"article:publisher\" content=\"https:\/\/www.facebook.com\/pag10com\" \/>\n<meta property=\"article:published_time\" content=\"2015-09-28T02:05:58+00:00\" \/>\n<meta property=\"og:image\" content=\"https:\/\/pagina10.com\/web\/wp-content\/uploads\/2015\/09\/a9b1f74bff37869dabe944deaf78e917.jpg\" \/>\n\t<meta property=\"og:image:width\" content=\"960\" \/>\n\t<meta property=\"og:image:height\" content=\"640\" \/>\n\t<meta property=\"og:image:type\" content=\"image\/jpeg\" \/>\n<meta name=\"author\" content=\"Carlos Villota Santacruz.\" \/>\n<meta name=\"twitter:card\" content=\"summary_large_image\" \/>\n<meta name=\"twitter:creator\" content=\"@Pag10com\" \/>\n<meta name=\"twitter:site\" content=\"@Pag10com\" \/>\n<meta name=\"twitter:label1\" content=\"Escrito por\" \/>\n\t<meta name=\"twitter:data1\" content=\"Carlos Villota Santacruz.\" \/>\n\t<meta name=\"twitter:label2\" content=\"Tiempo de lectura\" \/>\n\t<meta name=\"twitter:data2\" content=\"3 minutos\" \/>\n<script type=\"application\/ld+json\" class=\"yoast-schema-graph\">{\"@context\":\"https:\/\/schema.org\",\"@graph\":[{\"@type\":\"Article\",\"@id\":\"https:\/\/pagina10.com\/web\/el-30-de-septiembre-de-2009-carnaval-de-negros-y-blancos-fue-elevado-a-patrimonio-de-la-humanidad\/#article\",\"isPartOf\":{\"@id\":\"https:\/\/pagina10.com\/web\/el-30-de-septiembre-de-2009-carnaval-de-negros-y-blancos-fue-elevado-a-patrimonio-de-la-humanidad\/\"},\"author\":{\"name\":\"Carlos Villota Santacruz.\",\"@id\":\"https:\/\/pagina10.com\/web\/#\/schema\/person\/b459e2d15ec5ba9d5a2c9a81c71c4f7b\"},\"headline\":\"El 30 de septiembre de 2009: Carnaval de Negros y Blancos fue elevado a Patrimonio de la Humanidad\",\"datePublished\":\"2015-09-28T02:05:58+00:00\",\"mainEntityOfPage\":{\"@id\":\"https:\/\/pagina10.com\/web\/el-30-de-septiembre-de-2009-carnaval-de-negros-y-blancos-fue-elevado-a-patrimonio-de-la-humanidad\/\"},\"wordCount\":615,\"commentCount\":0,\"publisher\":{\"@id\":\"https:\/\/pagina10.com\/web\/#organization\"},\"image\":{\"@id\":\"https:\/\/pagina10.com\/web\/el-30-de-septiembre-de-2009-carnaval-de-negros-y-blancos-fue-elevado-a-patrimonio-de-la-humanidad\/#primaryimage\"},\"thumbnailUrl\":\"https:\/\/pagina10.com\/web\/wp-content\/uploads\/2015\/09\/a9b1f74bff37869dabe944deaf78e917.jpg\",\"inLanguage\":\"es\",\"potentialAction\":[{\"@type\":\"CommentAction\",\"name\":\"Comment\",\"target\":[\"https:\/\/pagina10.com\/web\/el-30-de-septiembre-de-2009-carnaval-de-negros-y-blancos-fue-elevado-a-patrimonio-de-la-humanidad\/#respond\"]}]},{\"@type\":\"WebPage\",\"@id\":\"https:\/\/pagina10.com\/web\/el-30-de-septiembre-de-2009-carnaval-de-negros-y-blancos-fue-elevado-a-patrimonio-de-la-humanidad\/\",\"url\":\"https:\/\/pagina10.com\/web\/el-30-de-septiembre-de-2009-carnaval-de-negros-y-blancos-fue-elevado-a-patrimonio-de-la-humanidad\/\",\"name\":\"El 30 de septiembre de 2009: Carnaval de Negros y Blancos fue elevado a Patrimonio de la Humanidad | P\u00e1gina10\",\"isPartOf\":{\"@id\":\"https:\/\/pagina10.com\/web\/#website\"},\"primaryImageOfPage\":{\"@id\":\"https:\/\/pagina10.com\/web\/el-30-de-septiembre-de-2009-carnaval-de-negros-y-blancos-fue-elevado-a-patrimonio-de-la-humanidad\/#primaryimage\"},\"image\":{\"@id\":\"https:\/\/pagina10.com\/web\/el-30-de-septiembre-de-2009-carnaval-de-negros-y-blancos-fue-elevado-a-patrimonio-de-la-humanidad\/#primaryimage\"},\"thumbnailUrl\":\"https:\/\/pagina10.com\/web\/wp-content\/uploads\/2015\/09\/a9b1f74bff37869dabe944deaf78e917.jpg\",\"datePublished\":\"2015-09-28T02:05:58+00:00\",\"breadcrumb\":{\"@id\":\"https:\/\/pagina10.com\/web\/el-30-de-septiembre-de-2009-carnaval-de-negros-y-blancos-fue-elevado-a-patrimonio-de-la-humanidad\/#breadcrumb\"},\"inLanguage\":\"es\",\"potentialAction\":[{\"@type\":\"ReadAction\",\"target\":[\"https:\/\/pagina10.com\/web\/el-30-de-septiembre-de-2009-carnaval-de-negros-y-blancos-fue-elevado-a-patrimonio-de-la-humanidad\/\"]}]},{\"@type\":\"ImageObject\",\"inLanguage\":\"es\",\"@id\":\"https:\/\/pagina10.com\/web\/el-30-de-septiembre-de-2009-carnaval-de-negros-y-blancos-fue-elevado-a-patrimonio-de-la-humanidad\/#primaryimage\",\"url\":\"https:\/\/pagina10.com\/web\/wp-content\/uploads\/2015\/09\/a9b1f74bff37869dabe944deaf78e917.jpg\",\"contentUrl\":\"https:\/\/pagina10.com\/web\/wp-content\/uploads\/2015\/09\/a9b1f74bff37869dabe944deaf78e917.jpg\",\"width\":960,\"height\":640},{\"@type\":\"BreadcrumbList\",\"@id\":\"https:\/\/pagina10.com\/web\/el-30-de-septiembre-de-2009-carnaval-de-negros-y-blancos-fue-elevado-a-patrimonio-de-la-humanidad\/#breadcrumb\",\"itemListElement\":[{\"@type\":\"ListItem\",\"position\":1,\"name\":\"Portada\",\"item\":\"https:\/\/pagina10.com\/web\/\"},{\"@type\":\"ListItem\",\"position\":2,\"name\":\"El 30 de septiembre de 2009: Carnaval de Negros y Blancos fue elevado a Patrimonio de la Humanidad\"}]},{\"@type\":\"WebSite\",\"@id\":\"https:\/\/pagina10.com\/web\/#website\",\"url\":\"https:\/\/pagina10.com\/web\/\",\"name\":\"P\u00e1gina10\",\"description\":\"Peri\u00f3dico Regional\",\"publisher\":{\"@id\":\"https:\/\/pagina10.com\/web\/#organization\"},\"alternateName\":\"P\u00e1gina10 Peri\u00f3dico Regional\",\"potentialAction\":[{\"@type\":\"SearchAction\",\"target\":{\"@type\":\"EntryPoint\",\"urlTemplate\":\"https:\/\/pagina10.com\/web\/?s={search_term_string}\"},\"query-input\":{\"@type\":\"PropertyValueSpecification\",\"valueRequired\":true,\"valueName\":\"search_term_string\"}}],\"inLanguage\":\"es\"},{\"@type\":\"Organization\",\"@id\":\"https:\/\/pagina10.com\/web\/#organization\",\"name\":\"P\u00e1gina10\",\"alternateName\":\"P\u00e1gina10 Peri\u00f3dico Regional\",\"url\":\"https:\/\/pagina10.com\/web\/\",\"logo\":{\"@type\":\"ImageObject\",\"inLanguage\":\"es\",\"@id\":\"https:\/\/pagina10.com\/web\/#\/schema\/logo\/image\/\",\"url\":\"https:\/\/pagina10.com\/web\/wp-content\/uploads\/2024\/01\/40-pagina-10-periodico-regional-pasto.jpg\",\"contentUrl\":\"https:\/\/pagina10.com\/web\/wp-content\/uploads\/2024\/01\/40-pagina-10-periodico-regional-pasto.jpg\",\"width\":1280,\"height\":720,\"caption\":\"P\u00e1gina10\"},\"image\":{\"@id\":\"https:\/\/pagina10.com\/web\/#\/schema\/logo\/image\/\"},\"sameAs\":[\"https:\/\/www.facebook.com\/pag10com\",\"https:\/\/x.com\/Pag10com\",\"https:\/\/www.instagram.com\/pagina10col\/\",\"https:\/\/youtube.com\/channel\/pag10\",\"https:\/\/www.tiktok.com\/@p10col\"]},{\"@type\":\"Person\",\"@id\":\"https:\/\/pagina10.com\/web\/#\/schema\/person\/b459e2d15ec5ba9d5a2c9a81c71c4f7b\",\"name\":\"Carlos Villota Santacruz.\",\"description\":\"Internacionalista-Comunicador Social y Periodista. Experto en Comunicaci\u00f3n para el desarrollo y ciudad-regi\u00f3n.. Promotor de proyectos e investigaci\u00f3n comunicativa en radio, prensa y televisi\u00f3n. Experiencia en el manejo de imagen externa, interna y protocolaria de entidades p\u00fablicas y privadas, encuentros culturales, empresariales y ambientales. Docente en el \u00e1rea de televisi\u00f3n, relaciones internacionales y bloques econ\u00f3micos. Experto y conferencista en temas de marketing pol\u00edtico, marketing de ciudad, integraci\u00f3n cultural, TLC y desarrollo urban\u00edstico. E-mail: villotasantacruzcarlos@yahoo.com.co\",\"url\":\"https:\/\/pagina10.com\/web\/author\/cvillota\/\"}]}<\/script>\n<!-- \/ Yoast SEO plugin. -->","yoast_head_json":{"title":"El 30 de septiembre de 2009: Carnaval de Negros y Blancos fue elevado a Patrimonio de la Humanidad | P\u00e1gina10","robots":{"index":"index","follow":"follow","max-snippet":"max-snippet:-1","max-image-preview":"max-image-preview:large","max-video-preview":"max-video-preview:-1"},"canonical":"https:\/\/pagina10.com\/web\/el-30-de-septiembre-de-2009-carnaval-de-negros-y-blancos-fue-elevado-a-patrimonio-de-la-humanidad\/","og_locale":"es_ES","og_type":"article","og_title":"El 30 de septiembre de 2009: Carnaval de Negros y Blancos fue elevado a Patrimonio de la Humanidad | P\u00e1gina10","og_description":"El&nbsp; amanecer del 30 de septiembre de 2009, la m\u00e1s grande manifestaci\u00f3n art\u00edstica y cultural de Colombia, que convoca el encuentro de etnias, religiones y una exposici\u00f3n de arte y cultura en las calles de San Juan de Pasto en todas su dimensi\u00f3n, fue elevado a Patrimonio Inmaterial de la Humanidad, por parte de las [&hellip;]","og_url":"https:\/\/pagina10.com\/web\/el-30-de-septiembre-de-2009-carnaval-de-negros-y-blancos-fue-elevado-a-patrimonio-de-la-humanidad\/","og_site_name":"P\u00e1gina10","article_publisher":"https:\/\/www.facebook.com\/pag10com","article_published_time":"2015-09-28T02:05:58+00:00","og_image":[{"width":960,"height":640,"url":"https:\/\/pagina10.com\/web\/wp-content\/uploads\/2015\/09\/a9b1f74bff37869dabe944deaf78e917.jpg","type":"image\/jpeg"}],"author":"Carlos Villota Santacruz.","twitter_card":"summary_large_image","twitter_creator":"@Pag10com","twitter_site":"@Pag10com","twitter_misc":{"Escrito por":"Carlos Villota Santacruz.","Tiempo de lectura":"3 minutos"},"schema":{"@context":"https:\/\/schema.org","@graph":[{"@type":"Article","@id":"https:\/\/pagina10.com\/web\/el-30-de-septiembre-de-2009-carnaval-de-negros-y-blancos-fue-elevado-a-patrimonio-de-la-humanidad\/#article","isPartOf":{"@id":"https:\/\/pagina10.com\/web\/el-30-de-septiembre-de-2009-carnaval-de-negros-y-blancos-fue-elevado-a-patrimonio-de-la-humanidad\/"},"author":{"name":"Carlos Villota Santacruz.","@id":"https:\/\/pagina10.com\/web\/#\/schema\/person\/b459e2d15ec5ba9d5a2c9a81c71c4f7b"},"headline":"El 30 de septiembre de 2009: Carnaval de Negros y Blancos fue elevado a Patrimonio de la Humanidad","datePublished":"2015-09-28T02:05:58+00:00","mainEntityOfPage":{"@id":"https:\/\/pagina10.com\/web\/el-30-de-septiembre-de-2009-carnaval-de-negros-y-blancos-fue-elevado-a-patrimonio-de-la-humanidad\/"},"wordCount":615,"commentCount":0,"publisher":{"@id":"https:\/\/pagina10.com\/web\/#organization"},"image":{"@id":"https:\/\/pagina10.com\/web\/el-30-de-septiembre-de-2009-carnaval-de-negros-y-blancos-fue-elevado-a-patrimonio-de-la-humanidad\/#primaryimage"},"thumbnailUrl":"https:\/\/pagina10.com\/web\/wp-content\/uploads\/2015\/09\/a9b1f74bff37869dabe944deaf78e917.jpg","inLanguage":"es","potentialAction":[{"@type":"CommentAction","name":"Comment","target":["https:\/\/pagina10.com\/web\/el-30-de-septiembre-de-2009-carnaval-de-negros-y-blancos-fue-elevado-a-patrimonio-de-la-humanidad\/#respond"]}]},{"@type":"WebPage","@id":"https:\/\/pagina10.com\/web\/el-30-de-septiembre-de-2009-carnaval-de-negros-y-blancos-fue-elevado-a-patrimonio-de-la-humanidad\/","url":"https:\/\/pagina10.com\/web\/el-30-de-septiembre-de-2009-carnaval-de-negros-y-blancos-fue-elevado-a-patrimonio-de-la-humanidad\/","name":"El 30 de septiembre de 2009: Carnaval de Negros y Blancos fue elevado a Patrimonio de la Humanidad | P\u00e1gina10","isPartOf":{"@id":"https:\/\/pagina10.com\/web\/#website"},"primaryImageOfPage":{"@id":"https:\/\/pagina10.com\/web\/el-30-de-septiembre-de-2009-carnaval-de-negros-y-blancos-fue-elevado-a-patrimonio-de-la-humanidad\/#primaryimage"},"image":{"@id":"https:\/\/pagina10.com\/web\/el-30-de-septiembre-de-2009-carnaval-de-negros-y-blancos-fue-elevado-a-patrimonio-de-la-humanidad\/#primaryimage"},"thumbnailUrl":"https:\/\/pagina10.com\/web\/wp-content\/uploads\/2015\/09\/a9b1f74bff37869dabe944deaf78e917.jpg","datePublished":"2015-09-28T02:05:58+00:00","breadcrumb":{"@id":"https:\/\/pagina10.com\/web\/el-30-de-septiembre-de-2009-carnaval-de-negros-y-blancos-fue-elevado-a-patrimonio-de-la-humanidad\/#breadcrumb"},"inLanguage":"es","potentialAction":[{"@type":"ReadAction","target":["https:\/\/pagina10.com\/web\/el-30-de-septiembre-de-2009-carnaval-de-negros-y-blancos-fue-elevado-a-patrimonio-de-la-humanidad\/"]}]},{"@type":"ImageObject","inLanguage":"es","@id":"https:\/\/pagina10.com\/web\/el-30-de-septiembre-de-2009-carnaval-de-negros-y-blancos-fue-elevado-a-patrimonio-de-la-humanidad\/#primaryimage","url":"https:\/\/pagina10.com\/web\/wp-content\/uploads\/2015\/09\/a9b1f74bff37869dabe944deaf78e917.jpg","contentUrl":"https:\/\/pagina10.com\/web\/wp-content\/uploads\/2015\/09\/a9b1f74bff37869dabe944deaf78e917.jpg","width":960,"height":640},{"@type":"BreadcrumbList","@id":"https:\/\/pagina10.com\/web\/el-30-de-septiembre-de-2009-carnaval-de-negros-y-blancos-fue-elevado-a-patrimonio-de-la-humanidad\/#breadcrumb","itemListElement":[{"@type":"ListItem","position":1,"name":"Portada","item":"https:\/\/pagina10.com\/web\/"},{"@type":"ListItem","position":2,"name":"El 30 de septiembre de 2009: Carnaval de Negros y Blancos fue elevado a Patrimonio de la Humanidad"}]},{"@type":"WebSite","@id":"https:\/\/pagina10.com\/web\/#website","url":"https:\/\/pagina10.com\/web\/","name":"P\u00e1gina10","description":"Peri\u00f3dico Regional","publisher":{"@id":"https:\/\/pagina10.com\/web\/#organization"},"alternateName":"P\u00e1gina10 Peri\u00f3dico Regional","potentialAction":[{"@type":"SearchAction","target":{"@type":"EntryPoint","urlTemplate":"https:\/\/pagina10.com\/web\/?s={search_term_string}"},"query-input":{"@type":"PropertyValueSpecification","valueRequired":true,"valueName":"search_term_string"}}],"inLanguage":"es"},{"@type":"Organization","@id":"https:\/\/pagina10.com\/web\/#organization","name":"P\u00e1gina10","alternateName":"P\u00e1gina10 Peri\u00f3dico Regional","url":"https:\/\/pagina10.com\/web\/","logo":{"@type":"ImageObject","inLanguage":"es","@id":"https:\/\/pagina10.com\/web\/#\/schema\/logo\/image\/","url":"https:\/\/pagina10.com\/web\/wp-content\/uploads\/2024\/01\/40-pagina-10-periodico-regional-pasto.jpg","contentUrl":"https:\/\/pagina10.com\/web\/wp-content\/uploads\/2024\/01\/40-pagina-10-periodico-regional-pasto.jpg","width":1280,"height":720,"caption":"P\u00e1gina10"},"image":{"@id":"https:\/\/pagina10.com\/web\/#\/schema\/logo\/image\/"},"sameAs":["https:\/\/www.facebook.com\/pag10com","https:\/\/x.com\/Pag10com","https:\/\/www.instagram.com\/pagina10col\/","https:\/\/youtube.com\/channel\/pag10","https:\/\/www.tiktok.com\/@p10col"]},{"@type":"Person","@id":"https:\/\/pagina10.com\/web\/#\/schema\/person\/b459e2d15ec5ba9d5a2c9a81c71c4f7b","name":"Carlos Villota Santacruz.","description":"Internacionalista-Comunicador Social y Periodista. Experto en Comunicaci\u00f3n para el desarrollo y ciudad-regi\u00f3n.. Promotor de proyectos e investigaci\u00f3n comunicativa en radio, prensa y televisi\u00f3n. Experiencia en el manejo de imagen externa, interna y protocolaria de entidades p\u00fablicas y privadas, encuentros culturales, empresariales y ambientales. Docente en el \u00e1rea de televisi\u00f3n, relaciones internacionales y bloques econ\u00f3micos. Experto y conferencista en temas de marketing pol\u00edtico, marketing de ciudad, integraci\u00f3n cultural, TLC y desarrollo urban\u00edstico. E-mail: villotasantacruzcarlos@yahoo.com.co","url":"https:\/\/pagina10.com\/web\/author\/cvillota\/"}]}},"_links":{"self":[{"href":"https:\/\/pagina10.com\/web\/wp-json\/wp\/v2\/posts\/17885","targetHints":{"allow":["GET"]}}],"collection":[{"href":"https:\/\/pagina10.com\/web\/wp-json\/wp\/v2\/posts"}],"about":[{"href":"https:\/\/pagina10.com\/web\/wp-json\/wp\/v2\/types\/post"}],"author":[{"embeddable":true,"href":"https:\/\/pagina10.com\/web\/wp-json\/wp\/v2\/users\/38"}],"replies":[{"embeddable":true,"href":"https:\/\/pagina10.com\/web\/wp-json\/wp\/v2\/comments?post=17885"}],"version-history":[{"count":0,"href":"https:\/\/pagina10.com\/web\/wp-json\/wp\/v2\/posts\/17885\/revisions"}],"wp:featuredmedia":[{"embeddable":true,"href":"https:\/\/pagina10.com\/web\/wp-json\/wp\/v2\/media\/17884"}],"wp:attachment":[{"href":"https:\/\/pagina10.com\/web\/wp-json\/wp\/v2\/media?parent=17885"}],"wp:term":[{"taxonomy":"category","embeddable":true,"href":"https:\/\/pagina10.com\/web\/wp-json\/wp\/v2\/categories?post=17885"},{"taxonomy":"post_tag","embeddable":true,"href":"https:\/\/pagina10.com\/web\/wp-json\/wp\/v2\/tags?post=17885"}],"curies":[{"name":"wp","href":"https:\/\/api.w.org\/{rel}","templated":true}]}}