{"id":17887,"date":"2015-09-28T03:30:29","date_gmt":"2015-09-28T03:30:29","guid":{"rendered":"https:\/\/pagina10.com\/web\/la-despedida-del-nino-pastuso-del-masterchef-junior\/"},"modified":"2015-09-28T03:30:29","modified_gmt":"2015-09-28T03:30:29","slug":"la-despedida-del-nino-pastuso-del-masterchef-junior","status":"publish","type":"post","link":"https:\/\/pagina10.com\/web\/la-despedida-del-nino-pastuso-del-masterchef-junior\/","title":{"rendered":"La despedida del ni\u00f1o pastuso del Masterchef Junior"},"content":{"rendered":"<p><img fetchpriority=\"high\" decoding=\"async\" class=\" size-full wp-image-17886\" src=\"https:\/\/pagina10.com\/web\/wp-content\/uploads\/2015\/09\/b3e4ce1083b3722ce44ab8032cc5b60a.jpg\" alt=\"\" width=\"480\" height=\"279\" srcset=\"https:\/\/pagina10.com\/web\/wp-content\/uploads\/2015\/09\/b3e4ce1083b3722ce44ab8032cc5b60a.jpg 480w, https:\/\/pagina10.com\/web\/wp-content\/uploads\/2015\/09\/b3e4ce1083b3722ce44ab8032cc5b60a-300x174.jpg 300w\" sizes=\"(max-width: 480px) 100vw, 480px\" \/><\/p>\n<p style=\"text-align: justify;\">Por:&nbsp;H\u00e9ctor Arturo G\u00f3mez Mart\u00ednez<\/p>\n<p style=\"text-align: justify;\">El mar llega siempre hasta la orilla que dios le se\u00f1ala. Y la de Daniel G\u00f3mez Villacrez&nbsp;qued\u00f3 determinada en Masterchef Junior Colombia hasta el d\u00eda de hoy. Nos vamos con la satisfacci\u00f3n y la gratitud que nace de haberlo hecho todo, de no haber guardado nada, de actuar sin prevenci\u00f3n ni ego\u00edsmo, de haber luchado, no para doblegar a los dem\u00e1s participantes, sino para superar los debates que provienen de las propias limitaciones, temores, angustias, alegr\u00edas y tristezas que una prueba como esta supone, para un ni\u00f1o que apenas llega a los once a\u00f1os.<\/p>\n<p>La votaci\u00f3n que sin ning\u00fan tipo de presi\u00f3n y en forma espont\u00e1nea manifestaron los colombianos de diferentes regiones de la patria, dan como ganador a Daniel con un 58 %, muy por encima de los dem\u00e1s competidores que alcanzaron el 19 %, 18 % y 4 % respectivamente.<\/p>\n<p>Este solo hecho hace de Daniel Esteban un personaje metido en el recuerdo y el coraz\u00f3n de sus seguidores, con base a los valores y principios de sencillez, honestidad y respeto demostrados durante su participaci\u00f3n y ense\u00f1ados desde la misma casa y, sobre todo, reconoce el hecho de que competir no debe ser sin\u00f3nimo de atropellar, ni menospreciar, ni hundir a otros, con tal de alzarse con el trofeo que se\u00f1ala un determinado triunfo.<\/p>\n<p>El concurso, m\u00e1s que una prueba de alta gastronom\u00eda, es toda una experiencia de vida, de tolerancia, de convivencia, de paciencia, de superaci\u00f3n y vencimiento de todas las adversidades surgidas, y el haber llegado donde mi hijo lleg\u00f3, quedando entre los cuatro finalistas, y sobre todo, el inscribirse en los afectos de todos los colombianos que votaron por \u00e9l, demuestra que hay muchas otra formas de ganar, con base a los esfuerzos propios y a los m\u00e9ritos personales, que no demeritan ni subvaloran; al contrario, m\u00e1s bien lo consideran y enaltecen, reconociendo la dignidad que conllevan los rivales.<\/p>\n<p>No queda m\u00e1s sino agradecer a todos y cada uno de los seguidores, amigos y amigas que nos han expresado su aprecio y satisfacci\u00f3n por la gesti\u00f3n desarrollada, y decirles que el amor por Pasto y por Nari\u00f1o de donde procedemos, siempre estar\u00e1 presente con dignidad y con orgullo en todas nuestras actuaciones, aqu\u00ed, ahora, y en cualquier lugar donde la vida nos disponga.<\/p>\n<p>Desde ya nuestros sinceros agradecimientos por todas sus palabras y manifestaciones de apoyo, y\u2026<\/p>\n<p>!Que viva Pasto, carajo!<\/p>\n","protected":false},"excerpt":{"rendered":"<p>Por:&nbsp;H\u00e9ctor Arturo G\u00f3mez Mart\u00ednez El mar llega siempre hasta la orilla que dios le se\u00f1ala. Y la de Daniel G\u00f3mez Villacrez&nbsp;qued\u00f3 determinada en Masterchef Junior Colombia hasta el d\u00eda de hoy. Nos vamos con la satisfacci\u00f3n y la gratitud que nace de haberlo hecho todo, de no haber guardado nada, de actuar sin prevenci\u00f3n ni [&hellip;]<\/p>\n","protected":false},"author":29,"featured_media":17886,"comment_status":"open","ping_status":"open","sticky":false,"template":"","format":"standard","meta":{"footnotes":""},"categories":[1],"tags":[],"class_list":["post-17887","post","type-post","status-publish","format-standard","has-post-thumbnail","hentry","category-sin-categoria"],"yoast_head":"<!-- This site is optimized with the Yoast SEO plugin v27.1.1 - https:\/\/yoast.com\/product\/yoast-seo-wordpress\/ -->\n<title>La despedida del ni\u00f1o pastuso del Masterchef Junior | P\u00e1gina10<\/title>\n<meta name=\"robots\" content=\"index, follow, max-snippet:-1, max-image-preview:large, max-video-preview:-1\" \/>\n<link rel=\"canonical\" href=\"https:\/\/pagina10.com\/web\/la-despedida-del-nino-pastuso-del-masterchef-junior\/\" \/>\n<meta property=\"og:locale\" content=\"es_ES\" \/>\n<meta property=\"og:type\" content=\"article\" \/>\n<meta property=\"og:title\" content=\"La despedida del ni\u00f1o pastuso del Masterchef Junior | P\u00e1gina10\" \/>\n<meta property=\"og:description\" content=\"Por:&nbsp;H\u00e9ctor Arturo G\u00f3mez Mart\u00ednez El mar llega siempre hasta la orilla que dios le se\u00f1ala. Y la de Daniel G\u00f3mez Villacrez&nbsp;qued\u00f3 determinada en Masterchef Junior Colombia hasta el d\u00eda de hoy. Nos vamos con la satisfacci\u00f3n y la gratitud que nace de haberlo hecho todo, de no haber guardado nada, de actuar sin prevenci\u00f3n ni [&hellip;]\" \/>\n<meta property=\"og:url\" content=\"https:\/\/pagina10.com\/web\/la-despedida-del-nino-pastuso-del-masterchef-junior\/\" \/>\n<meta property=\"og:site_name\" content=\"P\u00e1gina10\" \/>\n<meta property=\"article:publisher\" content=\"https:\/\/www.facebook.com\/pag10com\" \/>\n<meta property=\"article:published_time\" content=\"2015-09-28T03:30:29+00:00\" \/>\n<meta property=\"og:image\" content=\"https:\/\/pagina10.com\/web\/wp-content\/uploads\/2015\/09\/b3e4ce1083b3722ce44ab8032cc5b60a.jpg\" \/>\n\t<meta property=\"og:image:width\" content=\"480\" \/>\n\t<meta property=\"og:image:height\" content=\"279\" \/>\n\t<meta property=\"og:image:type\" content=\"image\/jpeg\" \/>\n<meta name=\"author\" content=\"P\u00e1gina 10\" \/>\n<meta name=\"twitter:card\" content=\"summary_large_image\" \/>\n<meta name=\"twitter:creator\" content=\"@Pag10com\" \/>\n<meta name=\"twitter:site\" content=\"@Pag10com\" \/>\n<meta name=\"twitter:label1\" content=\"Escrito por\" \/>\n\t<meta name=\"twitter:data1\" content=\"P\u00e1gina 10\" \/>\n\t<meta name=\"twitter:label2\" content=\"Tiempo de lectura\" \/>\n\t<meta name=\"twitter:data2\" content=\"2 minutos\" \/>\n<script type=\"application\/ld+json\" class=\"yoast-schema-graph\">{\"@context\":\"https:\/\/schema.org\",\"@graph\":[{\"@type\":\"Article\",\"@id\":\"https:\/\/pagina10.com\/web\/la-despedida-del-nino-pastuso-del-masterchef-junior\/#article\",\"isPartOf\":{\"@id\":\"https:\/\/pagina10.com\/web\/la-despedida-del-nino-pastuso-del-masterchef-junior\/\"},\"author\":{\"name\":\"P\u00e1gina 10\",\"@id\":\"https:\/\/pagina10.com\/web\/#\/schema\/person\/a7a5d38f0629dfc107f619fbae4f6cc3\"},\"headline\":\"La despedida del ni\u00f1o pastuso del Masterchef Junior\",\"datePublished\":\"2015-09-28T03:30:29+00:00\",\"mainEntityOfPage\":{\"@id\":\"https:\/\/pagina10.com\/web\/la-despedida-del-nino-pastuso-del-masterchef-junior\/\"},\"wordCount\":437,\"commentCount\":0,\"publisher\":{\"@id\":\"https:\/\/pagina10.com\/web\/#organization\"},\"image\":{\"@id\":\"https:\/\/pagina10.com\/web\/la-despedida-del-nino-pastuso-del-masterchef-junior\/#primaryimage\"},\"thumbnailUrl\":\"https:\/\/pagina10.com\/web\/wp-content\/uploads\/2015\/09\/b3e4ce1083b3722ce44ab8032cc5b60a.jpg\",\"inLanguage\":\"es\",\"potentialAction\":[{\"@type\":\"CommentAction\",\"name\":\"Comment\",\"target\":[\"https:\/\/pagina10.com\/web\/la-despedida-del-nino-pastuso-del-masterchef-junior\/#respond\"]}]},{\"@type\":\"WebPage\",\"@id\":\"https:\/\/pagina10.com\/web\/la-despedida-del-nino-pastuso-del-masterchef-junior\/\",\"url\":\"https:\/\/pagina10.com\/web\/la-despedida-del-nino-pastuso-del-masterchef-junior\/\",\"name\":\"La despedida del ni\u00f1o pastuso del Masterchef Junior | P\u00e1gina10\",\"isPartOf\":{\"@id\":\"https:\/\/pagina10.com\/web\/#website\"},\"primaryImageOfPage\":{\"@id\":\"https:\/\/pagina10.com\/web\/la-despedida-del-nino-pastuso-del-masterchef-junior\/#primaryimage\"},\"image\":{\"@id\":\"https:\/\/pagina10.com\/web\/la-despedida-del-nino-pastuso-del-masterchef-junior\/#primaryimage\"},\"thumbnailUrl\":\"https:\/\/pagina10.com\/web\/wp-content\/uploads\/2015\/09\/b3e4ce1083b3722ce44ab8032cc5b60a.jpg\",\"datePublished\":\"2015-09-28T03:30:29+00:00\",\"breadcrumb\":{\"@id\":\"https:\/\/pagina10.com\/web\/la-despedida-del-nino-pastuso-del-masterchef-junior\/#breadcrumb\"},\"inLanguage\":\"es\",\"potentialAction\":[{\"@type\":\"ReadAction\",\"target\":[\"https:\/\/pagina10.com\/web\/la-despedida-del-nino-pastuso-del-masterchef-junior\/\"]}]},{\"@type\":\"ImageObject\",\"inLanguage\":\"es\",\"@id\":\"https:\/\/pagina10.com\/web\/la-despedida-del-nino-pastuso-del-masterchef-junior\/#primaryimage\",\"url\":\"https:\/\/pagina10.com\/web\/wp-content\/uploads\/2015\/09\/b3e4ce1083b3722ce44ab8032cc5b60a.jpg\",\"contentUrl\":\"https:\/\/pagina10.com\/web\/wp-content\/uploads\/2015\/09\/b3e4ce1083b3722ce44ab8032cc5b60a.jpg\",\"width\":480,\"height\":279},{\"@type\":\"BreadcrumbList\",\"@id\":\"https:\/\/pagina10.com\/web\/la-despedida-del-nino-pastuso-del-masterchef-junior\/#breadcrumb\",\"itemListElement\":[{\"@type\":\"ListItem\",\"position\":1,\"name\":\"Portada\",\"item\":\"https:\/\/pagina10.com\/web\/\"},{\"@type\":\"ListItem\",\"position\":2,\"name\":\"La despedida del ni\u00f1o pastuso del Masterchef Junior\"}]},{\"@type\":\"WebSite\",\"@id\":\"https:\/\/pagina10.com\/web\/#website\",\"url\":\"https:\/\/pagina10.com\/web\/\",\"name\":\"P\u00e1gina10\",\"description\":\"Peri\u00f3dico Regional\",\"publisher\":{\"@id\":\"https:\/\/pagina10.com\/web\/#organization\"},\"alternateName\":\"P\u00e1gina10 Peri\u00f3dico Regional\",\"potentialAction\":[{\"@type\":\"SearchAction\",\"target\":{\"@type\":\"EntryPoint\",\"urlTemplate\":\"https:\/\/pagina10.com\/web\/?s={search_term_string}\"},\"query-input\":{\"@type\":\"PropertyValueSpecification\",\"valueRequired\":true,\"valueName\":\"search_term_string\"}}],\"inLanguage\":\"es\"},{\"@type\":\"Organization\",\"@id\":\"https:\/\/pagina10.com\/web\/#organization\",\"name\":\"P\u00e1gina10\",\"alternateName\":\"P\u00e1gina10 Peri\u00f3dico Regional\",\"url\":\"https:\/\/pagina10.com\/web\/\",\"logo\":{\"@type\":\"ImageObject\",\"inLanguage\":\"es\",\"@id\":\"https:\/\/pagina10.com\/web\/#\/schema\/logo\/image\/\",\"url\":\"https:\/\/pagina10.com\/web\/wp-content\/uploads\/2024\/01\/40-pagina-10-periodico-regional-pasto.jpg\",\"contentUrl\":\"https:\/\/pagina10.com\/web\/wp-content\/uploads\/2024\/01\/40-pagina-10-periodico-regional-pasto.jpg\",\"width\":1280,\"height\":720,\"caption\":\"P\u00e1gina10\"},\"image\":{\"@id\":\"https:\/\/pagina10.com\/web\/#\/schema\/logo\/image\/\"},\"sameAs\":[\"https:\/\/www.facebook.com\/pag10com\",\"https:\/\/x.com\/Pag10com\",\"https:\/\/www.instagram.com\/pagina10col\/\",\"https:\/\/youtube.com\/channel\/pag10\",\"https:\/\/www.tiktok.com\/@p10col\"]},{\"@type\":\"Person\",\"@id\":\"https:\/\/pagina10.com\/web\/#\/schema\/person\/a7a5d38f0629dfc107f619fbae4f6cc3\",\"name\":\"P\u00e1gina 10\",\"description\":\"P\u00e1gina10.com es un peri\u00f3dico digital que nace en Colombia, en el departamento de Nari\u00f1o, con un enfoque global, fundamentado en cuatro pilares esenciales: la libertad, el pluralismo, la inclusi\u00f3n y la independencia. P\u00e1gina10.com hace referencia a Nari\u00f1o como el d\u00e9cimo departamento creado en Colombia, despu\u00e9s de un proceso pol\u00edtico liderado por actores y actrices regionales con el fin de obtener la independencia y autonom\u00eda de nuestros territorios. Con la creaci\u00f3n de P\u00e1gina10.com se pretende abrir un escenario para el dialogo, la reflexi\u00f3n y el debate que se extienda a otras geograf\u00edas de Am\u00e9rica Latina y del planeta, en una apuesta por transformar colectivamente los desaf\u00edos de un mundo contempor\u00e1neo, m\u00e1s all\u00e1 de las fronteras impuestas.\",\"url\":\"https:\/\/pagina10.com\/web\/author\/mcepeda\/\"}]}<\/script>\n<!-- \/ Yoast SEO plugin. -->","yoast_head_json":{"title":"La despedida del ni\u00f1o pastuso del Masterchef Junior | P\u00e1gina10","robots":{"index":"index","follow":"follow","max-snippet":"max-snippet:-1","max-image-preview":"max-image-preview:large","max-video-preview":"max-video-preview:-1"},"canonical":"https:\/\/pagina10.com\/web\/la-despedida-del-nino-pastuso-del-masterchef-junior\/","og_locale":"es_ES","og_type":"article","og_title":"La despedida del ni\u00f1o pastuso del Masterchef Junior | P\u00e1gina10","og_description":"Por:&nbsp;H\u00e9ctor Arturo G\u00f3mez Mart\u00ednez El mar llega siempre hasta la orilla que dios le se\u00f1ala. Y la de Daniel G\u00f3mez Villacrez&nbsp;qued\u00f3 determinada en Masterchef Junior Colombia hasta el d\u00eda de hoy. Nos vamos con la satisfacci\u00f3n y la gratitud que nace de haberlo hecho todo, de no haber guardado nada, de actuar sin prevenci\u00f3n ni [&hellip;]","og_url":"https:\/\/pagina10.com\/web\/la-despedida-del-nino-pastuso-del-masterchef-junior\/","og_site_name":"P\u00e1gina10","article_publisher":"https:\/\/www.facebook.com\/pag10com","article_published_time":"2015-09-28T03:30:29+00:00","og_image":[{"width":480,"height":279,"url":"https:\/\/pagina10.com\/web\/wp-content\/uploads\/2015\/09\/b3e4ce1083b3722ce44ab8032cc5b60a.jpg","type":"image\/jpeg"}],"author":"P\u00e1gina 10","twitter_card":"summary_large_image","twitter_creator":"@Pag10com","twitter_site":"@Pag10com","twitter_misc":{"Escrito por":"P\u00e1gina 10","Tiempo de lectura":"2 minutos"},"schema":{"@context":"https:\/\/schema.org","@graph":[{"@type":"Article","@id":"https:\/\/pagina10.com\/web\/la-despedida-del-nino-pastuso-del-masterchef-junior\/#article","isPartOf":{"@id":"https:\/\/pagina10.com\/web\/la-despedida-del-nino-pastuso-del-masterchef-junior\/"},"author":{"name":"P\u00e1gina 10","@id":"https:\/\/pagina10.com\/web\/#\/schema\/person\/a7a5d38f0629dfc107f619fbae4f6cc3"},"headline":"La despedida del ni\u00f1o pastuso del Masterchef Junior","datePublished":"2015-09-28T03:30:29+00:00","mainEntityOfPage":{"@id":"https:\/\/pagina10.com\/web\/la-despedida-del-nino-pastuso-del-masterchef-junior\/"},"wordCount":437,"commentCount":0,"publisher":{"@id":"https:\/\/pagina10.com\/web\/#organization"},"image":{"@id":"https:\/\/pagina10.com\/web\/la-despedida-del-nino-pastuso-del-masterchef-junior\/#primaryimage"},"thumbnailUrl":"https:\/\/pagina10.com\/web\/wp-content\/uploads\/2015\/09\/b3e4ce1083b3722ce44ab8032cc5b60a.jpg","inLanguage":"es","potentialAction":[{"@type":"CommentAction","name":"Comment","target":["https:\/\/pagina10.com\/web\/la-despedida-del-nino-pastuso-del-masterchef-junior\/#respond"]}]},{"@type":"WebPage","@id":"https:\/\/pagina10.com\/web\/la-despedida-del-nino-pastuso-del-masterchef-junior\/","url":"https:\/\/pagina10.com\/web\/la-despedida-del-nino-pastuso-del-masterchef-junior\/","name":"La despedida del ni\u00f1o pastuso del Masterchef Junior | P\u00e1gina10","isPartOf":{"@id":"https:\/\/pagina10.com\/web\/#website"},"primaryImageOfPage":{"@id":"https:\/\/pagina10.com\/web\/la-despedida-del-nino-pastuso-del-masterchef-junior\/#primaryimage"},"image":{"@id":"https:\/\/pagina10.com\/web\/la-despedida-del-nino-pastuso-del-masterchef-junior\/#primaryimage"},"thumbnailUrl":"https:\/\/pagina10.com\/web\/wp-content\/uploads\/2015\/09\/b3e4ce1083b3722ce44ab8032cc5b60a.jpg","datePublished":"2015-09-28T03:30:29+00:00","breadcrumb":{"@id":"https:\/\/pagina10.com\/web\/la-despedida-del-nino-pastuso-del-masterchef-junior\/#breadcrumb"},"inLanguage":"es","potentialAction":[{"@type":"ReadAction","target":["https:\/\/pagina10.com\/web\/la-despedida-del-nino-pastuso-del-masterchef-junior\/"]}]},{"@type":"ImageObject","inLanguage":"es","@id":"https:\/\/pagina10.com\/web\/la-despedida-del-nino-pastuso-del-masterchef-junior\/#primaryimage","url":"https:\/\/pagina10.com\/web\/wp-content\/uploads\/2015\/09\/b3e4ce1083b3722ce44ab8032cc5b60a.jpg","contentUrl":"https:\/\/pagina10.com\/web\/wp-content\/uploads\/2015\/09\/b3e4ce1083b3722ce44ab8032cc5b60a.jpg","width":480,"height":279},{"@type":"BreadcrumbList","@id":"https:\/\/pagina10.com\/web\/la-despedida-del-nino-pastuso-del-masterchef-junior\/#breadcrumb","itemListElement":[{"@type":"ListItem","position":1,"name":"Portada","item":"https:\/\/pagina10.com\/web\/"},{"@type":"ListItem","position":2,"name":"La despedida del ni\u00f1o pastuso del Masterchef Junior"}]},{"@type":"WebSite","@id":"https:\/\/pagina10.com\/web\/#website","url":"https:\/\/pagina10.com\/web\/","name":"P\u00e1gina10","description":"Peri\u00f3dico Regional","publisher":{"@id":"https:\/\/pagina10.com\/web\/#organization"},"alternateName":"P\u00e1gina10 Peri\u00f3dico Regional","potentialAction":[{"@type":"SearchAction","target":{"@type":"EntryPoint","urlTemplate":"https:\/\/pagina10.com\/web\/?s={search_term_string}"},"query-input":{"@type":"PropertyValueSpecification","valueRequired":true,"valueName":"search_term_string"}}],"inLanguage":"es"},{"@type":"Organization","@id":"https:\/\/pagina10.com\/web\/#organization","name":"P\u00e1gina10","alternateName":"P\u00e1gina10 Peri\u00f3dico Regional","url":"https:\/\/pagina10.com\/web\/","logo":{"@type":"ImageObject","inLanguage":"es","@id":"https:\/\/pagina10.com\/web\/#\/schema\/logo\/image\/","url":"https:\/\/pagina10.com\/web\/wp-content\/uploads\/2024\/01\/40-pagina-10-periodico-regional-pasto.jpg","contentUrl":"https:\/\/pagina10.com\/web\/wp-content\/uploads\/2024\/01\/40-pagina-10-periodico-regional-pasto.jpg","width":1280,"height":720,"caption":"P\u00e1gina10"},"image":{"@id":"https:\/\/pagina10.com\/web\/#\/schema\/logo\/image\/"},"sameAs":["https:\/\/www.facebook.com\/pag10com","https:\/\/x.com\/Pag10com","https:\/\/www.instagram.com\/pagina10col\/","https:\/\/youtube.com\/channel\/pag10","https:\/\/www.tiktok.com\/@p10col"]},{"@type":"Person","@id":"https:\/\/pagina10.com\/web\/#\/schema\/person\/a7a5d38f0629dfc107f619fbae4f6cc3","name":"P\u00e1gina 10","description":"P\u00e1gina10.com es un peri\u00f3dico digital que nace en Colombia, en el departamento de Nari\u00f1o, con un enfoque global, fundamentado en cuatro pilares esenciales: la libertad, el pluralismo, la inclusi\u00f3n y la independencia. P\u00e1gina10.com hace referencia a Nari\u00f1o como el d\u00e9cimo departamento creado en Colombia, despu\u00e9s de un proceso pol\u00edtico liderado por actores y actrices regionales con el fin de obtener la independencia y autonom\u00eda de nuestros territorios. Con la creaci\u00f3n de P\u00e1gina10.com se pretende abrir un escenario para el dialogo, la reflexi\u00f3n y el debate que se extienda a otras geograf\u00edas de Am\u00e9rica Latina y del planeta, en una apuesta por transformar colectivamente los desaf\u00edos de un mundo contempor\u00e1neo, m\u00e1s all\u00e1 de las fronteras impuestas.","url":"https:\/\/pagina10.com\/web\/author\/mcepeda\/"}]}},"_links":{"self":[{"href":"https:\/\/pagina10.com\/web\/wp-json\/wp\/v2\/posts\/17887","targetHints":{"allow":["GET"]}}],"collection":[{"href":"https:\/\/pagina10.com\/web\/wp-json\/wp\/v2\/posts"}],"about":[{"href":"https:\/\/pagina10.com\/web\/wp-json\/wp\/v2\/types\/post"}],"author":[{"embeddable":true,"href":"https:\/\/pagina10.com\/web\/wp-json\/wp\/v2\/users\/29"}],"replies":[{"embeddable":true,"href":"https:\/\/pagina10.com\/web\/wp-json\/wp\/v2\/comments?post=17887"}],"version-history":[{"count":0,"href":"https:\/\/pagina10.com\/web\/wp-json\/wp\/v2\/posts\/17887\/revisions"}],"wp:featuredmedia":[{"embeddable":true,"href":"https:\/\/pagina10.com\/web\/wp-json\/wp\/v2\/media\/17886"}],"wp:attachment":[{"href":"https:\/\/pagina10.com\/web\/wp-json\/wp\/v2\/media?parent=17887"}],"wp:term":[{"taxonomy":"category","embeddable":true,"href":"https:\/\/pagina10.com\/web\/wp-json\/wp\/v2\/categories?post=17887"},{"taxonomy":"post_tag","embeddable":true,"href":"https:\/\/pagina10.com\/web\/wp-json\/wp\/v2\/tags?post=17887"}],"curies":[{"name":"wp","href":"https:\/\/api.w.org\/{rel}","templated":true}]}}