{"id":17891,"date":"2015-09-28T17:17:46","date_gmt":"2015-09-28T17:17:46","guid":{"rendered":"https:\/\/pagina10.com\/web\/blatter-pagaria-cadena-perpetua\/"},"modified":"2015-09-28T17:17:46","modified_gmt":"2015-09-28T17:17:46","slug":"blatter-pagaria-cadena-perpetua","status":"publish","type":"post","link":"https:\/\/pagina10.com\/web\/blatter-pagaria-cadena-perpetua\/","title":{"rendered":"Blatter pagar\u00eda &#8216;cadena perpetua&#8217;"},"content":{"rendered":"<p><img fetchpriority=\"high\" decoding=\"async\" class=\" size-full wp-image-17890\" src=\"https:\/\/pagina10.com\/web\/wp-content\/uploads\/2015\/09\/49007cc50777a2786a5a475ec5c576d8.jpg\" alt=\"\" width=\"620\" height=\"387\" srcset=\"https:\/\/pagina10.com\/web\/wp-content\/uploads\/2015\/09\/49007cc50777a2786a5a475ec5c576d8.jpg 620w, https:\/\/pagina10.com\/web\/wp-content\/uploads\/2015\/09\/49007cc50777a2786a5a475ec5c576d8-300x187.jpg 300w\" sizes=\"(max-width: 620px) 100vw, 620px\" \/><\/p>\n<p style=\"text-align: justify;\">Si bien el f\u00fatbol es un deporte muy popular y querido por la gente, tiene unos costos muy altos. Desde que se invent\u00f3 en Inglaterra su transformaci\u00f3n fue lenta pero segura. Hace miles de a\u00f1os tuvo su g\u00e9nesis en un absurdo juego de pelota. Exist\u00eda en el hombre el placer o necesidad de pegarle a cualquier gurullo o redondez, sin importar su origen. Dicen que el primer bal\u00f3n fue la cabeza de un soldado romano.<\/p>\n<p style=\"text-align: justify;\">&nbsp;<\/p>\n<p style=\"text-align: justify;\">Lo que parec\u00eda ser un incipiente juego, los ingleses lo perfeccionan y lo convierten en deporte de multitudes con todas sus reglas. La afici\u00f3n y los equipos institucionales, nacionales y de marca crecen. Es inevitable, que sea un gigante espect\u00e1culo ya diseminado a todo el planeta. Es all\u00ed cuando aparecen los consorcios que m\u00e1s facturan y acorralan a la FIFA, volvi\u00e9ndola finalmente en el \u2018Estado\u2019 m\u00e1s poderoso del mundo. A esta organizaci\u00f3n llegan una buena cantidad de ineptos y oscuros personajes a hacer sus negocios.<\/p>\n<p style=\"text-align: justify;\">&nbsp;<\/p>\n<p style=\"text-align: justify;\">El f\u00fatbol por cuenta de la FIFA se convierte ante todo en un negocio, uno de los m\u00e1s rentables del orbe. Los manejos oscuros y la corrupci\u00f3n rampante se vuelven inevitables. La mayor\u00eda de directivos o &#8216;lideres&#8217; del f\u00fatbol se vuelven sospechosos. En Colombia por ejemplo muchos dirigentes fueron seriamente cuestionados por &nbsp;v\u00ednculos con mafias. Las mismas que se tomaron casi por asalto buena parte del balompi\u00e9 profesional colombiano.<\/p>\n<p style=\"text-align: justify;\">&nbsp;<\/p>\n<p style=\"text-align: justify;\">El f\u00fatbol, el deporte m\u00e1s querido, uno de los m\u00e1s practicados (el atletismo es el deporte rey como tal) el mayor espect\u00e1culo terrenal, termina finalmente convertido en un negocio de oscuros personajes. M\u00e1s aun en aparente nicho de tr\u00e1fico de jugadores, de torneos y sedes. All\u00ed donde se mueven f\u00e1cilmente millones de d\u00f3lares. Donde los ingresos de una figura pueden estar por encima del mill\u00f3n de d\u00f3lares mensuales. Algo absolutamente inconcebible, en un mundo con tanta inequidad e injusticia social. Y con tanta hambre.<\/p>\n<p style=\"text-align: justify;\">&nbsp;<\/p>\n<p style=\"text-align: justify;\">Pero el asunto no pod\u00eda pasar tan de agache y alguien deb\u00eda ponerle el cascabel al gato. Y fue la justicia norteamericana que casi nada tiene que ver con la tradici\u00f3n del f\u00fatbol, la que tuvo que actuar. Los se\u00f1alados como traficantes y mercaderes del balompi\u00e9 a costa de los sue\u00f1os del mundo empezaron a caer. Hoy hay una buena cantidad a buen recaudo y varios ser\u00e1n llevados extraditados ante la justicia estadounidense que nada tiene de blanda.<\/p>\n<p style=\"text-align: justify;\">&nbsp;<\/p>\n<p style=\"text-align: justify;\">Y caer\u00e1n m\u00e1s por lo visto. El mundo estaba a la expectativa del \u2018capo\u2019 mayor algo as\u00ed como Don Vito Blatterone, como para emular a uno de los &nbsp;mayores mafiosos del mundo, Don Vito Corleone. El c\u00edrculo se le cierra a Sepp Blatter el omnipoderoso presidente de la FIFA. Hoy uno de los hombres considerados \u2018intocables\u2019 del mundo est\u00e1 a las puertas del infierno. La justicia Suiza ya le endilg\u00f3 formalmente los cargos&nbsp;por gesti\u00f3n desleal y abuso de confianza. Y no son de poca monta ya que seg\u00fan el abogado y juez suplente Jacques Roulet, buen conocedor del sistema judicial helv\u00e9tico, &#8220;el beneficiario de una gesti\u00f3n desleal podr\u00eda ser acusado de receptaci\u00f3n o blanqueo&#8221;. Muy&nbsp; complicado porque hasta se arriesga a una extradici\u00f3n a USA. El abuso de confianza en plata blanca es peor, puede traducirse como robar generosamente, el m\u00e1s burdo estilo de corrupci\u00f3n.<\/p>\n<p style=\"text-align: justify;\">&nbsp;<\/p>\n<p style=\"text-align: justify;\">Por ahora sus posibles delitos le acarrear\u00edan muy seguramente una pena arriba de los diez a\u00f1os, de pronto cerca de 18 seg\u00fan los expertos. Teniendo en cuenta que ya tiene casi 80 a\u00f1os, cualquier condena en su caso ya equivale a cadena perpetua. Su riesgo de terminar sus d\u00edas en prisi\u00f3n es muy alto.&nbsp; La expectativa de vida de un suizo est\u00e1 debajo de los 80 a\u00f1os. Es decir ya pas\u00f3 el promedio. Y si es condenado, implica necesariamente una cadena perpetua terrenal.<\/p>\n<p style=\"text-align: justify;\">&nbsp;<\/p>\n<p style=\"text-align: justify;\">Pero m\u00e1s que eso es el golpe a su orgullo y a su soberbia, para dejarle al mundo una enorme moraleja. No hay intocables y ning\u00fan poder, ni posici\u00f3n o posesi\u00f3n material est\u00e1n por encima de nada, ni de nadie. Esas pueden ser las peores personas del planeta. Los m\u00e1s soberbios por cuenta de su poder y riqueza material, ser\u00edan los m\u00e1s despreciables o repudiables. Tal vez nadie en el mundo quisiera terminar como ellos. Entonces \u00bfhabr\u00e1 que envidiarlos? Jam\u00e1s. Ud est\u00e1 por encima de la mayor\u00eda de ellos.<\/p>\n","protected":false},"excerpt":{"rendered":"<p>Si bien el f\u00fatbol es un deporte muy popular y querido por la gente, tiene unos costos muy altos. Desde que se invent\u00f3 en Inglaterra su transformaci\u00f3n fue lenta pero segura. Hace miles de a\u00f1os tuvo su g\u00e9nesis en un absurdo juego de pelota. Exist\u00eda en el hombre el placer o necesidad de pegarle a [&hellip;]<\/p>\n","protected":false},"author":67,"featured_media":17890,"comment_status":"open","ping_status":"open","sticky":false,"template":"","format":"standard","meta":{"footnotes":""},"categories":[1],"tags":[],"class_list":["post-17891","post","type-post","status-publish","format-standard","has-post-thumbnail","hentry","category-sin-categoria"],"yoast_head":"<!-- This site is optimized with the Yoast SEO plugin v27.1.1 - https:\/\/yoast.com\/product\/yoast-seo-wordpress\/ -->\n<title>Blatter pagar\u00eda &#039;cadena perpetua&#039; | P\u00e1gina10<\/title>\n<meta name=\"robots\" content=\"index, follow, max-snippet:-1, max-image-preview:large, max-video-preview:-1\" \/>\n<link rel=\"canonical\" href=\"https:\/\/pagina10.com\/web\/blatter-pagaria-cadena-perpetua\/\" \/>\n<meta property=\"og:locale\" content=\"es_ES\" \/>\n<meta property=\"og:type\" content=\"article\" \/>\n<meta property=\"og:title\" content=\"Blatter pagar\u00eda &#039;cadena perpetua&#039; | P\u00e1gina10\" \/>\n<meta property=\"og:description\" content=\"Si bien el f\u00fatbol es un deporte muy popular y querido por la gente, tiene unos costos muy altos. Desde que se invent\u00f3 en Inglaterra su transformaci\u00f3n fue lenta pero segura. Hace miles de a\u00f1os tuvo su g\u00e9nesis en un absurdo juego de pelota. Exist\u00eda en el hombre el placer o necesidad de pegarle a [&hellip;]\" \/>\n<meta property=\"og:url\" content=\"https:\/\/pagina10.com\/web\/blatter-pagaria-cadena-perpetua\/\" \/>\n<meta property=\"og:site_name\" content=\"P\u00e1gina10\" \/>\n<meta property=\"article:publisher\" content=\"https:\/\/www.facebook.com\/pag10com\" \/>\n<meta property=\"article:published_time\" content=\"2015-09-28T17:17:46+00:00\" \/>\n<meta property=\"og:image\" content=\"https:\/\/pagina10.com\/web\/wp-content\/uploads\/2015\/09\/49007cc50777a2786a5a475ec5c576d8.jpg\" \/>\n\t<meta property=\"og:image:width\" content=\"620\" \/>\n\t<meta property=\"og:image:height\" content=\"387\" \/>\n\t<meta property=\"og:image:type\" content=\"image\/jpeg\" \/>\n<meta name=\"author\" content=\"Fabio Ar\u00e9valo\" \/>\n<meta name=\"twitter:card\" content=\"summary_large_image\" \/>\n<meta name=\"twitter:creator\" content=\"@Pag10com\" \/>\n<meta name=\"twitter:site\" content=\"@Pag10com\" \/>\n<meta name=\"twitter:label1\" content=\"Escrito por\" \/>\n\t<meta name=\"twitter:data1\" content=\"Fabio Ar\u00e9valo\" \/>\n\t<meta name=\"twitter:label2\" content=\"Tiempo de lectura\" \/>\n\t<meta name=\"twitter:data2\" content=\"4 minutos\" \/>\n<script type=\"application\/ld+json\" class=\"yoast-schema-graph\">{\"@context\":\"https:\/\/schema.org\",\"@graph\":[{\"@type\":\"Article\",\"@id\":\"https:\/\/pagina10.com\/web\/blatter-pagaria-cadena-perpetua\/#article\",\"isPartOf\":{\"@id\":\"https:\/\/pagina10.com\/web\/blatter-pagaria-cadena-perpetua\/\"},\"author\":{\"name\":\"Fabio Ar\u00e9valo\",\"@id\":\"https:\/\/pagina10.com\/web\/#\/schema\/person\/1ac5abd7c2098da67025a537f88703e2\"},\"headline\":\"Blatter pagar\u00eda &#8216;cadena perpetua&#8217;\",\"datePublished\":\"2015-09-28T17:17:46+00:00\",\"mainEntityOfPage\":{\"@id\":\"https:\/\/pagina10.com\/web\/blatter-pagaria-cadena-perpetua\/\"},\"wordCount\":788,\"commentCount\":0,\"publisher\":{\"@id\":\"https:\/\/pagina10.com\/web\/#organization\"},\"image\":{\"@id\":\"https:\/\/pagina10.com\/web\/blatter-pagaria-cadena-perpetua\/#primaryimage\"},\"thumbnailUrl\":\"https:\/\/pagina10.com\/web\/wp-content\/uploads\/2015\/09\/49007cc50777a2786a5a475ec5c576d8.jpg\",\"inLanguage\":\"es\",\"potentialAction\":[{\"@type\":\"CommentAction\",\"name\":\"Comment\",\"target\":[\"https:\/\/pagina10.com\/web\/blatter-pagaria-cadena-perpetua\/#respond\"]}]},{\"@type\":\"WebPage\",\"@id\":\"https:\/\/pagina10.com\/web\/blatter-pagaria-cadena-perpetua\/\",\"url\":\"https:\/\/pagina10.com\/web\/blatter-pagaria-cadena-perpetua\/\",\"name\":\"Blatter pagar\u00eda 'cadena perpetua' | P\u00e1gina10\",\"isPartOf\":{\"@id\":\"https:\/\/pagina10.com\/web\/#website\"},\"primaryImageOfPage\":{\"@id\":\"https:\/\/pagina10.com\/web\/blatter-pagaria-cadena-perpetua\/#primaryimage\"},\"image\":{\"@id\":\"https:\/\/pagina10.com\/web\/blatter-pagaria-cadena-perpetua\/#primaryimage\"},\"thumbnailUrl\":\"https:\/\/pagina10.com\/web\/wp-content\/uploads\/2015\/09\/49007cc50777a2786a5a475ec5c576d8.jpg\",\"datePublished\":\"2015-09-28T17:17:46+00:00\",\"breadcrumb\":{\"@id\":\"https:\/\/pagina10.com\/web\/blatter-pagaria-cadena-perpetua\/#breadcrumb\"},\"inLanguage\":\"es\",\"potentialAction\":[{\"@type\":\"ReadAction\",\"target\":[\"https:\/\/pagina10.com\/web\/blatter-pagaria-cadena-perpetua\/\"]}]},{\"@type\":\"ImageObject\",\"inLanguage\":\"es\",\"@id\":\"https:\/\/pagina10.com\/web\/blatter-pagaria-cadena-perpetua\/#primaryimage\",\"url\":\"https:\/\/pagina10.com\/web\/wp-content\/uploads\/2015\/09\/49007cc50777a2786a5a475ec5c576d8.jpg\",\"contentUrl\":\"https:\/\/pagina10.com\/web\/wp-content\/uploads\/2015\/09\/49007cc50777a2786a5a475ec5c576d8.jpg\",\"width\":620,\"height\":387},{\"@type\":\"BreadcrumbList\",\"@id\":\"https:\/\/pagina10.com\/web\/blatter-pagaria-cadena-perpetua\/#breadcrumb\",\"itemListElement\":[{\"@type\":\"ListItem\",\"position\":1,\"name\":\"Portada\",\"item\":\"https:\/\/pagina10.com\/web\/\"},{\"@type\":\"ListItem\",\"position\":2,\"name\":\"Blatter pagar\u00eda &#8216;cadena perpetua&#8217;\"}]},{\"@type\":\"WebSite\",\"@id\":\"https:\/\/pagina10.com\/web\/#website\",\"url\":\"https:\/\/pagina10.com\/web\/\",\"name\":\"P\u00e1gina10\",\"description\":\"Peri\u00f3dico Regional\",\"publisher\":{\"@id\":\"https:\/\/pagina10.com\/web\/#organization\"},\"alternateName\":\"P\u00e1gina10 Peri\u00f3dico Regional\",\"potentialAction\":[{\"@type\":\"SearchAction\",\"target\":{\"@type\":\"EntryPoint\",\"urlTemplate\":\"https:\/\/pagina10.com\/web\/?s={search_term_string}\"},\"query-input\":{\"@type\":\"PropertyValueSpecification\",\"valueRequired\":true,\"valueName\":\"search_term_string\"}}],\"inLanguage\":\"es\"},{\"@type\":\"Organization\",\"@id\":\"https:\/\/pagina10.com\/web\/#organization\",\"name\":\"P\u00e1gina10\",\"alternateName\":\"P\u00e1gina10 Peri\u00f3dico Regional\",\"url\":\"https:\/\/pagina10.com\/web\/\",\"logo\":{\"@type\":\"ImageObject\",\"inLanguage\":\"es\",\"@id\":\"https:\/\/pagina10.com\/web\/#\/schema\/logo\/image\/\",\"url\":\"https:\/\/pagina10.com\/web\/wp-content\/uploads\/2024\/01\/40-pagina-10-periodico-regional-pasto.jpg\",\"contentUrl\":\"https:\/\/pagina10.com\/web\/wp-content\/uploads\/2024\/01\/40-pagina-10-periodico-regional-pasto.jpg\",\"width\":1280,\"height\":720,\"caption\":\"P\u00e1gina10\"},\"image\":{\"@id\":\"https:\/\/pagina10.com\/web\/#\/schema\/logo\/image\/\"},\"sameAs\":[\"https:\/\/www.facebook.com\/pag10com\",\"https:\/\/x.com\/Pag10com\",\"https:\/\/www.instagram.com\/pagina10col\/\",\"https:\/\/youtube.com\/channel\/pag10\",\"https:\/\/www.tiktok.com\/@p10col\"]},{\"@type\":\"Person\",\"@id\":\"https:\/\/pagina10.com\/web\/#\/schema\/person\/1ac5abd7c2098da67025a537f88703e2\",\"name\":\"Fabio Ar\u00e9valo\",\"description\":\"M\u00e9dico, bioqu\u00edmico, escritor, consultor urbano, educador ciudadano, divulgador cient\u00edfico, innovador social, dise\u00f1ador de ciudades saludables, Campe\u00f3n del mundo atletismo, JMS, Islas Canarias). Docente universitario, investigador en salud p\u00fablica. Candidato a Premio Nacional de Paz 2012. Reconocido como Mejor columnista web, Suroccidente colombiano, 2013, Fundaci\u00f3n Correo del Sur. Presidente Sociedad Colombiana de Ciencias del Deporte. Autor de obras como: \u2018Caf\u00e9 para el alma, lecturas para ser feliz\u2019, \u2018Activarse m\u00e1s, nutrirse bien, vivir mejor\u2019 y \u2018El deporte como fen\u00f3meno social\u2019. L\u00edder y creador del proyecto internacional: \u2018CIUDAD FELIZ, una forma distinta de vivir\u2019. Columnista en Las 2Orillas Twitter: @fabioarevalo\",\"url\":\"https:\/\/pagina10.com\/web\/author\/farevalo\/\"}]}<\/script>\n<!-- \/ Yoast SEO plugin. -->","yoast_head_json":{"title":"Blatter pagar\u00eda 'cadena perpetua' | P\u00e1gina10","robots":{"index":"index","follow":"follow","max-snippet":"max-snippet:-1","max-image-preview":"max-image-preview:large","max-video-preview":"max-video-preview:-1"},"canonical":"https:\/\/pagina10.com\/web\/blatter-pagaria-cadena-perpetua\/","og_locale":"es_ES","og_type":"article","og_title":"Blatter pagar\u00eda 'cadena perpetua' | P\u00e1gina10","og_description":"Si bien el f\u00fatbol es un deporte muy popular y querido por la gente, tiene unos costos muy altos. Desde que se invent\u00f3 en Inglaterra su transformaci\u00f3n fue lenta pero segura. Hace miles de a\u00f1os tuvo su g\u00e9nesis en un absurdo juego de pelota. Exist\u00eda en el hombre el placer o necesidad de pegarle a [&hellip;]","og_url":"https:\/\/pagina10.com\/web\/blatter-pagaria-cadena-perpetua\/","og_site_name":"P\u00e1gina10","article_publisher":"https:\/\/www.facebook.com\/pag10com","article_published_time":"2015-09-28T17:17:46+00:00","og_image":[{"width":620,"height":387,"url":"https:\/\/pagina10.com\/web\/wp-content\/uploads\/2015\/09\/49007cc50777a2786a5a475ec5c576d8.jpg","type":"image\/jpeg"}],"author":"Fabio Ar\u00e9valo","twitter_card":"summary_large_image","twitter_creator":"@Pag10com","twitter_site":"@Pag10com","twitter_misc":{"Escrito por":"Fabio Ar\u00e9valo","Tiempo de lectura":"4 minutos"},"schema":{"@context":"https:\/\/schema.org","@graph":[{"@type":"Article","@id":"https:\/\/pagina10.com\/web\/blatter-pagaria-cadena-perpetua\/#article","isPartOf":{"@id":"https:\/\/pagina10.com\/web\/blatter-pagaria-cadena-perpetua\/"},"author":{"name":"Fabio Ar\u00e9valo","@id":"https:\/\/pagina10.com\/web\/#\/schema\/person\/1ac5abd7c2098da67025a537f88703e2"},"headline":"Blatter pagar\u00eda &#8216;cadena perpetua&#8217;","datePublished":"2015-09-28T17:17:46+00:00","mainEntityOfPage":{"@id":"https:\/\/pagina10.com\/web\/blatter-pagaria-cadena-perpetua\/"},"wordCount":788,"commentCount":0,"publisher":{"@id":"https:\/\/pagina10.com\/web\/#organization"},"image":{"@id":"https:\/\/pagina10.com\/web\/blatter-pagaria-cadena-perpetua\/#primaryimage"},"thumbnailUrl":"https:\/\/pagina10.com\/web\/wp-content\/uploads\/2015\/09\/49007cc50777a2786a5a475ec5c576d8.jpg","inLanguage":"es","potentialAction":[{"@type":"CommentAction","name":"Comment","target":["https:\/\/pagina10.com\/web\/blatter-pagaria-cadena-perpetua\/#respond"]}]},{"@type":"WebPage","@id":"https:\/\/pagina10.com\/web\/blatter-pagaria-cadena-perpetua\/","url":"https:\/\/pagina10.com\/web\/blatter-pagaria-cadena-perpetua\/","name":"Blatter pagar\u00eda 'cadena perpetua' | P\u00e1gina10","isPartOf":{"@id":"https:\/\/pagina10.com\/web\/#website"},"primaryImageOfPage":{"@id":"https:\/\/pagina10.com\/web\/blatter-pagaria-cadena-perpetua\/#primaryimage"},"image":{"@id":"https:\/\/pagina10.com\/web\/blatter-pagaria-cadena-perpetua\/#primaryimage"},"thumbnailUrl":"https:\/\/pagina10.com\/web\/wp-content\/uploads\/2015\/09\/49007cc50777a2786a5a475ec5c576d8.jpg","datePublished":"2015-09-28T17:17:46+00:00","breadcrumb":{"@id":"https:\/\/pagina10.com\/web\/blatter-pagaria-cadena-perpetua\/#breadcrumb"},"inLanguage":"es","potentialAction":[{"@type":"ReadAction","target":["https:\/\/pagina10.com\/web\/blatter-pagaria-cadena-perpetua\/"]}]},{"@type":"ImageObject","inLanguage":"es","@id":"https:\/\/pagina10.com\/web\/blatter-pagaria-cadena-perpetua\/#primaryimage","url":"https:\/\/pagina10.com\/web\/wp-content\/uploads\/2015\/09\/49007cc50777a2786a5a475ec5c576d8.jpg","contentUrl":"https:\/\/pagina10.com\/web\/wp-content\/uploads\/2015\/09\/49007cc50777a2786a5a475ec5c576d8.jpg","width":620,"height":387},{"@type":"BreadcrumbList","@id":"https:\/\/pagina10.com\/web\/blatter-pagaria-cadena-perpetua\/#breadcrumb","itemListElement":[{"@type":"ListItem","position":1,"name":"Portada","item":"https:\/\/pagina10.com\/web\/"},{"@type":"ListItem","position":2,"name":"Blatter pagar\u00eda &#8216;cadena perpetua&#8217;"}]},{"@type":"WebSite","@id":"https:\/\/pagina10.com\/web\/#website","url":"https:\/\/pagina10.com\/web\/","name":"P\u00e1gina10","description":"Peri\u00f3dico Regional","publisher":{"@id":"https:\/\/pagina10.com\/web\/#organization"},"alternateName":"P\u00e1gina10 Peri\u00f3dico Regional","potentialAction":[{"@type":"SearchAction","target":{"@type":"EntryPoint","urlTemplate":"https:\/\/pagina10.com\/web\/?s={search_term_string}"},"query-input":{"@type":"PropertyValueSpecification","valueRequired":true,"valueName":"search_term_string"}}],"inLanguage":"es"},{"@type":"Organization","@id":"https:\/\/pagina10.com\/web\/#organization","name":"P\u00e1gina10","alternateName":"P\u00e1gina10 Peri\u00f3dico Regional","url":"https:\/\/pagina10.com\/web\/","logo":{"@type":"ImageObject","inLanguage":"es","@id":"https:\/\/pagina10.com\/web\/#\/schema\/logo\/image\/","url":"https:\/\/pagina10.com\/web\/wp-content\/uploads\/2024\/01\/40-pagina-10-periodico-regional-pasto.jpg","contentUrl":"https:\/\/pagina10.com\/web\/wp-content\/uploads\/2024\/01\/40-pagina-10-periodico-regional-pasto.jpg","width":1280,"height":720,"caption":"P\u00e1gina10"},"image":{"@id":"https:\/\/pagina10.com\/web\/#\/schema\/logo\/image\/"},"sameAs":["https:\/\/www.facebook.com\/pag10com","https:\/\/x.com\/Pag10com","https:\/\/www.instagram.com\/pagina10col\/","https:\/\/youtube.com\/channel\/pag10","https:\/\/www.tiktok.com\/@p10col"]},{"@type":"Person","@id":"https:\/\/pagina10.com\/web\/#\/schema\/person\/1ac5abd7c2098da67025a537f88703e2","name":"Fabio Ar\u00e9valo","description":"M\u00e9dico, bioqu\u00edmico, escritor, consultor urbano, educador ciudadano, divulgador cient\u00edfico, innovador social, dise\u00f1ador de ciudades saludables, Campe\u00f3n del mundo atletismo, JMS, Islas Canarias). Docente universitario, investigador en salud p\u00fablica. Candidato a Premio Nacional de Paz 2012. Reconocido como Mejor columnista web, Suroccidente colombiano, 2013, Fundaci\u00f3n Correo del Sur. Presidente Sociedad Colombiana de Ciencias del Deporte. Autor de obras como: \u2018Caf\u00e9 para el alma, lecturas para ser feliz\u2019, \u2018Activarse m\u00e1s, nutrirse bien, vivir mejor\u2019 y \u2018El deporte como fen\u00f3meno social\u2019. L\u00edder y creador del proyecto internacional: \u2018CIUDAD FELIZ, una forma distinta de vivir\u2019. Columnista en Las 2Orillas Twitter: @fabioarevalo","url":"https:\/\/pagina10.com\/web\/author\/farevalo\/"}]}},"_links":{"self":[{"href":"https:\/\/pagina10.com\/web\/wp-json\/wp\/v2\/posts\/17891","targetHints":{"allow":["GET"]}}],"collection":[{"href":"https:\/\/pagina10.com\/web\/wp-json\/wp\/v2\/posts"}],"about":[{"href":"https:\/\/pagina10.com\/web\/wp-json\/wp\/v2\/types\/post"}],"author":[{"embeddable":true,"href":"https:\/\/pagina10.com\/web\/wp-json\/wp\/v2\/users\/67"}],"replies":[{"embeddable":true,"href":"https:\/\/pagina10.com\/web\/wp-json\/wp\/v2\/comments?post=17891"}],"version-history":[{"count":0,"href":"https:\/\/pagina10.com\/web\/wp-json\/wp\/v2\/posts\/17891\/revisions"}],"wp:featuredmedia":[{"embeddable":true,"href":"https:\/\/pagina10.com\/web\/wp-json\/wp\/v2\/media\/17890"}],"wp:attachment":[{"href":"https:\/\/pagina10.com\/web\/wp-json\/wp\/v2\/media?parent=17891"}],"wp:term":[{"taxonomy":"category","embeddable":true,"href":"https:\/\/pagina10.com\/web\/wp-json\/wp\/v2\/categories?post=17891"},{"taxonomy":"post_tag","embeddable":true,"href":"https:\/\/pagina10.com\/web\/wp-json\/wp\/v2\/tags?post=17891"}],"curies":[{"name":"wp","href":"https:\/\/api.w.org\/{rel}","templated":true}]}}