{"id":17893,"date":"2015-09-28T02:49:39","date_gmt":"2015-09-28T02:49:39","guid":{"rendered":"https:\/\/pagina10.com\/web\/viceministra-de-justicia-reconoce-buena-labor-de-casa-de-justicia-de-pasto\/"},"modified":"2015-09-28T02:49:39","modified_gmt":"2015-09-28T02:49:39","slug":"viceministra-de-justicia-reconoce-buena-labor-de-casa-de-justicia-de-pasto","status":"publish","type":"post","link":"https:\/\/pagina10.com\/web\/viceministra-de-justicia-reconoce-buena-labor-de-casa-de-justicia-de-pasto\/","title":{"rendered":"Viceministra de Justicia reconoce buena labor de Casa de justicia de Pasto"},"content":{"rendered":"<p><img fetchpriority=\"high\" decoding=\"async\" class=\" size-full wp-image-17892\" src=\"https:\/\/pagina10.com\/web\/wp-content\/uploads\/2015\/09\/dafb511f143996cb64203b9f51a5ef76.jpg\" alt=\"\" width=\"659\" height=\"394\" srcset=\"https:\/\/pagina10.com\/web\/wp-content\/uploads\/2015\/09\/dafb511f143996cb64203b9f51a5ef76.jpg 659w, https:\/\/pagina10.com\/web\/wp-content\/uploads\/2015\/09\/dafb511f143996cb64203b9f51a5ef76-300x179.jpg 300w\" sizes=\"(max-width: 659px) 100vw, 659px\" \/><\/p>\n<p style=\"text-align: justify;\">La Viceministra de Justicia Ana Mar\u00eda Ramos Serrano asegur\u00f3 en su reciente visita a Pasto, que la Casa de Justicia es una de las mejores del pa\u00eds, siendo una de las que m\u00e1s solicitudes recibe en el pa\u00eds; adem\u00e1s destac\u00f3 la oferta institucional, la organizaci\u00f3n de jornadas m\u00f3viles en la zona rural, la permanencia del equipo de trabajo, procesos de cambio y normas de calidad, el modelo de gesti\u00f3n y el reporte de informaci\u00f3n estad\u00edstica ante el Ministerio de Justicia, son entre otras caracter\u00edsticas que han permitido a la entidad ser reconocida en el \u00e1mbito nacional.<\/p>\n<p style=\"text-align: justify;\">La alta funcionaria lleg\u00f3 hasta la capital de Nari\u00f1o para conocer de cerca el trabajo y replicar algunos de los procesos en otras casas de justicia del pa\u00eds. &#8220;Queremos volverla mejor, por eso vamos a identificar qu\u00e9 oferta se puede implementar como por ejemplo un juez permanente, Medicina Legal para que atiendan casos de violencia de intrafamiliar, ayuda interinstitucional con las entidades que no tienen presencia en la sede y dar a conocer m\u00e1s sus servicios ante la comunidad puesto que este espacio permite la soluci\u00f3n de sus conflictos de manera gratuita&#8221;, asegur\u00f3.<\/p>\n<p style=\"text-align: justify;\">La Viceministra manifest\u00f3 que la Casa de Justicia de Pasto recibi\u00f3 m\u00e1s de 33 mil solicitudes en 2014 forjando as\u00ed la construcci\u00f3n de paz y la convivencia pac\u00edfica. &#8220;Ser una de las mejores casas de justicia demuestra que el trabajo no es invisible y que sus usuarios los necesitan por ello se debe ajustar los servicios a las necesidades que lleguen con el postconflicto&#8221;.<\/p>\n<p style=\"text-align: justify;\">&nbsp;<\/p>\n<p style=\"text-align: justify;\">Fuente: Alcald\u00eda de Pasto<\/p>\n","protected":false},"excerpt":{"rendered":"<p>La Viceministra de Justicia Ana Mar\u00eda Ramos Serrano asegur\u00f3 en su reciente visita a Pasto, que la Casa de Justicia es una de las mejores del pa\u00eds, siendo una de las que m\u00e1s solicitudes recibe en el pa\u00eds; adem\u00e1s destac\u00f3 la oferta institucional, la organizaci\u00f3n de jornadas m\u00f3viles en la zona rural, la permanencia del [&hellip;]<\/p>\n","protected":false},"author":29,"featured_media":17892,"comment_status":"open","ping_status":"open","sticky":false,"template":"","format":"standard","meta":{"footnotes":""},"categories":[1],"tags":[],"class_list":["post-17893","post","type-post","status-publish","format-standard","has-post-thumbnail","hentry","category-sin-categoria"],"yoast_head":"<!-- This site is optimized with the Yoast SEO plugin v27.1.1 - https:\/\/yoast.com\/product\/yoast-seo-wordpress\/ -->\n<title>Viceministra de Justicia reconoce buena labor de Casa de justicia de Pasto | P\u00e1gina10<\/title>\n<meta name=\"robots\" content=\"index, follow, max-snippet:-1, max-image-preview:large, max-video-preview:-1\" \/>\n<link rel=\"canonical\" href=\"https:\/\/pagina10.com\/web\/viceministra-de-justicia-reconoce-buena-labor-de-casa-de-justicia-de-pasto\/\" \/>\n<meta property=\"og:locale\" content=\"es_ES\" \/>\n<meta property=\"og:type\" content=\"article\" \/>\n<meta property=\"og:title\" content=\"Viceministra de Justicia reconoce buena labor de Casa de justicia de Pasto | P\u00e1gina10\" \/>\n<meta property=\"og:description\" content=\"La Viceministra de Justicia Ana Mar\u00eda Ramos Serrano asegur\u00f3 en su reciente visita a Pasto, que la Casa de Justicia es una de las mejores del pa\u00eds, siendo una de las que m\u00e1s solicitudes recibe en el pa\u00eds; adem\u00e1s destac\u00f3 la oferta institucional, la organizaci\u00f3n de jornadas m\u00f3viles en la zona rural, la permanencia del [&hellip;]\" \/>\n<meta property=\"og:url\" content=\"https:\/\/pagina10.com\/web\/viceministra-de-justicia-reconoce-buena-labor-de-casa-de-justicia-de-pasto\/\" \/>\n<meta property=\"og:site_name\" content=\"P\u00e1gina10\" \/>\n<meta property=\"article:publisher\" content=\"https:\/\/www.facebook.com\/pag10com\" \/>\n<meta property=\"article:published_time\" content=\"2015-09-28T02:49:39+00:00\" \/>\n<meta property=\"og:image\" content=\"https:\/\/pagina10.com\/web\/wp-content\/uploads\/2015\/09\/dafb511f143996cb64203b9f51a5ef76.jpg\" \/>\n\t<meta property=\"og:image:width\" content=\"659\" \/>\n\t<meta property=\"og:image:height\" content=\"394\" \/>\n\t<meta property=\"og:image:type\" content=\"image\/jpeg\" \/>\n<meta name=\"author\" content=\"P\u00e1gina 10\" \/>\n<meta name=\"twitter:card\" content=\"summary_large_image\" \/>\n<meta name=\"twitter:creator\" content=\"@Pag10com\" \/>\n<meta name=\"twitter:site\" content=\"@Pag10com\" \/>\n<meta name=\"twitter:label1\" content=\"Escrito por\" \/>\n\t<meta name=\"twitter:data1\" content=\"P\u00e1gina 10\" \/>\n\t<meta name=\"twitter:label2\" content=\"Tiempo de lectura\" \/>\n\t<meta name=\"twitter:data2\" content=\"1 minuto\" \/>\n<script type=\"application\/ld+json\" class=\"yoast-schema-graph\">{\"@context\":\"https:\/\/schema.org\",\"@graph\":[{\"@type\":\"Article\",\"@id\":\"https:\/\/pagina10.com\/web\/viceministra-de-justicia-reconoce-buena-labor-de-casa-de-justicia-de-pasto\/#article\",\"isPartOf\":{\"@id\":\"https:\/\/pagina10.com\/web\/viceministra-de-justicia-reconoce-buena-labor-de-casa-de-justicia-de-pasto\/\"},\"author\":{\"name\":\"P\u00e1gina 10\",\"@id\":\"https:\/\/pagina10.com\/web\/#\/schema\/person\/a7a5d38f0629dfc107f619fbae4f6cc3\"},\"headline\":\"Viceministra de Justicia reconoce buena labor de Casa de justicia de Pasto\",\"datePublished\":\"2015-09-28T02:49:39+00:00\",\"mainEntityOfPage\":{\"@id\":\"https:\/\/pagina10.com\/web\/viceministra-de-justicia-reconoce-buena-labor-de-casa-de-justicia-de-pasto\/\"},\"wordCount\":287,\"commentCount\":0,\"publisher\":{\"@id\":\"https:\/\/pagina10.com\/web\/#organization\"},\"image\":{\"@id\":\"https:\/\/pagina10.com\/web\/viceministra-de-justicia-reconoce-buena-labor-de-casa-de-justicia-de-pasto\/#primaryimage\"},\"thumbnailUrl\":\"https:\/\/pagina10.com\/web\/wp-content\/uploads\/2015\/09\/dafb511f143996cb64203b9f51a5ef76.jpg\",\"inLanguage\":\"es\",\"potentialAction\":[{\"@type\":\"CommentAction\",\"name\":\"Comment\",\"target\":[\"https:\/\/pagina10.com\/web\/viceministra-de-justicia-reconoce-buena-labor-de-casa-de-justicia-de-pasto\/#respond\"]}]},{\"@type\":\"WebPage\",\"@id\":\"https:\/\/pagina10.com\/web\/viceministra-de-justicia-reconoce-buena-labor-de-casa-de-justicia-de-pasto\/\",\"url\":\"https:\/\/pagina10.com\/web\/viceministra-de-justicia-reconoce-buena-labor-de-casa-de-justicia-de-pasto\/\",\"name\":\"Viceministra de Justicia reconoce buena labor de Casa de justicia de Pasto | P\u00e1gina10\",\"isPartOf\":{\"@id\":\"https:\/\/pagina10.com\/web\/#website\"},\"primaryImageOfPage\":{\"@id\":\"https:\/\/pagina10.com\/web\/viceministra-de-justicia-reconoce-buena-labor-de-casa-de-justicia-de-pasto\/#primaryimage\"},\"image\":{\"@id\":\"https:\/\/pagina10.com\/web\/viceministra-de-justicia-reconoce-buena-labor-de-casa-de-justicia-de-pasto\/#primaryimage\"},\"thumbnailUrl\":\"https:\/\/pagina10.com\/web\/wp-content\/uploads\/2015\/09\/dafb511f143996cb64203b9f51a5ef76.jpg\",\"datePublished\":\"2015-09-28T02:49:39+00:00\",\"breadcrumb\":{\"@id\":\"https:\/\/pagina10.com\/web\/viceministra-de-justicia-reconoce-buena-labor-de-casa-de-justicia-de-pasto\/#breadcrumb\"},\"inLanguage\":\"es\",\"potentialAction\":[{\"@type\":\"ReadAction\",\"target\":[\"https:\/\/pagina10.com\/web\/viceministra-de-justicia-reconoce-buena-labor-de-casa-de-justicia-de-pasto\/\"]}]},{\"@type\":\"ImageObject\",\"inLanguage\":\"es\",\"@id\":\"https:\/\/pagina10.com\/web\/viceministra-de-justicia-reconoce-buena-labor-de-casa-de-justicia-de-pasto\/#primaryimage\",\"url\":\"https:\/\/pagina10.com\/web\/wp-content\/uploads\/2015\/09\/dafb511f143996cb64203b9f51a5ef76.jpg\",\"contentUrl\":\"https:\/\/pagina10.com\/web\/wp-content\/uploads\/2015\/09\/dafb511f143996cb64203b9f51a5ef76.jpg\",\"width\":659,\"height\":394},{\"@type\":\"BreadcrumbList\",\"@id\":\"https:\/\/pagina10.com\/web\/viceministra-de-justicia-reconoce-buena-labor-de-casa-de-justicia-de-pasto\/#breadcrumb\",\"itemListElement\":[{\"@type\":\"ListItem\",\"position\":1,\"name\":\"Portada\",\"item\":\"https:\/\/pagina10.com\/web\/\"},{\"@type\":\"ListItem\",\"position\":2,\"name\":\"Viceministra de Justicia reconoce buena labor de Casa de justicia de Pasto\"}]},{\"@type\":\"WebSite\",\"@id\":\"https:\/\/pagina10.com\/web\/#website\",\"url\":\"https:\/\/pagina10.com\/web\/\",\"name\":\"P\u00e1gina10\",\"description\":\"Peri\u00f3dico Regional\",\"publisher\":{\"@id\":\"https:\/\/pagina10.com\/web\/#organization\"},\"alternateName\":\"P\u00e1gina10 Peri\u00f3dico Regional\",\"potentialAction\":[{\"@type\":\"SearchAction\",\"target\":{\"@type\":\"EntryPoint\",\"urlTemplate\":\"https:\/\/pagina10.com\/web\/?s={search_term_string}\"},\"query-input\":{\"@type\":\"PropertyValueSpecification\",\"valueRequired\":true,\"valueName\":\"search_term_string\"}}],\"inLanguage\":\"es\"},{\"@type\":\"Organization\",\"@id\":\"https:\/\/pagina10.com\/web\/#organization\",\"name\":\"P\u00e1gina10\",\"alternateName\":\"P\u00e1gina10 Peri\u00f3dico Regional\",\"url\":\"https:\/\/pagina10.com\/web\/\",\"logo\":{\"@type\":\"ImageObject\",\"inLanguage\":\"es\",\"@id\":\"https:\/\/pagina10.com\/web\/#\/schema\/logo\/image\/\",\"url\":\"https:\/\/pagina10.com\/web\/wp-content\/uploads\/2024\/01\/40-pagina-10-periodico-regional-pasto.jpg\",\"contentUrl\":\"https:\/\/pagina10.com\/web\/wp-content\/uploads\/2024\/01\/40-pagina-10-periodico-regional-pasto.jpg\",\"width\":1280,\"height\":720,\"caption\":\"P\u00e1gina10\"},\"image\":{\"@id\":\"https:\/\/pagina10.com\/web\/#\/schema\/logo\/image\/\"},\"sameAs\":[\"https:\/\/www.facebook.com\/pag10com\",\"https:\/\/x.com\/Pag10com\",\"https:\/\/www.instagram.com\/pagina10col\/\",\"https:\/\/youtube.com\/channel\/pag10\",\"https:\/\/www.tiktok.com\/@p10col\"]},{\"@type\":\"Person\",\"@id\":\"https:\/\/pagina10.com\/web\/#\/schema\/person\/a7a5d38f0629dfc107f619fbae4f6cc3\",\"name\":\"P\u00e1gina 10\",\"description\":\"P\u00e1gina10.com es un peri\u00f3dico digital que nace en Colombia, en el departamento de Nari\u00f1o, con un enfoque global, fundamentado en cuatro pilares esenciales: la libertad, el pluralismo, la inclusi\u00f3n y la independencia. P\u00e1gina10.com hace referencia a Nari\u00f1o como el d\u00e9cimo departamento creado en Colombia, despu\u00e9s de un proceso pol\u00edtico liderado por actores y actrices regionales con el fin de obtener la independencia y autonom\u00eda de nuestros territorios. Con la creaci\u00f3n de P\u00e1gina10.com se pretende abrir un escenario para el dialogo, la reflexi\u00f3n y el debate que se extienda a otras geograf\u00edas de Am\u00e9rica Latina y del planeta, en una apuesta por transformar colectivamente los desaf\u00edos de un mundo contempor\u00e1neo, m\u00e1s all\u00e1 de las fronteras impuestas.\",\"url\":\"https:\/\/pagina10.com\/web\/author\/mcepeda\/\"}]}<\/script>\n<!-- \/ Yoast SEO plugin. -->","yoast_head_json":{"title":"Viceministra de Justicia reconoce buena labor de Casa de justicia de Pasto | P\u00e1gina10","robots":{"index":"index","follow":"follow","max-snippet":"max-snippet:-1","max-image-preview":"max-image-preview:large","max-video-preview":"max-video-preview:-1"},"canonical":"https:\/\/pagina10.com\/web\/viceministra-de-justicia-reconoce-buena-labor-de-casa-de-justicia-de-pasto\/","og_locale":"es_ES","og_type":"article","og_title":"Viceministra de Justicia reconoce buena labor de Casa de justicia de Pasto | P\u00e1gina10","og_description":"La Viceministra de Justicia Ana Mar\u00eda Ramos Serrano asegur\u00f3 en su reciente visita a Pasto, que la Casa de Justicia es una de las mejores del pa\u00eds, siendo una de las que m\u00e1s solicitudes recibe en el pa\u00eds; adem\u00e1s destac\u00f3 la oferta institucional, la organizaci\u00f3n de jornadas m\u00f3viles en la zona rural, la permanencia del [&hellip;]","og_url":"https:\/\/pagina10.com\/web\/viceministra-de-justicia-reconoce-buena-labor-de-casa-de-justicia-de-pasto\/","og_site_name":"P\u00e1gina10","article_publisher":"https:\/\/www.facebook.com\/pag10com","article_published_time":"2015-09-28T02:49:39+00:00","og_image":[{"width":659,"height":394,"url":"https:\/\/pagina10.com\/web\/wp-content\/uploads\/2015\/09\/dafb511f143996cb64203b9f51a5ef76.jpg","type":"image\/jpeg"}],"author":"P\u00e1gina 10","twitter_card":"summary_large_image","twitter_creator":"@Pag10com","twitter_site":"@Pag10com","twitter_misc":{"Escrito por":"P\u00e1gina 10","Tiempo de lectura":"1 minuto"},"schema":{"@context":"https:\/\/schema.org","@graph":[{"@type":"Article","@id":"https:\/\/pagina10.com\/web\/viceministra-de-justicia-reconoce-buena-labor-de-casa-de-justicia-de-pasto\/#article","isPartOf":{"@id":"https:\/\/pagina10.com\/web\/viceministra-de-justicia-reconoce-buena-labor-de-casa-de-justicia-de-pasto\/"},"author":{"name":"P\u00e1gina 10","@id":"https:\/\/pagina10.com\/web\/#\/schema\/person\/a7a5d38f0629dfc107f619fbae4f6cc3"},"headline":"Viceministra de Justicia reconoce buena labor de Casa de justicia de Pasto","datePublished":"2015-09-28T02:49:39+00:00","mainEntityOfPage":{"@id":"https:\/\/pagina10.com\/web\/viceministra-de-justicia-reconoce-buena-labor-de-casa-de-justicia-de-pasto\/"},"wordCount":287,"commentCount":0,"publisher":{"@id":"https:\/\/pagina10.com\/web\/#organization"},"image":{"@id":"https:\/\/pagina10.com\/web\/viceministra-de-justicia-reconoce-buena-labor-de-casa-de-justicia-de-pasto\/#primaryimage"},"thumbnailUrl":"https:\/\/pagina10.com\/web\/wp-content\/uploads\/2015\/09\/dafb511f143996cb64203b9f51a5ef76.jpg","inLanguage":"es","potentialAction":[{"@type":"CommentAction","name":"Comment","target":["https:\/\/pagina10.com\/web\/viceministra-de-justicia-reconoce-buena-labor-de-casa-de-justicia-de-pasto\/#respond"]}]},{"@type":"WebPage","@id":"https:\/\/pagina10.com\/web\/viceministra-de-justicia-reconoce-buena-labor-de-casa-de-justicia-de-pasto\/","url":"https:\/\/pagina10.com\/web\/viceministra-de-justicia-reconoce-buena-labor-de-casa-de-justicia-de-pasto\/","name":"Viceministra de Justicia reconoce buena labor de Casa de justicia de Pasto | P\u00e1gina10","isPartOf":{"@id":"https:\/\/pagina10.com\/web\/#website"},"primaryImageOfPage":{"@id":"https:\/\/pagina10.com\/web\/viceministra-de-justicia-reconoce-buena-labor-de-casa-de-justicia-de-pasto\/#primaryimage"},"image":{"@id":"https:\/\/pagina10.com\/web\/viceministra-de-justicia-reconoce-buena-labor-de-casa-de-justicia-de-pasto\/#primaryimage"},"thumbnailUrl":"https:\/\/pagina10.com\/web\/wp-content\/uploads\/2015\/09\/dafb511f143996cb64203b9f51a5ef76.jpg","datePublished":"2015-09-28T02:49:39+00:00","breadcrumb":{"@id":"https:\/\/pagina10.com\/web\/viceministra-de-justicia-reconoce-buena-labor-de-casa-de-justicia-de-pasto\/#breadcrumb"},"inLanguage":"es","potentialAction":[{"@type":"ReadAction","target":["https:\/\/pagina10.com\/web\/viceministra-de-justicia-reconoce-buena-labor-de-casa-de-justicia-de-pasto\/"]}]},{"@type":"ImageObject","inLanguage":"es","@id":"https:\/\/pagina10.com\/web\/viceministra-de-justicia-reconoce-buena-labor-de-casa-de-justicia-de-pasto\/#primaryimage","url":"https:\/\/pagina10.com\/web\/wp-content\/uploads\/2015\/09\/dafb511f143996cb64203b9f51a5ef76.jpg","contentUrl":"https:\/\/pagina10.com\/web\/wp-content\/uploads\/2015\/09\/dafb511f143996cb64203b9f51a5ef76.jpg","width":659,"height":394},{"@type":"BreadcrumbList","@id":"https:\/\/pagina10.com\/web\/viceministra-de-justicia-reconoce-buena-labor-de-casa-de-justicia-de-pasto\/#breadcrumb","itemListElement":[{"@type":"ListItem","position":1,"name":"Portada","item":"https:\/\/pagina10.com\/web\/"},{"@type":"ListItem","position":2,"name":"Viceministra de Justicia reconoce buena labor de Casa de justicia de Pasto"}]},{"@type":"WebSite","@id":"https:\/\/pagina10.com\/web\/#website","url":"https:\/\/pagina10.com\/web\/","name":"P\u00e1gina10","description":"Peri\u00f3dico Regional","publisher":{"@id":"https:\/\/pagina10.com\/web\/#organization"},"alternateName":"P\u00e1gina10 Peri\u00f3dico Regional","potentialAction":[{"@type":"SearchAction","target":{"@type":"EntryPoint","urlTemplate":"https:\/\/pagina10.com\/web\/?s={search_term_string}"},"query-input":{"@type":"PropertyValueSpecification","valueRequired":true,"valueName":"search_term_string"}}],"inLanguage":"es"},{"@type":"Organization","@id":"https:\/\/pagina10.com\/web\/#organization","name":"P\u00e1gina10","alternateName":"P\u00e1gina10 Peri\u00f3dico Regional","url":"https:\/\/pagina10.com\/web\/","logo":{"@type":"ImageObject","inLanguage":"es","@id":"https:\/\/pagina10.com\/web\/#\/schema\/logo\/image\/","url":"https:\/\/pagina10.com\/web\/wp-content\/uploads\/2024\/01\/40-pagina-10-periodico-regional-pasto.jpg","contentUrl":"https:\/\/pagina10.com\/web\/wp-content\/uploads\/2024\/01\/40-pagina-10-periodico-regional-pasto.jpg","width":1280,"height":720,"caption":"P\u00e1gina10"},"image":{"@id":"https:\/\/pagina10.com\/web\/#\/schema\/logo\/image\/"},"sameAs":["https:\/\/www.facebook.com\/pag10com","https:\/\/x.com\/Pag10com","https:\/\/www.instagram.com\/pagina10col\/","https:\/\/youtube.com\/channel\/pag10","https:\/\/www.tiktok.com\/@p10col"]},{"@type":"Person","@id":"https:\/\/pagina10.com\/web\/#\/schema\/person\/a7a5d38f0629dfc107f619fbae4f6cc3","name":"P\u00e1gina 10","description":"P\u00e1gina10.com es un peri\u00f3dico digital que nace en Colombia, en el departamento de Nari\u00f1o, con un enfoque global, fundamentado en cuatro pilares esenciales: la libertad, el pluralismo, la inclusi\u00f3n y la independencia. P\u00e1gina10.com hace referencia a Nari\u00f1o como el d\u00e9cimo departamento creado en Colombia, despu\u00e9s de un proceso pol\u00edtico liderado por actores y actrices regionales con el fin de obtener la independencia y autonom\u00eda de nuestros territorios. Con la creaci\u00f3n de P\u00e1gina10.com se pretende abrir un escenario para el dialogo, la reflexi\u00f3n y el debate que se extienda a otras geograf\u00edas de Am\u00e9rica Latina y del planeta, en una apuesta por transformar colectivamente los desaf\u00edos de un mundo contempor\u00e1neo, m\u00e1s all\u00e1 de las fronteras impuestas.","url":"https:\/\/pagina10.com\/web\/author\/mcepeda\/"}]}},"_links":{"self":[{"href":"https:\/\/pagina10.com\/web\/wp-json\/wp\/v2\/posts\/17893","targetHints":{"allow":["GET"]}}],"collection":[{"href":"https:\/\/pagina10.com\/web\/wp-json\/wp\/v2\/posts"}],"about":[{"href":"https:\/\/pagina10.com\/web\/wp-json\/wp\/v2\/types\/post"}],"author":[{"embeddable":true,"href":"https:\/\/pagina10.com\/web\/wp-json\/wp\/v2\/users\/29"}],"replies":[{"embeddable":true,"href":"https:\/\/pagina10.com\/web\/wp-json\/wp\/v2\/comments?post=17893"}],"version-history":[{"count":0,"href":"https:\/\/pagina10.com\/web\/wp-json\/wp\/v2\/posts\/17893\/revisions"}],"wp:featuredmedia":[{"embeddable":true,"href":"https:\/\/pagina10.com\/web\/wp-json\/wp\/v2\/media\/17892"}],"wp:attachment":[{"href":"https:\/\/pagina10.com\/web\/wp-json\/wp\/v2\/media?parent=17893"}],"wp:term":[{"taxonomy":"category","embeddable":true,"href":"https:\/\/pagina10.com\/web\/wp-json\/wp\/v2\/categories?post=17893"},{"taxonomy":"post_tag","embeddable":true,"href":"https:\/\/pagina10.com\/web\/wp-json\/wp\/v2\/tags?post=17893"}],"curies":[{"name":"wp","href":"https:\/\/api.w.org\/{rel}","templated":true}]}}