{"id":17895,"date":"2015-09-28T19:59:45","date_gmt":"2015-09-28T19:59:45","guid":{"rendered":"https:\/\/pagina10.com\/web\/nasa-confirma-sospecha-de-agua-en-estado-liquido-en-marte\/"},"modified":"2015-09-28T19:59:45","modified_gmt":"2015-09-28T19:59:45","slug":"nasa-confirma-sospecha-de-agua-en-estado-liquido-en-marte","status":"publish","type":"post","link":"https:\/\/pagina10.com\/web\/nasa-confirma-sospecha-de-agua-en-estado-liquido-en-marte\/","title":{"rendered":"Nasa confirma sospecha de agua en estado liquido en Marte"},"content":{"rendered":"<p><img fetchpriority=\"high\" decoding=\"async\" class=\" size-full wp-image-17894\" src=\"https:\/\/pagina10.com\/web\/wp-content\/uploads\/2015\/09\/b56ddee5f769aa6fb340a30195fbe8e8.jpg\" alt=\"\" width=\"644\" height=\"362\" srcset=\"https:\/\/pagina10.com\/web\/wp-content\/uploads\/2015\/09\/b56ddee5f769aa6fb340a30195fbe8e8.jpg 644w, https:\/\/pagina10.com\/web\/wp-content\/uploads\/2015\/09\/b56ddee5f769aa6fb340a30195fbe8e8-300x169.jpg 300w\" sizes=\"(max-width: 644px) 100vw, 644px\" \/><\/p>\n<p style=\"text-align: justify;\">Hace ya tiempo que se sospechaba, pero hasta ahora no hab\u00eda sido posible probarlo. Marte es a\u00fan capaz, hoy en d\u00eda, de albergar agua en estado l\u00edquido en su superficie. Un hecho que resulta de la m\u00e1xima importancia a la hora de comprender el complicado ciclo hidrol\u00f3gico del planeta. Pero tambi\u00e9n, y m\u00e1s importante, para determinar su aut\u00e9ntico potencial para albergar vida.<\/p>\n<p style=\"text-align: justify;\">Durante una rueda de prensa en el Auditorio James Webb del cuartel general de la NASA en Washington, los principales responsables del programa de exploraci\u00f3n de Marte dieron a conocer todos los detalles de este descubrimiento excepcional y que, de paso, acerca a\u00fan m\u00e1s la posibilidad de establecer en el futuro colonias de seres humanos en el Planeta Rojo. El estudio se acaba de publicar en \u00abNature Geoscience\u00bb.<\/p>\n<p style=\"text-align: justify;\">\u00abNuestro &#8220;rovers&#8221; han descubierto que hay m\u00e1s humedad de la que podr\u00edamos haber pensado\u00bb, asegur\u00f3 Jim Green, director del Programa de Ciencia Planetaria de la NASA. \u00abSon descubrimientos muy importantes, pero a\u00fan no entendemos bien qu\u00e9 ocurre. Sin embargo hoy, sabemos que Marte no es el planeta seco que pens\u00e1bamos. Bajo ciertas circunstancias, hay agua l\u00edquida en Marte\u00bb. \u00abLa noticia \u2013a\u00f1adi\u00f3 Green\u2013 es que las rayas oscuras formadas sobre la superficie de Marte que han sido analizadas parecen haber sido creadas por agua salada. Claramente la pr\u00f3xima pregunta es: \u00bfcu\u00e1nta agua hay bajo la superficie de Marte?\u00bb.<\/p>\n<p style=\"text-align: justify;\">Ya el pasado mes de abril, el espa\u00f1ol Javier Mart\u00edn-Torres, del Instituto Andaluz de Ciencias de la Tierra, publicaba en la misma revista un art\u00edculo en el que afirmaba que en los 5 primeros cm. de la superficie del cr\u00e1ter Gale, donde se encuentra el rover Curiosity, se daban las condiciones ambientales necesarias para la existencia de agua l\u00edquida salada. Ahora, esa posibilidad se ha confirmado.<\/p>\n<p style=\"text-align: justify;\">El secreto ha podido ser revelado gracias a la presencia de una serie de l\u00edneas brillantes que aparecen de forma estacional en muchas pendientes marcianas. Sus caracter\u00edsticas hacen que se parezcan a aut\u00e9nticos \u00abriachuelos\u00bb que aparecen y desaparecen, en funci\u00f3n de la temperatura reinante. Aunque se sospechaba que podr\u00eda tratarse de salmueras (agua l\u00edquida salada), hasta ahora no hab\u00eda sido posible demostrarlo.<\/p>\n<p style=\"text-align: justify;\">El an\u00e1lisis de numerosas im\u00e1genes de alta resoluci\u00f3n obtenidas por sonda Mars Reconnaisance Orbiter (MRO) han demostrado que estos supuestos \u00abcanales h\u00famedos\u00bb descendentes tienen menos de 5 metros de ancho y aparecen en muchas pendientes durante las estaciones c\u00e1lidas, para evaporarse y desaparecer durante las \u00e9pocas m\u00e1s fr\u00edas del a\u00f1o marciano. El rango de temperaturas en el que aparecen las l\u00edneas es compatible con la presencia de agua l\u00edquida.<\/p>\n<p style=\"text-align: justify;\">An\u00e1lisis pixel a pixel<br \/>Sin embargo, las im\u00e1genes obtenidas por la MRO no tienen la resoluci\u00f3n suficiente como para mostrar en detalle las brillantes l\u00edneas, y el an\u00e1lisis convencional de su composici\u00f3n no hab\u00eda sido capaz hasta ahora de detectar ni sales ni agua. As\u00ed que Lujendra Ojha y sus colegas utilizaron el instrumento CRISM de la sonda, un potente espectr\u00f3metro de imagen, para analizar pixel a p\u00edxel esas fotograf\u00edas y extraer datos sobre la composici\u00f3n de los \u00abriachuelos\u00bb.<\/p>\n<p style=\"text-align: justify;\">Los investigadores tuvieron que idear un m\u00e9todo especial para poder extraer la informaci\u00f3n que necesitaban. Y el resultado fue que todos los lugares examinados (cuatro cr\u00e1teres del hemisferio sur de Marte en los que se hab\u00edan observado los supuestos riachuelos) son consistentes con la presencia de minerales de sal hidratada que precipitan a partir de agua.<\/p>\n<p style=\"text-align: justify;\">Las propias sales permiten que el agua permanezca en estado l\u00edquido incluso por debajo de la temperatura normal de congelaci\u00f3n.<\/p>\n<p style=\"text-align: justify;\">En el estudio publicado el pasado abril por Javier Mart\u00edn-Torres, que se basaba en datos del instrumento REMS del rover Curiosity (una estaci\u00f3n meteorol\u00f3gica dise\u00f1ada en Espa\u00f1a) el cient\u00edfico espa\u00f1ol explicaba que en los 5 primeros cent\u00edmetros del suelo del cr\u00e1ter se dan las condiciones ambientales necesarias para que exista agua l\u00edquida salada (salmuera) durante la noche. Poco despu\u00e9s del alba y a medida que las temperaturas aumentan, las salmueras se secan, pero cuando vuelve a caer la noche las sales presentes en el suelo (percloratos), vuelven a absorber el vapor de agua de la atm\u00f3sfera.<\/p>\n<p style=\"text-align: justify;\">Ahora, y en la misma l\u00ednea de investigaci\u00f3n, Lujendra Ojha y sus colaboradores creen que la presencia de percloratos supone, con toda probabilidad, que peque\u00f1os regueros de agua l\u00edquida est\u00e1n arrastrando minerales ladera abajo en los cuatro cr\u00e1teres estudiados.<\/p>\n<p style=\"text-align: justify;\">La confirmaci\u00f3n de agua l\u00edquida en Marte abre las puertas a nuevas especulaciones sobre la existencia de vida en el Planeta Rojo. En el desierto chileno de Atacama, por ejemplo, uno de los lugares m\u00e1s \u00e1ridos y desolados de la Tierra, se ha demostrado que las salmueras son capaces de sustentar colonias de microorganismos que prosperan en las m\u00e1s dif\u00edciles condiciones. En Marte podr\u00eda estar sucediendo lo mismo.<\/p>\n<p style=\"text-align: justify;\">La presencia del l\u00edquido elemento, adem\u00e1s, supondr\u00eda que una futura colonia permanente en Marte podr\u00eda autoabastecerse de agua, cuyo suministro es uno de los principales problemas para la supervivencia de los astronautas que deban permanecer durante meses enteros en el Planeta Rojo.<\/p>\n","protected":false},"excerpt":{"rendered":"<p>Hace ya tiempo que se sospechaba, pero hasta ahora no hab\u00eda sido posible probarlo. Marte es a\u00fan capaz, hoy en d\u00eda, de albergar agua en estado l\u00edquido en su superficie. Un hecho que resulta de la m\u00e1xima importancia a la hora de comprender el complicado ciclo hidrol\u00f3gico del planeta. Pero tambi\u00e9n, y m\u00e1s importante, para [&hellip;]<\/p>\n","protected":false},"author":29,"featured_media":17894,"comment_status":"open","ping_status":"open","sticky":false,"template":"","format":"standard","meta":{"footnotes":""},"categories":[1],"tags":[],"class_list":["post-17895","post","type-post","status-publish","format-standard","has-post-thumbnail","hentry","category-sin-categoria"],"yoast_head":"<!-- This site is optimized with the Yoast SEO plugin v27.1.1 - https:\/\/yoast.com\/product\/yoast-seo-wordpress\/ -->\n<title>Nasa confirma sospecha de agua en estado liquido en Marte | P\u00e1gina10<\/title>\n<meta name=\"robots\" content=\"index, follow, max-snippet:-1, max-image-preview:large, max-video-preview:-1\" \/>\n<link rel=\"canonical\" href=\"https:\/\/pagina10.com\/web\/nasa-confirma-sospecha-de-agua-en-estado-liquido-en-marte\/\" \/>\n<meta property=\"og:locale\" content=\"es_ES\" \/>\n<meta property=\"og:type\" content=\"article\" \/>\n<meta property=\"og:title\" content=\"Nasa confirma sospecha de agua en estado liquido en Marte | P\u00e1gina10\" \/>\n<meta property=\"og:description\" content=\"Hace ya tiempo que se sospechaba, pero hasta ahora no hab\u00eda sido posible probarlo. Marte es a\u00fan capaz, hoy en d\u00eda, de albergar agua en estado l\u00edquido en su superficie. Un hecho que resulta de la m\u00e1xima importancia a la hora de comprender el complicado ciclo hidrol\u00f3gico del planeta. Pero tambi\u00e9n, y m\u00e1s importante, para [&hellip;]\" \/>\n<meta property=\"og:url\" content=\"https:\/\/pagina10.com\/web\/nasa-confirma-sospecha-de-agua-en-estado-liquido-en-marte\/\" \/>\n<meta property=\"og:site_name\" content=\"P\u00e1gina10\" \/>\n<meta property=\"article:publisher\" content=\"https:\/\/www.facebook.com\/pag10com\" \/>\n<meta property=\"article:published_time\" content=\"2015-09-28T19:59:45+00:00\" \/>\n<meta property=\"og:image\" content=\"https:\/\/pagina10.com\/web\/wp-content\/uploads\/2015\/09\/b56ddee5f769aa6fb340a30195fbe8e8.jpg\" \/>\n\t<meta property=\"og:image:width\" content=\"644\" \/>\n\t<meta property=\"og:image:height\" content=\"362\" \/>\n\t<meta property=\"og:image:type\" content=\"image\/jpeg\" \/>\n<meta name=\"author\" content=\"P\u00e1gina 10\" \/>\n<meta name=\"twitter:card\" content=\"summary_large_image\" \/>\n<meta name=\"twitter:creator\" content=\"@Pag10com\" \/>\n<meta name=\"twitter:site\" content=\"@Pag10com\" \/>\n<meta name=\"twitter:label1\" content=\"Escrito por\" \/>\n\t<meta name=\"twitter:data1\" content=\"P\u00e1gina 10\" \/>\n\t<meta name=\"twitter:label2\" content=\"Tiempo de lectura\" \/>\n\t<meta name=\"twitter:data2\" content=\"5 minutos\" \/>\n<script type=\"application\/ld+json\" class=\"yoast-schema-graph\">{\"@context\":\"https:\/\/schema.org\",\"@graph\":[{\"@type\":\"Article\",\"@id\":\"https:\/\/pagina10.com\/web\/nasa-confirma-sospecha-de-agua-en-estado-liquido-en-marte\/#article\",\"isPartOf\":{\"@id\":\"https:\/\/pagina10.com\/web\/nasa-confirma-sospecha-de-agua-en-estado-liquido-en-marte\/\"},\"author\":{\"name\":\"P\u00e1gina 10\",\"@id\":\"https:\/\/pagina10.com\/web\/#\/schema\/person\/a7a5d38f0629dfc107f619fbae4f6cc3\"},\"headline\":\"Nasa confirma sospecha de agua en estado liquido en Marte\",\"datePublished\":\"2015-09-28T19:59:45+00:00\",\"mainEntityOfPage\":{\"@id\":\"https:\/\/pagina10.com\/web\/nasa-confirma-sospecha-de-agua-en-estado-liquido-en-marte\/\"},\"wordCount\":917,\"commentCount\":0,\"publisher\":{\"@id\":\"https:\/\/pagina10.com\/web\/#organization\"},\"image\":{\"@id\":\"https:\/\/pagina10.com\/web\/nasa-confirma-sospecha-de-agua-en-estado-liquido-en-marte\/#primaryimage\"},\"thumbnailUrl\":\"https:\/\/pagina10.com\/web\/wp-content\/uploads\/2015\/09\/b56ddee5f769aa6fb340a30195fbe8e8.jpg\",\"inLanguage\":\"es\",\"potentialAction\":[{\"@type\":\"CommentAction\",\"name\":\"Comment\",\"target\":[\"https:\/\/pagina10.com\/web\/nasa-confirma-sospecha-de-agua-en-estado-liquido-en-marte\/#respond\"]}]},{\"@type\":\"WebPage\",\"@id\":\"https:\/\/pagina10.com\/web\/nasa-confirma-sospecha-de-agua-en-estado-liquido-en-marte\/\",\"url\":\"https:\/\/pagina10.com\/web\/nasa-confirma-sospecha-de-agua-en-estado-liquido-en-marte\/\",\"name\":\"Nasa confirma sospecha de agua en estado liquido en Marte | P\u00e1gina10\",\"isPartOf\":{\"@id\":\"https:\/\/pagina10.com\/web\/#website\"},\"primaryImageOfPage\":{\"@id\":\"https:\/\/pagina10.com\/web\/nasa-confirma-sospecha-de-agua-en-estado-liquido-en-marte\/#primaryimage\"},\"image\":{\"@id\":\"https:\/\/pagina10.com\/web\/nasa-confirma-sospecha-de-agua-en-estado-liquido-en-marte\/#primaryimage\"},\"thumbnailUrl\":\"https:\/\/pagina10.com\/web\/wp-content\/uploads\/2015\/09\/b56ddee5f769aa6fb340a30195fbe8e8.jpg\",\"datePublished\":\"2015-09-28T19:59:45+00:00\",\"breadcrumb\":{\"@id\":\"https:\/\/pagina10.com\/web\/nasa-confirma-sospecha-de-agua-en-estado-liquido-en-marte\/#breadcrumb\"},\"inLanguage\":\"es\",\"potentialAction\":[{\"@type\":\"ReadAction\",\"target\":[\"https:\/\/pagina10.com\/web\/nasa-confirma-sospecha-de-agua-en-estado-liquido-en-marte\/\"]}]},{\"@type\":\"ImageObject\",\"inLanguage\":\"es\",\"@id\":\"https:\/\/pagina10.com\/web\/nasa-confirma-sospecha-de-agua-en-estado-liquido-en-marte\/#primaryimage\",\"url\":\"https:\/\/pagina10.com\/web\/wp-content\/uploads\/2015\/09\/b56ddee5f769aa6fb340a30195fbe8e8.jpg\",\"contentUrl\":\"https:\/\/pagina10.com\/web\/wp-content\/uploads\/2015\/09\/b56ddee5f769aa6fb340a30195fbe8e8.jpg\",\"width\":644,\"height\":362},{\"@type\":\"BreadcrumbList\",\"@id\":\"https:\/\/pagina10.com\/web\/nasa-confirma-sospecha-de-agua-en-estado-liquido-en-marte\/#breadcrumb\",\"itemListElement\":[{\"@type\":\"ListItem\",\"position\":1,\"name\":\"Portada\",\"item\":\"https:\/\/pagina10.com\/web\/\"},{\"@type\":\"ListItem\",\"position\":2,\"name\":\"Nasa confirma sospecha de agua en estado liquido en Marte\"}]},{\"@type\":\"WebSite\",\"@id\":\"https:\/\/pagina10.com\/web\/#website\",\"url\":\"https:\/\/pagina10.com\/web\/\",\"name\":\"P\u00e1gina10\",\"description\":\"Peri\u00f3dico Regional\",\"publisher\":{\"@id\":\"https:\/\/pagina10.com\/web\/#organization\"},\"alternateName\":\"P\u00e1gina10 Peri\u00f3dico Regional\",\"potentialAction\":[{\"@type\":\"SearchAction\",\"target\":{\"@type\":\"EntryPoint\",\"urlTemplate\":\"https:\/\/pagina10.com\/web\/?s={search_term_string}\"},\"query-input\":{\"@type\":\"PropertyValueSpecification\",\"valueRequired\":true,\"valueName\":\"search_term_string\"}}],\"inLanguage\":\"es\"},{\"@type\":\"Organization\",\"@id\":\"https:\/\/pagina10.com\/web\/#organization\",\"name\":\"P\u00e1gina10\",\"alternateName\":\"P\u00e1gina10 Peri\u00f3dico Regional\",\"url\":\"https:\/\/pagina10.com\/web\/\",\"logo\":{\"@type\":\"ImageObject\",\"inLanguage\":\"es\",\"@id\":\"https:\/\/pagina10.com\/web\/#\/schema\/logo\/image\/\",\"url\":\"https:\/\/pagina10.com\/web\/wp-content\/uploads\/2024\/01\/40-pagina-10-periodico-regional-pasto.jpg\",\"contentUrl\":\"https:\/\/pagina10.com\/web\/wp-content\/uploads\/2024\/01\/40-pagina-10-periodico-regional-pasto.jpg\",\"width\":1280,\"height\":720,\"caption\":\"P\u00e1gina10\"},\"image\":{\"@id\":\"https:\/\/pagina10.com\/web\/#\/schema\/logo\/image\/\"},\"sameAs\":[\"https:\/\/www.facebook.com\/pag10com\",\"https:\/\/x.com\/Pag10com\",\"https:\/\/www.instagram.com\/pagina10col\/\",\"https:\/\/youtube.com\/channel\/pag10\",\"https:\/\/www.tiktok.com\/@p10col\"]},{\"@type\":\"Person\",\"@id\":\"https:\/\/pagina10.com\/web\/#\/schema\/person\/a7a5d38f0629dfc107f619fbae4f6cc3\",\"name\":\"P\u00e1gina 10\",\"description\":\"P\u00e1gina10.com es un peri\u00f3dico digital que nace en Colombia, en el departamento de Nari\u00f1o, con un enfoque global, fundamentado en cuatro pilares esenciales: la libertad, el pluralismo, la inclusi\u00f3n y la independencia. P\u00e1gina10.com hace referencia a Nari\u00f1o como el d\u00e9cimo departamento creado en Colombia, despu\u00e9s de un proceso pol\u00edtico liderado por actores y actrices regionales con el fin de obtener la independencia y autonom\u00eda de nuestros territorios. Con la creaci\u00f3n de P\u00e1gina10.com se pretende abrir un escenario para el dialogo, la reflexi\u00f3n y el debate que se extienda a otras geograf\u00edas de Am\u00e9rica Latina y del planeta, en una apuesta por transformar colectivamente los desaf\u00edos de un mundo contempor\u00e1neo, m\u00e1s all\u00e1 de las fronteras impuestas.\",\"url\":\"https:\/\/pagina10.com\/web\/author\/mcepeda\/\"}]}<\/script>\n<!-- \/ Yoast SEO plugin. -->","yoast_head_json":{"title":"Nasa confirma sospecha de agua en estado liquido en Marte | P\u00e1gina10","robots":{"index":"index","follow":"follow","max-snippet":"max-snippet:-1","max-image-preview":"max-image-preview:large","max-video-preview":"max-video-preview:-1"},"canonical":"https:\/\/pagina10.com\/web\/nasa-confirma-sospecha-de-agua-en-estado-liquido-en-marte\/","og_locale":"es_ES","og_type":"article","og_title":"Nasa confirma sospecha de agua en estado liquido en Marte | P\u00e1gina10","og_description":"Hace ya tiempo que se sospechaba, pero hasta ahora no hab\u00eda sido posible probarlo. Marte es a\u00fan capaz, hoy en d\u00eda, de albergar agua en estado l\u00edquido en su superficie. Un hecho que resulta de la m\u00e1xima importancia a la hora de comprender el complicado ciclo hidrol\u00f3gico del planeta. Pero tambi\u00e9n, y m\u00e1s importante, para [&hellip;]","og_url":"https:\/\/pagina10.com\/web\/nasa-confirma-sospecha-de-agua-en-estado-liquido-en-marte\/","og_site_name":"P\u00e1gina10","article_publisher":"https:\/\/www.facebook.com\/pag10com","article_published_time":"2015-09-28T19:59:45+00:00","og_image":[{"width":644,"height":362,"url":"https:\/\/pagina10.com\/web\/wp-content\/uploads\/2015\/09\/b56ddee5f769aa6fb340a30195fbe8e8.jpg","type":"image\/jpeg"}],"author":"P\u00e1gina 10","twitter_card":"summary_large_image","twitter_creator":"@Pag10com","twitter_site":"@Pag10com","twitter_misc":{"Escrito por":"P\u00e1gina 10","Tiempo de lectura":"5 minutos"},"schema":{"@context":"https:\/\/schema.org","@graph":[{"@type":"Article","@id":"https:\/\/pagina10.com\/web\/nasa-confirma-sospecha-de-agua-en-estado-liquido-en-marte\/#article","isPartOf":{"@id":"https:\/\/pagina10.com\/web\/nasa-confirma-sospecha-de-agua-en-estado-liquido-en-marte\/"},"author":{"name":"P\u00e1gina 10","@id":"https:\/\/pagina10.com\/web\/#\/schema\/person\/a7a5d38f0629dfc107f619fbae4f6cc3"},"headline":"Nasa confirma sospecha de agua en estado liquido en Marte","datePublished":"2015-09-28T19:59:45+00:00","mainEntityOfPage":{"@id":"https:\/\/pagina10.com\/web\/nasa-confirma-sospecha-de-agua-en-estado-liquido-en-marte\/"},"wordCount":917,"commentCount":0,"publisher":{"@id":"https:\/\/pagina10.com\/web\/#organization"},"image":{"@id":"https:\/\/pagina10.com\/web\/nasa-confirma-sospecha-de-agua-en-estado-liquido-en-marte\/#primaryimage"},"thumbnailUrl":"https:\/\/pagina10.com\/web\/wp-content\/uploads\/2015\/09\/b56ddee5f769aa6fb340a30195fbe8e8.jpg","inLanguage":"es","potentialAction":[{"@type":"CommentAction","name":"Comment","target":["https:\/\/pagina10.com\/web\/nasa-confirma-sospecha-de-agua-en-estado-liquido-en-marte\/#respond"]}]},{"@type":"WebPage","@id":"https:\/\/pagina10.com\/web\/nasa-confirma-sospecha-de-agua-en-estado-liquido-en-marte\/","url":"https:\/\/pagina10.com\/web\/nasa-confirma-sospecha-de-agua-en-estado-liquido-en-marte\/","name":"Nasa confirma sospecha de agua en estado liquido en Marte | P\u00e1gina10","isPartOf":{"@id":"https:\/\/pagina10.com\/web\/#website"},"primaryImageOfPage":{"@id":"https:\/\/pagina10.com\/web\/nasa-confirma-sospecha-de-agua-en-estado-liquido-en-marte\/#primaryimage"},"image":{"@id":"https:\/\/pagina10.com\/web\/nasa-confirma-sospecha-de-agua-en-estado-liquido-en-marte\/#primaryimage"},"thumbnailUrl":"https:\/\/pagina10.com\/web\/wp-content\/uploads\/2015\/09\/b56ddee5f769aa6fb340a30195fbe8e8.jpg","datePublished":"2015-09-28T19:59:45+00:00","breadcrumb":{"@id":"https:\/\/pagina10.com\/web\/nasa-confirma-sospecha-de-agua-en-estado-liquido-en-marte\/#breadcrumb"},"inLanguage":"es","potentialAction":[{"@type":"ReadAction","target":["https:\/\/pagina10.com\/web\/nasa-confirma-sospecha-de-agua-en-estado-liquido-en-marte\/"]}]},{"@type":"ImageObject","inLanguage":"es","@id":"https:\/\/pagina10.com\/web\/nasa-confirma-sospecha-de-agua-en-estado-liquido-en-marte\/#primaryimage","url":"https:\/\/pagina10.com\/web\/wp-content\/uploads\/2015\/09\/b56ddee5f769aa6fb340a30195fbe8e8.jpg","contentUrl":"https:\/\/pagina10.com\/web\/wp-content\/uploads\/2015\/09\/b56ddee5f769aa6fb340a30195fbe8e8.jpg","width":644,"height":362},{"@type":"BreadcrumbList","@id":"https:\/\/pagina10.com\/web\/nasa-confirma-sospecha-de-agua-en-estado-liquido-en-marte\/#breadcrumb","itemListElement":[{"@type":"ListItem","position":1,"name":"Portada","item":"https:\/\/pagina10.com\/web\/"},{"@type":"ListItem","position":2,"name":"Nasa confirma sospecha de agua en estado liquido en Marte"}]},{"@type":"WebSite","@id":"https:\/\/pagina10.com\/web\/#website","url":"https:\/\/pagina10.com\/web\/","name":"P\u00e1gina10","description":"Peri\u00f3dico Regional","publisher":{"@id":"https:\/\/pagina10.com\/web\/#organization"},"alternateName":"P\u00e1gina10 Peri\u00f3dico Regional","potentialAction":[{"@type":"SearchAction","target":{"@type":"EntryPoint","urlTemplate":"https:\/\/pagina10.com\/web\/?s={search_term_string}"},"query-input":{"@type":"PropertyValueSpecification","valueRequired":true,"valueName":"search_term_string"}}],"inLanguage":"es"},{"@type":"Organization","@id":"https:\/\/pagina10.com\/web\/#organization","name":"P\u00e1gina10","alternateName":"P\u00e1gina10 Peri\u00f3dico Regional","url":"https:\/\/pagina10.com\/web\/","logo":{"@type":"ImageObject","inLanguage":"es","@id":"https:\/\/pagina10.com\/web\/#\/schema\/logo\/image\/","url":"https:\/\/pagina10.com\/web\/wp-content\/uploads\/2024\/01\/40-pagina-10-periodico-regional-pasto.jpg","contentUrl":"https:\/\/pagina10.com\/web\/wp-content\/uploads\/2024\/01\/40-pagina-10-periodico-regional-pasto.jpg","width":1280,"height":720,"caption":"P\u00e1gina10"},"image":{"@id":"https:\/\/pagina10.com\/web\/#\/schema\/logo\/image\/"},"sameAs":["https:\/\/www.facebook.com\/pag10com","https:\/\/x.com\/Pag10com","https:\/\/www.instagram.com\/pagina10col\/","https:\/\/youtube.com\/channel\/pag10","https:\/\/www.tiktok.com\/@p10col"]},{"@type":"Person","@id":"https:\/\/pagina10.com\/web\/#\/schema\/person\/a7a5d38f0629dfc107f619fbae4f6cc3","name":"P\u00e1gina 10","description":"P\u00e1gina10.com es un peri\u00f3dico digital que nace en Colombia, en el departamento de Nari\u00f1o, con un enfoque global, fundamentado en cuatro pilares esenciales: la libertad, el pluralismo, la inclusi\u00f3n y la independencia. P\u00e1gina10.com hace referencia a Nari\u00f1o como el d\u00e9cimo departamento creado en Colombia, despu\u00e9s de un proceso pol\u00edtico liderado por actores y actrices regionales con el fin de obtener la independencia y autonom\u00eda de nuestros territorios. Con la creaci\u00f3n de P\u00e1gina10.com se pretende abrir un escenario para el dialogo, la reflexi\u00f3n y el debate que se extienda a otras geograf\u00edas de Am\u00e9rica Latina y del planeta, en una apuesta por transformar colectivamente los desaf\u00edos de un mundo contempor\u00e1neo, m\u00e1s all\u00e1 de las fronteras impuestas.","url":"https:\/\/pagina10.com\/web\/author\/mcepeda\/"}]}},"_links":{"self":[{"href":"https:\/\/pagina10.com\/web\/wp-json\/wp\/v2\/posts\/17895","targetHints":{"allow":["GET"]}}],"collection":[{"href":"https:\/\/pagina10.com\/web\/wp-json\/wp\/v2\/posts"}],"about":[{"href":"https:\/\/pagina10.com\/web\/wp-json\/wp\/v2\/types\/post"}],"author":[{"embeddable":true,"href":"https:\/\/pagina10.com\/web\/wp-json\/wp\/v2\/users\/29"}],"replies":[{"embeddable":true,"href":"https:\/\/pagina10.com\/web\/wp-json\/wp\/v2\/comments?post=17895"}],"version-history":[{"count":0,"href":"https:\/\/pagina10.com\/web\/wp-json\/wp\/v2\/posts\/17895\/revisions"}],"wp:featuredmedia":[{"embeddable":true,"href":"https:\/\/pagina10.com\/web\/wp-json\/wp\/v2\/media\/17894"}],"wp:attachment":[{"href":"https:\/\/pagina10.com\/web\/wp-json\/wp\/v2\/media?parent=17895"}],"wp:term":[{"taxonomy":"category","embeddable":true,"href":"https:\/\/pagina10.com\/web\/wp-json\/wp\/v2\/categories?post=17895"},{"taxonomy":"post_tag","embeddable":true,"href":"https:\/\/pagina10.com\/web\/wp-json\/wp\/v2\/tags?post=17895"}],"curies":[{"name":"wp","href":"https:\/\/api.w.org\/{rel}","templated":true}]}}