{"id":17897,"date":"2015-09-28T20:13:30","date_gmt":"2015-09-28T20:13:30","guid":{"rendered":"https:\/\/pagina10.com\/web\/personas-sufren-escasez-de-alimentos-en-narino\/"},"modified":"2015-09-28T20:13:30","modified_gmt":"2015-09-28T20:13:30","slug":"personas-sufren-escasez-de-alimentos-en-narino","status":"publish","type":"post","link":"https:\/\/pagina10.com\/web\/personas-sufren-escasez-de-alimentos-en-narino\/","title":{"rendered":"Personas sufren escasez de alimentos en Nari\u00f1o"},"content":{"rendered":"<p><img fetchpriority=\"high\" decoding=\"async\" class=\" size-full wp-image-17896\" src=\"https:\/\/pagina10.com\/web\/wp-content\/uploads\/2015\/09\/cf24ee82f87908865bc683b9ea44a628.jpg\" alt=\"\" width=\"730\" height=\"487\" srcset=\"https:\/\/pagina10.com\/web\/wp-content\/uploads\/2015\/09\/cf24ee82f87908865bc683b9ea44a628.jpg 730w, https:\/\/pagina10.com\/web\/wp-content\/uploads\/2015\/09\/cf24ee82f87908865bc683b9ea44a628-300x200.jpg 300w, https:\/\/pagina10.com\/web\/wp-content\/uploads\/2015\/09\/cf24ee82f87908865bc683b9ea44a628-450x300.jpg 450w\" sizes=\"(max-width: 730px) 100vw, 730px\" \/><\/p>\n<p style=\"text-align: justify;\">La ayuda humanitaria se est\u00e1 distribuyendo en diecisiete camiones entre unas 250 familias de Barbacoas (Nari\u00f1o, suroccidente de Colombia) que han visto restringida su movilidad por la presencia de actores armados en su territorio. M\u00e1s de 170 toneladas de insumos agr\u00edcolas se entregar\u00e1n hasta hoy en cuatro comunidades rurales.<\/p>\n<p style=\"text-align: justify;\">&#8220;Organizamos esta operaci\u00f3n humanitaria para aliviar a casi un millar de personas, la mitad de ellas ni\u00f1os y ni\u00f1as, que sobreviv\u00edan con solo una o dos comidas diarias y de muy mala calidad&#8221;, explic\u00f3 Giovanni Trambaiolo, jefe de la oficina del CICR en Pasto. &#8220;Estas familias hab\u00edan perdido su sustento, al no poder criar animales ni cultivar porque es peligroso alejarse de sus viviendas&#8221;.<\/p>\n<p style=\"text-align: justify;\">La ayuda que distribuye el CICR consiste en semillas, abonos e implementos para cultivar pl\u00e1tano, yuca y ca\u00f1a; gallinas ponedoras y concentrado para animales, as\u00ed como siete molinos para producir miel a partir de la ca\u00f1a. Durante los pr\u00f3ximos ocho meses, t\u00e9cnicos del CICR continuar\u00e1n visitando la zona y brindar\u00e1n capacitaci\u00f3n sobre preparaci\u00f3n de suelos, siembra, manejo de plagas y enfermedades, y cr\u00eda de animales.<\/p>\n<p style=\"text-align: justify;\">Gracias a esta ayuda, las familias tienen asegurada su alimentaci\u00f3n por alrededor de un a\u00f1o. Sin embargo, es urgente que todos los portadores de armas comprendan la importancia de respetar a la poblaci\u00f3n y le permitan acceder a los alimentos y los bienes de primera necesidad.<\/p>\n","protected":false},"excerpt":{"rendered":"<p>La ayuda humanitaria se est\u00e1 distribuyendo en diecisiete camiones entre unas 250 familias de Barbacoas (Nari\u00f1o, suroccidente de Colombia) que han visto restringida su movilidad por la presencia de actores armados en su territorio. M\u00e1s de 170 toneladas de insumos agr\u00edcolas se entregar\u00e1n hasta hoy en cuatro comunidades rurales. &#8220;Organizamos esta operaci\u00f3n humanitaria para aliviar [&hellip;]<\/p>\n","protected":false},"author":29,"featured_media":17896,"comment_status":"open","ping_status":"open","sticky":false,"template":"","format":"standard","meta":{"footnotes":""},"categories":[1],"tags":[],"class_list":["post-17897","post","type-post","status-publish","format-standard","has-post-thumbnail","hentry","category-sin-categoria"],"yoast_head":"<!-- This site is optimized with the Yoast SEO plugin v27.1.1 - https:\/\/yoast.com\/product\/yoast-seo-wordpress\/ -->\n<title>Personas sufren escasez de alimentos en Nari\u00f1o | P\u00e1gina10<\/title>\n<meta name=\"robots\" content=\"index, follow, max-snippet:-1, max-image-preview:large, max-video-preview:-1\" \/>\n<link rel=\"canonical\" href=\"https:\/\/pagina10.com\/web\/personas-sufren-escasez-de-alimentos-en-narino\/\" \/>\n<meta property=\"og:locale\" content=\"es_ES\" \/>\n<meta property=\"og:type\" content=\"article\" \/>\n<meta property=\"og:title\" content=\"Personas sufren escasez de alimentos en Nari\u00f1o | P\u00e1gina10\" \/>\n<meta property=\"og:description\" content=\"La ayuda humanitaria se est\u00e1 distribuyendo en diecisiete camiones entre unas 250 familias de Barbacoas (Nari\u00f1o, suroccidente de Colombia) que han visto restringida su movilidad por la presencia de actores armados en su territorio. M\u00e1s de 170 toneladas de insumos agr\u00edcolas se entregar\u00e1n hasta hoy en cuatro comunidades rurales. &#8220;Organizamos esta operaci\u00f3n humanitaria para aliviar [&hellip;]\" \/>\n<meta property=\"og:url\" content=\"https:\/\/pagina10.com\/web\/personas-sufren-escasez-de-alimentos-en-narino\/\" \/>\n<meta property=\"og:site_name\" content=\"P\u00e1gina10\" \/>\n<meta property=\"article:publisher\" content=\"https:\/\/www.facebook.com\/pag10com\" \/>\n<meta property=\"article:published_time\" content=\"2015-09-28T20:13:30+00:00\" \/>\n<meta property=\"og:image\" content=\"https:\/\/pagina10.com\/web\/wp-content\/uploads\/2015\/09\/cf24ee82f87908865bc683b9ea44a628.jpg\" \/>\n\t<meta property=\"og:image:width\" content=\"730\" \/>\n\t<meta property=\"og:image:height\" content=\"487\" \/>\n\t<meta property=\"og:image:type\" content=\"image\/jpeg\" \/>\n<meta name=\"author\" content=\"P\u00e1gina 10\" \/>\n<meta name=\"twitter:card\" content=\"summary_large_image\" \/>\n<meta name=\"twitter:creator\" content=\"@Pag10com\" \/>\n<meta name=\"twitter:site\" content=\"@Pag10com\" \/>\n<meta name=\"twitter:label1\" content=\"Escrito por\" \/>\n\t<meta name=\"twitter:data1\" content=\"P\u00e1gina 10\" \/>\n\t<meta name=\"twitter:label2\" content=\"Tiempo de lectura\" \/>\n\t<meta name=\"twitter:data2\" content=\"1 minuto\" \/>\n<script type=\"application\/ld+json\" class=\"yoast-schema-graph\">{\"@context\":\"https:\/\/schema.org\",\"@graph\":[{\"@type\":\"Article\",\"@id\":\"https:\/\/pagina10.com\/web\/personas-sufren-escasez-de-alimentos-en-narino\/#article\",\"isPartOf\":{\"@id\":\"https:\/\/pagina10.com\/web\/personas-sufren-escasez-de-alimentos-en-narino\/\"},\"author\":{\"name\":\"P\u00e1gina 10\",\"@id\":\"https:\/\/pagina10.com\/web\/#\/schema\/person\/a7a5d38f0629dfc107f619fbae4f6cc3\"},\"headline\":\"Personas sufren escasez de alimentos en Nari\u00f1o\",\"datePublished\":\"2015-09-28T20:13:30+00:00\",\"mainEntityOfPage\":{\"@id\":\"https:\/\/pagina10.com\/web\/personas-sufren-escasez-de-alimentos-en-narino\/\"},\"wordCount\":252,\"commentCount\":0,\"publisher\":{\"@id\":\"https:\/\/pagina10.com\/web\/#organization\"},\"image\":{\"@id\":\"https:\/\/pagina10.com\/web\/personas-sufren-escasez-de-alimentos-en-narino\/#primaryimage\"},\"thumbnailUrl\":\"https:\/\/pagina10.com\/web\/wp-content\/uploads\/2015\/09\/cf24ee82f87908865bc683b9ea44a628.jpg\",\"inLanguage\":\"es\",\"potentialAction\":[{\"@type\":\"CommentAction\",\"name\":\"Comment\",\"target\":[\"https:\/\/pagina10.com\/web\/personas-sufren-escasez-de-alimentos-en-narino\/#respond\"]}]},{\"@type\":\"WebPage\",\"@id\":\"https:\/\/pagina10.com\/web\/personas-sufren-escasez-de-alimentos-en-narino\/\",\"url\":\"https:\/\/pagina10.com\/web\/personas-sufren-escasez-de-alimentos-en-narino\/\",\"name\":\"Personas sufren escasez de alimentos en Nari\u00f1o | P\u00e1gina10\",\"isPartOf\":{\"@id\":\"https:\/\/pagina10.com\/web\/#website\"},\"primaryImageOfPage\":{\"@id\":\"https:\/\/pagina10.com\/web\/personas-sufren-escasez-de-alimentos-en-narino\/#primaryimage\"},\"image\":{\"@id\":\"https:\/\/pagina10.com\/web\/personas-sufren-escasez-de-alimentos-en-narino\/#primaryimage\"},\"thumbnailUrl\":\"https:\/\/pagina10.com\/web\/wp-content\/uploads\/2015\/09\/cf24ee82f87908865bc683b9ea44a628.jpg\",\"datePublished\":\"2015-09-28T20:13:30+00:00\",\"breadcrumb\":{\"@id\":\"https:\/\/pagina10.com\/web\/personas-sufren-escasez-de-alimentos-en-narino\/#breadcrumb\"},\"inLanguage\":\"es\",\"potentialAction\":[{\"@type\":\"ReadAction\",\"target\":[\"https:\/\/pagina10.com\/web\/personas-sufren-escasez-de-alimentos-en-narino\/\"]}]},{\"@type\":\"ImageObject\",\"inLanguage\":\"es\",\"@id\":\"https:\/\/pagina10.com\/web\/personas-sufren-escasez-de-alimentos-en-narino\/#primaryimage\",\"url\":\"https:\/\/pagina10.com\/web\/wp-content\/uploads\/2015\/09\/cf24ee82f87908865bc683b9ea44a628.jpg\",\"contentUrl\":\"https:\/\/pagina10.com\/web\/wp-content\/uploads\/2015\/09\/cf24ee82f87908865bc683b9ea44a628.jpg\",\"width\":730,\"height\":487},{\"@type\":\"BreadcrumbList\",\"@id\":\"https:\/\/pagina10.com\/web\/personas-sufren-escasez-de-alimentos-en-narino\/#breadcrumb\",\"itemListElement\":[{\"@type\":\"ListItem\",\"position\":1,\"name\":\"Portada\",\"item\":\"https:\/\/pagina10.com\/web\/\"},{\"@type\":\"ListItem\",\"position\":2,\"name\":\"Personas sufren escasez de alimentos en Nari\u00f1o\"}]},{\"@type\":\"WebSite\",\"@id\":\"https:\/\/pagina10.com\/web\/#website\",\"url\":\"https:\/\/pagina10.com\/web\/\",\"name\":\"P\u00e1gina10\",\"description\":\"Peri\u00f3dico Regional\",\"publisher\":{\"@id\":\"https:\/\/pagina10.com\/web\/#organization\"},\"alternateName\":\"P\u00e1gina10 Peri\u00f3dico Regional\",\"potentialAction\":[{\"@type\":\"SearchAction\",\"target\":{\"@type\":\"EntryPoint\",\"urlTemplate\":\"https:\/\/pagina10.com\/web\/?s={search_term_string}\"},\"query-input\":{\"@type\":\"PropertyValueSpecification\",\"valueRequired\":true,\"valueName\":\"search_term_string\"}}],\"inLanguage\":\"es\"},{\"@type\":\"Organization\",\"@id\":\"https:\/\/pagina10.com\/web\/#organization\",\"name\":\"P\u00e1gina10\",\"alternateName\":\"P\u00e1gina10 Peri\u00f3dico Regional\",\"url\":\"https:\/\/pagina10.com\/web\/\",\"logo\":{\"@type\":\"ImageObject\",\"inLanguage\":\"es\",\"@id\":\"https:\/\/pagina10.com\/web\/#\/schema\/logo\/image\/\",\"url\":\"https:\/\/pagina10.com\/web\/wp-content\/uploads\/2024\/01\/40-pagina-10-periodico-regional-pasto.jpg\",\"contentUrl\":\"https:\/\/pagina10.com\/web\/wp-content\/uploads\/2024\/01\/40-pagina-10-periodico-regional-pasto.jpg\",\"width\":1280,\"height\":720,\"caption\":\"P\u00e1gina10\"},\"image\":{\"@id\":\"https:\/\/pagina10.com\/web\/#\/schema\/logo\/image\/\"},\"sameAs\":[\"https:\/\/www.facebook.com\/pag10com\",\"https:\/\/x.com\/Pag10com\",\"https:\/\/www.instagram.com\/pagina10col\/\",\"https:\/\/youtube.com\/channel\/pag10\",\"https:\/\/www.tiktok.com\/@p10col\"]},{\"@type\":\"Person\",\"@id\":\"https:\/\/pagina10.com\/web\/#\/schema\/person\/a7a5d38f0629dfc107f619fbae4f6cc3\",\"name\":\"P\u00e1gina 10\",\"description\":\"P\u00e1gina10.com es un peri\u00f3dico digital que nace en Colombia, en el departamento de Nari\u00f1o, con un enfoque global, fundamentado en cuatro pilares esenciales: la libertad, el pluralismo, la inclusi\u00f3n y la independencia. P\u00e1gina10.com hace referencia a Nari\u00f1o como el d\u00e9cimo departamento creado en Colombia, despu\u00e9s de un proceso pol\u00edtico liderado por actores y actrices regionales con el fin de obtener la independencia y autonom\u00eda de nuestros territorios. Con la creaci\u00f3n de P\u00e1gina10.com se pretende abrir un escenario para el dialogo, la reflexi\u00f3n y el debate que se extienda a otras geograf\u00edas de Am\u00e9rica Latina y del planeta, en una apuesta por transformar colectivamente los desaf\u00edos de un mundo contempor\u00e1neo, m\u00e1s all\u00e1 de las fronteras impuestas.\",\"url\":\"https:\/\/pagina10.com\/web\/author\/mcepeda\/\"}]}<\/script>\n<!-- \/ Yoast SEO plugin. -->","yoast_head_json":{"title":"Personas sufren escasez de alimentos en Nari\u00f1o | P\u00e1gina10","robots":{"index":"index","follow":"follow","max-snippet":"max-snippet:-1","max-image-preview":"max-image-preview:large","max-video-preview":"max-video-preview:-1"},"canonical":"https:\/\/pagina10.com\/web\/personas-sufren-escasez-de-alimentos-en-narino\/","og_locale":"es_ES","og_type":"article","og_title":"Personas sufren escasez de alimentos en Nari\u00f1o | P\u00e1gina10","og_description":"La ayuda humanitaria se est\u00e1 distribuyendo en diecisiete camiones entre unas 250 familias de Barbacoas (Nari\u00f1o, suroccidente de Colombia) que han visto restringida su movilidad por la presencia de actores armados en su territorio. M\u00e1s de 170 toneladas de insumos agr\u00edcolas se entregar\u00e1n hasta hoy en cuatro comunidades rurales. &#8220;Organizamos esta operaci\u00f3n humanitaria para aliviar [&hellip;]","og_url":"https:\/\/pagina10.com\/web\/personas-sufren-escasez-de-alimentos-en-narino\/","og_site_name":"P\u00e1gina10","article_publisher":"https:\/\/www.facebook.com\/pag10com","article_published_time":"2015-09-28T20:13:30+00:00","og_image":[{"width":730,"height":487,"url":"https:\/\/pagina10.com\/web\/wp-content\/uploads\/2015\/09\/cf24ee82f87908865bc683b9ea44a628.jpg","type":"image\/jpeg"}],"author":"P\u00e1gina 10","twitter_card":"summary_large_image","twitter_creator":"@Pag10com","twitter_site":"@Pag10com","twitter_misc":{"Escrito por":"P\u00e1gina 10","Tiempo de lectura":"1 minuto"},"schema":{"@context":"https:\/\/schema.org","@graph":[{"@type":"Article","@id":"https:\/\/pagina10.com\/web\/personas-sufren-escasez-de-alimentos-en-narino\/#article","isPartOf":{"@id":"https:\/\/pagina10.com\/web\/personas-sufren-escasez-de-alimentos-en-narino\/"},"author":{"name":"P\u00e1gina 10","@id":"https:\/\/pagina10.com\/web\/#\/schema\/person\/a7a5d38f0629dfc107f619fbae4f6cc3"},"headline":"Personas sufren escasez de alimentos en Nari\u00f1o","datePublished":"2015-09-28T20:13:30+00:00","mainEntityOfPage":{"@id":"https:\/\/pagina10.com\/web\/personas-sufren-escasez-de-alimentos-en-narino\/"},"wordCount":252,"commentCount":0,"publisher":{"@id":"https:\/\/pagina10.com\/web\/#organization"},"image":{"@id":"https:\/\/pagina10.com\/web\/personas-sufren-escasez-de-alimentos-en-narino\/#primaryimage"},"thumbnailUrl":"https:\/\/pagina10.com\/web\/wp-content\/uploads\/2015\/09\/cf24ee82f87908865bc683b9ea44a628.jpg","inLanguage":"es","potentialAction":[{"@type":"CommentAction","name":"Comment","target":["https:\/\/pagina10.com\/web\/personas-sufren-escasez-de-alimentos-en-narino\/#respond"]}]},{"@type":"WebPage","@id":"https:\/\/pagina10.com\/web\/personas-sufren-escasez-de-alimentos-en-narino\/","url":"https:\/\/pagina10.com\/web\/personas-sufren-escasez-de-alimentos-en-narino\/","name":"Personas sufren escasez de alimentos en Nari\u00f1o | P\u00e1gina10","isPartOf":{"@id":"https:\/\/pagina10.com\/web\/#website"},"primaryImageOfPage":{"@id":"https:\/\/pagina10.com\/web\/personas-sufren-escasez-de-alimentos-en-narino\/#primaryimage"},"image":{"@id":"https:\/\/pagina10.com\/web\/personas-sufren-escasez-de-alimentos-en-narino\/#primaryimage"},"thumbnailUrl":"https:\/\/pagina10.com\/web\/wp-content\/uploads\/2015\/09\/cf24ee82f87908865bc683b9ea44a628.jpg","datePublished":"2015-09-28T20:13:30+00:00","breadcrumb":{"@id":"https:\/\/pagina10.com\/web\/personas-sufren-escasez-de-alimentos-en-narino\/#breadcrumb"},"inLanguage":"es","potentialAction":[{"@type":"ReadAction","target":["https:\/\/pagina10.com\/web\/personas-sufren-escasez-de-alimentos-en-narino\/"]}]},{"@type":"ImageObject","inLanguage":"es","@id":"https:\/\/pagina10.com\/web\/personas-sufren-escasez-de-alimentos-en-narino\/#primaryimage","url":"https:\/\/pagina10.com\/web\/wp-content\/uploads\/2015\/09\/cf24ee82f87908865bc683b9ea44a628.jpg","contentUrl":"https:\/\/pagina10.com\/web\/wp-content\/uploads\/2015\/09\/cf24ee82f87908865bc683b9ea44a628.jpg","width":730,"height":487},{"@type":"BreadcrumbList","@id":"https:\/\/pagina10.com\/web\/personas-sufren-escasez-de-alimentos-en-narino\/#breadcrumb","itemListElement":[{"@type":"ListItem","position":1,"name":"Portada","item":"https:\/\/pagina10.com\/web\/"},{"@type":"ListItem","position":2,"name":"Personas sufren escasez de alimentos en Nari\u00f1o"}]},{"@type":"WebSite","@id":"https:\/\/pagina10.com\/web\/#website","url":"https:\/\/pagina10.com\/web\/","name":"P\u00e1gina10","description":"Peri\u00f3dico Regional","publisher":{"@id":"https:\/\/pagina10.com\/web\/#organization"},"alternateName":"P\u00e1gina10 Peri\u00f3dico Regional","potentialAction":[{"@type":"SearchAction","target":{"@type":"EntryPoint","urlTemplate":"https:\/\/pagina10.com\/web\/?s={search_term_string}"},"query-input":{"@type":"PropertyValueSpecification","valueRequired":true,"valueName":"search_term_string"}}],"inLanguage":"es"},{"@type":"Organization","@id":"https:\/\/pagina10.com\/web\/#organization","name":"P\u00e1gina10","alternateName":"P\u00e1gina10 Peri\u00f3dico Regional","url":"https:\/\/pagina10.com\/web\/","logo":{"@type":"ImageObject","inLanguage":"es","@id":"https:\/\/pagina10.com\/web\/#\/schema\/logo\/image\/","url":"https:\/\/pagina10.com\/web\/wp-content\/uploads\/2024\/01\/40-pagina-10-periodico-regional-pasto.jpg","contentUrl":"https:\/\/pagina10.com\/web\/wp-content\/uploads\/2024\/01\/40-pagina-10-periodico-regional-pasto.jpg","width":1280,"height":720,"caption":"P\u00e1gina10"},"image":{"@id":"https:\/\/pagina10.com\/web\/#\/schema\/logo\/image\/"},"sameAs":["https:\/\/www.facebook.com\/pag10com","https:\/\/x.com\/Pag10com","https:\/\/www.instagram.com\/pagina10col\/","https:\/\/youtube.com\/channel\/pag10","https:\/\/www.tiktok.com\/@p10col"]},{"@type":"Person","@id":"https:\/\/pagina10.com\/web\/#\/schema\/person\/a7a5d38f0629dfc107f619fbae4f6cc3","name":"P\u00e1gina 10","description":"P\u00e1gina10.com es un peri\u00f3dico digital que nace en Colombia, en el departamento de Nari\u00f1o, con un enfoque global, fundamentado en cuatro pilares esenciales: la libertad, el pluralismo, la inclusi\u00f3n y la independencia. P\u00e1gina10.com hace referencia a Nari\u00f1o como el d\u00e9cimo departamento creado en Colombia, despu\u00e9s de un proceso pol\u00edtico liderado por actores y actrices regionales con el fin de obtener la independencia y autonom\u00eda de nuestros territorios. Con la creaci\u00f3n de P\u00e1gina10.com se pretende abrir un escenario para el dialogo, la reflexi\u00f3n y el debate que se extienda a otras geograf\u00edas de Am\u00e9rica Latina y del planeta, en una apuesta por transformar colectivamente los desaf\u00edos de un mundo contempor\u00e1neo, m\u00e1s all\u00e1 de las fronteras impuestas.","url":"https:\/\/pagina10.com\/web\/author\/mcepeda\/"}]}},"_links":{"self":[{"href":"https:\/\/pagina10.com\/web\/wp-json\/wp\/v2\/posts\/17897","targetHints":{"allow":["GET"]}}],"collection":[{"href":"https:\/\/pagina10.com\/web\/wp-json\/wp\/v2\/posts"}],"about":[{"href":"https:\/\/pagina10.com\/web\/wp-json\/wp\/v2\/types\/post"}],"author":[{"embeddable":true,"href":"https:\/\/pagina10.com\/web\/wp-json\/wp\/v2\/users\/29"}],"replies":[{"embeddable":true,"href":"https:\/\/pagina10.com\/web\/wp-json\/wp\/v2\/comments?post=17897"}],"version-history":[{"count":0,"href":"https:\/\/pagina10.com\/web\/wp-json\/wp\/v2\/posts\/17897\/revisions"}],"wp:featuredmedia":[{"embeddable":true,"href":"https:\/\/pagina10.com\/web\/wp-json\/wp\/v2\/media\/17896"}],"wp:attachment":[{"href":"https:\/\/pagina10.com\/web\/wp-json\/wp\/v2\/media?parent=17897"}],"wp:term":[{"taxonomy":"category","embeddable":true,"href":"https:\/\/pagina10.com\/web\/wp-json\/wp\/v2\/categories?post=17897"},{"taxonomy":"post_tag","embeddable":true,"href":"https:\/\/pagina10.com\/web\/wp-json\/wp\/v2\/tags?post=17897"}],"curies":[{"name":"wp","href":"https:\/\/api.w.org\/{rel}","templated":true}]}}