{"id":17901,"date":"2015-09-29T01:48:12","date_gmt":"2015-09-29T01:48:12","guid":{"rendered":"https:\/\/pagina10.com\/web\/29-de-septiembre-dia-mundial-del-corazon\/"},"modified":"2015-09-29T01:48:12","modified_gmt":"2015-09-29T01:48:12","slug":"29-de-septiembre-dia-mundial-del-corazon","status":"publish","type":"post","link":"https:\/\/pagina10.com\/web\/29-de-septiembre-dia-mundial-del-corazon\/","title":{"rendered":"29 de Septiembre, d\u00eda mundial del coraz\u00f3n"},"content":{"rendered":"<p><img fetchpriority=\"high\" decoding=\"async\" class=\" size-full wp-image-17900\" src=\"https:\/\/pagina10.com\/web\/wp-content\/uploads\/2015\/09\/f2923d28af321a6b2304f407777b0f9e.jpg\" alt=\"\" width=\"940\" height=\"300\" srcset=\"https:\/\/pagina10.com\/web\/wp-content\/uploads\/2015\/09\/f2923d28af321a6b2304f407777b0f9e.jpg 940w, https:\/\/pagina10.com\/web\/wp-content\/uploads\/2015\/09\/f2923d28af321a6b2304f407777b0f9e-300x96.jpg 300w, https:\/\/pagina10.com\/web\/wp-content\/uploads\/2015\/09\/f2923d28af321a6b2304f407777b0f9e-768x245.jpg 768w\" sizes=\"(max-width: 940px) 100vw, 940px\" \/><\/p>\n<p style=\"text-align: justify;\">El 29 de Septiembre es la fecha designada por la Organizaci\u00f3n Mundial de la Salud-OMS y acompa\u00f1ada por la Federaci\u00f3n Mundial del Coraz\u00f3n (FMC) para conmemorar el D\u00eda Mundial del Coraz\u00f3n, con el fin de brindar informaci\u00f3n a la poblaci\u00f3n acerca de los factores de riesgos de las enfermedades cardiovasculares como el infarto de miocardio, una de las causas de morbimortalidad en el mundo.<\/p>\n<p style=\"text-align: justify;\">Algunos h\u00e1bitos poco saludables como el estr\u00e9s, sedentarismo, comidas con mucha grasa, sal y tabaquismo son algunas de sus principales causas de las enfermedades cardiovasculares, de all\u00ed que el llamado est\u00e1 orientado a modificar comportamientos, adoptar y mantener h\u00e1bitos y estilos que generen bienestar en la salud como la actividad f\u00edsica, la alimentaci\u00f3n saludable (frutas y verduras frescas, cereales integrales, semillas, pescado), y la prevenci\u00f3n del consumo de tabaco y alcohol, expres\u00f3 la Directora del IDSN Elizabeth Trujillo Montalvo.<\/p>\n<p style=\"text-align: justify;\">Seg\u00fan la OMS se calcula que en el a\u00f1o 2012 murieron 17.5 millones de personas por causa de enfermedades cardiovasculares, lo cual representa un 31% de todas las muertes registradas en el mundo. De estas muertes, 7.4 millones se debieron a la cardiopat\u00eda coronaria, y 6.7 millones a los accidentes vasculares cerebrales- AVC.<\/p>\n<p style=\"text-align: justify;\">Los datos estad\u00edsticos en Nari\u00f1o revelan a trav\u00e9s de la Oficina de Epidemiolog\u00eda del IDSN, que las enfermedades cardio-vasculares como el infarto agudo del miocardio, la hipertensi\u00f3n cardiaca y arterial, y el accidente cerebro vascular, son la primera causa de mortalidad en el departamento y contribuyen con el 12 % de la carga de enfermedad.( A\u00f1os de Vida Potencialmente Perdidos).<\/p>\n<p style=\"text-align: justify;\">Al respecto, el IDSN en cumplimiento del Plan Decenal de Salud Publica 2012 \u2013 2021 en la Dimensi\u00f3n Vida Saludable y Condiciones No Transmisibles, contin\u00faa implementando el Modelo de Atenci\u00f3n Integral para la Prevenci\u00f3n del Riesgo Cardiovascular, promoviendo la promoci\u00f3n y el fomento de los h\u00e1bitos y estilos de vida saludable, y la prevenci\u00f3n y atenci\u00f3n de enfermedades cr\u00f3nicas no trasmisibles de inter\u00e9s en Salud P\u00fablica, mediante un trabajo interinstitucional con las DLS, E.S.E.s e I.P.S.s, y a nivel intersectorial, con representantes de la sociedad cient\u00edfica y las comunidades de los 64 municipios del departamento.<\/p>\n","protected":false},"excerpt":{"rendered":"<p>El 29 de Septiembre es la fecha designada por la Organizaci\u00f3n Mundial de la Salud-OMS y acompa\u00f1ada por la Federaci\u00f3n Mundial del Coraz\u00f3n (FMC) para conmemorar el D\u00eda Mundial del Coraz\u00f3n, con el fin de brindar informaci\u00f3n a la poblaci\u00f3n acerca de los factores de riesgos de las enfermedades cardiovasculares como el infarto de miocardio, [&hellip;]<\/p>\n","protected":false},"author":29,"featured_media":17900,"comment_status":"open","ping_status":"open","sticky":false,"template":"","format":"standard","meta":{"footnotes":""},"categories":[1],"tags":[],"class_list":["post-17901","post","type-post","status-publish","format-standard","has-post-thumbnail","hentry","category-sin-categoria"],"yoast_head":"<!-- This site is optimized with the Yoast SEO plugin v27.1.1 - https:\/\/yoast.com\/product\/yoast-seo-wordpress\/ -->\n<title>29 de Septiembre, d\u00eda mundial del coraz\u00f3n | P\u00e1gina10<\/title>\n<meta name=\"robots\" content=\"index, follow, max-snippet:-1, max-image-preview:large, max-video-preview:-1\" \/>\n<link rel=\"canonical\" href=\"https:\/\/pagina10.com\/web\/29-de-septiembre-dia-mundial-del-corazon\/\" \/>\n<meta property=\"og:locale\" content=\"es_ES\" \/>\n<meta property=\"og:type\" content=\"article\" \/>\n<meta property=\"og:title\" content=\"29 de Septiembre, d\u00eda mundial del coraz\u00f3n | P\u00e1gina10\" \/>\n<meta property=\"og:description\" content=\"El 29 de Septiembre es la fecha designada por la Organizaci\u00f3n Mundial de la Salud-OMS y acompa\u00f1ada por la Federaci\u00f3n Mundial del Coraz\u00f3n (FMC) para conmemorar el D\u00eda Mundial del Coraz\u00f3n, con el fin de brindar informaci\u00f3n a la poblaci\u00f3n acerca de los factores de riesgos de las enfermedades cardiovasculares como el infarto de miocardio, [&hellip;]\" \/>\n<meta property=\"og:url\" content=\"https:\/\/pagina10.com\/web\/29-de-septiembre-dia-mundial-del-corazon\/\" \/>\n<meta property=\"og:site_name\" content=\"P\u00e1gina10\" \/>\n<meta property=\"article:publisher\" content=\"https:\/\/www.facebook.com\/pag10com\" \/>\n<meta property=\"article:published_time\" content=\"2015-09-29T01:48:12+00:00\" \/>\n<meta property=\"og:image\" content=\"https:\/\/pagina10.com\/web\/wp-content\/uploads\/2015\/09\/f2923d28af321a6b2304f407777b0f9e.jpg\" \/>\n\t<meta property=\"og:image:width\" content=\"940\" \/>\n\t<meta property=\"og:image:height\" content=\"300\" \/>\n\t<meta property=\"og:image:type\" content=\"image\/jpeg\" \/>\n<meta name=\"author\" content=\"P\u00e1gina 10\" \/>\n<meta name=\"twitter:card\" content=\"summary_large_image\" \/>\n<meta name=\"twitter:creator\" content=\"@Pag10com\" \/>\n<meta name=\"twitter:site\" content=\"@Pag10com\" \/>\n<meta name=\"twitter:label1\" content=\"Escrito por\" \/>\n\t<meta name=\"twitter:data1\" content=\"P\u00e1gina 10\" \/>\n\t<meta name=\"twitter:label2\" content=\"Tiempo de lectura\" \/>\n\t<meta name=\"twitter:data2\" content=\"2 minutos\" \/>\n<script type=\"application\/ld+json\" class=\"yoast-schema-graph\">{\"@context\":\"https:\/\/schema.org\",\"@graph\":[{\"@type\":\"Article\",\"@id\":\"https:\/\/pagina10.com\/web\/29-de-septiembre-dia-mundial-del-corazon\/#article\",\"isPartOf\":{\"@id\":\"https:\/\/pagina10.com\/web\/29-de-septiembre-dia-mundial-del-corazon\/\"},\"author\":{\"name\":\"P\u00e1gina 10\",\"@id\":\"https:\/\/pagina10.com\/web\/#\/schema\/person\/a7a5d38f0629dfc107f619fbae4f6cc3\"},\"headline\":\"29 de Septiembre, d\u00eda mundial del coraz\u00f3n\",\"datePublished\":\"2015-09-29T01:48:12+00:00\",\"mainEntityOfPage\":{\"@id\":\"https:\/\/pagina10.com\/web\/29-de-septiembre-dia-mundial-del-corazon\/\"},\"wordCount\":388,\"commentCount\":0,\"publisher\":{\"@id\":\"https:\/\/pagina10.com\/web\/#organization\"},\"image\":{\"@id\":\"https:\/\/pagina10.com\/web\/29-de-septiembre-dia-mundial-del-corazon\/#primaryimage\"},\"thumbnailUrl\":\"https:\/\/pagina10.com\/web\/wp-content\/uploads\/2015\/09\/f2923d28af321a6b2304f407777b0f9e.jpg\",\"inLanguage\":\"es\",\"potentialAction\":[{\"@type\":\"CommentAction\",\"name\":\"Comment\",\"target\":[\"https:\/\/pagina10.com\/web\/29-de-septiembre-dia-mundial-del-corazon\/#respond\"]}]},{\"@type\":\"WebPage\",\"@id\":\"https:\/\/pagina10.com\/web\/29-de-septiembre-dia-mundial-del-corazon\/\",\"url\":\"https:\/\/pagina10.com\/web\/29-de-septiembre-dia-mundial-del-corazon\/\",\"name\":\"29 de Septiembre, d\u00eda mundial del coraz\u00f3n | P\u00e1gina10\",\"isPartOf\":{\"@id\":\"https:\/\/pagina10.com\/web\/#website\"},\"primaryImageOfPage\":{\"@id\":\"https:\/\/pagina10.com\/web\/29-de-septiembre-dia-mundial-del-corazon\/#primaryimage\"},\"image\":{\"@id\":\"https:\/\/pagina10.com\/web\/29-de-septiembre-dia-mundial-del-corazon\/#primaryimage\"},\"thumbnailUrl\":\"https:\/\/pagina10.com\/web\/wp-content\/uploads\/2015\/09\/f2923d28af321a6b2304f407777b0f9e.jpg\",\"datePublished\":\"2015-09-29T01:48:12+00:00\",\"breadcrumb\":{\"@id\":\"https:\/\/pagina10.com\/web\/29-de-septiembre-dia-mundial-del-corazon\/#breadcrumb\"},\"inLanguage\":\"es\",\"potentialAction\":[{\"@type\":\"ReadAction\",\"target\":[\"https:\/\/pagina10.com\/web\/29-de-septiembre-dia-mundial-del-corazon\/\"]}]},{\"@type\":\"ImageObject\",\"inLanguage\":\"es\",\"@id\":\"https:\/\/pagina10.com\/web\/29-de-septiembre-dia-mundial-del-corazon\/#primaryimage\",\"url\":\"https:\/\/pagina10.com\/web\/wp-content\/uploads\/2015\/09\/f2923d28af321a6b2304f407777b0f9e.jpg\",\"contentUrl\":\"https:\/\/pagina10.com\/web\/wp-content\/uploads\/2015\/09\/f2923d28af321a6b2304f407777b0f9e.jpg\",\"width\":940,\"height\":300},{\"@type\":\"BreadcrumbList\",\"@id\":\"https:\/\/pagina10.com\/web\/29-de-septiembre-dia-mundial-del-corazon\/#breadcrumb\",\"itemListElement\":[{\"@type\":\"ListItem\",\"position\":1,\"name\":\"Portada\",\"item\":\"https:\/\/pagina10.com\/web\/\"},{\"@type\":\"ListItem\",\"position\":2,\"name\":\"29 de Septiembre, d\u00eda mundial del coraz\u00f3n\"}]},{\"@type\":\"WebSite\",\"@id\":\"https:\/\/pagina10.com\/web\/#website\",\"url\":\"https:\/\/pagina10.com\/web\/\",\"name\":\"P\u00e1gina10\",\"description\":\"Peri\u00f3dico Regional\",\"publisher\":{\"@id\":\"https:\/\/pagina10.com\/web\/#organization\"},\"alternateName\":\"P\u00e1gina10 Peri\u00f3dico Regional\",\"potentialAction\":[{\"@type\":\"SearchAction\",\"target\":{\"@type\":\"EntryPoint\",\"urlTemplate\":\"https:\/\/pagina10.com\/web\/?s={search_term_string}\"},\"query-input\":{\"@type\":\"PropertyValueSpecification\",\"valueRequired\":true,\"valueName\":\"search_term_string\"}}],\"inLanguage\":\"es\"},{\"@type\":\"Organization\",\"@id\":\"https:\/\/pagina10.com\/web\/#organization\",\"name\":\"P\u00e1gina10\",\"alternateName\":\"P\u00e1gina10 Peri\u00f3dico Regional\",\"url\":\"https:\/\/pagina10.com\/web\/\",\"logo\":{\"@type\":\"ImageObject\",\"inLanguage\":\"es\",\"@id\":\"https:\/\/pagina10.com\/web\/#\/schema\/logo\/image\/\",\"url\":\"https:\/\/pagina10.com\/web\/wp-content\/uploads\/2024\/01\/40-pagina-10-periodico-regional-pasto.jpg\",\"contentUrl\":\"https:\/\/pagina10.com\/web\/wp-content\/uploads\/2024\/01\/40-pagina-10-periodico-regional-pasto.jpg\",\"width\":1280,\"height\":720,\"caption\":\"P\u00e1gina10\"},\"image\":{\"@id\":\"https:\/\/pagina10.com\/web\/#\/schema\/logo\/image\/\"},\"sameAs\":[\"https:\/\/www.facebook.com\/pag10com\",\"https:\/\/x.com\/Pag10com\",\"https:\/\/www.instagram.com\/pagina10col\/\",\"https:\/\/youtube.com\/channel\/pag10\",\"https:\/\/www.tiktok.com\/@p10col\"]},{\"@type\":\"Person\",\"@id\":\"https:\/\/pagina10.com\/web\/#\/schema\/person\/a7a5d38f0629dfc107f619fbae4f6cc3\",\"name\":\"P\u00e1gina 10\",\"description\":\"P\u00e1gina10.com es un peri\u00f3dico digital que nace en Colombia, en el departamento de Nari\u00f1o, con un enfoque global, fundamentado en cuatro pilares esenciales: la libertad, el pluralismo, la inclusi\u00f3n y la independencia. P\u00e1gina10.com hace referencia a Nari\u00f1o como el d\u00e9cimo departamento creado en Colombia, despu\u00e9s de un proceso pol\u00edtico liderado por actores y actrices regionales con el fin de obtener la independencia y autonom\u00eda de nuestros territorios. Con la creaci\u00f3n de P\u00e1gina10.com se pretende abrir un escenario para el dialogo, la reflexi\u00f3n y el debate que se extienda a otras geograf\u00edas de Am\u00e9rica Latina y del planeta, en una apuesta por transformar colectivamente los desaf\u00edos de un mundo contempor\u00e1neo, m\u00e1s all\u00e1 de las fronteras impuestas.\",\"url\":\"https:\/\/pagina10.com\/web\/author\/mcepeda\/\"}]}<\/script>\n<!-- \/ Yoast SEO plugin. -->","yoast_head_json":{"title":"29 de Septiembre, d\u00eda mundial del coraz\u00f3n | P\u00e1gina10","robots":{"index":"index","follow":"follow","max-snippet":"max-snippet:-1","max-image-preview":"max-image-preview:large","max-video-preview":"max-video-preview:-1"},"canonical":"https:\/\/pagina10.com\/web\/29-de-septiembre-dia-mundial-del-corazon\/","og_locale":"es_ES","og_type":"article","og_title":"29 de Septiembre, d\u00eda mundial del coraz\u00f3n | P\u00e1gina10","og_description":"El 29 de Septiembre es la fecha designada por la Organizaci\u00f3n Mundial de la Salud-OMS y acompa\u00f1ada por la Federaci\u00f3n Mundial del Coraz\u00f3n (FMC) para conmemorar el D\u00eda Mundial del Coraz\u00f3n, con el fin de brindar informaci\u00f3n a la poblaci\u00f3n acerca de los factores de riesgos de las enfermedades cardiovasculares como el infarto de miocardio, [&hellip;]","og_url":"https:\/\/pagina10.com\/web\/29-de-septiembre-dia-mundial-del-corazon\/","og_site_name":"P\u00e1gina10","article_publisher":"https:\/\/www.facebook.com\/pag10com","article_published_time":"2015-09-29T01:48:12+00:00","og_image":[{"width":940,"height":300,"url":"https:\/\/pagina10.com\/web\/wp-content\/uploads\/2015\/09\/f2923d28af321a6b2304f407777b0f9e.jpg","type":"image\/jpeg"}],"author":"P\u00e1gina 10","twitter_card":"summary_large_image","twitter_creator":"@Pag10com","twitter_site":"@Pag10com","twitter_misc":{"Escrito por":"P\u00e1gina 10","Tiempo de lectura":"2 minutos"},"schema":{"@context":"https:\/\/schema.org","@graph":[{"@type":"Article","@id":"https:\/\/pagina10.com\/web\/29-de-septiembre-dia-mundial-del-corazon\/#article","isPartOf":{"@id":"https:\/\/pagina10.com\/web\/29-de-septiembre-dia-mundial-del-corazon\/"},"author":{"name":"P\u00e1gina 10","@id":"https:\/\/pagina10.com\/web\/#\/schema\/person\/a7a5d38f0629dfc107f619fbae4f6cc3"},"headline":"29 de Septiembre, d\u00eda mundial del coraz\u00f3n","datePublished":"2015-09-29T01:48:12+00:00","mainEntityOfPage":{"@id":"https:\/\/pagina10.com\/web\/29-de-septiembre-dia-mundial-del-corazon\/"},"wordCount":388,"commentCount":0,"publisher":{"@id":"https:\/\/pagina10.com\/web\/#organization"},"image":{"@id":"https:\/\/pagina10.com\/web\/29-de-septiembre-dia-mundial-del-corazon\/#primaryimage"},"thumbnailUrl":"https:\/\/pagina10.com\/web\/wp-content\/uploads\/2015\/09\/f2923d28af321a6b2304f407777b0f9e.jpg","inLanguage":"es","potentialAction":[{"@type":"CommentAction","name":"Comment","target":["https:\/\/pagina10.com\/web\/29-de-septiembre-dia-mundial-del-corazon\/#respond"]}]},{"@type":"WebPage","@id":"https:\/\/pagina10.com\/web\/29-de-septiembre-dia-mundial-del-corazon\/","url":"https:\/\/pagina10.com\/web\/29-de-septiembre-dia-mundial-del-corazon\/","name":"29 de Septiembre, d\u00eda mundial del coraz\u00f3n | P\u00e1gina10","isPartOf":{"@id":"https:\/\/pagina10.com\/web\/#website"},"primaryImageOfPage":{"@id":"https:\/\/pagina10.com\/web\/29-de-septiembre-dia-mundial-del-corazon\/#primaryimage"},"image":{"@id":"https:\/\/pagina10.com\/web\/29-de-septiembre-dia-mundial-del-corazon\/#primaryimage"},"thumbnailUrl":"https:\/\/pagina10.com\/web\/wp-content\/uploads\/2015\/09\/f2923d28af321a6b2304f407777b0f9e.jpg","datePublished":"2015-09-29T01:48:12+00:00","breadcrumb":{"@id":"https:\/\/pagina10.com\/web\/29-de-septiembre-dia-mundial-del-corazon\/#breadcrumb"},"inLanguage":"es","potentialAction":[{"@type":"ReadAction","target":["https:\/\/pagina10.com\/web\/29-de-septiembre-dia-mundial-del-corazon\/"]}]},{"@type":"ImageObject","inLanguage":"es","@id":"https:\/\/pagina10.com\/web\/29-de-septiembre-dia-mundial-del-corazon\/#primaryimage","url":"https:\/\/pagina10.com\/web\/wp-content\/uploads\/2015\/09\/f2923d28af321a6b2304f407777b0f9e.jpg","contentUrl":"https:\/\/pagina10.com\/web\/wp-content\/uploads\/2015\/09\/f2923d28af321a6b2304f407777b0f9e.jpg","width":940,"height":300},{"@type":"BreadcrumbList","@id":"https:\/\/pagina10.com\/web\/29-de-septiembre-dia-mundial-del-corazon\/#breadcrumb","itemListElement":[{"@type":"ListItem","position":1,"name":"Portada","item":"https:\/\/pagina10.com\/web\/"},{"@type":"ListItem","position":2,"name":"29 de Septiembre, d\u00eda mundial del coraz\u00f3n"}]},{"@type":"WebSite","@id":"https:\/\/pagina10.com\/web\/#website","url":"https:\/\/pagina10.com\/web\/","name":"P\u00e1gina10","description":"Peri\u00f3dico Regional","publisher":{"@id":"https:\/\/pagina10.com\/web\/#organization"},"alternateName":"P\u00e1gina10 Peri\u00f3dico Regional","potentialAction":[{"@type":"SearchAction","target":{"@type":"EntryPoint","urlTemplate":"https:\/\/pagina10.com\/web\/?s={search_term_string}"},"query-input":{"@type":"PropertyValueSpecification","valueRequired":true,"valueName":"search_term_string"}}],"inLanguage":"es"},{"@type":"Organization","@id":"https:\/\/pagina10.com\/web\/#organization","name":"P\u00e1gina10","alternateName":"P\u00e1gina10 Peri\u00f3dico Regional","url":"https:\/\/pagina10.com\/web\/","logo":{"@type":"ImageObject","inLanguage":"es","@id":"https:\/\/pagina10.com\/web\/#\/schema\/logo\/image\/","url":"https:\/\/pagina10.com\/web\/wp-content\/uploads\/2024\/01\/40-pagina-10-periodico-regional-pasto.jpg","contentUrl":"https:\/\/pagina10.com\/web\/wp-content\/uploads\/2024\/01\/40-pagina-10-periodico-regional-pasto.jpg","width":1280,"height":720,"caption":"P\u00e1gina10"},"image":{"@id":"https:\/\/pagina10.com\/web\/#\/schema\/logo\/image\/"},"sameAs":["https:\/\/www.facebook.com\/pag10com","https:\/\/x.com\/Pag10com","https:\/\/www.instagram.com\/pagina10col\/","https:\/\/youtube.com\/channel\/pag10","https:\/\/www.tiktok.com\/@p10col"]},{"@type":"Person","@id":"https:\/\/pagina10.com\/web\/#\/schema\/person\/a7a5d38f0629dfc107f619fbae4f6cc3","name":"P\u00e1gina 10","description":"P\u00e1gina10.com es un peri\u00f3dico digital que nace en Colombia, en el departamento de Nari\u00f1o, con un enfoque global, fundamentado en cuatro pilares esenciales: la libertad, el pluralismo, la inclusi\u00f3n y la independencia. P\u00e1gina10.com hace referencia a Nari\u00f1o como el d\u00e9cimo departamento creado en Colombia, despu\u00e9s de un proceso pol\u00edtico liderado por actores y actrices regionales con el fin de obtener la independencia y autonom\u00eda de nuestros territorios. Con la creaci\u00f3n de P\u00e1gina10.com se pretende abrir un escenario para el dialogo, la reflexi\u00f3n y el debate que se extienda a otras geograf\u00edas de Am\u00e9rica Latina y del planeta, en una apuesta por transformar colectivamente los desaf\u00edos de un mundo contempor\u00e1neo, m\u00e1s all\u00e1 de las fronteras impuestas.","url":"https:\/\/pagina10.com\/web\/author\/mcepeda\/"}]}},"_links":{"self":[{"href":"https:\/\/pagina10.com\/web\/wp-json\/wp\/v2\/posts\/17901","targetHints":{"allow":["GET"]}}],"collection":[{"href":"https:\/\/pagina10.com\/web\/wp-json\/wp\/v2\/posts"}],"about":[{"href":"https:\/\/pagina10.com\/web\/wp-json\/wp\/v2\/types\/post"}],"author":[{"embeddable":true,"href":"https:\/\/pagina10.com\/web\/wp-json\/wp\/v2\/users\/29"}],"replies":[{"embeddable":true,"href":"https:\/\/pagina10.com\/web\/wp-json\/wp\/v2\/comments?post=17901"}],"version-history":[{"count":0,"href":"https:\/\/pagina10.com\/web\/wp-json\/wp\/v2\/posts\/17901\/revisions"}],"wp:featuredmedia":[{"embeddable":true,"href":"https:\/\/pagina10.com\/web\/wp-json\/wp\/v2\/media\/17900"}],"wp:attachment":[{"href":"https:\/\/pagina10.com\/web\/wp-json\/wp\/v2\/media?parent=17901"}],"wp:term":[{"taxonomy":"category","embeddable":true,"href":"https:\/\/pagina10.com\/web\/wp-json\/wp\/v2\/categories?post=17901"},{"taxonomy":"post_tag","embeddable":true,"href":"https:\/\/pagina10.com\/web\/wp-json\/wp\/v2\/tags?post=17901"}],"curies":[{"name":"wp","href":"https:\/\/api.w.org\/{rel}","templated":true}]}}