{"id":18458,"date":"2015-11-10T02:24:22","date_gmt":"2015-11-10T02:24:22","guid":{"rendered":"https:\/\/pagina10.com\/web\/deje-la-arrogancia-alcalde\/"},"modified":"2015-11-10T02:24:22","modified_gmt":"2015-11-10T02:24:22","slug":"deje-la-arrogancia-alcalde","status":"publish","type":"post","link":"https:\/\/pagina10.com\/web\/deje-la-arrogancia-alcalde\/","title":{"rendered":"Deje la arrogancia, alcalde"},"content":{"rendered":"<p><img fetchpriority=\"high\" decoding=\"async\" class=\" size-full wp-image-18457\" src=\"https:\/\/pagina10.com\/web\/wp-content\/uploads\/2015\/11\/f5b77b1c4081df526254513b48fb7b76.jpg\" alt=\"\" width=\"635\" height=\"720\" srcset=\"https:\/\/pagina10.com\/web\/wp-content\/uploads\/2015\/11\/f5b77b1c4081df526254513b48fb7b76.jpg 635w, https:\/\/pagina10.com\/web\/wp-content\/uploads\/2015\/11\/f5b77b1c4081df526254513b48fb7b76-265x300.jpg 265w\" sizes=\"(max-width: 635px) 100vw, 635px\" \/><\/p>\n<p style=\"text-align: justify;\">&nbsp;<\/p>\n<p style=\"text-align: justify;\">El consenso general de los habitantes del municipio le hemos pedido al se\u00f1or alcalde de Pasto, Harold Guerrero L\u00f3pez, que escuche el clamor popular. Esta vez al un\u00edsono le hemos dicho que no estamos de acuerdo con la venta de Empopasto por tratarse del mayor y \u00fanico patrimonio p\u00fablico empresarial a nivel local.<\/p>\n<p style=\"text-align: justify;\">&nbsp;<\/p>\n<p style=\"text-align: justify;\">El alcalde es un empleado p\u00fablico por elecci\u00f3n popular, y como tal, el poder que ejerce est\u00e1 legitimado a trav\u00e9s del voto, el mismo que lo puede deslegitimar. El ejercicio de la democracia no solo es para elegir a una persona sino para aprobar o rechazar unas decisiones gubernamentales; porque el poder del voto aprueba o desaprueba un programa de gobierno. Pero tambi\u00e9n, constitucionalmente, se deben tener en cuenta las peticiones respetuosas, el clamor popular, la movilizaci\u00f3n social, las manifestaciones en los medios de comunicaci\u00f3n y otras formas de comunicaci\u00f3n que existen en la actualidad.<\/p>\n<p style=\"text-align: justify;\">&nbsp;<\/p>\n<p style=\"text-align: justify;\">Es penoso, y por dem\u00e1s vergonzoso, pasar a la historia como un alcalde antipopular. Los \u00faltimos cuatro a\u00f1os en la vida de esta ciudad han sido aciagos, cargados de problem\u00e1tica social como nunca la ha habido: prohibiciones de realizaci\u00f3n de eventos p\u00fablicos en la plaza de Nari\u00f1o, agresi\u00f3n policial ante la movilizaci\u00f3n social, falta de di\u00e1logo, cierre de v\u00edas por tiempo prolongado por ineficiencia en las obras p\u00fablicas, no se incentiv\u00f3 el uso de la bicicleta ni promoci\u00f3n de la cultura ciudadana y el permanente desabastecimiento de combustibles (el eterno problema).<\/p>\n<p style=\"text-align: justify;\">&nbsp;<\/p>\n<p style=\"text-align: justify;\">Pero no todo puede ser malo, algunas obras se le deben reconocer, como el plan de alcantarillado en el centro de la ciudad, la continuaci\u00f3n del plan vial y el parque de La Aurora; del resto, en educaci\u00f3n no se vio ninguna mejora ni inversi\u00f3n, el megacolegio que se comprometi\u00f3 a construir en el Inem fue incumplido. En materia cultural y movilidad con sus programas de Cambio Cultural, no se vio algo significativo.<\/p>\n<p style=\"text-align: justify;\">&nbsp;<\/p>\n<p style=\"text-align: justify;\">De ah\u00ed la calificaci\u00f3n que el pueblo pastuso le diera a su gesti\u00f3n el 25 de octubre en las urnas a trav\u00e9s de su pupilo y continuador con el plan de gobierno \u201cPara seguir avanzando\u201d. Fueron m\u00e1s de 123 mil votos que reprueban su gesti\u00f3n y que respaldan a una persona \u00e9tica y decente. Una cifra que le sobrepasa el doble de su votaci\u00f3n cuando usted fue elegido alcalde hace cuatro a\u00f1os. No s\u00e9 si eso le parezca representativo.<\/p>\n<p style=\"text-align: justify;\">&nbsp;<\/p>\n<p style=\"text-align: justify;\">Quienes votamos por el doctor Pedro Vicente Obando lo hicimos por una propuesta decente, representada en un plan de gobierno coherente, sin vanidades; pero sobre todo por la propuesta de darle garant\u00eda a Empopasto como empresa p\u00fablica del municipio.<\/p>\n<p style=\"text-align: justify;\">&nbsp;<\/p>\n<p style=\"text-align: justify;\">Usted, se\u00f1or alcalde, al filo de su mandato, quiere ponerle la tapa a su mal gobierno vendiendo a empresarios privados y extranjeros una empresa rentable. Porque Empopasto, a la fecha, est\u00e1 saneada de su carga laboral y pensional con indemnizaciones y liquidaciones que se realizaron con aportes del Ministerio de Vivienda. Es decir, la empresa de acueducto la entregar\u00e1 en bandeja de plata; de otra manera estos empresarios tampoco la comprar\u00edan.<\/p>\n<p style=\"text-align: justify;\">&nbsp;<\/p>\n<p style=\"text-align: justify;\">No comprendemos cu\u00e1l es su ganancia con la venta de Empopasto si usted prefiri\u00f3 sacrificar a su pupilo N\u00fa\u00f1ez con una medida tan antipopular. Luego el propio N\u00fa\u00f1ez reconocer\u00eda que su abrumadora derrota obedeci\u00f3 al anuncio de privatizar Empopasto. Lo cierto es que los \u00fanicos beneficiarios ser\u00edan el se\u00f1or Germ\u00e1n Vargas Lleras, candidato presidencial, y las empresas secundadas por \u00e9l. Estas empresas no buscan la rentabilidad social (reinversi\u00f3n en infraestructura) sino la rentabilidad econ\u00f3mica para hinchar sus arcas.<\/p>\n<p style=\"text-align: justify;\">&nbsp;<\/p>\n<p style=\"text-align: justify;\">Entonces, \u00bfpor qu\u00e9 tanta arrogancia, se\u00f1or alcalde? Usted debe entender que se est\u00e1 pasando por la faja la voluntad popular. Lo instamos a que act\u00fae con sensatez, con \u00e9tica, coherencia con el fervor popular como constituyente primario y raz\u00f3n de ser de un alcalde.<\/p>\n<p style=\"text-align: justify;\">&nbsp;<\/p>\n<p style=\"text-align: justify;\">Usted se va a vivir de manera holgada fuera del pa\u00eds, desde donde manejar\u00e1 c\u00f3modamente sus empresas, pero ser\u00e1 recordado como un personaje nefasto para el pueblo pastuso. \u00a1Reconsidere su actitud!&nbsp;<\/p>\n","protected":false},"excerpt":{"rendered":"<p>&nbsp; El consenso general de los habitantes del municipio le hemos pedido al se\u00f1or alcalde de Pasto, Harold Guerrero L\u00f3pez, que escuche el clamor popular. Esta vez al un\u00edsono le hemos dicho que no estamos de acuerdo con la venta de Empopasto por tratarse del mayor y \u00fanico patrimonio p\u00fablico empresarial a nivel local. &nbsp; [&hellip;]<\/p>\n","protected":false},"author":65,"featured_media":18457,"comment_status":"open","ping_status":"open","sticky":false,"template":"","format":"standard","meta":{"footnotes":""},"categories":[1],"tags":[],"class_list":["post-18458","post","type-post","status-publish","format-standard","has-post-thumbnail","hentry","category-sin-categoria"],"yoast_head":"<!-- This site is optimized with the Yoast SEO plugin v27.1.1 - https:\/\/yoast.com\/product\/yoast-seo-wordpress\/ -->\n<title>Deje la arrogancia, alcalde | P\u00e1gina10<\/title>\n<meta name=\"robots\" content=\"index, follow, max-snippet:-1, max-image-preview:large, max-video-preview:-1\" \/>\n<link rel=\"canonical\" href=\"https:\/\/pagina10.com\/web\/deje-la-arrogancia-alcalde\/\" \/>\n<meta property=\"og:locale\" content=\"es_ES\" \/>\n<meta property=\"og:type\" content=\"article\" \/>\n<meta property=\"og:title\" content=\"Deje la arrogancia, alcalde | P\u00e1gina10\" \/>\n<meta property=\"og:description\" content=\"&nbsp; El consenso general de los habitantes del municipio le hemos pedido al se\u00f1or alcalde de Pasto, Harold Guerrero L\u00f3pez, que escuche el clamor popular. Esta vez al un\u00edsono le hemos dicho que no estamos de acuerdo con la venta de Empopasto por tratarse del mayor y \u00fanico patrimonio p\u00fablico empresarial a nivel local. &nbsp; [&hellip;]\" \/>\n<meta property=\"og:url\" content=\"https:\/\/pagina10.com\/web\/deje-la-arrogancia-alcalde\/\" \/>\n<meta property=\"og:site_name\" content=\"P\u00e1gina10\" \/>\n<meta property=\"article:publisher\" content=\"https:\/\/www.facebook.com\/pag10com\" \/>\n<meta property=\"article:published_time\" content=\"2015-11-10T02:24:22+00:00\" \/>\n<meta property=\"og:image\" content=\"https:\/\/pagina10.com\/web\/wp-content\/uploads\/2015\/11\/f5b77b1c4081df526254513b48fb7b76.jpg\" \/>\n\t<meta property=\"og:image:width\" content=\"635\" \/>\n\t<meta property=\"og:image:height\" content=\"720\" \/>\n\t<meta property=\"og:image:type\" content=\"image\/jpeg\" \/>\n<meta name=\"author\" content=\"Anibal Ar\u00e9valo Rosero\" \/>\n<meta name=\"twitter:card\" content=\"summary_large_image\" \/>\n<meta name=\"twitter:creator\" content=\"@Pag10com\" \/>\n<meta name=\"twitter:site\" content=\"@Pag10com\" \/>\n<meta name=\"twitter:label1\" content=\"Escrito por\" \/>\n\t<meta name=\"twitter:data1\" content=\"Anibal Ar\u00e9valo Rosero\" \/>\n\t<meta name=\"twitter:label2\" content=\"Tiempo de lectura\" \/>\n\t<meta name=\"twitter:data2\" content=\"4 minutos\" \/>\n<script type=\"application\/ld+json\" class=\"yoast-schema-graph\">{\"@context\":\"https:\/\/schema.org\",\"@graph\":[{\"@type\":\"Article\",\"@id\":\"https:\/\/pagina10.com\/web\/deje-la-arrogancia-alcalde\/#article\",\"isPartOf\":{\"@id\":\"https:\/\/pagina10.com\/web\/deje-la-arrogancia-alcalde\/\"},\"author\":{\"name\":\"Anibal Ar\u00e9valo Rosero\",\"@id\":\"https:\/\/pagina10.com\/web\/#\/schema\/person\/9ec3e2b432363a195d2d01bf820c66fe\"},\"headline\":\"Deje la arrogancia, alcalde\",\"datePublished\":\"2015-11-10T02:24:22+00:00\",\"mainEntityOfPage\":{\"@id\":\"https:\/\/pagina10.com\/web\/deje-la-arrogancia-alcalde\/\"},\"wordCount\":718,\"commentCount\":0,\"publisher\":{\"@id\":\"https:\/\/pagina10.com\/web\/#organization\"},\"image\":{\"@id\":\"https:\/\/pagina10.com\/web\/deje-la-arrogancia-alcalde\/#primaryimage\"},\"thumbnailUrl\":\"https:\/\/pagina10.com\/web\/wp-content\/uploads\/2015\/11\/f5b77b1c4081df526254513b48fb7b76.jpg\",\"inLanguage\":\"es\",\"potentialAction\":[{\"@type\":\"CommentAction\",\"name\":\"Comment\",\"target\":[\"https:\/\/pagina10.com\/web\/deje-la-arrogancia-alcalde\/#respond\"]}]},{\"@type\":\"WebPage\",\"@id\":\"https:\/\/pagina10.com\/web\/deje-la-arrogancia-alcalde\/\",\"url\":\"https:\/\/pagina10.com\/web\/deje-la-arrogancia-alcalde\/\",\"name\":\"Deje la arrogancia, alcalde | P\u00e1gina10\",\"isPartOf\":{\"@id\":\"https:\/\/pagina10.com\/web\/#website\"},\"primaryImageOfPage\":{\"@id\":\"https:\/\/pagina10.com\/web\/deje-la-arrogancia-alcalde\/#primaryimage\"},\"image\":{\"@id\":\"https:\/\/pagina10.com\/web\/deje-la-arrogancia-alcalde\/#primaryimage\"},\"thumbnailUrl\":\"https:\/\/pagina10.com\/web\/wp-content\/uploads\/2015\/11\/f5b77b1c4081df526254513b48fb7b76.jpg\",\"datePublished\":\"2015-11-10T02:24:22+00:00\",\"breadcrumb\":{\"@id\":\"https:\/\/pagina10.com\/web\/deje-la-arrogancia-alcalde\/#breadcrumb\"},\"inLanguage\":\"es\",\"potentialAction\":[{\"@type\":\"ReadAction\",\"target\":[\"https:\/\/pagina10.com\/web\/deje-la-arrogancia-alcalde\/\"]}]},{\"@type\":\"ImageObject\",\"inLanguage\":\"es\",\"@id\":\"https:\/\/pagina10.com\/web\/deje-la-arrogancia-alcalde\/#primaryimage\",\"url\":\"https:\/\/pagina10.com\/web\/wp-content\/uploads\/2015\/11\/f5b77b1c4081df526254513b48fb7b76.jpg\",\"contentUrl\":\"https:\/\/pagina10.com\/web\/wp-content\/uploads\/2015\/11\/f5b77b1c4081df526254513b48fb7b76.jpg\",\"width\":635,\"height\":720},{\"@type\":\"BreadcrumbList\",\"@id\":\"https:\/\/pagina10.com\/web\/deje-la-arrogancia-alcalde\/#breadcrumb\",\"itemListElement\":[{\"@type\":\"ListItem\",\"position\":1,\"name\":\"Portada\",\"item\":\"https:\/\/pagina10.com\/web\/\"},{\"@type\":\"ListItem\",\"position\":2,\"name\":\"Deje la arrogancia, alcalde\"}]},{\"@type\":\"WebSite\",\"@id\":\"https:\/\/pagina10.com\/web\/#website\",\"url\":\"https:\/\/pagina10.com\/web\/\",\"name\":\"P\u00e1gina10\",\"description\":\"Peri\u00f3dico Regional\",\"publisher\":{\"@id\":\"https:\/\/pagina10.com\/web\/#organization\"},\"alternateName\":\"P\u00e1gina10 Peri\u00f3dico Regional\",\"potentialAction\":[{\"@type\":\"SearchAction\",\"target\":{\"@type\":\"EntryPoint\",\"urlTemplate\":\"https:\/\/pagina10.com\/web\/?s={search_term_string}\"},\"query-input\":{\"@type\":\"PropertyValueSpecification\",\"valueRequired\":true,\"valueName\":\"search_term_string\"}}],\"inLanguage\":\"es\"},{\"@type\":\"Organization\",\"@id\":\"https:\/\/pagina10.com\/web\/#organization\",\"name\":\"P\u00e1gina10\",\"alternateName\":\"P\u00e1gina10 Peri\u00f3dico Regional\",\"url\":\"https:\/\/pagina10.com\/web\/\",\"logo\":{\"@type\":\"ImageObject\",\"inLanguage\":\"es\",\"@id\":\"https:\/\/pagina10.com\/web\/#\/schema\/logo\/image\/\",\"url\":\"https:\/\/pagina10.com\/web\/wp-content\/uploads\/2024\/01\/40-pagina-10-periodico-regional-pasto.jpg\",\"contentUrl\":\"https:\/\/pagina10.com\/web\/wp-content\/uploads\/2024\/01\/40-pagina-10-periodico-regional-pasto.jpg\",\"width\":1280,\"height\":720,\"caption\":\"P\u00e1gina10\"},\"image\":{\"@id\":\"https:\/\/pagina10.com\/web\/#\/schema\/logo\/image\/\"},\"sameAs\":[\"https:\/\/www.facebook.com\/pag10com\",\"https:\/\/x.com\/Pag10com\",\"https:\/\/www.instagram.com\/pagina10col\/\",\"https:\/\/youtube.com\/channel\/pag10\",\"https:\/\/www.tiktok.com\/@p10col\"]},{\"@type\":\"Person\",\"@id\":\"https:\/\/pagina10.com\/web\/#\/schema\/person\/9ec3e2b432363a195d2d01bf820c66fe\",\"name\":\"Anibal Ar\u00e9valo Rosero\",\"description\":\"An\u00edbal Ar\u00e9valo Rosero a trav\u00e9s de su vida ha realizado diversas actividades tendientes a reivindicar al ser humano en su conciencia plena. Durante su vida ha hecho teatro, a escrito poes\u00eda y en sus tiempos de universitario realiz\u00f3 varias publicaciones entre las que se recuerda la revista Quinde. Junto con otros compa\u00f1eros fund\u00f3 el Taller Cultural El Cueche, equipo con el que se hicieron varias publicaciones. De este mismo grupo hay que resaltar que se hizo un trabajo pionero en la difusi\u00f3n de la m\u00fasica andina, latinoamericana y del caribe. Despu\u00e9s de terminar sus estudios de biolog\u00eda en la Universidad de Nari\u00f1o entr\u00f3 a laborar en emisoras de la ciudad de Pasto como en RCN, donde se desempe\u00f1aba como locutor de planta. Dirigi\u00f3 programas en la extinta Ondas del Mayo, en varias oportunidades; tambi\u00e9n en Ecos de Pasto. Fue colaborador de el Noticias RCN y dirigi\u00f3 el programa Simana al D\u00eda, del Sindicato del Magisterio de Nari\u00f1o, en dos \u00e9pocas. En el a\u00f1o de 1992 funda el Comit\u00e9 de Solidaridad con Cuba Jos\u00e9 Mart\u00ed, cuyo objetivo era divulgar la realidad cubana y expresar apoyo moral, pol\u00edtico y material al pa\u00eds caribe\u00f1o. Ante la mala interpretaci\u00f3n que la gente le daba a este tipo de acciones, se decide promover viajes de solidad a Cuba para participar en la Brigada Latinoamericana de Trabajo Voluntario, en el Festival Cuba Vive y, de manera especia,l en el 14 Festival Mundial de la Juventud y los Estudiantes, que se desarroll\u00f3 en la isla en el a\u00f1o de 1997. Con esta experiencia impulsa el turismo al pa\u00eds caribe\u00f1o con el resultado de que miles de personas han participado de las excursiones organizadas por Ar\u00e9valo Rosero. Asimismo ha venido impulsando las Brigadas de Salud en Cuba, tendiente a llevar pacientes de c\u00e1ncer a ese destino con el fin de que reciban atenci\u00f3n m\u00e9dica, teniendo en cuenta que la experiencia cubana en el tema ha sido bastante favorable. Veinte a\u00f1os despu\u00e9s de estas nutritivas experiencias, le permiten impulsar excursiones adem\u00e1s a M\u00e9xico, Machu Picchu, Argentina, Ecuador, Panam\u00e1 y Tierra Santa. En cuanto al desempe\u00f1o period\u00edstico, adem\u00e1s de los medios radiales y de televisi\u00f3n, en los canales de la universidades de Nari\u00f1o y Mariana, se ha desempe\u00f1ado como columnista en Diario del Sur durante 6 a\u00f1os y en algunos medios virtuales. Tambi\u00e9n es colaborador de el Diario del Cauca. Considera que la pr\u00e1ctica de la lectura es beber de la fuente nutricia que permite apropiarse de manera consciente del ejercicio de la democracia; y la posibilidad de escribir y ser le\u00eddo, acceder al poder, por que considera la palabra como el mayor instrumento de acci\u00f3n cuando est\u00e1 bien encamina al leg\u00edtimo servicio social. En la actualidad adem\u00e1s de so\u00f1ar con viajar por el mundo se desempe\u00f1a como docente del departamento de ciencias de Inem Luis Delf\u00edn Insuasty de Pasto. Correo: Esta direcci\u00f3n de correo electr\u00f3nico est\u00e1 protegida contra spambots. Usted necesita tener Javascript activado para poder verla.\\\" target=\\\"_blank\\\" style=\\\"color: #1155cc; text-align: justify; font-family: arial, sans-serif; font-size: 13px; line-height: normal;\\\"&gt;fundacionecosofia@gmail.com\",\"url\":\"https:\/\/pagina10.com\/web\/author\/anibal\/\"}]}<\/script>\n<!-- \/ Yoast SEO plugin. -->","yoast_head_json":{"title":"Deje la arrogancia, alcalde | P\u00e1gina10","robots":{"index":"index","follow":"follow","max-snippet":"max-snippet:-1","max-image-preview":"max-image-preview:large","max-video-preview":"max-video-preview:-1"},"canonical":"https:\/\/pagina10.com\/web\/deje-la-arrogancia-alcalde\/","og_locale":"es_ES","og_type":"article","og_title":"Deje la arrogancia, alcalde | P\u00e1gina10","og_description":"&nbsp; El consenso general de los habitantes del municipio le hemos pedido al se\u00f1or alcalde de Pasto, Harold Guerrero L\u00f3pez, que escuche el clamor popular. Esta vez al un\u00edsono le hemos dicho que no estamos de acuerdo con la venta de Empopasto por tratarse del mayor y \u00fanico patrimonio p\u00fablico empresarial a nivel local. &nbsp; [&hellip;]","og_url":"https:\/\/pagina10.com\/web\/deje-la-arrogancia-alcalde\/","og_site_name":"P\u00e1gina10","article_publisher":"https:\/\/www.facebook.com\/pag10com","article_published_time":"2015-11-10T02:24:22+00:00","og_image":[{"width":635,"height":720,"url":"https:\/\/pagina10.com\/web\/wp-content\/uploads\/2015\/11\/f5b77b1c4081df526254513b48fb7b76.jpg","type":"image\/jpeg"}],"author":"Anibal Ar\u00e9valo Rosero","twitter_card":"summary_large_image","twitter_creator":"@Pag10com","twitter_site":"@Pag10com","twitter_misc":{"Escrito por":"Anibal Ar\u00e9valo Rosero","Tiempo de lectura":"4 minutos"},"schema":{"@context":"https:\/\/schema.org","@graph":[{"@type":"Article","@id":"https:\/\/pagina10.com\/web\/deje-la-arrogancia-alcalde\/#article","isPartOf":{"@id":"https:\/\/pagina10.com\/web\/deje-la-arrogancia-alcalde\/"},"author":{"name":"Anibal Ar\u00e9valo Rosero","@id":"https:\/\/pagina10.com\/web\/#\/schema\/person\/9ec3e2b432363a195d2d01bf820c66fe"},"headline":"Deje la arrogancia, alcalde","datePublished":"2015-11-10T02:24:22+00:00","mainEntityOfPage":{"@id":"https:\/\/pagina10.com\/web\/deje-la-arrogancia-alcalde\/"},"wordCount":718,"commentCount":0,"publisher":{"@id":"https:\/\/pagina10.com\/web\/#organization"},"image":{"@id":"https:\/\/pagina10.com\/web\/deje-la-arrogancia-alcalde\/#primaryimage"},"thumbnailUrl":"https:\/\/pagina10.com\/web\/wp-content\/uploads\/2015\/11\/f5b77b1c4081df526254513b48fb7b76.jpg","inLanguage":"es","potentialAction":[{"@type":"CommentAction","name":"Comment","target":["https:\/\/pagina10.com\/web\/deje-la-arrogancia-alcalde\/#respond"]}]},{"@type":"WebPage","@id":"https:\/\/pagina10.com\/web\/deje-la-arrogancia-alcalde\/","url":"https:\/\/pagina10.com\/web\/deje-la-arrogancia-alcalde\/","name":"Deje la arrogancia, alcalde | P\u00e1gina10","isPartOf":{"@id":"https:\/\/pagina10.com\/web\/#website"},"primaryImageOfPage":{"@id":"https:\/\/pagina10.com\/web\/deje-la-arrogancia-alcalde\/#primaryimage"},"image":{"@id":"https:\/\/pagina10.com\/web\/deje-la-arrogancia-alcalde\/#primaryimage"},"thumbnailUrl":"https:\/\/pagina10.com\/web\/wp-content\/uploads\/2015\/11\/f5b77b1c4081df526254513b48fb7b76.jpg","datePublished":"2015-11-10T02:24:22+00:00","breadcrumb":{"@id":"https:\/\/pagina10.com\/web\/deje-la-arrogancia-alcalde\/#breadcrumb"},"inLanguage":"es","potentialAction":[{"@type":"ReadAction","target":["https:\/\/pagina10.com\/web\/deje-la-arrogancia-alcalde\/"]}]},{"@type":"ImageObject","inLanguage":"es","@id":"https:\/\/pagina10.com\/web\/deje-la-arrogancia-alcalde\/#primaryimage","url":"https:\/\/pagina10.com\/web\/wp-content\/uploads\/2015\/11\/f5b77b1c4081df526254513b48fb7b76.jpg","contentUrl":"https:\/\/pagina10.com\/web\/wp-content\/uploads\/2015\/11\/f5b77b1c4081df526254513b48fb7b76.jpg","width":635,"height":720},{"@type":"BreadcrumbList","@id":"https:\/\/pagina10.com\/web\/deje-la-arrogancia-alcalde\/#breadcrumb","itemListElement":[{"@type":"ListItem","position":1,"name":"Portada","item":"https:\/\/pagina10.com\/web\/"},{"@type":"ListItem","position":2,"name":"Deje la arrogancia, alcalde"}]},{"@type":"WebSite","@id":"https:\/\/pagina10.com\/web\/#website","url":"https:\/\/pagina10.com\/web\/","name":"P\u00e1gina10","description":"Peri\u00f3dico Regional","publisher":{"@id":"https:\/\/pagina10.com\/web\/#organization"},"alternateName":"P\u00e1gina10 Peri\u00f3dico Regional","potentialAction":[{"@type":"SearchAction","target":{"@type":"EntryPoint","urlTemplate":"https:\/\/pagina10.com\/web\/?s={search_term_string}"},"query-input":{"@type":"PropertyValueSpecification","valueRequired":true,"valueName":"search_term_string"}}],"inLanguage":"es"},{"@type":"Organization","@id":"https:\/\/pagina10.com\/web\/#organization","name":"P\u00e1gina10","alternateName":"P\u00e1gina10 Peri\u00f3dico Regional","url":"https:\/\/pagina10.com\/web\/","logo":{"@type":"ImageObject","inLanguage":"es","@id":"https:\/\/pagina10.com\/web\/#\/schema\/logo\/image\/","url":"https:\/\/pagina10.com\/web\/wp-content\/uploads\/2024\/01\/40-pagina-10-periodico-regional-pasto.jpg","contentUrl":"https:\/\/pagina10.com\/web\/wp-content\/uploads\/2024\/01\/40-pagina-10-periodico-regional-pasto.jpg","width":1280,"height":720,"caption":"P\u00e1gina10"},"image":{"@id":"https:\/\/pagina10.com\/web\/#\/schema\/logo\/image\/"},"sameAs":["https:\/\/www.facebook.com\/pag10com","https:\/\/x.com\/Pag10com","https:\/\/www.instagram.com\/pagina10col\/","https:\/\/youtube.com\/channel\/pag10","https:\/\/www.tiktok.com\/@p10col"]},{"@type":"Person","@id":"https:\/\/pagina10.com\/web\/#\/schema\/person\/9ec3e2b432363a195d2d01bf820c66fe","name":"Anibal Ar\u00e9valo Rosero","description":"An\u00edbal Ar\u00e9valo Rosero a trav\u00e9s de su vida ha realizado diversas actividades tendientes a reivindicar al ser humano en su conciencia plena. Durante su vida ha hecho teatro, a escrito poes\u00eda y en sus tiempos de universitario realiz\u00f3 varias publicaciones entre las que se recuerda la revista Quinde. Junto con otros compa\u00f1eros fund\u00f3 el Taller Cultural El Cueche, equipo con el que se hicieron varias publicaciones. De este mismo grupo hay que resaltar que se hizo un trabajo pionero en la difusi\u00f3n de la m\u00fasica andina, latinoamericana y del caribe. Despu\u00e9s de terminar sus estudios de biolog\u00eda en la Universidad de Nari\u00f1o entr\u00f3 a laborar en emisoras de la ciudad de Pasto como en RCN, donde se desempe\u00f1aba como locutor de planta. Dirigi\u00f3 programas en la extinta Ondas del Mayo, en varias oportunidades; tambi\u00e9n en Ecos de Pasto. Fue colaborador de el Noticias RCN y dirigi\u00f3 el programa Simana al D\u00eda, del Sindicato del Magisterio de Nari\u00f1o, en dos \u00e9pocas. En el a\u00f1o de 1992 funda el Comit\u00e9 de Solidaridad con Cuba Jos\u00e9 Mart\u00ed, cuyo objetivo era divulgar la realidad cubana y expresar apoyo moral, pol\u00edtico y material al pa\u00eds caribe\u00f1o. Ante la mala interpretaci\u00f3n que la gente le daba a este tipo de acciones, se decide promover viajes de solidad a Cuba para participar en la Brigada Latinoamericana de Trabajo Voluntario, en el Festival Cuba Vive y, de manera especia,l en el 14 Festival Mundial de la Juventud y los Estudiantes, que se desarroll\u00f3 en la isla en el a\u00f1o de 1997. Con esta experiencia impulsa el turismo al pa\u00eds caribe\u00f1o con el resultado de que miles de personas han participado de las excursiones organizadas por Ar\u00e9valo Rosero. Asimismo ha venido impulsando las Brigadas de Salud en Cuba, tendiente a llevar pacientes de c\u00e1ncer a ese destino con el fin de que reciban atenci\u00f3n m\u00e9dica, teniendo en cuenta que la experiencia cubana en el tema ha sido bastante favorable. Veinte a\u00f1os despu\u00e9s de estas nutritivas experiencias, le permiten impulsar excursiones adem\u00e1s a M\u00e9xico, Machu Picchu, Argentina, Ecuador, Panam\u00e1 y Tierra Santa. En cuanto al desempe\u00f1o period\u00edstico, adem\u00e1s de los medios radiales y de televisi\u00f3n, en los canales de la universidades de Nari\u00f1o y Mariana, se ha desempe\u00f1ado como columnista en Diario del Sur durante 6 a\u00f1os y en algunos medios virtuales. Tambi\u00e9n es colaborador de el Diario del Cauca. Considera que la pr\u00e1ctica de la lectura es beber de la fuente nutricia que permite apropiarse de manera consciente del ejercicio de la democracia; y la posibilidad de escribir y ser le\u00eddo, acceder al poder, por que considera la palabra como el mayor instrumento de acci\u00f3n cuando est\u00e1 bien encamina al leg\u00edtimo servicio social. En la actualidad adem\u00e1s de so\u00f1ar con viajar por el mundo se desempe\u00f1a como docente del departamento de ciencias de Inem Luis Delf\u00edn Insuasty de Pasto. Correo: Esta direcci\u00f3n de correo electr\u00f3nico est\u00e1 protegida contra spambots. Usted necesita tener Javascript activado para poder verla.\" target=\"_blank\" style=\"color: #1155cc; text-align: justify; font-family: arial, sans-serif; font-size: 13px; line-height: normal;\"&gt;fundacionecosofia@gmail.com","url":"https:\/\/pagina10.com\/web\/author\/anibal\/"}]}},"_links":{"self":[{"href":"https:\/\/pagina10.com\/web\/wp-json\/wp\/v2\/posts\/18458","targetHints":{"allow":["GET"]}}],"collection":[{"href":"https:\/\/pagina10.com\/web\/wp-json\/wp\/v2\/posts"}],"about":[{"href":"https:\/\/pagina10.com\/web\/wp-json\/wp\/v2\/types\/post"}],"author":[{"embeddable":true,"href":"https:\/\/pagina10.com\/web\/wp-json\/wp\/v2\/users\/65"}],"replies":[{"embeddable":true,"href":"https:\/\/pagina10.com\/web\/wp-json\/wp\/v2\/comments?post=18458"}],"version-history":[{"count":0,"href":"https:\/\/pagina10.com\/web\/wp-json\/wp\/v2\/posts\/18458\/revisions"}],"wp:featuredmedia":[{"embeddable":true,"href":"https:\/\/pagina10.com\/web\/wp-json\/wp\/v2\/media\/18457"}],"wp:attachment":[{"href":"https:\/\/pagina10.com\/web\/wp-json\/wp\/v2\/media?parent=18458"}],"wp:term":[{"taxonomy":"category","embeddable":true,"href":"https:\/\/pagina10.com\/web\/wp-json\/wp\/v2\/categories?post=18458"},{"taxonomy":"post_tag","embeddable":true,"href":"https:\/\/pagina10.com\/web\/wp-json\/wp\/v2\/tags?post=18458"}],"curies":[{"name":"wp","href":"https:\/\/api.w.org\/{rel}","templated":true}]}}