{"id":18460,"date":"2015-11-10T02:31:45","date_gmt":"2015-11-10T02:31:45","guid":{"rendered":"https:\/\/pagina10.com\/web\/cali-una-ciudad-que-baila-de-sur-a-norte-de-la-mano-de-la-juventud\/"},"modified":"2015-11-10T02:31:45","modified_gmt":"2015-11-10T02:31:45","slug":"cali-una-ciudad-que-baila-de-sur-a-norte-de-la-mano-de-la-juventud","status":"publish","type":"post","link":"https:\/\/pagina10.com\/web\/cali-una-ciudad-que-baila-de-sur-a-norte-de-la-mano-de-la-juventud\/","title":{"rendered":"Cali, una ciudad que baila de sur a norte de la mano de la juventud"},"content":{"rendered":"<p><img fetchpriority=\"high\" decoding=\"async\" class=\" size-full wp-image-18459\" src=\"https:\/\/pagina10.com\/web\/wp-content\/uploads\/2015\/11\/eb2f2f303eff7f9f151e36eeb6eb62e5.jpg\" alt=\"\" width=\"671\" height=\"503\" srcset=\"https:\/\/pagina10.com\/web\/wp-content\/uploads\/2015\/11\/eb2f2f303eff7f9f151e36eeb6eb62e5.jpg 671w, https:\/\/pagina10.com\/web\/wp-content\/uploads\/2015\/11\/eb2f2f303eff7f9f151e36eeb6eb62e5-300x225.jpg 300w, https:\/\/pagina10.com\/web\/wp-content\/uploads\/2015\/11\/eb2f2f303eff7f9f151e36eeb6eb62e5-86x64.jpg 86w\" sizes=\"(max-width: 671px) 100vw, 671px\" \/><\/p>\n<div style=\"text-align: justify;\">\n<div>El pasado viernes 6 de noviembre sali\u00f3 a escena la segunda Bienal Internacional de Danza en la ciudad de Cali, una urbe cosmopolita, que huele a az\u00facar y en cuyas calles, restaurantes, sitios p\u00fablicos y universidades se \u201crespira\u201d la salsa como una expresi\u00f3n del lenguaje corporal.<\/div>\n<div>&nbsp;<\/div>\n<div>La tercera ciudad de Colombia-despu\u00e9s de Bogot\u00e1 y Medell\u00edn a trav\u00e9s de un trabajo del sector p\u00fablico, privado y la academia hizo posible en la versi\u00f3n 2015 de la Bienal de danza un poder trasformaci\u00f3n social que se extiende de sur y a norte, donde el baile es el protagonista en todas sus expresiones.<\/div>\n<div>&nbsp;<\/div>\n<div>Este avance \u2013de orden cultural y social- que cuenta con el apoyo del sector gremial a trav\u00e9s de Cotelco, Fenalco, las empresas \u00e1reas y la red hotelera entre otros, tiene en Amparo Sinesterra de Carvajal a su cabeza visible \u2013que lidera un conglomerado humano de hombres y mujeres- que hacen posible que &nbsp;esta puesta en escena, sea aplaudida en los cuatro puntos cardinales de la ciudad de Cali y del departamento del Valle del Cauca.<\/div>\n<div>&nbsp;<\/div>\n<div>Para esta mujer \u2013que supera los 70 a\u00f1os- la danza es un instrumento que edifica paz. El baile expresa sentimientos. Una celebraci\u00f3n que facilita el encuentro entre los seres humanos, pero que a su vez hace que el compartir, se convierta en alegr\u00eda, fiesta y en todo una iluminaci\u00f3n del rostro de qui\u00e9n lo ejecuta, pero tambi\u00e9n de qui\u00e9n lo observa\u201d, subray\u00f3<\/div>\n<\/p><\/div>\n<div dir=\"ltr\" style=\"text-align: justify;\">&nbsp;<\/div>\n<div dir=\"ltr\" style=\"text-align: justify;\">&nbsp;<\/div>\n<div dir=\"ltr\" style=\"text-align: justify;\">En este sentido, en el recorrido que hizo PAGINA 10 &nbsp;por la capital vallecaucana, entre un manto verde de naturaleza, logr\u00f3 conocer como m\u00e1s de 5 mil j\u00f3venes, aceptaron la invitaci\u00f3n en sus vidas el baile, como fuente de vida, desde 22 comunas (barriadas). A ellas se suma la presencia de 26 compa\u00f1\u00edas de danzas colombianas y 12 internacionales, en una iniciativa que cuenta con el apoyo del Ministerio de Cultura, cuya titular Mariana Garc\u00e9s, acompa\u00f1o la apertura de la Bienal en la noche del viernes 6 de noviembre. Una noche m\u00e1gica que qued\u00f3 por siempre para los danzantes, pero tambi\u00e9n para quienes lo observaron \u2013publico, invitados y turistas nacionales y extranjeros-<\/div>\n","protected":false},"excerpt":{"rendered":"<p>El pasado viernes 6 de noviembre sali\u00f3 a escena la segunda Bienal Internacional de Danza en la ciudad de Cali, una urbe cosmopolita, que huele a az\u00facar y en cuyas calles, restaurantes, sitios p\u00fablicos y universidades se \u201crespira\u201d la salsa como una expresi\u00f3n del lenguaje corporal. &nbsp; La tercera ciudad de Colombia-despu\u00e9s de Bogot\u00e1 y [&hellip;]<\/p>\n","protected":false},"author":38,"featured_media":18459,"comment_status":"open","ping_status":"open","sticky":false,"template":"","format":"standard","meta":{"footnotes":""},"categories":[1],"tags":[],"class_list":["post-18460","post","type-post","status-publish","format-standard","has-post-thumbnail","hentry","category-sin-categoria"],"yoast_head":"<!-- This site is optimized with the Yoast SEO plugin v27.1.1 - https:\/\/yoast.com\/product\/yoast-seo-wordpress\/ -->\n<title>Cali, una ciudad que baila de sur a norte de la mano de la juventud | P\u00e1gina10<\/title>\n<meta name=\"robots\" content=\"index, follow, max-snippet:-1, max-image-preview:large, max-video-preview:-1\" \/>\n<link rel=\"canonical\" href=\"https:\/\/pagina10.com\/web\/cali-una-ciudad-que-baila-de-sur-a-norte-de-la-mano-de-la-juventud\/\" \/>\n<meta property=\"og:locale\" content=\"es_ES\" \/>\n<meta property=\"og:type\" content=\"article\" \/>\n<meta property=\"og:title\" content=\"Cali, una ciudad que baila de sur a norte de la mano de la juventud | P\u00e1gina10\" \/>\n<meta property=\"og:description\" content=\"El pasado viernes 6 de noviembre sali\u00f3 a escena la segunda Bienal Internacional de Danza en la ciudad de Cali, una urbe cosmopolita, que huele a az\u00facar y en cuyas calles, restaurantes, sitios p\u00fablicos y universidades se \u201crespira\u201d la salsa como una expresi\u00f3n del lenguaje corporal. &nbsp; La tercera ciudad de Colombia-despu\u00e9s de Bogot\u00e1 y [&hellip;]\" \/>\n<meta property=\"og:url\" content=\"https:\/\/pagina10.com\/web\/cali-una-ciudad-que-baila-de-sur-a-norte-de-la-mano-de-la-juventud\/\" \/>\n<meta property=\"og:site_name\" content=\"P\u00e1gina10\" \/>\n<meta property=\"article:publisher\" content=\"https:\/\/www.facebook.com\/pag10com\" \/>\n<meta property=\"article:published_time\" content=\"2015-11-10T02:31:45+00:00\" \/>\n<meta property=\"og:image\" content=\"https:\/\/pagina10.com\/web\/wp-content\/uploads\/2015\/11\/eb2f2f303eff7f9f151e36eeb6eb62e5.jpg\" \/>\n\t<meta property=\"og:image:width\" content=\"671\" \/>\n\t<meta property=\"og:image:height\" content=\"503\" \/>\n\t<meta property=\"og:image:type\" content=\"image\/jpeg\" \/>\n<meta name=\"author\" content=\"Carlos Villota Santacruz.\" \/>\n<meta name=\"twitter:card\" content=\"summary_large_image\" \/>\n<meta name=\"twitter:creator\" content=\"@Pag10com\" \/>\n<meta name=\"twitter:site\" content=\"@Pag10com\" \/>\n<meta name=\"twitter:label1\" content=\"Escrito por\" \/>\n\t<meta name=\"twitter:data1\" content=\"Carlos Villota Santacruz.\" \/>\n\t<meta name=\"twitter:label2\" content=\"Tiempo de lectura\" \/>\n\t<meta name=\"twitter:data2\" content=\"2 minutos\" \/>\n<script type=\"application\/ld+json\" class=\"yoast-schema-graph\">{\"@context\":\"https:\/\/schema.org\",\"@graph\":[{\"@type\":\"Article\",\"@id\":\"https:\/\/pagina10.com\/web\/cali-una-ciudad-que-baila-de-sur-a-norte-de-la-mano-de-la-juventud\/#article\",\"isPartOf\":{\"@id\":\"https:\/\/pagina10.com\/web\/cali-una-ciudad-que-baila-de-sur-a-norte-de-la-mano-de-la-juventud\/\"},\"author\":{\"name\":\"Carlos Villota Santacruz.\",\"@id\":\"https:\/\/pagina10.com\/web\/#\/schema\/person\/b459e2d15ec5ba9d5a2c9a81c71c4f7b\"},\"headline\":\"Cali, una ciudad que baila de sur a norte de la mano de la juventud\",\"datePublished\":\"2015-11-10T02:31:45+00:00\",\"mainEntityOfPage\":{\"@id\":\"https:\/\/pagina10.com\/web\/cali-una-ciudad-que-baila-de-sur-a-norte-de-la-mano-de-la-juventud\/\"},\"wordCount\":387,\"commentCount\":0,\"publisher\":{\"@id\":\"https:\/\/pagina10.com\/web\/#organization\"},\"image\":{\"@id\":\"https:\/\/pagina10.com\/web\/cali-una-ciudad-que-baila-de-sur-a-norte-de-la-mano-de-la-juventud\/#primaryimage\"},\"thumbnailUrl\":\"https:\/\/pagina10.com\/web\/wp-content\/uploads\/2015\/11\/eb2f2f303eff7f9f151e36eeb6eb62e5.jpg\",\"inLanguage\":\"es\",\"potentialAction\":[{\"@type\":\"CommentAction\",\"name\":\"Comment\",\"target\":[\"https:\/\/pagina10.com\/web\/cali-una-ciudad-que-baila-de-sur-a-norte-de-la-mano-de-la-juventud\/#respond\"]}]},{\"@type\":\"WebPage\",\"@id\":\"https:\/\/pagina10.com\/web\/cali-una-ciudad-que-baila-de-sur-a-norte-de-la-mano-de-la-juventud\/\",\"url\":\"https:\/\/pagina10.com\/web\/cali-una-ciudad-que-baila-de-sur-a-norte-de-la-mano-de-la-juventud\/\",\"name\":\"Cali, una ciudad que baila de sur a norte de la mano de la juventud | P\u00e1gina10\",\"isPartOf\":{\"@id\":\"https:\/\/pagina10.com\/web\/#website\"},\"primaryImageOfPage\":{\"@id\":\"https:\/\/pagina10.com\/web\/cali-una-ciudad-que-baila-de-sur-a-norte-de-la-mano-de-la-juventud\/#primaryimage\"},\"image\":{\"@id\":\"https:\/\/pagina10.com\/web\/cali-una-ciudad-que-baila-de-sur-a-norte-de-la-mano-de-la-juventud\/#primaryimage\"},\"thumbnailUrl\":\"https:\/\/pagina10.com\/web\/wp-content\/uploads\/2015\/11\/eb2f2f303eff7f9f151e36eeb6eb62e5.jpg\",\"datePublished\":\"2015-11-10T02:31:45+00:00\",\"breadcrumb\":{\"@id\":\"https:\/\/pagina10.com\/web\/cali-una-ciudad-que-baila-de-sur-a-norte-de-la-mano-de-la-juventud\/#breadcrumb\"},\"inLanguage\":\"es\",\"potentialAction\":[{\"@type\":\"ReadAction\",\"target\":[\"https:\/\/pagina10.com\/web\/cali-una-ciudad-que-baila-de-sur-a-norte-de-la-mano-de-la-juventud\/\"]}]},{\"@type\":\"ImageObject\",\"inLanguage\":\"es\",\"@id\":\"https:\/\/pagina10.com\/web\/cali-una-ciudad-que-baila-de-sur-a-norte-de-la-mano-de-la-juventud\/#primaryimage\",\"url\":\"https:\/\/pagina10.com\/web\/wp-content\/uploads\/2015\/11\/eb2f2f303eff7f9f151e36eeb6eb62e5.jpg\",\"contentUrl\":\"https:\/\/pagina10.com\/web\/wp-content\/uploads\/2015\/11\/eb2f2f303eff7f9f151e36eeb6eb62e5.jpg\",\"width\":671,\"height\":503},{\"@type\":\"BreadcrumbList\",\"@id\":\"https:\/\/pagina10.com\/web\/cali-una-ciudad-que-baila-de-sur-a-norte-de-la-mano-de-la-juventud\/#breadcrumb\",\"itemListElement\":[{\"@type\":\"ListItem\",\"position\":1,\"name\":\"Portada\",\"item\":\"https:\/\/pagina10.com\/web\/\"},{\"@type\":\"ListItem\",\"position\":2,\"name\":\"Cali, una ciudad que baila de sur a norte de la mano de la juventud\"}]},{\"@type\":\"WebSite\",\"@id\":\"https:\/\/pagina10.com\/web\/#website\",\"url\":\"https:\/\/pagina10.com\/web\/\",\"name\":\"P\u00e1gina10\",\"description\":\"Peri\u00f3dico Regional\",\"publisher\":{\"@id\":\"https:\/\/pagina10.com\/web\/#organization\"},\"alternateName\":\"P\u00e1gina10 Peri\u00f3dico Regional\",\"potentialAction\":[{\"@type\":\"SearchAction\",\"target\":{\"@type\":\"EntryPoint\",\"urlTemplate\":\"https:\/\/pagina10.com\/web\/?s={search_term_string}\"},\"query-input\":{\"@type\":\"PropertyValueSpecification\",\"valueRequired\":true,\"valueName\":\"search_term_string\"}}],\"inLanguage\":\"es\"},{\"@type\":\"Organization\",\"@id\":\"https:\/\/pagina10.com\/web\/#organization\",\"name\":\"P\u00e1gina10\",\"alternateName\":\"P\u00e1gina10 Peri\u00f3dico Regional\",\"url\":\"https:\/\/pagina10.com\/web\/\",\"logo\":{\"@type\":\"ImageObject\",\"inLanguage\":\"es\",\"@id\":\"https:\/\/pagina10.com\/web\/#\/schema\/logo\/image\/\",\"url\":\"https:\/\/pagina10.com\/web\/wp-content\/uploads\/2024\/01\/40-pagina-10-periodico-regional-pasto.jpg\",\"contentUrl\":\"https:\/\/pagina10.com\/web\/wp-content\/uploads\/2024\/01\/40-pagina-10-periodico-regional-pasto.jpg\",\"width\":1280,\"height\":720,\"caption\":\"P\u00e1gina10\"},\"image\":{\"@id\":\"https:\/\/pagina10.com\/web\/#\/schema\/logo\/image\/\"},\"sameAs\":[\"https:\/\/www.facebook.com\/pag10com\",\"https:\/\/x.com\/Pag10com\",\"https:\/\/www.instagram.com\/pagina10col\/\",\"https:\/\/youtube.com\/channel\/pag10\",\"https:\/\/www.tiktok.com\/@p10col\"]},{\"@type\":\"Person\",\"@id\":\"https:\/\/pagina10.com\/web\/#\/schema\/person\/b459e2d15ec5ba9d5a2c9a81c71c4f7b\",\"name\":\"Carlos Villota Santacruz.\",\"description\":\"Internacionalista-Comunicador Social y Periodista. Experto en Comunicaci\u00f3n para el desarrollo y ciudad-regi\u00f3n.. Promotor de proyectos e investigaci\u00f3n comunicativa en radio, prensa y televisi\u00f3n. Experiencia en el manejo de imagen externa, interna y protocolaria de entidades p\u00fablicas y privadas, encuentros culturales, empresariales y ambientales. Docente en el \u00e1rea de televisi\u00f3n, relaciones internacionales y bloques econ\u00f3micos. Experto y conferencista en temas de marketing pol\u00edtico, marketing de ciudad, integraci\u00f3n cultural, TLC y desarrollo urban\u00edstico. E-mail: villotasantacruzcarlos@yahoo.com.co\",\"url\":\"https:\/\/pagina10.com\/web\/author\/cvillota\/\"}]}<\/script>\n<!-- \/ Yoast SEO plugin. -->","yoast_head_json":{"title":"Cali, una ciudad que baila de sur a norte de la mano de la juventud | P\u00e1gina10","robots":{"index":"index","follow":"follow","max-snippet":"max-snippet:-1","max-image-preview":"max-image-preview:large","max-video-preview":"max-video-preview:-1"},"canonical":"https:\/\/pagina10.com\/web\/cali-una-ciudad-que-baila-de-sur-a-norte-de-la-mano-de-la-juventud\/","og_locale":"es_ES","og_type":"article","og_title":"Cali, una ciudad que baila de sur a norte de la mano de la juventud | P\u00e1gina10","og_description":"El pasado viernes 6 de noviembre sali\u00f3 a escena la segunda Bienal Internacional de Danza en la ciudad de Cali, una urbe cosmopolita, que huele a az\u00facar y en cuyas calles, restaurantes, sitios p\u00fablicos y universidades se \u201crespira\u201d la salsa como una expresi\u00f3n del lenguaje corporal. &nbsp; La tercera ciudad de Colombia-despu\u00e9s de Bogot\u00e1 y [&hellip;]","og_url":"https:\/\/pagina10.com\/web\/cali-una-ciudad-que-baila-de-sur-a-norte-de-la-mano-de-la-juventud\/","og_site_name":"P\u00e1gina10","article_publisher":"https:\/\/www.facebook.com\/pag10com","article_published_time":"2015-11-10T02:31:45+00:00","og_image":[{"width":671,"height":503,"url":"https:\/\/pagina10.com\/web\/wp-content\/uploads\/2015\/11\/eb2f2f303eff7f9f151e36eeb6eb62e5.jpg","type":"image\/jpeg"}],"author":"Carlos Villota Santacruz.","twitter_card":"summary_large_image","twitter_creator":"@Pag10com","twitter_site":"@Pag10com","twitter_misc":{"Escrito por":"Carlos Villota Santacruz.","Tiempo de lectura":"2 minutos"},"schema":{"@context":"https:\/\/schema.org","@graph":[{"@type":"Article","@id":"https:\/\/pagina10.com\/web\/cali-una-ciudad-que-baila-de-sur-a-norte-de-la-mano-de-la-juventud\/#article","isPartOf":{"@id":"https:\/\/pagina10.com\/web\/cali-una-ciudad-que-baila-de-sur-a-norte-de-la-mano-de-la-juventud\/"},"author":{"name":"Carlos Villota Santacruz.","@id":"https:\/\/pagina10.com\/web\/#\/schema\/person\/b459e2d15ec5ba9d5a2c9a81c71c4f7b"},"headline":"Cali, una ciudad que baila de sur a norte de la mano de la juventud","datePublished":"2015-11-10T02:31:45+00:00","mainEntityOfPage":{"@id":"https:\/\/pagina10.com\/web\/cali-una-ciudad-que-baila-de-sur-a-norte-de-la-mano-de-la-juventud\/"},"wordCount":387,"commentCount":0,"publisher":{"@id":"https:\/\/pagina10.com\/web\/#organization"},"image":{"@id":"https:\/\/pagina10.com\/web\/cali-una-ciudad-que-baila-de-sur-a-norte-de-la-mano-de-la-juventud\/#primaryimage"},"thumbnailUrl":"https:\/\/pagina10.com\/web\/wp-content\/uploads\/2015\/11\/eb2f2f303eff7f9f151e36eeb6eb62e5.jpg","inLanguage":"es","potentialAction":[{"@type":"CommentAction","name":"Comment","target":["https:\/\/pagina10.com\/web\/cali-una-ciudad-que-baila-de-sur-a-norte-de-la-mano-de-la-juventud\/#respond"]}]},{"@type":"WebPage","@id":"https:\/\/pagina10.com\/web\/cali-una-ciudad-que-baila-de-sur-a-norte-de-la-mano-de-la-juventud\/","url":"https:\/\/pagina10.com\/web\/cali-una-ciudad-que-baila-de-sur-a-norte-de-la-mano-de-la-juventud\/","name":"Cali, una ciudad que baila de sur a norte de la mano de la juventud | P\u00e1gina10","isPartOf":{"@id":"https:\/\/pagina10.com\/web\/#website"},"primaryImageOfPage":{"@id":"https:\/\/pagina10.com\/web\/cali-una-ciudad-que-baila-de-sur-a-norte-de-la-mano-de-la-juventud\/#primaryimage"},"image":{"@id":"https:\/\/pagina10.com\/web\/cali-una-ciudad-que-baila-de-sur-a-norte-de-la-mano-de-la-juventud\/#primaryimage"},"thumbnailUrl":"https:\/\/pagina10.com\/web\/wp-content\/uploads\/2015\/11\/eb2f2f303eff7f9f151e36eeb6eb62e5.jpg","datePublished":"2015-11-10T02:31:45+00:00","breadcrumb":{"@id":"https:\/\/pagina10.com\/web\/cali-una-ciudad-que-baila-de-sur-a-norte-de-la-mano-de-la-juventud\/#breadcrumb"},"inLanguage":"es","potentialAction":[{"@type":"ReadAction","target":["https:\/\/pagina10.com\/web\/cali-una-ciudad-que-baila-de-sur-a-norte-de-la-mano-de-la-juventud\/"]}]},{"@type":"ImageObject","inLanguage":"es","@id":"https:\/\/pagina10.com\/web\/cali-una-ciudad-que-baila-de-sur-a-norte-de-la-mano-de-la-juventud\/#primaryimage","url":"https:\/\/pagina10.com\/web\/wp-content\/uploads\/2015\/11\/eb2f2f303eff7f9f151e36eeb6eb62e5.jpg","contentUrl":"https:\/\/pagina10.com\/web\/wp-content\/uploads\/2015\/11\/eb2f2f303eff7f9f151e36eeb6eb62e5.jpg","width":671,"height":503},{"@type":"BreadcrumbList","@id":"https:\/\/pagina10.com\/web\/cali-una-ciudad-que-baila-de-sur-a-norte-de-la-mano-de-la-juventud\/#breadcrumb","itemListElement":[{"@type":"ListItem","position":1,"name":"Portada","item":"https:\/\/pagina10.com\/web\/"},{"@type":"ListItem","position":2,"name":"Cali, una ciudad que baila de sur a norte de la mano de la juventud"}]},{"@type":"WebSite","@id":"https:\/\/pagina10.com\/web\/#website","url":"https:\/\/pagina10.com\/web\/","name":"P\u00e1gina10","description":"Peri\u00f3dico Regional","publisher":{"@id":"https:\/\/pagina10.com\/web\/#organization"},"alternateName":"P\u00e1gina10 Peri\u00f3dico Regional","potentialAction":[{"@type":"SearchAction","target":{"@type":"EntryPoint","urlTemplate":"https:\/\/pagina10.com\/web\/?s={search_term_string}"},"query-input":{"@type":"PropertyValueSpecification","valueRequired":true,"valueName":"search_term_string"}}],"inLanguage":"es"},{"@type":"Organization","@id":"https:\/\/pagina10.com\/web\/#organization","name":"P\u00e1gina10","alternateName":"P\u00e1gina10 Peri\u00f3dico Regional","url":"https:\/\/pagina10.com\/web\/","logo":{"@type":"ImageObject","inLanguage":"es","@id":"https:\/\/pagina10.com\/web\/#\/schema\/logo\/image\/","url":"https:\/\/pagina10.com\/web\/wp-content\/uploads\/2024\/01\/40-pagina-10-periodico-regional-pasto.jpg","contentUrl":"https:\/\/pagina10.com\/web\/wp-content\/uploads\/2024\/01\/40-pagina-10-periodico-regional-pasto.jpg","width":1280,"height":720,"caption":"P\u00e1gina10"},"image":{"@id":"https:\/\/pagina10.com\/web\/#\/schema\/logo\/image\/"},"sameAs":["https:\/\/www.facebook.com\/pag10com","https:\/\/x.com\/Pag10com","https:\/\/www.instagram.com\/pagina10col\/","https:\/\/youtube.com\/channel\/pag10","https:\/\/www.tiktok.com\/@p10col"]},{"@type":"Person","@id":"https:\/\/pagina10.com\/web\/#\/schema\/person\/b459e2d15ec5ba9d5a2c9a81c71c4f7b","name":"Carlos Villota Santacruz.","description":"Internacionalista-Comunicador Social y Periodista. Experto en Comunicaci\u00f3n para el desarrollo y ciudad-regi\u00f3n.. Promotor de proyectos e investigaci\u00f3n comunicativa en radio, prensa y televisi\u00f3n. Experiencia en el manejo de imagen externa, interna y protocolaria de entidades p\u00fablicas y privadas, encuentros culturales, empresariales y ambientales. Docente en el \u00e1rea de televisi\u00f3n, relaciones internacionales y bloques econ\u00f3micos. Experto y conferencista en temas de marketing pol\u00edtico, marketing de ciudad, integraci\u00f3n cultural, TLC y desarrollo urban\u00edstico. E-mail: villotasantacruzcarlos@yahoo.com.co","url":"https:\/\/pagina10.com\/web\/author\/cvillota\/"}]}},"_links":{"self":[{"href":"https:\/\/pagina10.com\/web\/wp-json\/wp\/v2\/posts\/18460","targetHints":{"allow":["GET"]}}],"collection":[{"href":"https:\/\/pagina10.com\/web\/wp-json\/wp\/v2\/posts"}],"about":[{"href":"https:\/\/pagina10.com\/web\/wp-json\/wp\/v2\/types\/post"}],"author":[{"embeddable":true,"href":"https:\/\/pagina10.com\/web\/wp-json\/wp\/v2\/users\/38"}],"replies":[{"embeddable":true,"href":"https:\/\/pagina10.com\/web\/wp-json\/wp\/v2\/comments?post=18460"}],"version-history":[{"count":0,"href":"https:\/\/pagina10.com\/web\/wp-json\/wp\/v2\/posts\/18460\/revisions"}],"wp:featuredmedia":[{"embeddable":true,"href":"https:\/\/pagina10.com\/web\/wp-json\/wp\/v2\/media\/18459"}],"wp:attachment":[{"href":"https:\/\/pagina10.com\/web\/wp-json\/wp\/v2\/media?parent=18460"}],"wp:term":[{"taxonomy":"category","embeddable":true,"href":"https:\/\/pagina10.com\/web\/wp-json\/wp\/v2\/categories?post=18460"},{"taxonomy":"post_tag","embeddable":true,"href":"https:\/\/pagina10.com\/web\/wp-json\/wp\/v2\/tags?post=18460"}],"curies":[{"name":"wp","href":"https:\/\/api.w.org\/{rel}","templated":true}]}}