{"id":18462,"date":"2015-11-10T02:36:41","date_gmt":"2015-11-10T02:36:41","guid":{"rendered":"https:\/\/pagina10.com\/web\/en-policarpa-se-clausuro-con-exito-jornada-juega-por-la-vida-del-mindefensa\/"},"modified":"2015-11-10T02:36:41","modified_gmt":"2015-11-10T02:36:41","slug":"en-policarpa-se-clausuro-con-exito-jornada-juega-por-la-vida-del-mindefensa","status":"publish","type":"post","link":"https:\/\/pagina10.com\/web\/en-policarpa-se-clausuro-con-exito-jornada-juega-por-la-vida-del-mindefensa\/","title":{"rendered":"En Policarpa se clausur\u00f3 con \u00e9xito jornada \u201cJuega por la Vida\u201d del Mindefensa"},"content":{"rendered":"<p><img fetchpriority=\"high\" decoding=\"async\" class=\" size-full wp-image-18461\" src=\"https:\/\/pagina10.com\/web\/wp-content\/uploads\/2015\/11\/32de5b190ef8d0fcb929ac58e8a5ddd9.jpg\" alt=\"\" width=\"1600\" height=\"900\" srcset=\"https:\/\/pagina10.com\/web\/wp-content\/uploads\/2015\/11\/32de5b190ef8d0fcb929ac58e8a5ddd9.jpg 1600w, https:\/\/pagina10.com\/web\/wp-content\/uploads\/2015\/11\/32de5b190ef8d0fcb929ac58e8a5ddd9-300x169.jpg 300w, https:\/\/pagina10.com\/web\/wp-content\/uploads\/2015\/11\/32de5b190ef8d0fcb929ac58e8a5ddd9-1024x576.jpg 1024w, https:\/\/pagina10.com\/web\/wp-content\/uploads\/2015\/11\/32de5b190ef8d0fcb929ac58e8a5ddd9-768x432.jpg 768w, https:\/\/pagina10.com\/web\/wp-content\/uploads\/2015\/11\/32de5b190ef8d0fcb929ac58e8a5ddd9-1536x864.jpg 1536w\" sizes=\"(max-width: 1600px) 100vw, 1600px\" \/><\/p>\n<p style=\"text-align: justify;\">En un evento que congreg\u00f3 a m\u00e1s de 3000 habitantes del municipio de Policarpa en Nari\u00f1o, se clausur\u00f3 con total \u00e9xito, la jornada &#8220;Juega por la Vida&#8221;, promovida por el Ministerio de Defensa Nacional, mediante un trabajo articulado con el Ej\u00e9rcito Nacional, que se adelanta actualmente en 14 municipios del pa\u00eds, afectados por el reclutamiento il\u00edcito de menores de edad por parte de grupos armados al margen de la ley.<\/p>\n<p style=\"text-align: justify;\">Con gran afluencia de p\u00fablico se dio fin a esta jornada cultural y deportiva, que benefici\u00f3 a aproximadamente 1.200 ni\u00f1os, ni\u00f1as, adolescentes y adultos de este sector apartado del Sur Occidente Colombiano, que entre bailes, obras de teatro, presentaciones musicales y danzas t\u00edpicas de la regi\u00f3n protagonizadas por los m\u00e1s peque\u00f1os, demostraron el gran talento y capacidad art\u00edstica, que caracterizan a la gente pujante, emprendedora e ingeniosa de este municipio.<\/p>\n<p style=\"text-align: justify;\">Fueron seis d\u00edas de deporte al m\u00e1ximo, recreaci\u00f3n, cultura y actividades de sano esparcimiento, como concursos de pintura, cine al parque, caminatas ecol\u00f3gicas, charlas de prevenci\u00f3n y conversatorios sobre equidad de g\u00e9nero, educaci\u00f3n para la democracia, resoluci\u00f3n pac\u00edfica de conflictos y protecci\u00f3n de derechos en menores de edad; adem\u00e1s de campeonatos deportivos en las diferentes disciplinas, que generaron gran impacto en esta poblaci\u00f3n, a trav\u00e9s de esta campa\u00f1a de prevenci\u00f3n, que busca generar espacios de participaci\u00f3n en los menores de edad en condiciones de vulnerabilidad, con el fin de prevenirlos para que no ingresen en las filas de grupos al margen de la ley y se conviertan en las pr\u00f3ximas v\u00edctimas del conflicto armado.<\/p>\n<p style=\"text-align: justify;\">Valores y principios como la paz, lealtad, respeto, equidad, motivaci\u00f3n, responsabilidad, disciplina, amistad, compromiso, tolerancia, solidaridad, liderazgo y trabajo en equipo fueron los protagonistas del certamen y los nombres de cada equipo para los encuentros de los campeonatos que se disputaron en el polideportivo &#8220;Silvio Rosero Apr\u00e1ez&#8221; de la localidad, donde diferentes corregimientos y veredas del municipio de Policarpa, entre ellos, Altamira, Santacruz, El Ejido, Restrepo y Madrigales, hicieron presencia y se enfrentaron para obtener el triunfo y quedarse con el trofeo, que en esta oportunidad se lo llevo el equipo &#8220;Disciplina&#8221; de la Instituci\u00f3n Educativa Policarpa. En total fueron 10 los equipos representados en cada valor y convocados por esta actividad, que definieron una gran partida futbol\u00edstica, de microf\u00fatbol y baloncesto que al final culmin\u00f3 con la premiaci\u00f3n a la participaci\u00f3n y entrega de cada participante.<\/p>\n<p style=\"text-align: justify;\">Para premiar a los equipos ganadores en las diferentes categor\u00edas y como aporte a la jornada, el Ministerio de Defensa Nacional entreg\u00f3 durante el bingo que se organiz\u00f3 para cerrar con broche de oro la jornada, grandes premios como televisores, computadores port\u00e1tiles, bicicletas, uniformes, zapatos y balones, entre otros, adem\u00e1s de refrigerios, a trav\u00e9s del Grupo Asesor del Comandante \u2013 GAC, que beneficiaron a centenares de ni\u00f1os participantes en el evento.<\/p>\n<p style=\"text-align: justify;\">Para Edwin Madro\u00f1ero estudiante de grado s\u00e9ptimo de la Instituci\u00f3n Educativa Policarpa e integrante del equipo ganador del encuentro futbolero, el desarrollo de estas jornadas y la entrega de estos premios, son importantes para incentivar en los j\u00f3venes el deporte y la cultura, haciendo buen uso del tiempo libre y evitando que se vayan por el camino de la drogadicci\u00f3n y la violencia, lo que les ayuda a forjar sus sue\u00f1os, como el de Edwin, que anhela con ser un gran deportista, por lo que adem\u00e1s agradeci\u00f3 al Ejercito Nacional y al Ministerio de Defensa por la entrega de su bicicleta.<\/p>\n<p style=\"text-align: justify;\">El evento adem\u00e1s cont\u00f3 con el apoyo de las instituciones comprometidas en la Prevenci\u00f3n del Reclutamiento Il\u00edcito de Ni\u00f1os, Ni\u00f1as y Adolescentes, adem\u00e1s de autoridades locales como la Alcald\u00eda Municipal, Polic\u00eda Nacional, Secretar\u00eda de Gobierno Municipal, padres de familia y docentes de las instituciones educativas del municipio.<\/p>\n<p style=\"text-align: justify;\">Esta jornada que dio inicio con un desfile, en la que tanto ni\u00f1os como padres de familia marcharon por las principales v\u00edas del municipio con mensajes alusivos a la paz, justicia y reconciliaci\u00f3n, se orient\u00f3 hacia la importancia de incentivar el aprovechamiento del buen uso del tiempo libre en los menores de edad y apoyarlos en la construcci\u00f3n de su proyecto de vida, a trav\u00e9s de acciones que permitan concientizar a la sociedad en general, sobre la necesidad de rodearlos de amor, apoyo, comprensi\u00f3n y educaci\u00f3n, construyendo opciones de vida dentro de la legalidad, para evitar que se conviertan en v\u00edctimas del conflicto armado.<\/p>\n<p style=\"text-align: justify;\">De esta manera tropas del Batall\u00f3n de Infanter\u00eda No.9 &#8220;Batalla de Boyac\u00e1&#8221; y de la Brigada M\u00f3vil No.19, convirtieron a Policarpa en uno de los 14 municipios seleccionados a nivel nacional, para el desarrollo de esta iniciativa orientada al concepto de persistencia y la utilizaci\u00f3n de herramientas no kin\u00e9ticas para ganar el coraz\u00f3n y la mente de la poblaci\u00f3n civil, que adem\u00e1s busc\u00f3 influir directa y positivamente en los menores participantes a trav\u00e9s de entornos de protecci\u00f3n y la ense\u00f1anza del buen uso del tiempo libre.<\/p>\n<p style=\"text-align: justify;\">El Ministerio de Defensa y el Ej\u00e9rcito Nacional seguir\u00e1n promoviendo este tipo de actividades en la que los ni\u00f1os, ni\u00f1as y adolescentes tengan derecho a la vida y a un ambiente sano en condiciones de dignidad y goce de todos sus derechos.<\/p>\n","protected":false},"excerpt":{"rendered":"<p>En un evento que congreg\u00f3 a m\u00e1s de 3000 habitantes del municipio de Policarpa en Nari\u00f1o, se clausur\u00f3 con total \u00e9xito, la jornada &#8220;Juega por la Vida&#8221;, promovida por el Ministerio de Defensa Nacional, mediante un trabajo articulado con el Ej\u00e9rcito Nacional, que se adelanta actualmente en 14 municipios del pa\u00eds, afectados por el reclutamiento [&hellip;]<\/p>\n","protected":false},"author":29,"featured_media":18461,"comment_status":"open","ping_status":"open","sticky":false,"template":"","format":"standard","meta":{"footnotes":""},"categories":[1],"tags":[],"class_list":["post-18462","post","type-post","status-publish","format-standard","has-post-thumbnail","hentry","category-sin-categoria"],"yoast_head":"<!-- This site is optimized with the Yoast SEO plugin v27.1.1 - https:\/\/yoast.com\/product\/yoast-seo-wordpress\/ -->\n<title>En Policarpa se clausur\u00f3 con \u00e9xito jornada \u201cJuega por la Vida\u201d del Mindefensa | P\u00e1gina10<\/title>\n<meta name=\"robots\" content=\"index, follow, max-snippet:-1, max-image-preview:large, max-video-preview:-1\" \/>\n<link rel=\"canonical\" href=\"https:\/\/pagina10.com\/web\/en-policarpa-se-clausuro-con-exito-jornada-juega-por-la-vida-del-mindefensa\/\" \/>\n<meta property=\"og:locale\" content=\"es_ES\" \/>\n<meta property=\"og:type\" content=\"article\" \/>\n<meta property=\"og:title\" content=\"En Policarpa se clausur\u00f3 con \u00e9xito jornada \u201cJuega por la Vida\u201d del Mindefensa | P\u00e1gina10\" \/>\n<meta property=\"og:description\" content=\"En un evento que congreg\u00f3 a m\u00e1s de 3000 habitantes del municipio de Policarpa en Nari\u00f1o, se clausur\u00f3 con total \u00e9xito, la jornada &#8220;Juega por la Vida&#8221;, promovida por el Ministerio de Defensa Nacional, mediante un trabajo articulado con el Ej\u00e9rcito Nacional, que se adelanta actualmente en 14 municipios del pa\u00eds, afectados por el reclutamiento [&hellip;]\" \/>\n<meta property=\"og:url\" content=\"https:\/\/pagina10.com\/web\/en-policarpa-se-clausuro-con-exito-jornada-juega-por-la-vida-del-mindefensa\/\" \/>\n<meta property=\"og:site_name\" content=\"P\u00e1gina10\" \/>\n<meta property=\"article:publisher\" content=\"https:\/\/www.facebook.com\/pag10com\" \/>\n<meta property=\"article:published_time\" content=\"2015-11-10T02:36:41+00:00\" \/>\n<meta property=\"og:image\" content=\"https:\/\/pagina10.com\/web\/wp-content\/uploads\/2015\/11\/32de5b190ef8d0fcb929ac58e8a5ddd9.jpg\" \/>\n\t<meta property=\"og:image:width\" content=\"1600\" \/>\n\t<meta property=\"og:image:height\" content=\"900\" \/>\n\t<meta property=\"og:image:type\" content=\"image\/jpeg\" \/>\n<meta name=\"author\" content=\"P\u00e1gina 10\" \/>\n<meta name=\"twitter:card\" content=\"summary_large_image\" \/>\n<meta name=\"twitter:creator\" content=\"@Pag10com\" \/>\n<meta name=\"twitter:site\" content=\"@Pag10com\" \/>\n<meta name=\"twitter:label1\" content=\"Escrito por\" \/>\n\t<meta name=\"twitter:data1\" content=\"P\u00e1gina 10\" \/>\n\t<meta name=\"twitter:label2\" content=\"Tiempo de lectura\" \/>\n\t<meta name=\"twitter:data2\" content=\"5 minutos\" \/>\n<script type=\"application\/ld+json\" class=\"yoast-schema-graph\">{\"@context\":\"https:\/\/schema.org\",\"@graph\":[{\"@type\":\"Article\",\"@id\":\"https:\/\/pagina10.com\/web\/en-policarpa-se-clausuro-con-exito-jornada-juega-por-la-vida-del-mindefensa\/#article\",\"isPartOf\":{\"@id\":\"https:\/\/pagina10.com\/web\/en-policarpa-se-clausuro-con-exito-jornada-juega-por-la-vida-del-mindefensa\/\"},\"author\":{\"name\":\"P\u00e1gina 10\",\"@id\":\"https:\/\/pagina10.com\/web\/#\/schema\/person\/a7a5d38f0629dfc107f619fbae4f6cc3\"},\"headline\":\"En Policarpa se clausur\u00f3 con \u00e9xito jornada \u201cJuega por la Vida\u201d del Mindefensa\",\"datePublished\":\"2015-11-10T02:36:41+00:00\",\"mainEntityOfPage\":{\"@id\":\"https:\/\/pagina10.com\/web\/en-policarpa-se-clausuro-con-exito-jornada-juega-por-la-vida-del-mindefensa\/\"},\"wordCount\":931,\"commentCount\":0,\"publisher\":{\"@id\":\"https:\/\/pagina10.com\/web\/#organization\"},\"image\":{\"@id\":\"https:\/\/pagina10.com\/web\/en-policarpa-se-clausuro-con-exito-jornada-juega-por-la-vida-del-mindefensa\/#primaryimage\"},\"thumbnailUrl\":\"https:\/\/pagina10.com\/web\/wp-content\/uploads\/2015\/11\/32de5b190ef8d0fcb929ac58e8a5ddd9.jpg\",\"inLanguage\":\"es\",\"potentialAction\":[{\"@type\":\"CommentAction\",\"name\":\"Comment\",\"target\":[\"https:\/\/pagina10.com\/web\/en-policarpa-se-clausuro-con-exito-jornada-juega-por-la-vida-del-mindefensa\/#respond\"]}]},{\"@type\":\"WebPage\",\"@id\":\"https:\/\/pagina10.com\/web\/en-policarpa-se-clausuro-con-exito-jornada-juega-por-la-vida-del-mindefensa\/\",\"url\":\"https:\/\/pagina10.com\/web\/en-policarpa-se-clausuro-con-exito-jornada-juega-por-la-vida-del-mindefensa\/\",\"name\":\"En Policarpa se clausur\u00f3 con \u00e9xito jornada \u201cJuega por la Vida\u201d del Mindefensa | P\u00e1gina10\",\"isPartOf\":{\"@id\":\"https:\/\/pagina10.com\/web\/#website\"},\"primaryImageOfPage\":{\"@id\":\"https:\/\/pagina10.com\/web\/en-policarpa-se-clausuro-con-exito-jornada-juega-por-la-vida-del-mindefensa\/#primaryimage\"},\"image\":{\"@id\":\"https:\/\/pagina10.com\/web\/en-policarpa-se-clausuro-con-exito-jornada-juega-por-la-vida-del-mindefensa\/#primaryimage\"},\"thumbnailUrl\":\"https:\/\/pagina10.com\/web\/wp-content\/uploads\/2015\/11\/32de5b190ef8d0fcb929ac58e8a5ddd9.jpg\",\"datePublished\":\"2015-11-10T02:36:41+00:00\",\"breadcrumb\":{\"@id\":\"https:\/\/pagina10.com\/web\/en-policarpa-se-clausuro-con-exito-jornada-juega-por-la-vida-del-mindefensa\/#breadcrumb\"},\"inLanguage\":\"es\",\"potentialAction\":[{\"@type\":\"ReadAction\",\"target\":[\"https:\/\/pagina10.com\/web\/en-policarpa-se-clausuro-con-exito-jornada-juega-por-la-vida-del-mindefensa\/\"]}]},{\"@type\":\"ImageObject\",\"inLanguage\":\"es\",\"@id\":\"https:\/\/pagina10.com\/web\/en-policarpa-se-clausuro-con-exito-jornada-juega-por-la-vida-del-mindefensa\/#primaryimage\",\"url\":\"https:\/\/pagina10.com\/web\/wp-content\/uploads\/2015\/11\/32de5b190ef8d0fcb929ac58e8a5ddd9.jpg\",\"contentUrl\":\"https:\/\/pagina10.com\/web\/wp-content\/uploads\/2015\/11\/32de5b190ef8d0fcb929ac58e8a5ddd9.jpg\",\"width\":1600,\"height\":900},{\"@type\":\"BreadcrumbList\",\"@id\":\"https:\/\/pagina10.com\/web\/en-policarpa-se-clausuro-con-exito-jornada-juega-por-la-vida-del-mindefensa\/#breadcrumb\",\"itemListElement\":[{\"@type\":\"ListItem\",\"position\":1,\"name\":\"Portada\",\"item\":\"https:\/\/pagina10.com\/web\/\"},{\"@type\":\"ListItem\",\"position\":2,\"name\":\"En Policarpa se clausur\u00f3 con \u00e9xito jornada \u201cJuega por la Vida\u201d del Mindefensa\"}]},{\"@type\":\"WebSite\",\"@id\":\"https:\/\/pagina10.com\/web\/#website\",\"url\":\"https:\/\/pagina10.com\/web\/\",\"name\":\"P\u00e1gina10\",\"description\":\"Peri\u00f3dico Regional\",\"publisher\":{\"@id\":\"https:\/\/pagina10.com\/web\/#organization\"},\"alternateName\":\"P\u00e1gina10 Peri\u00f3dico Regional\",\"potentialAction\":[{\"@type\":\"SearchAction\",\"target\":{\"@type\":\"EntryPoint\",\"urlTemplate\":\"https:\/\/pagina10.com\/web\/?s={search_term_string}\"},\"query-input\":{\"@type\":\"PropertyValueSpecification\",\"valueRequired\":true,\"valueName\":\"search_term_string\"}}],\"inLanguage\":\"es\"},{\"@type\":\"Organization\",\"@id\":\"https:\/\/pagina10.com\/web\/#organization\",\"name\":\"P\u00e1gina10\",\"alternateName\":\"P\u00e1gina10 Peri\u00f3dico Regional\",\"url\":\"https:\/\/pagina10.com\/web\/\",\"logo\":{\"@type\":\"ImageObject\",\"inLanguage\":\"es\",\"@id\":\"https:\/\/pagina10.com\/web\/#\/schema\/logo\/image\/\",\"url\":\"https:\/\/pagina10.com\/web\/wp-content\/uploads\/2024\/01\/40-pagina-10-periodico-regional-pasto.jpg\",\"contentUrl\":\"https:\/\/pagina10.com\/web\/wp-content\/uploads\/2024\/01\/40-pagina-10-periodico-regional-pasto.jpg\",\"width\":1280,\"height\":720,\"caption\":\"P\u00e1gina10\"},\"image\":{\"@id\":\"https:\/\/pagina10.com\/web\/#\/schema\/logo\/image\/\"},\"sameAs\":[\"https:\/\/www.facebook.com\/pag10com\",\"https:\/\/x.com\/Pag10com\",\"https:\/\/www.instagram.com\/pagina10col\/\",\"https:\/\/youtube.com\/channel\/pag10\",\"https:\/\/www.tiktok.com\/@p10col\"]},{\"@type\":\"Person\",\"@id\":\"https:\/\/pagina10.com\/web\/#\/schema\/person\/a7a5d38f0629dfc107f619fbae4f6cc3\",\"name\":\"P\u00e1gina 10\",\"description\":\"P\u00e1gina10.com es un peri\u00f3dico digital que nace en Colombia, en el departamento de Nari\u00f1o, con un enfoque global, fundamentado en cuatro pilares esenciales: la libertad, el pluralismo, la inclusi\u00f3n y la independencia. P\u00e1gina10.com hace referencia a Nari\u00f1o como el d\u00e9cimo departamento creado en Colombia, despu\u00e9s de un proceso pol\u00edtico liderado por actores y actrices regionales con el fin de obtener la independencia y autonom\u00eda de nuestros territorios. Con la creaci\u00f3n de P\u00e1gina10.com se pretende abrir un escenario para el dialogo, la reflexi\u00f3n y el debate que se extienda a otras geograf\u00edas de Am\u00e9rica Latina y del planeta, en una apuesta por transformar colectivamente los desaf\u00edos de un mundo contempor\u00e1neo, m\u00e1s all\u00e1 de las fronteras impuestas.\",\"url\":\"https:\/\/pagina10.com\/web\/author\/mcepeda\/\"}]}<\/script>\n<!-- \/ Yoast SEO plugin. -->","yoast_head_json":{"title":"En Policarpa se clausur\u00f3 con \u00e9xito jornada \u201cJuega por la Vida\u201d del Mindefensa | P\u00e1gina10","robots":{"index":"index","follow":"follow","max-snippet":"max-snippet:-1","max-image-preview":"max-image-preview:large","max-video-preview":"max-video-preview:-1"},"canonical":"https:\/\/pagina10.com\/web\/en-policarpa-se-clausuro-con-exito-jornada-juega-por-la-vida-del-mindefensa\/","og_locale":"es_ES","og_type":"article","og_title":"En Policarpa se clausur\u00f3 con \u00e9xito jornada \u201cJuega por la Vida\u201d del Mindefensa | P\u00e1gina10","og_description":"En un evento que congreg\u00f3 a m\u00e1s de 3000 habitantes del municipio de Policarpa en Nari\u00f1o, se clausur\u00f3 con total \u00e9xito, la jornada &#8220;Juega por la Vida&#8221;, promovida por el Ministerio de Defensa Nacional, mediante un trabajo articulado con el Ej\u00e9rcito Nacional, que se adelanta actualmente en 14 municipios del pa\u00eds, afectados por el reclutamiento [&hellip;]","og_url":"https:\/\/pagina10.com\/web\/en-policarpa-se-clausuro-con-exito-jornada-juega-por-la-vida-del-mindefensa\/","og_site_name":"P\u00e1gina10","article_publisher":"https:\/\/www.facebook.com\/pag10com","article_published_time":"2015-11-10T02:36:41+00:00","og_image":[{"width":1600,"height":900,"url":"https:\/\/pagina10.com\/web\/wp-content\/uploads\/2015\/11\/32de5b190ef8d0fcb929ac58e8a5ddd9.jpg","type":"image\/jpeg"}],"author":"P\u00e1gina 10","twitter_card":"summary_large_image","twitter_creator":"@Pag10com","twitter_site":"@Pag10com","twitter_misc":{"Escrito por":"P\u00e1gina 10","Tiempo de lectura":"5 minutos"},"schema":{"@context":"https:\/\/schema.org","@graph":[{"@type":"Article","@id":"https:\/\/pagina10.com\/web\/en-policarpa-se-clausuro-con-exito-jornada-juega-por-la-vida-del-mindefensa\/#article","isPartOf":{"@id":"https:\/\/pagina10.com\/web\/en-policarpa-se-clausuro-con-exito-jornada-juega-por-la-vida-del-mindefensa\/"},"author":{"name":"P\u00e1gina 10","@id":"https:\/\/pagina10.com\/web\/#\/schema\/person\/a7a5d38f0629dfc107f619fbae4f6cc3"},"headline":"En Policarpa se clausur\u00f3 con \u00e9xito jornada \u201cJuega por la Vida\u201d del Mindefensa","datePublished":"2015-11-10T02:36:41+00:00","mainEntityOfPage":{"@id":"https:\/\/pagina10.com\/web\/en-policarpa-se-clausuro-con-exito-jornada-juega-por-la-vida-del-mindefensa\/"},"wordCount":931,"commentCount":0,"publisher":{"@id":"https:\/\/pagina10.com\/web\/#organization"},"image":{"@id":"https:\/\/pagina10.com\/web\/en-policarpa-se-clausuro-con-exito-jornada-juega-por-la-vida-del-mindefensa\/#primaryimage"},"thumbnailUrl":"https:\/\/pagina10.com\/web\/wp-content\/uploads\/2015\/11\/32de5b190ef8d0fcb929ac58e8a5ddd9.jpg","inLanguage":"es","potentialAction":[{"@type":"CommentAction","name":"Comment","target":["https:\/\/pagina10.com\/web\/en-policarpa-se-clausuro-con-exito-jornada-juega-por-la-vida-del-mindefensa\/#respond"]}]},{"@type":"WebPage","@id":"https:\/\/pagina10.com\/web\/en-policarpa-se-clausuro-con-exito-jornada-juega-por-la-vida-del-mindefensa\/","url":"https:\/\/pagina10.com\/web\/en-policarpa-se-clausuro-con-exito-jornada-juega-por-la-vida-del-mindefensa\/","name":"En Policarpa se clausur\u00f3 con \u00e9xito jornada \u201cJuega por la Vida\u201d del Mindefensa | P\u00e1gina10","isPartOf":{"@id":"https:\/\/pagina10.com\/web\/#website"},"primaryImageOfPage":{"@id":"https:\/\/pagina10.com\/web\/en-policarpa-se-clausuro-con-exito-jornada-juega-por-la-vida-del-mindefensa\/#primaryimage"},"image":{"@id":"https:\/\/pagina10.com\/web\/en-policarpa-se-clausuro-con-exito-jornada-juega-por-la-vida-del-mindefensa\/#primaryimage"},"thumbnailUrl":"https:\/\/pagina10.com\/web\/wp-content\/uploads\/2015\/11\/32de5b190ef8d0fcb929ac58e8a5ddd9.jpg","datePublished":"2015-11-10T02:36:41+00:00","breadcrumb":{"@id":"https:\/\/pagina10.com\/web\/en-policarpa-se-clausuro-con-exito-jornada-juega-por-la-vida-del-mindefensa\/#breadcrumb"},"inLanguage":"es","potentialAction":[{"@type":"ReadAction","target":["https:\/\/pagina10.com\/web\/en-policarpa-se-clausuro-con-exito-jornada-juega-por-la-vida-del-mindefensa\/"]}]},{"@type":"ImageObject","inLanguage":"es","@id":"https:\/\/pagina10.com\/web\/en-policarpa-se-clausuro-con-exito-jornada-juega-por-la-vida-del-mindefensa\/#primaryimage","url":"https:\/\/pagina10.com\/web\/wp-content\/uploads\/2015\/11\/32de5b190ef8d0fcb929ac58e8a5ddd9.jpg","contentUrl":"https:\/\/pagina10.com\/web\/wp-content\/uploads\/2015\/11\/32de5b190ef8d0fcb929ac58e8a5ddd9.jpg","width":1600,"height":900},{"@type":"BreadcrumbList","@id":"https:\/\/pagina10.com\/web\/en-policarpa-se-clausuro-con-exito-jornada-juega-por-la-vida-del-mindefensa\/#breadcrumb","itemListElement":[{"@type":"ListItem","position":1,"name":"Portada","item":"https:\/\/pagina10.com\/web\/"},{"@type":"ListItem","position":2,"name":"En Policarpa se clausur\u00f3 con \u00e9xito jornada \u201cJuega por la Vida\u201d del Mindefensa"}]},{"@type":"WebSite","@id":"https:\/\/pagina10.com\/web\/#website","url":"https:\/\/pagina10.com\/web\/","name":"P\u00e1gina10","description":"Peri\u00f3dico Regional","publisher":{"@id":"https:\/\/pagina10.com\/web\/#organization"},"alternateName":"P\u00e1gina10 Peri\u00f3dico Regional","potentialAction":[{"@type":"SearchAction","target":{"@type":"EntryPoint","urlTemplate":"https:\/\/pagina10.com\/web\/?s={search_term_string}"},"query-input":{"@type":"PropertyValueSpecification","valueRequired":true,"valueName":"search_term_string"}}],"inLanguage":"es"},{"@type":"Organization","@id":"https:\/\/pagina10.com\/web\/#organization","name":"P\u00e1gina10","alternateName":"P\u00e1gina10 Peri\u00f3dico Regional","url":"https:\/\/pagina10.com\/web\/","logo":{"@type":"ImageObject","inLanguage":"es","@id":"https:\/\/pagina10.com\/web\/#\/schema\/logo\/image\/","url":"https:\/\/pagina10.com\/web\/wp-content\/uploads\/2024\/01\/40-pagina-10-periodico-regional-pasto.jpg","contentUrl":"https:\/\/pagina10.com\/web\/wp-content\/uploads\/2024\/01\/40-pagina-10-periodico-regional-pasto.jpg","width":1280,"height":720,"caption":"P\u00e1gina10"},"image":{"@id":"https:\/\/pagina10.com\/web\/#\/schema\/logo\/image\/"},"sameAs":["https:\/\/www.facebook.com\/pag10com","https:\/\/x.com\/Pag10com","https:\/\/www.instagram.com\/pagina10col\/","https:\/\/youtube.com\/channel\/pag10","https:\/\/www.tiktok.com\/@p10col"]},{"@type":"Person","@id":"https:\/\/pagina10.com\/web\/#\/schema\/person\/a7a5d38f0629dfc107f619fbae4f6cc3","name":"P\u00e1gina 10","description":"P\u00e1gina10.com es un peri\u00f3dico digital que nace en Colombia, en el departamento de Nari\u00f1o, con un enfoque global, fundamentado en cuatro pilares esenciales: la libertad, el pluralismo, la inclusi\u00f3n y la independencia. P\u00e1gina10.com hace referencia a Nari\u00f1o como el d\u00e9cimo departamento creado en Colombia, despu\u00e9s de un proceso pol\u00edtico liderado por actores y actrices regionales con el fin de obtener la independencia y autonom\u00eda de nuestros territorios. Con la creaci\u00f3n de P\u00e1gina10.com se pretende abrir un escenario para el dialogo, la reflexi\u00f3n y el debate que se extienda a otras geograf\u00edas de Am\u00e9rica Latina y del planeta, en una apuesta por transformar colectivamente los desaf\u00edos de un mundo contempor\u00e1neo, m\u00e1s all\u00e1 de las fronteras impuestas.","url":"https:\/\/pagina10.com\/web\/author\/mcepeda\/"}]}},"_links":{"self":[{"href":"https:\/\/pagina10.com\/web\/wp-json\/wp\/v2\/posts\/18462","targetHints":{"allow":["GET"]}}],"collection":[{"href":"https:\/\/pagina10.com\/web\/wp-json\/wp\/v2\/posts"}],"about":[{"href":"https:\/\/pagina10.com\/web\/wp-json\/wp\/v2\/types\/post"}],"author":[{"embeddable":true,"href":"https:\/\/pagina10.com\/web\/wp-json\/wp\/v2\/users\/29"}],"replies":[{"embeddable":true,"href":"https:\/\/pagina10.com\/web\/wp-json\/wp\/v2\/comments?post=18462"}],"version-history":[{"count":0,"href":"https:\/\/pagina10.com\/web\/wp-json\/wp\/v2\/posts\/18462\/revisions"}],"wp:featuredmedia":[{"embeddable":true,"href":"https:\/\/pagina10.com\/web\/wp-json\/wp\/v2\/media\/18461"}],"wp:attachment":[{"href":"https:\/\/pagina10.com\/web\/wp-json\/wp\/v2\/media?parent=18462"}],"wp:term":[{"taxonomy":"category","embeddable":true,"href":"https:\/\/pagina10.com\/web\/wp-json\/wp\/v2\/categories?post=18462"},{"taxonomy":"post_tag","embeddable":true,"href":"https:\/\/pagina10.com\/web\/wp-json\/wp\/v2\/tags?post=18462"}],"curies":[{"name":"wp","href":"https:\/\/api.w.org\/{rel}","templated":true}]}}