{"id":18464,"date":"2015-11-10T03:13:09","date_gmt":"2015-11-10T03:13:09","guid":{"rendered":"https:\/\/pagina10.com\/web\/el-pais-cuenta-con-la-energia-suficiente-para-afrontar-el-fenomeno-del-nino-presidente-santos\/"},"modified":"2015-11-10T03:13:09","modified_gmt":"2015-11-10T03:13:09","slug":"el-pais-cuenta-con-la-energia-suficiente-para-afrontar-el-fenomeno-del-nino-presidente-santos","status":"publish","type":"post","link":"https:\/\/pagina10.com\/web\/el-pais-cuenta-con-la-energia-suficiente-para-afrontar-el-fenomeno-del-nino-presidente-santos\/","title":{"rendered":"&#8220;El pa\u00eds cuenta con la energ\u00eda suficiente para afrontar el Fen\u00f3meno del Ni\u00f1o&#8221;:Presidente Santos"},"content":{"rendered":"<p><img fetchpriority=\"high\" decoding=\"async\" class=\" size-full wp-image-18463\" src=\"https:\/\/pagina10.com\/web\/wp-content\/uploads\/2015\/11\/4594e6ec8212c3c82a3ac12f060a9ae6.jpg\" alt=\"\" width=\"650\" height=\"450\" srcset=\"https:\/\/pagina10.com\/web\/wp-content\/uploads\/2015\/11\/4594e6ec8212c3c82a3ac12f060a9ae6.jpg 650w, https:\/\/pagina10.com\/web\/wp-content\/uploads\/2015\/11\/4594e6ec8212c3c82a3ac12f060a9ae6-300x208.jpg 300w\" sizes=\"(max-width: 650px) 100vw, 650px\" \/><\/p>\n<p style=\"text-align: justify;\">Colombia cuenta con la energ\u00eda suficiente para enfrentar los efectos del Fen\u00f3meno del Ni\u00f1o y los embalses cuentan con la capacidad para atender la demanda, sumada a la energ\u00eda generada en las plantas t\u00e9rmicas, dijo este lunes el Presidente Juan Manuel Santos.<\/p>\n<p style=\"text-align: justify;\">&#8220;El pa\u00eds cuenta con la energ\u00eda suficiente para afrontar el Fen\u00f3meno del Ni\u00f1o. Los expertos han corrido de manera permanente los modelos y en las condiciones actuales y seg\u00fan las perspectivas que nos han mencionado las entidades especializadas, tenemos la capacidad suficiente para afrontar esta crisis&#8221;, dijo el Jefe del Estado al concluir el Consejo de Ministros.<\/p>\n<p style=\"text-align: justify;\">El Primer Mandatario explic\u00f3 que los embalses est\u00e1n en un 65 por ciento de su capacidad y que ese porcentaje, sumado a la generaci\u00f3n t\u00e9rmica, le permitir\u00e1 al pa\u00eds responder para que no haya suspensi\u00f3n del suministro de energ\u00eda.<\/p>\n<p style=\"text-align: justify;\">&#8220;Hasta ahora lo que tenemos previsto lo podemos afrontar, pero es un esfuerzo que nos compete a todos y es responsabilidad de todos. Los meses m\u00e1s duros no los hemos sentido y ellos son noviembre, diciembre de 2015; enero, febrero y marzo del 2016&#8221;, expres\u00f3 el Presidente Santos.<\/p>\n<p style=\"text-align: justify;\">Por eso, las sedes de la Presidencia de la Rep\u00fablica y de los Ministerios dar\u00e1n ejemplo al no contar con alumbrado navide\u00f1o y se expedir\u00e1 una directiva presidencial para que las entidades p\u00fablicas implementen medidas de ahorro de energ\u00eda.<\/p>\n<p style=\"text-align: justify;\">El Presidente Santos tambi\u00e9n hizo un llamado a los alcaldes para que cuiden la energ\u00eda, implementen medidas de ahorro y disfruten la Navidad y el A\u00f1o Nuevo sin derroche de agua y energ\u00eda.<\/p>\n<p style=\"text-align: justify;\">&#8220;Si las entidades van a tener alg\u00fan tipo de alumbrado, que sea en horas muy reducidas. Quiero invitar al comercio y al sector privado para adoptar medidas en el mismo sentido&#8221;, explic\u00f3 el Jefe del Estado.<\/p>\n<p style=\"text-align: justify;\">Colombia ha sido afectada por una fuerte disminuci\u00f3n en su r\u00e9gimen de lluvias que ha llevado al Gobierno a adoptar medidas tendientes a ahorrar energ\u00eda e incentivar la inversi\u00f3n en fuentes alternativas, entre otras.<\/p>\n<p style=\"text-align: justify;\">&#8220;Para enfrentar el Fen\u00f3meno del Ni\u00f1o necesitamos el concurso de todos y lo vamos a lograr. Estoy seguro que el pa\u00eds es consciente y cada uno debe poner su granito de arena. Esperamos afrontar \u00e9sta crisis sin mayores traumatismos&#8221;, puntualiz\u00f3.<\/p>\n<p style=\"text-align: justify;\">&nbsp;<\/p>\n<p style=\"text-align: justify;\">Fuente: Minminas<\/p>\n","protected":false},"excerpt":{"rendered":"<p>Colombia cuenta con la energ\u00eda suficiente para enfrentar los efectos del Fen\u00f3meno del Ni\u00f1o y los embalses cuentan con la capacidad para atender la demanda, sumada a la energ\u00eda generada en las plantas t\u00e9rmicas, dijo este lunes el Presidente Juan Manuel Santos. &#8220;El pa\u00eds cuenta con la energ\u00eda suficiente para afrontar el Fen\u00f3meno del Ni\u00f1o. [&hellip;]<\/p>\n","protected":false},"author":29,"featured_media":18463,"comment_status":"open","ping_status":"open","sticky":false,"template":"","format":"standard","meta":{"footnotes":""},"categories":[1],"tags":[],"class_list":["post-18464","post","type-post","status-publish","format-standard","has-post-thumbnail","hentry","category-sin-categoria"],"yoast_head":"<!-- This site is optimized with the Yoast SEO plugin v27.1.1 - https:\/\/yoast.com\/product\/yoast-seo-wordpress\/ -->\n<title>&quot;El pa\u00eds cuenta con la energ\u00eda suficiente para afrontar el Fen\u00f3meno del Ni\u00f1o&quot;:Presidente Santos | P\u00e1gina10<\/title>\n<meta name=\"robots\" content=\"index, follow, max-snippet:-1, max-image-preview:large, max-video-preview:-1\" \/>\n<link rel=\"canonical\" href=\"https:\/\/pagina10.com\/web\/el-pais-cuenta-con-la-energia-suficiente-para-afrontar-el-fenomeno-del-nino-presidente-santos\/\" \/>\n<meta property=\"og:locale\" content=\"es_ES\" \/>\n<meta property=\"og:type\" content=\"article\" \/>\n<meta property=\"og:title\" content=\"&quot;El pa\u00eds cuenta con la energ\u00eda suficiente para afrontar el Fen\u00f3meno del Ni\u00f1o&quot;:Presidente Santos | P\u00e1gina10\" \/>\n<meta property=\"og:description\" content=\"Colombia cuenta con la energ\u00eda suficiente para enfrentar los efectos del Fen\u00f3meno del Ni\u00f1o y los embalses cuentan con la capacidad para atender la demanda, sumada a la energ\u00eda generada en las plantas t\u00e9rmicas, dijo este lunes el Presidente Juan Manuel Santos. &#8220;El pa\u00eds cuenta con la energ\u00eda suficiente para afrontar el Fen\u00f3meno del Ni\u00f1o. [&hellip;]\" \/>\n<meta property=\"og:url\" content=\"https:\/\/pagina10.com\/web\/el-pais-cuenta-con-la-energia-suficiente-para-afrontar-el-fenomeno-del-nino-presidente-santos\/\" \/>\n<meta property=\"og:site_name\" content=\"P\u00e1gina10\" \/>\n<meta property=\"article:publisher\" content=\"https:\/\/www.facebook.com\/pag10com\" \/>\n<meta property=\"article:published_time\" content=\"2015-11-10T03:13:09+00:00\" \/>\n<meta property=\"og:image\" content=\"https:\/\/pagina10.com\/web\/wp-content\/uploads\/2015\/11\/4594e6ec8212c3c82a3ac12f060a9ae6.jpg\" \/>\n\t<meta property=\"og:image:width\" content=\"650\" \/>\n\t<meta property=\"og:image:height\" content=\"450\" \/>\n\t<meta property=\"og:image:type\" content=\"image\/jpeg\" \/>\n<meta name=\"author\" content=\"P\u00e1gina 10\" \/>\n<meta name=\"twitter:card\" content=\"summary_large_image\" \/>\n<meta name=\"twitter:creator\" content=\"@Pag10com\" \/>\n<meta name=\"twitter:site\" content=\"@Pag10com\" \/>\n<meta name=\"twitter:label1\" content=\"Escrito por\" \/>\n\t<meta name=\"twitter:data1\" content=\"P\u00e1gina 10\" \/>\n\t<meta name=\"twitter:label2\" content=\"Tiempo de lectura\" \/>\n\t<meta name=\"twitter:data2\" content=\"2 minutos\" \/>\n<script type=\"application\/ld+json\" class=\"yoast-schema-graph\">{\"@context\":\"https:\/\/schema.org\",\"@graph\":[{\"@type\":\"Article\",\"@id\":\"https:\/\/pagina10.com\/web\/el-pais-cuenta-con-la-energia-suficiente-para-afrontar-el-fenomeno-del-nino-presidente-santos\/#article\",\"isPartOf\":{\"@id\":\"https:\/\/pagina10.com\/web\/el-pais-cuenta-con-la-energia-suficiente-para-afrontar-el-fenomeno-del-nino-presidente-santos\/\"},\"author\":{\"name\":\"P\u00e1gina 10\",\"@id\":\"https:\/\/pagina10.com\/web\/#\/schema\/person\/a7a5d38f0629dfc107f619fbae4f6cc3\"},\"headline\":\"&#8220;El pa\u00eds cuenta con la energ\u00eda suficiente para afrontar el Fen\u00f3meno del Ni\u00f1o&#8221;:Presidente Santos\",\"datePublished\":\"2015-11-10T03:13:09+00:00\",\"mainEntityOfPage\":{\"@id\":\"https:\/\/pagina10.com\/web\/el-pais-cuenta-con-la-energia-suficiente-para-afrontar-el-fenomeno-del-nino-presidente-santos\/\"},\"wordCount\":421,\"commentCount\":0,\"publisher\":{\"@id\":\"https:\/\/pagina10.com\/web\/#organization\"},\"image\":{\"@id\":\"https:\/\/pagina10.com\/web\/el-pais-cuenta-con-la-energia-suficiente-para-afrontar-el-fenomeno-del-nino-presidente-santos\/#primaryimage\"},\"thumbnailUrl\":\"https:\/\/pagina10.com\/web\/wp-content\/uploads\/2015\/11\/4594e6ec8212c3c82a3ac12f060a9ae6.jpg\",\"inLanguage\":\"es\",\"potentialAction\":[{\"@type\":\"CommentAction\",\"name\":\"Comment\",\"target\":[\"https:\/\/pagina10.com\/web\/el-pais-cuenta-con-la-energia-suficiente-para-afrontar-el-fenomeno-del-nino-presidente-santos\/#respond\"]}]},{\"@type\":\"WebPage\",\"@id\":\"https:\/\/pagina10.com\/web\/el-pais-cuenta-con-la-energia-suficiente-para-afrontar-el-fenomeno-del-nino-presidente-santos\/\",\"url\":\"https:\/\/pagina10.com\/web\/el-pais-cuenta-con-la-energia-suficiente-para-afrontar-el-fenomeno-del-nino-presidente-santos\/\",\"name\":\"\\\"El pa\u00eds cuenta con la energ\u00eda suficiente para afrontar el Fen\u00f3meno del Ni\u00f1o\\\":Presidente Santos | P\u00e1gina10\",\"isPartOf\":{\"@id\":\"https:\/\/pagina10.com\/web\/#website\"},\"primaryImageOfPage\":{\"@id\":\"https:\/\/pagina10.com\/web\/el-pais-cuenta-con-la-energia-suficiente-para-afrontar-el-fenomeno-del-nino-presidente-santos\/#primaryimage\"},\"image\":{\"@id\":\"https:\/\/pagina10.com\/web\/el-pais-cuenta-con-la-energia-suficiente-para-afrontar-el-fenomeno-del-nino-presidente-santos\/#primaryimage\"},\"thumbnailUrl\":\"https:\/\/pagina10.com\/web\/wp-content\/uploads\/2015\/11\/4594e6ec8212c3c82a3ac12f060a9ae6.jpg\",\"datePublished\":\"2015-11-10T03:13:09+00:00\",\"breadcrumb\":{\"@id\":\"https:\/\/pagina10.com\/web\/el-pais-cuenta-con-la-energia-suficiente-para-afrontar-el-fenomeno-del-nino-presidente-santos\/#breadcrumb\"},\"inLanguage\":\"es\",\"potentialAction\":[{\"@type\":\"ReadAction\",\"target\":[\"https:\/\/pagina10.com\/web\/el-pais-cuenta-con-la-energia-suficiente-para-afrontar-el-fenomeno-del-nino-presidente-santos\/\"]}]},{\"@type\":\"ImageObject\",\"inLanguage\":\"es\",\"@id\":\"https:\/\/pagina10.com\/web\/el-pais-cuenta-con-la-energia-suficiente-para-afrontar-el-fenomeno-del-nino-presidente-santos\/#primaryimage\",\"url\":\"https:\/\/pagina10.com\/web\/wp-content\/uploads\/2015\/11\/4594e6ec8212c3c82a3ac12f060a9ae6.jpg\",\"contentUrl\":\"https:\/\/pagina10.com\/web\/wp-content\/uploads\/2015\/11\/4594e6ec8212c3c82a3ac12f060a9ae6.jpg\",\"width\":650,\"height\":450},{\"@type\":\"BreadcrumbList\",\"@id\":\"https:\/\/pagina10.com\/web\/el-pais-cuenta-con-la-energia-suficiente-para-afrontar-el-fenomeno-del-nino-presidente-santos\/#breadcrumb\",\"itemListElement\":[{\"@type\":\"ListItem\",\"position\":1,\"name\":\"Portada\",\"item\":\"https:\/\/pagina10.com\/web\/\"},{\"@type\":\"ListItem\",\"position\":2,\"name\":\"&#8220;El pa\u00eds cuenta con la energ\u00eda suficiente para afrontar el Fen\u00f3meno del Ni\u00f1o&#8221;:Presidente Santos\"}]},{\"@type\":\"WebSite\",\"@id\":\"https:\/\/pagina10.com\/web\/#website\",\"url\":\"https:\/\/pagina10.com\/web\/\",\"name\":\"P\u00e1gina10\",\"description\":\"Peri\u00f3dico Regional\",\"publisher\":{\"@id\":\"https:\/\/pagina10.com\/web\/#organization\"},\"alternateName\":\"P\u00e1gina10 Peri\u00f3dico Regional\",\"potentialAction\":[{\"@type\":\"SearchAction\",\"target\":{\"@type\":\"EntryPoint\",\"urlTemplate\":\"https:\/\/pagina10.com\/web\/?s={search_term_string}\"},\"query-input\":{\"@type\":\"PropertyValueSpecification\",\"valueRequired\":true,\"valueName\":\"search_term_string\"}}],\"inLanguage\":\"es\"},{\"@type\":\"Organization\",\"@id\":\"https:\/\/pagina10.com\/web\/#organization\",\"name\":\"P\u00e1gina10\",\"alternateName\":\"P\u00e1gina10 Peri\u00f3dico Regional\",\"url\":\"https:\/\/pagina10.com\/web\/\",\"logo\":{\"@type\":\"ImageObject\",\"inLanguage\":\"es\",\"@id\":\"https:\/\/pagina10.com\/web\/#\/schema\/logo\/image\/\",\"url\":\"https:\/\/pagina10.com\/web\/wp-content\/uploads\/2024\/01\/40-pagina-10-periodico-regional-pasto.jpg\",\"contentUrl\":\"https:\/\/pagina10.com\/web\/wp-content\/uploads\/2024\/01\/40-pagina-10-periodico-regional-pasto.jpg\",\"width\":1280,\"height\":720,\"caption\":\"P\u00e1gina10\"},\"image\":{\"@id\":\"https:\/\/pagina10.com\/web\/#\/schema\/logo\/image\/\"},\"sameAs\":[\"https:\/\/www.facebook.com\/pag10com\",\"https:\/\/x.com\/Pag10com\",\"https:\/\/www.instagram.com\/pagina10col\/\",\"https:\/\/youtube.com\/channel\/pag10\",\"https:\/\/www.tiktok.com\/@p10col\"]},{\"@type\":\"Person\",\"@id\":\"https:\/\/pagina10.com\/web\/#\/schema\/person\/a7a5d38f0629dfc107f619fbae4f6cc3\",\"name\":\"P\u00e1gina 10\",\"description\":\"P\u00e1gina10.com es un peri\u00f3dico digital que nace en Colombia, en el departamento de Nari\u00f1o, con un enfoque global, fundamentado en cuatro pilares esenciales: la libertad, el pluralismo, la inclusi\u00f3n y la independencia. P\u00e1gina10.com hace referencia a Nari\u00f1o como el d\u00e9cimo departamento creado en Colombia, despu\u00e9s de un proceso pol\u00edtico liderado por actores y actrices regionales con el fin de obtener la independencia y autonom\u00eda de nuestros territorios. Con la creaci\u00f3n de P\u00e1gina10.com se pretende abrir un escenario para el dialogo, la reflexi\u00f3n y el debate que se extienda a otras geograf\u00edas de Am\u00e9rica Latina y del planeta, en una apuesta por transformar colectivamente los desaf\u00edos de un mundo contempor\u00e1neo, m\u00e1s all\u00e1 de las fronteras impuestas.\",\"url\":\"https:\/\/pagina10.com\/web\/author\/mcepeda\/\"}]}<\/script>\n<!-- \/ Yoast SEO plugin. -->","yoast_head_json":{"title":"\"El pa\u00eds cuenta con la energ\u00eda suficiente para afrontar el Fen\u00f3meno del Ni\u00f1o\":Presidente Santos | P\u00e1gina10","robots":{"index":"index","follow":"follow","max-snippet":"max-snippet:-1","max-image-preview":"max-image-preview:large","max-video-preview":"max-video-preview:-1"},"canonical":"https:\/\/pagina10.com\/web\/el-pais-cuenta-con-la-energia-suficiente-para-afrontar-el-fenomeno-del-nino-presidente-santos\/","og_locale":"es_ES","og_type":"article","og_title":"\"El pa\u00eds cuenta con la energ\u00eda suficiente para afrontar el Fen\u00f3meno del Ni\u00f1o\":Presidente Santos | P\u00e1gina10","og_description":"Colombia cuenta con la energ\u00eda suficiente para enfrentar los efectos del Fen\u00f3meno del Ni\u00f1o y los embalses cuentan con la capacidad para atender la demanda, sumada a la energ\u00eda generada en las plantas t\u00e9rmicas, dijo este lunes el Presidente Juan Manuel Santos. &#8220;El pa\u00eds cuenta con la energ\u00eda suficiente para afrontar el Fen\u00f3meno del Ni\u00f1o. [&hellip;]","og_url":"https:\/\/pagina10.com\/web\/el-pais-cuenta-con-la-energia-suficiente-para-afrontar-el-fenomeno-del-nino-presidente-santos\/","og_site_name":"P\u00e1gina10","article_publisher":"https:\/\/www.facebook.com\/pag10com","article_published_time":"2015-11-10T03:13:09+00:00","og_image":[{"width":650,"height":450,"url":"https:\/\/pagina10.com\/web\/wp-content\/uploads\/2015\/11\/4594e6ec8212c3c82a3ac12f060a9ae6.jpg","type":"image\/jpeg"}],"author":"P\u00e1gina 10","twitter_card":"summary_large_image","twitter_creator":"@Pag10com","twitter_site":"@Pag10com","twitter_misc":{"Escrito por":"P\u00e1gina 10","Tiempo de lectura":"2 minutos"},"schema":{"@context":"https:\/\/schema.org","@graph":[{"@type":"Article","@id":"https:\/\/pagina10.com\/web\/el-pais-cuenta-con-la-energia-suficiente-para-afrontar-el-fenomeno-del-nino-presidente-santos\/#article","isPartOf":{"@id":"https:\/\/pagina10.com\/web\/el-pais-cuenta-con-la-energia-suficiente-para-afrontar-el-fenomeno-del-nino-presidente-santos\/"},"author":{"name":"P\u00e1gina 10","@id":"https:\/\/pagina10.com\/web\/#\/schema\/person\/a7a5d38f0629dfc107f619fbae4f6cc3"},"headline":"&#8220;El pa\u00eds cuenta con la energ\u00eda suficiente para afrontar el Fen\u00f3meno del Ni\u00f1o&#8221;:Presidente Santos","datePublished":"2015-11-10T03:13:09+00:00","mainEntityOfPage":{"@id":"https:\/\/pagina10.com\/web\/el-pais-cuenta-con-la-energia-suficiente-para-afrontar-el-fenomeno-del-nino-presidente-santos\/"},"wordCount":421,"commentCount":0,"publisher":{"@id":"https:\/\/pagina10.com\/web\/#organization"},"image":{"@id":"https:\/\/pagina10.com\/web\/el-pais-cuenta-con-la-energia-suficiente-para-afrontar-el-fenomeno-del-nino-presidente-santos\/#primaryimage"},"thumbnailUrl":"https:\/\/pagina10.com\/web\/wp-content\/uploads\/2015\/11\/4594e6ec8212c3c82a3ac12f060a9ae6.jpg","inLanguage":"es","potentialAction":[{"@type":"CommentAction","name":"Comment","target":["https:\/\/pagina10.com\/web\/el-pais-cuenta-con-la-energia-suficiente-para-afrontar-el-fenomeno-del-nino-presidente-santos\/#respond"]}]},{"@type":"WebPage","@id":"https:\/\/pagina10.com\/web\/el-pais-cuenta-con-la-energia-suficiente-para-afrontar-el-fenomeno-del-nino-presidente-santos\/","url":"https:\/\/pagina10.com\/web\/el-pais-cuenta-con-la-energia-suficiente-para-afrontar-el-fenomeno-del-nino-presidente-santos\/","name":"\"El pa\u00eds cuenta con la energ\u00eda suficiente para afrontar el Fen\u00f3meno del Ni\u00f1o\":Presidente Santos | P\u00e1gina10","isPartOf":{"@id":"https:\/\/pagina10.com\/web\/#website"},"primaryImageOfPage":{"@id":"https:\/\/pagina10.com\/web\/el-pais-cuenta-con-la-energia-suficiente-para-afrontar-el-fenomeno-del-nino-presidente-santos\/#primaryimage"},"image":{"@id":"https:\/\/pagina10.com\/web\/el-pais-cuenta-con-la-energia-suficiente-para-afrontar-el-fenomeno-del-nino-presidente-santos\/#primaryimage"},"thumbnailUrl":"https:\/\/pagina10.com\/web\/wp-content\/uploads\/2015\/11\/4594e6ec8212c3c82a3ac12f060a9ae6.jpg","datePublished":"2015-11-10T03:13:09+00:00","breadcrumb":{"@id":"https:\/\/pagina10.com\/web\/el-pais-cuenta-con-la-energia-suficiente-para-afrontar-el-fenomeno-del-nino-presidente-santos\/#breadcrumb"},"inLanguage":"es","potentialAction":[{"@type":"ReadAction","target":["https:\/\/pagina10.com\/web\/el-pais-cuenta-con-la-energia-suficiente-para-afrontar-el-fenomeno-del-nino-presidente-santos\/"]}]},{"@type":"ImageObject","inLanguage":"es","@id":"https:\/\/pagina10.com\/web\/el-pais-cuenta-con-la-energia-suficiente-para-afrontar-el-fenomeno-del-nino-presidente-santos\/#primaryimage","url":"https:\/\/pagina10.com\/web\/wp-content\/uploads\/2015\/11\/4594e6ec8212c3c82a3ac12f060a9ae6.jpg","contentUrl":"https:\/\/pagina10.com\/web\/wp-content\/uploads\/2015\/11\/4594e6ec8212c3c82a3ac12f060a9ae6.jpg","width":650,"height":450},{"@type":"BreadcrumbList","@id":"https:\/\/pagina10.com\/web\/el-pais-cuenta-con-la-energia-suficiente-para-afrontar-el-fenomeno-del-nino-presidente-santos\/#breadcrumb","itemListElement":[{"@type":"ListItem","position":1,"name":"Portada","item":"https:\/\/pagina10.com\/web\/"},{"@type":"ListItem","position":2,"name":"&#8220;El pa\u00eds cuenta con la energ\u00eda suficiente para afrontar el Fen\u00f3meno del Ni\u00f1o&#8221;:Presidente Santos"}]},{"@type":"WebSite","@id":"https:\/\/pagina10.com\/web\/#website","url":"https:\/\/pagina10.com\/web\/","name":"P\u00e1gina10","description":"Peri\u00f3dico Regional","publisher":{"@id":"https:\/\/pagina10.com\/web\/#organization"},"alternateName":"P\u00e1gina10 Peri\u00f3dico Regional","potentialAction":[{"@type":"SearchAction","target":{"@type":"EntryPoint","urlTemplate":"https:\/\/pagina10.com\/web\/?s={search_term_string}"},"query-input":{"@type":"PropertyValueSpecification","valueRequired":true,"valueName":"search_term_string"}}],"inLanguage":"es"},{"@type":"Organization","@id":"https:\/\/pagina10.com\/web\/#organization","name":"P\u00e1gina10","alternateName":"P\u00e1gina10 Peri\u00f3dico Regional","url":"https:\/\/pagina10.com\/web\/","logo":{"@type":"ImageObject","inLanguage":"es","@id":"https:\/\/pagina10.com\/web\/#\/schema\/logo\/image\/","url":"https:\/\/pagina10.com\/web\/wp-content\/uploads\/2024\/01\/40-pagina-10-periodico-regional-pasto.jpg","contentUrl":"https:\/\/pagina10.com\/web\/wp-content\/uploads\/2024\/01\/40-pagina-10-periodico-regional-pasto.jpg","width":1280,"height":720,"caption":"P\u00e1gina10"},"image":{"@id":"https:\/\/pagina10.com\/web\/#\/schema\/logo\/image\/"},"sameAs":["https:\/\/www.facebook.com\/pag10com","https:\/\/x.com\/Pag10com","https:\/\/www.instagram.com\/pagina10col\/","https:\/\/youtube.com\/channel\/pag10","https:\/\/www.tiktok.com\/@p10col"]},{"@type":"Person","@id":"https:\/\/pagina10.com\/web\/#\/schema\/person\/a7a5d38f0629dfc107f619fbae4f6cc3","name":"P\u00e1gina 10","description":"P\u00e1gina10.com es un peri\u00f3dico digital que nace en Colombia, en el departamento de Nari\u00f1o, con un enfoque global, fundamentado en cuatro pilares esenciales: la libertad, el pluralismo, la inclusi\u00f3n y la independencia. P\u00e1gina10.com hace referencia a Nari\u00f1o como el d\u00e9cimo departamento creado en Colombia, despu\u00e9s de un proceso pol\u00edtico liderado por actores y actrices regionales con el fin de obtener la independencia y autonom\u00eda de nuestros territorios. Con la creaci\u00f3n de P\u00e1gina10.com se pretende abrir un escenario para el dialogo, la reflexi\u00f3n y el debate que se extienda a otras geograf\u00edas de Am\u00e9rica Latina y del planeta, en una apuesta por transformar colectivamente los desaf\u00edos de un mundo contempor\u00e1neo, m\u00e1s all\u00e1 de las fronteras impuestas.","url":"https:\/\/pagina10.com\/web\/author\/mcepeda\/"}]}},"_links":{"self":[{"href":"https:\/\/pagina10.com\/web\/wp-json\/wp\/v2\/posts\/18464","targetHints":{"allow":["GET"]}}],"collection":[{"href":"https:\/\/pagina10.com\/web\/wp-json\/wp\/v2\/posts"}],"about":[{"href":"https:\/\/pagina10.com\/web\/wp-json\/wp\/v2\/types\/post"}],"author":[{"embeddable":true,"href":"https:\/\/pagina10.com\/web\/wp-json\/wp\/v2\/users\/29"}],"replies":[{"embeddable":true,"href":"https:\/\/pagina10.com\/web\/wp-json\/wp\/v2\/comments?post=18464"}],"version-history":[{"count":0,"href":"https:\/\/pagina10.com\/web\/wp-json\/wp\/v2\/posts\/18464\/revisions"}],"wp:featuredmedia":[{"embeddable":true,"href":"https:\/\/pagina10.com\/web\/wp-json\/wp\/v2\/media\/18463"}],"wp:attachment":[{"href":"https:\/\/pagina10.com\/web\/wp-json\/wp\/v2\/media?parent=18464"}],"wp:term":[{"taxonomy":"category","embeddable":true,"href":"https:\/\/pagina10.com\/web\/wp-json\/wp\/v2\/categories?post=18464"},{"taxonomy":"post_tag","embeddable":true,"href":"https:\/\/pagina10.com\/web\/wp-json\/wp\/v2\/tags?post=18464"}],"curies":[{"name":"wp","href":"https:\/\/api.w.org\/{rel}","templated":true}]}}