{"id":18469,"date":"2015-11-10T13:31:09","date_gmt":"2015-11-10T13:31:09","guid":{"rendered":"https:\/\/pagina10.com\/web\/sepal-reducira-zonas-con-alumbrado-navideno\/"},"modified":"2015-11-10T13:31:09","modified_gmt":"2015-11-10T13:31:09","slug":"sepal-reducira-zonas-con-alumbrado-navideno","status":"publish","type":"post","link":"https:\/\/pagina10.com\/web\/sepal-reducira-zonas-con-alumbrado-navideno\/","title":{"rendered":"Sepal reducir\u00e1 zonas con alumbrado navide\u00f1o"},"content":{"rendered":"<p><img fetchpriority=\"high\" decoding=\"async\" class=\" size-full wp-image-18468\" src=\"https:\/\/pagina10.com\/web\/wp-content\/uploads\/2015\/11\/ad0ec80b2a19407fd396c1c0067174a0.jpg\" alt=\"\" width=\"960\" height=\"642\" srcset=\"https:\/\/pagina10.com\/web\/wp-content\/uploads\/2015\/11\/ad0ec80b2a19407fd396c1c0067174a0.jpg 960w, https:\/\/pagina10.com\/web\/wp-content\/uploads\/2015\/11\/ad0ec80b2a19407fd396c1c0067174a0-300x201.jpg 300w, https:\/\/pagina10.com\/web\/wp-content\/uploads\/2015\/11\/ad0ec80b2a19407fd396c1c0067174a0-768x514.jpg 768w, https:\/\/pagina10.com\/web\/wp-content\/uploads\/2015\/11\/ad0ec80b2a19407fd396c1c0067174a0-450x300.jpg 450w\" sizes=\"(max-width: 960px) 100vw, 960px\" \/><\/p>\n<p style=\"text-align: justify;\">En cumplimiento con los lineamientos del Gobierno Nacional frente al ahorro de energ\u00eda y dadas las condiciones climatol\u00f3gicas en el pa\u00eds, la empresa de alumbrado p\u00fablico de Pasto SEPAL S.A, reducir\u00e1 el n\u00famero de zonas iluminadas contempladas en el proyecto de Alumbrado Navide\u00f1o.<\/p>\n<p style=\"text-align: justify;\">As\u00ed lo confirm\u00f3 la gerente de la entidad Maritza Rosero Narv\u00e1ez, quien indic\u00f3 que en el presente a\u00f1o las zonas que no se iluminar\u00e1n son: La calle 12 sector Chapal, la Riviera, avenida Colombia, avenida Juli\u00e1n Buchely adem\u00e1s de la glorieta de la Avenida Idema.<\/p>\n<p style=\"text-align: justify;\">&#8220;Como ya lo hemos manifestado vamos a hacer un alumbrado navide\u00f1o con un mayor componente art\u00edstico y reduciremos la iluminaci\u00f3n, es importante seguir presentando una ciudad con muchas figuras art\u00edsticas, con motivos navide\u00f1os hechas por los m\u00e1s reconocidos artistas y cultores del Carnaval de Negros y Blancos&#8221;, precis\u00f3.<\/p>\n<p style=\"text-align: justify;\">La directiva inform\u00f3 que se instalar\u00e1n figuraras navide\u00f1as e iluminaci\u00f3n en los Parques: Santiago, San Andr\u00e9s, San Felipe, avenida Los Estudiantes, Obelisco, Fuente de la Transparencia y calle 17, lugares donde habr\u00e1 mayor componente art\u00edstico representado en figuras que recrean el esp\u00edritu navide\u00f1o. La intervenci\u00f3n de estos espacios se cumplir\u00e1 en los pr\u00f3ximos d\u00edas.<\/p>\n","protected":false},"excerpt":{"rendered":"<p>En cumplimiento con los lineamientos del Gobierno Nacional frente al ahorro de energ\u00eda y dadas las condiciones climatol\u00f3gicas en el pa\u00eds, la empresa de alumbrado p\u00fablico de Pasto SEPAL S.A, reducir\u00e1 el n\u00famero de zonas iluminadas contempladas en el proyecto de Alumbrado Navide\u00f1o. As\u00ed lo confirm\u00f3 la gerente de la entidad Maritza Rosero Narv\u00e1ez, quien [&hellip;]<\/p>\n","protected":false},"author":29,"featured_media":18468,"comment_status":"open","ping_status":"open","sticky":false,"template":"","format":"standard","meta":{"footnotes":""},"categories":[1],"tags":[],"class_list":["post-18469","post","type-post","status-publish","format-standard","has-post-thumbnail","hentry","category-sin-categoria"],"yoast_head":"<!-- This site is optimized with the Yoast SEO plugin v27.1.1 - https:\/\/yoast.com\/product\/yoast-seo-wordpress\/ -->\n<title>Sepal reducir\u00e1 zonas con alumbrado navide\u00f1o | P\u00e1gina10<\/title>\n<meta name=\"robots\" content=\"index, follow, max-snippet:-1, max-image-preview:large, max-video-preview:-1\" \/>\n<link rel=\"canonical\" href=\"https:\/\/pagina10.com\/web\/sepal-reducira-zonas-con-alumbrado-navideno\/\" \/>\n<meta property=\"og:locale\" content=\"es_ES\" \/>\n<meta property=\"og:type\" content=\"article\" \/>\n<meta property=\"og:title\" content=\"Sepal reducir\u00e1 zonas con alumbrado navide\u00f1o | P\u00e1gina10\" \/>\n<meta property=\"og:description\" content=\"En cumplimiento con los lineamientos del Gobierno Nacional frente al ahorro de energ\u00eda y dadas las condiciones climatol\u00f3gicas en el pa\u00eds, la empresa de alumbrado p\u00fablico de Pasto SEPAL S.A, reducir\u00e1 el n\u00famero de zonas iluminadas contempladas en el proyecto de Alumbrado Navide\u00f1o. As\u00ed lo confirm\u00f3 la gerente de la entidad Maritza Rosero Narv\u00e1ez, quien [&hellip;]\" \/>\n<meta property=\"og:url\" content=\"https:\/\/pagina10.com\/web\/sepal-reducira-zonas-con-alumbrado-navideno\/\" \/>\n<meta property=\"og:site_name\" content=\"P\u00e1gina10\" \/>\n<meta property=\"article:publisher\" content=\"https:\/\/www.facebook.com\/pag10com\" \/>\n<meta property=\"article:published_time\" content=\"2015-11-10T13:31:09+00:00\" \/>\n<meta property=\"og:image\" content=\"https:\/\/pagina10.com\/web\/wp-content\/uploads\/2015\/11\/ad0ec80b2a19407fd396c1c0067174a0.jpg\" \/>\n\t<meta property=\"og:image:width\" content=\"960\" \/>\n\t<meta property=\"og:image:height\" content=\"642\" \/>\n\t<meta property=\"og:image:type\" content=\"image\/jpeg\" \/>\n<meta name=\"author\" content=\"P\u00e1gina 10\" \/>\n<meta name=\"twitter:card\" content=\"summary_large_image\" \/>\n<meta name=\"twitter:creator\" content=\"@Pag10com\" \/>\n<meta name=\"twitter:site\" content=\"@Pag10com\" \/>\n<meta name=\"twitter:label1\" content=\"Escrito por\" \/>\n\t<meta name=\"twitter:data1\" content=\"P\u00e1gina 10\" \/>\n\t<meta name=\"twitter:label2\" content=\"Tiempo de lectura\" \/>\n\t<meta name=\"twitter:data2\" content=\"1 minuto\" \/>\n<script type=\"application\/ld+json\" class=\"yoast-schema-graph\">{\"@context\":\"https:\/\/schema.org\",\"@graph\":[{\"@type\":\"Article\",\"@id\":\"https:\/\/pagina10.com\/web\/sepal-reducira-zonas-con-alumbrado-navideno\/#article\",\"isPartOf\":{\"@id\":\"https:\/\/pagina10.com\/web\/sepal-reducira-zonas-con-alumbrado-navideno\/\"},\"author\":{\"name\":\"P\u00e1gina 10\",\"@id\":\"https:\/\/pagina10.com\/web\/#\/schema\/person\/a7a5d38f0629dfc107f619fbae4f6cc3\"},\"headline\":\"Sepal reducir\u00e1 zonas con alumbrado navide\u00f1o\",\"datePublished\":\"2015-11-10T13:31:09+00:00\",\"mainEntityOfPage\":{\"@id\":\"https:\/\/pagina10.com\/web\/sepal-reducira-zonas-con-alumbrado-navideno\/\"},\"wordCount\":223,\"commentCount\":0,\"publisher\":{\"@id\":\"https:\/\/pagina10.com\/web\/#organization\"},\"image\":{\"@id\":\"https:\/\/pagina10.com\/web\/sepal-reducira-zonas-con-alumbrado-navideno\/#primaryimage\"},\"thumbnailUrl\":\"https:\/\/pagina10.com\/web\/wp-content\/uploads\/2015\/11\/ad0ec80b2a19407fd396c1c0067174a0.jpg\",\"inLanguage\":\"es\",\"potentialAction\":[{\"@type\":\"CommentAction\",\"name\":\"Comment\",\"target\":[\"https:\/\/pagina10.com\/web\/sepal-reducira-zonas-con-alumbrado-navideno\/#respond\"]}]},{\"@type\":\"WebPage\",\"@id\":\"https:\/\/pagina10.com\/web\/sepal-reducira-zonas-con-alumbrado-navideno\/\",\"url\":\"https:\/\/pagina10.com\/web\/sepal-reducira-zonas-con-alumbrado-navideno\/\",\"name\":\"Sepal reducir\u00e1 zonas con alumbrado navide\u00f1o | P\u00e1gina10\",\"isPartOf\":{\"@id\":\"https:\/\/pagina10.com\/web\/#website\"},\"primaryImageOfPage\":{\"@id\":\"https:\/\/pagina10.com\/web\/sepal-reducira-zonas-con-alumbrado-navideno\/#primaryimage\"},\"image\":{\"@id\":\"https:\/\/pagina10.com\/web\/sepal-reducira-zonas-con-alumbrado-navideno\/#primaryimage\"},\"thumbnailUrl\":\"https:\/\/pagina10.com\/web\/wp-content\/uploads\/2015\/11\/ad0ec80b2a19407fd396c1c0067174a0.jpg\",\"datePublished\":\"2015-11-10T13:31:09+00:00\",\"breadcrumb\":{\"@id\":\"https:\/\/pagina10.com\/web\/sepal-reducira-zonas-con-alumbrado-navideno\/#breadcrumb\"},\"inLanguage\":\"es\",\"potentialAction\":[{\"@type\":\"ReadAction\",\"target\":[\"https:\/\/pagina10.com\/web\/sepal-reducira-zonas-con-alumbrado-navideno\/\"]}]},{\"@type\":\"ImageObject\",\"inLanguage\":\"es\",\"@id\":\"https:\/\/pagina10.com\/web\/sepal-reducira-zonas-con-alumbrado-navideno\/#primaryimage\",\"url\":\"https:\/\/pagina10.com\/web\/wp-content\/uploads\/2015\/11\/ad0ec80b2a19407fd396c1c0067174a0.jpg\",\"contentUrl\":\"https:\/\/pagina10.com\/web\/wp-content\/uploads\/2015\/11\/ad0ec80b2a19407fd396c1c0067174a0.jpg\",\"width\":960,\"height\":642},{\"@type\":\"BreadcrumbList\",\"@id\":\"https:\/\/pagina10.com\/web\/sepal-reducira-zonas-con-alumbrado-navideno\/#breadcrumb\",\"itemListElement\":[{\"@type\":\"ListItem\",\"position\":1,\"name\":\"Portada\",\"item\":\"https:\/\/pagina10.com\/web\/\"},{\"@type\":\"ListItem\",\"position\":2,\"name\":\"Sepal reducir\u00e1 zonas con alumbrado navide\u00f1o\"}]},{\"@type\":\"WebSite\",\"@id\":\"https:\/\/pagina10.com\/web\/#website\",\"url\":\"https:\/\/pagina10.com\/web\/\",\"name\":\"P\u00e1gina10\",\"description\":\"Peri\u00f3dico Regional\",\"publisher\":{\"@id\":\"https:\/\/pagina10.com\/web\/#organization\"},\"alternateName\":\"P\u00e1gina10 Peri\u00f3dico Regional\",\"potentialAction\":[{\"@type\":\"SearchAction\",\"target\":{\"@type\":\"EntryPoint\",\"urlTemplate\":\"https:\/\/pagina10.com\/web\/?s={search_term_string}\"},\"query-input\":{\"@type\":\"PropertyValueSpecification\",\"valueRequired\":true,\"valueName\":\"search_term_string\"}}],\"inLanguage\":\"es\"},{\"@type\":\"Organization\",\"@id\":\"https:\/\/pagina10.com\/web\/#organization\",\"name\":\"P\u00e1gina10\",\"alternateName\":\"P\u00e1gina10 Peri\u00f3dico Regional\",\"url\":\"https:\/\/pagina10.com\/web\/\",\"logo\":{\"@type\":\"ImageObject\",\"inLanguage\":\"es\",\"@id\":\"https:\/\/pagina10.com\/web\/#\/schema\/logo\/image\/\",\"url\":\"https:\/\/pagina10.com\/web\/wp-content\/uploads\/2024\/01\/40-pagina-10-periodico-regional-pasto.jpg\",\"contentUrl\":\"https:\/\/pagina10.com\/web\/wp-content\/uploads\/2024\/01\/40-pagina-10-periodico-regional-pasto.jpg\",\"width\":1280,\"height\":720,\"caption\":\"P\u00e1gina10\"},\"image\":{\"@id\":\"https:\/\/pagina10.com\/web\/#\/schema\/logo\/image\/\"},\"sameAs\":[\"https:\/\/www.facebook.com\/pag10com\",\"https:\/\/x.com\/Pag10com\",\"https:\/\/www.instagram.com\/pagina10col\/\",\"https:\/\/youtube.com\/channel\/pag10\",\"https:\/\/www.tiktok.com\/@p10col\"]},{\"@type\":\"Person\",\"@id\":\"https:\/\/pagina10.com\/web\/#\/schema\/person\/a7a5d38f0629dfc107f619fbae4f6cc3\",\"name\":\"P\u00e1gina 10\",\"description\":\"P\u00e1gina10.com es un peri\u00f3dico digital que nace en Colombia, en el departamento de Nari\u00f1o, con un enfoque global, fundamentado en cuatro pilares esenciales: la libertad, el pluralismo, la inclusi\u00f3n y la independencia. P\u00e1gina10.com hace referencia a Nari\u00f1o como el d\u00e9cimo departamento creado en Colombia, despu\u00e9s de un proceso pol\u00edtico liderado por actores y actrices regionales con el fin de obtener la independencia y autonom\u00eda de nuestros territorios. Con la creaci\u00f3n de P\u00e1gina10.com se pretende abrir un escenario para el dialogo, la reflexi\u00f3n y el debate que se extienda a otras geograf\u00edas de Am\u00e9rica Latina y del planeta, en una apuesta por transformar colectivamente los desaf\u00edos de un mundo contempor\u00e1neo, m\u00e1s all\u00e1 de las fronteras impuestas.\",\"url\":\"https:\/\/pagina10.com\/web\/author\/mcepeda\/\"}]}<\/script>\n<!-- \/ Yoast SEO plugin. -->","yoast_head_json":{"title":"Sepal reducir\u00e1 zonas con alumbrado navide\u00f1o | P\u00e1gina10","robots":{"index":"index","follow":"follow","max-snippet":"max-snippet:-1","max-image-preview":"max-image-preview:large","max-video-preview":"max-video-preview:-1"},"canonical":"https:\/\/pagina10.com\/web\/sepal-reducira-zonas-con-alumbrado-navideno\/","og_locale":"es_ES","og_type":"article","og_title":"Sepal reducir\u00e1 zonas con alumbrado navide\u00f1o | P\u00e1gina10","og_description":"En cumplimiento con los lineamientos del Gobierno Nacional frente al ahorro de energ\u00eda y dadas las condiciones climatol\u00f3gicas en el pa\u00eds, la empresa de alumbrado p\u00fablico de Pasto SEPAL S.A, reducir\u00e1 el n\u00famero de zonas iluminadas contempladas en el proyecto de Alumbrado Navide\u00f1o. As\u00ed lo confirm\u00f3 la gerente de la entidad Maritza Rosero Narv\u00e1ez, quien [&hellip;]","og_url":"https:\/\/pagina10.com\/web\/sepal-reducira-zonas-con-alumbrado-navideno\/","og_site_name":"P\u00e1gina10","article_publisher":"https:\/\/www.facebook.com\/pag10com","article_published_time":"2015-11-10T13:31:09+00:00","og_image":[{"width":960,"height":642,"url":"https:\/\/pagina10.com\/web\/wp-content\/uploads\/2015\/11\/ad0ec80b2a19407fd396c1c0067174a0.jpg","type":"image\/jpeg"}],"author":"P\u00e1gina 10","twitter_card":"summary_large_image","twitter_creator":"@Pag10com","twitter_site":"@Pag10com","twitter_misc":{"Escrito por":"P\u00e1gina 10","Tiempo de lectura":"1 minuto"},"schema":{"@context":"https:\/\/schema.org","@graph":[{"@type":"Article","@id":"https:\/\/pagina10.com\/web\/sepal-reducira-zonas-con-alumbrado-navideno\/#article","isPartOf":{"@id":"https:\/\/pagina10.com\/web\/sepal-reducira-zonas-con-alumbrado-navideno\/"},"author":{"name":"P\u00e1gina 10","@id":"https:\/\/pagina10.com\/web\/#\/schema\/person\/a7a5d38f0629dfc107f619fbae4f6cc3"},"headline":"Sepal reducir\u00e1 zonas con alumbrado navide\u00f1o","datePublished":"2015-11-10T13:31:09+00:00","mainEntityOfPage":{"@id":"https:\/\/pagina10.com\/web\/sepal-reducira-zonas-con-alumbrado-navideno\/"},"wordCount":223,"commentCount":0,"publisher":{"@id":"https:\/\/pagina10.com\/web\/#organization"},"image":{"@id":"https:\/\/pagina10.com\/web\/sepal-reducira-zonas-con-alumbrado-navideno\/#primaryimage"},"thumbnailUrl":"https:\/\/pagina10.com\/web\/wp-content\/uploads\/2015\/11\/ad0ec80b2a19407fd396c1c0067174a0.jpg","inLanguage":"es","potentialAction":[{"@type":"CommentAction","name":"Comment","target":["https:\/\/pagina10.com\/web\/sepal-reducira-zonas-con-alumbrado-navideno\/#respond"]}]},{"@type":"WebPage","@id":"https:\/\/pagina10.com\/web\/sepal-reducira-zonas-con-alumbrado-navideno\/","url":"https:\/\/pagina10.com\/web\/sepal-reducira-zonas-con-alumbrado-navideno\/","name":"Sepal reducir\u00e1 zonas con alumbrado navide\u00f1o | P\u00e1gina10","isPartOf":{"@id":"https:\/\/pagina10.com\/web\/#website"},"primaryImageOfPage":{"@id":"https:\/\/pagina10.com\/web\/sepal-reducira-zonas-con-alumbrado-navideno\/#primaryimage"},"image":{"@id":"https:\/\/pagina10.com\/web\/sepal-reducira-zonas-con-alumbrado-navideno\/#primaryimage"},"thumbnailUrl":"https:\/\/pagina10.com\/web\/wp-content\/uploads\/2015\/11\/ad0ec80b2a19407fd396c1c0067174a0.jpg","datePublished":"2015-11-10T13:31:09+00:00","breadcrumb":{"@id":"https:\/\/pagina10.com\/web\/sepal-reducira-zonas-con-alumbrado-navideno\/#breadcrumb"},"inLanguage":"es","potentialAction":[{"@type":"ReadAction","target":["https:\/\/pagina10.com\/web\/sepal-reducira-zonas-con-alumbrado-navideno\/"]}]},{"@type":"ImageObject","inLanguage":"es","@id":"https:\/\/pagina10.com\/web\/sepal-reducira-zonas-con-alumbrado-navideno\/#primaryimage","url":"https:\/\/pagina10.com\/web\/wp-content\/uploads\/2015\/11\/ad0ec80b2a19407fd396c1c0067174a0.jpg","contentUrl":"https:\/\/pagina10.com\/web\/wp-content\/uploads\/2015\/11\/ad0ec80b2a19407fd396c1c0067174a0.jpg","width":960,"height":642},{"@type":"BreadcrumbList","@id":"https:\/\/pagina10.com\/web\/sepal-reducira-zonas-con-alumbrado-navideno\/#breadcrumb","itemListElement":[{"@type":"ListItem","position":1,"name":"Portada","item":"https:\/\/pagina10.com\/web\/"},{"@type":"ListItem","position":2,"name":"Sepal reducir\u00e1 zonas con alumbrado navide\u00f1o"}]},{"@type":"WebSite","@id":"https:\/\/pagina10.com\/web\/#website","url":"https:\/\/pagina10.com\/web\/","name":"P\u00e1gina10","description":"Peri\u00f3dico Regional","publisher":{"@id":"https:\/\/pagina10.com\/web\/#organization"},"alternateName":"P\u00e1gina10 Peri\u00f3dico Regional","potentialAction":[{"@type":"SearchAction","target":{"@type":"EntryPoint","urlTemplate":"https:\/\/pagina10.com\/web\/?s={search_term_string}"},"query-input":{"@type":"PropertyValueSpecification","valueRequired":true,"valueName":"search_term_string"}}],"inLanguage":"es"},{"@type":"Organization","@id":"https:\/\/pagina10.com\/web\/#organization","name":"P\u00e1gina10","alternateName":"P\u00e1gina10 Peri\u00f3dico Regional","url":"https:\/\/pagina10.com\/web\/","logo":{"@type":"ImageObject","inLanguage":"es","@id":"https:\/\/pagina10.com\/web\/#\/schema\/logo\/image\/","url":"https:\/\/pagina10.com\/web\/wp-content\/uploads\/2024\/01\/40-pagina-10-periodico-regional-pasto.jpg","contentUrl":"https:\/\/pagina10.com\/web\/wp-content\/uploads\/2024\/01\/40-pagina-10-periodico-regional-pasto.jpg","width":1280,"height":720,"caption":"P\u00e1gina10"},"image":{"@id":"https:\/\/pagina10.com\/web\/#\/schema\/logo\/image\/"},"sameAs":["https:\/\/www.facebook.com\/pag10com","https:\/\/x.com\/Pag10com","https:\/\/www.instagram.com\/pagina10col\/","https:\/\/youtube.com\/channel\/pag10","https:\/\/www.tiktok.com\/@p10col"]},{"@type":"Person","@id":"https:\/\/pagina10.com\/web\/#\/schema\/person\/a7a5d38f0629dfc107f619fbae4f6cc3","name":"P\u00e1gina 10","description":"P\u00e1gina10.com es un peri\u00f3dico digital que nace en Colombia, en el departamento de Nari\u00f1o, con un enfoque global, fundamentado en cuatro pilares esenciales: la libertad, el pluralismo, la inclusi\u00f3n y la independencia. P\u00e1gina10.com hace referencia a Nari\u00f1o como el d\u00e9cimo departamento creado en Colombia, despu\u00e9s de un proceso pol\u00edtico liderado por actores y actrices regionales con el fin de obtener la independencia y autonom\u00eda de nuestros territorios. Con la creaci\u00f3n de P\u00e1gina10.com se pretende abrir un escenario para el dialogo, la reflexi\u00f3n y el debate que se extienda a otras geograf\u00edas de Am\u00e9rica Latina y del planeta, en una apuesta por transformar colectivamente los desaf\u00edos de un mundo contempor\u00e1neo, m\u00e1s all\u00e1 de las fronteras impuestas.","url":"https:\/\/pagina10.com\/web\/author\/mcepeda\/"}]}},"_links":{"self":[{"href":"https:\/\/pagina10.com\/web\/wp-json\/wp\/v2\/posts\/18469","targetHints":{"allow":["GET"]}}],"collection":[{"href":"https:\/\/pagina10.com\/web\/wp-json\/wp\/v2\/posts"}],"about":[{"href":"https:\/\/pagina10.com\/web\/wp-json\/wp\/v2\/types\/post"}],"author":[{"embeddable":true,"href":"https:\/\/pagina10.com\/web\/wp-json\/wp\/v2\/users\/29"}],"replies":[{"embeddable":true,"href":"https:\/\/pagina10.com\/web\/wp-json\/wp\/v2\/comments?post=18469"}],"version-history":[{"count":0,"href":"https:\/\/pagina10.com\/web\/wp-json\/wp\/v2\/posts\/18469\/revisions"}],"wp:featuredmedia":[{"embeddable":true,"href":"https:\/\/pagina10.com\/web\/wp-json\/wp\/v2\/media\/18468"}],"wp:attachment":[{"href":"https:\/\/pagina10.com\/web\/wp-json\/wp\/v2\/media?parent=18469"}],"wp:term":[{"taxonomy":"category","embeddable":true,"href":"https:\/\/pagina10.com\/web\/wp-json\/wp\/v2\/categories?post=18469"},{"taxonomy":"post_tag","embeddable":true,"href":"https:\/\/pagina10.com\/web\/wp-json\/wp\/v2\/tags?post=18469"}],"curies":[{"name":"wp","href":"https:\/\/api.w.org\/{rel}","templated":true}]}}