{"id":18473,"date":"2015-11-10T15:31:07","date_gmt":"2015-11-10T15:31:07","guid":{"rendered":"https:\/\/pagina10.com\/web\/cayeron-los-pepes-en-pasto\/"},"modified":"2015-11-10T15:31:07","modified_gmt":"2015-11-10T15:31:07","slug":"cayeron-los-pepes-en-pasto","status":"publish","type":"post","link":"https:\/\/pagina10.com\/web\/cayeron-los-pepes-en-pasto\/","title":{"rendered":"Cayeron &#8220;Los Pepes&#8221; en Pasto"},"content":{"rendered":"<p><img fetchpriority=\"high\" decoding=\"async\" class=\" size-full wp-image-18472\" src=\"https:\/\/pagina10.com\/web\/wp-content\/uploads\/2015\/11\/16c59282be1c10988d51b32ae18685fb.jpg\" alt=\"\" width=\"560\" height=\"373\" srcset=\"https:\/\/pagina10.com\/web\/wp-content\/uploads\/2015\/11\/16c59282be1c10988d51b32ae18685fb.jpg 560w, https:\/\/pagina10.com\/web\/wp-content\/uploads\/2015\/11\/16c59282be1c10988d51b32ae18685fb-300x200.jpg 300w, https:\/\/pagina10.com\/web\/wp-content\/uploads\/2015\/11\/16c59282be1c10988d51b32ae18685fb-450x300.jpg 450w\" sizes=\"(max-width: 560px) 100vw, 560px\" \/><\/p>\n<p style=\"text-align: justify;\">En diligencia de allanamiento y registro a la casa ubicada en el barrio 12 de Octubre de la ciudad de Pasto (Nari\u00f1o), la Polic\u00eda Judicial de la Sij\u00edn logr\u00f3 hacer efectivas las \u00f3rdenes de capturas de ocho integrantes de la familia Cede\u00f1o Cortez, quienes al parecer hacen parte de la estructura delictiva conocida como Los Pepes.<\/p>\n<p style=\"text-align: justify;\">Los capturados son: Jacinto Cede\u00f1o, Maria Delcy Cortez, Carmen Alicia Cede\u00f1o Cortez, Sandra Milena Cede\u00f1o Cortez, Franklin Cede\u00f1o Cortez, Jefferson Cede\u00f1o Cortez, John Fernando Cede\u00f1o Cortez y Luz Maria Cede\u00f1o Cortez.<\/p>\n<p style=\"text-align: justify;\">Seg\u00fan las labores investigativas, los aprehendidos se dedicaban a la comercializaci\u00f3n de sustancias estupefacientes en el barrio 12 de Octubre.de la capital nari\u00f1ense.<\/p>\n<p style=\"text-align: justify;\">A los procesados la Fiscal\u00eda 44 Local de la Estructura de Apoyo les imput\u00f3 cargos por los delitos concierto para delinquir y destinaci\u00f3n il\u00edcita de inmuebles.<\/p>\n<p style=\"text-align: justify;\">El Juzgado Primero Penal Municipal Ambulante de Pasto (Nari\u00f1o) impuso medida de aseguramiento intramuros a siete de los capturados y a la se\u00f1ora Luz Maria Cede\u00f1o Cortez, detenci\u00f3n domiciliaria por encontrarse en per\u00edodo de lactancia.<\/p>\n<p style=\"text-align: justify;\">Los afectados no se allanaron a cargos y fueron trasladados a la c\u00e1rcel judicial del circuito de Pasto (Nari\u00f1o).<\/p>\n","protected":false},"excerpt":{"rendered":"<p>En diligencia de allanamiento y registro a la casa ubicada en el barrio 12 de Octubre de la ciudad de Pasto (Nari\u00f1o), la Polic\u00eda Judicial de la Sij\u00edn logr\u00f3 hacer efectivas las \u00f3rdenes de capturas de ocho integrantes de la familia Cede\u00f1o Cortez, quienes al parecer hacen parte de la estructura delictiva conocida como Los [&hellip;]<\/p>\n","protected":false},"author":29,"featured_media":18472,"comment_status":"open","ping_status":"open","sticky":false,"template":"","format":"standard","meta":{"footnotes":""},"categories":[1],"tags":[],"class_list":["post-18473","post","type-post","status-publish","format-standard","has-post-thumbnail","hentry","category-sin-categoria"],"yoast_head":"<!-- This site is optimized with the Yoast SEO plugin v27.1.1 - https:\/\/yoast.com\/product\/yoast-seo-wordpress\/ -->\n<title>Cayeron &quot;Los Pepes&quot; en Pasto | P\u00e1gina10<\/title>\n<meta name=\"robots\" content=\"index, follow, max-snippet:-1, max-image-preview:large, max-video-preview:-1\" \/>\n<link rel=\"canonical\" href=\"https:\/\/pagina10.com\/web\/cayeron-los-pepes-en-pasto\/\" \/>\n<meta property=\"og:locale\" content=\"es_ES\" \/>\n<meta property=\"og:type\" content=\"article\" \/>\n<meta property=\"og:title\" content=\"Cayeron &quot;Los Pepes&quot; en Pasto | P\u00e1gina10\" \/>\n<meta property=\"og:description\" content=\"En diligencia de allanamiento y registro a la casa ubicada en el barrio 12 de Octubre de la ciudad de Pasto (Nari\u00f1o), la Polic\u00eda Judicial de la Sij\u00edn logr\u00f3 hacer efectivas las \u00f3rdenes de capturas de ocho integrantes de la familia Cede\u00f1o Cortez, quienes al parecer hacen parte de la estructura delictiva conocida como Los [&hellip;]\" \/>\n<meta property=\"og:url\" content=\"https:\/\/pagina10.com\/web\/cayeron-los-pepes-en-pasto\/\" \/>\n<meta property=\"og:site_name\" content=\"P\u00e1gina10\" \/>\n<meta property=\"article:publisher\" content=\"https:\/\/www.facebook.com\/pag10com\" \/>\n<meta property=\"article:published_time\" content=\"2015-11-10T15:31:07+00:00\" \/>\n<meta property=\"og:image\" content=\"https:\/\/pagina10.com\/web\/wp-content\/uploads\/2015\/11\/16c59282be1c10988d51b32ae18685fb.jpg\" \/>\n\t<meta property=\"og:image:width\" content=\"560\" \/>\n\t<meta property=\"og:image:height\" content=\"373\" \/>\n\t<meta property=\"og:image:type\" content=\"image\/jpeg\" \/>\n<meta name=\"author\" content=\"P\u00e1gina 10\" \/>\n<meta name=\"twitter:card\" content=\"summary_large_image\" \/>\n<meta name=\"twitter:creator\" content=\"@Pag10com\" \/>\n<meta name=\"twitter:site\" content=\"@Pag10com\" \/>\n<meta name=\"twitter:label1\" content=\"Escrito por\" \/>\n\t<meta name=\"twitter:data1\" content=\"P\u00e1gina 10\" \/>\n\t<meta name=\"twitter:label2\" content=\"Tiempo de lectura\" \/>\n\t<meta name=\"twitter:data2\" content=\"1 minuto\" \/>\n<script type=\"application\/ld+json\" class=\"yoast-schema-graph\">{\"@context\":\"https:\/\/schema.org\",\"@graph\":[{\"@type\":\"Article\",\"@id\":\"https:\/\/pagina10.com\/web\/cayeron-los-pepes-en-pasto\/#article\",\"isPartOf\":{\"@id\":\"https:\/\/pagina10.com\/web\/cayeron-los-pepes-en-pasto\/\"},\"author\":{\"name\":\"P\u00e1gina 10\",\"@id\":\"https:\/\/pagina10.com\/web\/#\/schema\/person\/a7a5d38f0629dfc107f619fbae4f6cc3\"},\"headline\":\"Cayeron &#8220;Los Pepes&#8221; en Pasto\",\"datePublished\":\"2015-11-10T15:31:07+00:00\",\"mainEntityOfPage\":{\"@id\":\"https:\/\/pagina10.com\/web\/cayeron-los-pepes-en-pasto\/\"},\"wordCount\":217,\"commentCount\":0,\"publisher\":{\"@id\":\"https:\/\/pagina10.com\/web\/#organization\"},\"image\":{\"@id\":\"https:\/\/pagina10.com\/web\/cayeron-los-pepes-en-pasto\/#primaryimage\"},\"thumbnailUrl\":\"https:\/\/pagina10.com\/web\/wp-content\/uploads\/2015\/11\/16c59282be1c10988d51b32ae18685fb.jpg\",\"inLanguage\":\"es\",\"potentialAction\":[{\"@type\":\"CommentAction\",\"name\":\"Comment\",\"target\":[\"https:\/\/pagina10.com\/web\/cayeron-los-pepes-en-pasto\/#respond\"]}]},{\"@type\":\"WebPage\",\"@id\":\"https:\/\/pagina10.com\/web\/cayeron-los-pepes-en-pasto\/\",\"url\":\"https:\/\/pagina10.com\/web\/cayeron-los-pepes-en-pasto\/\",\"name\":\"Cayeron \\\"Los Pepes\\\" en Pasto | P\u00e1gina10\",\"isPartOf\":{\"@id\":\"https:\/\/pagina10.com\/web\/#website\"},\"primaryImageOfPage\":{\"@id\":\"https:\/\/pagina10.com\/web\/cayeron-los-pepes-en-pasto\/#primaryimage\"},\"image\":{\"@id\":\"https:\/\/pagina10.com\/web\/cayeron-los-pepes-en-pasto\/#primaryimage\"},\"thumbnailUrl\":\"https:\/\/pagina10.com\/web\/wp-content\/uploads\/2015\/11\/16c59282be1c10988d51b32ae18685fb.jpg\",\"datePublished\":\"2015-11-10T15:31:07+00:00\",\"breadcrumb\":{\"@id\":\"https:\/\/pagina10.com\/web\/cayeron-los-pepes-en-pasto\/#breadcrumb\"},\"inLanguage\":\"es\",\"potentialAction\":[{\"@type\":\"ReadAction\",\"target\":[\"https:\/\/pagina10.com\/web\/cayeron-los-pepes-en-pasto\/\"]}]},{\"@type\":\"ImageObject\",\"inLanguage\":\"es\",\"@id\":\"https:\/\/pagina10.com\/web\/cayeron-los-pepes-en-pasto\/#primaryimage\",\"url\":\"https:\/\/pagina10.com\/web\/wp-content\/uploads\/2015\/11\/16c59282be1c10988d51b32ae18685fb.jpg\",\"contentUrl\":\"https:\/\/pagina10.com\/web\/wp-content\/uploads\/2015\/11\/16c59282be1c10988d51b32ae18685fb.jpg\",\"width\":560,\"height\":373},{\"@type\":\"BreadcrumbList\",\"@id\":\"https:\/\/pagina10.com\/web\/cayeron-los-pepes-en-pasto\/#breadcrumb\",\"itemListElement\":[{\"@type\":\"ListItem\",\"position\":1,\"name\":\"Portada\",\"item\":\"https:\/\/pagina10.com\/web\/\"},{\"@type\":\"ListItem\",\"position\":2,\"name\":\"Cayeron &#8220;Los Pepes&#8221; en Pasto\"}]},{\"@type\":\"WebSite\",\"@id\":\"https:\/\/pagina10.com\/web\/#website\",\"url\":\"https:\/\/pagina10.com\/web\/\",\"name\":\"P\u00e1gina10\",\"description\":\"Peri\u00f3dico Regional\",\"publisher\":{\"@id\":\"https:\/\/pagina10.com\/web\/#organization\"},\"alternateName\":\"P\u00e1gina10 Peri\u00f3dico Regional\",\"potentialAction\":[{\"@type\":\"SearchAction\",\"target\":{\"@type\":\"EntryPoint\",\"urlTemplate\":\"https:\/\/pagina10.com\/web\/?s={search_term_string}\"},\"query-input\":{\"@type\":\"PropertyValueSpecification\",\"valueRequired\":true,\"valueName\":\"search_term_string\"}}],\"inLanguage\":\"es\"},{\"@type\":\"Organization\",\"@id\":\"https:\/\/pagina10.com\/web\/#organization\",\"name\":\"P\u00e1gina10\",\"alternateName\":\"P\u00e1gina10 Peri\u00f3dico Regional\",\"url\":\"https:\/\/pagina10.com\/web\/\",\"logo\":{\"@type\":\"ImageObject\",\"inLanguage\":\"es\",\"@id\":\"https:\/\/pagina10.com\/web\/#\/schema\/logo\/image\/\",\"url\":\"https:\/\/pagina10.com\/web\/wp-content\/uploads\/2024\/01\/40-pagina-10-periodico-regional-pasto.jpg\",\"contentUrl\":\"https:\/\/pagina10.com\/web\/wp-content\/uploads\/2024\/01\/40-pagina-10-periodico-regional-pasto.jpg\",\"width\":1280,\"height\":720,\"caption\":\"P\u00e1gina10\"},\"image\":{\"@id\":\"https:\/\/pagina10.com\/web\/#\/schema\/logo\/image\/\"},\"sameAs\":[\"https:\/\/www.facebook.com\/pag10com\",\"https:\/\/x.com\/Pag10com\",\"https:\/\/www.instagram.com\/pagina10col\/\",\"https:\/\/youtube.com\/channel\/pag10\",\"https:\/\/www.tiktok.com\/@p10col\"]},{\"@type\":\"Person\",\"@id\":\"https:\/\/pagina10.com\/web\/#\/schema\/person\/a7a5d38f0629dfc107f619fbae4f6cc3\",\"name\":\"P\u00e1gina 10\",\"description\":\"P\u00e1gina10.com es un peri\u00f3dico digital que nace en Colombia, en el departamento de Nari\u00f1o, con un enfoque global, fundamentado en cuatro pilares esenciales: la libertad, el pluralismo, la inclusi\u00f3n y la independencia. P\u00e1gina10.com hace referencia a Nari\u00f1o como el d\u00e9cimo departamento creado en Colombia, despu\u00e9s de un proceso pol\u00edtico liderado por actores y actrices regionales con el fin de obtener la independencia y autonom\u00eda de nuestros territorios. Con la creaci\u00f3n de P\u00e1gina10.com se pretende abrir un escenario para el dialogo, la reflexi\u00f3n y el debate que se extienda a otras geograf\u00edas de Am\u00e9rica Latina y del planeta, en una apuesta por transformar colectivamente los desaf\u00edos de un mundo contempor\u00e1neo, m\u00e1s all\u00e1 de las fronteras impuestas.\",\"url\":\"https:\/\/pagina10.com\/web\/author\/mcepeda\/\"}]}<\/script>\n<!-- \/ Yoast SEO plugin. -->","yoast_head_json":{"title":"Cayeron \"Los Pepes\" en Pasto | P\u00e1gina10","robots":{"index":"index","follow":"follow","max-snippet":"max-snippet:-1","max-image-preview":"max-image-preview:large","max-video-preview":"max-video-preview:-1"},"canonical":"https:\/\/pagina10.com\/web\/cayeron-los-pepes-en-pasto\/","og_locale":"es_ES","og_type":"article","og_title":"Cayeron \"Los Pepes\" en Pasto | P\u00e1gina10","og_description":"En diligencia de allanamiento y registro a la casa ubicada en el barrio 12 de Octubre de la ciudad de Pasto (Nari\u00f1o), la Polic\u00eda Judicial de la Sij\u00edn logr\u00f3 hacer efectivas las \u00f3rdenes de capturas de ocho integrantes de la familia Cede\u00f1o Cortez, quienes al parecer hacen parte de la estructura delictiva conocida como Los [&hellip;]","og_url":"https:\/\/pagina10.com\/web\/cayeron-los-pepes-en-pasto\/","og_site_name":"P\u00e1gina10","article_publisher":"https:\/\/www.facebook.com\/pag10com","article_published_time":"2015-11-10T15:31:07+00:00","og_image":[{"width":560,"height":373,"url":"https:\/\/pagina10.com\/web\/wp-content\/uploads\/2015\/11\/16c59282be1c10988d51b32ae18685fb.jpg","type":"image\/jpeg"}],"author":"P\u00e1gina 10","twitter_card":"summary_large_image","twitter_creator":"@Pag10com","twitter_site":"@Pag10com","twitter_misc":{"Escrito por":"P\u00e1gina 10","Tiempo de lectura":"1 minuto"},"schema":{"@context":"https:\/\/schema.org","@graph":[{"@type":"Article","@id":"https:\/\/pagina10.com\/web\/cayeron-los-pepes-en-pasto\/#article","isPartOf":{"@id":"https:\/\/pagina10.com\/web\/cayeron-los-pepes-en-pasto\/"},"author":{"name":"P\u00e1gina 10","@id":"https:\/\/pagina10.com\/web\/#\/schema\/person\/a7a5d38f0629dfc107f619fbae4f6cc3"},"headline":"Cayeron &#8220;Los Pepes&#8221; en Pasto","datePublished":"2015-11-10T15:31:07+00:00","mainEntityOfPage":{"@id":"https:\/\/pagina10.com\/web\/cayeron-los-pepes-en-pasto\/"},"wordCount":217,"commentCount":0,"publisher":{"@id":"https:\/\/pagina10.com\/web\/#organization"},"image":{"@id":"https:\/\/pagina10.com\/web\/cayeron-los-pepes-en-pasto\/#primaryimage"},"thumbnailUrl":"https:\/\/pagina10.com\/web\/wp-content\/uploads\/2015\/11\/16c59282be1c10988d51b32ae18685fb.jpg","inLanguage":"es","potentialAction":[{"@type":"CommentAction","name":"Comment","target":["https:\/\/pagina10.com\/web\/cayeron-los-pepes-en-pasto\/#respond"]}]},{"@type":"WebPage","@id":"https:\/\/pagina10.com\/web\/cayeron-los-pepes-en-pasto\/","url":"https:\/\/pagina10.com\/web\/cayeron-los-pepes-en-pasto\/","name":"Cayeron \"Los Pepes\" en Pasto | P\u00e1gina10","isPartOf":{"@id":"https:\/\/pagina10.com\/web\/#website"},"primaryImageOfPage":{"@id":"https:\/\/pagina10.com\/web\/cayeron-los-pepes-en-pasto\/#primaryimage"},"image":{"@id":"https:\/\/pagina10.com\/web\/cayeron-los-pepes-en-pasto\/#primaryimage"},"thumbnailUrl":"https:\/\/pagina10.com\/web\/wp-content\/uploads\/2015\/11\/16c59282be1c10988d51b32ae18685fb.jpg","datePublished":"2015-11-10T15:31:07+00:00","breadcrumb":{"@id":"https:\/\/pagina10.com\/web\/cayeron-los-pepes-en-pasto\/#breadcrumb"},"inLanguage":"es","potentialAction":[{"@type":"ReadAction","target":["https:\/\/pagina10.com\/web\/cayeron-los-pepes-en-pasto\/"]}]},{"@type":"ImageObject","inLanguage":"es","@id":"https:\/\/pagina10.com\/web\/cayeron-los-pepes-en-pasto\/#primaryimage","url":"https:\/\/pagina10.com\/web\/wp-content\/uploads\/2015\/11\/16c59282be1c10988d51b32ae18685fb.jpg","contentUrl":"https:\/\/pagina10.com\/web\/wp-content\/uploads\/2015\/11\/16c59282be1c10988d51b32ae18685fb.jpg","width":560,"height":373},{"@type":"BreadcrumbList","@id":"https:\/\/pagina10.com\/web\/cayeron-los-pepes-en-pasto\/#breadcrumb","itemListElement":[{"@type":"ListItem","position":1,"name":"Portada","item":"https:\/\/pagina10.com\/web\/"},{"@type":"ListItem","position":2,"name":"Cayeron &#8220;Los Pepes&#8221; en Pasto"}]},{"@type":"WebSite","@id":"https:\/\/pagina10.com\/web\/#website","url":"https:\/\/pagina10.com\/web\/","name":"P\u00e1gina10","description":"Peri\u00f3dico Regional","publisher":{"@id":"https:\/\/pagina10.com\/web\/#organization"},"alternateName":"P\u00e1gina10 Peri\u00f3dico Regional","potentialAction":[{"@type":"SearchAction","target":{"@type":"EntryPoint","urlTemplate":"https:\/\/pagina10.com\/web\/?s={search_term_string}"},"query-input":{"@type":"PropertyValueSpecification","valueRequired":true,"valueName":"search_term_string"}}],"inLanguage":"es"},{"@type":"Organization","@id":"https:\/\/pagina10.com\/web\/#organization","name":"P\u00e1gina10","alternateName":"P\u00e1gina10 Peri\u00f3dico Regional","url":"https:\/\/pagina10.com\/web\/","logo":{"@type":"ImageObject","inLanguage":"es","@id":"https:\/\/pagina10.com\/web\/#\/schema\/logo\/image\/","url":"https:\/\/pagina10.com\/web\/wp-content\/uploads\/2024\/01\/40-pagina-10-periodico-regional-pasto.jpg","contentUrl":"https:\/\/pagina10.com\/web\/wp-content\/uploads\/2024\/01\/40-pagina-10-periodico-regional-pasto.jpg","width":1280,"height":720,"caption":"P\u00e1gina10"},"image":{"@id":"https:\/\/pagina10.com\/web\/#\/schema\/logo\/image\/"},"sameAs":["https:\/\/www.facebook.com\/pag10com","https:\/\/x.com\/Pag10com","https:\/\/www.instagram.com\/pagina10col\/","https:\/\/youtube.com\/channel\/pag10","https:\/\/www.tiktok.com\/@p10col"]},{"@type":"Person","@id":"https:\/\/pagina10.com\/web\/#\/schema\/person\/a7a5d38f0629dfc107f619fbae4f6cc3","name":"P\u00e1gina 10","description":"P\u00e1gina10.com es un peri\u00f3dico digital que nace en Colombia, en el departamento de Nari\u00f1o, con un enfoque global, fundamentado en cuatro pilares esenciales: la libertad, el pluralismo, la inclusi\u00f3n y la independencia. P\u00e1gina10.com hace referencia a Nari\u00f1o como el d\u00e9cimo departamento creado en Colombia, despu\u00e9s de un proceso pol\u00edtico liderado por actores y actrices regionales con el fin de obtener la independencia y autonom\u00eda de nuestros territorios. Con la creaci\u00f3n de P\u00e1gina10.com se pretende abrir un escenario para el dialogo, la reflexi\u00f3n y el debate que se extienda a otras geograf\u00edas de Am\u00e9rica Latina y del planeta, en una apuesta por transformar colectivamente los desaf\u00edos de un mundo contempor\u00e1neo, m\u00e1s all\u00e1 de las fronteras impuestas.","url":"https:\/\/pagina10.com\/web\/author\/mcepeda\/"}]}},"_links":{"self":[{"href":"https:\/\/pagina10.com\/web\/wp-json\/wp\/v2\/posts\/18473","targetHints":{"allow":["GET"]}}],"collection":[{"href":"https:\/\/pagina10.com\/web\/wp-json\/wp\/v2\/posts"}],"about":[{"href":"https:\/\/pagina10.com\/web\/wp-json\/wp\/v2\/types\/post"}],"author":[{"embeddable":true,"href":"https:\/\/pagina10.com\/web\/wp-json\/wp\/v2\/users\/29"}],"replies":[{"embeddable":true,"href":"https:\/\/pagina10.com\/web\/wp-json\/wp\/v2\/comments?post=18473"}],"version-history":[{"count":0,"href":"https:\/\/pagina10.com\/web\/wp-json\/wp\/v2\/posts\/18473\/revisions"}],"wp:featuredmedia":[{"embeddable":true,"href":"https:\/\/pagina10.com\/web\/wp-json\/wp\/v2\/media\/18472"}],"wp:attachment":[{"href":"https:\/\/pagina10.com\/web\/wp-json\/wp\/v2\/media?parent=18473"}],"wp:term":[{"taxonomy":"category","embeddable":true,"href":"https:\/\/pagina10.com\/web\/wp-json\/wp\/v2\/categories?post=18473"},{"taxonomy":"post_tag","embeddable":true,"href":"https:\/\/pagina10.com\/web\/wp-json\/wp\/v2\/tags?post=18473"}],"curies":[{"name":"wp","href":"https:\/\/api.w.org\/{rel}","templated":true}]}}