{"id":18509,"date":"2015-11-14T02:20:52","date_gmt":"2015-11-14T02:20:52","guid":{"rendered":"https:\/\/pagina10.com\/web\/jornada-de-horror-vivio-paris-por-atentados-terroristas\/"},"modified":"2015-11-14T02:20:52","modified_gmt":"2015-11-14T02:20:52","slug":"jornada-de-horror-vivio-paris-por-atentados-terroristas","status":"publish","type":"post","link":"https:\/\/pagina10.com\/web\/jornada-de-horror-vivio-paris-por-atentados-terroristas\/","title":{"rendered":"Jornada de horror vivi\u00f3 Paris por atentados terroristas"},"content":{"rendered":"<p><img fetchpriority=\"high\" decoding=\"async\" class=\" size-full wp-image-18508\" src=\"https:\/\/pagina10.com\/web\/wp-content\/uploads\/2015\/11\/baff6fdd48e83d808c46ad95e0e57579.jpg\" alt=\"\" width=\"660\" height=\"371\" srcset=\"https:\/\/pagina10.com\/web\/wp-content\/uploads\/2015\/11\/baff6fdd48e83d808c46ad95e0e57579.jpg 660w, https:\/\/pagina10.com\/web\/wp-content\/uploads\/2015\/11\/baff6fdd48e83d808c46ad95e0e57579-300x169.jpg 300w\" sizes=\"(max-width: 660px) 100vw, 660px\" \/><\/p>\n<p style=\"text-align: justify;\">El presidente de Francia, Fran\u00e7ois Hollande, declar\u00f3 estado de emergencia, luego que al menos 120 personas murieron y varios quedaron heridas en una serie de ataques ocurridos este viernes en Par\u00eds.<\/p>\n<p style=\"text-align: justify;\">El mandatario tambi\u00e9n anunci\u00f3 que la circulaci\u00f3n quedar\u00e1 prohibida dentro de la Isla de Francia, el coraz\u00f3n de la capital francesa, y restableci\u00f3 el control de las fronteras.<\/p>\n<p style=\"text-align: justify;\">&#8220;Es un horror, hemos tomado una decisi\u00f3n, movilizar toda la fuerza posible para la neutralizaci\u00f3n de terroristas&#8221;, dijo Hollande en una conferencia de prensa en el que su tensi\u00f3n era evidente.<\/p>\n<p style=\"text-align: justify;\">La situaci\u00f3n en Par\u00eds es cr\u00edtica. 1.500 militares fueron movilizados y desplegados en las calles para apoyar a la polic\u00eda.&nbsp;<\/p>\n<p style=\"text-align: justify;\">Es un horror, hemos tomado una decisi\u00f3n, movilizar toda la fuerza posible para la neutralizaci\u00f3n de terroristas&#8221;.&nbsp;Fran\u00e7ois Hollande, presidente de Francia.<\/p>\n<p style=\"text-align: justify;\">La Prefectura de la ciudad llam\u00f3 a la poblaci\u00f3n a permanecer en sus casas y orden\u00f3 la suspensi\u00f3n de todas las manifestaciones en las v\u00edas p\u00fablicas hasta nuevo aviso.<\/p>\n<p style=\"text-align: justify;\">&#8220;Frente al terror, Francia ser\u00e1 fuerte&#8221;, indic\u00f3 el presidente, quien suspendi\u00f3 el viaje que ten\u00eda programado a Turqu\u00eda para participar este fin de semana en la cumbre del G20.<\/p>\n<p style=\"text-align: justify;\">El ministerio de Interior de Francia cre\u00f3 una p\u00e1gina web para recopilar testimonios y reportar a personas desaparecidas: www.securite.interieur.gouv.fr<\/p>\n<p style=\"text-align: justify;\"><strong>Seis incidentes<\/strong><\/p>\n<p style=\"text-align: justify;\">Hubo tiroteos en al menos seis distintos lugares en el noreste de la capital francesa y explosiones en el Estadio de Francia con capacidad para 80.000 espectadores.<br \/>Todav\u00eda no se ha confirmado si los incidentes est\u00e1n vinculados ni est\u00e1 claro quienes son los autores, pero el fiscal de Par\u00eds, Fran\u00e7ois Molins, confirm\u00f3 que cinco han sido abatidos.<\/p>\n<p style=\"text-align: justify;\">El ataque m\u00e1s grande ocurri\u00f3 en el teatro Le Bataclan, donde actuaba la banda de heavy metal californiana Eagles of Death Metal.&nbsp;Testigos afirman que hombres armado abrieron fuego contra la audiencia antes de tomar un gran n\u00famero de rehenes.&nbsp;La polic\u00eda irrumpi\u00f3 en el local y muchos de los retenidos -m\u00e1s de 100- murieron.<br \/>El presidente Hollande visit\u00f3 el lugar acompa\u00f1ado del primer ministro, Manuel Valls, el ministro del Interior Bernard Cazeneuve,y la ministra de Justicia, Christiane Taubira.<\/p>\n<p style=\"text-align: justify;\"><strong>Primeras im\u00e1genes de los ataques<\/strong><\/p>\n<p style=\"text-align: justify;\">Al llegar a Le Bataclan afirm\u00f3 que &#8220;hay muchos heridos, heridos graves, en estado de shock y conmocionados por lo que vieron&#8221;.<\/p>\n<p style=\"text-align: justify;\">Estamos a su lado y compartimos su dolor&#8221;.&nbsp;Anne Hidalgo, alcaldesa de Par\u00eds.<\/p>\n<p style=\"text-align: justify;\">&#8220;Vamos a seguir con la lucha, ser\u00e1 implacable contra los terroristas&#8221;, dijo el mandatario.<\/p>\n<p style=\"text-align: justify;\">La alcaldesa de Par\u00eds, Anne Hidalgo, visiblemente afectada, agradeci\u00f3 la labor de las fuerzas de seguridad del Estado y se solidariz\u00f3 con las familias de las v\u00edctimas.<\/p>\n<p style=\"text-align: justify;\">&#8220;Estamos a su lado y compartimos su dolor&#8221;, indic\u00f3 Hidalgo.<\/p>\n<p style=\"text-align: justify;\">&#8220;Par\u00eds est\u00e1 aqu\u00ed, de pie&#8221;, agreg\u00f3.<\/p>\n<p style=\"text-align: justify;\"><strong>Sin m\u00e1scaras<\/strong><br \/>Im\u00e1genes del canal franc\u00e9s BFM TV han mostrado varios buses vac\u00edos llegando a la zona donde para recoger a personas que no se encuentran heridas.&nbsp;Se puede ver gente que salieron del lugar cubiertas con mantas t\u00e9rmicas metalizadas.<br \/>Un hombre que estaba adentro del local, que afirm\u00f3 tener rotos &#8220;algunos dedos&#8221;, asegura que los hombres que se tomaron el lugar no usaban m\u00e1scaras.<br \/>Le Bataclan se encuentra en el distrito 11, cerca de la sede de la revista sat\u00edrica Charlie Hebd\u00f3, que sufri\u00f3 un ataque en enero en el que murieron 12 personas, entre ellas el director de la publicaci\u00f3n.<\/p>\n<p style=\"text-align: justify;\">Julian Pearce, que estaba dentro de la sala, cont\u00f3 a la cadena CNN, que logr\u00f3 escapar unos 15 minutos despu\u00e9s de que empezara el tiroteo.&nbsp;Seg\u00fan su testimonio, los atacantes vest\u00edan de negro y dispararon directamente a las personas&#8221;, agreg\u00f3.<\/p>\n<p style=\"text-align: justify;\">Eagles of Death Metal public\u00f3 este mensaje en su p\u00e1gina de Facebook.<\/p>\n<p style=\"text-align: justify;\">&#8220;Todav\u00eda estamos tratando de saber sobre la seguridad y el paradero de toda nuestra banda y equipo. Nuestros pensamientos est\u00e1n con todas las personas involucradas en esta tr\u00e1gica situaci\u00f3n&#8221;.<br \/><strong><\/strong><\/p>\n<p style=\"text-align: justify;\"><strong>La Marsellesa<\/strong><br \/>En el estadio se jugaba un partido amistoso de f\u00fatbol entre Francia y Alemania y asist\u00edan como espectadores el presidente Fran\u00e7ois Hollande y el ministro de Relaciones Exteriores de Alemania, Frank-Walter Steinmeier.<\/p>\n<p style=\"text-align: justify;\">Los comentaristas deportivos que estaban transmitiendo el partido reportaron el estruendo.<\/p>\n<p style=\"text-align: justify;\">Mientras la polic\u00eda evacuaba, los jugadores de la selecci\u00f3n francesa se refugiaron en un corredor afuera de los vestuarios, con cara de &#8220;desconcertados&#8221;.<\/p>\n<p style=\"text-align: justify;\">Muchos hinchas salieron cantando el himno nacional, la Marsellesa.<br \/><strong><\/strong><\/p>\n<p style=\"text-align: justify;\"><strong>Sin confirmaci\u00f3n<\/strong><br \/>Otro de los ataques fue en el restautante camboyano Petit Cambodge, en el distrito 10, una zona de moda cerca a la Gare du Nord.&nbsp;Seg\u00fan inform\u00f3 el camar\u00f3grafo de la BBC Charlie Pitt, que se encontraba en el lugar, un hombre abri\u00f3 fuego.<\/p>\n<p style=\"text-align: justify;\">Al menos 10 personas murieron en ese incidente.<\/p>\n<p style=\"text-align: justify;\">L\u00edderes del mundo han estado manifestando su solidaridad con Francia. Estos son algunos de los mensajes:<\/p>\n<p style=\"text-align: justify;\">&#8220;Estoy en estado de shock por lo eventos de Par\u00eds esta noche. Nuestros pensamientos y oraciones est\u00e1n con la gente de Francia. Haremos lo que podamos para ayudar&#8221;. David Cameron, primer ministro de Reino Unido, David Cameron.<\/p>\n<p style=\"text-align: justify;\">&#8220;Estados Unidos est\u00e1 con Francia, esto no es un ataque contra Par\u00eds y Francia, es un ataque contra la humanidad&#8221;. Barack Obama, presidente de Estados Unidos.<\/p>\n<p style=\"text-align: justify;\">&#8220;Expreso nuestro repudio total ante el horror desatado en Par\u00eds&#8221;. Evo Morales, presidente de Bolivia.<\/p>\n<p style=\"text-align: justify;\">&#8220;Nuestra solidaridad con el pueblo franc\u00e9s y el presidente Hollande&#8221;. Juan Manuel Santos, presidente de Colombia.<\/p>\n<p style=\"text-align: justify;\">&#8220;El gobierno del Per\u00fa extiende su solidaridad al pueblo franc\u00e9s y a su Pdte@fhollandey rechaza en\u00e9rgicamente la violencia desatada en Par\u00eds&#8221;. Ollanta Humala, presidente de Per\u00fa.<\/p>\n<p style=\"text-align: justify;\">&#8220;M\u00e9xico condena en\u00e9rgicamente los ataques ocurridos este d\u00eda en Par\u00eds. Expresamos nuestra solidaridad con el pueblo de Francia, y nuestras sentidas condolencias a los familiares de quienes perdieron la vida&#8221;. Enrique Pe\u00f1a Nieto.<\/p>\n<p style=\"text-align: justify;\">&#8220;Consternada por la barbarie terrorista, expreso mi repudio a la violencia y manifiesto mi solidaridad al pueblo y al gobierno franc\u00e9s&#8221;. Dilma Rouseff, presidenta de Brasil.<\/p>\n<p style=\"text-align: justify;\">&#8220;Como un pa\u00eds que conoce muy bien las consecuencias del terrorismo, entendemos perfectamente lo que ahora atraviesa Francia&#8221;. Recep Tayyip Erdogan, presidente de Turqu\u00eda.<\/p>\n<p style=\"text-align: justify;\">&#8220;Una vez m\u00e1s el horror y la tragedia global del terrorismo. Nuestra solidaridad con el Pueblo y el Gobierno de Francia&#8221;. Cristina Fern\u00e1ndez, presidenta de Argentina.<\/p>\n<p style=\"text-align: justify;\">&nbsp;<\/p>\n<p style=\"text-align: justify;\">Fuente: BBC<\/p>\n","protected":false},"excerpt":{"rendered":"<p>El presidente de Francia, Fran\u00e7ois Hollande, declar\u00f3 estado de emergencia, luego que al menos 120 personas murieron y varios quedaron heridas en una serie de ataques ocurridos este viernes en Par\u00eds. El mandatario tambi\u00e9n anunci\u00f3 que la circulaci\u00f3n quedar\u00e1 prohibida dentro de la Isla de Francia, el coraz\u00f3n de la capital francesa, y restableci\u00f3 el [&hellip;]<\/p>\n","protected":false},"author":29,"featured_media":18508,"comment_status":"open","ping_status":"open","sticky":false,"template":"","format":"standard","meta":{"footnotes":""},"categories":[1],"tags":[],"class_list":["post-18509","post","type-post","status-publish","format-standard","has-post-thumbnail","hentry","category-sin-categoria"],"yoast_head":"<!-- This site is optimized with the Yoast SEO plugin v27.1.1 - https:\/\/yoast.com\/product\/yoast-seo-wordpress\/ -->\n<title>Jornada de horror vivi\u00f3 Paris por atentados terroristas | P\u00e1gina10<\/title>\n<meta name=\"robots\" content=\"index, follow, max-snippet:-1, max-image-preview:large, max-video-preview:-1\" \/>\n<link rel=\"canonical\" href=\"https:\/\/pagina10.com\/web\/jornada-de-horror-vivio-paris-por-atentados-terroristas\/\" \/>\n<meta property=\"og:locale\" content=\"es_ES\" \/>\n<meta property=\"og:type\" content=\"article\" \/>\n<meta property=\"og:title\" content=\"Jornada de horror vivi\u00f3 Paris por atentados terroristas | P\u00e1gina10\" \/>\n<meta property=\"og:description\" content=\"El presidente de Francia, Fran\u00e7ois Hollande, declar\u00f3 estado de emergencia, luego que al menos 120 personas murieron y varios quedaron heridas en una serie de ataques ocurridos este viernes en Par\u00eds. El mandatario tambi\u00e9n anunci\u00f3 que la circulaci\u00f3n quedar\u00e1 prohibida dentro de la Isla de Francia, el coraz\u00f3n de la capital francesa, y restableci\u00f3 el [&hellip;]\" \/>\n<meta property=\"og:url\" content=\"https:\/\/pagina10.com\/web\/jornada-de-horror-vivio-paris-por-atentados-terroristas\/\" \/>\n<meta property=\"og:site_name\" content=\"P\u00e1gina10\" \/>\n<meta property=\"article:publisher\" content=\"https:\/\/www.facebook.com\/pag10com\" \/>\n<meta property=\"article:published_time\" content=\"2015-11-14T02:20:52+00:00\" \/>\n<meta property=\"og:image\" content=\"https:\/\/pagina10.com\/web\/wp-content\/uploads\/2015\/11\/baff6fdd48e83d808c46ad95e0e57579.jpg\" \/>\n\t<meta property=\"og:image:width\" content=\"660\" \/>\n\t<meta property=\"og:image:height\" content=\"371\" \/>\n\t<meta property=\"og:image:type\" content=\"image\/jpeg\" \/>\n<meta name=\"author\" content=\"P\u00e1gina 10\" \/>\n<meta name=\"twitter:card\" content=\"summary_large_image\" \/>\n<meta name=\"twitter:creator\" content=\"@Pag10com\" \/>\n<meta name=\"twitter:site\" content=\"@Pag10com\" \/>\n<meta name=\"twitter:label1\" content=\"Escrito por\" \/>\n\t<meta name=\"twitter:data1\" content=\"P\u00e1gina 10\" \/>\n\t<meta name=\"twitter:label2\" content=\"Tiempo de lectura\" \/>\n\t<meta name=\"twitter:data2\" content=\"5 minutos\" \/>\n<script type=\"application\/ld+json\" class=\"yoast-schema-graph\">{\"@context\":\"https:\/\/schema.org\",\"@graph\":[{\"@type\":\"Article\",\"@id\":\"https:\/\/pagina10.com\/web\/jornada-de-horror-vivio-paris-por-atentados-terroristas\/#article\",\"isPartOf\":{\"@id\":\"https:\/\/pagina10.com\/web\/jornada-de-horror-vivio-paris-por-atentados-terroristas\/\"},\"author\":{\"name\":\"P\u00e1gina 10\",\"@id\":\"https:\/\/pagina10.com\/web\/#\/schema\/person\/a7a5d38f0629dfc107f619fbae4f6cc3\"},\"headline\":\"Jornada de horror vivi\u00f3 Paris por atentados terroristas\",\"datePublished\":\"2015-11-14T02:20:52+00:00\",\"mainEntityOfPage\":{\"@id\":\"https:\/\/pagina10.com\/web\/jornada-de-horror-vivio-paris-por-atentados-terroristas\/\"},\"wordCount\":1099,\"commentCount\":0,\"publisher\":{\"@id\":\"https:\/\/pagina10.com\/web\/#organization\"},\"image\":{\"@id\":\"https:\/\/pagina10.com\/web\/jornada-de-horror-vivio-paris-por-atentados-terroristas\/#primaryimage\"},\"thumbnailUrl\":\"https:\/\/pagina10.com\/web\/wp-content\/uploads\/2015\/11\/baff6fdd48e83d808c46ad95e0e57579.jpg\",\"inLanguage\":\"es\",\"potentialAction\":[{\"@type\":\"CommentAction\",\"name\":\"Comment\",\"target\":[\"https:\/\/pagina10.com\/web\/jornada-de-horror-vivio-paris-por-atentados-terroristas\/#respond\"]}]},{\"@type\":\"WebPage\",\"@id\":\"https:\/\/pagina10.com\/web\/jornada-de-horror-vivio-paris-por-atentados-terroristas\/\",\"url\":\"https:\/\/pagina10.com\/web\/jornada-de-horror-vivio-paris-por-atentados-terroristas\/\",\"name\":\"Jornada de horror vivi\u00f3 Paris por atentados terroristas | P\u00e1gina10\",\"isPartOf\":{\"@id\":\"https:\/\/pagina10.com\/web\/#website\"},\"primaryImageOfPage\":{\"@id\":\"https:\/\/pagina10.com\/web\/jornada-de-horror-vivio-paris-por-atentados-terroristas\/#primaryimage\"},\"image\":{\"@id\":\"https:\/\/pagina10.com\/web\/jornada-de-horror-vivio-paris-por-atentados-terroristas\/#primaryimage\"},\"thumbnailUrl\":\"https:\/\/pagina10.com\/web\/wp-content\/uploads\/2015\/11\/baff6fdd48e83d808c46ad95e0e57579.jpg\",\"datePublished\":\"2015-11-14T02:20:52+00:00\",\"breadcrumb\":{\"@id\":\"https:\/\/pagina10.com\/web\/jornada-de-horror-vivio-paris-por-atentados-terroristas\/#breadcrumb\"},\"inLanguage\":\"es\",\"potentialAction\":[{\"@type\":\"ReadAction\",\"target\":[\"https:\/\/pagina10.com\/web\/jornada-de-horror-vivio-paris-por-atentados-terroristas\/\"]}]},{\"@type\":\"ImageObject\",\"inLanguage\":\"es\",\"@id\":\"https:\/\/pagina10.com\/web\/jornada-de-horror-vivio-paris-por-atentados-terroristas\/#primaryimage\",\"url\":\"https:\/\/pagina10.com\/web\/wp-content\/uploads\/2015\/11\/baff6fdd48e83d808c46ad95e0e57579.jpg\",\"contentUrl\":\"https:\/\/pagina10.com\/web\/wp-content\/uploads\/2015\/11\/baff6fdd48e83d808c46ad95e0e57579.jpg\",\"width\":660,\"height\":371},{\"@type\":\"BreadcrumbList\",\"@id\":\"https:\/\/pagina10.com\/web\/jornada-de-horror-vivio-paris-por-atentados-terroristas\/#breadcrumb\",\"itemListElement\":[{\"@type\":\"ListItem\",\"position\":1,\"name\":\"Portada\",\"item\":\"https:\/\/pagina10.com\/web\/\"},{\"@type\":\"ListItem\",\"position\":2,\"name\":\"Jornada de horror vivi\u00f3 Paris por atentados terroristas\"}]},{\"@type\":\"WebSite\",\"@id\":\"https:\/\/pagina10.com\/web\/#website\",\"url\":\"https:\/\/pagina10.com\/web\/\",\"name\":\"P\u00e1gina10\",\"description\":\"Peri\u00f3dico Regional\",\"publisher\":{\"@id\":\"https:\/\/pagina10.com\/web\/#organization\"},\"alternateName\":\"P\u00e1gina10 Peri\u00f3dico Regional\",\"potentialAction\":[{\"@type\":\"SearchAction\",\"target\":{\"@type\":\"EntryPoint\",\"urlTemplate\":\"https:\/\/pagina10.com\/web\/?s={search_term_string}\"},\"query-input\":{\"@type\":\"PropertyValueSpecification\",\"valueRequired\":true,\"valueName\":\"search_term_string\"}}],\"inLanguage\":\"es\"},{\"@type\":\"Organization\",\"@id\":\"https:\/\/pagina10.com\/web\/#organization\",\"name\":\"P\u00e1gina10\",\"alternateName\":\"P\u00e1gina10 Peri\u00f3dico Regional\",\"url\":\"https:\/\/pagina10.com\/web\/\",\"logo\":{\"@type\":\"ImageObject\",\"inLanguage\":\"es\",\"@id\":\"https:\/\/pagina10.com\/web\/#\/schema\/logo\/image\/\",\"url\":\"https:\/\/pagina10.com\/web\/wp-content\/uploads\/2024\/01\/40-pagina-10-periodico-regional-pasto.jpg\",\"contentUrl\":\"https:\/\/pagina10.com\/web\/wp-content\/uploads\/2024\/01\/40-pagina-10-periodico-regional-pasto.jpg\",\"width\":1280,\"height\":720,\"caption\":\"P\u00e1gina10\"},\"image\":{\"@id\":\"https:\/\/pagina10.com\/web\/#\/schema\/logo\/image\/\"},\"sameAs\":[\"https:\/\/www.facebook.com\/pag10com\",\"https:\/\/x.com\/Pag10com\",\"https:\/\/www.instagram.com\/pagina10col\/\",\"https:\/\/youtube.com\/channel\/pag10\",\"https:\/\/www.tiktok.com\/@p10col\"]},{\"@type\":\"Person\",\"@id\":\"https:\/\/pagina10.com\/web\/#\/schema\/person\/a7a5d38f0629dfc107f619fbae4f6cc3\",\"name\":\"P\u00e1gina 10\",\"description\":\"P\u00e1gina10.com es un peri\u00f3dico digital que nace en Colombia, en el departamento de Nari\u00f1o, con un enfoque global, fundamentado en cuatro pilares esenciales: la libertad, el pluralismo, la inclusi\u00f3n y la independencia. P\u00e1gina10.com hace referencia a Nari\u00f1o como el d\u00e9cimo departamento creado en Colombia, despu\u00e9s de un proceso pol\u00edtico liderado por actores y actrices regionales con el fin de obtener la independencia y autonom\u00eda de nuestros territorios. Con la creaci\u00f3n de P\u00e1gina10.com se pretende abrir un escenario para el dialogo, la reflexi\u00f3n y el debate que se extienda a otras geograf\u00edas de Am\u00e9rica Latina y del planeta, en una apuesta por transformar colectivamente los desaf\u00edos de un mundo contempor\u00e1neo, m\u00e1s all\u00e1 de las fronteras impuestas.\",\"url\":\"https:\/\/pagina10.com\/web\/author\/mcepeda\/\"}]}<\/script>\n<!-- \/ Yoast SEO plugin. -->","yoast_head_json":{"title":"Jornada de horror vivi\u00f3 Paris por atentados terroristas | P\u00e1gina10","robots":{"index":"index","follow":"follow","max-snippet":"max-snippet:-1","max-image-preview":"max-image-preview:large","max-video-preview":"max-video-preview:-1"},"canonical":"https:\/\/pagina10.com\/web\/jornada-de-horror-vivio-paris-por-atentados-terroristas\/","og_locale":"es_ES","og_type":"article","og_title":"Jornada de horror vivi\u00f3 Paris por atentados terroristas | P\u00e1gina10","og_description":"El presidente de Francia, Fran\u00e7ois Hollande, declar\u00f3 estado de emergencia, luego que al menos 120 personas murieron y varios quedaron heridas en una serie de ataques ocurridos este viernes en Par\u00eds. El mandatario tambi\u00e9n anunci\u00f3 que la circulaci\u00f3n quedar\u00e1 prohibida dentro de la Isla de Francia, el coraz\u00f3n de la capital francesa, y restableci\u00f3 el [&hellip;]","og_url":"https:\/\/pagina10.com\/web\/jornada-de-horror-vivio-paris-por-atentados-terroristas\/","og_site_name":"P\u00e1gina10","article_publisher":"https:\/\/www.facebook.com\/pag10com","article_published_time":"2015-11-14T02:20:52+00:00","og_image":[{"width":660,"height":371,"url":"https:\/\/pagina10.com\/web\/wp-content\/uploads\/2015\/11\/baff6fdd48e83d808c46ad95e0e57579.jpg","type":"image\/jpeg"}],"author":"P\u00e1gina 10","twitter_card":"summary_large_image","twitter_creator":"@Pag10com","twitter_site":"@Pag10com","twitter_misc":{"Escrito por":"P\u00e1gina 10","Tiempo de lectura":"5 minutos"},"schema":{"@context":"https:\/\/schema.org","@graph":[{"@type":"Article","@id":"https:\/\/pagina10.com\/web\/jornada-de-horror-vivio-paris-por-atentados-terroristas\/#article","isPartOf":{"@id":"https:\/\/pagina10.com\/web\/jornada-de-horror-vivio-paris-por-atentados-terroristas\/"},"author":{"name":"P\u00e1gina 10","@id":"https:\/\/pagina10.com\/web\/#\/schema\/person\/a7a5d38f0629dfc107f619fbae4f6cc3"},"headline":"Jornada de horror vivi\u00f3 Paris por atentados terroristas","datePublished":"2015-11-14T02:20:52+00:00","mainEntityOfPage":{"@id":"https:\/\/pagina10.com\/web\/jornada-de-horror-vivio-paris-por-atentados-terroristas\/"},"wordCount":1099,"commentCount":0,"publisher":{"@id":"https:\/\/pagina10.com\/web\/#organization"},"image":{"@id":"https:\/\/pagina10.com\/web\/jornada-de-horror-vivio-paris-por-atentados-terroristas\/#primaryimage"},"thumbnailUrl":"https:\/\/pagina10.com\/web\/wp-content\/uploads\/2015\/11\/baff6fdd48e83d808c46ad95e0e57579.jpg","inLanguage":"es","potentialAction":[{"@type":"CommentAction","name":"Comment","target":["https:\/\/pagina10.com\/web\/jornada-de-horror-vivio-paris-por-atentados-terroristas\/#respond"]}]},{"@type":"WebPage","@id":"https:\/\/pagina10.com\/web\/jornada-de-horror-vivio-paris-por-atentados-terroristas\/","url":"https:\/\/pagina10.com\/web\/jornada-de-horror-vivio-paris-por-atentados-terroristas\/","name":"Jornada de horror vivi\u00f3 Paris por atentados terroristas | P\u00e1gina10","isPartOf":{"@id":"https:\/\/pagina10.com\/web\/#website"},"primaryImageOfPage":{"@id":"https:\/\/pagina10.com\/web\/jornada-de-horror-vivio-paris-por-atentados-terroristas\/#primaryimage"},"image":{"@id":"https:\/\/pagina10.com\/web\/jornada-de-horror-vivio-paris-por-atentados-terroristas\/#primaryimage"},"thumbnailUrl":"https:\/\/pagina10.com\/web\/wp-content\/uploads\/2015\/11\/baff6fdd48e83d808c46ad95e0e57579.jpg","datePublished":"2015-11-14T02:20:52+00:00","breadcrumb":{"@id":"https:\/\/pagina10.com\/web\/jornada-de-horror-vivio-paris-por-atentados-terroristas\/#breadcrumb"},"inLanguage":"es","potentialAction":[{"@type":"ReadAction","target":["https:\/\/pagina10.com\/web\/jornada-de-horror-vivio-paris-por-atentados-terroristas\/"]}]},{"@type":"ImageObject","inLanguage":"es","@id":"https:\/\/pagina10.com\/web\/jornada-de-horror-vivio-paris-por-atentados-terroristas\/#primaryimage","url":"https:\/\/pagina10.com\/web\/wp-content\/uploads\/2015\/11\/baff6fdd48e83d808c46ad95e0e57579.jpg","contentUrl":"https:\/\/pagina10.com\/web\/wp-content\/uploads\/2015\/11\/baff6fdd48e83d808c46ad95e0e57579.jpg","width":660,"height":371},{"@type":"BreadcrumbList","@id":"https:\/\/pagina10.com\/web\/jornada-de-horror-vivio-paris-por-atentados-terroristas\/#breadcrumb","itemListElement":[{"@type":"ListItem","position":1,"name":"Portada","item":"https:\/\/pagina10.com\/web\/"},{"@type":"ListItem","position":2,"name":"Jornada de horror vivi\u00f3 Paris por atentados terroristas"}]},{"@type":"WebSite","@id":"https:\/\/pagina10.com\/web\/#website","url":"https:\/\/pagina10.com\/web\/","name":"P\u00e1gina10","description":"Peri\u00f3dico Regional","publisher":{"@id":"https:\/\/pagina10.com\/web\/#organization"},"alternateName":"P\u00e1gina10 Peri\u00f3dico Regional","potentialAction":[{"@type":"SearchAction","target":{"@type":"EntryPoint","urlTemplate":"https:\/\/pagina10.com\/web\/?s={search_term_string}"},"query-input":{"@type":"PropertyValueSpecification","valueRequired":true,"valueName":"search_term_string"}}],"inLanguage":"es"},{"@type":"Organization","@id":"https:\/\/pagina10.com\/web\/#organization","name":"P\u00e1gina10","alternateName":"P\u00e1gina10 Peri\u00f3dico Regional","url":"https:\/\/pagina10.com\/web\/","logo":{"@type":"ImageObject","inLanguage":"es","@id":"https:\/\/pagina10.com\/web\/#\/schema\/logo\/image\/","url":"https:\/\/pagina10.com\/web\/wp-content\/uploads\/2024\/01\/40-pagina-10-periodico-regional-pasto.jpg","contentUrl":"https:\/\/pagina10.com\/web\/wp-content\/uploads\/2024\/01\/40-pagina-10-periodico-regional-pasto.jpg","width":1280,"height":720,"caption":"P\u00e1gina10"},"image":{"@id":"https:\/\/pagina10.com\/web\/#\/schema\/logo\/image\/"},"sameAs":["https:\/\/www.facebook.com\/pag10com","https:\/\/x.com\/Pag10com","https:\/\/www.instagram.com\/pagina10col\/","https:\/\/youtube.com\/channel\/pag10","https:\/\/www.tiktok.com\/@p10col"]},{"@type":"Person","@id":"https:\/\/pagina10.com\/web\/#\/schema\/person\/a7a5d38f0629dfc107f619fbae4f6cc3","name":"P\u00e1gina 10","description":"P\u00e1gina10.com es un peri\u00f3dico digital que nace en Colombia, en el departamento de Nari\u00f1o, con un enfoque global, fundamentado en cuatro pilares esenciales: la libertad, el pluralismo, la inclusi\u00f3n y la independencia. P\u00e1gina10.com hace referencia a Nari\u00f1o como el d\u00e9cimo departamento creado en Colombia, despu\u00e9s de un proceso pol\u00edtico liderado por actores y actrices regionales con el fin de obtener la independencia y autonom\u00eda de nuestros territorios. Con la creaci\u00f3n de P\u00e1gina10.com se pretende abrir un escenario para el dialogo, la reflexi\u00f3n y el debate que se extienda a otras geograf\u00edas de Am\u00e9rica Latina y del planeta, en una apuesta por transformar colectivamente los desaf\u00edos de un mundo contempor\u00e1neo, m\u00e1s all\u00e1 de las fronteras impuestas.","url":"https:\/\/pagina10.com\/web\/author\/mcepeda\/"}]}},"_links":{"self":[{"href":"https:\/\/pagina10.com\/web\/wp-json\/wp\/v2\/posts\/18509","targetHints":{"allow":["GET"]}}],"collection":[{"href":"https:\/\/pagina10.com\/web\/wp-json\/wp\/v2\/posts"}],"about":[{"href":"https:\/\/pagina10.com\/web\/wp-json\/wp\/v2\/types\/post"}],"author":[{"embeddable":true,"href":"https:\/\/pagina10.com\/web\/wp-json\/wp\/v2\/users\/29"}],"replies":[{"embeddable":true,"href":"https:\/\/pagina10.com\/web\/wp-json\/wp\/v2\/comments?post=18509"}],"version-history":[{"count":0,"href":"https:\/\/pagina10.com\/web\/wp-json\/wp\/v2\/posts\/18509\/revisions"}],"wp:featuredmedia":[{"embeddable":true,"href":"https:\/\/pagina10.com\/web\/wp-json\/wp\/v2\/media\/18508"}],"wp:attachment":[{"href":"https:\/\/pagina10.com\/web\/wp-json\/wp\/v2\/media?parent=18509"}],"wp:term":[{"taxonomy":"category","embeddable":true,"href":"https:\/\/pagina10.com\/web\/wp-json\/wp\/v2\/categories?post=18509"},{"taxonomy":"post_tag","embeddable":true,"href":"https:\/\/pagina10.com\/web\/wp-json\/wp\/v2\/tags?post=18509"}],"curies":[{"name":"wp","href":"https:\/\/api.w.org\/{rel}","templated":true}]}}