{"id":18513,"date":"2015-11-14T03:33:43","date_gmt":"2015-11-14T03:33:43","guid":{"rendered":"https:\/\/pagina10.com\/web\/nuevo-sistema-de-regalias-avances-y-lunares\/"},"modified":"2015-11-14T03:33:43","modified_gmt":"2015-11-14T03:33:43","slug":"nuevo-sistema-de-regalias-avances-y-lunares","status":"publish","type":"post","link":"https:\/\/pagina10.com\/web\/nuevo-sistema-de-regalias-avances-y-lunares\/","title":{"rendered":"Nuevo sistema de Regal\u00edas: avances y lunares"},"content":{"rendered":"<p><img fetchpriority=\"high\" decoding=\"async\" class=\" size-full wp-image-18512\" src=\"https:\/\/pagina10.com\/web\/wp-content\/uploads\/2015\/11\/0b61986847833b7f9891be8b9c37702d.jpg\" alt=\"\" width=\"600\" height=\"300\" srcset=\"https:\/\/pagina10.com\/web\/wp-content\/uploads\/2015\/11\/0b61986847833b7f9891be8b9c37702d.jpg 600w, https:\/\/pagina10.com\/web\/wp-content\/uploads\/2015\/11\/0b61986847833b7f9891be8b9c37702d-300x150.jpg 300w\" sizes=\"(max-width: 600px) 100vw, 600px\" \/><\/p>\n<p style=\"text-align: justify;\">&nbsp;El nuevo sistema de regal\u00edas ha logrado que haya una mejor distribuci\u00f3n de estos recursos y que la poblaci\u00f3n m\u00e1s pobre se beneficie de los mismos, destac\u00f3 hoy el Contralor General de la Rep\u00fablica, Edgardo Maya Villaz\u00f3n, al tiempo que se\u00f1al\u00f3 la necesidad de corregir cuatro graves problemas de eficiencia que lo debilitan:<\/p>\n<p style=\"text-align: justify;\">*La baja ejecuci\u00f3n de los recursos y los altos saldos que permanecen en las cuentas bancarias.<\/p>\n<p style=\"text-align: justify;\">*Las debilidades que se advierten en la pertinencia de los proyectos financiados con estos&nbsp;recursos y en la calidad de las obras que se ejecutan con los mismos.<\/p>\n<p style=\"text-align: justify;\">*La baja efectividad del Fondo de Ciencia, Tecnolog\u00eda e innovaci\u00f3n y el hecho ostensible de que los proyectos en este campo no est\u00e1n siendo ejecutados por personas jur\u00eddicas y naturales id\u00f3neas y acreditadas (investigadores y grupos de investigaci\u00f3n reconocidos por COLCIENCIAS),<\/p>\n<p style=\"text-align: justify;\">*Y que, en la pr\u00e1ctica, los OCAD no han logrado ser el espacio de toma de decisiones t\u00e9cnicas donde prevalezca el inter\u00e9s general de la poblaci\u00f3n.<\/p>\n<p style=\"text-align: justify;\">El Contralor General consider\u00f3 necesario revisar la responsabilidad de los OCAD frente a efectividad en las decisiones que se est\u00e1n tomando sobre la inversi\u00f3n de los recursos de regal\u00edas.<\/p>\n<p style=\"text-align: justify;\">Maya Villaz\u00f3n hizo un balance de los tres a\u00f1os de funcionamiento del sistema de regal\u00edas en la clausura del Seminario Internacional&nbsp;&#8220;Regal\u00edas y Calidad de la Inversi\u00f3n en Colombia: una transformaci\u00f3n en marcha&#8221;,&nbsp;evento convocado por el Departamento Nacional de Planeaci\u00f3n, con el apoyo del BID, el Banco Mundial y la OCDE.<\/p>\n<p style=\"text-align: justify;\">Mejor distribuci\u00f3n y mayor equidad:<\/p>\n<p style=\"text-align: justify;\">Para el Contralor General, es evidente que el nuevo sistema de regal\u00edas, que entr\u00f3 en vigencia a partir del Acto Legislativo 05 de 2011,&nbsp; logr\u00f3 una distribuci\u00f3n territorial m\u00e1s equitativa de los recursos, con preferencia hacia aquellos m\u00e1s pobres.<\/p>\n<p style=\"text-align: justify;\">En 2010, el 80% de la poblaci\u00f3n recib\u00eda apenas el 20% de las regal\u00edas; la situaci\u00f3n con la reforma cambi\u00f3 de manera sustancial y en el bienio 2013-2014 ese &nbsp;80% de la poblaci\u00f3n se benefici\u00f3 del 70% de dichos recursos.<\/p>\n<p style=\"text-align: justify;\">En cuanto a municipios receptores, \u00e9stos pasaron de 655 en 2010 y 2011, a 1.078 en el bienio 2013-2014, destac\u00f3.<\/p>\n<p style=\"text-align: justify;\">La reforma tambi\u00e9n produjo avances en equidad social, dado que el nuevo sistema de distribuci\u00f3n tiende a asignar mayores recursos en los territorios que tienen m\u00e1s necesidades.<\/p>\n<p style=\"text-align: justify;\">Despu\u00e9s de la reforma, el coeficiente de Gini ha pasado de 0,7 en 2010 a 0,47 en 2014, subray\u00f3.<\/p>\n<p style=\"text-align: justify;\">Se ha facilitado seguimiento al uso de los recursos<\/p>\n<p style=\"text-align: justify;\">Seg\u00fan Maya Villaz\u00f3n, el modelo institucional ha generado mayor transparencia como resultado de la creaci\u00f3n&nbsp; del Sistema de Monitoreo, Seguimiento, Control y Evaluaci\u00f3n de las Regal\u00edas administrado por el DNP, que permite conocer el uso de los recursos y el estado en tiempo real de los proyectos de inversi\u00f3n.}<\/p>\n<p style=\"text-align: justify;\">De otra parte, el Sistema de Giros a Cuentas Maestras implementado por el Ministerio de Hacienda y Cr\u00e9dito P\u00fablico, permite conocer la asignaci\u00f3n y giro de los recursos a las regiones. Son as\u00ed herramientas que facilitan el seguimiento a la gesti\u00f3n y el ejercicio de control fiscal y social sobre los recursos.<\/p>\n<p style=\"text-align: justify;\">SITUACIONES A CORREGIR Y REORIENTAR<\/p>\n<p style=\"text-align: justify;\">Sin embargo \u2013indic\u00f3 el Contralor General- para que los avances descritos contribuyan a los objetivos constitucionales de reducir la pobreza y las brechas entre las regiones, es necesario garantizar la eficiencia y efectividad del gasto.<\/p>\n<p style=\"text-align: justify;\">Y, en esta direcci\u00f3n,&nbsp; se hace prioritario corregir las siguientes deficiencias detectadas por la Contralor\u00eda:<\/p>\n<p style=\"text-align: justify;\">-Baja ejecuci\u00f3n y altos saldos en cuentas bancarias:<\/p>\n<p style=\"text-align: justify;\">Los problemas de eficiencia del sistema de regal\u00edas se concentran todav\u00eda en las debilidades que tienen los municipios y departamentos para estructurar proyectos y en la baja capacidad de gesti\u00f3n de los alcaldes y gobernadores para ejecutarlos en los tiempos planeados.<\/p>\n<p style=\"text-align: justify;\">Fue as\u00ed la como la Contralor\u00eda evidenci\u00f3 que entre 2012 y 2014 el Sistema no ejecut\u00f3 $8,4 billones, entre funcionamiento e inversi\u00f3n.<\/p>\n<p style=\"text-align: justify;\">Consecuencia de lo anterior es que permanecen durante mucho tiempo saldos significativos en los bancos, lo que no es admisible si se tiene en cuenta la urgencia de las necesidades, la mayor\u00eda inaplazables, de las poblaciones. &nbsp;<\/p>\n<p style=\"text-align: justify;\">A diciembre de 2014 los saldos en los bancos, de recursos de regal\u00edas, ascend\u00edan a m\u00e1s de $7 billones. Esto ocurre en parte, porque los plazos para iniciar los procesos de ejecuci\u00f3n una vez se han aprobado los proyectos son muy laxos.<\/p>\n<p style=\"text-align: justify;\">Desde 2012 a la fecha hay 1.735 proyectos desaprobados o en riesgo de desaprobaci\u00f3n,&nbsp; de un total de casi 9.500 proyectos, es decir, $3,5 billones sin ejecutar.<\/p>\n<p style=\"text-align: justify;\">Por ejemplo, en una actuaci\u00f3n especial de la Contralor\u00eda General de la Rep\u00fablica, en el Departamento del Meta a la inversi\u00f3n de regal\u00edas en el sector Vivienda, encontr\u00f3 que a la fecha, del total de proyectos aprobados, el 4% est\u00e1n suspendidos, el 17% sin contratar, el 25% ya fueron desaprobados y del 55% restante en ejecuci\u00f3n solo 2 proyectos presentan un avance de obra no mayor al 50%, el resto tiene niveles de ejecuci\u00f3n f\u00edsica inferior al 20%.<\/p>\n<p style=\"text-align: justify;\">En este sentido, el Contralor Maya Villaz\u00f3n fue enf\u00e1tico: &#8220;Hay que ser estrictos y castigar a las entidades que sean lentas en ejecutar los recursos de regal\u00edas&#8221;.<\/p>\n<p style=\"text-align: justify;\">-Persisten debilidades en la pertinencia de los proyectos y en la calidad de las obras que se est\u00e1n ejecutando:<\/p>\n<p style=\"text-align: justify;\">Con el nuevo modelo los criterios de distribuci\u00f3n de las regal\u00edas benefician m\u00e1s a los departamentos que a los municipios. Actualmente los departamentos manejan m\u00e1s del 70% de los recursos del sistema.<\/p>\n<p style=\"text-align: justify;\">Esta decisi\u00f3n del legislador podr\u00eda interpretarse como una oportunidad para que los departamentos ejercieran un mayor liderazgo en el desarrollo de su territorio y en el desarrollo regional. No obstante, esa oportunidad se est\u00e1 perdiendo. Por ejemplo, a diciembre de 2014 en el Fondo de Desarrollo Regional, s\u00f3lo 9 de 334 proyectos cumplen la condici\u00f3n de ser interdepartamentales y 106 proyectos &nbsp;impactan a solo un municipio.<\/p>\n<p style=\"text-align: justify;\">Respecto a la calidad de las obras, la Contralor\u00eda en su ejercicio de auditoria regular, que cubri\u00f3 recursos por $6 billones durante el primer semestre de 2015, encontr\u00f3 hallazgos por m\u00e1s de $112 mil millones en los sectores de Agua potable y Saneamiento B\u00e1sico, educaci\u00f3n, vivienda y cultura, recreaci\u00f3n y deporte.<\/p>\n<p style=\"text-align: justify;\">Por ejemplo, en La Jagua de Ibirico los hallazgos&nbsp; por viviendas de mala calidad sumaron $7 mil millones, que se evidencian enagrietamientos, paredes que se desmoronan y debilidades en dise\u00f1o de construcci\u00f3n.&nbsp; De igual manera, en el suministro de Alimentaci\u00f3n Escolar, la Contralor\u00eda encontr\u00f3 irregularidades por $8 mil millones derivados de sobrecostos, tambi\u00e9n en el municipio de La Jagua de Ibirico y en el departamento del Vichada.<\/p>\n<p style=\"text-align: justify;\">*Nuevos recursos pero baja efectividad del Fondo de Ciencia, Tecnolog\u00eda e Innovaci\u00f3n:<\/p>\n<p style=\"text-align: justify;\">Con el sistema de regal\u00edas vigente, el 10% de los recursos se destina al Fondo de Ciencia, Tecnolog\u00eda e Innovaci\u00f3n, decisi\u00f3n sin duda positiva dado el rezago que presenta el pa\u00eds en la materia. No obstante esa buena intenci\u00f3n, la mayor\u00eda de los departamentos del pa\u00eds no cuenta con capacidades cient\u00edficas propias que les permitan invertir estos recursos de una manera eficiente, eficaz y pertinente, lo cual ha generado:<\/p>\n<p style=\"text-align: justify;\">\u00b7&nbsp;&nbsp;&nbsp;&nbsp;&nbsp;&nbsp;&nbsp;&nbsp;&nbsp;Ausencia de ejecutores id\u00f3neos en calidad de investigadores e instituciones que cuenten con grupos de investigaci\u00f3n reconocidos por COLCIENCIAS.<\/p>\n<p style=\"text-align: justify;\">\u00b7&nbsp;&nbsp;&nbsp;&nbsp;&nbsp;&nbsp;&nbsp;&nbsp;&nbsp;Dispersi\u00f3n de los recursos en multiplicidad de proyectos, revelando la falta de l\u00edneas articuladoras en la inversi\u00f3n; y<\/p>\n<p style=\"text-align: justify;\">\u00b7&nbsp;&nbsp;&nbsp;&nbsp;&nbsp;&nbsp;&nbsp;&nbsp;&nbsp;Debilidades en la presentaci\u00f3n y formulaci\u00f3n de proyectos.<\/p>\n<p style=\"text-align: justify;\">Los recursos de ciencia y tecnolog\u00eda est\u00e1n siendo ejecutados entonces, en un alto porcentaje, por personas naturales y jur\u00eddicas que no tienen la calidad de investigadores o por instituciones que carecen de grupos de investigaci\u00f3n reconocidos por COLCIENCIAS.<\/p>\n<p style=\"text-align: justify;\">En efecto, seg\u00fan ha determinado la Contralor\u00eda,&nbsp;de un total de&nbsp;1.496 contratistas, solo 293 son investigadores que pertenecen a grupos avalados por COLCIENCIAS, y solo 73 son entidades que tienen grupos de investigaci\u00f3n avalados.<\/p>\n<p style=\"text-align: justify;\">-Baja responsabilidad en la toma de decisiones en los OCAD<\/p>\n<p style=\"text-align: justify;\">Aunque con la creaci\u00f3n de los \u00d3rganos Colegiados de Administraci\u00f3n y Decisi\u00f3n OCAD, se busc\u00f3 garantizar un trabajo articulado entre la naci\u00f3n y los entes territoriales, limitando en parte la alta discrecionalidad en la asignaci\u00f3n de recursos de regal\u00edas que en el pasado tuvieron los gobernantes de estos \u00faltimos, en la pr\u00e1ctica los OCAD no han&nbsp; logrado ser el espacio de toma de decisiones t\u00e9cnicas donde prevalezca el inter\u00e9s general de la poblaci\u00f3n, asegur\u00f3 el Contralor General.<\/p>\n<p style=\"text-align: justify;\">Seguiremos evitando que se dilapiden los recursos de regal\u00edas<\/p>\n<p style=\"text-align: justify;\">Finalmente, el jefe del organismo de control insisti\u00f3 en que la Contralor\u00eda est\u00e1 y seguir\u00e1 vigilante para que los dineros de las regal\u00edas no se despilfarren y se inviertan en lo que tiene que ser: en beneficio de las poblaciones y regiones m\u00e1s vulnerables:<\/p>\n<p style=\"text-align: justify;\">&#8220;Mi compromiso con el pa\u00eds, con la sociedad y los sectores m\u00e1s deprimidos, derivado del mandato constitucional que se le atribuye a la Contralor\u00eda, es, a trav\u00e9s de la vigilancia y el control fiscal, evitar que los recursos de regal\u00edas se dilapiden, que como en el pasado se inviertan en obras inconclusas, los llamados&nbsp;&#8220;elefantes blancos&#8221;; inocuas o no pertinentes en tanto no consultan las necesidades m\u00e1s sentidas de la poblaci\u00f3n; o de baja calidad y alto riesgo; y que ello se propicie por la precaria capacidad t\u00e9cnica de las regiones, y, la mayor\u00eda de las veces, por problemas de clientelismo y corrupci\u00f3n&#8221;.<\/p>\n","protected":false},"excerpt":{"rendered":"<p>&nbsp;El nuevo sistema de regal\u00edas ha logrado que haya una mejor distribuci\u00f3n de estos recursos y que la poblaci\u00f3n m\u00e1s pobre se beneficie de los mismos, destac\u00f3 hoy el Contralor General de la Rep\u00fablica, Edgardo Maya Villaz\u00f3n, al tiempo que se\u00f1al\u00f3 la necesidad de corregir cuatro graves problemas de eficiencia que lo debilitan: *La baja [&hellip;]<\/p>\n","protected":false},"author":29,"featured_media":18512,"comment_status":"open","ping_status":"open","sticky":false,"template":"","format":"standard","meta":{"footnotes":""},"categories":[1],"tags":[],"class_list":["post-18513","post","type-post","status-publish","format-standard","has-post-thumbnail","hentry","category-sin-categoria"],"yoast_head":"<!-- This site is optimized with the Yoast SEO plugin v27.1.1 - https:\/\/yoast.com\/product\/yoast-seo-wordpress\/ -->\n<title>Nuevo sistema de Regal\u00edas: avances y lunares | P\u00e1gina10<\/title>\n<meta name=\"robots\" content=\"index, follow, max-snippet:-1, max-image-preview:large, max-video-preview:-1\" \/>\n<link rel=\"canonical\" href=\"https:\/\/pagina10.com\/web\/nuevo-sistema-de-regalias-avances-y-lunares\/\" \/>\n<meta property=\"og:locale\" content=\"es_ES\" \/>\n<meta property=\"og:type\" content=\"article\" \/>\n<meta property=\"og:title\" content=\"Nuevo sistema de Regal\u00edas: avances y lunares | P\u00e1gina10\" \/>\n<meta property=\"og:description\" content=\"&nbsp;El nuevo sistema de regal\u00edas ha logrado que haya una mejor distribuci\u00f3n de estos recursos y que la poblaci\u00f3n m\u00e1s pobre se beneficie de los mismos, destac\u00f3 hoy el Contralor General de la Rep\u00fablica, Edgardo Maya Villaz\u00f3n, al tiempo que se\u00f1al\u00f3 la necesidad de corregir cuatro graves problemas de eficiencia que lo debilitan: *La baja [&hellip;]\" \/>\n<meta property=\"og:url\" content=\"https:\/\/pagina10.com\/web\/nuevo-sistema-de-regalias-avances-y-lunares\/\" \/>\n<meta property=\"og:site_name\" content=\"P\u00e1gina10\" \/>\n<meta property=\"article:publisher\" content=\"https:\/\/www.facebook.com\/pag10com\" \/>\n<meta property=\"article:published_time\" content=\"2015-11-14T03:33:43+00:00\" \/>\n<meta property=\"og:image\" content=\"https:\/\/pagina10.com\/web\/wp-content\/uploads\/2015\/11\/0b61986847833b7f9891be8b9c37702d.jpg\" \/>\n\t<meta property=\"og:image:width\" content=\"600\" \/>\n\t<meta property=\"og:image:height\" content=\"300\" \/>\n\t<meta property=\"og:image:type\" content=\"image\/jpeg\" \/>\n<meta name=\"author\" content=\"P\u00e1gina 10\" \/>\n<meta name=\"twitter:card\" content=\"summary_large_image\" \/>\n<meta name=\"twitter:creator\" content=\"@Pag10com\" \/>\n<meta name=\"twitter:site\" content=\"@Pag10com\" \/>\n<meta name=\"twitter:label1\" content=\"Escrito por\" \/>\n\t<meta name=\"twitter:data1\" content=\"P\u00e1gina 10\" \/>\n\t<meta name=\"twitter:label2\" content=\"Tiempo de lectura\" \/>\n\t<meta name=\"twitter:data2\" content=\"8 minutos\" \/>\n<script type=\"application\/ld+json\" class=\"yoast-schema-graph\">{\"@context\":\"https:\/\/schema.org\",\"@graph\":[{\"@type\":\"Article\",\"@id\":\"https:\/\/pagina10.com\/web\/nuevo-sistema-de-regalias-avances-y-lunares\/#article\",\"isPartOf\":{\"@id\":\"https:\/\/pagina10.com\/web\/nuevo-sistema-de-regalias-avances-y-lunares\/\"},\"author\":{\"name\":\"P\u00e1gina 10\",\"@id\":\"https:\/\/pagina10.com\/web\/#\/schema\/person\/a7a5d38f0629dfc107f619fbae4f6cc3\"},\"headline\":\"Nuevo sistema de Regal\u00edas: avances y lunares\",\"datePublished\":\"2015-11-14T03:33:43+00:00\",\"mainEntityOfPage\":{\"@id\":\"https:\/\/pagina10.com\/web\/nuevo-sistema-de-regalias-avances-y-lunares\/\"},\"wordCount\":1671,\"commentCount\":0,\"publisher\":{\"@id\":\"https:\/\/pagina10.com\/web\/#organization\"},\"image\":{\"@id\":\"https:\/\/pagina10.com\/web\/nuevo-sistema-de-regalias-avances-y-lunares\/#primaryimage\"},\"thumbnailUrl\":\"https:\/\/pagina10.com\/web\/wp-content\/uploads\/2015\/11\/0b61986847833b7f9891be8b9c37702d.jpg\",\"inLanguage\":\"es\",\"potentialAction\":[{\"@type\":\"CommentAction\",\"name\":\"Comment\",\"target\":[\"https:\/\/pagina10.com\/web\/nuevo-sistema-de-regalias-avances-y-lunares\/#respond\"]}]},{\"@type\":\"WebPage\",\"@id\":\"https:\/\/pagina10.com\/web\/nuevo-sistema-de-regalias-avances-y-lunares\/\",\"url\":\"https:\/\/pagina10.com\/web\/nuevo-sistema-de-regalias-avances-y-lunares\/\",\"name\":\"Nuevo sistema de Regal\u00edas: avances y lunares | P\u00e1gina10\",\"isPartOf\":{\"@id\":\"https:\/\/pagina10.com\/web\/#website\"},\"primaryImageOfPage\":{\"@id\":\"https:\/\/pagina10.com\/web\/nuevo-sistema-de-regalias-avances-y-lunares\/#primaryimage\"},\"image\":{\"@id\":\"https:\/\/pagina10.com\/web\/nuevo-sistema-de-regalias-avances-y-lunares\/#primaryimage\"},\"thumbnailUrl\":\"https:\/\/pagina10.com\/web\/wp-content\/uploads\/2015\/11\/0b61986847833b7f9891be8b9c37702d.jpg\",\"datePublished\":\"2015-11-14T03:33:43+00:00\",\"breadcrumb\":{\"@id\":\"https:\/\/pagina10.com\/web\/nuevo-sistema-de-regalias-avances-y-lunares\/#breadcrumb\"},\"inLanguage\":\"es\",\"potentialAction\":[{\"@type\":\"ReadAction\",\"target\":[\"https:\/\/pagina10.com\/web\/nuevo-sistema-de-regalias-avances-y-lunares\/\"]}]},{\"@type\":\"ImageObject\",\"inLanguage\":\"es\",\"@id\":\"https:\/\/pagina10.com\/web\/nuevo-sistema-de-regalias-avances-y-lunares\/#primaryimage\",\"url\":\"https:\/\/pagina10.com\/web\/wp-content\/uploads\/2015\/11\/0b61986847833b7f9891be8b9c37702d.jpg\",\"contentUrl\":\"https:\/\/pagina10.com\/web\/wp-content\/uploads\/2015\/11\/0b61986847833b7f9891be8b9c37702d.jpg\",\"width\":600,\"height\":300},{\"@type\":\"BreadcrumbList\",\"@id\":\"https:\/\/pagina10.com\/web\/nuevo-sistema-de-regalias-avances-y-lunares\/#breadcrumb\",\"itemListElement\":[{\"@type\":\"ListItem\",\"position\":1,\"name\":\"Portada\",\"item\":\"https:\/\/pagina10.com\/web\/\"},{\"@type\":\"ListItem\",\"position\":2,\"name\":\"Nuevo sistema de Regal\u00edas: avances y lunares\"}]},{\"@type\":\"WebSite\",\"@id\":\"https:\/\/pagina10.com\/web\/#website\",\"url\":\"https:\/\/pagina10.com\/web\/\",\"name\":\"P\u00e1gina10\",\"description\":\"Peri\u00f3dico Regional\",\"publisher\":{\"@id\":\"https:\/\/pagina10.com\/web\/#organization\"},\"alternateName\":\"P\u00e1gina10 Peri\u00f3dico Regional\",\"potentialAction\":[{\"@type\":\"SearchAction\",\"target\":{\"@type\":\"EntryPoint\",\"urlTemplate\":\"https:\/\/pagina10.com\/web\/?s={search_term_string}\"},\"query-input\":{\"@type\":\"PropertyValueSpecification\",\"valueRequired\":true,\"valueName\":\"search_term_string\"}}],\"inLanguage\":\"es\"},{\"@type\":\"Organization\",\"@id\":\"https:\/\/pagina10.com\/web\/#organization\",\"name\":\"P\u00e1gina10\",\"alternateName\":\"P\u00e1gina10 Peri\u00f3dico Regional\",\"url\":\"https:\/\/pagina10.com\/web\/\",\"logo\":{\"@type\":\"ImageObject\",\"inLanguage\":\"es\",\"@id\":\"https:\/\/pagina10.com\/web\/#\/schema\/logo\/image\/\",\"url\":\"https:\/\/pagina10.com\/web\/wp-content\/uploads\/2024\/01\/40-pagina-10-periodico-regional-pasto.jpg\",\"contentUrl\":\"https:\/\/pagina10.com\/web\/wp-content\/uploads\/2024\/01\/40-pagina-10-periodico-regional-pasto.jpg\",\"width\":1280,\"height\":720,\"caption\":\"P\u00e1gina10\"},\"image\":{\"@id\":\"https:\/\/pagina10.com\/web\/#\/schema\/logo\/image\/\"},\"sameAs\":[\"https:\/\/www.facebook.com\/pag10com\",\"https:\/\/x.com\/Pag10com\",\"https:\/\/www.instagram.com\/pagina10col\/\",\"https:\/\/youtube.com\/channel\/pag10\",\"https:\/\/www.tiktok.com\/@p10col\"]},{\"@type\":\"Person\",\"@id\":\"https:\/\/pagina10.com\/web\/#\/schema\/person\/a7a5d38f0629dfc107f619fbae4f6cc3\",\"name\":\"P\u00e1gina 10\",\"description\":\"P\u00e1gina10.com es un peri\u00f3dico digital que nace en Colombia, en el departamento de Nari\u00f1o, con un enfoque global, fundamentado en cuatro pilares esenciales: la libertad, el pluralismo, la inclusi\u00f3n y la independencia. P\u00e1gina10.com hace referencia a Nari\u00f1o como el d\u00e9cimo departamento creado en Colombia, despu\u00e9s de un proceso pol\u00edtico liderado por actores y actrices regionales con el fin de obtener la independencia y autonom\u00eda de nuestros territorios. Con la creaci\u00f3n de P\u00e1gina10.com se pretende abrir un escenario para el dialogo, la reflexi\u00f3n y el debate que se extienda a otras geograf\u00edas de Am\u00e9rica Latina y del planeta, en una apuesta por transformar colectivamente los desaf\u00edos de un mundo contempor\u00e1neo, m\u00e1s all\u00e1 de las fronteras impuestas.\",\"url\":\"https:\/\/pagina10.com\/web\/author\/mcepeda\/\"}]}<\/script>\n<!-- \/ Yoast SEO plugin. -->","yoast_head_json":{"title":"Nuevo sistema de Regal\u00edas: avances y lunares | P\u00e1gina10","robots":{"index":"index","follow":"follow","max-snippet":"max-snippet:-1","max-image-preview":"max-image-preview:large","max-video-preview":"max-video-preview:-1"},"canonical":"https:\/\/pagina10.com\/web\/nuevo-sistema-de-regalias-avances-y-lunares\/","og_locale":"es_ES","og_type":"article","og_title":"Nuevo sistema de Regal\u00edas: avances y lunares | P\u00e1gina10","og_description":"&nbsp;El nuevo sistema de regal\u00edas ha logrado que haya una mejor distribuci\u00f3n de estos recursos y que la poblaci\u00f3n m\u00e1s pobre se beneficie de los mismos, destac\u00f3 hoy el Contralor General de la Rep\u00fablica, Edgardo Maya Villaz\u00f3n, al tiempo que se\u00f1al\u00f3 la necesidad de corregir cuatro graves problemas de eficiencia que lo debilitan: *La baja [&hellip;]","og_url":"https:\/\/pagina10.com\/web\/nuevo-sistema-de-regalias-avances-y-lunares\/","og_site_name":"P\u00e1gina10","article_publisher":"https:\/\/www.facebook.com\/pag10com","article_published_time":"2015-11-14T03:33:43+00:00","og_image":[{"width":600,"height":300,"url":"https:\/\/pagina10.com\/web\/wp-content\/uploads\/2015\/11\/0b61986847833b7f9891be8b9c37702d.jpg","type":"image\/jpeg"}],"author":"P\u00e1gina 10","twitter_card":"summary_large_image","twitter_creator":"@Pag10com","twitter_site":"@Pag10com","twitter_misc":{"Escrito por":"P\u00e1gina 10","Tiempo de lectura":"8 minutos"},"schema":{"@context":"https:\/\/schema.org","@graph":[{"@type":"Article","@id":"https:\/\/pagina10.com\/web\/nuevo-sistema-de-regalias-avances-y-lunares\/#article","isPartOf":{"@id":"https:\/\/pagina10.com\/web\/nuevo-sistema-de-regalias-avances-y-lunares\/"},"author":{"name":"P\u00e1gina 10","@id":"https:\/\/pagina10.com\/web\/#\/schema\/person\/a7a5d38f0629dfc107f619fbae4f6cc3"},"headline":"Nuevo sistema de Regal\u00edas: avances y lunares","datePublished":"2015-11-14T03:33:43+00:00","mainEntityOfPage":{"@id":"https:\/\/pagina10.com\/web\/nuevo-sistema-de-regalias-avances-y-lunares\/"},"wordCount":1671,"commentCount":0,"publisher":{"@id":"https:\/\/pagina10.com\/web\/#organization"},"image":{"@id":"https:\/\/pagina10.com\/web\/nuevo-sistema-de-regalias-avances-y-lunares\/#primaryimage"},"thumbnailUrl":"https:\/\/pagina10.com\/web\/wp-content\/uploads\/2015\/11\/0b61986847833b7f9891be8b9c37702d.jpg","inLanguage":"es","potentialAction":[{"@type":"CommentAction","name":"Comment","target":["https:\/\/pagina10.com\/web\/nuevo-sistema-de-regalias-avances-y-lunares\/#respond"]}]},{"@type":"WebPage","@id":"https:\/\/pagina10.com\/web\/nuevo-sistema-de-regalias-avances-y-lunares\/","url":"https:\/\/pagina10.com\/web\/nuevo-sistema-de-regalias-avances-y-lunares\/","name":"Nuevo sistema de Regal\u00edas: avances y lunares | P\u00e1gina10","isPartOf":{"@id":"https:\/\/pagina10.com\/web\/#website"},"primaryImageOfPage":{"@id":"https:\/\/pagina10.com\/web\/nuevo-sistema-de-regalias-avances-y-lunares\/#primaryimage"},"image":{"@id":"https:\/\/pagina10.com\/web\/nuevo-sistema-de-regalias-avances-y-lunares\/#primaryimage"},"thumbnailUrl":"https:\/\/pagina10.com\/web\/wp-content\/uploads\/2015\/11\/0b61986847833b7f9891be8b9c37702d.jpg","datePublished":"2015-11-14T03:33:43+00:00","breadcrumb":{"@id":"https:\/\/pagina10.com\/web\/nuevo-sistema-de-regalias-avances-y-lunares\/#breadcrumb"},"inLanguage":"es","potentialAction":[{"@type":"ReadAction","target":["https:\/\/pagina10.com\/web\/nuevo-sistema-de-regalias-avances-y-lunares\/"]}]},{"@type":"ImageObject","inLanguage":"es","@id":"https:\/\/pagina10.com\/web\/nuevo-sistema-de-regalias-avances-y-lunares\/#primaryimage","url":"https:\/\/pagina10.com\/web\/wp-content\/uploads\/2015\/11\/0b61986847833b7f9891be8b9c37702d.jpg","contentUrl":"https:\/\/pagina10.com\/web\/wp-content\/uploads\/2015\/11\/0b61986847833b7f9891be8b9c37702d.jpg","width":600,"height":300},{"@type":"BreadcrumbList","@id":"https:\/\/pagina10.com\/web\/nuevo-sistema-de-regalias-avances-y-lunares\/#breadcrumb","itemListElement":[{"@type":"ListItem","position":1,"name":"Portada","item":"https:\/\/pagina10.com\/web\/"},{"@type":"ListItem","position":2,"name":"Nuevo sistema de Regal\u00edas: avances y lunares"}]},{"@type":"WebSite","@id":"https:\/\/pagina10.com\/web\/#website","url":"https:\/\/pagina10.com\/web\/","name":"P\u00e1gina10","description":"Peri\u00f3dico Regional","publisher":{"@id":"https:\/\/pagina10.com\/web\/#organization"},"alternateName":"P\u00e1gina10 Peri\u00f3dico Regional","potentialAction":[{"@type":"SearchAction","target":{"@type":"EntryPoint","urlTemplate":"https:\/\/pagina10.com\/web\/?s={search_term_string}"},"query-input":{"@type":"PropertyValueSpecification","valueRequired":true,"valueName":"search_term_string"}}],"inLanguage":"es"},{"@type":"Organization","@id":"https:\/\/pagina10.com\/web\/#organization","name":"P\u00e1gina10","alternateName":"P\u00e1gina10 Peri\u00f3dico Regional","url":"https:\/\/pagina10.com\/web\/","logo":{"@type":"ImageObject","inLanguage":"es","@id":"https:\/\/pagina10.com\/web\/#\/schema\/logo\/image\/","url":"https:\/\/pagina10.com\/web\/wp-content\/uploads\/2024\/01\/40-pagina-10-periodico-regional-pasto.jpg","contentUrl":"https:\/\/pagina10.com\/web\/wp-content\/uploads\/2024\/01\/40-pagina-10-periodico-regional-pasto.jpg","width":1280,"height":720,"caption":"P\u00e1gina10"},"image":{"@id":"https:\/\/pagina10.com\/web\/#\/schema\/logo\/image\/"},"sameAs":["https:\/\/www.facebook.com\/pag10com","https:\/\/x.com\/Pag10com","https:\/\/www.instagram.com\/pagina10col\/","https:\/\/youtube.com\/channel\/pag10","https:\/\/www.tiktok.com\/@p10col"]},{"@type":"Person","@id":"https:\/\/pagina10.com\/web\/#\/schema\/person\/a7a5d38f0629dfc107f619fbae4f6cc3","name":"P\u00e1gina 10","description":"P\u00e1gina10.com es un peri\u00f3dico digital que nace en Colombia, en el departamento de Nari\u00f1o, con un enfoque global, fundamentado en cuatro pilares esenciales: la libertad, el pluralismo, la inclusi\u00f3n y la independencia. P\u00e1gina10.com hace referencia a Nari\u00f1o como el d\u00e9cimo departamento creado en Colombia, despu\u00e9s de un proceso pol\u00edtico liderado por actores y actrices regionales con el fin de obtener la independencia y autonom\u00eda de nuestros territorios. Con la creaci\u00f3n de P\u00e1gina10.com se pretende abrir un escenario para el dialogo, la reflexi\u00f3n y el debate que se extienda a otras geograf\u00edas de Am\u00e9rica Latina y del planeta, en una apuesta por transformar colectivamente los desaf\u00edos de un mundo contempor\u00e1neo, m\u00e1s all\u00e1 de las fronteras impuestas.","url":"https:\/\/pagina10.com\/web\/author\/mcepeda\/"}]}},"_links":{"self":[{"href":"https:\/\/pagina10.com\/web\/wp-json\/wp\/v2\/posts\/18513","targetHints":{"allow":["GET"]}}],"collection":[{"href":"https:\/\/pagina10.com\/web\/wp-json\/wp\/v2\/posts"}],"about":[{"href":"https:\/\/pagina10.com\/web\/wp-json\/wp\/v2\/types\/post"}],"author":[{"embeddable":true,"href":"https:\/\/pagina10.com\/web\/wp-json\/wp\/v2\/users\/29"}],"replies":[{"embeddable":true,"href":"https:\/\/pagina10.com\/web\/wp-json\/wp\/v2\/comments?post=18513"}],"version-history":[{"count":0,"href":"https:\/\/pagina10.com\/web\/wp-json\/wp\/v2\/posts\/18513\/revisions"}],"wp:featuredmedia":[{"embeddable":true,"href":"https:\/\/pagina10.com\/web\/wp-json\/wp\/v2\/media\/18512"}],"wp:attachment":[{"href":"https:\/\/pagina10.com\/web\/wp-json\/wp\/v2\/media?parent=18513"}],"wp:term":[{"taxonomy":"category","embeddable":true,"href":"https:\/\/pagina10.com\/web\/wp-json\/wp\/v2\/categories?post=18513"},{"taxonomy":"post_tag","embeddable":true,"href":"https:\/\/pagina10.com\/web\/wp-json\/wp\/v2\/tags?post=18513"}],"curies":[{"name":"wp","href":"https:\/\/api.w.org\/{rel}","templated":true}]}}