{"id":18515,"date":"2015-11-14T03:39:00","date_gmt":"2015-11-14T03:39:00","guid":{"rendered":"https:\/\/pagina10.com\/web\/la-justicia-duele-pero-no-puede-degollar-la-paz-pepe-mujica\/"},"modified":"2015-11-14T03:39:00","modified_gmt":"2015-11-14T03:39:00","slug":"la-justicia-duele-pero-no-puede-degollar-la-paz-pepe-mujica","status":"publish","type":"post","link":"https:\/\/pagina10.com\/web\/la-justicia-duele-pero-no-puede-degollar-la-paz-pepe-mujica\/","title":{"rendered":"\u201cLa justicia duele, pero no puede degollar la paz\u201d: Pepe Mujica"},"content":{"rendered":"<p><img fetchpriority=\"high\" decoding=\"async\" class=\" size-full wp-image-18514\" src=\"https:\/\/pagina10.com\/web\/wp-content\/uploads\/2015\/11\/057abbd1b7f7ea173f859730686889da.jpg\" alt=\"\" width=\"310\" height=\"163\" srcset=\"https:\/\/pagina10.com\/web\/wp-content\/uploads\/2015\/11\/057abbd1b7f7ea173f859730686889da.jpg 310w, https:\/\/pagina10.com\/web\/wp-content\/uploads\/2015\/11\/057abbd1b7f7ea173f859730686889da-300x158.jpg 300w\" sizes=\"(max-width: 310px) 100vw, 310px\" \/><\/p>\n<div style=\"text-align: justify;\">El expresidente de Uruguay, Pepe Mujica, reiter\u00f3 su apoyo al proceso de paz que se adelanta en La Habana entre el Gobierno Nacional y las Farc-EP, y le insisti\u00f3 a los j\u00f3venes en mantener su activismo pol\u00edtico.<\/div>\n<div style=\"text-align: justify;\">&nbsp;<\/div>\n<div style=\"text-align: justify;\">\n<p>El exmandatario, invitado especial a la Conferencia del Consejo Latinoamericano de Ciencias Sociales (Clacso), en la cual participa la Universidad Nacional de Colombia Sede Medell\u00edn, pronunci\u00f3 su emotivo discurso en Plaza Mayor, en Medell\u00edn, en presencia de m\u00e1s de 10 mil personas.<\/p>\n<p>Pepe Mujica, como es conocido internacionalmente, reconoci\u00f3 el trabajo del presidente Juan Manuel Santos por iniciar este proceso de b\u00fasqueda de paz, \u201cel presidente Santos ha demostrado ser un hombre inteligente y observador, porque ha llegado a la conclusi\u00f3n de que no hay otro camino para terminar con esta guerra\u201d, indic\u00f3.<\/p>\n<p>Este reconocido l\u00edder pol\u00edtico, quien antes de ser electo estuvo preso por 13 a\u00f1os (desde 1972 hasta 1985), habl\u00f3 de la contradicci\u00f3n que hay entre justicia y verdad en un proceso transicional de la guerra a la paz como el que vive Colombia.<\/p>\n<p>Para \u00e9l no es sencillo, \u201cporque en el fondo hay mucho dolor y hay v\u00edctimas. Es obvio que se quiere saber la verdad, y aquel que se siente herido quiere justicia. Pero no se puede creer que alguien en el mundo va a decir la verdad si tiene la amenaza de ir preso. Los seres humanos no funcionan as\u00ed. Estas son cosas crudas\u201d.<\/p>\n<p>El mandatario fue contundente con la idea de que la paz es m\u00e1s importante que la justicia, \u201cel tema principal es conseguir la paz, pero tambi\u00e9n entender los dolores del hombre, porque despu\u00e9s viene la convivencia. Todo ese precio es insignificante si se puede parar la l\u00f3gica de la guerra. Tenemos que apoyar este proceso de paz en Colombia y no cruzarnos de brazos. Yo s\u00e9 que la justicia duele y cuesta, pero no puede degollar la paz\u201d, dijo.<\/p>\n<p>Jos\u00e9 Mujica, quien fue presidente de Uruguay entre 2010 y 2015 y es actualmente senador, ha sido destacado por la prensa internacional por la austeridad con la que vive y por sus ejes definidos de gobierno, entre los que se enmarcaron decisiones trascendentales para el pa\u00eds como la legalizaci\u00f3n y regulaci\u00f3n de la venta de marihuana y la despenalizaci\u00f3n del aborto.<\/p>\n<p>Por eso haci\u00e9ndoles un llamado a los colombianos para apoyar este proceso hasta el final de sus consecuencias, el expresidente dijo que \u201cen este momento hay que desatar el valor de la pol\u00edtica. Se sale de esta guerra con decisiones pol\u00edticas o no se sale, entonces todo mi apoyo para quienes luchan de buena fe en este proceso\u201d.<\/p>\n<p>Mujica hizo hincapi\u00e9 en las ventajas tecnol\u00f3gicas que tiene el mundo contempor\u00e1neo, pero tambi\u00e9n en la falta de liderazgo en el mundo. Sin embargo, dijo que ve \u201cuna germinaci\u00f3n juvenil de gente que aparece con su reclamo, con su esperanza, con su aliento y no es solo en Am\u00e9rica. Algo est\u00e1 pasando en esta civilizaci\u00f3n de internet y en el mundo entero, porque lo he visto en Turqu\u00eda, en Brasil, en Francia. Hay una germinaci\u00f3n de gente joven inquieta que est\u00e1 buscando su rumbo y probablemente su lugar en la construcci\u00f3n de la historia venidera\u201d.<\/p>\n<p>Por su parte Oscar Almario, profesor titular de la Universidad Nacional de Colombia y miembro del Comit\u00e9 local de Clacso, recalc\u00f3 la importancia de tener a Jos\u00e9 Mujica en el pa\u00eds y describi\u00f3 al exmandatario uruguayo como un \u201cfen\u00f3meno social\u201d que representa el querer de Am\u00e9rica del Sur y de las juventudes.<\/p>\n<p>Adem\u00e1s, el profesor Almario destac\u00f3 la labor de las ciencias sociales y dijo que \u201clos ejes tem\u00e1ticos, los planes, y los coloquios propuestos en Clacso son una agenda de futuro y tambi\u00e9n de presente, un examen cr\u00edtico de los grandes temas de Latinoam\u00e9rica y de los modelos econ\u00f3micos que arrasan con los recursos que les tenemos que dejar a las nuevas generaciones\u201d.<\/p>\n<p>Por su parte, Pablo Gentili, Secretario Ejecutivo de Clacso, record\u00f3 el legado de los 43 estudiantes de Ayotzinapa que fueron desaparecidos por las autoridades mexicanas en complicidad con la mafia de ese pa\u00eds en diciembre de 2014, y la labor de recordarlos como parte de la gran p\u00e9rdida de los conflictos de Am\u00e9rica.<\/p>\n<p>El expresidente Mujica concluy\u00f3 su intervenci\u00f3n en la VII Conferencia Latinoamericana y Caribe\u00f1a de Ciencias Sociales, apoyada por la Universidad Nacional de Colombia, record\u00e1ndoles a los asistentes el gran poder de los valores democr\u00e1ticos, \u201cla democracia no es una forma de gobierno, es una filosof\u00eda de vida; no es una instituci\u00f3n, es una manera de pararse en las relaciones humanas, de levantar la convivencia para que pueda florecer la libertad que significa discrepar\u201d, precis\u00f3.<\/p>\n<\/p><\/div>\n","protected":false},"excerpt":{"rendered":"<p>El expresidente de Uruguay, Pepe Mujica, reiter\u00f3 su apoyo al proceso de paz que se adelanta en La Habana entre el Gobierno Nacional y las Farc-EP, y le insisti\u00f3 a los j\u00f3venes en mantener su activismo pol\u00edtico. &nbsp; El exmandatario, invitado especial a la Conferencia del Consejo Latinoamericano de Ciencias Sociales (Clacso), en la cual [&hellip;]<\/p>\n","protected":false},"author":29,"featured_media":18514,"comment_status":"open","ping_status":"open","sticky":false,"template":"","format":"standard","meta":{"footnotes":""},"categories":[1],"tags":[],"class_list":["post-18515","post","type-post","status-publish","format-standard","has-post-thumbnail","hentry","category-sin-categoria"],"yoast_head":"<!-- This site is optimized with the Yoast SEO plugin v27.1.1 - https:\/\/yoast.com\/product\/yoast-seo-wordpress\/ -->\n<title>\u201cLa justicia duele, pero no puede degollar la paz\u201d: Pepe Mujica | P\u00e1gina10<\/title>\n<meta name=\"robots\" content=\"index, follow, max-snippet:-1, max-image-preview:large, max-video-preview:-1\" \/>\n<link rel=\"canonical\" href=\"https:\/\/pagina10.com\/web\/la-justicia-duele-pero-no-puede-degollar-la-paz-pepe-mujica\/\" \/>\n<meta property=\"og:locale\" content=\"es_ES\" \/>\n<meta property=\"og:type\" content=\"article\" \/>\n<meta property=\"og:title\" content=\"\u201cLa justicia duele, pero no puede degollar la paz\u201d: Pepe Mujica | P\u00e1gina10\" \/>\n<meta property=\"og:description\" content=\"El expresidente de Uruguay, Pepe Mujica, reiter\u00f3 su apoyo al proceso de paz que se adelanta en La Habana entre el Gobierno Nacional y las Farc-EP, y le insisti\u00f3 a los j\u00f3venes en mantener su activismo pol\u00edtico. &nbsp; El exmandatario, invitado especial a la Conferencia del Consejo Latinoamericano de Ciencias Sociales (Clacso), en la cual [&hellip;]\" \/>\n<meta property=\"og:url\" content=\"https:\/\/pagina10.com\/web\/la-justicia-duele-pero-no-puede-degollar-la-paz-pepe-mujica\/\" \/>\n<meta property=\"og:site_name\" content=\"P\u00e1gina10\" \/>\n<meta property=\"article:publisher\" content=\"https:\/\/www.facebook.com\/pag10com\" \/>\n<meta property=\"article:published_time\" content=\"2015-11-14T03:39:00+00:00\" \/>\n<meta property=\"og:image\" content=\"https:\/\/pagina10.com\/web\/wp-content\/uploads\/2015\/11\/057abbd1b7f7ea173f859730686889da.jpg\" \/>\n\t<meta property=\"og:image:width\" content=\"310\" \/>\n\t<meta property=\"og:image:height\" content=\"163\" \/>\n\t<meta property=\"og:image:type\" content=\"image\/jpeg\" \/>\n<meta name=\"author\" content=\"P\u00e1gina 10\" \/>\n<meta name=\"twitter:card\" content=\"summary_large_image\" \/>\n<meta name=\"twitter:creator\" content=\"@Pag10com\" \/>\n<meta name=\"twitter:site\" content=\"@Pag10com\" \/>\n<meta name=\"twitter:label1\" content=\"Escrito por\" \/>\n\t<meta name=\"twitter:data1\" content=\"P\u00e1gina 10\" \/>\n\t<meta name=\"twitter:label2\" content=\"Tiempo de lectura\" \/>\n\t<meta name=\"twitter:data2\" content=\"4 minutos\" \/>\n<script type=\"application\/ld+json\" class=\"yoast-schema-graph\">{\"@context\":\"https:\/\/schema.org\",\"@graph\":[{\"@type\":\"Article\",\"@id\":\"https:\/\/pagina10.com\/web\/la-justicia-duele-pero-no-puede-degollar-la-paz-pepe-mujica\/#article\",\"isPartOf\":{\"@id\":\"https:\/\/pagina10.com\/web\/la-justicia-duele-pero-no-puede-degollar-la-paz-pepe-mujica\/\"},\"author\":{\"name\":\"P\u00e1gina 10\",\"@id\":\"https:\/\/pagina10.com\/web\/#\/schema\/person\/a7a5d38f0629dfc107f619fbae4f6cc3\"},\"headline\":\"\u201cLa justicia duele, pero no puede degollar la paz\u201d: Pepe Mujica\",\"datePublished\":\"2015-11-14T03:39:00+00:00\",\"mainEntityOfPage\":{\"@id\":\"https:\/\/pagina10.com\/web\/la-justicia-duele-pero-no-puede-degollar-la-paz-pepe-mujica\/\"},\"wordCount\":824,\"commentCount\":0,\"publisher\":{\"@id\":\"https:\/\/pagina10.com\/web\/#organization\"},\"image\":{\"@id\":\"https:\/\/pagina10.com\/web\/la-justicia-duele-pero-no-puede-degollar-la-paz-pepe-mujica\/#primaryimage\"},\"thumbnailUrl\":\"https:\/\/pagina10.com\/web\/wp-content\/uploads\/2015\/11\/057abbd1b7f7ea173f859730686889da.jpg\",\"inLanguage\":\"es\",\"potentialAction\":[{\"@type\":\"CommentAction\",\"name\":\"Comment\",\"target\":[\"https:\/\/pagina10.com\/web\/la-justicia-duele-pero-no-puede-degollar-la-paz-pepe-mujica\/#respond\"]}]},{\"@type\":\"WebPage\",\"@id\":\"https:\/\/pagina10.com\/web\/la-justicia-duele-pero-no-puede-degollar-la-paz-pepe-mujica\/\",\"url\":\"https:\/\/pagina10.com\/web\/la-justicia-duele-pero-no-puede-degollar-la-paz-pepe-mujica\/\",\"name\":\"\u201cLa justicia duele, pero no puede degollar la paz\u201d: Pepe Mujica | P\u00e1gina10\",\"isPartOf\":{\"@id\":\"https:\/\/pagina10.com\/web\/#website\"},\"primaryImageOfPage\":{\"@id\":\"https:\/\/pagina10.com\/web\/la-justicia-duele-pero-no-puede-degollar-la-paz-pepe-mujica\/#primaryimage\"},\"image\":{\"@id\":\"https:\/\/pagina10.com\/web\/la-justicia-duele-pero-no-puede-degollar-la-paz-pepe-mujica\/#primaryimage\"},\"thumbnailUrl\":\"https:\/\/pagina10.com\/web\/wp-content\/uploads\/2015\/11\/057abbd1b7f7ea173f859730686889da.jpg\",\"datePublished\":\"2015-11-14T03:39:00+00:00\",\"breadcrumb\":{\"@id\":\"https:\/\/pagina10.com\/web\/la-justicia-duele-pero-no-puede-degollar-la-paz-pepe-mujica\/#breadcrumb\"},\"inLanguage\":\"es\",\"potentialAction\":[{\"@type\":\"ReadAction\",\"target\":[\"https:\/\/pagina10.com\/web\/la-justicia-duele-pero-no-puede-degollar-la-paz-pepe-mujica\/\"]}]},{\"@type\":\"ImageObject\",\"inLanguage\":\"es\",\"@id\":\"https:\/\/pagina10.com\/web\/la-justicia-duele-pero-no-puede-degollar-la-paz-pepe-mujica\/#primaryimage\",\"url\":\"https:\/\/pagina10.com\/web\/wp-content\/uploads\/2015\/11\/057abbd1b7f7ea173f859730686889da.jpg\",\"contentUrl\":\"https:\/\/pagina10.com\/web\/wp-content\/uploads\/2015\/11\/057abbd1b7f7ea173f859730686889da.jpg\",\"width\":310,\"height\":163},{\"@type\":\"BreadcrumbList\",\"@id\":\"https:\/\/pagina10.com\/web\/la-justicia-duele-pero-no-puede-degollar-la-paz-pepe-mujica\/#breadcrumb\",\"itemListElement\":[{\"@type\":\"ListItem\",\"position\":1,\"name\":\"Portada\",\"item\":\"https:\/\/pagina10.com\/web\/\"},{\"@type\":\"ListItem\",\"position\":2,\"name\":\"\u201cLa justicia duele, pero no puede degollar la paz\u201d: Pepe Mujica\"}]},{\"@type\":\"WebSite\",\"@id\":\"https:\/\/pagina10.com\/web\/#website\",\"url\":\"https:\/\/pagina10.com\/web\/\",\"name\":\"P\u00e1gina10\",\"description\":\"Peri\u00f3dico Regional\",\"publisher\":{\"@id\":\"https:\/\/pagina10.com\/web\/#organization\"},\"alternateName\":\"P\u00e1gina10 Peri\u00f3dico Regional\",\"potentialAction\":[{\"@type\":\"SearchAction\",\"target\":{\"@type\":\"EntryPoint\",\"urlTemplate\":\"https:\/\/pagina10.com\/web\/?s={search_term_string}\"},\"query-input\":{\"@type\":\"PropertyValueSpecification\",\"valueRequired\":true,\"valueName\":\"search_term_string\"}}],\"inLanguage\":\"es\"},{\"@type\":\"Organization\",\"@id\":\"https:\/\/pagina10.com\/web\/#organization\",\"name\":\"P\u00e1gina10\",\"alternateName\":\"P\u00e1gina10 Peri\u00f3dico Regional\",\"url\":\"https:\/\/pagina10.com\/web\/\",\"logo\":{\"@type\":\"ImageObject\",\"inLanguage\":\"es\",\"@id\":\"https:\/\/pagina10.com\/web\/#\/schema\/logo\/image\/\",\"url\":\"https:\/\/pagina10.com\/web\/wp-content\/uploads\/2024\/01\/40-pagina-10-periodico-regional-pasto.jpg\",\"contentUrl\":\"https:\/\/pagina10.com\/web\/wp-content\/uploads\/2024\/01\/40-pagina-10-periodico-regional-pasto.jpg\",\"width\":1280,\"height\":720,\"caption\":\"P\u00e1gina10\"},\"image\":{\"@id\":\"https:\/\/pagina10.com\/web\/#\/schema\/logo\/image\/\"},\"sameAs\":[\"https:\/\/www.facebook.com\/pag10com\",\"https:\/\/x.com\/Pag10com\",\"https:\/\/www.instagram.com\/pagina10col\/\",\"https:\/\/youtube.com\/channel\/pag10\",\"https:\/\/www.tiktok.com\/@p10col\"]},{\"@type\":\"Person\",\"@id\":\"https:\/\/pagina10.com\/web\/#\/schema\/person\/a7a5d38f0629dfc107f619fbae4f6cc3\",\"name\":\"P\u00e1gina 10\",\"description\":\"P\u00e1gina10.com es un peri\u00f3dico digital que nace en Colombia, en el departamento de Nari\u00f1o, con un enfoque global, fundamentado en cuatro pilares esenciales: la libertad, el pluralismo, la inclusi\u00f3n y la independencia. P\u00e1gina10.com hace referencia a Nari\u00f1o como el d\u00e9cimo departamento creado en Colombia, despu\u00e9s de un proceso pol\u00edtico liderado por actores y actrices regionales con el fin de obtener la independencia y autonom\u00eda de nuestros territorios. Con la creaci\u00f3n de P\u00e1gina10.com se pretende abrir un escenario para el dialogo, la reflexi\u00f3n y el debate que se extienda a otras geograf\u00edas de Am\u00e9rica Latina y del planeta, en una apuesta por transformar colectivamente los desaf\u00edos de un mundo contempor\u00e1neo, m\u00e1s all\u00e1 de las fronteras impuestas.\",\"url\":\"https:\/\/pagina10.com\/web\/author\/mcepeda\/\"}]}<\/script>\n<!-- \/ Yoast SEO plugin. -->","yoast_head_json":{"title":"\u201cLa justicia duele, pero no puede degollar la paz\u201d: Pepe Mujica | P\u00e1gina10","robots":{"index":"index","follow":"follow","max-snippet":"max-snippet:-1","max-image-preview":"max-image-preview:large","max-video-preview":"max-video-preview:-1"},"canonical":"https:\/\/pagina10.com\/web\/la-justicia-duele-pero-no-puede-degollar-la-paz-pepe-mujica\/","og_locale":"es_ES","og_type":"article","og_title":"\u201cLa justicia duele, pero no puede degollar la paz\u201d: Pepe Mujica | P\u00e1gina10","og_description":"El expresidente de Uruguay, Pepe Mujica, reiter\u00f3 su apoyo al proceso de paz que se adelanta en La Habana entre el Gobierno Nacional y las Farc-EP, y le insisti\u00f3 a los j\u00f3venes en mantener su activismo pol\u00edtico. &nbsp; El exmandatario, invitado especial a la Conferencia del Consejo Latinoamericano de Ciencias Sociales (Clacso), en la cual [&hellip;]","og_url":"https:\/\/pagina10.com\/web\/la-justicia-duele-pero-no-puede-degollar-la-paz-pepe-mujica\/","og_site_name":"P\u00e1gina10","article_publisher":"https:\/\/www.facebook.com\/pag10com","article_published_time":"2015-11-14T03:39:00+00:00","og_image":[{"width":310,"height":163,"url":"https:\/\/pagina10.com\/web\/wp-content\/uploads\/2015\/11\/057abbd1b7f7ea173f859730686889da.jpg","type":"image\/jpeg"}],"author":"P\u00e1gina 10","twitter_card":"summary_large_image","twitter_creator":"@Pag10com","twitter_site":"@Pag10com","twitter_misc":{"Escrito por":"P\u00e1gina 10","Tiempo de lectura":"4 minutos"},"schema":{"@context":"https:\/\/schema.org","@graph":[{"@type":"Article","@id":"https:\/\/pagina10.com\/web\/la-justicia-duele-pero-no-puede-degollar-la-paz-pepe-mujica\/#article","isPartOf":{"@id":"https:\/\/pagina10.com\/web\/la-justicia-duele-pero-no-puede-degollar-la-paz-pepe-mujica\/"},"author":{"name":"P\u00e1gina 10","@id":"https:\/\/pagina10.com\/web\/#\/schema\/person\/a7a5d38f0629dfc107f619fbae4f6cc3"},"headline":"\u201cLa justicia duele, pero no puede degollar la paz\u201d: Pepe Mujica","datePublished":"2015-11-14T03:39:00+00:00","mainEntityOfPage":{"@id":"https:\/\/pagina10.com\/web\/la-justicia-duele-pero-no-puede-degollar-la-paz-pepe-mujica\/"},"wordCount":824,"commentCount":0,"publisher":{"@id":"https:\/\/pagina10.com\/web\/#organization"},"image":{"@id":"https:\/\/pagina10.com\/web\/la-justicia-duele-pero-no-puede-degollar-la-paz-pepe-mujica\/#primaryimage"},"thumbnailUrl":"https:\/\/pagina10.com\/web\/wp-content\/uploads\/2015\/11\/057abbd1b7f7ea173f859730686889da.jpg","inLanguage":"es","potentialAction":[{"@type":"CommentAction","name":"Comment","target":["https:\/\/pagina10.com\/web\/la-justicia-duele-pero-no-puede-degollar-la-paz-pepe-mujica\/#respond"]}]},{"@type":"WebPage","@id":"https:\/\/pagina10.com\/web\/la-justicia-duele-pero-no-puede-degollar-la-paz-pepe-mujica\/","url":"https:\/\/pagina10.com\/web\/la-justicia-duele-pero-no-puede-degollar-la-paz-pepe-mujica\/","name":"\u201cLa justicia duele, pero no puede degollar la paz\u201d: Pepe Mujica | P\u00e1gina10","isPartOf":{"@id":"https:\/\/pagina10.com\/web\/#website"},"primaryImageOfPage":{"@id":"https:\/\/pagina10.com\/web\/la-justicia-duele-pero-no-puede-degollar-la-paz-pepe-mujica\/#primaryimage"},"image":{"@id":"https:\/\/pagina10.com\/web\/la-justicia-duele-pero-no-puede-degollar-la-paz-pepe-mujica\/#primaryimage"},"thumbnailUrl":"https:\/\/pagina10.com\/web\/wp-content\/uploads\/2015\/11\/057abbd1b7f7ea173f859730686889da.jpg","datePublished":"2015-11-14T03:39:00+00:00","breadcrumb":{"@id":"https:\/\/pagina10.com\/web\/la-justicia-duele-pero-no-puede-degollar-la-paz-pepe-mujica\/#breadcrumb"},"inLanguage":"es","potentialAction":[{"@type":"ReadAction","target":["https:\/\/pagina10.com\/web\/la-justicia-duele-pero-no-puede-degollar-la-paz-pepe-mujica\/"]}]},{"@type":"ImageObject","inLanguage":"es","@id":"https:\/\/pagina10.com\/web\/la-justicia-duele-pero-no-puede-degollar-la-paz-pepe-mujica\/#primaryimage","url":"https:\/\/pagina10.com\/web\/wp-content\/uploads\/2015\/11\/057abbd1b7f7ea173f859730686889da.jpg","contentUrl":"https:\/\/pagina10.com\/web\/wp-content\/uploads\/2015\/11\/057abbd1b7f7ea173f859730686889da.jpg","width":310,"height":163},{"@type":"BreadcrumbList","@id":"https:\/\/pagina10.com\/web\/la-justicia-duele-pero-no-puede-degollar-la-paz-pepe-mujica\/#breadcrumb","itemListElement":[{"@type":"ListItem","position":1,"name":"Portada","item":"https:\/\/pagina10.com\/web\/"},{"@type":"ListItem","position":2,"name":"\u201cLa justicia duele, pero no puede degollar la paz\u201d: Pepe Mujica"}]},{"@type":"WebSite","@id":"https:\/\/pagina10.com\/web\/#website","url":"https:\/\/pagina10.com\/web\/","name":"P\u00e1gina10","description":"Peri\u00f3dico Regional","publisher":{"@id":"https:\/\/pagina10.com\/web\/#organization"},"alternateName":"P\u00e1gina10 Peri\u00f3dico Regional","potentialAction":[{"@type":"SearchAction","target":{"@type":"EntryPoint","urlTemplate":"https:\/\/pagina10.com\/web\/?s={search_term_string}"},"query-input":{"@type":"PropertyValueSpecification","valueRequired":true,"valueName":"search_term_string"}}],"inLanguage":"es"},{"@type":"Organization","@id":"https:\/\/pagina10.com\/web\/#organization","name":"P\u00e1gina10","alternateName":"P\u00e1gina10 Peri\u00f3dico Regional","url":"https:\/\/pagina10.com\/web\/","logo":{"@type":"ImageObject","inLanguage":"es","@id":"https:\/\/pagina10.com\/web\/#\/schema\/logo\/image\/","url":"https:\/\/pagina10.com\/web\/wp-content\/uploads\/2024\/01\/40-pagina-10-periodico-regional-pasto.jpg","contentUrl":"https:\/\/pagina10.com\/web\/wp-content\/uploads\/2024\/01\/40-pagina-10-periodico-regional-pasto.jpg","width":1280,"height":720,"caption":"P\u00e1gina10"},"image":{"@id":"https:\/\/pagina10.com\/web\/#\/schema\/logo\/image\/"},"sameAs":["https:\/\/www.facebook.com\/pag10com","https:\/\/x.com\/Pag10com","https:\/\/www.instagram.com\/pagina10col\/","https:\/\/youtube.com\/channel\/pag10","https:\/\/www.tiktok.com\/@p10col"]},{"@type":"Person","@id":"https:\/\/pagina10.com\/web\/#\/schema\/person\/a7a5d38f0629dfc107f619fbae4f6cc3","name":"P\u00e1gina 10","description":"P\u00e1gina10.com es un peri\u00f3dico digital que nace en Colombia, en el departamento de Nari\u00f1o, con un enfoque global, fundamentado en cuatro pilares esenciales: la libertad, el pluralismo, la inclusi\u00f3n y la independencia. P\u00e1gina10.com hace referencia a Nari\u00f1o como el d\u00e9cimo departamento creado en Colombia, despu\u00e9s de un proceso pol\u00edtico liderado por actores y actrices regionales con el fin de obtener la independencia y autonom\u00eda de nuestros territorios. Con la creaci\u00f3n de P\u00e1gina10.com se pretende abrir un escenario para el dialogo, la reflexi\u00f3n y el debate que se extienda a otras geograf\u00edas de Am\u00e9rica Latina y del planeta, en una apuesta por transformar colectivamente los desaf\u00edos de un mundo contempor\u00e1neo, m\u00e1s all\u00e1 de las fronteras impuestas.","url":"https:\/\/pagina10.com\/web\/author\/mcepeda\/"}]}},"_links":{"self":[{"href":"https:\/\/pagina10.com\/web\/wp-json\/wp\/v2\/posts\/18515","targetHints":{"allow":["GET"]}}],"collection":[{"href":"https:\/\/pagina10.com\/web\/wp-json\/wp\/v2\/posts"}],"about":[{"href":"https:\/\/pagina10.com\/web\/wp-json\/wp\/v2\/types\/post"}],"author":[{"embeddable":true,"href":"https:\/\/pagina10.com\/web\/wp-json\/wp\/v2\/users\/29"}],"replies":[{"embeddable":true,"href":"https:\/\/pagina10.com\/web\/wp-json\/wp\/v2\/comments?post=18515"}],"version-history":[{"count":0,"href":"https:\/\/pagina10.com\/web\/wp-json\/wp\/v2\/posts\/18515\/revisions"}],"wp:featuredmedia":[{"embeddable":true,"href":"https:\/\/pagina10.com\/web\/wp-json\/wp\/v2\/media\/18514"}],"wp:attachment":[{"href":"https:\/\/pagina10.com\/web\/wp-json\/wp\/v2\/media?parent=18515"}],"wp:term":[{"taxonomy":"category","embeddable":true,"href":"https:\/\/pagina10.com\/web\/wp-json\/wp\/v2\/categories?post=18515"},{"taxonomy":"post_tag","embeddable":true,"href":"https:\/\/pagina10.com\/web\/wp-json\/wp\/v2\/tags?post=18515"}],"curies":[{"name":"wp","href":"https:\/\/api.w.org\/{rel}","templated":true}]}}