{"id":18517,"date":"2015-11-14T03:47:28","date_gmt":"2015-11-14T03:47:28","guid":{"rendered":"https:\/\/pagina10.com\/web\/colombia-esta-en-deuda-social-y-economica-con-el-campo-luis-fernando-velasco\/"},"modified":"2015-11-14T03:47:28","modified_gmt":"2015-11-14T03:47:28","slug":"colombia-esta-en-deuda-social-y-economica-con-el-campo-luis-fernando-velasco","status":"publish","type":"post","link":"https:\/\/pagina10.com\/web\/colombia-esta-en-deuda-social-y-economica-con-el-campo-luis-fernando-velasco\/","title":{"rendered":"Colombia est\u00e1 en deuda social y econ\u00f3mica con el campo: Luis Fernando Velasco"},"content":{"rendered":"<p><img fetchpriority=\"high\" decoding=\"async\" class=\" size-full wp-image-18516\" src=\"https:\/\/pagina10.com\/web\/wp-content\/uploads\/2015\/11\/3b0dfbb26105a0d51d49f3531e583743.jpg\" alt=\"\" width=\"575\" height=\"350\" srcset=\"https:\/\/pagina10.com\/web\/wp-content\/uploads\/2015\/11\/3b0dfbb26105a0d51d49f3531e583743.jpg 575w, https:\/\/pagina10.com\/web\/wp-content\/uploads\/2015\/11\/3b0dfbb26105a0d51d49f3531e583743-300x183.jpg 300w\" sizes=\"(max-width: 575px) 100vw, 575px\" \/><\/p>\n<div>\u201cEl problema no es la suspensi\u00f3n de la aspersi\u00f3n \u00e1rea del glifosato en Colombia, mi tesis es que se est\u00e1 fallando en poder una pol\u00edtica agraria que le brinde a los campesinos desde los departamentos del Cauca, pasando por el Tolima y Bol\u00edvar, una opci\u00f3n distinta a una opci\u00f3n distinta a la coca, como elemento de supervivencia\u201d.<\/div>\n<div>&nbsp;<\/div>\n<div>As\u00ed lo se\u00f1al\u00f3 el presidente del Senado Luis Fernando Velasco (liberal), tras conocerse que el pa\u00eds alcanz\u00f3 el primer lugar en la producci\u00f3n de coca\u00edna en el mundo e insisti\u00f3 que el Estado est\u00e1 fallando hoy en hacer presencia en la red terciaria, as\u00ed como en la construcci\u00f3n de un modelo econ\u00f3mico y social para peque\u00f1os y medianos productores del sector rural.<\/div>\n<div>&nbsp;<\/div>\n<div>\u201cEste escenario, hace que un grupo importante de compatriotas pasen de la legalidad a la ilegalidad. Lo m\u00e1s f\u00e1cil hoy, es echarle la culpa a la suspensi\u00f3n de las fumigaciones. M\u00e1s bien, deber\u00eda preocuparnos desde el Estado, pasando por el Congreso, apoyar al campesino, para que&nbsp; vez de sembrar coca, siembre comida\u201d, indic\u00f3.<\/div>\n<div>&nbsp;<\/div>\n<div>El presidente del&nbsp; Senado record\u00f3 que &nbsp;los campesinos de los 32 departamentos deben recibir conocimiento, capacitaci\u00f3n y la puesta en marcha de una pol\u00edtica p\u00fablica que se traduzca en un una plataforma cient\u00edfica, que permita que la coca se pueda convertir en medicina.<\/div>\n<div>&nbsp;<\/div>\n<div dir=\"ltr\">&nbsp;<\/div>\n<div dir=\"ltr\">\u201cSi el Ministro de Salud Alejandro Gaviria, ha tomado la decisi\u00f3n de proponerle a los colombianos que se utilice&nbsp; la marihuana como producto medicinal, hacia all\u00e1, se debe apuntar. El objetivo, es acompa\u00f1ar al ser humano en el mejoramiento de su calidad de vida. Un debate que se ha dado al interior del Congreso, de cara al pa\u00eds desde la Comisi\u00f3n Primera, a trav\u00e9s de la figura de audiencia p\u00fablica apunt\u00f3<\/div>\n","protected":false},"excerpt":{"rendered":"<p>\u201cEl problema no es la suspensi\u00f3n de la aspersi\u00f3n \u00e1rea del glifosato en Colombia, mi tesis es que se est\u00e1 fallando en poder una pol\u00edtica agraria que le brinde a los campesinos desde los departamentos del Cauca, pasando por el Tolima y Bol\u00edvar, una opci\u00f3n distinta a una opci\u00f3n distinta a la coca, como elemento [&hellip;]<\/p>\n","protected":false},"author":38,"featured_media":18516,"comment_status":"open","ping_status":"open","sticky":false,"template":"","format":"standard","meta":{"footnotes":""},"categories":[1],"tags":[],"class_list":["post-18517","post","type-post","status-publish","format-standard","has-post-thumbnail","hentry","category-sin-categoria"],"yoast_head":"<!-- This site is optimized with the Yoast SEO plugin v27.1.1 - https:\/\/yoast.com\/product\/yoast-seo-wordpress\/ -->\n<title>Colombia est\u00e1 en deuda social y econ\u00f3mica con el campo: Luis Fernando Velasco | P\u00e1gina10<\/title>\n<meta name=\"robots\" content=\"index, follow, max-snippet:-1, max-image-preview:large, max-video-preview:-1\" \/>\n<link rel=\"canonical\" href=\"https:\/\/pagina10.com\/web\/colombia-esta-en-deuda-social-y-economica-con-el-campo-luis-fernando-velasco\/\" \/>\n<meta property=\"og:locale\" content=\"es_ES\" \/>\n<meta property=\"og:type\" content=\"article\" \/>\n<meta property=\"og:title\" content=\"Colombia est\u00e1 en deuda social y econ\u00f3mica con el campo: Luis Fernando Velasco | P\u00e1gina10\" \/>\n<meta property=\"og:description\" content=\"\u201cEl problema no es la suspensi\u00f3n de la aspersi\u00f3n \u00e1rea del glifosato en Colombia, mi tesis es que se est\u00e1 fallando en poder una pol\u00edtica agraria que le brinde a los campesinos desde los departamentos del Cauca, pasando por el Tolima y Bol\u00edvar, una opci\u00f3n distinta a una opci\u00f3n distinta a la coca, como elemento [&hellip;]\" \/>\n<meta property=\"og:url\" content=\"https:\/\/pagina10.com\/web\/colombia-esta-en-deuda-social-y-economica-con-el-campo-luis-fernando-velasco\/\" \/>\n<meta property=\"og:site_name\" content=\"P\u00e1gina10\" \/>\n<meta property=\"article:publisher\" content=\"https:\/\/www.facebook.com\/pag10com\" \/>\n<meta property=\"article:published_time\" content=\"2015-11-14T03:47:28+00:00\" \/>\n<meta property=\"og:image\" content=\"https:\/\/pagina10.com\/web\/wp-content\/uploads\/2015\/11\/3b0dfbb26105a0d51d49f3531e583743.jpg\" \/>\n\t<meta property=\"og:image:width\" content=\"575\" \/>\n\t<meta property=\"og:image:height\" content=\"350\" \/>\n\t<meta property=\"og:image:type\" content=\"image\/jpeg\" \/>\n<meta name=\"author\" content=\"Carlos Villota Santacruz.\" \/>\n<meta name=\"twitter:card\" content=\"summary_large_image\" \/>\n<meta name=\"twitter:creator\" content=\"@Pag10com\" \/>\n<meta name=\"twitter:site\" content=\"@Pag10com\" \/>\n<meta name=\"twitter:label1\" content=\"Escrito por\" \/>\n\t<meta name=\"twitter:data1\" content=\"Carlos Villota Santacruz.\" \/>\n\t<meta name=\"twitter:label2\" content=\"Tiempo de lectura\" \/>\n\t<meta name=\"twitter:data2\" content=\"2 minutos\" \/>\n<script type=\"application\/ld+json\" class=\"yoast-schema-graph\">{\"@context\":\"https:\/\/schema.org\",\"@graph\":[{\"@type\":\"Article\",\"@id\":\"https:\/\/pagina10.com\/web\/colombia-esta-en-deuda-social-y-economica-con-el-campo-luis-fernando-velasco\/#article\",\"isPartOf\":{\"@id\":\"https:\/\/pagina10.com\/web\/colombia-esta-en-deuda-social-y-economica-con-el-campo-luis-fernando-velasco\/\"},\"author\":{\"name\":\"Carlos Villota Santacruz.\",\"@id\":\"https:\/\/pagina10.com\/web\/#\/schema\/person\/b459e2d15ec5ba9d5a2c9a81c71c4f7b\"},\"headline\":\"Colombia est\u00e1 en deuda social y econ\u00f3mica con el campo: Luis Fernando Velasco\",\"datePublished\":\"2015-11-14T03:47:28+00:00\",\"mainEntityOfPage\":{\"@id\":\"https:\/\/pagina10.com\/web\/colombia-esta-en-deuda-social-y-economica-con-el-campo-luis-fernando-velasco\/\"},\"wordCount\":336,\"commentCount\":0,\"publisher\":{\"@id\":\"https:\/\/pagina10.com\/web\/#organization\"},\"image\":{\"@id\":\"https:\/\/pagina10.com\/web\/colombia-esta-en-deuda-social-y-economica-con-el-campo-luis-fernando-velasco\/#primaryimage\"},\"thumbnailUrl\":\"https:\/\/pagina10.com\/web\/wp-content\/uploads\/2015\/11\/3b0dfbb26105a0d51d49f3531e583743.jpg\",\"inLanguage\":\"es\",\"potentialAction\":[{\"@type\":\"CommentAction\",\"name\":\"Comment\",\"target\":[\"https:\/\/pagina10.com\/web\/colombia-esta-en-deuda-social-y-economica-con-el-campo-luis-fernando-velasco\/#respond\"]}]},{\"@type\":\"WebPage\",\"@id\":\"https:\/\/pagina10.com\/web\/colombia-esta-en-deuda-social-y-economica-con-el-campo-luis-fernando-velasco\/\",\"url\":\"https:\/\/pagina10.com\/web\/colombia-esta-en-deuda-social-y-economica-con-el-campo-luis-fernando-velasco\/\",\"name\":\"Colombia est\u00e1 en deuda social y econ\u00f3mica con el campo: Luis Fernando Velasco | P\u00e1gina10\",\"isPartOf\":{\"@id\":\"https:\/\/pagina10.com\/web\/#website\"},\"primaryImageOfPage\":{\"@id\":\"https:\/\/pagina10.com\/web\/colombia-esta-en-deuda-social-y-economica-con-el-campo-luis-fernando-velasco\/#primaryimage\"},\"image\":{\"@id\":\"https:\/\/pagina10.com\/web\/colombia-esta-en-deuda-social-y-economica-con-el-campo-luis-fernando-velasco\/#primaryimage\"},\"thumbnailUrl\":\"https:\/\/pagina10.com\/web\/wp-content\/uploads\/2015\/11\/3b0dfbb26105a0d51d49f3531e583743.jpg\",\"datePublished\":\"2015-11-14T03:47:28+00:00\",\"breadcrumb\":{\"@id\":\"https:\/\/pagina10.com\/web\/colombia-esta-en-deuda-social-y-economica-con-el-campo-luis-fernando-velasco\/#breadcrumb\"},\"inLanguage\":\"es\",\"potentialAction\":[{\"@type\":\"ReadAction\",\"target\":[\"https:\/\/pagina10.com\/web\/colombia-esta-en-deuda-social-y-economica-con-el-campo-luis-fernando-velasco\/\"]}]},{\"@type\":\"ImageObject\",\"inLanguage\":\"es\",\"@id\":\"https:\/\/pagina10.com\/web\/colombia-esta-en-deuda-social-y-economica-con-el-campo-luis-fernando-velasco\/#primaryimage\",\"url\":\"https:\/\/pagina10.com\/web\/wp-content\/uploads\/2015\/11\/3b0dfbb26105a0d51d49f3531e583743.jpg\",\"contentUrl\":\"https:\/\/pagina10.com\/web\/wp-content\/uploads\/2015\/11\/3b0dfbb26105a0d51d49f3531e583743.jpg\",\"width\":575,\"height\":350},{\"@type\":\"BreadcrumbList\",\"@id\":\"https:\/\/pagina10.com\/web\/colombia-esta-en-deuda-social-y-economica-con-el-campo-luis-fernando-velasco\/#breadcrumb\",\"itemListElement\":[{\"@type\":\"ListItem\",\"position\":1,\"name\":\"Portada\",\"item\":\"https:\/\/pagina10.com\/web\/\"},{\"@type\":\"ListItem\",\"position\":2,\"name\":\"Colombia est\u00e1 en deuda social y econ\u00f3mica con el campo: Luis Fernando Velasco\"}]},{\"@type\":\"WebSite\",\"@id\":\"https:\/\/pagina10.com\/web\/#website\",\"url\":\"https:\/\/pagina10.com\/web\/\",\"name\":\"P\u00e1gina10\",\"description\":\"Peri\u00f3dico Regional\",\"publisher\":{\"@id\":\"https:\/\/pagina10.com\/web\/#organization\"},\"alternateName\":\"P\u00e1gina10 Peri\u00f3dico Regional\",\"potentialAction\":[{\"@type\":\"SearchAction\",\"target\":{\"@type\":\"EntryPoint\",\"urlTemplate\":\"https:\/\/pagina10.com\/web\/?s={search_term_string}\"},\"query-input\":{\"@type\":\"PropertyValueSpecification\",\"valueRequired\":true,\"valueName\":\"search_term_string\"}}],\"inLanguage\":\"es\"},{\"@type\":\"Organization\",\"@id\":\"https:\/\/pagina10.com\/web\/#organization\",\"name\":\"P\u00e1gina10\",\"alternateName\":\"P\u00e1gina10 Peri\u00f3dico Regional\",\"url\":\"https:\/\/pagina10.com\/web\/\",\"logo\":{\"@type\":\"ImageObject\",\"inLanguage\":\"es\",\"@id\":\"https:\/\/pagina10.com\/web\/#\/schema\/logo\/image\/\",\"url\":\"https:\/\/pagina10.com\/web\/wp-content\/uploads\/2024\/01\/40-pagina-10-periodico-regional-pasto.jpg\",\"contentUrl\":\"https:\/\/pagina10.com\/web\/wp-content\/uploads\/2024\/01\/40-pagina-10-periodico-regional-pasto.jpg\",\"width\":1280,\"height\":720,\"caption\":\"P\u00e1gina10\"},\"image\":{\"@id\":\"https:\/\/pagina10.com\/web\/#\/schema\/logo\/image\/\"},\"sameAs\":[\"https:\/\/www.facebook.com\/pag10com\",\"https:\/\/x.com\/Pag10com\",\"https:\/\/www.instagram.com\/pagina10col\/\",\"https:\/\/youtube.com\/channel\/pag10\",\"https:\/\/www.tiktok.com\/@p10col\"]},{\"@type\":\"Person\",\"@id\":\"https:\/\/pagina10.com\/web\/#\/schema\/person\/b459e2d15ec5ba9d5a2c9a81c71c4f7b\",\"name\":\"Carlos Villota Santacruz.\",\"description\":\"Internacionalista-Comunicador Social y Periodista. Experto en Comunicaci\u00f3n para el desarrollo y ciudad-regi\u00f3n.. Promotor de proyectos e investigaci\u00f3n comunicativa en radio, prensa y televisi\u00f3n. Experiencia en el manejo de imagen externa, interna y protocolaria de entidades p\u00fablicas y privadas, encuentros culturales, empresariales y ambientales. Docente en el \u00e1rea de televisi\u00f3n, relaciones internacionales y bloques econ\u00f3micos. Experto y conferencista en temas de marketing pol\u00edtico, marketing de ciudad, integraci\u00f3n cultural, TLC y desarrollo urban\u00edstico. E-mail: villotasantacruzcarlos@yahoo.com.co\",\"url\":\"https:\/\/pagina10.com\/web\/author\/cvillota\/\"}]}<\/script>\n<!-- \/ Yoast SEO plugin. -->","yoast_head_json":{"title":"Colombia est\u00e1 en deuda social y econ\u00f3mica con el campo: Luis Fernando Velasco | P\u00e1gina10","robots":{"index":"index","follow":"follow","max-snippet":"max-snippet:-1","max-image-preview":"max-image-preview:large","max-video-preview":"max-video-preview:-1"},"canonical":"https:\/\/pagina10.com\/web\/colombia-esta-en-deuda-social-y-economica-con-el-campo-luis-fernando-velasco\/","og_locale":"es_ES","og_type":"article","og_title":"Colombia est\u00e1 en deuda social y econ\u00f3mica con el campo: Luis Fernando Velasco | P\u00e1gina10","og_description":"\u201cEl problema no es la suspensi\u00f3n de la aspersi\u00f3n \u00e1rea del glifosato en Colombia, mi tesis es que se est\u00e1 fallando en poder una pol\u00edtica agraria que le brinde a los campesinos desde los departamentos del Cauca, pasando por el Tolima y Bol\u00edvar, una opci\u00f3n distinta a una opci\u00f3n distinta a la coca, como elemento [&hellip;]","og_url":"https:\/\/pagina10.com\/web\/colombia-esta-en-deuda-social-y-economica-con-el-campo-luis-fernando-velasco\/","og_site_name":"P\u00e1gina10","article_publisher":"https:\/\/www.facebook.com\/pag10com","article_published_time":"2015-11-14T03:47:28+00:00","og_image":[{"width":575,"height":350,"url":"https:\/\/pagina10.com\/web\/wp-content\/uploads\/2015\/11\/3b0dfbb26105a0d51d49f3531e583743.jpg","type":"image\/jpeg"}],"author":"Carlos Villota Santacruz.","twitter_card":"summary_large_image","twitter_creator":"@Pag10com","twitter_site":"@Pag10com","twitter_misc":{"Escrito por":"Carlos Villota Santacruz.","Tiempo de lectura":"2 minutos"},"schema":{"@context":"https:\/\/schema.org","@graph":[{"@type":"Article","@id":"https:\/\/pagina10.com\/web\/colombia-esta-en-deuda-social-y-economica-con-el-campo-luis-fernando-velasco\/#article","isPartOf":{"@id":"https:\/\/pagina10.com\/web\/colombia-esta-en-deuda-social-y-economica-con-el-campo-luis-fernando-velasco\/"},"author":{"name":"Carlos Villota Santacruz.","@id":"https:\/\/pagina10.com\/web\/#\/schema\/person\/b459e2d15ec5ba9d5a2c9a81c71c4f7b"},"headline":"Colombia est\u00e1 en deuda social y econ\u00f3mica con el campo: Luis Fernando Velasco","datePublished":"2015-11-14T03:47:28+00:00","mainEntityOfPage":{"@id":"https:\/\/pagina10.com\/web\/colombia-esta-en-deuda-social-y-economica-con-el-campo-luis-fernando-velasco\/"},"wordCount":336,"commentCount":0,"publisher":{"@id":"https:\/\/pagina10.com\/web\/#organization"},"image":{"@id":"https:\/\/pagina10.com\/web\/colombia-esta-en-deuda-social-y-economica-con-el-campo-luis-fernando-velasco\/#primaryimage"},"thumbnailUrl":"https:\/\/pagina10.com\/web\/wp-content\/uploads\/2015\/11\/3b0dfbb26105a0d51d49f3531e583743.jpg","inLanguage":"es","potentialAction":[{"@type":"CommentAction","name":"Comment","target":["https:\/\/pagina10.com\/web\/colombia-esta-en-deuda-social-y-economica-con-el-campo-luis-fernando-velasco\/#respond"]}]},{"@type":"WebPage","@id":"https:\/\/pagina10.com\/web\/colombia-esta-en-deuda-social-y-economica-con-el-campo-luis-fernando-velasco\/","url":"https:\/\/pagina10.com\/web\/colombia-esta-en-deuda-social-y-economica-con-el-campo-luis-fernando-velasco\/","name":"Colombia est\u00e1 en deuda social y econ\u00f3mica con el campo: Luis Fernando Velasco | P\u00e1gina10","isPartOf":{"@id":"https:\/\/pagina10.com\/web\/#website"},"primaryImageOfPage":{"@id":"https:\/\/pagina10.com\/web\/colombia-esta-en-deuda-social-y-economica-con-el-campo-luis-fernando-velasco\/#primaryimage"},"image":{"@id":"https:\/\/pagina10.com\/web\/colombia-esta-en-deuda-social-y-economica-con-el-campo-luis-fernando-velasco\/#primaryimage"},"thumbnailUrl":"https:\/\/pagina10.com\/web\/wp-content\/uploads\/2015\/11\/3b0dfbb26105a0d51d49f3531e583743.jpg","datePublished":"2015-11-14T03:47:28+00:00","breadcrumb":{"@id":"https:\/\/pagina10.com\/web\/colombia-esta-en-deuda-social-y-economica-con-el-campo-luis-fernando-velasco\/#breadcrumb"},"inLanguage":"es","potentialAction":[{"@type":"ReadAction","target":["https:\/\/pagina10.com\/web\/colombia-esta-en-deuda-social-y-economica-con-el-campo-luis-fernando-velasco\/"]}]},{"@type":"ImageObject","inLanguage":"es","@id":"https:\/\/pagina10.com\/web\/colombia-esta-en-deuda-social-y-economica-con-el-campo-luis-fernando-velasco\/#primaryimage","url":"https:\/\/pagina10.com\/web\/wp-content\/uploads\/2015\/11\/3b0dfbb26105a0d51d49f3531e583743.jpg","contentUrl":"https:\/\/pagina10.com\/web\/wp-content\/uploads\/2015\/11\/3b0dfbb26105a0d51d49f3531e583743.jpg","width":575,"height":350},{"@type":"BreadcrumbList","@id":"https:\/\/pagina10.com\/web\/colombia-esta-en-deuda-social-y-economica-con-el-campo-luis-fernando-velasco\/#breadcrumb","itemListElement":[{"@type":"ListItem","position":1,"name":"Portada","item":"https:\/\/pagina10.com\/web\/"},{"@type":"ListItem","position":2,"name":"Colombia est\u00e1 en deuda social y econ\u00f3mica con el campo: Luis Fernando Velasco"}]},{"@type":"WebSite","@id":"https:\/\/pagina10.com\/web\/#website","url":"https:\/\/pagina10.com\/web\/","name":"P\u00e1gina10","description":"Peri\u00f3dico Regional","publisher":{"@id":"https:\/\/pagina10.com\/web\/#organization"},"alternateName":"P\u00e1gina10 Peri\u00f3dico Regional","potentialAction":[{"@type":"SearchAction","target":{"@type":"EntryPoint","urlTemplate":"https:\/\/pagina10.com\/web\/?s={search_term_string}"},"query-input":{"@type":"PropertyValueSpecification","valueRequired":true,"valueName":"search_term_string"}}],"inLanguage":"es"},{"@type":"Organization","@id":"https:\/\/pagina10.com\/web\/#organization","name":"P\u00e1gina10","alternateName":"P\u00e1gina10 Peri\u00f3dico Regional","url":"https:\/\/pagina10.com\/web\/","logo":{"@type":"ImageObject","inLanguage":"es","@id":"https:\/\/pagina10.com\/web\/#\/schema\/logo\/image\/","url":"https:\/\/pagina10.com\/web\/wp-content\/uploads\/2024\/01\/40-pagina-10-periodico-regional-pasto.jpg","contentUrl":"https:\/\/pagina10.com\/web\/wp-content\/uploads\/2024\/01\/40-pagina-10-periodico-regional-pasto.jpg","width":1280,"height":720,"caption":"P\u00e1gina10"},"image":{"@id":"https:\/\/pagina10.com\/web\/#\/schema\/logo\/image\/"},"sameAs":["https:\/\/www.facebook.com\/pag10com","https:\/\/x.com\/Pag10com","https:\/\/www.instagram.com\/pagina10col\/","https:\/\/youtube.com\/channel\/pag10","https:\/\/www.tiktok.com\/@p10col"]},{"@type":"Person","@id":"https:\/\/pagina10.com\/web\/#\/schema\/person\/b459e2d15ec5ba9d5a2c9a81c71c4f7b","name":"Carlos Villota Santacruz.","description":"Internacionalista-Comunicador Social y Periodista. Experto en Comunicaci\u00f3n para el desarrollo y ciudad-regi\u00f3n.. Promotor de proyectos e investigaci\u00f3n comunicativa en radio, prensa y televisi\u00f3n. Experiencia en el manejo de imagen externa, interna y protocolaria de entidades p\u00fablicas y privadas, encuentros culturales, empresariales y ambientales. Docente en el \u00e1rea de televisi\u00f3n, relaciones internacionales y bloques econ\u00f3micos. Experto y conferencista en temas de marketing pol\u00edtico, marketing de ciudad, integraci\u00f3n cultural, TLC y desarrollo urban\u00edstico. E-mail: villotasantacruzcarlos@yahoo.com.co","url":"https:\/\/pagina10.com\/web\/author\/cvillota\/"}]}},"_links":{"self":[{"href":"https:\/\/pagina10.com\/web\/wp-json\/wp\/v2\/posts\/18517","targetHints":{"allow":["GET"]}}],"collection":[{"href":"https:\/\/pagina10.com\/web\/wp-json\/wp\/v2\/posts"}],"about":[{"href":"https:\/\/pagina10.com\/web\/wp-json\/wp\/v2\/types\/post"}],"author":[{"embeddable":true,"href":"https:\/\/pagina10.com\/web\/wp-json\/wp\/v2\/users\/38"}],"replies":[{"embeddable":true,"href":"https:\/\/pagina10.com\/web\/wp-json\/wp\/v2\/comments?post=18517"}],"version-history":[{"count":0,"href":"https:\/\/pagina10.com\/web\/wp-json\/wp\/v2\/posts\/18517\/revisions"}],"wp:featuredmedia":[{"embeddable":true,"href":"https:\/\/pagina10.com\/web\/wp-json\/wp\/v2\/media\/18516"}],"wp:attachment":[{"href":"https:\/\/pagina10.com\/web\/wp-json\/wp\/v2\/media?parent=18517"}],"wp:term":[{"taxonomy":"category","embeddable":true,"href":"https:\/\/pagina10.com\/web\/wp-json\/wp\/v2\/categories?post=18517"},{"taxonomy":"post_tag","embeddable":true,"href":"https:\/\/pagina10.com\/web\/wp-json\/wp\/v2\/tags?post=18517"}],"curies":[{"name":"wp","href":"https:\/\/api.w.org\/{rel}","templated":true}]}}