{"id":18519,"date":"2015-11-15T14:12:05","date_gmt":"2015-11-15T14:12:05","guid":{"rendered":"https:\/\/pagina10.com\/web\/narino-se-quedo-con-el-segundo-puesto-en-la-formula-sena-eco\/"},"modified":"2015-11-15T14:12:05","modified_gmt":"2015-11-15T14:12:05","slug":"narino-se-quedo-con-el-segundo-puesto-en-la-formula-sena-eco","status":"publish","type":"post","link":"https:\/\/pagina10.com\/web\/narino-se-quedo-con-el-segundo-puesto-en-la-formula-sena-eco\/","title":{"rendered":"Nari\u00f1o se qued\u00f3 con el segundo puesto en la F\u00f3rmula SENA Eco"},"content":{"rendered":"<p><img fetchpriority=\"high\" decoding=\"async\" class=\" size-full wp-image-18518\" src=\"https:\/\/pagina10.com\/web\/wp-content\/uploads\/2015\/11\/31d2633b2c483ccaed3b0d52609f9bc4.jpg\" alt=\"\" width=\"960\" height=\"641\" srcset=\"https:\/\/pagina10.com\/web\/wp-content\/uploads\/2015\/11\/31d2633b2c483ccaed3b0d52609f9bc4.jpg 960w, https:\/\/pagina10.com\/web\/wp-content\/uploads\/2015\/11\/31d2633b2c483ccaed3b0d52609f9bc4-300x200.jpg 300w, https:\/\/pagina10.com\/web\/wp-content\/uploads\/2015\/11\/31d2633b2c483ccaed3b0d52609f9bc4-768x513.jpg 768w, https:\/\/pagina10.com\/web\/wp-content\/uploads\/2015\/11\/31d2633b2c483ccaed3b0d52609f9bc4-450x300.jpg 450w\" sizes=\"(max-width: 960px) 100vw, 960px\" \/><\/p>\n<p style=\"text-align: justify;\">A lo largo de los 2,5 kil\u00f3metros de la pista, los nari\u00f1enses fueron testigos de la evoluci\u00f3n t\u00e9cnica y tecnol\u00f3gica de las diez escuder\u00edas que participaron en la segunda v\u00e1lida del a\u00f1o de la iniciativa que busca contribuir al sector automotriz y el medio ambiente.<\/p>\n<p style=\"text-align: justify;\">El dise\u00f1o de piezas, para mejorar el rendimiento de los monoplazas, ha logrado disminuir el peso de los veh\u00edculos, mejorando la diferencia en el rendimiento entre unos y otros autos, que hace dos a\u00f1os era de segundos y ahora es de d\u00e9cimas de segundos.<\/p>\n<p style=\"text-align: justify;\">&#8220;Son 1.500 aprendices los que se han esforzado en dise\u00f1ar y fabricar estos veh\u00edculos que hacen parte de programas de formaci\u00f3n como Soldadura, Electricidad, Electr\u00f3nica, Mecatr\u00f3nica. El dise\u00f1o de los uniformes y las mismas gorras de las escuder\u00edas han sido elaboradas por aprendices de los programas de modas y confecci\u00f3n&#8221;, asegur\u00f3 el director general Alfonso Prada.<\/p>\n<p style=\"text-align: justify;\">Esto refleja el trabajo de cada uno de los equipos a lo largo de la iniciativa; aprendices e instructores que durante tres a\u00f1os han dejado el legado en materia de investigaci\u00f3n lo que le ha permitido a cada escuder\u00eda estar m\u00e1s consolidados.\u200b<\/p>\n<p style=\"text-align: justify;\">&#8220;Cada uno de estos carros son ambientes de formaci\u00f3n de cuatro ruedas donde interact\u00faan los aprendices de las 24 regionales que participan; por eso se trata de una estrategia de innovaci\u00f3n&#8221;, dijo Prada.<\/p>\n<p style=\"text-align: justify;\">En la primera oportunidad que se lleva la F\u00f3rmula SENA Eco fuera de Bogot\u00e1 y segunda en un circuito callejero, Pasto tuvo la oportunidad de apreciar el desarrollo que las escuder\u00edas han implementado.<\/p>\n<p style=\"text-align: justify;\">Para el alcalde de Pasto, Harold Guerrero L\u00f3pez, &#8220;la ciudad gan\u00f3 muchas cosas; una de ellas conocer todo el trabajo de aprendices, sus iniciativas y aporte al desarrollo del pa\u00eds, el detalle con que dise\u00f1an y fabrican los veh\u00edculos&#8221;.<\/p>\n<p style=\"text-align: justify;\">Por su parte, la directora regional del SENA en Nari\u00f1o, Sara \u00c1ngela Arturo Gonz\u00e1lez, agradeci\u00f3 a la ciudadan\u00eda por la masiva asistencia.<\/p>\n<p style=\"text-align: justify;\">&#8220;Queremos que F\u00f3rmula SENA Eco se convierta en una carta de presentaci\u00f3n de la Instituci\u00f3n porque adem\u00e1s de veh\u00edculos se trata de una estrategia alrededor de la cual confluyen muchos programas&#8221;, explic\u00f3 la funcionaria.<\/p>\n<p>Durante la v\u00e1lida, la Escuder\u00eda I-Car-Racing, de las regionales Valle, Choc\u00f3 y Guain\u00eda, fue la que obtuvo el primer puesto, ratificando que la articulaci\u00f3n se convierte en trabajo adecuado y preciso. El segundo lugar fue para Nari\u00f1o y el tercero Risaralda.<\/p>\n<p style=\"text-align: justify;\">Tecnol\u00f3gicamente al veh\u00edculo el\u00e9ctrico se le realizaron mediciones permanentes en la temperatura de las ruedas, motores y bater\u00eda, adem\u00e1s de un constante control a trav\u00e9s de un sistema de telemetr\u00eda.<\/p>\n<p style=\"text-align: justify;\">&#8220;Esto nos permite seguir creciendo en la formaci\u00f3n; que el sector productivo contin\u00faen apoyando a este grupo de aprendices en oportunidades en sus empresas, porque la tecnolog\u00eda y el trabajo innovador que se desarrolla en nuestros ambientes es de alto nivel&#8221;, afirm\u00f3 el director regional del SENA en el Valle del Cauca, C\u00e9sar Albeiro Trujillo.<\/p>\n<p style=\"text-align: justify;\">El ganador del a\u00f1o de F\u00f3rmula SENA Eco se conocer\u00e1 en diciembre, cuando se entregue \u2013por parte de las escuder\u00edas\u2013 el resultado final del proyecto de lo que han realizado durante los \u00faltimos 12 meses.<\/p>\n<p style=\"text-align: justify;\">&nbsp;<\/p>\n<p style=\"text-align: justify;\"><strong>Previa y camerinos <\/strong><\/p>\n<p style=\"text-align: justify;\"><span style=\"line-height: 1.8;\">Durante toda la semana, aprendices hicieron las pruebas libres en el kartodromo de Chachag\u00fc\u00ed (Nari\u00f1o); exhibieron sus proyectos y estuvieron en la Plaza de Nari\u00f1o de Pasto, donde los ciudadanos se tomaron fotos, conocieron el desarrollo de cada uno de los proyectos y vieron en pasarela la dotaci\u00f3n deportiva que son elaboradas por los mismos aprendices.<\/span><\/p>\n<p style=\"text-align: justify;\">Este lunes 16 de noviembre los aprendices recibir\u00e1n trasferencia de conocimientos por parte de la Universidad Polit\u00e9cnica Salesiana de Cuenca (Ecuador), donde expondr\u00e1n su experiencia en la participaci\u00f3n de la F\u00f3rmula SAE, en Silverston (Inglaterra), una competici\u00f3n entre estudiantes de universidades de todo el mundo que promueve la excelencia en ingenier\u00eda.<\/p>\n","protected":false},"excerpt":{"rendered":"<p>A lo largo de los 2,5 kil\u00f3metros de la pista, los nari\u00f1enses fueron testigos de la evoluci\u00f3n t\u00e9cnica y tecnol\u00f3gica de las diez escuder\u00edas que participaron en la segunda v\u00e1lida del a\u00f1o de la iniciativa que busca contribuir al sector automotriz y el medio ambiente. El dise\u00f1o de piezas, para mejorar el rendimiento de los [&hellip;]<\/p>\n","protected":false},"author":29,"featured_media":18518,"comment_status":"open","ping_status":"open","sticky":false,"template":"","format":"standard","meta":{"footnotes":""},"categories":[1],"tags":[],"class_list":["post-18519","post","type-post","status-publish","format-standard","has-post-thumbnail","hentry","category-sin-categoria"],"yoast_head":"<!-- This site is optimized with the Yoast SEO plugin v27.1.1 - https:\/\/yoast.com\/product\/yoast-seo-wordpress\/ -->\n<title>Nari\u00f1o se qued\u00f3 con el segundo puesto en la F\u00f3rmula SENA Eco | P\u00e1gina10<\/title>\n<meta name=\"robots\" content=\"index, follow, max-snippet:-1, max-image-preview:large, max-video-preview:-1\" \/>\n<link rel=\"canonical\" href=\"https:\/\/pagina10.com\/web\/narino-se-quedo-con-el-segundo-puesto-en-la-formula-sena-eco\/\" \/>\n<meta property=\"og:locale\" content=\"es_ES\" \/>\n<meta property=\"og:type\" content=\"article\" \/>\n<meta property=\"og:title\" content=\"Nari\u00f1o se qued\u00f3 con el segundo puesto en la F\u00f3rmula SENA Eco | P\u00e1gina10\" \/>\n<meta property=\"og:description\" content=\"A lo largo de los 2,5 kil\u00f3metros de la pista, los nari\u00f1enses fueron testigos de la evoluci\u00f3n t\u00e9cnica y tecnol\u00f3gica de las diez escuder\u00edas que participaron en la segunda v\u00e1lida del a\u00f1o de la iniciativa que busca contribuir al sector automotriz y el medio ambiente. El dise\u00f1o de piezas, para mejorar el rendimiento de los [&hellip;]\" \/>\n<meta property=\"og:url\" content=\"https:\/\/pagina10.com\/web\/narino-se-quedo-con-el-segundo-puesto-en-la-formula-sena-eco\/\" \/>\n<meta property=\"og:site_name\" content=\"P\u00e1gina10\" \/>\n<meta property=\"article:publisher\" content=\"https:\/\/www.facebook.com\/pag10com\" \/>\n<meta property=\"article:published_time\" content=\"2015-11-15T14:12:05+00:00\" \/>\n<meta property=\"og:image\" content=\"https:\/\/pagina10.com\/web\/wp-content\/uploads\/2015\/11\/31d2633b2c483ccaed3b0d52609f9bc4.jpg\" \/>\n\t<meta property=\"og:image:width\" content=\"960\" \/>\n\t<meta property=\"og:image:height\" content=\"641\" \/>\n\t<meta property=\"og:image:type\" content=\"image\/jpeg\" \/>\n<meta name=\"author\" content=\"P\u00e1gina 10\" \/>\n<meta name=\"twitter:card\" content=\"summary_large_image\" \/>\n<meta name=\"twitter:creator\" content=\"@Pag10com\" \/>\n<meta name=\"twitter:site\" content=\"@Pag10com\" \/>\n<meta name=\"twitter:label1\" content=\"Escrito por\" \/>\n\t<meta name=\"twitter:data1\" content=\"P\u00e1gina 10\" \/>\n\t<meta name=\"twitter:label2\" content=\"Tiempo de lectura\" \/>\n\t<meta name=\"twitter:data2\" content=\"3 minutos\" \/>\n<script type=\"application\/ld+json\" class=\"yoast-schema-graph\">{\"@context\":\"https:\/\/schema.org\",\"@graph\":[{\"@type\":\"Article\",\"@id\":\"https:\/\/pagina10.com\/web\/narino-se-quedo-con-el-segundo-puesto-en-la-formula-sena-eco\/#article\",\"isPartOf\":{\"@id\":\"https:\/\/pagina10.com\/web\/narino-se-quedo-con-el-segundo-puesto-en-la-formula-sena-eco\/\"},\"author\":{\"name\":\"P\u00e1gina 10\",\"@id\":\"https:\/\/pagina10.com\/web\/#\/schema\/person\/a7a5d38f0629dfc107f619fbae4f6cc3\"},\"headline\":\"Nari\u00f1o se qued\u00f3 con el segundo puesto en la F\u00f3rmula SENA Eco\",\"datePublished\":\"2015-11-15T14:12:05+00:00\",\"mainEntityOfPage\":{\"@id\":\"https:\/\/pagina10.com\/web\/narino-se-quedo-con-el-segundo-puesto-en-la-formula-sena-eco\/\"},\"wordCount\":699,\"commentCount\":0,\"publisher\":{\"@id\":\"https:\/\/pagina10.com\/web\/#organization\"},\"image\":{\"@id\":\"https:\/\/pagina10.com\/web\/narino-se-quedo-con-el-segundo-puesto-en-la-formula-sena-eco\/#primaryimage\"},\"thumbnailUrl\":\"https:\/\/pagina10.com\/web\/wp-content\/uploads\/2015\/11\/31d2633b2c483ccaed3b0d52609f9bc4.jpg\",\"inLanguage\":\"es\",\"potentialAction\":[{\"@type\":\"CommentAction\",\"name\":\"Comment\",\"target\":[\"https:\/\/pagina10.com\/web\/narino-se-quedo-con-el-segundo-puesto-en-la-formula-sena-eco\/#respond\"]}]},{\"@type\":\"WebPage\",\"@id\":\"https:\/\/pagina10.com\/web\/narino-se-quedo-con-el-segundo-puesto-en-la-formula-sena-eco\/\",\"url\":\"https:\/\/pagina10.com\/web\/narino-se-quedo-con-el-segundo-puesto-en-la-formula-sena-eco\/\",\"name\":\"Nari\u00f1o se qued\u00f3 con el segundo puesto en la F\u00f3rmula SENA Eco | P\u00e1gina10\",\"isPartOf\":{\"@id\":\"https:\/\/pagina10.com\/web\/#website\"},\"primaryImageOfPage\":{\"@id\":\"https:\/\/pagina10.com\/web\/narino-se-quedo-con-el-segundo-puesto-en-la-formula-sena-eco\/#primaryimage\"},\"image\":{\"@id\":\"https:\/\/pagina10.com\/web\/narino-se-quedo-con-el-segundo-puesto-en-la-formula-sena-eco\/#primaryimage\"},\"thumbnailUrl\":\"https:\/\/pagina10.com\/web\/wp-content\/uploads\/2015\/11\/31d2633b2c483ccaed3b0d52609f9bc4.jpg\",\"datePublished\":\"2015-11-15T14:12:05+00:00\",\"breadcrumb\":{\"@id\":\"https:\/\/pagina10.com\/web\/narino-se-quedo-con-el-segundo-puesto-en-la-formula-sena-eco\/#breadcrumb\"},\"inLanguage\":\"es\",\"potentialAction\":[{\"@type\":\"ReadAction\",\"target\":[\"https:\/\/pagina10.com\/web\/narino-se-quedo-con-el-segundo-puesto-en-la-formula-sena-eco\/\"]}]},{\"@type\":\"ImageObject\",\"inLanguage\":\"es\",\"@id\":\"https:\/\/pagina10.com\/web\/narino-se-quedo-con-el-segundo-puesto-en-la-formula-sena-eco\/#primaryimage\",\"url\":\"https:\/\/pagina10.com\/web\/wp-content\/uploads\/2015\/11\/31d2633b2c483ccaed3b0d52609f9bc4.jpg\",\"contentUrl\":\"https:\/\/pagina10.com\/web\/wp-content\/uploads\/2015\/11\/31d2633b2c483ccaed3b0d52609f9bc4.jpg\",\"width\":960,\"height\":641},{\"@type\":\"BreadcrumbList\",\"@id\":\"https:\/\/pagina10.com\/web\/narino-se-quedo-con-el-segundo-puesto-en-la-formula-sena-eco\/#breadcrumb\",\"itemListElement\":[{\"@type\":\"ListItem\",\"position\":1,\"name\":\"Portada\",\"item\":\"https:\/\/pagina10.com\/web\/\"},{\"@type\":\"ListItem\",\"position\":2,\"name\":\"Nari\u00f1o se qued\u00f3 con el segundo puesto en la F\u00f3rmula SENA Eco\"}]},{\"@type\":\"WebSite\",\"@id\":\"https:\/\/pagina10.com\/web\/#website\",\"url\":\"https:\/\/pagina10.com\/web\/\",\"name\":\"P\u00e1gina10\",\"description\":\"Peri\u00f3dico Regional\",\"publisher\":{\"@id\":\"https:\/\/pagina10.com\/web\/#organization\"},\"alternateName\":\"P\u00e1gina10 Peri\u00f3dico Regional\",\"potentialAction\":[{\"@type\":\"SearchAction\",\"target\":{\"@type\":\"EntryPoint\",\"urlTemplate\":\"https:\/\/pagina10.com\/web\/?s={search_term_string}\"},\"query-input\":{\"@type\":\"PropertyValueSpecification\",\"valueRequired\":true,\"valueName\":\"search_term_string\"}}],\"inLanguage\":\"es\"},{\"@type\":\"Organization\",\"@id\":\"https:\/\/pagina10.com\/web\/#organization\",\"name\":\"P\u00e1gina10\",\"alternateName\":\"P\u00e1gina10 Peri\u00f3dico Regional\",\"url\":\"https:\/\/pagina10.com\/web\/\",\"logo\":{\"@type\":\"ImageObject\",\"inLanguage\":\"es\",\"@id\":\"https:\/\/pagina10.com\/web\/#\/schema\/logo\/image\/\",\"url\":\"https:\/\/pagina10.com\/web\/wp-content\/uploads\/2024\/01\/40-pagina-10-periodico-regional-pasto.jpg\",\"contentUrl\":\"https:\/\/pagina10.com\/web\/wp-content\/uploads\/2024\/01\/40-pagina-10-periodico-regional-pasto.jpg\",\"width\":1280,\"height\":720,\"caption\":\"P\u00e1gina10\"},\"image\":{\"@id\":\"https:\/\/pagina10.com\/web\/#\/schema\/logo\/image\/\"},\"sameAs\":[\"https:\/\/www.facebook.com\/pag10com\",\"https:\/\/x.com\/Pag10com\",\"https:\/\/www.instagram.com\/pagina10col\/\",\"https:\/\/youtube.com\/channel\/pag10\",\"https:\/\/www.tiktok.com\/@p10col\"]},{\"@type\":\"Person\",\"@id\":\"https:\/\/pagina10.com\/web\/#\/schema\/person\/a7a5d38f0629dfc107f619fbae4f6cc3\",\"name\":\"P\u00e1gina 10\",\"description\":\"P\u00e1gina10.com es un peri\u00f3dico digital que nace en Colombia, en el departamento de Nari\u00f1o, con un enfoque global, fundamentado en cuatro pilares esenciales: la libertad, el pluralismo, la inclusi\u00f3n y la independencia. P\u00e1gina10.com hace referencia a Nari\u00f1o como el d\u00e9cimo departamento creado en Colombia, despu\u00e9s de un proceso pol\u00edtico liderado por actores y actrices regionales con el fin de obtener la independencia y autonom\u00eda de nuestros territorios. Con la creaci\u00f3n de P\u00e1gina10.com se pretende abrir un escenario para el dialogo, la reflexi\u00f3n y el debate que se extienda a otras geograf\u00edas de Am\u00e9rica Latina y del planeta, en una apuesta por transformar colectivamente los desaf\u00edos de un mundo contempor\u00e1neo, m\u00e1s all\u00e1 de las fronteras impuestas.\",\"url\":\"https:\/\/pagina10.com\/web\/author\/mcepeda\/\"}]}<\/script>\n<!-- \/ Yoast SEO plugin. -->","yoast_head_json":{"title":"Nari\u00f1o se qued\u00f3 con el segundo puesto en la F\u00f3rmula SENA Eco | P\u00e1gina10","robots":{"index":"index","follow":"follow","max-snippet":"max-snippet:-1","max-image-preview":"max-image-preview:large","max-video-preview":"max-video-preview:-1"},"canonical":"https:\/\/pagina10.com\/web\/narino-se-quedo-con-el-segundo-puesto-en-la-formula-sena-eco\/","og_locale":"es_ES","og_type":"article","og_title":"Nari\u00f1o se qued\u00f3 con el segundo puesto en la F\u00f3rmula SENA Eco | P\u00e1gina10","og_description":"A lo largo de los 2,5 kil\u00f3metros de la pista, los nari\u00f1enses fueron testigos de la evoluci\u00f3n t\u00e9cnica y tecnol\u00f3gica de las diez escuder\u00edas que participaron en la segunda v\u00e1lida del a\u00f1o de la iniciativa que busca contribuir al sector automotriz y el medio ambiente. El dise\u00f1o de piezas, para mejorar el rendimiento de los [&hellip;]","og_url":"https:\/\/pagina10.com\/web\/narino-se-quedo-con-el-segundo-puesto-en-la-formula-sena-eco\/","og_site_name":"P\u00e1gina10","article_publisher":"https:\/\/www.facebook.com\/pag10com","article_published_time":"2015-11-15T14:12:05+00:00","og_image":[{"width":960,"height":641,"url":"https:\/\/pagina10.com\/web\/wp-content\/uploads\/2015\/11\/31d2633b2c483ccaed3b0d52609f9bc4.jpg","type":"image\/jpeg"}],"author":"P\u00e1gina 10","twitter_card":"summary_large_image","twitter_creator":"@Pag10com","twitter_site":"@Pag10com","twitter_misc":{"Escrito por":"P\u00e1gina 10","Tiempo de lectura":"3 minutos"},"schema":{"@context":"https:\/\/schema.org","@graph":[{"@type":"Article","@id":"https:\/\/pagina10.com\/web\/narino-se-quedo-con-el-segundo-puesto-en-la-formula-sena-eco\/#article","isPartOf":{"@id":"https:\/\/pagina10.com\/web\/narino-se-quedo-con-el-segundo-puesto-en-la-formula-sena-eco\/"},"author":{"name":"P\u00e1gina 10","@id":"https:\/\/pagina10.com\/web\/#\/schema\/person\/a7a5d38f0629dfc107f619fbae4f6cc3"},"headline":"Nari\u00f1o se qued\u00f3 con el segundo puesto en la F\u00f3rmula SENA Eco","datePublished":"2015-11-15T14:12:05+00:00","mainEntityOfPage":{"@id":"https:\/\/pagina10.com\/web\/narino-se-quedo-con-el-segundo-puesto-en-la-formula-sena-eco\/"},"wordCount":699,"commentCount":0,"publisher":{"@id":"https:\/\/pagina10.com\/web\/#organization"},"image":{"@id":"https:\/\/pagina10.com\/web\/narino-se-quedo-con-el-segundo-puesto-en-la-formula-sena-eco\/#primaryimage"},"thumbnailUrl":"https:\/\/pagina10.com\/web\/wp-content\/uploads\/2015\/11\/31d2633b2c483ccaed3b0d52609f9bc4.jpg","inLanguage":"es","potentialAction":[{"@type":"CommentAction","name":"Comment","target":["https:\/\/pagina10.com\/web\/narino-se-quedo-con-el-segundo-puesto-en-la-formula-sena-eco\/#respond"]}]},{"@type":"WebPage","@id":"https:\/\/pagina10.com\/web\/narino-se-quedo-con-el-segundo-puesto-en-la-formula-sena-eco\/","url":"https:\/\/pagina10.com\/web\/narino-se-quedo-con-el-segundo-puesto-en-la-formula-sena-eco\/","name":"Nari\u00f1o se qued\u00f3 con el segundo puesto en la F\u00f3rmula SENA Eco | P\u00e1gina10","isPartOf":{"@id":"https:\/\/pagina10.com\/web\/#website"},"primaryImageOfPage":{"@id":"https:\/\/pagina10.com\/web\/narino-se-quedo-con-el-segundo-puesto-en-la-formula-sena-eco\/#primaryimage"},"image":{"@id":"https:\/\/pagina10.com\/web\/narino-se-quedo-con-el-segundo-puesto-en-la-formula-sena-eco\/#primaryimage"},"thumbnailUrl":"https:\/\/pagina10.com\/web\/wp-content\/uploads\/2015\/11\/31d2633b2c483ccaed3b0d52609f9bc4.jpg","datePublished":"2015-11-15T14:12:05+00:00","breadcrumb":{"@id":"https:\/\/pagina10.com\/web\/narino-se-quedo-con-el-segundo-puesto-en-la-formula-sena-eco\/#breadcrumb"},"inLanguage":"es","potentialAction":[{"@type":"ReadAction","target":["https:\/\/pagina10.com\/web\/narino-se-quedo-con-el-segundo-puesto-en-la-formula-sena-eco\/"]}]},{"@type":"ImageObject","inLanguage":"es","@id":"https:\/\/pagina10.com\/web\/narino-se-quedo-con-el-segundo-puesto-en-la-formula-sena-eco\/#primaryimage","url":"https:\/\/pagina10.com\/web\/wp-content\/uploads\/2015\/11\/31d2633b2c483ccaed3b0d52609f9bc4.jpg","contentUrl":"https:\/\/pagina10.com\/web\/wp-content\/uploads\/2015\/11\/31d2633b2c483ccaed3b0d52609f9bc4.jpg","width":960,"height":641},{"@type":"BreadcrumbList","@id":"https:\/\/pagina10.com\/web\/narino-se-quedo-con-el-segundo-puesto-en-la-formula-sena-eco\/#breadcrumb","itemListElement":[{"@type":"ListItem","position":1,"name":"Portada","item":"https:\/\/pagina10.com\/web\/"},{"@type":"ListItem","position":2,"name":"Nari\u00f1o se qued\u00f3 con el segundo puesto en la F\u00f3rmula SENA Eco"}]},{"@type":"WebSite","@id":"https:\/\/pagina10.com\/web\/#website","url":"https:\/\/pagina10.com\/web\/","name":"P\u00e1gina10","description":"Peri\u00f3dico Regional","publisher":{"@id":"https:\/\/pagina10.com\/web\/#organization"},"alternateName":"P\u00e1gina10 Peri\u00f3dico Regional","potentialAction":[{"@type":"SearchAction","target":{"@type":"EntryPoint","urlTemplate":"https:\/\/pagina10.com\/web\/?s={search_term_string}"},"query-input":{"@type":"PropertyValueSpecification","valueRequired":true,"valueName":"search_term_string"}}],"inLanguage":"es"},{"@type":"Organization","@id":"https:\/\/pagina10.com\/web\/#organization","name":"P\u00e1gina10","alternateName":"P\u00e1gina10 Peri\u00f3dico Regional","url":"https:\/\/pagina10.com\/web\/","logo":{"@type":"ImageObject","inLanguage":"es","@id":"https:\/\/pagina10.com\/web\/#\/schema\/logo\/image\/","url":"https:\/\/pagina10.com\/web\/wp-content\/uploads\/2024\/01\/40-pagina-10-periodico-regional-pasto.jpg","contentUrl":"https:\/\/pagina10.com\/web\/wp-content\/uploads\/2024\/01\/40-pagina-10-periodico-regional-pasto.jpg","width":1280,"height":720,"caption":"P\u00e1gina10"},"image":{"@id":"https:\/\/pagina10.com\/web\/#\/schema\/logo\/image\/"},"sameAs":["https:\/\/www.facebook.com\/pag10com","https:\/\/x.com\/Pag10com","https:\/\/www.instagram.com\/pagina10col\/","https:\/\/youtube.com\/channel\/pag10","https:\/\/www.tiktok.com\/@p10col"]},{"@type":"Person","@id":"https:\/\/pagina10.com\/web\/#\/schema\/person\/a7a5d38f0629dfc107f619fbae4f6cc3","name":"P\u00e1gina 10","description":"P\u00e1gina10.com es un peri\u00f3dico digital que nace en Colombia, en el departamento de Nari\u00f1o, con un enfoque global, fundamentado en cuatro pilares esenciales: la libertad, el pluralismo, la inclusi\u00f3n y la independencia. P\u00e1gina10.com hace referencia a Nari\u00f1o como el d\u00e9cimo departamento creado en Colombia, despu\u00e9s de un proceso pol\u00edtico liderado por actores y actrices regionales con el fin de obtener la independencia y autonom\u00eda de nuestros territorios. Con la creaci\u00f3n de P\u00e1gina10.com se pretende abrir un escenario para el dialogo, la reflexi\u00f3n y el debate que se extienda a otras geograf\u00edas de Am\u00e9rica Latina y del planeta, en una apuesta por transformar colectivamente los desaf\u00edos de un mundo contempor\u00e1neo, m\u00e1s all\u00e1 de las fronteras impuestas.","url":"https:\/\/pagina10.com\/web\/author\/mcepeda\/"}]}},"_links":{"self":[{"href":"https:\/\/pagina10.com\/web\/wp-json\/wp\/v2\/posts\/18519","targetHints":{"allow":["GET"]}}],"collection":[{"href":"https:\/\/pagina10.com\/web\/wp-json\/wp\/v2\/posts"}],"about":[{"href":"https:\/\/pagina10.com\/web\/wp-json\/wp\/v2\/types\/post"}],"author":[{"embeddable":true,"href":"https:\/\/pagina10.com\/web\/wp-json\/wp\/v2\/users\/29"}],"replies":[{"embeddable":true,"href":"https:\/\/pagina10.com\/web\/wp-json\/wp\/v2\/comments?post=18519"}],"version-history":[{"count":0,"href":"https:\/\/pagina10.com\/web\/wp-json\/wp\/v2\/posts\/18519\/revisions"}],"wp:featuredmedia":[{"embeddable":true,"href":"https:\/\/pagina10.com\/web\/wp-json\/wp\/v2\/media\/18518"}],"wp:attachment":[{"href":"https:\/\/pagina10.com\/web\/wp-json\/wp\/v2\/media?parent=18519"}],"wp:term":[{"taxonomy":"category","embeddable":true,"href":"https:\/\/pagina10.com\/web\/wp-json\/wp\/v2\/categories?post=18519"},{"taxonomy":"post_tag","embeddable":true,"href":"https:\/\/pagina10.com\/web\/wp-json\/wp\/v2\/tags?post=18519"}],"curies":[{"name":"wp","href":"https:\/\/api.w.org\/{rel}","templated":true}]}}