{"id":18521,"date":"2015-11-15T14:32:20","date_gmt":"2015-11-15T14:32:20","guid":{"rendered":"https:\/\/pagina10.com\/web\/identificados-los-autores-de-los-multiples-ataques-en-paris\/"},"modified":"2015-11-15T14:32:20","modified_gmt":"2015-11-15T14:32:20","slug":"identificados-los-autores-de-los-multiples-ataques-en-paris","status":"publish","type":"post","link":"https:\/\/pagina10.com\/web\/identificados-los-autores-de-los-multiples-ataques-en-paris\/","title":{"rendered":"Identificados los autores de los m\u00faltiples ataques en Par\u00eds"},"content":{"rendered":"<p><img fetchpriority=\"high\" decoding=\"async\" class=\" size-full wp-image-18520\" src=\"https:\/\/pagina10.com\/web\/wp-content\/uploads\/2015\/11\/559665331fc373a7ba167c357f23ca7e.jpg\" alt=\"\" width=\"624\" height=\"351\" srcset=\"https:\/\/pagina10.com\/web\/wp-content\/uploads\/2015\/11\/559665331fc373a7ba167c357f23ca7e.jpg 624w, https:\/\/pagina10.com\/web\/wp-content\/uploads\/2015\/11\/559665331fc373a7ba167c357f23ca7e-300x169.jpg 300w\" sizes=\"(max-width: 624px) 100vw, 624px\" \/><\/p>\n<p style=\"text-align: justify;\">Una amplia red policial se extiende desde Grecia hasta los populosos barrios parisinos para identificar a los autores de los ataques realizados, el pasado viernes, en Par\u00eds que causaron la muerte de al menos 129 personas y dejaron m\u00e1s de 350 heridos.<br \/>En Francia, las autoridades descubrieron varios fusiles Kalashnikov en un auto abandonado que se cree fue utilizado por uno de los grupos de atacantes.<br \/>El auto de color negro, marca Seat, fue ubicado en el suburbio oriental de Par\u00eds de Montreuil, este domingo, lo que sugiere que algunos de los extremistas pudieron haber escapado.<br \/>Siete sospechosos murieron en explosiones suicidas. Se cree que dos de ellos son ciudadanos belgas, incluyendo un joven de 18 a\u00f1os que luch\u00f3 en Siria, seg\u00fan un alto funcionario en B\u00e9lgica.<br \/>Junto al cuerpo de uno de los atacantes suicidas, cerca del estadio Stade de France, se encontr\u00f3 un pasaporte sirio. Las autoridades en Grecia confirmaron que el n\u00famero de pasaporte coincid\u00eda con el de un refugiado sirio que cruz\u00f3 a Europa por la isla de Leros hace unas semanas.<br \/>Sin embargo, Grecia aclara que ese documento pudo haber sido robado o comprado por el atacante en otro lugar.<\/p>\n<p style=\"text-align: justify;\">Un dedo hallado en el lugar donde ocurri\u00f3 la peor masacre permiti\u00f3 a las autoridades francesas identificar a un ciudadano franc\u00e9s de 29 a\u00f1os, Omar Ismail Mostefai, como uno de los que particip\u00f3 en el ataque contra la sala de conciertos Le Bataclan, donde ocurri\u00f3 la peor masacre.<br \/>Siete familiares de Mostefai fueron detenidos y est\u00e1n siendo interrogados por la polic\u00eda.<br \/>Adem\u00e1s, fuerzas especiales hicieron una redada de las casas del padre y hermano de Mostefai, el s\u00e1bado en la noche.<br \/>Por otra parte, Alemania investiga los posibles v\u00ednculos con los ataque de Par\u00eds de un individuo arrestado en Baviera, detenido hace diez d\u00edas, al que le encontraron armas y explosivos en su auto. Pero el ministro del Interior de Alemania advirti\u00f3 contra sacar conclusiones apresuradas.<\/p>\n<p style=\"text-align: justify;\"><strong>\u00bfQui\u00e9nes fueron?<\/strong><br \/>Seg\u00fan el fiscal parisino Fran\u00e7ois Molins, se sabe que al menos siete personas participaron en el ataque y murieron en atentados suicidas.<br \/>No fueron ocho los atacantes muertos, como se hab\u00eda dicho en un principio, cuando se difundi\u00f3 que la polic\u00eda hab\u00eda abatido a uno de los presuntos autores del asalto a la sala Le Bataclan.<\/p>\n<p style=\"text-align: justify;\">&#8220;Tenemos que averiguar de d\u00f3nde ven\u00edan y c\u00f3mo se financiaron&#8221;, dijo Molins en una conferencia de prensa.<br \/>Francia sostiene que el grupo radical islamista autodenominado como Estado Isl\u00e1mico est\u00e1 detr\u00e1s de la masacre. El grupo reivindic\u00f3 su autor\u00eda.<\/p>\n<p style=\"text-align: justify;\">Mientras, las autoridades belgas detuvieron a tres hombres este s\u00e1bado que, seg\u00fan el gobierno del primer ministro Charles Michel, estaban relacionados con los ataques.<br \/>Bruselas investiga si uno de los sospechosos arrestados estuvo presente durante los ataques en Par\u00eds el d\u00eda anterior o si los tres formaban parte de otro equipo de militantes que logr\u00f3 huir de los lugares asediados.<\/p>\n<p style=\"text-align: justify;\"><strong>\u00bfDe d\u00f3nde?<\/strong><br \/>Omar Ismail Mostefai proven\u00eda de la localidad de Courcouronnes, a unos 25 kil\u00f3metros al oeste de Par\u00eds.<br \/>Los servicios de seguridad hab\u00edan detectado que el hombre se hab\u00eda radicalizado, aunque no se hab\u00eda vinculado con ninguna investigaci\u00f3n terrorista.<br \/>El padre y el hermano de Mostefai fueron detenidos por la polic\u00eda y sus viviendas fueron registradas.<br \/>El hermano mayor del joven de 29 a\u00f1os acudi\u00f3 voluntariamente a la polic\u00eda.<\/p>\n<p style=\"text-align: justify;\">Mientras, junto al cuerpo de uno de los atacantes suicidas, cerca del estadio Stade de France, se encontr\u00f3 un pasaporte sirio.<br \/>Las autoridades griegas confirmaron que el n\u00famero de pasaporte coincid\u00eda con el de un refugiado sirio que cruz\u00f3 a Europa por la isla de Leros hace unas semanas, aunque el gobierno heleno aclar\u00f3 que el atacante tambi\u00e9n podr\u00eda haber robado o comprado el documento en otro lugar.<br \/>Las autoridades griegas creen que un segundo sospechoso pudo haber llegado al continente a trav\u00e9s de ese pa\u00eds.<br \/>Adem\u00e1s, junto a otro de los atacantes se encontr\u00f3 un pasaporte egipcio, seg\u00fan la agencia de noticias Reuters.<\/p>\n<p style=\"text-align: justify;\"><strong>\u00bfC\u00f3mo llevaron a cabo los ataques?<\/strong><br \/>Las autoridades francesas creen que &#8220;probablemente&#8221; se organizaron en tres equipos para perpetrar los atentados.<br \/>Todos estaban fuertemente armados con rifles de asalto Kalashnikov o AK47 y al menos siete de ellos -los muertos en el ataque- llevaban cinturones con explosivos.<\/p>\n<p style=\"text-align: justify;\">La Fiscal\u00eda francesa asegur\u00f3 que por el momento las investigaciones se encuentran en su fase inicial.<\/p>\n<p style=\"text-align: justify;\">Pero buena parte est\u00e1 centr\u00e1ndose en dos veh\u00edculos: un Seat negro usado por atacantes en dos de los atentados en el que se encontraron varias armas.<br \/>El otro, un Volkswagen Polo con matr\u00edcula belga que se encontr\u00f3 cerca de la sala de conciertos Le Bataclan, donde se produjo la masacre con m\u00e1s v\u00edctimas mortales.<br \/>La fiscal\u00eda de Par\u00eds asegura que el auto fue alquilado por un ciudadano franc\u00e9s residente en B\u00e9lgica.<br \/>Este mismo hombre fue visto manejando otro veh\u00edculo junto a dos personas m\u00e1s el s\u00e1bado en la ma\u00f1ana, mientras cruzaba la frontera con B\u00e9lgica<\/p>\n<p style=\"text-align: justify;\"><strong>\u00bfTen\u00edan otros objetivos?<\/strong><br \/>Al menos uno de los atacantes que se suicid\u00f3 junto al estadio de Par\u00eds ten\u00eda una entrada para asistir al partido entre Francia y Alemania, donde se concentraban 80.000 espectadores, seg\u00fan el diario The Wall Street Journal, que cita a uno de los guardias de seguridad del recinto.<br \/>De acuerdo al diario estadounidense, mientras le revisaban a la entrada de la cancha, la custodia del Stade de France encontr\u00f3 que vest\u00eda un cintur\u00f3n con explosivos.<\/p>\n<p style=\"text-align: justify;\">El objetivo, seg\u00fan el diario, podr\u00eda haber sido causar una explosi\u00f3n en el interior del estadio, donde se encontraba el presidente franc\u00e9s Fran\u00e7ois Holande, provocando despu\u00e9s una masiva estampida.<br \/>El atacante hizo estallar su carga mientras los guardias intentaban retirarle del Stade de France, aunque no est\u00e1 claro cu\u00e1nta gente muri\u00f3 en esa explosi\u00f3n.<br \/>Por otro lado, una alerta este s\u00e1bado en el hotel Pullman de Paris despu\u00e9s de que un turista creyera ver algo sospechoso result\u00f3 ser una falsa alarma, seg\u00fan el ministerio del Interior franc\u00e9s.<\/p>\n<p style=\"text-align: justify;\">&nbsp;<\/p>\n<p>Fuente: BBC<\/p>\n","protected":false},"excerpt":{"rendered":"<p>Una amplia red policial se extiende desde Grecia hasta los populosos barrios parisinos para identificar a los autores de los ataques realizados, el pasado viernes, en Par\u00eds que causaron la muerte de al menos 129 personas y dejaron m\u00e1s de 350 heridos.En Francia, las autoridades descubrieron varios fusiles Kalashnikov en un auto abandonado que se [&hellip;]<\/p>\n","protected":false},"author":29,"featured_media":18520,"comment_status":"open","ping_status":"open","sticky":false,"template":"","format":"standard","meta":{"footnotes":""},"categories":[1],"tags":[],"class_list":["post-18521","post","type-post","status-publish","format-standard","has-post-thumbnail","hentry","category-sin-categoria"],"yoast_head":"<!-- This site is optimized with the Yoast SEO plugin v27.1.1 - https:\/\/yoast.com\/product\/yoast-seo-wordpress\/ -->\n<title>Identificados los autores de los m\u00faltiples ataques en Par\u00eds | P\u00e1gina10<\/title>\n<meta name=\"robots\" content=\"index, follow, max-snippet:-1, max-image-preview:large, max-video-preview:-1\" \/>\n<link rel=\"canonical\" href=\"https:\/\/pagina10.com\/web\/identificados-los-autores-de-los-multiples-ataques-en-paris\/\" \/>\n<meta property=\"og:locale\" content=\"es_ES\" \/>\n<meta property=\"og:type\" content=\"article\" \/>\n<meta property=\"og:title\" content=\"Identificados los autores de los m\u00faltiples ataques en Par\u00eds | P\u00e1gina10\" \/>\n<meta property=\"og:description\" content=\"Una amplia red policial se extiende desde Grecia hasta los populosos barrios parisinos para identificar a los autores de los ataques realizados, el pasado viernes, en Par\u00eds que causaron la muerte de al menos 129 personas y dejaron m\u00e1s de 350 heridos.En Francia, las autoridades descubrieron varios fusiles Kalashnikov en un auto abandonado que se [&hellip;]\" \/>\n<meta property=\"og:url\" content=\"https:\/\/pagina10.com\/web\/identificados-los-autores-de-los-multiples-ataques-en-paris\/\" \/>\n<meta property=\"og:site_name\" content=\"P\u00e1gina10\" \/>\n<meta property=\"article:publisher\" content=\"https:\/\/www.facebook.com\/pag10com\" \/>\n<meta property=\"article:published_time\" content=\"2015-11-15T14:32:20+00:00\" \/>\n<meta property=\"og:image\" content=\"https:\/\/pagina10.com\/web\/wp-content\/uploads\/2015\/11\/559665331fc373a7ba167c357f23ca7e.jpg\" \/>\n\t<meta property=\"og:image:width\" content=\"624\" \/>\n\t<meta property=\"og:image:height\" content=\"351\" \/>\n\t<meta property=\"og:image:type\" content=\"image\/jpeg\" \/>\n<meta name=\"author\" content=\"P\u00e1gina 10\" \/>\n<meta name=\"twitter:card\" content=\"summary_large_image\" \/>\n<meta name=\"twitter:creator\" content=\"@Pag10com\" \/>\n<meta name=\"twitter:site\" content=\"@Pag10com\" \/>\n<meta name=\"twitter:label1\" content=\"Escrito por\" \/>\n\t<meta name=\"twitter:data1\" content=\"P\u00e1gina 10\" \/>\n\t<meta name=\"twitter:label2\" content=\"Tiempo de lectura\" \/>\n\t<meta name=\"twitter:data2\" content=\"5 minutos\" \/>\n<script type=\"application\/ld+json\" class=\"yoast-schema-graph\">{\"@context\":\"https:\/\/schema.org\",\"@graph\":[{\"@type\":\"Article\",\"@id\":\"https:\/\/pagina10.com\/web\/identificados-los-autores-de-los-multiples-ataques-en-paris\/#article\",\"isPartOf\":{\"@id\":\"https:\/\/pagina10.com\/web\/identificados-los-autores-de-los-multiples-ataques-en-paris\/\"},\"author\":{\"name\":\"P\u00e1gina 10\",\"@id\":\"https:\/\/pagina10.com\/web\/#\/schema\/person\/a7a5d38f0629dfc107f619fbae4f6cc3\"},\"headline\":\"Identificados los autores de los m\u00faltiples ataques en Par\u00eds\",\"datePublished\":\"2015-11-15T14:32:20+00:00\",\"mainEntityOfPage\":{\"@id\":\"https:\/\/pagina10.com\/web\/identificados-los-autores-de-los-multiples-ataques-en-paris\/\"},\"wordCount\":1067,\"commentCount\":0,\"publisher\":{\"@id\":\"https:\/\/pagina10.com\/web\/#organization\"},\"image\":{\"@id\":\"https:\/\/pagina10.com\/web\/identificados-los-autores-de-los-multiples-ataques-en-paris\/#primaryimage\"},\"thumbnailUrl\":\"https:\/\/pagina10.com\/web\/wp-content\/uploads\/2015\/11\/559665331fc373a7ba167c357f23ca7e.jpg\",\"inLanguage\":\"es\",\"potentialAction\":[{\"@type\":\"CommentAction\",\"name\":\"Comment\",\"target\":[\"https:\/\/pagina10.com\/web\/identificados-los-autores-de-los-multiples-ataques-en-paris\/#respond\"]}]},{\"@type\":\"WebPage\",\"@id\":\"https:\/\/pagina10.com\/web\/identificados-los-autores-de-los-multiples-ataques-en-paris\/\",\"url\":\"https:\/\/pagina10.com\/web\/identificados-los-autores-de-los-multiples-ataques-en-paris\/\",\"name\":\"Identificados los autores de los m\u00faltiples ataques en Par\u00eds | P\u00e1gina10\",\"isPartOf\":{\"@id\":\"https:\/\/pagina10.com\/web\/#website\"},\"primaryImageOfPage\":{\"@id\":\"https:\/\/pagina10.com\/web\/identificados-los-autores-de-los-multiples-ataques-en-paris\/#primaryimage\"},\"image\":{\"@id\":\"https:\/\/pagina10.com\/web\/identificados-los-autores-de-los-multiples-ataques-en-paris\/#primaryimage\"},\"thumbnailUrl\":\"https:\/\/pagina10.com\/web\/wp-content\/uploads\/2015\/11\/559665331fc373a7ba167c357f23ca7e.jpg\",\"datePublished\":\"2015-11-15T14:32:20+00:00\",\"breadcrumb\":{\"@id\":\"https:\/\/pagina10.com\/web\/identificados-los-autores-de-los-multiples-ataques-en-paris\/#breadcrumb\"},\"inLanguage\":\"es\",\"potentialAction\":[{\"@type\":\"ReadAction\",\"target\":[\"https:\/\/pagina10.com\/web\/identificados-los-autores-de-los-multiples-ataques-en-paris\/\"]}]},{\"@type\":\"ImageObject\",\"inLanguage\":\"es\",\"@id\":\"https:\/\/pagina10.com\/web\/identificados-los-autores-de-los-multiples-ataques-en-paris\/#primaryimage\",\"url\":\"https:\/\/pagina10.com\/web\/wp-content\/uploads\/2015\/11\/559665331fc373a7ba167c357f23ca7e.jpg\",\"contentUrl\":\"https:\/\/pagina10.com\/web\/wp-content\/uploads\/2015\/11\/559665331fc373a7ba167c357f23ca7e.jpg\",\"width\":624,\"height\":351},{\"@type\":\"BreadcrumbList\",\"@id\":\"https:\/\/pagina10.com\/web\/identificados-los-autores-de-los-multiples-ataques-en-paris\/#breadcrumb\",\"itemListElement\":[{\"@type\":\"ListItem\",\"position\":1,\"name\":\"Portada\",\"item\":\"https:\/\/pagina10.com\/web\/\"},{\"@type\":\"ListItem\",\"position\":2,\"name\":\"Identificados los autores de los m\u00faltiples ataques en Par\u00eds\"}]},{\"@type\":\"WebSite\",\"@id\":\"https:\/\/pagina10.com\/web\/#website\",\"url\":\"https:\/\/pagina10.com\/web\/\",\"name\":\"P\u00e1gina10\",\"description\":\"Peri\u00f3dico Regional\",\"publisher\":{\"@id\":\"https:\/\/pagina10.com\/web\/#organization\"},\"alternateName\":\"P\u00e1gina10 Peri\u00f3dico Regional\",\"potentialAction\":[{\"@type\":\"SearchAction\",\"target\":{\"@type\":\"EntryPoint\",\"urlTemplate\":\"https:\/\/pagina10.com\/web\/?s={search_term_string}\"},\"query-input\":{\"@type\":\"PropertyValueSpecification\",\"valueRequired\":true,\"valueName\":\"search_term_string\"}}],\"inLanguage\":\"es\"},{\"@type\":\"Organization\",\"@id\":\"https:\/\/pagina10.com\/web\/#organization\",\"name\":\"P\u00e1gina10\",\"alternateName\":\"P\u00e1gina10 Peri\u00f3dico Regional\",\"url\":\"https:\/\/pagina10.com\/web\/\",\"logo\":{\"@type\":\"ImageObject\",\"inLanguage\":\"es\",\"@id\":\"https:\/\/pagina10.com\/web\/#\/schema\/logo\/image\/\",\"url\":\"https:\/\/pagina10.com\/web\/wp-content\/uploads\/2024\/01\/40-pagina-10-periodico-regional-pasto.jpg\",\"contentUrl\":\"https:\/\/pagina10.com\/web\/wp-content\/uploads\/2024\/01\/40-pagina-10-periodico-regional-pasto.jpg\",\"width\":1280,\"height\":720,\"caption\":\"P\u00e1gina10\"},\"image\":{\"@id\":\"https:\/\/pagina10.com\/web\/#\/schema\/logo\/image\/\"},\"sameAs\":[\"https:\/\/www.facebook.com\/pag10com\",\"https:\/\/x.com\/Pag10com\",\"https:\/\/www.instagram.com\/pagina10col\/\",\"https:\/\/youtube.com\/channel\/pag10\",\"https:\/\/www.tiktok.com\/@p10col\"]},{\"@type\":\"Person\",\"@id\":\"https:\/\/pagina10.com\/web\/#\/schema\/person\/a7a5d38f0629dfc107f619fbae4f6cc3\",\"name\":\"P\u00e1gina 10\",\"description\":\"P\u00e1gina10.com es un peri\u00f3dico digital que nace en Colombia, en el departamento de Nari\u00f1o, con un enfoque global, fundamentado en cuatro pilares esenciales: la libertad, el pluralismo, la inclusi\u00f3n y la independencia. P\u00e1gina10.com hace referencia a Nari\u00f1o como el d\u00e9cimo departamento creado en Colombia, despu\u00e9s de un proceso pol\u00edtico liderado por actores y actrices regionales con el fin de obtener la independencia y autonom\u00eda de nuestros territorios. Con la creaci\u00f3n de P\u00e1gina10.com se pretende abrir un escenario para el dialogo, la reflexi\u00f3n y el debate que se extienda a otras geograf\u00edas de Am\u00e9rica Latina y del planeta, en una apuesta por transformar colectivamente los desaf\u00edos de un mundo contempor\u00e1neo, m\u00e1s all\u00e1 de las fronteras impuestas.\",\"url\":\"https:\/\/pagina10.com\/web\/author\/mcepeda\/\"}]}<\/script>\n<!-- \/ Yoast SEO plugin. -->","yoast_head_json":{"title":"Identificados los autores de los m\u00faltiples ataques en Par\u00eds | P\u00e1gina10","robots":{"index":"index","follow":"follow","max-snippet":"max-snippet:-1","max-image-preview":"max-image-preview:large","max-video-preview":"max-video-preview:-1"},"canonical":"https:\/\/pagina10.com\/web\/identificados-los-autores-de-los-multiples-ataques-en-paris\/","og_locale":"es_ES","og_type":"article","og_title":"Identificados los autores de los m\u00faltiples ataques en Par\u00eds | P\u00e1gina10","og_description":"Una amplia red policial se extiende desde Grecia hasta los populosos barrios parisinos para identificar a los autores de los ataques realizados, el pasado viernes, en Par\u00eds que causaron la muerte de al menos 129 personas y dejaron m\u00e1s de 350 heridos.En Francia, las autoridades descubrieron varios fusiles Kalashnikov en un auto abandonado que se [&hellip;]","og_url":"https:\/\/pagina10.com\/web\/identificados-los-autores-de-los-multiples-ataques-en-paris\/","og_site_name":"P\u00e1gina10","article_publisher":"https:\/\/www.facebook.com\/pag10com","article_published_time":"2015-11-15T14:32:20+00:00","og_image":[{"width":624,"height":351,"url":"https:\/\/pagina10.com\/web\/wp-content\/uploads\/2015\/11\/559665331fc373a7ba167c357f23ca7e.jpg","type":"image\/jpeg"}],"author":"P\u00e1gina 10","twitter_card":"summary_large_image","twitter_creator":"@Pag10com","twitter_site":"@Pag10com","twitter_misc":{"Escrito por":"P\u00e1gina 10","Tiempo de lectura":"5 minutos"},"schema":{"@context":"https:\/\/schema.org","@graph":[{"@type":"Article","@id":"https:\/\/pagina10.com\/web\/identificados-los-autores-de-los-multiples-ataques-en-paris\/#article","isPartOf":{"@id":"https:\/\/pagina10.com\/web\/identificados-los-autores-de-los-multiples-ataques-en-paris\/"},"author":{"name":"P\u00e1gina 10","@id":"https:\/\/pagina10.com\/web\/#\/schema\/person\/a7a5d38f0629dfc107f619fbae4f6cc3"},"headline":"Identificados los autores de los m\u00faltiples ataques en Par\u00eds","datePublished":"2015-11-15T14:32:20+00:00","mainEntityOfPage":{"@id":"https:\/\/pagina10.com\/web\/identificados-los-autores-de-los-multiples-ataques-en-paris\/"},"wordCount":1067,"commentCount":0,"publisher":{"@id":"https:\/\/pagina10.com\/web\/#organization"},"image":{"@id":"https:\/\/pagina10.com\/web\/identificados-los-autores-de-los-multiples-ataques-en-paris\/#primaryimage"},"thumbnailUrl":"https:\/\/pagina10.com\/web\/wp-content\/uploads\/2015\/11\/559665331fc373a7ba167c357f23ca7e.jpg","inLanguage":"es","potentialAction":[{"@type":"CommentAction","name":"Comment","target":["https:\/\/pagina10.com\/web\/identificados-los-autores-de-los-multiples-ataques-en-paris\/#respond"]}]},{"@type":"WebPage","@id":"https:\/\/pagina10.com\/web\/identificados-los-autores-de-los-multiples-ataques-en-paris\/","url":"https:\/\/pagina10.com\/web\/identificados-los-autores-de-los-multiples-ataques-en-paris\/","name":"Identificados los autores de los m\u00faltiples ataques en Par\u00eds | P\u00e1gina10","isPartOf":{"@id":"https:\/\/pagina10.com\/web\/#website"},"primaryImageOfPage":{"@id":"https:\/\/pagina10.com\/web\/identificados-los-autores-de-los-multiples-ataques-en-paris\/#primaryimage"},"image":{"@id":"https:\/\/pagina10.com\/web\/identificados-los-autores-de-los-multiples-ataques-en-paris\/#primaryimage"},"thumbnailUrl":"https:\/\/pagina10.com\/web\/wp-content\/uploads\/2015\/11\/559665331fc373a7ba167c357f23ca7e.jpg","datePublished":"2015-11-15T14:32:20+00:00","breadcrumb":{"@id":"https:\/\/pagina10.com\/web\/identificados-los-autores-de-los-multiples-ataques-en-paris\/#breadcrumb"},"inLanguage":"es","potentialAction":[{"@type":"ReadAction","target":["https:\/\/pagina10.com\/web\/identificados-los-autores-de-los-multiples-ataques-en-paris\/"]}]},{"@type":"ImageObject","inLanguage":"es","@id":"https:\/\/pagina10.com\/web\/identificados-los-autores-de-los-multiples-ataques-en-paris\/#primaryimage","url":"https:\/\/pagina10.com\/web\/wp-content\/uploads\/2015\/11\/559665331fc373a7ba167c357f23ca7e.jpg","contentUrl":"https:\/\/pagina10.com\/web\/wp-content\/uploads\/2015\/11\/559665331fc373a7ba167c357f23ca7e.jpg","width":624,"height":351},{"@type":"BreadcrumbList","@id":"https:\/\/pagina10.com\/web\/identificados-los-autores-de-los-multiples-ataques-en-paris\/#breadcrumb","itemListElement":[{"@type":"ListItem","position":1,"name":"Portada","item":"https:\/\/pagina10.com\/web\/"},{"@type":"ListItem","position":2,"name":"Identificados los autores de los m\u00faltiples ataques en Par\u00eds"}]},{"@type":"WebSite","@id":"https:\/\/pagina10.com\/web\/#website","url":"https:\/\/pagina10.com\/web\/","name":"P\u00e1gina10","description":"Peri\u00f3dico Regional","publisher":{"@id":"https:\/\/pagina10.com\/web\/#organization"},"alternateName":"P\u00e1gina10 Peri\u00f3dico Regional","potentialAction":[{"@type":"SearchAction","target":{"@type":"EntryPoint","urlTemplate":"https:\/\/pagina10.com\/web\/?s={search_term_string}"},"query-input":{"@type":"PropertyValueSpecification","valueRequired":true,"valueName":"search_term_string"}}],"inLanguage":"es"},{"@type":"Organization","@id":"https:\/\/pagina10.com\/web\/#organization","name":"P\u00e1gina10","alternateName":"P\u00e1gina10 Peri\u00f3dico Regional","url":"https:\/\/pagina10.com\/web\/","logo":{"@type":"ImageObject","inLanguage":"es","@id":"https:\/\/pagina10.com\/web\/#\/schema\/logo\/image\/","url":"https:\/\/pagina10.com\/web\/wp-content\/uploads\/2024\/01\/40-pagina-10-periodico-regional-pasto.jpg","contentUrl":"https:\/\/pagina10.com\/web\/wp-content\/uploads\/2024\/01\/40-pagina-10-periodico-regional-pasto.jpg","width":1280,"height":720,"caption":"P\u00e1gina10"},"image":{"@id":"https:\/\/pagina10.com\/web\/#\/schema\/logo\/image\/"},"sameAs":["https:\/\/www.facebook.com\/pag10com","https:\/\/x.com\/Pag10com","https:\/\/www.instagram.com\/pagina10col\/","https:\/\/youtube.com\/channel\/pag10","https:\/\/www.tiktok.com\/@p10col"]},{"@type":"Person","@id":"https:\/\/pagina10.com\/web\/#\/schema\/person\/a7a5d38f0629dfc107f619fbae4f6cc3","name":"P\u00e1gina 10","description":"P\u00e1gina10.com es un peri\u00f3dico digital que nace en Colombia, en el departamento de Nari\u00f1o, con un enfoque global, fundamentado en cuatro pilares esenciales: la libertad, el pluralismo, la inclusi\u00f3n y la independencia. P\u00e1gina10.com hace referencia a Nari\u00f1o como el d\u00e9cimo departamento creado en Colombia, despu\u00e9s de un proceso pol\u00edtico liderado por actores y actrices regionales con el fin de obtener la independencia y autonom\u00eda de nuestros territorios. Con la creaci\u00f3n de P\u00e1gina10.com se pretende abrir un escenario para el dialogo, la reflexi\u00f3n y el debate que se extienda a otras geograf\u00edas de Am\u00e9rica Latina y del planeta, en una apuesta por transformar colectivamente los desaf\u00edos de un mundo contempor\u00e1neo, m\u00e1s all\u00e1 de las fronteras impuestas.","url":"https:\/\/pagina10.com\/web\/author\/mcepeda\/"}]}},"_links":{"self":[{"href":"https:\/\/pagina10.com\/web\/wp-json\/wp\/v2\/posts\/18521","targetHints":{"allow":["GET"]}}],"collection":[{"href":"https:\/\/pagina10.com\/web\/wp-json\/wp\/v2\/posts"}],"about":[{"href":"https:\/\/pagina10.com\/web\/wp-json\/wp\/v2\/types\/post"}],"author":[{"embeddable":true,"href":"https:\/\/pagina10.com\/web\/wp-json\/wp\/v2\/users\/29"}],"replies":[{"embeddable":true,"href":"https:\/\/pagina10.com\/web\/wp-json\/wp\/v2\/comments?post=18521"}],"version-history":[{"count":0,"href":"https:\/\/pagina10.com\/web\/wp-json\/wp\/v2\/posts\/18521\/revisions"}],"wp:featuredmedia":[{"embeddable":true,"href":"https:\/\/pagina10.com\/web\/wp-json\/wp\/v2\/media\/18520"}],"wp:attachment":[{"href":"https:\/\/pagina10.com\/web\/wp-json\/wp\/v2\/media?parent=18521"}],"wp:term":[{"taxonomy":"category","embeddable":true,"href":"https:\/\/pagina10.com\/web\/wp-json\/wp\/v2\/categories?post=18521"},{"taxonomy":"post_tag","embeddable":true,"href":"https:\/\/pagina10.com\/web\/wp-json\/wp\/v2\/tags?post=18521"}],"curies":[{"name":"wp","href":"https:\/\/api.w.org\/{rel}","templated":true}]}}