{"id":18525,"date":"2015-11-15T14:37:48","date_gmt":"2015-11-15T14:37:48","guid":{"rendered":"https:\/\/pagina10.com\/web\/sin-cal-ni-espuma-carnaval\/"},"modified":"2015-11-15T14:37:48","modified_gmt":"2015-11-15T14:37:48","slug":"sin-cal-ni-espuma-carnaval","status":"publish","type":"post","link":"https:\/\/pagina10.com\/web\/sin-cal-ni-espuma-carnaval\/","title":{"rendered":"Sin cal ni espuma carnaval"},"content":{"rendered":"<p><img fetchpriority=\"high\" decoding=\"async\" class=\" size-full wp-image-18524\" src=\"https:\/\/pagina10.com\/web\/wp-content\/uploads\/2015\/11\/45db9bd09a1127c58e7f64772cdf87d0.jpg\" alt=\"\" width=\"851\" height=\"571\" srcset=\"https:\/\/pagina10.com\/web\/wp-content\/uploads\/2015\/11\/45db9bd09a1127c58e7f64772cdf87d0.jpg 851w, https:\/\/pagina10.com\/web\/wp-content\/uploads\/2015\/11\/45db9bd09a1127c58e7f64772cdf87d0-300x201.jpg 300w, https:\/\/pagina10.com\/web\/wp-content\/uploads\/2015\/11\/45db9bd09a1127c58e7f64772cdf87d0-768x515.jpg 768w\" sizes=\"(max-width: 851px) 100vw, 851px\" \/><\/p>\n<p style=\"text-align: justify;\">&nbsp;Por: Alberto Quintero Arturo<\/p>\n<p style=\"text-align: justify;\">Hace d\u00edas venimos hablando de la fiesta cultural m\u00e1s importante del sur de Colombia, el carnaval de negros y blancos, acontecimiento que hoy se realiza no solamente en San Juan de Pasto, sino tambi\u00e9n en otras latitudes del departamento de Nari\u00f1o.&nbsp;<\/p>\n<p style=\"text-align: justify;\">&nbsp;<\/p>\n<p style=\"text-align: justify;\">Este es el tema que nos ocupa nuevamente, precisamente porque much\u00edsima gente de nuestra querida ciudad manifiesta su descontento por la forma en que se juega en el carnaval de negros y blancos en estos \u00faltimos a\u00f1os, denotando que se ha desdibujado la esencia como se jugaba en a\u00f1os anteriores.&nbsp;<\/p>\n<p style=\"text-align: justify;\">&nbsp;<\/p>\n<p style=\"text-align: justify;\">Veamos: En nuestros d\u00edas se juega con cal que venden por bultos en las calles y la gente con improvisadas bazucas de PVC agrede a la gente a su antojo. La espuma carnaval (carioca) elemento intruso que no pertenece a nuestro carnaval no solamente destruye la capa de ozono, causando inimaginables consecuencias ambientales que adem\u00e1s producen c\u00e1ncer en la piel, sino que facilita al maleante atracar al ciudadano que acude a nuestra maga fiesta cultural.&nbsp;<\/p>\n<p style=\"text-align: justify;\">&nbsp;<\/p>\n<p style=\"text-align: justify;\">El d\u00eda de negros debe ser \u00fanicamente de negros y el d\u00eda de bancos solamente de blancos. \u00bfEstamos permitiendo se pierda la identidad de nuestro carnaval? \u00a1El carnaval se llama de negros y blancos!; eso es lo que caracteriza la identidad de nuestro carnaval, la que lo hace diferente a todos los carnavales del mundo.&nbsp;<\/p>\n<p style=\"text-align: justify;\">&nbsp;<\/p>\n<p style=\"text-align: justify;\">Rescatemos el carnaval entre todos los ciudadanos, ese es un compromiso que debemos asumir absolutamente todas las personas que habitamos, vivimos en Pasto; al mismo tiempo indicarle al turista la manera correcta de jugar y disfrutar el carnaval.&nbsp;<\/p>\n<p style=\"text-align: justify;\">&nbsp;<\/p>\n<p style=\"text-align: justify;\">Por otro lado las autoridades deben reglamentar el uso de estos elementos nocivos al carnaval y el medio ambiente, pues hay nuevas tradiciones intrusas y sofocantes que destruyen nuestra identidad cultural.&nbsp;<\/p>\n<p style=\"text-align: justify;\">&nbsp;<\/p>\n<p style=\"text-align: justify;\">Este tema entre otros, como la incidencia de la m\u00e1scara en el carnaval, los tablados, las orquestas, los artesanos cultores del carnaval, la incidencia econ\u00f3mica, etc, tocaremos en el TERCER FORO REFLEXIONES DE CARNAVAL que tendr\u00e1 lugar el pr\u00f3ximo mi\u00e9rcoles 18 de noviembre a partir de las 2 de la tarde en la C\u00e1mara de Comercio de Pasto.<\/p>\n<p style=\"text-align: justify;\">&nbsp;<\/p>\n<p style=\"text-align: justify;\">En este importante evento igualmente se hablar\u00e1 de la cultura ciudadana que debemos adoptar en el carnaval; sin cal ni espuma carnaval, precisamente para salvaguardar esa declaratoria de nuestro patrimonio cultural de la humanidad que la estamos poniendo en riesgo con el equivocado comportamiento actual.&nbsp;<\/p>\n<p style=\"text-align: justify;\">&nbsp;<\/p>\n<p style=\"text-align: justify;\">Est\u00e1n invitadas la ciudadan\u00eda en general, y especialmente las autoridades a todo nivel, esperamos nos acompa\u00f1en y escuchen las inquietudes y propuestas que hacemos la ciudadan\u00eda sensible a rescatar nuestro carnaval.<\/p>\n","protected":false},"excerpt":{"rendered":"<p>&nbsp;Por: Alberto Quintero Arturo Hace d\u00edas venimos hablando de la fiesta cultural m\u00e1s importante del sur de Colombia, el carnaval de negros y blancos, acontecimiento que hoy se realiza no solamente en San Juan de Pasto, sino tambi\u00e9n en otras latitudes del departamento de Nari\u00f1o.&nbsp; &nbsp; Este es el tema que nos ocupa nuevamente, precisamente [&hellip;]<\/p>\n","protected":false},"author":15,"featured_media":18524,"comment_status":"open","ping_status":"open","sticky":false,"template":"","format":"standard","meta":{"footnotes":""},"categories":[1],"tags":[],"class_list":["post-18525","post","type-post","status-publish","format-standard","has-post-thumbnail","hentry","category-sin-categoria"],"yoast_head":"<!-- This site is optimized with the Yoast SEO plugin v27.1.1 - https:\/\/yoast.com\/product\/yoast-seo-wordpress\/ -->\n<title>Sin cal ni espuma carnaval | P\u00e1gina10<\/title>\n<meta name=\"robots\" content=\"index, follow, max-snippet:-1, max-image-preview:large, max-video-preview:-1\" \/>\n<link rel=\"canonical\" href=\"https:\/\/pagina10.com\/web\/sin-cal-ni-espuma-carnaval\/\" \/>\n<meta property=\"og:locale\" content=\"es_ES\" \/>\n<meta property=\"og:type\" content=\"article\" \/>\n<meta property=\"og:title\" content=\"Sin cal ni espuma carnaval | P\u00e1gina10\" \/>\n<meta property=\"og:description\" content=\"&nbsp;Por: Alberto Quintero Arturo Hace d\u00edas venimos hablando de la fiesta cultural m\u00e1s importante del sur de Colombia, el carnaval de negros y blancos, acontecimiento que hoy se realiza no solamente en San Juan de Pasto, sino tambi\u00e9n en otras latitudes del departamento de Nari\u00f1o.&nbsp; &nbsp; Este es el tema que nos ocupa nuevamente, precisamente [&hellip;]\" \/>\n<meta property=\"og:url\" content=\"https:\/\/pagina10.com\/web\/sin-cal-ni-espuma-carnaval\/\" \/>\n<meta property=\"og:site_name\" content=\"P\u00e1gina10\" \/>\n<meta property=\"article:publisher\" content=\"https:\/\/www.facebook.com\/pag10com\" \/>\n<meta property=\"article:published_time\" content=\"2015-11-15T14:37:48+00:00\" \/>\n<meta property=\"og:image\" content=\"https:\/\/pagina10.com\/web\/wp-content\/uploads\/2015\/11\/45db9bd09a1127c58e7f64772cdf87d0.jpg\" \/>\n\t<meta property=\"og:image:width\" content=\"851\" \/>\n\t<meta property=\"og:image:height\" content=\"571\" \/>\n\t<meta property=\"og:image:type\" content=\"image\/jpeg\" \/>\n<meta name=\"author\" content=\"Columnista Invitado\" \/>\n<meta name=\"twitter:card\" content=\"summary_large_image\" \/>\n<meta name=\"twitter:creator\" content=\"@Pag10com\" \/>\n<meta name=\"twitter:site\" content=\"@Pag10com\" \/>\n<meta name=\"twitter:label1\" content=\"Escrito por\" \/>\n\t<meta name=\"twitter:data1\" content=\"Columnista Invitado\" \/>\n\t<meta name=\"twitter:label2\" content=\"Tiempo de lectura\" \/>\n\t<meta name=\"twitter:data2\" content=\"2 minutos\" \/>\n<script type=\"application\/ld+json\" class=\"yoast-schema-graph\">{\"@context\":\"https:\/\/schema.org\",\"@graph\":[{\"@type\":\"Article\",\"@id\":\"https:\/\/pagina10.com\/web\/sin-cal-ni-espuma-carnaval\/#article\",\"isPartOf\":{\"@id\":\"https:\/\/pagina10.com\/web\/sin-cal-ni-espuma-carnaval\/\"},\"author\":{\"name\":\"Columnista Invitado\",\"@id\":\"https:\/\/pagina10.com\/web\/#\/schema\/person\/21249ac8e46fa849c3df7b78feed163e\"},\"headline\":\"Sin cal ni espuma carnaval\",\"datePublished\":\"2015-11-15T14:37:48+00:00\",\"mainEntityOfPage\":{\"@id\":\"https:\/\/pagina10.com\/web\/sin-cal-ni-espuma-carnaval\/\"},\"wordCount\":468,\"commentCount\":0,\"publisher\":{\"@id\":\"https:\/\/pagina10.com\/web\/#organization\"},\"image\":{\"@id\":\"https:\/\/pagina10.com\/web\/sin-cal-ni-espuma-carnaval\/#primaryimage\"},\"thumbnailUrl\":\"https:\/\/pagina10.com\/web\/wp-content\/uploads\/2015\/11\/45db9bd09a1127c58e7f64772cdf87d0.jpg\",\"inLanguage\":\"es\",\"potentialAction\":[{\"@type\":\"CommentAction\",\"name\":\"Comment\",\"target\":[\"https:\/\/pagina10.com\/web\/sin-cal-ni-espuma-carnaval\/#respond\"]}]},{\"@type\":\"WebPage\",\"@id\":\"https:\/\/pagina10.com\/web\/sin-cal-ni-espuma-carnaval\/\",\"url\":\"https:\/\/pagina10.com\/web\/sin-cal-ni-espuma-carnaval\/\",\"name\":\"Sin cal ni espuma carnaval | P\u00e1gina10\",\"isPartOf\":{\"@id\":\"https:\/\/pagina10.com\/web\/#website\"},\"primaryImageOfPage\":{\"@id\":\"https:\/\/pagina10.com\/web\/sin-cal-ni-espuma-carnaval\/#primaryimage\"},\"image\":{\"@id\":\"https:\/\/pagina10.com\/web\/sin-cal-ni-espuma-carnaval\/#primaryimage\"},\"thumbnailUrl\":\"https:\/\/pagina10.com\/web\/wp-content\/uploads\/2015\/11\/45db9bd09a1127c58e7f64772cdf87d0.jpg\",\"datePublished\":\"2015-11-15T14:37:48+00:00\",\"breadcrumb\":{\"@id\":\"https:\/\/pagina10.com\/web\/sin-cal-ni-espuma-carnaval\/#breadcrumb\"},\"inLanguage\":\"es\",\"potentialAction\":[{\"@type\":\"ReadAction\",\"target\":[\"https:\/\/pagina10.com\/web\/sin-cal-ni-espuma-carnaval\/\"]}]},{\"@type\":\"ImageObject\",\"inLanguage\":\"es\",\"@id\":\"https:\/\/pagina10.com\/web\/sin-cal-ni-espuma-carnaval\/#primaryimage\",\"url\":\"https:\/\/pagina10.com\/web\/wp-content\/uploads\/2015\/11\/45db9bd09a1127c58e7f64772cdf87d0.jpg\",\"contentUrl\":\"https:\/\/pagina10.com\/web\/wp-content\/uploads\/2015\/11\/45db9bd09a1127c58e7f64772cdf87d0.jpg\",\"width\":851,\"height\":571},{\"@type\":\"BreadcrumbList\",\"@id\":\"https:\/\/pagina10.com\/web\/sin-cal-ni-espuma-carnaval\/#breadcrumb\",\"itemListElement\":[{\"@type\":\"ListItem\",\"position\":1,\"name\":\"Portada\",\"item\":\"https:\/\/pagina10.com\/web\/\"},{\"@type\":\"ListItem\",\"position\":2,\"name\":\"Sin cal ni espuma carnaval\"}]},{\"@type\":\"WebSite\",\"@id\":\"https:\/\/pagina10.com\/web\/#website\",\"url\":\"https:\/\/pagina10.com\/web\/\",\"name\":\"P\u00e1gina10\",\"description\":\"Peri\u00f3dico Regional\",\"publisher\":{\"@id\":\"https:\/\/pagina10.com\/web\/#organization\"},\"alternateName\":\"P\u00e1gina10 Peri\u00f3dico Regional\",\"potentialAction\":[{\"@type\":\"SearchAction\",\"target\":{\"@type\":\"EntryPoint\",\"urlTemplate\":\"https:\/\/pagina10.com\/web\/?s={search_term_string}\"},\"query-input\":{\"@type\":\"PropertyValueSpecification\",\"valueRequired\":true,\"valueName\":\"search_term_string\"}}],\"inLanguage\":\"es\"},{\"@type\":\"Organization\",\"@id\":\"https:\/\/pagina10.com\/web\/#organization\",\"name\":\"P\u00e1gina10\",\"alternateName\":\"P\u00e1gina10 Peri\u00f3dico Regional\",\"url\":\"https:\/\/pagina10.com\/web\/\",\"logo\":{\"@type\":\"ImageObject\",\"inLanguage\":\"es\",\"@id\":\"https:\/\/pagina10.com\/web\/#\/schema\/logo\/image\/\",\"url\":\"https:\/\/pagina10.com\/web\/wp-content\/uploads\/2024\/01\/40-pagina-10-periodico-regional-pasto.jpg\",\"contentUrl\":\"https:\/\/pagina10.com\/web\/wp-content\/uploads\/2024\/01\/40-pagina-10-periodico-regional-pasto.jpg\",\"width\":1280,\"height\":720,\"caption\":\"P\u00e1gina10\"},\"image\":{\"@id\":\"https:\/\/pagina10.com\/web\/#\/schema\/logo\/image\/\"},\"sameAs\":[\"https:\/\/www.facebook.com\/pag10com\",\"https:\/\/x.com\/Pag10com\",\"https:\/\/www.instagram.com\/pagina10col\/\",\"https:\/\/youtube.com\/channel\/pag10\",\"https:\/\/www.tiktok.com\/@p10col\"]},{\"@type\":\"Person\",\"@id\":\"https:\/\/pagina10.com\/web\/#\/schema\/person\/21249ac8e46fa849c3df7b78feed163e\",\"name\":\"Columnista Invitado\",\"url\":\"https:\/\/pagina10.com\/web\/author\/invitado\/\"}]}<\/script>\n<!-- \/ Yoast SEO plugin. -->","yoast_head_json":{"title":"Sin cal ni espuma carnaval | P\u00e1gina10","robots":{"index":"index","follow":"follow","max-snippet":"max-snippet:-1","max-image-preview":"max-image-preview:large","max-video-preview":"max-video-preview:-1"},"canonical":"https:\/\/pagina10.com\/web\/sin-cal-ni-espuma-carnaval\/","og_locale":"es_ES","og_type":"article","og_title":"Sin cal ni espuma carnaval | P\u00e1gina10","og_description":"&nbsp;Por: Alberto Quintero Arturo Hace d\u00edas venimos hablando de la fiesta cultural m\u00e1s importante del sur de Colombia, el carnaval de negros y blancos, acontecimiento que hoy se realiza no solamente en San Juan de Pasto, sino tambi\u00e9n en otras latitudes del departamento de Nari\u00f1o.&nbsp; &nbsp; Este es el tema que nos ocupa nuevamente, precisamente [&hellip;]","og_url":"https:\/\/pagina10.com\/web\/sin-cal-ni-espuma-carnaval\/","og_site_name":"P\u00e1gina10","article_publisher":"https:\/\/www.facebook.com\/pag10com","article_published_time":"2015-11-15T14:37:48+00:00","og_image":[{"width":851,"height":571,"url":"https:\/\/pagina10.com\/web\/wp-content\/uploads\/2015\/11\/45db9bd09a1127c58e7f64772cdf87d0.jpg","type":"image\/jpeg"}],"author":"Columnista Invitado","twitter_card":"summary_large_image","twitter_creator":"@Pag10com","twitter_site":"@Pag10com","twitter_misc":{"Escrito por":"Columnista Invitado","Tiempo de lectura":"2 minutos"},"schema":{"@context":"https:\/\/schema.org","@graph":[{"@type":"Article","@id":"https:\/\/pagina10.com\/web\/sin-cal-ni-espuma-carnaval\/#article","isPartOf":{"@id":"https:\/\/pagina10.com\/web\/sin-cal-ni-espuma-carnaval\/"},"author":{"name":"Columnista Invitado","@id":"https:\/\/pagina10.com\/web\/#\/schema\/person\/21249ac8e46fa849c3df7b78feed163e"},"headline":"Sin cal ni espuma carnaval","datePublished":"2015-11-15T14:37:48+00:00","mainEntityOfPage":{"@id":"https:\/\/pagina10.com\/web\/sin-cal-ni-espuma-carnaval\/"},"wordCount":468,"commentCount":0,"publisher":{"@id":"https:\/\/pagina10.com\/web\/#organization"},"image":{"@id":"https:\/\/pagina10.com\/web\/sin-cal-ni-espuma-carnaval\/#primaryimage"},"thumbnailUrl":"https:\/\/pagina10.com\/web\/wp-content\/uploads\/2015\/11\/45db9bd09a1127c58e7f64772cdf87d0.jpg","inLanguage":"es","potentialAction":[{"@type":"CommentAction","name":"Comment","target":["https:\/\/pagina10.com\/web\/sin-cal-ni-espuma-carnaval\/#respond"]}]},{"@type":"WebPage","@id":"https:\/\/pagina10.com\/web\/sin-cal-ni-espuma-carnaval\/","url":"https:\/\/pagina10.com\/web\/sin-cal-ni-espuma-carnaval\/","name":"Sin cal ni espuma carnaval | P\u00e1gina10","isPartOf":{"@id":"https:\/\/pagina10.com\/web\/#website"},"primaryImageOfPage":{"@id":"https:\/\/pagina10.com\/web\/sin-cal-ni-espuma-carnaval\/#primaryimage"},"image":{"@id":"https:\/\/pagina10.com\/web\/sin-cal-ni-espuma-carnaval\/#primaryimage"},"thumbnailUrl":"https:\/\/pagina10.com\/web\/wp-content\/uploads\/2015\/11\/45db9bd09a1127c58e7f64772cdf87d0.jpg","datePublished":"2015-11-15T14:37:48+00:00","breadcrumb":{"@id":"https:\/\/pagina10.com\/web\/sin-cal-ni-espuma-carnaval\/#breadcrumb"},"inLanguage":"es","potentialAction":[{"@type":"ReadAction","target":["https:\/\/pagina10.com\/web\/sin-cal-ni-espuma-carnaval\/"]}]},{"@type":"ImageObject","inLanguage":"es","@id":"https:\/\/pagina10.com\/web\/sin-cal-ni-espuma-carnaval\/#primaryimage","url":"https:\/\/pagina10.com\/web\/wp-content\/uploads\/2015\/11\/45db9bd09a1127c58e7f64772cdf87d0.jpg","contentUrl":"https:\/\/pagina10.com\/web\/wp-content\/uploads\/2015\/11\/45db9bd09a1127c58e7f64772cdf87d0.jpg","width":851,"height":571},{"@type":"BreadcrumbList","@id":"https:\/\/pagina10.com\/web\/sin-cal-ni-espuma-carnaval\/#breadcrumb","itemListElement":[{"@type":"ListItem","position":1,"name":"Portada","item":"https:\/\/pagina10.com\/web\/"},{"@type":"ListItem","position":2,"name":"Sin cal ni espuma carnaval"}]},{"@type":"WebSite","@id":"https:\/\/pagina10.com\/web\/#website","url":"https:\/\/pagina10.com\/web\/","name":"P\u00e1gina10","description":"Peri\u00f3dico Regional","publisher":{"@id":"https:\/\/pagina10.com\/web\/#organization"},"alternateName":"P\u00e1gina10 Peri\u00f3dico Regional","potentialAction":[{"@type":"SearchAction","target":{"@type":"EntryPoint","urlTemplate":"https:\/\/pagina10.com\/web\/?s={search_term_string}"},"query-input":{"@type":"PropertyValueSpecification","valueRequired":true,"valueName":"search_term_string"}}],"inLanguage":"es"},{"@type":"Organization","@id":"https:\/\/pagina10.com\/web\/#organization","name":"P\u00e1gina10","alternateName":"P\u00e1gina10 Peri\u00f3dico Regional","url":"https:\/\/pagina10.com\/web\/","logo":{"@type":"ImageObject","inLanguage":"es","@id":"https:\/\/pagina10.com\/web\/#\/schema\/logo\/image\/","url":"https:\/\/pagina10.com\/web\/wp-content\/uploads\/2024\/01\/40-pagina-10-periodico-regional-pasto.jpg","contentUrl":"https:\/\/pagina10.com\/web\/wp-content\/uploads\/2024\/01\/40-pagina-10-periodico-regional-pasto.jpg","width":1280,"height":720,"caption":"P\u00e1gina10"},"image":{"@id":"https:\/\/pagina10.com\/web\/#\/schema\/logo\/image\/"},"sameAs":["https:\/\/www.facebook.com\/pag10com","https:\/\/x.com\/Pag10com","https:\/\/www.instagram.com\/pagina10col\/","https:\/\/youtube.com\/channel\/pag10","https:\/\/www.tiktok.com\/@p10col"]},{"@type":"Person","@id":"https:\/\/pagina10.com\/web\/#\/schema\/person\/21249ac8e46fa849c3df7b78feed163e","name":"Columnista Invitado","url":"https:\/\/pagina10.com\/web\/author\/invitado\/"}]}},"_links":{"self":[{"href":"https:\/\/pagina10.com\/web\/wp-json\/wp\/v2\/posts\/18525","targetHints":{"allow":["GET"]}}],"collection":[{"href":"https:\/\/pagina10.com\/web\/wp-json\/wp\/v2\/posts"}],"about":[{"href":"https:\/\/pagina10.com\/web\/wp-json\/wp\/v2\/types\/post"}],"author":[{"embeddable":true,"href":"https:\/\/pagina10.com\/web\/wp-json\/wp\/v2\/users\/15"}],"replies":[{"embeddable":true,"href":"https:\/\/pagina10.com\/web\/wp-json\/wp\/v2\/comments?post=18525"}],"version-history":[{"count":0,"href":"https:\/\/pagina10.com\/web\/wp-json\/wp\/v2\/posts\/18525\/revisions"}],"wp:featuredmedia":[{"embeddable":true,"href":"https:\/\/pagina10.com\/web\/wp-json\/wp\/v2\/media\/18524"}],"wp:attachment":[{"href":"https:\/\/pagina10.com\/web\/wp-json\/wp\/v2\/media?parent=18525"}],"wp:term":[{"taxonomy":"category","embeddable":true,"href":"https:\/\/pagina10.com\/web\/wp-json\/wp\/v2\/categories?post=18525"},{"taxonomy":"post_tag","embeddable":true,"href":"https:\/\/pagina10.com\/web\/wp-json\/wp\/v2\/tags?post=18525"}],"curies":[{"name":"wp","href":"https:\/\/api.w.org\/{rel}","templated":true}]}}